{"id":163328,"date":"2025-09-15T21:47:55","date_gmt":"2025-09-15T19:47:55","guid":{"rendered":"https:\/\/www.bellunopress.it\/?p=163328"},"modified":"2025-09-15T21:47:55","modified_gmt":"2025-09-15T19:47:55","slug":"lombra-dei-tagli-sulla-montagna-bellunese-la-sanita-promessa-e-poi-negata","status":"publish","type":"post","link":"https:\/\/www.bellunopress.it\/fr\/2025\/09\/15\/lombra-dei-tagli-sulla-montagna-bellunese-la-sanita-promessa-e-poi-negata\/","title":{"rendered":"L&#8217;ombra dei tagli sulla montagna bellunese: la sanit\u00e0 &#8220;promessa&#8221; e poi negata"},"content":{"rendered":"<p><img loading=\"lazy\" decoding=\"async\" class=\"aligncenter size-full wp-image-136316\" src=\"https:\/\/www.bellunopress.it\/wp-content\/uploads\/2022\/09\/Comitato-feltrino-per-il-diritto-alla-salute_edited.jpg\" alt=\"\" width=\"387\" height=\"296\" srcset=\"https:\/\/www.bellunopress.it\/wp-content\/uploads\/2022\/09\/Comitato-feltrino-per-il-diritto-alla-salute_edited.jpg 387w, https:\/\/www.bellunopress.it\/wp-content\/uploads\/2022\/09\/Comitato-feltrino-per-il-diritto-alla-salute_edited-80x60.jpg 80w\" sizes=\"auto, (max-width: 387px) 100vw, 387px\" \/>Feltre, 15 settembre 2025 &#8211;\u00a0 La campagna elettorale \u00e8 in pieno svolgimento, o forse non \u00e8 mai finita, e con essa torna il &#8220;campionato&#8221; delle promesse pi\u00f9 altisonanti. Ma mentre i partiti si affannano a presidiare il territorio in vista delle elezioni regionali, la realt\u00e0 quotidiana bussa alla porta, e lo fa in modo impietoso: i servizi essenziali, a partire dalla sanit\u00e0, sono sotto attacco.<\/p>\n<p><strong>La montagna &#8220;migrante&#8221; per curarsi<\/strong><br \/>\nIl Comitato di sanit\u00e0 pubblica di Feltre, in un&#8217;accusa che suona come un grido d&#8217;allarme, punta il dito contro una retorica politica fatta di rassicurazioni e promesse di fondi, che per\u00f2 non si traducono in fatti concreti. Le risorse per la cosa pubblica diminuiscono e i comuni sono costretti a tagliare i servizi, con le conseguenze pi\u00f9 pesanti che ricadono sui cittadini pi\u00f9 fragili.<\/p>\n<p>La denuncia si concentra in particolare sulla sanit\u00e0. Se prima le preoccupazioni riguardavano le liste d&#8217;attesa o la mappatura dei nei, oggi si parla di decisioni che potrebbero portare alla perdita del reparto di chirurgia per l&#8217;asportazione di alcune tipologie di tumori. L&#8217;accusa \u00e8 forte: per gli interventi chirurgici, nemmeno l&#8217;AULSS1 supererebbe i minimi richiesti, costringendo i pazienti a &#8220;migrare&#8221; verso altre citt\u00e0 come Treviso, Pordenone, Padova o addirittura Pisa.<\/p>\n<p>Un medico invita i cittadini a &#8220;arrabbiarsi per pretendere i servizi&#8221;. L&#8217;interrogativo che si pone \u00e8 drammatico: siamo disposti ad accettare che la cura diventi un viaggio della speranza, con costi e sacrifici per chi assiste i malati? Il Comitato ricorda la &#8220;strategia di Mussolini&#8221; che spostava aerei da un aeroporto all&#8217;altro per dimostrare una flotta inesistente, paragonando questa manovra a quella dei presunti fondi che arrivano sul territorio ma che non portano nulla di nuovo.<\/p>\n<p><strong>Lo spopolamento e la perdita dei servizi<\/strong><br \/>\nLa questione non riguarda solo il capoluogo o la Valbelluna, ma l&#8217;intero territorio montano. La perdita del punto nascite di Pieve di Cadore \u00e8 un precedente che fa riflettere, con la paura che un destino simile possa toccare al reparto del San Martino di Belluno, che vede un numero di parti sempre pi\u00f9 vicino alla soglia critica. E le domande si moltiplicano: cosa accadr\u00e0 alla senologia di Feltre, alla psichiatria di Pieve e Feltre, o alla chirurgia oncologica? Si chiuderanno, si accorperanno, si costringer\u00e0 la gente ad andare altrove?<\/p>\n<p>Il Comitato denuncia che &#8220;ogni volta che si \u00e8 &#8216;sospeso&#8217; (perch\u00e9 la parola &#8216;chiudere&#8217; fa perdere voti) si \u00e8 perso tanto&#8221;. La salute non pu\u00f2 essere un gioco al ribasso, un concetto di &#8220;vita mea, mors tua&#8221;, n\u00e9 una questione che non ci tocca.<\/p>\n<p>Il Comitato feltrino per il Diritto alla Salute lancia un appello ai cittadini: &#8220;Vogliamo provare a cambiare qualcosa?&#8221;. La richiesta \u00e8 di unirsi, di lavorare per il territorio e di non restare in silenzio di fronte a un progressivo smantellamento dei servizi essenziali. L&#8217;invito \u00e8 a scrivere a sanitabellunese@gmail.com, perch\u00e9 la protesta e la mobilitazione non si fermino alle parole.<\/p>","protected":false},"excerpt":{"rendered":"<p>Feltre, 15 settembre 2025 &#8211;\u00a0 La campagna elettorale \u00e8 in pieno svolgimento, o forse non \u00e8 mai finita, e con essa torna il &#8220;campionato&#8221; delle promesse pi\u00f9 altisonanti. Ma mentre i partiti si affannano a presidiare il territorio in vista delle elezioni regionali, la realt\u00e0 quotidiana bussa alla porta, e lo fa in modo impietoso: [&hellip;]<\/p>\n","protected":false},"author":2,"featured_media":151167,"comment_status":"closed","ping_status":"open","sticky":false,"template":"","format":"standard","meta":{"footnotes":""},"categories":[26,17],"tags":[],"class_list":["post-163328","post","type-post","status-publish","format-standard","has-post-thumbnail","category-prima-pagina","category-sanita"],"yoast_head":"<!-- This site is optimized with the Yoast SEO plugin v28.4 - https:\/\/yoast.com\/product\/yoast-seo-wordpress\/ -->\n<title>L&#039;ombra dei tagli sulla montagna bellunese: la sanit\u00e0 &quot;promessa&quot; e poi negata - Bellunopress - Dolomiti<\/title>\n<meta name=\"robots\" content=\"index, follow, max-snippet:-1, max-image-preview:large, max-video-preview:-1\" \/>\n<link rel=\"canonical\" href=\"https:\/\/www.bellunopress.it\/fr\/2025\/09\/15\/lombra-dei-tagli-sulla-montagna-bellunese-la-sanita-promessa-e-poi-negata\/\" \/>\n<meta property=\"og:locale\" content=\"fr_FR\" \/>\n<meta property=\"og:type\" content=\"article\" \/>\n<meta property=\"og:title\" content=\"L&#039;ombra dei tagli sulla montagna bellunese: la sanit\u00e0 &quot;promessa&quot; e poi negata - Bellunopress - Dolomiti\" \/>\n<meta property=\"og:description\" content=\"Feltre, 15 settembre 2025 &#8211;\u00a0 La campagna elettorale \u00e8 in pieno svolgimento, o forse non \u00e8 mai finita, e con essa torna il &#8220;campionato&#8221; delle promesse pi\u00f9 altisonanti. Ma mentre i partiti si affannano a presidiare il territorio in vista delle elezioni regionali, la realt\u00e0 quotidiana bussa alla porta, e lo fa in modo impietoso: [&hellip;]\" \/>\n<meta property=\"og:url\" content=\"https:\/\/www.bellunopress.it\/fr\/2025\/09\/15\/lombra-dei-tagli-sulla-montagna-bellunese-la-sanita-promessa-e-poi-negata\/\" \/>\n<meta property=\"og:site_name\" content=\"Bellunopress - Dolomiti\" \/>\n<meta property=\"article:publisher\" content=\"https:\/\/www.facebook.com\/profile.php?id=100008943462799\" \/>\n<meta property=\"article:published_time\" content=\"2025-09-15T19:47:55+00:00\" \/>\n<meta property=\"og:image\" content=\"https:\/\/www.bellunopress.it\/wp-content\/uploads\/2024\/05\/comitato-feltrino-per-il-diritto-alla-salute.jpg\" \/>\n\t<meta property=\"og:image:width\" content=\"510\" \/>\n\t<meta property=\"og:image:height\" content=\"401\" \/>\n\t<meta property=\"og:image:type\" content=\"image\/jpeg\" \/>\n<meta name=\"author\" content=\"redazione\" \/>\n<meta name=\"twitter:card\" content=\"summary_large_image\" \/>\n<meta name=\"twitter:creator\" content=\"@bellunopress\" \/>\n<meta name=\"twitter:site\" content=\"@bellunopress\" \/>\n<meta name=\"twitter:label1\" content=\"\u00c9crit par\" \/>\n\t<meta name=\"twitter:data1\" content=\"redazione\" \/>\n\t<meta name=\"twitter:label2\" content=\"Dur\u00e9e de lecture estim\u00e9e\" \/>\n\t<meta name=\"twitter:data2\" content=\"2 minutes\" \/>\n<script type=\"application\/ld+json\" class=\"yoast-schema-graph\">{\"@context\":\"https:\\\/\\\/schema.org\",\"@graph\":[{\"@type\":\"Article\",\"@id\":\"https:\\\/\\\/www.bellunopress.it\\\/2025\\\/09\\\/15\\\/lombra-dei-tagli-sulla-montagna-bellunese-la-sanita-promessa-e-poi-negata\\\/#article\",\"isPartOf\":{\"@id\":\"https:\\\/\\\/www.bellunopress.it\\\/2025\\\/09\\\/15\\\/lombra-dei-tagli-sulla-montagna-bellunese-la-sanita-promessa-e-poi-negata\\\/\"},\"author\":{\"name\":\"redazione\",\"@id\":\"https:\\\/\\\/www.bellunopress.it\\\/#\\\/schema\\\/person\\\/79bb06722b37ece1c03d3e94beb30d73\"},\"headline\":\"L&#8217;ombra dei tagli sulla montagna bellunese: la sanit\u00e0 &#8220;promessa&#8221; e poi negata\",\"datePublished\":\"2025-09-15T19:47:55+00:00\",\"mainEntityOfPage\":{\"@id\":\"https:\\\/\\\/www.bellunopress.it\\\/2025\\\/09\\\/15\\\/lombra-dei-tagli-sulla-montagna-bellunese-la-sanita-promessa-e-poi-negata\\\/\"},\"wordCount\":494,\"publisher\":{\"@id\":\"https:\\\/\\\/www.bellunopress.it\\\/#organization\"},\"image\":{\"@id\":\"https:\\\/\\\/www.bellunopress.it\\\/2025\\\/09\\\/15\\\/lombra-dei-tagli-sulla-montagna-bellunese-la-sanita-promessa-e-poi-negata\\\/#primaryimage\"},\"thumbnailUrl\":\"https:\\\/\\\/www.bellunopress.it\\\/wp-content\\\/uploads\\\/2024\\\/05\\\/comitato-feltrino-per-il-diritto-alla-salute.jpg\",\"articleSection\":[\"Prima Pagina\",\"Sanit\u00e0 Medicina\"],\"inLanguage\":\"fr-FR\"},{\"@type\":\"WebPage\",\"@id\":\"https:\\\/\\\/www.bellunopress.it\\\/2025\\\/09\\\/15\\\/lombra-dei-tagli-sulla-montagna-bellunese-la-sanita-promessa-e-poi-negata\\\/\",\"url\":\"https:\\\/\\\/www.bellunopress.it\\\/2025\\\/09\\\/15\\\/lombra-dei-tagli-sulla-montagna-bellunese-la-sanita-promessa-e-poi-negata\\\/\",\"name\":\"L'ombra dei tagli sulla montagna bellunese: la sanit\u00e0 \\\"promessa\\\" e poi negata - Bellunopress - Dolomiti\",\"isPartOf\":{\"@id\":\"https:\\\/\\\/www.bellunopress.it\\\/#website\"},\"primaryImageOfPage\":{\"@id\":\"https:\\\/\\\/www.bellunopress.it\\\/2025\\\/09\\\/15\\\/lombra-dei-tagli-sulla-montagna-bellunese-la-sanita-promessa-e-poi-negata\\\/#primaryimage\"},\"image\":{\"@id\":\"https:\\\/\\\/www.bellunopress.it\\\/2025\\\/09\\\/15\\\/lombra-dei-tagli-sulla-montagna-bellunese-la-sanita-promessa-e-poi-negata\\\/#primaryimage\"},\"thumbnailUrl\":\"https:\\\/\\\/www.bellunopress.it\\\/wp-content\\\/uploads\\\/2024\\\/05\\\/comitato-feltrino-per-il-diritto-alla-salute.jpg\",\"datePublished\":\"2025-09-15T19:47:55+00:00\",\"breadcrumb\":{\"@id\":\"https:\\\/\\\/www.bellunopress.it\\\/2025\\\/09\\\/15\\\/lombra-dei-tagli-sulla-montagna-bellunese-la-sanita-promessa-e-poi-negata\\\/#breadcrumb\"},\"inLanguage\":\"fr-FR\",\"potentialAction\":[{\"@type\":\"ReadAction\",\"target\":[\"https:\\\/\\\/www.bellunopress.it\\\/2025\\\/09\\\/15\\\/lombra-dei-tagli-sulla-montagna-bellunese-la-sanita-promessa-e-poi-negata\\\/\"]}]},{\"@type\":\"ImageObject\",\"inLanguage\":\"fr-FR\",\"@id\":\"https:\\\/\\\/www.bellunopress.it\\\/2025\\\/09\\\/15\\\/lombra-dei-tagli-sulla-montagna-bellunese-la-sanita-promessa-e-poi-negata\\\/#primaryimage\",\"url\":\"https:\\\/\\\/www.bellunopress.it\\\/wp-content\\\/uploads\\\/2024\\\/05\\\/comitato-feltrino-per-il-diritto-alla-salute.jpg\",\"contentUrl\":\"https:\\\/\\\/www.bellunopress.it\\\/wp-content\\\/uploads\\\/2024\\\/05\\\/comitato-feltrino-per-il-diritto-alla-salute.jpg\",\"width\":510,\"height\":401},{\"@type\":\"BreadcrumbList\",\"@id\":\"https:\\\/\\\/www.bellunopress.it\\\/2025\\\/09\\\/15\\\/lombra-dei-tagli-sulla-montagna-bellunese-la-sanita-promessa-e-poi-negata\\\/#breadcrumb\",\"itemListElement\":[{\"@type\":\"ListItem\",\"position\":1,\"name\":\"Home\",\"item\":\"https:\\\/\\\/www.bellunopress.it\\\/\"},{\"@type\":\"ListItem\",\"position\":2,\"name\":\"L&#8217;ombra dei tagli sulla montagna bellunese: la sanit\u00e0 &#8220;promessa&#8221; e poi negata\"}]},{\"@type\":\"WebSite\",\"@id\":\"https:\\\/\\\/www.bellunopress.it\\\/#website\",\"url\":\"https:\\\/\\\/www.bellunopress.it\\\/\",\"name\":\"Bellunopress - Dolomiti\",\"description\":\"e-mail: redazione@bellunopress.it\",\"publisher\":{\"@id\":\"https:\\\/\\\/www.bellunopress.it\\\/#organization\"},\"potentialAction\":[{\"@type\":\"SearchAction\",\"target\":{\"@type\":\"EntryPoint\",\"urlTemplate\":\"https:\\\/\\\/www.bellunopress.it\\\/?s={search_term_string}\"},\"query-input\":{\"@type\":\"PropertyValueSpecification\",\"valueRequired\":true,\"valueName\":\"search_term_string\"}}],\"inLanguage\":\"fr-FR\"},{\"@type\":\"Organization\",\"@id\":\"https:\\\/\\\/www.bellunopress.it\\\/#organization\",\"name\":\"Bellunopress\",\"url\":\"https:\\\/\\\/www.bellunopress.it\\\/\",\"logo\":{\"@type\":\"ImageObject\",\"inLanguage\":\"fr-FR\",\"@id\":\"https:\\\/\\\/www.bellunopress.it\\\/#\\\/schema\\\/logo\\\/image\\\/\",\"url\":\"https:\\\/\\\/www.bellunopress.it\\\/wp-content\\\/uploads\\\/2011\\\/05\\\/cropped-logo-bellunopress-.jpg\",\"contentUrl\":\"https:\\\/\\\/www.bellunopress.it\\\/wp-content\\\/uploads\\\/2011\\\/05\\\/cropped-logo-bellunopress-.jpg\",\"width\":512,\"height\":512,\"caption\":\"Bellunopress\"},\"image\":{\"@id\":\"https:\\\/\\\/www.bellunopress.it\\\/#\\\/schema\\\/logo\\\/image\\\/\"},\"sameAs\":[\"https:\\\/\\\/www.facebook.com\\\/profile.php?id=100008943462799\",\"https:\\\/\\\/x.com\\\/bellunopress\",\"https:\\\/\\\/www.linkedin.com\\\/hp\\\/?dnr=JBzUWaJfMUw8vbXJJ2tVW5-I3jZKvC4wsoxE&amp;amp;amp;amp;amp;amp;trk=nav_responsive_tab_home\",\"https:\\\/\\\/www.youtube.com\\\/channel\\\/UCxL0wu1uN0_3_7hGG0306cw\"]},{\"@type\":\"Person\",\"@id\":\"https:\\\/\\\/www.bellunopress.it\\\/#\\\/schema\\\/person\\\/79bb06722b37ece1c03d3e94beb30d73\",\"name\":\"redazione\",\"image\":{\"@type\":\"ImageObject\",\"inLanguage\":\"fr-FR\",\"@id\":\"https:\\\/\\\/secure.gravatar.com\\\/avatar\\\/37d968a2e67a6fd04c169c4bdef102d0bc5d31b2546345219e348575eb80e9a0?s=96&d=mm&r=g\",\"url\":\"https:\\\/\\\/secure.gravatar.com\\\/avatar\\\/37d968a2e67a6fd04c169c4bdef102d0bc5d31b2546345219e348575eb80e9a0?s=96&d=mm&r=g\",\"contentUrl\":\"https:\\\/\\\/secure.gravatar.com\\\/avatar\\\/37d968a2e67a6fd04c169c4bdef102d0bc5d31b2546345219e348575eb80e9a0?s=96&d=mm&r=g\",\"caption\":\"redazione\"},\"sameAs\":[\"http:\\\/\\\/www.bellunopress.it\",\"https:\\\/\\\/x.com\\\/bellunopress\"],\"url\":\"https:\\\/\\\/www.bellunopress.it\\\/fr\\\/author\\\/redazione\\\/\"}]}<\/script>\n<!-- \/ Yoast SEO plugin. -->","yoast_head_json":{"title":"L'ombra dei tagli sulla montagna bellunese: la sanit\u00e0 \"promessa\" e poi negata - Bellunopress - Dolomiti","robots":{"index":"index","follow":"follow","max-snippet":"max-snippet:-1","max-image-preview":"max-image-preview:large","max-video-preview":"max-video-preview:-1"},"canonical":"https:\/\/www.bellunopress.it\/fr\/2025\/09\/15\/lombra-dei-tagli-sulla-montagna-bellunese-la-sanita-promessa-e-poi-negata\/","og_locale":"fr_FR","og_type":"article","og_title":"L'ombra dei tagli sulla montagna bellunese: la sanit\u00e0 \"promessa\" e poi negata - Bellunopress - Dolomiti","og_description":"Feltre, 15 settembre 2025 &#8211;\u00a0 La campagna elettorale \u00e8 in pieno svolgimento, o forse non \u00e8 mai finita, e con essa torna il &#8220;campionato&#8221; delle promesse pi\u00f9 altisonanti. Ma mentre i partiti si affannano a presidiare il territorio in vista delle elezioni regionali, la realt\u00e0 quotidiana bussa alla porta, e lo fa in modo impietoso: [&hellip;]","og_url":"https:\/\/www.bellunopress.it\/fr\/2025\/09\/15\/lombra-dei-tagli-sulla-montagna-bellunese-la-sanita-promessa-e-poi-negata\/","og_site_name":"Bellunopress - Dolomiti","article_publisher":"https:\/\/www.facebook.com\/profile.php?id=100008943462799","article_published_time":"2025-09-15T19:47:55+00:00","og_image":[{"width":510,"height":401,"url":"https:\/\/www.bellunopress.it\/wp-content\/uploads\/2024\/05\/comitato-feltrino-per-il-diritto-alla-salute.jpg","type":"image\/jpeg"}],"author":"redazione","twitter_card":"summary_large_image","twitter_creator":"@bellunopress","twitter_site":"@bellunopress","twitter_misc":{"\u00c9crit par":"redazione","Dur\u00e9e de lecture estim\u00e9e":"2 minutes"},"schema":{"@context":"https:\/\/schema.org","@graph":[{"@type":"Article","@id":"https:\/\/www.bellunopress.it\/2025\/09\/15\/lombra-dei-tagli-sulla-montagna-bellunese-la-sanita-promessa-e-poi-negata\/#article","isPartOf":{"@id":"https:\/\/www.bellunopress.it\/2025\/09\/15\/lombra-dei-tagli-sulla-montagna-bellunese-la-sanita-promessa-e-poi-negata\/"},"author":{"name":"redazione","@id":"https:\/\/www.bellunopress.it\/#\/schema\/person\/79bb06722b37ece1c03d3e94beb30d73"},"headline":"L&#8217;ombra dei tagli sulla montagna bellunese: la sanit\u00e0 &#8220;promessa&#8221; e poi negata","datePublished":"2025-09-15T19:47:55+00:00","mainEntityOfPage":{"@id":"https:\/\/www.bellunopress.it\/2025\/09\/15\/lombra-dei-tagli-sulla-montagna-bellunese-la-sanita-promessa-e-poi-negata\/"},"wordCount":494,"publisher":{"@id":"https:\/\/www.bellunopress.it\/#organization"},"image":{"@id":"https:\/\/www.bellunopress.it\/2025\/09\/15\/lombra-dei-tagli-sulla-montagna-bellunese-la-sanita-promessa-e-poi-negata\/#primaryimage"},"thumbnailUrl":"https:\/\/www.bellunopress.it\/wp-content\/uploads\/2024\/05\/comitato-feltrino-per-il-diritto-alla-salute.jpg","articleSection":["Prima Pagina","Sanit\u00e0 Medicina"],"inLanguage":"fr-FR"},{"@type":"WebPage","@id":"https:\/\/www.bellunopress.it\/2025\/09\/15\/lombra-dei-tagli-sulla-montagna-bellunese-la-sanita-promessa-e-poi-negata\/","url":"https:\/\/www.bellunopress.it\/2025\/09\/15\/lombra-dei-tagli-sulla-montagna-bellunese-la-sanita-promessa-e-poi-negata\/","name":"L'ombra dei tagli sulla montagna bellunese: la sanit\u00e0 \"promessa\" e poi negata - Bellunopress - Dolomiti","isPartOf":{"@id":"https:\/\/www.bellunopress.it\/#website"},"primaryImageOfPage":{"@id":"https:\/\/www.bellunopress.it\/2025\/09\/15\/lombra-dei-tagli-sulla-montagna-bellunese-la-sanita-promessa-e-poi-negata\/#primaryimage"},"image":{"@id":"https:\/\/www.bellunopress.it\/2025\/09\/15\/lombra-dei-tagli-sulla-montagna-bellunese-la-sanita-promessa-e-poi-negata\/#primaryimage"},"thumbnailUrl":"https:\/\/www.bellunopress.it\/wp-content\/uploads\/2024\/05\/comitato-feltrino-per-il-diritto-alla-salute.jpg","datePublished":"2025-09-15T19:47:55+00:00","breadcrumb":{"@id":"https:\/\/www.bellunopress.it\/2025\/09\/15\/lombra-dei-tagli-sulla-montagna-bellunese-la-sanita-promessa-e-poi-negata\/#breadcrumb"},"inLanguage":"fr-FR","potentialAction":[{"@type":"ReadAction","target":["https:\/\/www.bellunopress.it\/2025\/09\/15\/lombra-dei-tagli-sulla-montagna-bellunese-la-sanita-promessa-e-poi-negata\/"]}]},{"@type":"ImageObject","inLanguage":"fr-FR","@id":"https:\/\/www.bellunopress.it\/2025\/09\/15\/lombra-dei-tagli-sulla-montagna-bellunese-la-sanita-promessa-e-poi-negata\/#primaryimage","url":"https:\/\/www.bellunopress.it\/wp-content\/uploads\/2024\/05\/comitato-feltrino-per-il-diritto-alla-salute.jpg","contentUrl":"https:\/\/www.bellunopress.it\/wp-content\/uploads\/2024\/05\/comitato-feltrino-per-il-diritto-alla-salute.jpg","width":510,"height":401},{"@type":"BreadcrumbList","@id":"https:\/\/www.bellunopress.it\/2025\/09\/15\/lombra-dei-tagli-sulla-montagna-bellunese-la-sanita-promessa-e-poi-negata\/#breadcrumb","itemListElement":[{"@type":"ListItem","position":1,"name":"Home","item":"https:\/\/www.bellunopress.it\/"},{"@type":"ListItem","position":2,"name":"L&#8217;ombra dei tagli sulla montagna bellunese: la sanit\u00e0 &#8220;promessa&#8221; e poi negata"}]},{"@type":"WebSite","@id":"https:\/\/www.bellunopress.it\/#website","url":"https:\/\/www.bellunopress.it\/","name":"Bellunopress - Dolomiti","description":"e-mail: redazione@bellunopress.it","publisher":{"@id":"https:\/\/www.bellunopress.it\/#organization"},"potentialAction":[{"@type":"SearchAction","target":{"@type":"EntryPoint","urlTemplate":"https:\/\/www.bellunopress.it\/?s={search_term_string}"},"query-input":{"@type":"PropertyValueSpecification","valueRequired":true,"valueName":"search_term_string"}}],"inLanguage":"fr-FR"},{"@type":"Organization","@id":"https:\/\/www.bellunopress.it\/#organization","name":"Bellunopress","url":"https:\/\/www.bellunopress.it\/","logo":{"@type":"ImageObject","inLanguage":"fr-FR","@id":"https:\/\/www.bellunopress.it\/#\/schema\/logo\/image\/","url":"https:\/\/www.bellunopress.it\/wp-content\/uploads\/2011\/05\/cropped-logo-bellunopress-.jpg","contentUrl":"https:\/\/www.bellunopress.it\/wp-content\/uploads\/2011\/05\/cropped-logo-bellunopress-.jpg","width":512,"height":512,"caption":"Bellunopress"},"image":{"@id":"https:\/\/www.bellunopress.it\/#\/schema\/logo\/image\/"},"sameAs":["https:\/\/www.facebook.com\/profile.php?id=100008943462799","https:\/\/x.com\/bellunopress","https:\/\/www.linkedin.com\/hp\/?dnr=JBzUWaJfMUw8vbXJJ2tVW5-I3jZKvC4wsoxE&amp;amp;amp;amp;amp;amp;trk=nav_responsive_tab_home","https:\/\/www.youtube.com\/channel\/UCxL0wu1uN0_3_7hGG0306cw"]},{"@type":"Person","@id":"https:\/\/www.bellunopress.it\/#\/schema\/person\/79bb06722b37ece1c03d3e94beb30d73","name":"r\u00e9daction","image":{"@type":"ImageObject","inLanguage":"fr-FR","@id":"https:\/\/secure.gravatar.com\/avatar\/37d968a2e67a6fd04c169c4bdef102d0bc5d31b2546345219e348575eb80e9a0?s=96&d=mm&r=g","url":"https:\/\/secure.gravatar.com\/avatar\/37d968a2e67a6fd04c169c4bdef102d0bc5d31b2546345219e348575eb80e9a0?s=96&d=mm&r=g","contentUrl":"https:\/\/secure.gravatar.com\/avatar\/37d968a2e67a6fd04c169c4bdef102d0bc5d31b2546345219e348575eb80e9a0?s=96&d=mm&r=g","caption":"redazione"},"sameAs":["http:\/\/www.bellunopress.it","https:\/\/x.com\/bellunopress"],"url":"https:\/\/www.bellunopress.it\/fr\/author\/redazione\/"}]}},"_links":{"self":[{"href":"https:\/\/www.bellunopress.it\/fr\/wp-json\/wp\/v2\/posts\/163328","targetHints":{"allow":["GET"]}}],"collection":[{"href":"https:\/\/www.bellunopress.it\/fr\/wp-json\/wp\/v2\/posts"}],"about":[{"href":"https:\/\/www.bellunopress.it\/fr\/wp-json\/wp\/v2\/types\/post"}],"author":[{"embeddable":true,"href":"https:\/\/www.bellunopress.it\/fr\/wp-json\/wp\/v2\/users\/2"}],"replies":[{"embeddable":true,"href":"https:\/\/www.bellunopress.it\/fr\/wp-json\/wp\/v2\/comments?post=163328"}],"version-history":[{"count":1,"href":"https:\/\/www.bellunopress.it\/fr\/wp-json\/wp\/v2\/posts\/163328\/revisions"}],"predecessor-version":[{"id":163329,"href":"https:\/\/www.bellunopress.it\/fr\/wp-json\/wp\/v2\/posts\/163328\/revisions\/163329"}],"wp:featuredmedia":[{"embeddable":true,"href":"https:\/\/www.bellunopress.it\/fr\/wp-json\/wp\/v2\/media\/151167"}],"wp:attachment":[{"href":"https:\/\/www.bellunopress.it\/fr\/wp-json\/wp\/v2\/media?parent=163328"}],"wp:term":[{"taxonomy":"category","embeddable":true,"href":"https:\/\/www.bellunopress.it\/fr\/wp-json\/wp\/v2\/categories?post=163328"},{"taxonomy":"post_tag","embeddable":true,"href":"https:\/\/www.bellunopress.it\/fr\/wp-json\/wp\/v2\/tags?post=163328"}],"curies":[{"name":"wp","href":"https:\/\/api.w.org\/{rel}","templated":true}]}}