{"id":163323,"date":"2025-09-15T16:16:43","date_gmt":"2025-09-15T14:16:43","guid":{"rendered":"https:\/\/www.bellunopress.it\/?p=163323"},"modified":"2025-09-15T16:16:43","modified_gmt":"2025-09-15T14:16:43","slug":"dolomiti-un-mondo-che-si-muove-apre-la-strada-alle-paralimpiadi","status":"publish","type":"post","link":"https:\/\/www.bellunopress.it\/fr\/2025\/09\/15\/dolomiti-un-mondo-che-si-muove-apre-la-strada-alle-paralimpiadi\/","title":{"rendered":"Dolomiti, &#8220;Un Mondo che si Muove&#8221; apre la strada alle Paralimpiadi"},"content":{"rendered":"<figure id=\"attachment_112879\" aria-describedby=\"caption-attachment-112879\" style=\"width: 800px\" class=\"wp-caption aligncenter\"><img loading=\"lazy\" decoding=\"async\" class=\"size-full wp-image-112879\" src=\"https:\/\/www.bellunopress.it\/wp-content\/uploads\/2020\/03\/museo-Fulcis-facciata-esterna.jpg\" alt=\"\" width=\"800\" height=\"772\" srcset=\"https:\/\/www.bellunopress.it\/wp-content\/uploads\/2020\/03\/museo-Fulcis-facciata-esterna.jpg 800w, https:\/\/www.bellunopress.it\/wp-content\/uploads\/2020\/03\/museo-Fulcis-facciata-esterna-500x483.jpg 500w, https:\/\/www.bellunopress.it\/wp-content\/uploads\/2020\/03\/museo-Fulcis-facciata-esterna-696x672.jpg 696w, https:\/\/www.bellunopress.it\/wp-content\/uploads\/2020\/03\/museo-Fulcis-facciata-esterna-435x420.jpg 435w\" sizes=\"auto, (max-width: 800px) 100vw, 800px\" \/><figcaption id=\"caption-attachment-112879\" class=\"wp-caption-text\">Museo Fulcis &#8211; Belluno<\/figcaption><\/figure>\n<p><strong>Belluno pronta ad accogliere l\u2019evento multi-esperienziale dedicato al turismo accessibile<\/strong><\/p>\n<p>Belluno, 15 settembre 2025 &#8211; Le Dolomiti Bellunesi e Cadorine si preparano a diventare il palcoscenico esclusivo della seconda edizione di \u201cUn Mondo che si Muove\u201d, un evento multi-esperienziale che dal 18 al 21 settembre accender\u00e0 i riflettori sul tema del turismo accessibile e dell\u2019inclusione. La manifestazione, organizzata congiuntamente dal Comune di Belluno e dalla Fondazione Efesto, si presenta come un importante apripista in vista delle Paralimpiadi di Cortina del 2026.<\/p>\n<p>La conferenza stampa di lancio si \u00e8 tenuta questa mattina a Palazzo Fulcis, sede del Museo di Belluno, alla presenza di numerose autorit\u00e0 e rappresentanti degli enti locali. Il sindaco di Belluno, Oscar De Pellegrin, ha sottolineato come l\u2019evento sia fondamentale per abbattere non solo le barriere architettoniche, ma soprattutto quelle culturali. &#8220;Le Paralimpiadi sono un\u2019opportunit\u00e0 irripetibile per lasciare un\u2019eredit\u00e0 di inclusione a questo territorio&#8221;, ha affermato De Pellegrin, &#8220;Dobbiamo essere uno stimolo per la societ\u00e0 agendo, non solo parlando&#8221;.<\/p>\n<p>Gli ha fatto eco l&#8217;assessore Lorenza de Kunovich, che ha una delega speciale per la manifestazione, evidenziando il forte coinvolgimento della citt\u00e0 e la necessit\u00e0 di prepararsi &#8220;ad essere accoglienti davvero&#8221;. Anche il Presidente della Provincia, Roberto Padrin, ha ribadito l&#8217;impegno del territorio a diventare un simbolo dell\u2019inclusione, &#8220;perch\u00e9 insieme si costruiscono le cose belle&#8221;.<\/p>\n<p>L&#8217;importanza dell&#8217;iniziativa in chiave paralimpica \u00e8 stata rimarcata da Davide Giorgi, presidente del Comitato Italiano Paralimpico del Veneto, che ha spiegato come questo evento tracci la direzione di un percorso culturale necessario. &#8220;Abbiamo bisogno di un cambiamento che veda investimenti futuri, economici, politici e culturali&#8221;, ha dichiarato Giorgi.<\/p>\n<p><strong>Un viaggio a 360 gradi tra natura, cultura e sport<\/strong><\/p>\n<p>Matteo Gobbo Trioli, segretario generale della Fondazione Efesto, ha illustrato i dettagli del programma che coinvolger\u00e0 42 partecipanti, un aumento del 30% rispetto all&#8217;anno scorso. &#8220;Non si tratta di una vacanza per persone con disabilit\u00e0, ma di una visione nuova da sperimentare e condividere&#8221;, ha spiegato, sottolineando l&#8217;obiettivo di sensibilizzare gli operatori economici e i cittadini. Un primo risultato \u00e8 gi\u00e0 stato annunciato: la disponibilit\u00e0 di camere accessibili presso l&#8217;ex Villaggio Eni per le future edizioni.<\/p>\n<p>Il viaggio partir\u00e0 gioved\u00ec 18 settembre da Belluno, con l&#8217;inaugurazione del parco pubblico inclusivo &#8220;L\u2019isola che non c\u2019\u00e8&#8221; e la piantumazione de \u201cL\u2019albero del cammino\u201d, simbolo del percorso intrapreso. Nel pomeriggio, la carovana si sposter\u00e0 a Longarone per visitare la diga del Vajont.<\/p>\n<p>Venerd\u00ec 19, i partecipanti saranno a Pieve di Cadore per un laboratorio con cani-guida e un incontro con lo sportivo paralimpico Moreno Pesce, che condivider\u00e0 la sua esperienza. Seguiranno momenti dedicati all\u2019arte inclusiva e una passeggiata tra i suggestivi murales di Cibiana.<\/p>\n<p>Sabato 20, Moreno Pesce guider\u00e0 una camminata nella Foresta di Somadida ad Auronzo di Cadore, seguita da un\u2019esperienza di Nordic Walking. La giornata si concluder\u00e0 con musica e danza inclusive e una cena gourmet.<\/p>\n<p>Il gran finale di domenica 21 vedr\u00e0 un\u2019insolita sfilata di supercar dell&#8217;Associazione Magnifica Auto da Auronzo a Pieve di Cadore. La manifestazione si chiuder\u00e0 con un dibattito sullo sport paralimpico, un momento di riflessione cruciale con i testimonial del Comitato Italiano Paralimpico.<\/p>\n<p>&#8220;Noi persone con una disabilit\u00e0 siamo semplicemente persone da rispettare&#8221;, ha concluso Moreno Pesce, ribadendo che l&#8217;obiettivo dell&#8217;iniziativa \u00e8 quello di diffondere una cultura del rispetto, partendo da gesti semplici ma significativi. &#8220;Ogni grande passaggio culturale nasce dalle cose pi\u00f9 immediate&#8221;.<\/p>","protected":false},"excerpt":{"rendered":"<p>Belluno pronta ad accogliere l\u2019evento multi-esperienziale dedicato al turismo accessibile Belluno, 15 settembre 2025 &#8211; Le Dolomiti Bellunesi e Cadorine si preparano a diventare il palcoscenico esclusivo della seconda edizione di \u201cUn Mondo che si Muove\u201d, un evento multi-esperienziale che dal 18 al 21 settembre accender\u00e0 i riflettori sul tema del turismo accessibile e dell\u2019inclusione. [&hellip;]<\/p>\n","protected":false},"author":2,"featured_media":112879,"comment_status":"closed","ping_status":"open","sticky":false,"template":"","format":"standard","meta":{"footnotes":""},"categories":[3446,50,8],"tags":[],"class_list":["post-163323","post","type-post","status-publish","format-standard","has-post-thumbnail","category-featured","category-pubbliredazionali","category-societa-istituzioni"],"yoast_head":"<!-- This site is optimized with the Yoast SEO plugin v28.4 - https:\/\/yoast.com\/product\/yoast-seo-wordpress\/ -->\n<title>Dolomiti, &quot;Un Mondo che si Muove&quot; apre la strada alle Paralimpiadi - Bellunopress - Dolomiti<\/title>\n<meta name=\"robots\" content=\"index, follow, max-snippet:-1, max-image-preview:large, max-video-preview:-1\" \/>\n<link rel=\"canonical\" href=\"https:\/\/www.bellunopress.it\/fr\/2025\/09\/15\/dolomiti-un-mondo-che-si-muove-apre-la-strada-alle-paralimpiadi\/\" \/>\n<meta property=\"og:locale\" content=\"fr_FR\" \/>\n<meta property=\"og:type\" content=\"article\" \/>\n<meta property=\"og:title\" content=\"Dolomiti, &quot;Un Mondo che si Muove&quot; apre la strada alle Paralimpiadi - Bellunopress - Dolomiti\" \/>\n<meta property=\"og:description\" content=\"Belluno pronta ad accogliere l\u2019evento multi-esperienziale dedicato al turismo accessibile Belluno, 15 settembre 2025 &#8211; Le Dolomiti Bellunesi e Cadorine si preparano a diventare il palcoscenico esclusivo della seconda edizione di \u201cUn Mondo che si Muove\u201d, un evento multi-esperienziale che dal 18 al 21 settembre accender\u00e0 i riflettori sul tema del turismo accessibile e dell\u2019inclusione. [&hellip;]\" \/>\n<meta property=\"og:url\" content=\"https:\/\/www.bellunopress.it\/fr\/2025\/09\/15\/dolomiti-un-mondo-che-si-muove-apre-la-strada-alle-paralimpiadi\/\" \/>\n<meta property=\"og:site_name\" content=\"Bellunopress - Dolomiti\" \/>\n<meta property=\"article:publisher\" content=\"https:\/\/www.facebook.com\/profile.php?id=100008943462799\" \/>\n<meta property=\"article:published_time\" content=\"2025-09-15T14:16:43+00:00\" \/>\n<meta property=\"og:image\" content=\"https:\/\/www.bellunopress.it\/wp-content\/uploads\/2020\/03\/museo-Fulcis-facciata-esterna.jpg\" \/>\n\t<meta property=\"og:image:width\" content=\"800\" \/>\n\t<meta property=\"og:image:height\" content=\"772\" \/>\n\t<meta property=\"og:image:type\" content=\"image\/jpeg\" \/>\n<meta name=\"author\" content=\"redazione\" \/>\n<meta name=\"twitter:card\" content=\"summary_large_image\" \/>\n<meta name=\"twitter:creator\" content=\"@bellunopress\" \/>\n<meta name=\"twitter:site\" content=\"@bellunopress\" \/>\n<meta name=\"twitter:label1\" content=\"Written by\" \/>\n\t<meta name=\"twitter:data1\" content=\"redazione\" \/>\n\t<meta name=\"twitter:label2\" content=\"Est. reading time\" \/>\n\t<meta name=\"twitter:data2\" content=\"3 minutes\" \/>\n<script type=\"application\/ld+json\" class=\"yoast-schema-graph\">{\"@context\":\"https:\\\/\\\/schema.org\",\"@graph\":[{\"@type\":\"Article\",\"@id\":\"https:\\\/\\\/www.bellunopress.it\\\/2025\\\/09\\\/15\\\/dolomiti-un-mondo-che-si-muove-apre-la-strada-alle-paralimpiadi\\\/#article\",\"isPartOf\":{\"@id\":\"https:\\\/\\\/www.bellunopress.it\\\/2025\\\/09\\\/15\\\/dolomiti-un-mondo-che-si-muove-apre-la-strada-alle-paralimpiadi\\\/\"},\"author\":{\"name\":\"redazione\",\"@id\":\"https:\\\/\\\/www.bellunopress.it\\\/#\\\/schema\\\/person\\\/79bb06722b37ece1c03d3e94beb30d73\"},\"headline\":\"Dolomiti, &#8220;Un Mondo che si Muove&#8221; apre la strada alle Paralimpiadi\",\"datePublished\":\"2025-09-15T14:16:43+00:00\",\"mainEntityOfPage\":{\"@id\":\"https:\\\/\\\/www.bellunopress.it\\\/2025\\\/09\\\/15\\\/dolomiti-un-mondo-che-si-muove-apre-la-strada-alle-paralimpiadi\\\/\"},\"wordCount\":580,\"publisher\":{\"@id\":\"https:\\\/\\\/www.bellunopress.it\\\/#organization\"},\"image\":{\"@id\":\"https:\\\/\\\/www.bellunopress.it\\\/2025\\\/09\\\/15\\\/dolomiti-un-mondo-che-si-muove-apre-la-strada-alle-paralimpiadi\\\/#primaryimage\"},\"thumbnailUrl\":\"https:\\\/\\\/www.bellunopress.it\\\/wp-content\\\/uploads\\\/2020\\\/03\\\/museo-Fulcis-facciata-esterna.jpg\",\"articleSection\":[\"Featured\",\"Pubbliredazionali\",\"Societ\u00e0, Associazioni, Istituzioni\"],\"inLanguage\":\"fr-FR\"},{\"@type\":\"WebPage\",\"@id\":\"https:\\\/\\\/www.bellunopress.it\\\/2025\\\/09\\\/15\\\/dolomiti-un-mondo-che-si-muove-apre-la-strada-alle-paralimpiadi\\\/\",\"url\":\"https:\\\/\\\/www.bellunopress.it\\\/2025\\\/09\\\/15\\\/dolomiti-un-mondo-che-si-muove-apre-la-strada-alle-paralimpiadi\\\/\",\"name\":\"Dolomiti, \\\"Un Mondo che si Muove\\\" apre la strada alle Paralimpiadi - Bellunopress - Dolomiti\",\"isPartOf\":{\"@id\":\"https:\\\/\\\/www.bellunopress.it\\\/#website\"},\"primaryImageOfPage\":{\"@id\":\"https:\\\/\\\/www.bellunopress.it\\\/2025\\\/09\\\/15\\\/dolomiti-un-mondo-che-si-muove-apre-la-strada-alle-paralimpiadi\\\/#primaryimage\"},\"image\":{\"@id\":\"https:\\\/\\\/www.bellunopress.it\\\/2025\\\/09\\\/15\\\/dolomiti-un-mondo-che-si-muove-apre-la-strada-alle-paralimpiadi\\\/#primaryimage\"},\"thumbnailUrl\":\"https:\\\/\\\/www.bellunopress.it\\\/wp-content\\\/uploads\\\/2020\\\/03\\\/museo-Fulcis-facciata-esterna.jpg\",\"datePublished\":\"2025-09-15T14:16:43+00:00\",\"breadcrumb\":{\"@id\":\"https:\\\/\\\/www.bellunopress.it\\\/2025\\\/09\\\/15\\\/dolomiti-un-mondo-che-si-muove-apre-la-strada-alle-paralimpiadi\\\/#breadcrumb\"},\"inLanguage\":\"fr-FR\",\"potentialAction\":[{\"@type\":\"ReadAction\",\"target\":[\"https:\\\/\\\/www.bellunopress.it\\\/2025\\\/09\\\/15\\\/dolomiti-un-mondo-che-si-muove-apre-la-strada-alle-paralimpiadi\\\/\"]}]},{\"@type\":\"ImageObject\",\"inLanguage\":\"fr-FR\",\"@id\":\"https:\\\/\\\/www.bellunopress.it\\\/2025\\\/09\\\/15\\\/dolomiti-un-mondo-che-si-muove-apre-la-strada-alle-paralimpiadi\\\/#primaryimage\",\"url\":\"https:\\\/\\\/www.bellunopress.it\\\/wp-content\\\/uploads\\\/2020\\\/03\\\/museo-Fulcis-facciata-esterna.jpg\",\"contentUrl\":\"https:\\\/\\\/www.bellunopress.it\\\/wp-content\\\/uploads\\\/2020\\\/03\\\/museo-Fulcis-facciata-esterna.jpg\",\"width\":800,\"height\":772,\"caption\":\"Museo Fulcis - Belluno\"},{\"@type\":\"BreadcrumbList\",\"@id\":\"https:\\\/\\\/www.bellunopress.it\\\/2025\\\/09\\\/15\\\/dolomiti-un-mondo-che-si-muove-apre-la-strada-alle-paralimpiadi\\\/#breadcrumb\",\"itemListElement\":[{\"@type\":\"ListItem\",\"position\":1,\"name\":\"Home\",\"item\":\"https:\\\/\\\/www.bellunopress.it\\\/\"},{\"@type\":\"ListItem\",\"position\":2,\"name\":\"Dolomiti, &#8220;Un Mondo che si Muove&#8221; apre la strada alle Paralimpiadi\"}]},{\"@type\":\"WebSite\",\"@id\":\"https:\\\/\\\/www.bellunopress.it\\\/#website\",\"url\":\"https:\\\/\\\/www.bellunopress.it\\\/\",\"name\":\"Bellunopress - Dolomiti\",\"description\":\"e-mail: redazione@bellunopress.it\",\"publisher\":{\"@id\":\"https:\\\/\\\/www.bellunopress.it\\\/#organization\"},\"potentialAction\":[{\"@type\":\"SearchAction\",\"target\":{\"@type\":\"EntryPoint\",\"urlTemplate\":\"https:\\\/\\\/www.bellunopress.it\\\/?s={search_term_string}\"},\"query-input\":{\"@type\":\"PropertyValueSpecification\",\"valueRequired\":true,\"valueName\":\"search_term_string\"}}],\"inLanguage\":\"fr-FR\"},{\"@type\":\"Organization\",\"@id\":\"https:\\\/\\\/www.bellunopress.it\\\/#organization\",\"name\":\"Bellunopress\",\"url\":\"https:\\\/\\\/www.bellunopress.it\\\/\",\"logo\":{\"@type\":\"ImageObject\",\"inLanguage\":\"fr-FR\",\"@id\":\"https:\\\/\\\/www.bellunopress.it\\\/#\\\/schema\\\/logo\\\/image\\\/\",\"url\":\"https:\\\/\\\/www.bellunopress.it\\\/wp-content\\\/uploads\\\/2011\\\/05\\\/cropped-logo-bellunopress-.jpg\",\"contentUrl\":\"https:\\\/\\\/www.bellunopress.it\\\/wp-content\\\/uploads\\\/2011\\\/05\\\/cropped-logo-bellunopress-.jpg\",\"width\":512,\"height\":512,\"caption\":\"Bellunopress\"},\"image\":{\"@id\":\"https:\\\/\\\/www.bellunopress.it\\\/#\\\/schema\\\/logo\\\/image\\\/\"},\"sameAs\":[\"https:\\\/\\\/www.facebook.com\\\/profile.php?id=100008943462799\",\"https:\\\/\\\/x.com\\\/bellunopress\",\"https:\\\/\\\/www.linkedin.com\\\/hp\\\/?dnr=JBzUWaJfMUw8vbXJJ2tVW5-I3jZKvC4wsoxE&amp;amp;amp;amp;amp;amp;trk=nav_responsive_tab_home\",\"https:\\\/\\\/www.youtube.com\\\/channel\\\/UCxL0wu1uN0_3_7hGG0306cw\"]},{\"@type\":\"Person\",\"@id\":\"https:\\\/\\\/www.bellunopress.it\\\/#\\\/schema\\\/person\\\/79bb06722b37ece1c03d3e94beb30d73\",\"name\":\"redazione\",\"image\":{\"@type\":\"ImageObject\",\"inLanguage\":\"fr-FR\",\"@id\":\"https:\\\/\\\/secure.gravatar.com\\\/avatar\\\/37d968a2e67a6fd04c169c4bdef102d0bc5d31b2546345219e348575eb80e9a0?s=96&d=mm&r=g\",\"url\":\"https:\\\/\\\/secure.gravatar.com\\\/avatar\\\/37d968a2e67a6fd04c169c4bdef102d0bc5d31b2546345219e348575eb80e9a0?s=96&d=mm&r=g\",\"contentUrl\":\"https:\\\/\\\/secure.gravatar.com\\\/avatar\\\/37d968a2e67a6fd04c169c4bdef102d0bc5d31b2546345219e348575eb80e9a0?s=96&d=mm&r=g\",\"caption\":\"redazione\"},\"sameAs\":[\"http:\\\/\\\/www.bellunopress.it\",\"https:\\\/\\\/x.com\\\/bellunopress\"],\"url\":\"https:\\\/\\\/www.bellunopress.it\\\/fr\\\/author\\\/redazione\\\/\"}]}<\/script>\n<!-- \/ Yoast SEO plugin. -->","yoast_head_json":{"title":"Dolomiti, \"Un Mondo che si Muove\" apre la strada alle Paralimpiadi - Bellunopress - Dolomiti","robots":{"index":"index","follow":"follow","max-snippet":"max-snippet:-1","max-image-preview":"max-image-preview:large","max-video-preview":"max-video-preview:-1"},"canonical":"https:\/\/www.bellunopress.it\/fr\/2025\/09\/15\/dolomiti-un-mondo-che-si-muove-apre-la-strada-alle-paralimpiadi\/","og_locale":"fr_FR","og_type":"article","og_title":"Dolomiti, \"Un Mondo che si Muove\" apre la strada alle Paralimpiadi - Bellunopress - Dolomiti","og_description":"Belluno pronta ad accogliere l\u2019evento multi-esperienziale dedicato al turismo accessibile Belluno, 15 settembre 2025 &#8211; Le Dolomiti Bellunesi e Cadorine si preparano a diventare il palcoscenico esclusivo della seconda edizione di \u201cUn Mondo che si Muove\u201d, un evento multi-esperienziale che dal 18 al 21 settembre accender\u00e0 i riflettori sul tema del turismo accessibile e dell\u2019inclusione. [&hellip;]","og_url":"https:\/\/www.bellunopress.it\/fr\/2025\/09\/15\/dolomiti-un-mondo-che-si-muove-apre-la-strada-alle-paralimpiadi\/","og_site_name":"Bellunopress - Dolomiti","article_publisher":"https:\/\/www.facebook.com\/profile.php?id=100008943462799","article_published_time":"2025-09-15T14:16:43+00:00","og_image":[{"width":800,"height":772,"url":"https:\/\/www.bellunopress.it\/wp-content\/uploads\/2020\/03\/museo-Fulcis-facciata-esterna.jpg","type":"image\/jpeg"}],"author":"redazione","twitter_card":"summary_large_image","twitter_creator":"@bellunopress","twitter_site":"@bellunopress","twitter_misc":{"Written by":"redazione","Est. reading time":"3 minutes"},"schema":{"@context":"https:\/\/schema.org","@graph":[{"@type":"Article","@id":"https:\/\/www.bellunopress.it\/2025\/09\/15\/dolomiti-un-mondo-che-si-muove-apre-la-strada-alle-paralimpiadi\/#article","isPartOf":{"@id":"https:\/\/www.bellunopress.it\/2025\/09\/15\/dolomiti-un-mondo-che-si-muove-apre-la-strada-alle-paralimpiadi\/"},"author":{"name":"redazione","@id":"https:\/\/www.bellunopress.it\/#\/schema\/person\/79bb06722b37ece1c03d3e94beb30d73"},"headline":"Dolomiti, &#8220;Un Mondo che si Muove&#8221; apre la strada alle Paralimpiadi","datePublished":"2025-09-15T14:16:43+00:00","mainEntityOfPage":{"@id":"https:\/\/www.bellunopress.it\/2025\/09\/15\/dolomiti-un-mondo-che-si-muove-apre-la-strada-alle-paralimpiadi\/"},"wordCount":580,"publisher":{"@id":"https:\/\/www.bellunopress.it\/#organization"},"image":{"@id":"https:\/\/www.bellunopress.it\/2025\/09\/15\/dolomiti-un-mondo-che-si-muove-apre-la-strada-alle-paralimpiadi\/#primaryimage"},"thumbnailUrl":"https:\/\/www.bellunopress.it\/wp-content\/uploads\/2020\/03\/museo-Fulcis-facciata-esterna.jpg","articleSection":["Featured","Pubbliredazionali","Societ\u00e0, Associazioni, Istituzioni"],"inLanguage":"fr-FR"},{"@type":"WebPage","@id":"https:\/\/www.bellunopress.it\/2025\/09\/15\/dolomiti-un-mondo-che-si-muove-apre-la-strada-alle-paralimpiadi\/","url":"https:\/\/www.bellunopress.it\/2025\/09\/15\/dolomiti-un-mondo-che-si-muove-apre-la-strada-alle-paralimpiadi\/","name":"Dolomiti, \"Un Mondo che si Muove\" apre la strada alle Paralimpiadi - Bellunopress - Dolomiti","isPartOf":{"@id":"https:\/\/www.bellunopress.it\/#website"},"primaryImageOfPage":{"@id":"https:\/\/www.bellunopress.it\/2025\/09\/15\/dolomiti-un-mondo-che-si-muove-apre-la-strada-alle-paralimpiadi\/#primaryimage"},"image":{"@id":"https:\/\/www.bellunopress.it\/2025\/09\/15\/dolomiti-un-mondo-che-si-muove-apre-la-strada-alle-paralimpiadi\/#primaryimage"},"thumbnailUrl":"https:\/\/www.bellunopress.it\/wp-content\/uploads\/2020\/03\/museo-Fulcis-facciata-esterna.jpg","datePublished":"2025-09-15T14:16:43+00:00","breadcrumb":{"@id":"https:\/\/www.bellunopress.it\/2025\/09\/15\/dolomiti-un-mondo-che-si-muove-apre-la-strada-alle-paralimpiadi\/#breadcrumb"},"inLanguage":"fr-FR","potentialAction":[{"@type":"ReadAction","target":["https:\/\/www.bellunopress.it\/2025\/09\/15\/dolomiti-un-mondo-che-si-muove-apre-la-strada-alle-paralimpiadi\/"]}]},{"@type":"ImageObject","inLanguage":"fr-FR","@id":"https:\/\/www.bellunopress.it\/2025\/09\/15\/dolomiti-un-mondo-che-si-muove-apre-la-strada-alle-paralimpiadi\/#primaryimage","url":"https:\/\/www.bellunopress.it\/wp-content\/uploads\/2020\/03\/museo-Fulcis-facciata-esterna.jpg","contentUrl":"https:\/\/www.bellunopress.it\/wp-content\/uploads\/2020\/03\/museo-Fulcis-facciata-esterna.jpg","width":800,"height":772,"caption":"Museo Fulcis - Belluno"},{"@type":"BreadcrumbList","@id":"https:\/\/www.bellunopress.it\/2025\/09\/15\/dolomiti-un-mondo-che-si-muove-apre-la-strada-alle-paralimpiadi\/#breadcrumb","itemListElement":[{"@type":"ListItem","position":1,"name":"Home","item":"https:\/\/www.bellunopress.it\/"},{"@type":"ListItem","position":2,"name":"Dolomiti, &#8220;Un Mondo che si Muove&#8221; apre la strada alle Paralimpiadi"}]},{"@type":"WebSite","@id":"https:\/\/www.bellunopress.it\/#website","url":"https:\/\/www.bellunopress.it\/","name":"Bellunopress - Dolomiti","description":"e-mail: redazione@bellunopress.it","publisher":{"@id":"https:\/\/www.bellunopress.it\/#organization"},"potentialAction":[{"@type":"SearchAction","target":{"@type":"EntryPoint","urlTemplate":"https:\/\/www.bellunopress.it\/?s={search_term_string}"},"query-input":{"@type":"PropertyValueSpecification","valueRequired":true,"valueName":"search_term_string"}}],"inLanguage":"fr-FR"},{"@type":"Organization","@id":"https:\/\/www.bellunopress.it\/#organization","name":"Bellunopress","url":"https:\/\/www.bellunopress.it\/","logo":{"@type":"ImageObject","inLanguage":"fr-FR","@id":"https:\/\/www.bellunopress.it\/#\/schema\/logo\/image\/","url":"https:\/\/www.bellunopress.it\/wp-content\/uploads\/2011\/05\/cropped-logo-bellunopress-.jpg","contentUrl":"https:\/\/www.bellunopress.it\/wp-content\/uploads\/2011\/05\/cropped-logo-bellunopress-.jpg","width":512,"height":512,"caption":"Bellunopress"},"image":{"@id":"https:\/\/www.bellunopress.it\/#\/schema\/logo\/image\/"},"sameAs":["https:\/\/www.facebook.com\/profile.php?id=100008943462799","https:\/\/x.com\/bellunopress","https:\/\/www.linkedin.com\/hp\/?dnr=JBzUWaJfMUw8vbXJJ2tVW5-I3jZKvC4wsoxE&amp;amp;amp;amp;amp;amp;trk=nav_responsive_tab_home","https:\/\/www.youtube.com\/channel\/UCxL0wu1uN0_3_7hGG0306cw"]},{"@type":"Person","@id":"https:\/\/www.bellunopress.it\/#\/schema\/person\/79bb06722b37ece1c03d3e94beb30d73","name":"r\u00e9daction","image":{"@type":"ImageObject","inLanguage":"fr-FR","@id":"https:\/\/secure.gravatar.com\/avatar\/37d968a2e67a6fd04c169c4bdef102d0bc5d31b2546345219e348575eb80e9a0?s=96&d=mm&r=g","url":"https:\/\/secure.gravatar.com\/avatar\/37d968a2e67a6fd04c169c4bdef102d0bc5d31b2546345219e348575eb80e9a0?s=96&d=mm&r=g","contentUrl":"https:\/\/secure.gravatar.com\/avatar\/37d968a2e67a6fd04c169c4bdef102d0bc5d31b2546345219e348575eb80e9a0?s=96&d=mm&r=g","caption":"redazione"},"sameAs":["http:\/\/www.bellunopress.it","https:\/\/x.com\/bellunopress"],"url":"https:\/\/www.bellunopress.it\/fr\/author\/redazione\/"}]}},"_links":{"self":[{"href":"https:\/\/www.bellunopress.it\/fr\/wp-json\/wp\/v2\/posts\/163323","targetHints":{"allow":["GET"]}}],"collection":[{"href":"https:\/\/www.bellunopress.it\/fr\/wp-json\/wp\/v2\/posts"}],"about":[{"href":"https:\/\/www.bellunopress.it\/fr\/wp-json\/wp\/v2\/types\/post"}],"author":[{"embeddable":true,"href":"https:\/\/www.bellunopress.it\/fr\/wp-json\/wp\/v2\/users\/2"}],"replies":[{"embeddable":true,"href":"https:\/\/www.bellunopress.it\/fr\/wp-json\/wp\/v2\/comments?post=163323"}],"version-history":[{"count":1,"href":"https:\/\/www.bellunopress.it\/fr\/wp-json\/wp\/v2\/posts\/163323\/revisions"}],"predecessor-version":[{"id":163324,"href":"https:\/\/www.bellunopress.it\/fr\/wp-json\/wp\/v2\/posts\/163323\/revisions\/163324"}],"wp:featuredmedia":[{"embeddable":true,"href":"https:\/\/www.bellunopress.it\/fr\/wp-json\/wp\/v2\/media\/112879"}],"wp:attachment":[{"href":"https:\/\/www.bellunopress.it\/fr\/wp-json\/wp\/v2\/media?parent=163323"}],"wp:term":[{"taxonomy":"category","embeddable":true,"href":"https:\/\/www.bellunopress.it\/fr\/wp-json\/wp\/v2\/categories?post=163323"},{"taxonomy":"post_tag","embeddable":true,"href":"https:\/\/www.bellunopress.it\/fr\/wp-json\/wp\/v2\/tags?post=163323"}],"curies":[{"name":"wp","href":"https:\/\/api.w.org\/{rel}","templated":true}]}}