{"id":163318,"date":"2025-09-15T14:17:07","date_gmt":"2025-09-15T12:17:07","guid":{"rendered":"https:\/\/www.bellunopress.it\/?p=163318"},"modified":"2025-09-15T14:17:07","modified_gmt":"2025-09-15T12:17:07","slug":"la-polizia-di-belluno-stringe-la-morsa-sulla-criminalita-giovanile","status":"publish","type":"post","link":"https:\/\/www.bellunopress.it\/fr\/2025\/09\/15\/la-polizia-di-belluno-stringe-la-morsa-sulla-criminalita-giovanile\/","title":{"rendered":"La polizia di Belluno stringe la morsa sulla criminalit\u00e0 giovanile"},"content":{"rendered":"<p><img loading=\"lazy\" decoding=\"async\" class=\"aligncenter size-full wp-image-160404\" src=\"https:\/\/www.bellunopress.it\/wp-content\/uploads\/2025\/05\/questura-belluno_edited.jpg\" alt=\"\" width=\"1000\" height=\"840\" srcset=\"https:\/\/www.bellunopress.it\/wp-content\/uploads\/2025\/05\/questura-belluno_edited.jpg 1000w, https:\/\/www.bellunopress.it\/wp-content\/uploads\/2025\/05\/questura-belluno_edited-500x420.jpg 500w, https:\/\/www.bellunopress.it\/wp-content\/uploads\/2025\/05\/questura-belluno_edited-696x585.jpg 696w\" sizes=\"auto, (max-width: 1000px) 100vw, 1000px\" \/>Belluno, 15 settembre 2025 &#8211; La Questura di Belluno ha intensificato i controlli sul territorio nell\u2019ambito di una vasta operazione nazionale per contrastare la criminalit\u00e0 giovanile. Tra la fine di agosto e l\u2019inizio di settembre, un\u2019articolata azione congiunta ha portato a risultati significativi, con denunce e l\u2019applicazione di misure di prevenzione.<\/p>\n<p>L&#8217;operazione, denominata &#8220;alto impatto&#8221;, ha visto la collaborazione tra la Squadra Mobile, l&#8217;Ufficio Volanti, la Divisione P.A.S.I., e anche il supporto dei Carabinieri e della Guardia di Finanza. I controlli si sono concentrati in particolare nel centro cittadino, ma hanno interessato anche eventi locali.<\/p>\n<p><strong>Aggressione a una sagra, denunciato ventenne<\/strong><br \/>\nUn episodio di aggressione si \u00e8 verificato durante la sagra di Polpet, dove un ventenne italiano \u00e8 stato denunciato per aver aggredito un ragazzo di 15 anni. Il fatto, avvenuto la sera del 5 settembre, ha visto il minore, che stava rientrando a casa con la sorella, subire lesioni giudicate guaribili in tre giorni.<\/p>\n<p>L&#8217;aggressore, gi\u00e0 noto alle forze dell&#8217;ordine e colpito da un precedente foglio di via da Belluno, \u00e8 stato rintracciato poco dopo dagli agenti della Squadra Mobile grazie alle descrizioni fornite dalla vittima. Nei suoi confronti, oltre alla denuncia per lesioni aggravate, il Questore ha emesso un nuovo foglio di via, questa volta con il divieto di ritorno dal comune di Ponte nelle Alpi.<\/p>\n<p><strong>Identificato l&#8217;autore dello &#8220;scippo&#8221; di luglio<\/strong><br \/>\nLe indagini della Squadra Mobile hanno anche risolto un caso di furto con strappo avvenuto a luglio in via Feltre, ai danni di una signora del 1947. La minuziosa analisi delle immagini delle telecamere di sorveglianza ha permesso di risalire all&#8217;autore, un giovane bellunese classe 2005.<\/p>\n<p>Il ragazzo, gi\u00e0 con precedenti per reati contro il patrimonio e in materia di armi, \u00e8 stato denunciato per furto con strappo. Anche per lui \u00e8 scattata la misura di prevenzione del foglio di via con il divieto di ritorno nel comune di Belluno.<\/p>\n<p><strong>Numeri dell&#8217;operazione<\/strong><br \/>\nNel complesso, l\u2019operazione ha portato a risultati importanti: oltre 150 persone identificate (tra italiani e stranieri), 50 veicoli controllati e verifiche su diversi esercizi commerciali. Questi numeri confermano l\u2019impegno delle forze dell\u2019ordine nel mantenere alta la vigilanza e nel garantire la sicurezza sul territorio.<\/p>","protected":false},"excerpt":{"rendered":"<p>Belluno, 15 settembre 2025 &#8211; La Questura di Belluno ha intensificato i controlli sul territorio nell\u2019ambito di una vasta operazione nazionale per contrastare la criminalit\u00e0 giovanile. Tra la fine di agosto e l\u2019inizio di settembre, un\u2019articolata azione congiunta ha portato a risultati significativi, con denunce e l\u2019applicazione di misure di prevenzione. L&#8217;operazione, denominata &#8220;alto impatto&#8221;, [&hellip;]<\/p>\n","protected":false},"author":2,"featured_media":160404,"comment_status":"closed","ping_status":"open","sticky":false,"template":"","format":"standard","meta":{"footnotes":""},"categories":[5,26],"tags":[],"class_list":["post-163318","post","type-post","status-publish","format-standard","has-post-thumbnail","category-cronaca","category-prima-pagina"],"yoast_head":"<!-- This site is optimized with the Yoast SEO plugin v28.4 - https:\/\/yoast.com\/product\/yoast-seo-wordpress\/ -->\n<title>La polizia di Belluno stringe la morsa sulla criminalit\u00e0 giovanile - Bellunopress - Dolomiti<\/title>\n<meta name=\"robots\" content=\"index, follow, max-snippet:-1, max-image-preview:large, max-video-preview:-1\" \/>\n<link rel=\"canonical\" href=\"https:\/\/www.bellunopress.it\/fr\/2025\/09\/15\/la-polizia-di-belluno-stringe-la-morsa-sulla-criminalita-giovanile\/\" \/>\n<meta property=\"og:locale\" content=\"fr_FR\" \/>\n<meta property=\"og:type\" content=\"article\" \/>\n<meta property=\"og:title\" content=\"La polizia di Belluno stringe la morsa sulla criminalit\u00e0 giovanile - Bellunopress - Dolomiti\" \/>\n<meta property=\"og:description\" content=\"Belluno, 15 settembre 2025 &#8211; La Questura di Belluno ha intensificato i controlli sul territorio nell\u2019ambito di una vasta operazione nazionale per contrastare la criminalit\u00e0 giovanile. Tra la fine di agosto e l\u2019inizio di settembre, un\u2019articolata azione congiunta ha portato a risultati significativi, con denunce e l\u2019applicazione di misure di prevenzione. L&#8217;operazione, denominata &#8220;alto impatto&#8221;, [&hellip;]\" \/>\n<meta property=\"og:url\" content=\"https:\/\/www.bellunopress.it\/fr\/2025\/09\/15\/la-polizia-di-belluno-stringe-la-morsa-sulla-criminalita-giovanile\/\" \/>\n<meta property=\"og:site_name\" content=\"Bellunopress - Dolomiti\" \/>\n<meta property=\"article:publisher\" content=\"https:\/\/www.facebook.com\/profile.php?id=100008943462799\" \/>\n<meta property=\"article:published_time\" content=\"2025-09-15T12:17:07+00:00\" \/>\n<meta property=\"og:image\" content=\"https:\/\/www.bellunopress.it\/wp-content\/uploads\/2025\/05\/questura-belluno_edited.jpg\" \/>\n\t<meta property=\"og:image:width\" content=\"1000\" \/>\n\t<meta property=\"og:image:height\" content=\"840\" \/>\n\t<meta property=\"og:image:type\" content=\"image\/jpeg\" \/>\n<meta name=\"author\" content=\"redazione\" \/>\n<meta name=\"twitter:card\" content=\"summary_large_image\" \/>\n<meta name=\"twitter:creator\" content=\"@bellunopress\" \/>\n<meta name=\"twitter:site\" content=\"@bellunopress\" \/>\n<meta name=\"twitter:label1\" content=\"Written by\" \/>\n\t<meta name=\"twitter:data1\" content=\"redazione\" \/>\n\t<meta name=\"twitter:label2\" content=\"Est. reading time\" \/>\n\t<meta name=\"twitter:data2\" content=\"2 minutes\" \/>\n<script type=\"application\/ld+json\" class=\"yoast-schema-graph\">{\"@context\":\"https:\\\/\\\/schema.org\",\"@graph\":[{\"@type\":\"Article\",\"@id\":\"https:\\\/\\\/www.bellunopress.it\\\/2025\\\/09\\\/15\\\/la-polizia-di-belluno-stringe-la-morsa-sulla-criminalita-giovanile\\\/#article\",\"isPartOf\":{\"@id\":\"https:\\\/\\\/www.bellunopress.it\\\/2025\\\/09\\\/15\\\/la-polizia-di-belluno-stringe-la-morsa-sulla-criminalita-giovanile\\\/\"},\"author\":{\"name\":\"redazione\",\"@id\":\"https:\\\/\\\/www.bellunopress.it\\\/#\\\/schema\\\/person\\\/79bb06722b37ece1c03d3e94beb30d73\"},\"headline\":\"La polizia di Belluno stringe la morsa sulla criminalit\u00e0 giovanile\",\"datePublished\":\"2025-09-15T12:17:07+00:00\",\"mainEntityOfPage\":{\"@id\":\"https:\\\/\\\/www.bellunopress.it\\\/2025\\\/09\\\/15\\\/la-polizia-di-belluno-stringe-la-morsa-sulla-criminalita-giovanile\\\/\"},\"wordCount\":374,\"publisher\":{\"@id\":\"https:\\\/\\\/www.bellunopress.it\\\/#organization\"},\"image\":{\"@id\":\"https:\\\/\\\/www.bellunopress.it\\\/2025\\\/09\\\/15\\\/la-polizia-di-belluno-stringe-la-morsa-sulla-criminalita-giovanile\\\/#primaryimage\"},\"thumbnailUrl\":\"https:\\\/\\\/www.bellunopress.it\\\/wp-content\\\/uploads\\\/2025\\\/05\\\/questura-belluno_edited.jpg\",\"articleSection\":[\"Cronaca\\\/Politica\",\"Prima Pagina\"],\"inLanguage\":\"fr-FR\"},{\"@type\":\"WebPage\",\"@id\":\"https:\\\/\\\/www.bellunopress.it\\\/2025\\\/09\\\/15\\\/la-polizia-di-belluno-stringe-la-morsa-sulla-criminalita-giovanile\\\/\",\"url\":\"https:\\\/\\\/www.bellunopress.it\\\/2025\\\/09\\\/15\\\/la-polizia-di-belluno-stringe-la-morsa-sulla-criminalita-giovanile\\\/\",\"name\":\"La polizia di Belluno stringe la morsa sulla criminalit\u00e0 giovanile - Bellunopress - Dolomiti\",\"isPartOf\":{\"@id\":\"https:\\\/\\\/www.bellunopress.it\\\/#website\"},\"primaryImageOfPage\":{\"@id\":\"https:\\\/\\\/www.bellunopress.it\\\/2025\\\/09\\\/15\\\/la-polizia-di-belluno-stringe-la-morsa-sulla-criminalita-giovanile\\\/#primaryimage\"},\"image\":{\"@id\":\"https:\\\/\\\/www.bellunopress.it\\\/2025\\\/09\\\/15\\\/la-polizia-di-belluno-stringe-la-morsa-sulla-criminalita-giovanile\\\/#primaryimage\"},\"thumbnailUrl\":\"https:\\\/\\\/www.bellunopress.it\\\/wp-content\\\/uploads\\\/2025\\\/05\\\/questura-belluno_edited.jpg\",\"datePublished\":\"2025-09-15T12:17:07+00:00\",\"breadcrumb\":{\"@id\":\"https:\\\/\\\/www.bellunopress.it\\\/2025\\\/09\\\/15\\\/la-polizia-di-belluno-stringe-la-morsa-sulla-criminalita-giovanile\\\/#breadcrumb\"},\"inLanguage\":\"fr-FR\",\"potentialAction\":[{\"@type\":\"ReadAction\",\"target\":[\"https:\\\/\\\/www.bellunopress.it\\\/2025\\\/09\\\/15\\\/la-polizia-di-belluno-stringe-la-morsa-sulla-criminalita-giovanile\\\/\"]}]},{\"@type\":\"ImageObject\",\"inLanguage\":\"fr-FR\",\"@id\":\"https:\\\/\\\/www.bellunopress.it\\\/2025\\\/09\\\/15\\\/la-polizia-di-belluno-stringe-la-morsa-sulla-criminalita-giovanile\\\/#primaryimage\",\"url\":\"https:\\\/\\\/www.bellunopress.it\\\/wp-content\\\/uploads\\\/2025\\\/05\\\/questura-belluno_edited.jpg\",\"contentUrl\":\"https:\\\/\\\/www.bellunopress.it\\\/wp-content\\\/uploads\\\/2025\\\/05\\\/questura-belluno_edited.jpg\",\"width\":1000,\"height\":840},{\"@type\":\"BreadcrumbList\",\"@id\":\"https:\\\/\\\/www.bellunopress.it\\\/2025\\\/09\\\/15\\\/la-polizia-di-belluno-stringe-la-morsa-sulla-criminalita-giovanile\\\/#breadcrumb\",\"itemListElement\":[{\"@type\":\"ListItem\",\"position\":1,\"name\":\"Home\",\"item\":\"https:\\\/\\\/www.bellunopress.it\\\/\"},{\"@type\":\"ListItem\",\"position\":2,\"name\":\"La polizia di Belluno stringe la morsa sulla criminalit\u00e0 giovanile\"}]},{\"@type\":\"WebSite\",\"@id\":\"https:\\\/\\\/www.bellunopress.it\\\/#website\",\"url\":\"https:\\\/\\\/www.bellunopress.it\\\/\",\"name\":\"Bellunopress - Dolomiti\",\"description\":\"e-mail: redazione@bellunopress.it\",\"publisher\":{\"@id\":\"https:\\\/\\\/www.bellunopress.it\\\/#organization\"},\"potentialAction\":[{\"@type\":\"SearchAction\",\"target\":{\"@type\":\"EntryPoint\",\"urlTemplate\":\"https:\\\/\\\/www.bellunopress.it\\\/?s={search_term_string}\"},\"query-input\":{\"@type\":\"PropertyValueSpecification\",\"valueRequired\":true,\"valueName\":\"search_term_string\"}}],\"inLanguage\":\"fr-FR\"},{\"@type\":\"Organization\",\"@id\":\"https:\\\/\\\/www.bellunopress.it\\\/#organization\",\"name\":\"Bellunopress\",\"url\":\"https:\\\/\\\/www.bellunopress.it\\\/\",\"logo\":{\"@type\":\"ImageObject\",\"inLanguage\":\"fr-FR\",\"@id\":\"https:\\\/\\\/www.bellunopress.it\\\/#\\\/schema\\\/logo\\\/image\\\/\",\"url\":\"https:\\\/\\\/www.bellunopress.it\\\/wp-content\\\/uploads\\\/2011\\\/05\\\/cropped-logo-bellunopress-.jpg\",\"contentUrl\":\"https:\\\/\\\/www.bellunopress.it\\\/wp-content\\\/uploads\\\/2011\\\/05\\\/cropped-logo-bellunopress-.jpg\",\"width\":512,\"height\":512,\"caption\":\"Bellunopress\"},\"image\":{\"@id\":\"https:\\\/\\\/www.bellunopress.it\\\/#\\\/schema\\\/logo\\\/image\\\/\"},\"sameAs\":[\"https:\\\/\\\/www.facebook.com\\\/profile.php?id=100008943462799\",\"https:\\\/\\\/x.com\\\/bellunopress\",\"https:\\\/\\\/www.linkedin.com\\\/hp\\\/?dnr=JBzUWaJfMUw8vbXJJ2tVW5-I3jZKvC4wsoxE&amp;amp;amp;amp;amp;amp;trk=nav_responsive_tab_home\",\"https:\\\/\\\/www.youtube.com\\\/channel\\\/UCxL0wu1uN0_3_7hGG0306cw\"]},{\"@type\":\"Person\",\"@id\":\"https:\\\/\\\/www.bellunopress.it\\\/#\\\/schema\\\/person\\\/79bb06722b37ece1c03d3e94beb30d73\",\"name\":\"redazione\",\"image\":{\"@type\":\"ImageObject\",\"inLanguage\":\"fr-FR\",\"@id\":\"https:\\\/\\\/secure.gravatar.com\\\/avatar\\\/37d968a2e67a6fd04c169c4bdef102d0bc5d31b2546345219e348575eb80e9a0?s=96&d=mm&r=g\",\"url\":\"https:\\\/\\\/secure.gravatar.com\\\/avatar\\\/37d968a2e67a6fd04c169c4bdef102d0bc5d31b2546345219e348575eb80e9a0?s=96&d=mm&r=g\",\"contentUrl\":\"https:\\\/\\\/secure.gravatar.com\\\/avatar\\\/37d968a2e67a6fd04c169c4bdef102d0bc5d31b2546345219e348575eb80e9a0?s=96&d=mm&r=g\",\"caption\":\"redazione\"},\"sameAs\":[\"http:\\\/\\\/www.bellunopress.it\",\"https:\\\/\\\/x.com\\\/bellunopress\"],\"url\":\"https:\\\/\\\/www.bellunopress.it\\\/fr\\\/author\\\/redazione\\\/\"}]}<\/script>\n<!-- \/ Yoast SEO plugin. -->","yoast_head_json":{"title":"La polizia di Belluno stringe la morsa sulla criminalit\u00e0 giovanile - Bellunopress - Dolomiti","robots":{"index":"index","follow":"follow","max-snippet":"max-snippet:-1","max-image-preview":"max-image-preview:large","max-video-preview":"max-video-preview:-1"},"canonical":"https:\/\/www.bellunopress.it\/fr\/2025\/09\/15\/la-polizia-di-belluno-stringe-la-morsa-sulla-criminalita-giovanile\/","og_locale":"fr_FR","og_type":"article","og_title":"La polizia di Belluno stringe la morsa sulla criminalit\u00e0 giovanile - Bellunopress - Dolomiti","og_description":"Belluno, 15 settembre 2025 &#8211; La Questura di Belluno ha intensificato i controlli sul territorio nell\u2019ambito di una vasta operazione nazionale per contrastare la criminalit\u00e0 giovanile. Tra la fine di agosto e l\u2019inizio di settembre, un\u2019articolata azione congiunta ha portato a risultati significativi, con denunce e l\u2019applicazione di misure di prevenzione. L&#8217;operazione, denominata &#8220;alto impatto&#8221;, [&hellip;]","og_url":"https:\/\/www.bellunopress.it\/fr\/2025\/09\/15\/la-polizia-di-belluno-stringe-la-morsa-sulla-criminalita-giovanile\/","og_site_name":"Bellunopress - Dolomiti","article_publisher":"https:\/\/www.facebook.com\/profile.php?id=100008943462799","article_published_time":"2025-09-15T12:17:07+00:00","og_image":[{"width":1000,"height":840,"url":"https:\/\/www.bellunopress.it\/wp-content\/uploads\/2025\/05\/questura-belluno_edited.jpg","type":"image\/jpeg"}],"author":"redazione","twitter_card":"summary_large_image","twitter_creator":"@bellunopress","twitter_site":"@bellunopress","twitter_misc":{"Written by":"redazione","Est. reading time":"2 minutes"},"schema":{"@context":"https:\/\/schema.org","@graph":[{"@type":"Article","@id":"https:\/\/www.bellunopress.it\/2025\/09\/15\/la-polizia-di-belluno-stringe-la-morsa-sulla-criminalita-giovanile\/#article","isPartOf":{"@id":"https:\/\/www.bellunopress.it\/2025\/09\/15\/la-polizia-di-belluno-stringe-la-morsa-sulla-criminalita-giovanile\/"},"author":{"name":"redazione","@id":"https:\/\/www.bellunopress.it\/#\/schema\/person\/79bb06722b37ece1c03d3e94beb30d73"},"headline":"La polizia di Belluno stringe la morsa sulla criminalit\u00e0 giovanile","datePublished":"2025-09-15T12:17:07+00:00","mainEntityOfPage":{"@id":"https:\/\/www.bellunopress.it\/2025\/09\/15\/la-polizia-di-belluno-stringe-la-morsa-sulla-criminalita-giovanile\/"},"wordCount":374,"publisher":{"@id":"https:\/\/www.bellunopress.it\/#organization"},"image":{"@id":"https:\/\/www.bellunopress.it\/2025\/09\/15\/la-polizia-di-belluno-stringe-la-morsa-sulla-criminalita-giovanile\/#primaryimage"},"thumbnailUrl":"https:\/\/www.bellunopress.it\/wp-content\/uploads\/2025\/05\/questura-belluno_edited.jpg","articleSection":["Cronaca\/Politica","Prima Pagina"],"inLanguage":"fr-FR"},{"@type":"WebPage","@id":"https:\/\/www.bellunopress.it\/2025\/09\/15\/la-polizia-di-belluno-stringe-la-morsa-sulla-criminalita-giovanile\/","url":"https:\/\/www.bellunopress.it\/2025\/09\/15\/la-polizia-di-belluno-stringe-la-morsa-sulla-criminalita-giovanile\/","name":"La polizia di Belluno stringe la morsa sulla criminalit\u00e0 giovanile - Bellunopress - Dolomiti","isPartOf":{"@id":"https:\/\/www.bellunopress.it\/#website"},"primaryImageOfPage":{"@id":"https:\/\/www.bellunopress.it\/2025\/09\/15\/la-polizia-di-belluno-stringe-la-morsa-sulla-criminalita-giovanile\/#primaryimage"},"image":{"@id":"https:\/\/www.bellunopress.it\/2025\/09\/15\/la-polizia-di-belluno-stringe-la-morsa-sulla-criminalita-giovanile\/#primaryimage"},"thumbnailUrl":"https:\/\/www.bellunopress.it\/wp-content\/uploads\/2025\/05\/questura-belluno_edited.jpg","datePublished":"2025-09-15T12:17:07+00:00","breadcrumb":{"@id":"https:\/\/www.bellunopress.it\/2025\/09\/15\/la-polizia-di-belluno-stringe-la-morsa-sulla-criminalita-giovanile\/#breadcrumb"},"inLanguage":"fr-FR","potentialAction":[{"@type":"ReadAction","target":["https:\/\/www.bellunopress.it\/2025\/09\/15\/la-polizia-di-belluno-stringe-la-morsa-sulla-criminalita-giovanile\/"]}]},{"@type":"ImageObject","inLanguage":"fr-FR","@id":"https:\/\/www.bellunopress.it\/2025\/09\/15\/la-polizia-di-belluno-stringe-la-morsa-sulla-criminalita-giovanile\/#primaryimage","url":"https:\/\/www.bellunopress.it\/wp-content\/uploads\/2025\/05\/questura-belluno_edited.jpg","contentUrl":"https:\/\/www.bellunopress.it\/wp-content\/uploads\/2025\/05\/questura-belluno_edited.jpg","width":1000,"height":840},{"@type":"BreadcrumbList","@id":"https:\/\/www.bellunopress.it\/2025\/09\/15\/la-polizia-di-belluno-stringe-la-morsa-sulla-criminalita-giovanile\/#breadcrumb","itemListElement":[{"@type":"ListItem","position":1,"name":"Home","item":"https:\/\/www.bellunopress.it\/"},{"@type":"ListItem","position":2,"name":"La polizia di Belluno stringe la morsa sulla criminalit\u00e0 giovanile"}]},{"@type":"WebSite","@id":"https:\/\/www.bellunopress.it\/#website","url":"https:\/\/www.bellunopress.it\/","name":"Bellunopress - Dolomiti","description":"e-mail: redazione@bellunopress.it","publisher":{"@id":"https:\/\/www.bellunopress.it\/#organization"},"potentialAction":[{"@type":"SearchAction","target":{"@type":"EntryPoint","urlTemplate":"https:\/\/www.bellunopress.it\/?s={search_term_string}"},"query-input":{"@type":"PropertyValueSpecification","valueRequired":true,"valueName":"search_term_string"}}],"inLanguage":"fr-FR"},{"@type":"Organization","@id":"https:\/\/www.bellunopress.it\/#organization","name":"Bellunopress","url":"https:\/\/www.bellunopress.it\/","logo":{"@type":"ImageObject","inLanguage":"fr-FR","@id":"https:\/\/www.bellunopress.it\/#\/schema\/logo\/image\/","url":"https:\/\/www.bellunopress.it\/wp-content\/uploads\/2011\/05\/cropped-logo-bellunopress-.jpg","contentUrl":"https:\/\/www.bellunopress.it\/wp-content\/uploads\/2011\/05\/cropped-logo-bellunopress-.jpg","width":512,"height":512,"caption":"Bellunopress"},"image":{"@id":"https:\/\/www.bellunopress.it\/#\/schema\/logo\/image\/"},"sameAs":["https:\/\/www.facebook.com\/profile.php?id=100008943462799","https:\/\/x.com\/bellunopress","https:\/\/www.linkedin.com\/hp\/?dnr=JBzUWaJfMUw8vbXJJ2tVW5-I3jZKvC4wsoxE&amp;amp;amp;amp;amp;amp;trk=nav_responsive_tab_home","https:\/\/www.youtube.com\/channel\/UCxL0wu1uN0_3_7hGG0306cw"]},{"@type":"Person","@id":"https:\/\/www.bellunopress.it\/#\/schema\/person\/79bb06722b37ece1c03d3e94beb30d73","name":"r\u00e9daction","image":{"@type":"ImageObject","inLanguage":"fr-FR","@id":"https:\/\/secure.gravatar.com\/avatar\/37d968a2e67a6fd04c169c4bdef102d0bc5d31b2546345219e348575eb80e9a0?s=96&d=mm&r=g","url":"https:\/\/secure.gravatar.com\/avatar\/37d968a2e67a6fd04c169c4bdef102d0bc5d31b2546345219e348575eb80e9a0?s=96&d=mm&r=g","contentUrl":"https:\/\/secure.gravatar.com\/avatar\/37d968a2e67a6fd04c169c4bdef102d0bc5d31b2546345219e348575eb80e9a0?s=96&d=mm&r=g","caption":"redazione"},"sameAs":["http:\/\/www.bellunopress.it","https:\/\/x.com\/bellunopress"],"url":"https:\/\/www.bellunopress.it\/fr\/author\/redazione\/"}]}},"_links":{"self":[{"href":"https:\/\/www.bellunopress.it\/fr\/wp-json\/wp\/v2\/posts\/163318","targetHints":{"allow":["GET"]}}],"collection":[{"href":"https:\/\/www.bellunopress.it\/fr\/wp-json\/wp\/v2\/posts"}],"about":[{"href":"https:\/\/www.bellunopress.it\/fr\/wp-json\/wp\/v2\/types\/post"}],"author":[{"embeddable":true,"href":"https:\/\/www.bellunopress.it\/fr\/wp-json\/wp\/v2\/users\/2"}],"replies":[{"embeddable":true,"href":"https:\/\/www.bellunopress.it\/fr\/wp-json\/wp\/v2\/comments?post=163318"}],"version-history":[{"count":1,"href":"https:\/\/www.bellunopress.it\/fr\/wp-json\/wp\/v2\/posts\/163318\/revisions"}],"predecessor-version":[{"id":163319,"href":"https:\/\/www.bellunopress.it\/fr\/wp-json\/wp\/v2\/posts\/163318\/revisions\/163319"}],"wp:featuredmedia":[{"embeddable":true,"href":"https:\/\/www.bellunopress.it\/fr\/wp-json\/wp\/v2\/media\/160404"}],"wp:attachment":[{"href":"https:\/\/www.bellunopress.it\/fr\/wp-json\/wp\/v2\/media?parent=163318"}],"wp:term":[{"taxonomy":"category","embeddable":true,"href":"https:\/\/www.bellunopress.it\/fr\/wp-json\/wp\/v2\/categories?post=163318"},{"taxonomy":"post_tag","embeddable":true,"href":"https:\/\/www.bellunopress.it\/fr\/wp-json\/wp\/v2\/tags?post=163318"}],"curies":[{"name":"wp","href":"https:\/\/api.w.org\/{rel}","templated":true}]}}