{"id":163313,"date":"2025-09-15T12:35:30","date_gmt":"2025-09-15T10:35:30","guid":{"rendered":"https:\/\/www.bellunopress.it\/?p=163313"},"modified":"2025-09-15T12:35:30","modified_gmt":"2025-09-15T10:35:30","slug":"giornata-delleconomia-cooperativa-il-18-settembre-al-campus-san-francesco-di-conegliano","status":"publish","type":"post","link":"https:\/\/www.bellunopress.it\/fr\/2025\/09\/15\/giornata-delleconomia-cooperativa-il-18-settembre-al-campus-san-francesco-di-conegliano\/","title":{"rendered":"Giornata dell\u2019Economia Cooperativa. Il 18 settembre\u00a0al Campus San Francesco di Conegliano"},"content":{"rendered":"<figure id=\"attachment_163314\" aria-describedby=\"caption-attachment-163314\" style=\"width: 800px\" class=\"wp-caption aligncenter\"><img loading=\"lazy\" decoding=\"async\" class=\"size-full wp-image-163314\" src=\"https:\/\/www.bellunopress.it\/wp-content\/uploads\/2025\/09\/Lorenzo-Brugnera_Presidente-Confcooperative-BlTv_edited.jpg\" alt=\"\" width=\"800\" height=\"600\" srcset=\"https:\/\/www.bellunopress.it\/wp-content\/uploads\/2025\/09\/Lorenzo-Brugnera_Presidente-Confcooperative-BlTv_edited.jpg 800w, https:\/\/www.bellunopress.it\/wp-content\/uploads\/2025\/09\/Lorenzo-Brugnera_Presidente-Confcooperative-BlTv_edited-500x375.jpg 500w, https:\/\/www.bellunopress.it\/wp-content\/uploads\/2025\/09\/Lorenzo-Brugnera_Presidente-Confcooperative-BlTv_edited-560x420.jpg 560w, https:\/\/www.bellunopress.it\/wp-content\/uploads\/2025\/09\/Lorenzo-Brugnera_Presidente-Confcooperative-BlTv_edited-80x60.jpg 80w, https:\/\/www.bellunopress.it\/wp-content\/uploads\/2025\/09\/Lorenzo-Brugnera_Presidente-Confcooperative-BlTv_edited-696x522.jpg 696w\" sizes=\"auto, (max-width: 800px) 100vw, 800px\" \/><figcaption id=\"caption-attachment-163314\" class=\"wp-caption-text\">Lorenzo Brugnera, presidente Confcooperative Belluno-Treviso<\/figcaption><\/figure>\n<p>La Giornata dell\u2019Economia Cooperativa rilancia la cooperazione quale leva fondamentale di una crescita economica che mette al centro la persona, il lavoro e la comunit\u00e0.<br \/>\nL\u2019appuntamento torna per una seconda edizione ricca di novit\u00e0, prima tra tutte una\u00a0speciale anteprima\u00a0che si terr\u00e0 il\u00a018 settembre\u00a0al Campus San Francesco di Conegliano, Treviso: ospiti il Vescovo di Treviso, Michele Tomasi, il presidente di Social Impact Agenda per l\u2019Italia, Stefano Granata, Leonardo Becchetti, professore di Economia Politica all\u2019Universit\u00e0 di Roma Tor Vergata, Simona Beretta, professoressa di Politica Economica e direttrice del Centro di Ateneo per la Dottrina sociale all\u2019Universit\u00e0 Cattolica del Sacro Cuore.<\/p>\n<p>La seconda edizione di GECO \u2013 Giornata dell\u2019Economia Cooperativa, promossa da Confcooperative Belluno e Treviso in collaborazione con Confcooperative Pordenone e Scuola di Economia Civile chiama a raccolta a Conegliano, Treviso, le pi\u00f9 importanti voci italiane dell\u2019economia civile, il mondo produttivo, le istituzioni locali e la societ\u00e0 civile.<br \/>\nGioved\u00ec 18 settembre e gioved\u00ec 23 ottobre nella suggestiva cornice del rinnovato Campus San Francesco, due appuntamenti di approfondimento, riflessione e confronto sui temi caldi dell\u2019attualit\u00e0, come lo sviluppo sostenibile, l&#8217;inclusione, la resilienza economica e la giustizia sociale, che coinvolgeranno gli esponenti pi\u00f9 rappresentativi nel panorama locale e nazionale per creare rete, di esperienze e progetti, intorno a una forma diversa di AI, quella delle \u201calleanze intelligenti\u201d fra attori economici e sociali del territorio.<br \/>\nL\u2019evento \u00e8 un\u2019occasione pubblica, aperta, plurale, in cui l\u2019ispirazione valoriale si fa esperienza, racconto ed esempio. Promossa nel cuore di un territorio che ha dato i natali a figure fondative del pensiero cooperative \u2013 come Luigi Corazzin, teorico della democrazia economica e della mutualit\u00e0, cofondatore della Confederazione, e Giuseppe Toniolo, economista, sociologo e riferimento della Dottrina sociale della Chiesa &#8211; e ad alcune tra le prime esperienze mutualistiche d\u2019Italia &#8211; \u00e8 a Belluno che nel 1872 nacque la prima latteria cooperativa d\u2019Italia -, GECO corona un anno straordinario per il mondo cooperativo bellunese e trevigiano, che celebra gli ottant\u2019anni della fondazione dell\u2019unione provinciale e l\u2019Anno Internazionale delle Cooperative.<br \/>\nUn contesto unico, ideale per rilanciare il modello cooperativo, offrendo alle nuove generazioni un\u2019esperienza che non sia solo memoria, ma prospettiva, che si ponga come progetto costruttivo di futuro e orizzonte professionale nuovo, che coniuga il lavoro con la componente valoriale, la responsabilit\u00e0 collettiva con la realizzazione individuale.<\/p>\n<p><strong>Anteprima GECO<\/strong><br \/>\nGioved\u00ec 18 settembre, dalle 17.00, al Campus San Francesco, l\u2019attenzione sar\u00e0 tutta puntata su \u201cAI, Alleanze Intelligenti: nuovo umanesimo e sfide tecnologiche\u201d.<br \/>\nIn dialogo con il pubblico ci saranno Monsignor Michele Tomasi, Vescovo di Treviso e delegato della Conferenza Episcopale Triveneto, Leonardo Becchetti, professore di Economia Politica all\u2019Universit\u00e0 di Roma Tor Vergata, Simona Beretta, professoressa di Politica Economica e direttrice del Centro di Ateneo per la Dottrina sociale all\u2019Universit\u00e0 Cattolica del Sacro Cuore, e Stefano Granata, presidente di Social Impact Agenda per l\u2019Italia\u00a0e di Confcooperative Federsolidariet\u00e0.<br \/>\nA moderare la conversazione sar\u00e0 Marco Zabotti, vicepresidente e direttore scientifico dell&#8217;Istituto Diocesano &#8220;Beato Toniolo. Le vie dei Santi&#8221;.<br \/>\nGECO \u2013 Giornata dell\u2019Economia Cooperativa<br \/>\nIl 23 ottobre il focus sar\u00e0 il cambiamento, con una giornata dal titolo\u00a0\u201cAI, Alleanze Intelligenti: l\u2019identit\u00e0 cooperativa e le sfide della transizione climatica, demografica e tecnologica\u201d.<br \/>\nDalle alle 9.30 alle 16.00 si alterneranno le voci pi\u00f9 qualificate dell\u2019economia civile italiana con esperienze e approfondimenti dedicati al modello cooperativo.<br \/>\nMichele Dorigatti, docente di etica economica e co-fondatore di SEC &#8211; Scuola di Economia Civile, aprir\u00e0 i lavori con l\u2019intervento\u00a0\u201cIl mondo cooperativo: chi siamo, dove andiamo?\u201d, mentre l\u2019attivit\u00e0 laboratoriale conclusiva sar\u00e0 affidata a Sabrina Bonomi, docente di organizzazione aziendale e confondatrice di SEC.<br \/>\nCuore dell\u2019incontro sar\u00e0 l\u2019intervento di Stefano Zamagni, economista, gi\u00e0 presidente della Pontificia accademia delle scienze sociali e presidente del Comitato Scientifico di Indirizzo della Scuola di Economia Civile. La voce pi\u00f9 autorevole e nota dell\u2019economia civile in Italia si confronter\u00e0 con il pubblico su \u201cCooperazione e bene comune: una visione sistemica\u201d.<\/p>\n<p>In un tempo segnato da disuguaglianze crescenti, transizioni tecnologiche e ambientali complesse, precariet\u00e0 lavorativa e crisi dei legami sociali, toccher\u00e0 agli ospiti di GECO attualizzare l\u2019importanza del modello cooperativo, la sua capacit\u00e0 di tenere insieme efficienza economica e finalit\u00e0 sociale, partecipazione e redistribuzione.<br \/>\nGECO &#8211; Giornata dell\u2019Economia Cooperativa \u00e8 realizzata in collaborazione con Scuola di Economia Civile, Confcooperative Pordenone e dell&#8217;Istituto Diocesano &#8220;Beato Toniolo. Le vie dei Santi&#8221;, con il sostegno di Banca della Marca, Banca delle Terre Venete, Banca Prealpi SanBiagio, Bcc Pordenonese Monsile e Cortina Banca.<br \/>\nL\u2019evento \u00e8 patrocinato da Regione del Veneto, Provincia di Belluno, Provincia di Treviso, Citt\u00e0 di Conegliano, Camera di Commercio Treviso-Belluno|Dolomiti e RAI Veneto.<br \/>\nIngresso gratuito fino ad esaurimento dei posti disponibili.<br \/>\nInfo www.bellunotreviso.confcooperative.it<\/p>\n<p><strong>Confcooperative Belluno e Treviso<\/strong>: l\u2019Associazione rappresenta 133 imprese cooperative con 33.629 soci e 8.984 addetti e un fatturato di 1 miliardo e 766 milioni di euro nel 2023. Il settore agroalimentare, nello specifico, riunisce 32 cooperative a Treviso e 7 a Belluno e da solo genera un fatturato che sfiora il miliardo e 400 milioni di euro: mentre a Belluno il settore prevalente \u00e8 quello lattiero-caseario, nella provincia di Treviso le cooperative svolgono molteplici attivit\u00e0 e tra queste prevale quella del comparto vitivinicolo. I prodotti delle cooperative bellunesi e trevigiane sono presenti sui pi\u00f9 importanti mercati mondiali e partecipano con quote significative all\u2019export del Veneto.<br \/>\nIl settore sociale rappresenta 66 cooperative, di cui 11 a Belluno e 55 a Treviso, tocca i 244 milioni di fatturato e d\u00e0 lavoro al oltre 10 mila persone. Le tipologie sono: cooperative di tipo A \u2013 servizi sociosanitari, ricreativi, educativi e ludico culturali (34 in tutto), di tipo B \u2013 inserimento lavorativo di persone svantaggiate (16) e plurime (16); ci sono infine tre consorzi.<\/p>","protected":false},"excerpt":{"rendered":"<p>La Giornata dell\u2019Economia Cooperativa rilancia la cooperazione quale leva fondamentale di una crescita economica che mette al centro la persona, il lavoro e la comunit\u00e0. L\u2019appuntamento torna per una seconda edizione ricca di novit\u00e0, prima tra tutte una\u00a0speciale anteprima\u00a0che si terr\u00e0 il\u00a018 settembre\u00a0al Campus San Francesco di Conegliano, Treviso: ospiti il Vescovo di Treviso, Michele [&hellip;]<\/p>\n","protected":false},"author":2,"featured_media":163314,"comment_status":"closed","ping_status":"open","sticky":false,"template":"","format":"standard","meta":{"footnotes":""},"categories":[26,8],"tags":[],"class_list":["post-163313","post","type-post","status-publish","format-standard","has-post-thumbnail","category-prima-pagina","category-societa-istituzioni"],"yoast_head":"<!-- This site is optimized with the Yoast SEO plugin v28.4 - https:\/\/yoast.com\/product\/yoast-seo-wordpress\/ -->\n<title>Giornata dell\u2019Economia Cooperativa. Il 18 settembre\u00a0al Campus San Francesco di Conegliano - Bellunopress - Dolomiti<\/title>\n<meta name=\"robots\" content=\"index, follow, max-snippet:-1, max-image-preview:large, max-video-preview:-1\" \/>\n<link rel=\"canonical\" href=\"https:\/\/www.bellunopress.it\/fr\/2025\/09\/15\/giornata-delleconomia-cooperativa-il-18-settembre-al-campus-san-francesco-di-conegliano\/\" \/>\n<meta property=\"og:locale\" content=\"fr_FR\" \/>\n<meta property=\"og:type\" content=\"article\" \/>\n<meta property=\"og:title\" content=\"Giornata dell\u2019Economia Cooperativa. Il 18 settembre\u00a0al Campus San Francesco di Conegliano - Bellunopress - Dolomiti\" \/>\n<meta property=\"og:description\" content=\"La Giornata dell\u2019Economia Cooperativa rilancia la cooperazione quale leva fondamentale di una crescita economica che mette al centro la persona, il lavoro e la comunit\u00e0. L\u2019appuntamento torna per una seconda edizione ricca di novit\u00e0, prima tra tutte una\u00a0speciale anteprima\u00a0che si terr\u00e0 il\u00a018 settembre\u00a0al Campus San Francesco di Conegliano, Treviso: ospiti il Vescovo di Treviso, Michele [&hellip;]\" \/>\n<meta property=\"og:url\" content=\"https:\/\/www.bellunopress.it\/fr\/2025\/09\/15\/giornata-delleconomia-cooperativa-il-18-settembre-al-campus-san-francesco-di-conegliano\/\" \/>\n<meta property=\"og:site_name\" content=\"Bellunopress - Dolomiti\" \/>\n<meta property=\"article:publisher\" content=\"https:\/\/www.facebook.com\/profile.php?id=100008943462799\" \/>\n<meta property=\"article:published_time\" content=\"2025-09-15T10:35:30+00:00\" \/>\n<meta property=\"og:image\" content=\"https:\/\/www.bellunopress.it\/wp-content\/uploads\/2025\/09\/Lorenzo-Brugnera_Presidente-Confcooperative-BlTv_edited.jpg\" \/>\n\t<meta property=\"og:image:width\" content=\"800\" \/>\n\t<meta property=\"og:image:height\" content=\"600\" \/>\n\t<meta property=\"og:image:type\" content=\"image\/jpeg\" \/>\n<meta name=\"author\" content=\"redazione\" \/>\n<meta name=\"twitter:card\" content=\"summary_large_image\" \/>\n<meta name=\"twitter:creator\" content=\"@bellunopress\" \/>\n<meta name=\"twitter:site\" content=\"@bellunopress\" \/>\n<meta name=\"twitter:label1\" content=\"\u00c9crit par\" \/>\n\t<meta name=\"twitter:data1\" content=\"redazione\" \/>\n\t<meta name=\"twitter:label2\" content=\"Dur\u00e9e de lecture estim\u00e9e\" \/>\n\t<meta name=\"twitter:data2\" content=\"5 minutes\" \/>\n<script type=\"application\/ld+json\" class=\"yoast-schema-graph\">{\"@context\":\"https:\\\/\\\/schema.org\",\"@graph\":[{\"@type\":\"Article\",\"@id\":\"https:\\\/\\\/www.bellunopress.it\\\/2025\\\/09\\\/15\\\/giornata-delleconomia-cooperativa-il-18-settembre-al-campus-san-francesco-di-conegliano\\\/#article\",\"isPartOf\":{\"@id\":\"https:\\\/\\\/www.bellunopress.it\\\/2025\\\/09\\\/15\\\/giornata-delleconomia-cooperativa-il-18-settembre-al-campus-san-francesco-di-conegliano\\\/\"},\"author\":{\"name\":\"redazione\",\"@id\":\"https:\\\/\\\/www.bellunopress.it\\\/#\\\/schema\\\/person\\\/79bb06722b37ece1c03d3e94beb30d73\"},\"headline\":\"Giornata dell\u2019Economia Cooperativa. Il 18 settembre\u00a0al Campus San Francesco di Conegliano\",\"datePublished\":\"2025-09-15T10:35:30+00:00\",\"mainEntityOfPage\":{\"@id\":\"https:\\\/\\\/www.bellunopress.it\\\/2025\\\/09\\\/15\\\/giornata-delleconomia-cooperativa-il-18-settembre-al-campus-san-francesco-di-conegliano\\\/\"},\"wordCount\":957,\"publisher\":{\"@id\":\"https:\\\/\\\/www.bellunopress.it\\\/#organization\"},\"image\":{\"@id\":\"https:\\\/\\\/www.bellunopress.it\\\/2025\\\/09\\\/15\\\/giornata-delleconomia-cooperativa-il-18-settembre-al-campus-san-francesco-di-conegliano\\\/#primaryimage\"},\"thumbnailUrl\":\"https:\\\/\\\/www.bellunopress.it\\\/wp-content\\\/uploads\\\/2025\\\/09\\\/Lorenzo-Brugnera_Presidente-Confcooperative-BlTv_edited.jpg\",\"articleSection\":[\"Prima Pagina\",\"Societ\u00e0, Associazioni, Istituzioni\"],\"inLanguage\":\"fr-FR\"},{\"@type\":\"WebPage\",\"@id\":\"https:\\\/\\\/www.bellunopress.it\\\/2025\\\/09\\\/15\\\/giornata-delleconomia-cooperativa-il-18-settembre-al-campus-san-francesco-di-conegliano\\\/\",\"url\":\"https:\\\/\\\/www.bellunopress.it\\\/2025\\\/09\\\/15\\\/giornata-delleconomia-cooperativa-il-18-settembre-al-campus-san-francesco-di-conegliano\\\/\",\"name\":\"Giornata dell\u2019Economia Cooperativa. Il 18 settembre\u00a0al Campus San Francesco di Conegliano - Bellunopress - Dolomiti\",\"isPartOf\":{\"@id\":\"https:\\\/\\\/www.bellunopress.it\\\/#website\"},\"primaryImageOfPage\":{\"@id\":\"https:\\\/\\\/www.bellunopress.it\\\/2025\\\/09\\\/15\\\/giornata-delleconomia-cooperativa-il-18-settembre-al-campus-san-francesco-di-conegliano\\\/#primaryimage\"},\"image\":{\"@id\":\"https:\\\/\\\/www.bellunopress.it\\\/2025\\\/09\\\/15\\\/giornata-delleconomia-cooperativa-il-18-settembre-al-campus-san-francesco-di-conegliano\\\/#primaryimage\"},\"thumbnailUrl\":\"https:\\\/\\\/www.bellunopress.it\\\/wp-content\\\/uploads\\\/2025\\\/09\\\/Lorenzo-Brugnera_Presidente-Confcooperative-BlTv_edited.jpg\",\"datePublished\":\"2025-09-15T10:35:30+00:00\",\"breadcrumb\":{\"@id\":\"https:\\\/\\\/www.bellunopress.it\\\/2025\\\/09\\\/15\\\/giornata-delleconomia-cooperativa-il-18-settembre-al-campus-san-francesco-di-conegliano\\\/#breadcrumb\"},\"inLanguage\":\"fr-FR\",\"potentialAction\":[{\"@type\":\"ReadAction\",\"target\":[\"https:\\\/\\\/www.bellunopress.it\\\/2025\\\/09\\\/15\\\/giornata-delleconomia-cooperativa-il-18-settembre-al-campus-san-francesco-di-conegliano\\\/\"]}]},{\"@type\":\"ImageObject\",\"inLanguage\":\"fr-FR\",\"@id\":\"https:\\\/\\\/www.bellunopress.it\\\/2025\\\/09\\\/15\\\/giornata-delleconomia-cooperativa-il-18-settembre-al-campus-san-francesco-di-conegliano\\\/#primaryimage\",\"url\":\"https:\\\/\\\/www.bellunopress.it\\\/wp-content\\\/uploads\\\/2025\\\/09\\\/Lorenzo-Brugnera_Presidente-Confcooperative-BlTv_edited.jpg\",\"contentUrl\":\"https:\\\/\\\/www.bellunopress.it\\\/wp-content\\\/uploads\\\/2025\\\/09\\\/Lorenzo-Brugnera_Presidente-Confcooperative-BlTv_edited.jpg\",\"width\":800,\"height\":600,\"caption\":\"Lorenzo Brugnera, presidente Confcooperative Belluno-Treviso\"},{\"@type\":\"BreadcrumbList\",\"@id\":\"https:\\\/\\\/www.bellunopress.it\\\/2025\\\/09\\\/15\\\/giornata-delleconomia-cooperativa-il-18-settembre-al-campus-san-francesco-di-conegliano\\\/#breadcrumb\",\"itemListElement\":[{\"@type\":\"ListItem\",\"position\":1,\"name\":\"Home\",\"item\":\"https:\\\/\\\/www.bellunopress.it\\\/\"},{\"@type\":\"ListItem\",\"position\":2,\"name\":\"Giornata dell\u2019Economia Cooperativa. Il 18 settembre\u00a0al Campus San Francesco di Conegliano\"}]},{\"@type\":\"WebSite\",\"@id\":\"https:\\\/\\\/www.bellunopress.it\\\/#website\",\"url\":\"https:\\\/\\\/www.bellunopress.it\\\/\",\"name\":\"Bellunopress - Dolomiti\",\"description\":\"e-mail: redazione@bellunopress.it\",\"publisher\":{\"@id\":\"https:\\\/\\\/www.bellunopress.it\\\/#organization\"},\"potentialAction\":[{\"@type\":\"SearchAction\",\"target\":{\"@type\":\"EntryPoint\",\"urlTemplate\":\"https:\\\/\\\/www.bellunopress.it\\\/?s={search_term_string}\"},\"query-input\":{\"@type\":\"PropertyValueSpecification\",\"valueRequired\":true,\"valueName\":\"search_term_string\"}}],\"inLanguage\":\"fr-FR\"},{\"@type\":\"Organization\",\"@id\":\"https:\\\/\\\/www.bellunopress.it\\\/#organization\",\"name\":\"Bellunopress\",\"url\":\"https:\\\/\\\/www.bellunopress.it\\\/\",\"logo\":{\"@type\":\"ImageObject\",\"inLanguage\":\"fr-FR\",\"@id\":\"https:\\\/\\\/www.bellunopress.it\\\/#\\\/schema\\\/logo\\\/image\\\/\",\"url\":\"https:\\\/\\\/www.bellunopress.it\\\/wp-content\\\/uploads\\\/2011\\\/05\\\/cropped-logo-bellunopress-.jpg\",\"contentUrl\":\"https:\\\/\\\/www.bellunopress.it\\\/wp-content\\\/uploads\\\/2011\\\/05\\\/cropped-logo-bellunopress-.jpg\",\"width\":512,\"height\":512,\"caption\":\"Bellunopress\"},\"image\":{\"@id\":\"https:\\\/\\\/www.bellunopress.it\\\/#\\\/schema\\\/logo\\\/image\\\/\"},\"sameAs\":[\"https:\\\/\\\/www.facebook.com\\\/profile.php?id=100008943462799\",\"https:\\\/\\\/x.com\\\/bellunopress\",\"https:\\\/\\\/www.linkedin.com\\\/hp\\\/?dnr=JBzUWaJfMUw8vbXJJ2tVW5-I3jZKvC4wsoxE&amp;amp;amp;amp;amp;amp;trk=nav_responsive_tab_home\",\"https:\\\/\\\/www.youtube.com\\\/channel\\\/UCxL0wu1uN0_3_7hGG0306cw\"]},{\"@type\":\"Person\",\"@id\":\"https:\\\/\\\/www.bellunopress.it\\\/#\\\/schema\\\/person\\\/79bb06722b37ece1c03d3e94beb30d73\",\"name\":\"redazione\",\"image\":{\"@type\":\"ImageObject\",\"inLanguage\":\"fr-FR\",\"@id\":\"https:\\\/\\\/secure.gravatar.com\\\/avatar\\\/37d968a2e67a6fd04c169c4bdef102d0bc5d31b2546345219e348575eb80e9a0?s=96&d=mm&r=g\",\"url\":\"https:\\\/\\\/secure.gravatar.com\\\/avatar\\\/37d968a2e67a6fd04c169c4bdef102d0bc5d31b2546345219e348575eb80e9a0?s=96&d=mm&r=g\",\"contentUrl\":\"https:\\\/\\\/secure.gravatar.com\\\/avatar\\\/37d968a2e67a6fd04c169c4bdef102d0bc5d31b2546345219e348575eb80e9a0?s=96&d=mm&r=g\",\"caption\":\"redazione\"},\"sameAs\":[\"http:\\\/\\\/www.bellunopress.it\",\"https:\\\/\\\/x.com\\\/bellunopress\"],\"url\":\"https:\\\/\\\/www.bellunopress.it\\\/fr\\\/author\\\/redazione\\\/\"}]}<\/script>\n<!-- \/ Yoast SEO plugin. -->","yoast_head_json":{"title":"Giornata dell\u2019Economia Cooperativa. Il 18 settembre\u00a0al Campus San Francesco di Conegliano - Bellunopress - Dolomiti","robots":{"index":"index","follow":"follow","max-snippet":"max-snippet:-1","max-image-preview":"max-image-preview:large","max-video-preview":"max-video-preview:-1"},"canonical":"https:\/\/www.bellunopress.it\/fr\/2025\/09\/15\/giornata-delleconomia-cooperativa-il-18-settembre-al-campus-san-francesco-di-conegliano\/","og_locale":"fr_FR","og_type":"article","og_title":"Giornata dell\u2019Economia Cooperativa. Il 18 settembre\u00a0al Campus San Francesco di Conegliano - Bellunopress - Dolomiti","og_description":"La Giornata dell\u2019Economia Cooperativa rilancia la cooperazione quale leva fondamentale di una crescita economica che mette al centro la persona, il lavoro e la comunit\u00e0. L\u2019appuntamento torna per una seconda edizione ricca di novit\u00e0, prima tra tutte una\u00a0speciale anteprima\u00a0che si terr\u00e0 il\u00a018 settembre\u00a0al Campus San Francesco di Conegliano, Treviso: ospiti il Vescovo di Treviso, Michele [&hellip;]","og_url":"https:\/\/www.bellunopress.it\/fr\/2025\/09\/15\/giornata-delleconomia-cooperativa-il-18-settembre-al-campus-san-francesco-di-conegliano\/","og_site_name":"Bellunopress - Dolomiti","article_publisher":"https:\/\/www.facebook.com\/profile.php?id=100008943462799","article_published_time":"2025-09-15T10:35:30+00:00","og_image":[{"width":800,"height":600,"url":"https:\/\/www.bellunopress.it\/wp-content\/uploads\/2025\/09\/Lorenzo-Brugnera_Presidente-Confcooperative-BlTv_edited.jpg","type":"image\/jpeg"}],"author":"redazione","twitter_card":"summary_large_image","twitter_creator":"@bellunopress","twitter_site":"@bellunopress","twitter_misc":{"\u00c9crit par":"redazione","Dur\u00e9e de lecture estim\u00e9e":"5 minutes"},"schema":{"@context":"https:\/\/schema.org","@graph":[{"@type":"Article","@id":"https:\/\/www.bellunopress.it\/2025\/09\/15\/giornata-delleconomia-cooperativa-il-18-settembre-al-campus-san-francesco-di-conegliano\/#article","isPartOf":{"@id":"https:\/\/www.bellunopress.it\/2025\/09\/15\/giornata-delleconomia-cooperativa-il-18-settembre-al-campus-san-francesco-di-conegliano\/"},"author":{"name":"redazione","@id":"https:\/\/www.bellunopress.it\/#\/schema\/person\/79bb06722b37ece1c03d3e94beb30d73"},"headline":"Giornata dell\u2019Economia Cooperativa. Il 18 settembre\u00a0al Campus San Francesco di Conegliano","datePublished":"2025-09-15T10:35:30+00:00","mainEntityOfPage":{"@id":"https:\/\/www.bellunopress.it\/2025\/09\/15\/giornata-delleconomia-cooperativa-il-18-settembre-al-campus-san-francesco-di-conegliano\/"},"wordCount":957,"publisher":{"@id":"https:\/\/www.bellunopress.it\/#organization"},"image":{"@id":"https:\/\/www.bellunopress.it\/2025\/09\/15\/giornata-delleconomia-cooperativa-il-18-settembre-al-campus-san-francesco-di-conegliano\/#primaryimage"},"thumbnailUrl":"https:\/\/www.bellunopress.it\/wp-content\/uploads\/2025\/09\/Lorenzo-Brugnera_Presidente-Confcooperative-BlTv_edited.jpg","articleSection":["Prima Pagina","Societ\u00e0, Associazioni, Istituzioni"],"inLanguage":"fr-FR"},{"@type":"WebPage","@id":"https:\/\/www.bellunopress.it\/2025\/09\/15\/giornata-delleconomia-cooperativa-il-18-settembre-al-campus-san-francesco-di-conegliano\/","url":"https:\/\/www.bellunopress.it\/2025\/09\/15\/giornata-delleconomia-cooperativa-il-18-settembre-al-campus-san-francesco-di-conegliano\/","name":"Giornata dell\u2019Economia Cooperativa. Il 18 settembre\u00a0al Campus San Francesco di Conegliano - Bellunopress - Dolomiti","isPartOf":{"@id":"https:\/\/www.bellunopress.it\/#website"},"primaryImageOfPage":{"@id":"https:\/\/www.bellunopress.it\/2025\/09\/15\/giornata-delleconomia-cooperativa-il-18-settembre-al-campus-san-francesco-di-conegliano\/#primaryimage"},"image":{"@id":"https:\/\/www.bellunopress.it\/2025\/09\/15\/giornata-delleconomia-cooperativa-il-18-settembre-al-campus-san-francesco-di-conegliano\/#primaryimage"},"thumbnailUrl":"https:\/\/www.bellunopress.it\/wp-content\/uploads\/2025\/09\/Lorenzo-Brugnera_Presidente-Confcooperative-BlTv_edited.jpg","datePublished":"2025-09-15T10:35:30+00:00","breadcrumb":{"@id":"https:\/\/www.bellunopress.it\/2025\/09\/15\/giornata-delleconomia-cooperativa-il-18-settembre-al-campus-san-francesco-di-conegliano\/#breadcrumb"},"inLanguage":"fr-FR","potentialAction":[{"@type":"ReadAction","target":["https:\/\/www.bellunopress.it\/2025\/09\/15\/giornata-delleconomia-cooperativa-il-18-settembre-al-campus-san-francesco-di-conegliano\/"]}]},{"@type":"ImageObject","inLanguage":"fr-FR","@id":"https:\/\/www.bellunopress.it\/2025\/09\/15\/giornata-delleconomia-cooperativa-il-18-settembre-al-campus-san-francesco-di-conegliano\/#primaryimage","url":"https:\/\/www.bellunopress.it\/wp-content\/uploads\/2025\/09\/Lorenzo-Brugnera_Presidente-Confcooperative-BlTv_edited.jpg","contentUrl":"https:\/\/www.bellunopress.it\/wp-content\/uploads\/2025\/09\/Lorenzo-Brugnera_Presidente-Confcooperative-BlTv_edited.jpg","width":800,"height":600,"caption":"Lorenzo Brugnera, presidente Confcooperative Belluno-Treviso"},{"@type":"BreadcrumbList","@id":"https:\/\/www.bellunopress.it\/2025\/09\/15\/giornata-delleconomia-cooperativa-il-18-settembre-al-campus-san-francesco-di-conegliano\/#breadcrumb","itemListElement":[{"@type":"ListItem","position":1,"name":"Home","item":"https:\/\/www.bellunopress.it\/"},{"@type":"ListItem","position":2,"name":"Giornata dell\u2019Economia Cooperativa. Il 18 settembre\u00a0al Campus San Francesco di Conegliano"}]},{"@type":"WebSite","@id":"https:\/\/www.bellunopress.it\/#website","url":"https:\/\/www.bellunopress.it\/","name":"Bellunopress - Dolomiti","description":"e-mail: redazione@bellunopress.it","publisher":{"@id":"https:\/\/www.bellunopress.it\/#organization"},"potentialAction":[{"@type":"SearchAction","target":{"@type":"EntryPoint","urlTemplate":"https:\/\/www.bellunopress.it\/?s={search_term_string}"},"query-input":{"@type":"PropertyValueSpecification","valueRequired":true,"valueName":"search_term_string"}}],"inLanguage":"fr-FR"},{"@type":"Organization","@id":"https:\/\/www.bellunopress.it\/#organization","name":"Bellunopress","url":"https:\/\/www.bellunopress.it\/","logo":{"@type":"ImageObject","inLanguage":"fr-FR","@id":"https:\/\/www.bellunopress.it\/#\/schema\/logo\/image\/","url":"https:\/\/www.bellunopress.it\/wp-content\/uploads\/2011\/05\/cropped-logo-bellunopress-.jpg","contentUrl":"https:\/\/www.bellunopress.it\/wp-content\/uploads\/2011\/05\/cropped-logo-bellunopress-.jpg","width":512,"height":512,"caption":"Bellunopress"},"image":{"@id":"https:\/\/www.bellunopress.it\/#\/schema\/logo\/image\/"},"sameAs":["https:\/\/www.facebook.com\/profile.php?id=100008943462799","https:\/\/x.com\/bellunopress","https:\/\/www.linkedin.com\/hp\/?dnr=JBzUWaJfMUw8vbXJJ2tVW5-I3jZKvC4wsoxE&amp;amp;amp;amp;amp;amp;trk=nav_responsive_tab_home","https:\/\/www.youtube.com\/channel\/UCxL0wu1uN0_3_7hGG0306cw"]},{"@type":"Person","@id":"https:\/\/www.bellunopress.it\/#\/schema\/person\/79bb06722b37ece1c03d3e94beb30d73","name":"r\u00e9daction","image":{"@type":"ImageObject","inLanguage":"fr-FR","@id":"https:\/\/secure.gravatar.com\/avatar\/37d968a2e67a6fd04c169c4bdef102d0bc5d31b2546345219e348575eb80e9a0?s=96&d=mm&r=g","url":"https:\/\/secure.gravatar.com\/avatar\/37d968a2e67a6fd04c169c4bdef102d0bc5d31b2546345219e348575eb80e9a0?s=96&d=mm&r=g","contentUrl":"https:\/\/secure.gravatar.com\/avatar\/37d968a2e67a6fd04c169c4bdef102d0bc5d31b2546345219e348575eb80e9a0?s=96&d=mm&r=g","caption":"redazione"},"sameAs":["http:\/\/www.bellunopress.it","https:\/\/x.com\/bellunopress"],"url":"https:\/\/www.bellunopress.it\/fr\/author\/redazione\/"}]}},"_links":{"self":[{"href":"https:\/\/www.bellunopress.it\/fr\/wp-json\/wp\/v2\/posts\/163313","targetHints":{"allow":["GET"]}}],"collection":[{"href":"https:\/\/www.bellunopress.it\/fr\/wp-json\/wp\/v2\/posts"}],"about":[{"href":"https:\/\/www.bellunopress.it\/fr\/wp-json\/wp\/v2\/types\/post"}],"author":[{"embeddable":true,"href":"https:\/\/www.bellunopress.it\/fr\/wp-json\/wp\/v2\/users\/2"}],"replies":[{"embeddable":true,"href":"https:\/\/www.bellunopress.it\/fr\/wp-json\/wp\/v2\/comments?post=163313"}],"version-history":[{"count":1,"href":"https:\/\/www.bellunopress.it\/fr\/wp-json\/wp\/v2\/posts\/163313\/revisions"}],"predecessor-version":[{"id":163315,"href":"https:\/\/www.bellunopress.it\/fr\/wp-json\/wp\/v2\/posts\/163313\/revisions\/163315"}],"wp:featuredmedia":[{"embeddable":true,"href":"https:\/\/www.bellunopress.it\/fr\/wp-json\/wp\/v2\/media\/163314"}],"wp:attachment":[{"href":"https:\/\/www.bellunopress.it\/fr\/wp-json\/wp\/v2\/media?parent=163313"}],"wp:term":[{"taxonomy":"category","embeddable":true,"href":"https:\/\/www.bellunopress.it\/fr\/wp-json\/wp\/v2\/categories?post=163313"},{"taxonomy":"post_tag","embeddable":true,"href":"https:\/\/www.bellunopress.it\/fr\/wp-json\/wp\/v2\/tags?post=163313"}],"curies":[{"name":"wp","href":"https:\/\/api.w.org\/{rel}","templated":true}]}}