{"id":16331,"date":"2010-06-16T15:48:26","date_gmt":"2010-06-16T14:48:26","guid":{"rendered":"http:\/\/www.bellunopress.it\/?p=16331"},"modified":"2010-06-16T15:48:26","modified_gmt":"2010-06-16T14:48:26","slug":"potenziamo-l%e2%80%99ulss-n%c2%b0-2-e-l%e2%80%99ospedale-di-feltre","status":"publish","type":"post","link":"https:\/\/www.bellunopress.it\/fr\/2010\/06\/16\/potenziamo-l%e2%80%99ulss-n%c2%b0-2-e-l%e2%80%99ospedale-di-feltre\/","title":{"rendered":"Potenziamo l\u2019Ulss n\u00b0 2 e l\u2019Ospedale di Feltre"},"content":{"rendered":"<p>Lo scorso 7 giugno si \u00e8 tenuto alla Sala Piccolotto dell&#8217;Ospedale di Feltre un incontro organizzato dal Circolo del PD di Feltre-Seren del Grappa\u00a0fra gli operatori sanitari dell\u2019Ulaa n. 2 e il consigliere regionale Sergio Reolon. Dall&#8217;approfondita analisi della situazione sanitaria locale, sono emerse le difficolt\u00e0 in cui, in questo momento di crisi, si lavora all\u2019interno dell\u2019ULSS n. 2. Ma anche l\u2019orgoglio degli operatori, consapevoli di appartenere ad un\u00a0ente che vanta punte di vera eccellenza.\u00a0Reolon ha assicurato il suo impegno perch\u00e9 un simile patrimonio non vada disperso, anche in questa particolare fase di recessione economica in cui la Regione potrebbe penalizzare le istituzioni locali con conseguenze gravi per\u00a0la montagna. Il Circolo del PD di Feltre-Seren del Grappa \u00e8 deciso a lottare affinch\u00e9 il nuovo piano sanitario regionale non vada ad intaccare le conquiste di giustizia ed equit\u00e0 raggiunte con i precedenti piani sanitari che hanno riconosciuto alla montagna e quindi alle nostre due Ulss parametri diversi rispetto a quelli delle altre province. In particolare, proprio per la specificit\u00e0 del nostro territorio, vastissimo, orograficamente difficoltoso e con una popolazione mediamente pi\u00f9 anziana a causa della fuga dei giovani che non trovano in loco possibilit\u00e0 di un avvenire, \u00e8 stato riconosciuto un numero di posti letto per acuti superiore dell\u2019 1 per 1000 rispetto alla pianura (ossia 200 posti letto in pi\u00f9) e per post-acuti dello 0,5% in pi\u00f9 (ossia 100 posti in pi\u00f9) nonch\u00e9 un aumento percentuale del 25% delle quote sanitarie pro-capite assegnate alle ULSS dalla Regione. Ammalarsi in montagna, si \u00e8 riconosciuto nei precedenti piani, non \u00e8 la stessa cosa che ammalarsi in pianura, dove gli ospedali sono facilmente raggiungibili e se ne trovano pi\u00f9 di uno alle stesse distanze. Alla nostra polazione deve avere garantita, per una questione di giustizia sociale, la possibilit\u00e0 di avere le sicurezze essenziali alla salute: maggiori operatori sul territorio, necessari a raggiungere luoghi lontani, ospedali che consentano un primo intervento negli stessi tempi che la pianura assicura ai propri cittadini. Il Circolo PD di Feltre Seren del Grappa ribadisce che queste conquiste sono irrinunciabili. Vi \u00e8 inoltre l\u2019esigenza di modificare la governance delle ULSS in maniera tale da garantire che i Direttori Generali rispondano del loro operato ai Sindaci e quindi<br \/>\nalla popolazione, che i Primari vengano nominati per concorso in base ai veri meriti e infine che le liste d\u2019attesa siano ridotte entro i termini stabiliti dalla legge. Nel corso dell\u2019incontro inoltre \u00e8 stato ribadito in tutti gli interventi come il nostro Ospedale sia sempre stato parte integrante della nostra comunit\u00e0 e come la sua storia e quella di chi vi ha lavorato a qualsiasi livello sia storia della citt\u00e0 il che lo rende \u201cspeciale\u201d rispetto ad altri nosocomi e come gli operatori siano sempre stati consci di questa particolarit\u00e0 tanto da non considerarlo semplicemente un luogo in cui si svolge il proprio lavoro, ma un luogo in cui si opera, al di l\u00e0 del solo dovere ben eseguito, per il bene della comunit\u00e0. Ci\u00f2 ha consentito di mantenere un dialogo ed<br \/>\nuna collaborazione costante tra gli operatori dell\u2019ospedale e quelli del territorio, in particolare con i medici di Medicina Generale e una forte integrazione fra problematiche sanitarie e sociali. Il nostro Ospedale deve essere non solo difeso, ma potenziato in quanto, va ribadito, reca all\u2019interno reparti che sono polo di attrazione non solo per il territorio del Primiero, che \u00e8 convenzionato con l\u2019ULSS n. 2, ma anche per gli<br \/>\nabitanti della Val Sugana e della parte alta delle province di Vicenza e Treviso. Ricordiamo che in provincia di Belluno nascono circa 1600 bambini all\u2019anno di cui oltre 1000 solo nell\u2019Ospedale di Feltre. Ricordiamo le punte di eccellenza di Chirurgia, Neurologia, Gastroenterologia, Oncologia e gli sviluppi della diagnostica con il riconoscimento del laboratorio di Biologia molecolare Il Circolo di Feltre-Seren del Grappa punta al potenziamento e alla qualificazione di quei reparti che sono chiamati ad occuparsi delle patologie che<br \/>\ncolpiscono con maggiore incidenza i nostri cittadini in primo luogo tumori e patologie cardiache senza dimenticare l\u2019opera di prevenzione che la nostra ULSS ha\u00a0portato avanti con screening diffusi e mirati che hanno consentito di salvare la vita di numerose persone. Pertanto il Circolo del PD di Feltre-Seren del Grappa ritiene che il nostro Ospedale abbia tutti i requisiti per essere di riferimento in area vasta per tutta la<br \/>\nprovincia di Belluno.<br \/>\nPartito Democratico Circolo di Feltre \u2013 Seren del Grappa<\/p>","protected":false},"excerpt":{"rendered":"<p>Lo scorso 7 giugno si \u00e8 tenuto alla Sala Piccolotto dell&#8217;Ospedale di Feltre un incontro organizzato dal Circolo del PD di Feltre-Seren del Grappa\u00a0fra gli operatori sanitari dell\u2019Ulaa n. 2 e il consigliere regionale Sergio Reolon. Dall&#8217;approfondita analisi della situazione sanitaria locale, sono emerse le difficolt\u00e0 in cui, in questo momento di crisi, si lavora [&hellip;]<\/p>\n","protected":false},"author":2,"featured_media":0,"comment_status":"closed","ping_status":"open","sticky":false,"template":"","format":"standard","meta":{"footnotes":""},"categories":[26,17],"tags":[1871],"class_list":["post-16331","post","type-post","status-publish","format-standard","category-prima-pagina","category-sanita","tag-ulss-n-2-feltre"],"yoast_head":"<!-- This site is optimized with the Yoast SEO plugin v28.4 - https:\/\/yoast.com\/product\/yoast-seo-wordpress\/ -->\n<title>Potenziamo l\u2019Ulss n\u00b0 2 e l\u2019Ospedale di Feltre - Bellunopress - Dolomiti<\/title>\n<meta name=\"robots\" content=\"index, follow, max-snippet:-1, max-image-preview:large, max-video-preview:-1\" \/>\n<link rel=\"canonical\" href=\"https:\/\/www.bellunopress.it\/fr\/2010\/06\/16\/potenziamo-l\u2019ulss-n\u00b0-2-e-l\u2019ospedale-di-feltre\/\" \/>\n<meta property=\"og:locale\" content=\"fr_FR\" \/>\n<meta property=\"og:type\" content=\"article\" \/>\n<meta property=\"og:title\" content=\"Potenziamo l\u2019Ulss n\u00b0 2 e l\u2019Ospedale di Feltre - Bellunopress - Dolomiti\" \/>\n<meta property=\"og:description\" content=\"Lo scorso 7 giugno si \u00e8 tenuto alla Sala Piccolotto dell&#8217;Ospedale di Feltre un incontro organizzato dal Circolo del PD di Feltre-Seren del Grappa\u00a0fra gli operatori sanitari dell\u2019Ulaa n. 2 e il consigliere regionale Sergio Reolon. Dall&#8217;approfondita analisi della situazione sanitaria locale, sono emerse le difficolt\u00e0 in cui, in questo momento di crisi, si lavora [&hellip;]\" \/>\n<meta property=\"og:url\" content=\"https:\/\/www.bellunopress.it\/fr\/2010\/06\/16\/potenziamo-l\u2019ulss-n\u00b0-2-e-l\u2019ospedale-di-feltre\/\" \/>\n<meta property=\"og:site_name\" content=\"Bellunopress - Dolomiti\" \/>\n<meta property=\"article:publisher\" content=\"https:\/\/www.facebook.com\/profile.php?id=100008943462799\" \/>\n<meta property=\"article:published_time\" content=\"2010-06-16T14:48:26+00:00\" \/>\n<meta property=\"og:image\" content=\"http:\/\/www.bellunopress.it\/wp-content\/uploads\/2012\/07\/logo-bellunopress-250x250-2012.jpg\" \/>\n<meta name=\"author\" content=\"redazione\" \/>\n<meta name=\"twitter:card\" content=\"summary_large_image\" \/>\n<meta name=\"twitter:creator\" content=\"@bellunopress\" \/>\n<meta name=\"twitter:site\" content=\"@bellunopress\" \/>\n<meta name=\"twitter:label1\" content=\"\u00c9crit par\" \/>\n\t<meta name=\"twitter:data1\" content=\"redazione\" \/>\n\t<meta name=\"twitter:label2\" content=\"Dur\u00e9e de lecture estim\u00e9e\" \/>\n\t<meta name=\"twitter:data2\" content=\"4 minutes\" \/>\n<script type=\"application\/ld+json\" class=\"yoast-schema-graph\">{\"@context\":\"https:\\\/\\\/schema.org\",\"@graph\":[{\"@type\":\"Article\",\"@id\":\"https:\\\/\\\/www.bellunopress.it\\\/2010\\\/06\\\/16\\\/potenziamo-l%e2%80%99ulss-n%c2%b0-2-e-l%e2%80%99ospedale-di-feltre\\\/#article\",\"isPartOf\":{\"@id\":\"https:\\\/\\\/www.bellunopress.it\\\/2010\\\/06\\\/16\\\/potenziamo-l%e2%80%99ulss-n%c2%b0-2-e-l%e2%80%99ospedale-di-feltre\\\/\"},\"author\":{\"name\":\"redazione\",\"@id\":\"https:\\\/\\\/www.bellunopress.it\\\/#\\\/schema\\\/person\\\/79bb06722b37ece1c03d3e94beb30d73\"},\"headline\":\"Potenziamo l\u2019Ulss n\u00b0 2 e l\u2019Ospedale di Feltre\",\"datePublished\":\"2010-06-16T14:48:26+00:00\",\"mainEntityOfPage\":{\"@id\":\"https:\\\/\\\/www.bellunopress.it\\\/2010\\\/06\\\/16\\\/potenziamo-l%e2%80%99ulss-n%c2%b0-2-e-l%e2%80%99ospedale-di-feltre\\\/\"},\"wordCount\":735,\"publisher\":{\"@id\":\"https:\\\/\\\/www.bellunopress.it\\\/#organization\"},\"keywords\":[\"Ulss n 2 Feltre\"],\"articleSection\":[\"Prima Pagina\",\"Sanit\u00e0 Medicina\"],\"inLanguage\":\"fr-FR\"},{\"@type\":\"WebPage\",\"@id\":\"https:\\\/\\\/www.bellunopress.it\\\/2010\\\/06\\\/16\\\/potenziamo-l%e2%80%99ulss-n%c2%b0-2-e-l%e2%80%99ospedale-di-feltre\\\/\",\"url\":\"https:\\\/\\\/www.bellunopress.it\\\/2010\\\/06\\\/16\\\/potenziamo-l%e2%80%99ulss-n%c2%b0-2-e-l%e2%80%99ospedale-di-feltre\\\/\",\"name\":\"Potenziamo l\u2019Ulss n\u00b0 2 e l\u2019Ospedale di Feltre - Bellunopress - Dolomiti\",\"isPartOf\":{\"@id\":\"https:\\\/\\\/www.bellunopress.it\\\/#website\"},\"datePublished\":\"2010-06-16T14:48:26+00:00\",\"breadcrumb\":{\"@id\":\"https:\\\/\\\/www.bellunopress.it\\\/2010\\\/06\\\/16\\\/potenziamo-l%e2%80%99ulss-n%c2%b0-2-e-l%e2%80%99ospedale-di-feltre\\\/#breadcrumb\"},\"inLanguage\":\"fr-FR\",\"potentialAction\":[{\"@type\":\"ReadAction\",\"target\":[\"https:\\\/\\\/www.bellunopress.it\\\/2010\\\/06\\\/16\\\/potenziamo-l%e2%80%99ulss-n%c2%b0-2-e-l%e2%80%99ospedale-di-feltre\\\/\"]}]},{\"@type\":\"BreadcrumbList\",\"@id\":\"https:\\\/\\\/www.bellunopress.it\\\/2010\\\/06\\\/16\\\/potenziamo-l%e2%80%99ulss-n%c2%b0-2-e-l%e2%80%99ospedale-di-feltre\\\/#breadcrumb\",\"itemListElement\":[{\"@type\":\"ListItem\",\"position\":1,\"name\":\"Home\",\"item\":\"https:\\\/\\\/www.bellunopress.it\\\/\"},{\"@type\":\"ListItem\",\"position\":2,\"name\":\"Potenziamo l\u2019Ulss n\u00b0 2 e l\u2019Ospedale di Feltre\"}]},{\"@type\":\"WebSite\",\"@id\":\"https:\\\/\\\/www.bellunopress.it\\\/#website\",\"url\":\"https:\\\/\\\/www.bellunopress.it\\\/\",\"name\":\"Bellunopress - Dolomiti\",\"description\":\"e-mail: redazione@bellunopress.it\",\"publisher\":{\"@id\":\"https:\\\/\\\/www.bellunopress.it\\\/#organization\"},\"potentialAction\":[{\"@type\":\"SearchAction\",\"target\":{\"@type\":\"EntryPoint\",\"urlTemplate\":\"https:\\\/\\\/www.bellunopress.it\\\/?s={search_term_string}\"},\"query-input\":{\"@type\":\"PropertyValueSpecification\",\"valueRequired\":true,\"valueName\":\"search_term_string\"}}],\"inLanguage\":\"fr-FR\"},{\"@type\":\"Organization\",\"@id\":\"https:\\\/\\\/www.bellunopress.it\\\/#organization\",\"name\":\"Bellunopress\",\"url\":\"https:\\\/\\\/www.bellunopress.it\\\/\",\"logo\":{\"@type\":\"ImageObject\",\"inLanguage\":\"fr-FR\",\"@id\":\"https:\\\/\\\/www.bellunopress.it\\\/#\\\/schema\\\/logo\\\/image\\\/\",\"url\":\"https:\\\/\\\/www.bellunopress.it\\\/wp-content\\\/uploads\\\/2011\\\/05\\\/cropped-logo-bellunopress-.jpg\",\"contentUrl\":\"https:\\\/\\\/www.bellunopress.it\\\/wp-content\\\/uploads\\\/2011\\\/05\\\/cropped-logo-bellunopress-.jpg\",\"width\":512,\"height\":512,\"caption\":\"Bellunopress\"},\"image\":{\"@id\":\"https:\\\/\\\/www.bellunopress.it\\\/#\\\/schema\\\/logo\\\/image\\\/\"},\"sameAs\":[\"https:\\\/\\\/www.facebook.com\\\/profile.php?id=100008943462799\",\"https:\\\/\\\/x.com\\\/bellunopress\",\"https:\\\/\\\/www.linkedin.com\\\/hp\\\/?dnr=JBzUWaJfMUw8vbXJJ2tVW5-I3jZKvC4wsoxE&amp;amp;amp;amp;amp;amp;trk=nav_responsive_tab_home\",\"https:\\\/\\\/www.youtube.com\\\/channel\\\/UCxL0wu1uN0_3_7hGG0306cw\"]},{\"@type\":\"Person\",\"@id\":\"https:\\\/\\\/www.bellunopress.it\\\/#\\\/schema\\\/person\\\/79bb06722b37ece1c03d3e94beb30d73\",\"name\":\"redazione\",\"image\":{\"@type\":\"ImageObject\",\"inLanguage\":\"fr-FR\",\"@id\":\"https:\\\/\\\/secure.gravatar.com\\\/avatar\\\/37d968a2e67a6fd04c169c4bdef102d0bc5d31b2546345219e348575eb80e9a0?s=96&d=mm&r=g\",\"url\":\"https:\\\/\\\/secure.gravatar.com\\\/avatar\\\/37d968a2e67a6fd04c169c4bdef102d0bc5d31b2546345219e348575eb80e9a0?s=96&d=mm&r=g\",\"contentUrl\":\"https:\\\/\\\/secure.gravatar.com\\\/avatar\\\/37d968a2e67a6fd04c169c4bdef102d0bc5d31b2546345219e348575eb80e9a0?s=96&d=mm&r=g\",\"caption\":\"redazione\"},\"sameAs\":[\"http:\\\/\\\/www.bellunopress.it\",\"https:\\\/\\\/x.com\\\/bellunopress\"],\"url\":\"https:\\\/\\\/www.bellunopress.it\\\/fr\\\/author\\\/redazione\\\/\"}]}<\/script>\n<!-- \/ Yoast SEO plugin. -->","yoast_head_json":{"title":"Potenziamo l\u2019Ulss n\u00b0 2 e l\u2019Ospedale di Feltre - Bellunopress - Dolomiti","robots":{"index":"index","follow":"follow","max-snippet":"max-snippet:-1","max-image-preview":"max-image-preview:large","max-video-preview":"max-video-preview:-1"},"canonical":"https:\/\/www.bellunopress.it\/fr\/2010\/06\/16\/potenziamo-l\u2019ulss-n\u00b0-2-e-l\u2019ospedale-di-feltre\/","og_locale":"fr_FR","og_type":"article","og_title":"Potenziamo l\u2019Ulss n\u00b0 2 e l\u2019Ospedale di Feltre - Bellunopress - Dolomiti","og_description":"Lo scorso 7 giugno si \u00e8 tenuto alla Sala Piccolotto dell&#8217;Ospedale di Feltre un incontro organizzato dal Circolo del PD di Feltre-Seren del Grappa\u00a0fra gli operatori sanitari dell\u2019Ulaa n. 2 e il consigliere regionale Sergio Reolon. Dall&#8217;approfondita analisi della situazione sanitaria locale, sono emerse le difficolt\u00e0 in cui, in questo momento di crisi, si lavora [&hellip;]","og_url":"https:\/\/www.bellunopress.it\/fr\/2010\/06\/16\/potenziamo-l\u2019ulss-n\u00b0-2-e-l\u2019ospedale-di-feltre\/","og_site_name":"Bellunopress - Dolomiti","article_publisher":"https:\/\/www.facebook.com\/profile.php?id=100008943462799","article_published_time":"2010-06-16T14:48:26+00:00","og_image":[{"url":"http:\/\/www.bellunopress.it\/wp-content\/uploads\/2012\/07\/logo-bellunopress-250x250-2012.jpg","type":"","width":"","height":""}],"author":"redazione","twitter_card":"summary_large_image","twitter_creator":"@bellunopress","twitter_site":"@bellunopress","twitter_misc":{"\u00c9crit par":"redazione","Dur\u00e9e de lecture estim\u00e9e":"4 minutes"},"schema":{"@context":"https:\/\/schema.org","@graph":[{"@type":"Article","@id":"https:\/\/www.bellunopress.it\/2010\/06\/16\/potenziamo-l%e2%80%99ulss-n%c2%b0-2-e-l%e2%80%99ospedale-di-feltre\/#article","isPartOf":{"@id":"https:\/\/www.bellunopress.it\/2010\/06\/16\/potenziamo-l%e2%80%99ulss-n%c2%b0-2-e-l%e2%80%99ospedale-di-feltre\/"},"author":{"name":"redazione","@id":"https:\/\/www.bellunopress.it\/#\/schema\/person\/79bb06722b37ece1c03d3e94beb30d73"},"headline":"Potenziamo l\u2019Ulss n\u00b0 2 e l\u2019Ospedale di Feltre","datePublished":"2010-06-16T14:48:26+00:00","mainEntityOfPage":{"@id":"https:\/\/www.bellunopress.it\/2010\/06\/16\/potenziamo-l%e2%80%99ulss-n%c2%b0-2-e-l%e2%80%99ospedale-di-feltre\/"},"wordCount":735,"publisher":{"@id":"https:\/\/www.bellunopress.it\/#organization"},"keywords":["Ulss n 2 Feltre"],"articleSection":["Prima Pagina","Sanit\u00e0 Medicina"],"inLanguage":"fr-FR"},{"@type":"WebPage","@id":"https:\/\/www.bellunopress.it\/2010\/06\/16\/potenziamo-l%e2%80%99ulss-n%c2%b0-2-e-l%e2%80%99ospedale-di-feltre\/","url":"https:\/\/www.bellunopress.it\/2010\/06\/16\/potenziamo-l%e2%80%99ulss-n%c2%b0-2-e-l%e2%80%99ospedale-di-feltre\/","name":"Potenziamo l\u2019Ulss n\u00b0 2 e l\u2019Ospedale di Feltre - Bellunopress - Dolomiti","isPartOf":{"@id":"https:\/\/www.bellunopress.it\/#website"},"datePublished":"2010-06-16T14:48:26+00:00","breadcrumb":{"@id":"https:\/\/www.bellunopress.it\/2010\/06\/16\/potenziamo-l%e2%80%99ulss-n%c2%b0-2-e-l%e2%80%99ospedale-di-feltre\/#breadcrumb"},"inLanguage":"fr-FR","potentialAction":[{"@type":"ReadAction","target":["https:\/\/www.bellunopress.it\/2010\/06\/16\/potenziamo-l%e2%80%99ulss-n%c2%b0-2-e-l%e2%80%99ospedale-di-feltre\/"]}]},{"@type":"BreadcrumbList","@id":"https:\/\/www.bellunopress.it\/2010\/06\/16\/potenziamo-l%e2%80%99ulss-n%c2%b0-2-e-l%e2%80%99ospedale-di-feltre\/#breadcrumb","itemListElement":[{"@type":"ListItem","position":1,"name":"Home","item":"https:\/\/www.bellunopress.it\/"},{"@type":"ListItem","position":2,"name":"Potenziamo l\u2019Ulss n\u00b0 2 e l\u2019Ospedale di Feltre"}]},{"@type":"WebSite","@id":"https:\/\/www.bellunopress.it\/#website","url":"https:\/\/www.bellunopress.it\/","name":"Bellunopress - Dolomiti","description":"e-mail: redazione@bellunopress.it","publisher":{"@id":"https:\/\/www.bellunopress.it\/#organization"},"potentialAction":[{"@type":"SearchAction","target":{"@type":"EntryPoint","urlTemplate":"https:\/\/www.bellunopress.it\/?s={search_term_string}"},"query-input":{"@type":"PropertyValueSpecification","valueRequired":true,"valueName":"search_term_string"}}],"inLanguage":"fr-FR"},{"@type":"Organization","@id":"https:\/\/www.bellunopress.it\/#organization","name":"Bellunopress","url":"https:\/\/www.bellunopress.it\/","logo":{"@type":"ImageObject","inLanguage":"fr-FR","@id":"https:\/\/www.bellunopress.it\/#\/schema\/logo\/image\/","url":"https:\/\/www.bellunopress.it\/wp-content\/uploads\/2011\/05\/cropped-logo-bellunopress-.jpg","contentUrl":"https:\/\/www.bellunopress.it\/wp-content\/uploads\/2011\/05\/cropped-logo-bellunopress-.jpg","width":512,"height":512,"caption":"Bellunopress"},"image":{"@id":"https:\/\/www.bellunopress.it\/#\/schema\/logo\/image\/"},"sameAs":["https:\/\/www.facebook.com\/profile.php?id=100008943462799","https:\/\/x.com\/bellunopress","https:\/\/www.linkedin.com\/hp\/?dnr=JBzUWaJfMUw8vbXJJ2tVW5-I3jZKvC4wsoxE&amp;amp;amp;amp;amp;amp;trk=nav_responsive_tab_home","https:\/\/www.youtube.com\/channel\/UCxL0wu1uN0_3_7hGG0306cw"]},{"@type":"Person","@id":"https:\/\/www.bellunopress.it\/#\/schema\/person\/79bb06722b37ece1c03d3e94beb30d73","name":"r\u00e9daction","image":{"@type":"ImageObject","inLanguage":"fr-FR","@id":"https:\/\/secure.gravatar.com\/avatar\/37d968a2e67a6fd04c169c4bdef102d0bc5d31b2546345219e348575eb80e9a0?s=96&d=mm&r=g","url":"https:\/\/secure.gravatar.com\/avatar\/37d968a2e67a6fd04c169c4bdef102d0bc5d31b2546345219e348575eb80e9a0?s=96&d=mm&r=g","contentUrl":"https:\/\/secure.gravatar.com\/avatar\/37d968a2e67a6fd04c169c4bdef102d0bc5d31b2546345219e348575eb80e9a0?s=96&d=mm&r=g","caption":"redazione"},"sameAs":["http:\/\/www.bellunopress.it","https:\/\/x.com\/bellunopress"],"url":"https:\/\/www.bellunopress.it\/fr\/author\/redazione\/"}]}},"_links":{"self":[{"href":"https:\/\/www.bellunopress.it\/fr\/wp-json\/wp\/v2\/posts\/16331","targetHints":{"allow":["GET"]}}],"collection":[{"href":"https:\/\/www.bellunopress.it\/fr\/wp-json\/wp\/v2\/posts"}],"about":[{"href":"https:\/\/www.bellunopress.it\/fr\/wp-json\/wp\/v2\/types\/post"}],"author":[{"embeddable":true,"href":"https:\/\/www.bellunopress.it\/fr\/wp-json\/wp\/v2\/users\/2"}],"replies":[{"embeddable":true,"href":"https:\/\/www.bellunopress.it\/fr\/wp-json\/wp\/v2\/comments?post=16331"}],"version-history":[{"count":1,"href":"https:\/\/www.bellunopress.it\/fr\/wp-json\/wp\/v2\/posts\/16331\/revisions"}],"predecessor-version":[{"id":16332,"href":"https:\/\/www.bellunopress.it\/fr\/wp-json\/wp\/v2\/posts\/16331\/revisions\/16332"}],"wp:attachment":[{"href":"https:\/\/www.bellunopress.it\/fr\/wp-json\/wp\/v2\/media?parent=16331"}],"wp:term":[{"taxonomy":"category","embeddable":true,"href":"https:\/\/www.bellunopress.it\/fr\/wp-json\/wp\/v2\/categories?post=16331"},{"taxonomy":"post_tag","embeddable":true,"href":"https:\/\/www.bellunopress.it\/fr\/wp-json\/wp\/v2\/tags?post=16331"}],"curies":[{"name":"wp","href":"https:\/\/api.w.org\/{rel}","templated":true}]}}