{"id":163214,"date":"2025-09-11T18:19:19","date_gmt":"2025-09-11T16:19:19","guid":{"rendered":"https:\/\/www.bellunopress.it\/?p=163214"},"modified":"2025-09-11T18:19:19","modified_gmt":"2025-09-11T16:19:19","slug":"dieci-giorni-alla-41ma-edizione-della-pedavena-croce-daune","status":"publish","type":"post","link":"https:\/\/www.bellunopress.it\/fr\/2025\/09\/11\/dieci-giorni-alla-41ma-edizione-della-pedavena-croce-daune\/","title":{"rendered":"Dieci giorni alla 41ma edizione della Pedavena &#8211; Croce D\u2019Aune"},"content":{"rendered":"<figure id=\"attachment_163215\" aria-describedby=\"caption-attachment-163215\" style=\"width: 800px\" class=\"wp-caption aligncenter\"><img loading=\"lazy\" decoding=\"async\" class=\"size-full wp-image-163215\" src=\"https:\/\/www.bellunopress.it\/wp-content\/uploads\/2025\/09\/Pedavena-Croce-dAune-Degasperi-Norma_edited.jpg\" alt=\"\" width=\"800\" height=\"484\" srcset=\"https:\/\/www.bellunopress.it\/wp-content\/uploads\/2025\/09\/Pedavena-Croce-dAune-Degasperi-Norma_edited.jpg 800w, https:\/\/www.bellunopress.it\/wp-content\/uploads\/2025\/09\/Pedavena-Croce-dAune-Degasperi-Norma_edited-500x303.jpg 500w, https:\/\/www.bellunopress.it\/wp-content\/uploads\/2025\/09\/Pedavena-Croce-dAune-Degasperi-Norma_edited-694x420.jpg 694w, https:\/\/www.bellunopress.it\/wp-content\/uploads\/2025\/09\/Pedavena-Croce-dAune-Degasperi-Norma_edited-696x421.jpg 696w\" sizes=\"auto, (max-width: 800px) 100vw, 800px\" \/><figcaption id=\"caption-attachment-163215\" class=\"wp-caption-text\">Diego Degasperi su Norma M20 FC<\/figcaption><\/figure>\n<p><strong>La gara feltrina dal 19 al 21 settembre \u00e8 pronta a vivere un week end ad alto agonismo con il 12\u00b0 round del Campionato Italiano Velocit\u00e0 Montagna nord<\/strong><\/p>\n<p>Pedavena (BL) 11 settembre 2025. La Pedavena Croce D\u2019Aune si avvicina a grandi passi e dal 19 al 21 settembre il territorio feltrino \u00e8 pronto a vibrare di forti emozioni con il dodicesimo appuntamento stagionale del Campionato Italiano Velocit\u00e0 Montagna nord a cui sono attesi tutti i big delle salite, soprattutto i frequentatori della zona settentrionale d\u2019Italia.<br \/>\nManca poco pi\u00f9 di una settimana alla 41ma edizione della Pedavena Croce d\u2019Aune 2025 che, seppur su tracciato corto, sta richiamando l\u2019interesse dei tanti piloti che ogni anno raggiungono Pedavena per cimentarsi su un percorso di gara da sempre tecnico e spettacolare.<br \/>\nLe iscrizioni chiuderanno alla mezzanotte di luned\u00ec 15 settembre ma sono gi\u00e0 oltre 150 i piloti iscritti.<br \/>\nAnche quest\u2019anno la gara si disputer\u00e0 sul percorso accorciato con termine ai confini con l\u2019area del Parco Dolomiti Bellunesi ma gli organizzatori confidano che il 2026 sia l\u2019anno buono per rivedere la gara giungere nuovamente a Croce d\u2019Aune.<br \/>\nL\u2019iter di modifica del regolamento del Parco \u00e8 in pieno svolgimento ed ora \u00e8 a Roma in attesa di pubblicazione in Gazzetta Ufficiale. Certo servir\u00e0 mantenere alta l\u2019attenzione ed in tal senso importante sar\u00e0 l\u2019azione che la politica Bellunese potr\u00e0 mettere in campo per non prolungare ulteriormente l\u2019attesa di piloti ed appassionati consentendo loro di godere di uno spettacolo finalmente integrale sugli 8 km del tracciato originale.<br \/>\nNel frattempo il Comitato Organizzatore ringrazia l\u2019Ente Parco per la collaborazione nel consentire, come gi\u00e0 avvenuto negli ultimi due anni, di utilizzare l\u2019area di Pian d\u2019Avena per gli allestimenti logistici per piloti e maestranze della manifestazione. E\u2019 un supporto prezioso senza il quale la gara non potrebbe avere luogo.<br \/>\nI motori inizieranno a rombare venerd\u00ec 19 con le verifiche sportive e tecniche presso la Birreria Pedavena e poi a seguire le prove sabato 20, con tre manche a partire dalle 9 del mattino, e la gara domenica 21 in due manche.<br \/>\nLe novit\u00e0 di quest\u2019anno riguarderanno le aree pubblico ampliate con ben 9 postazioni, predisposte per consentire una miglior distribuzione del pubblico lungo il tracciato garantendo agli stessi una maggiore sicurezza, le premiazioni che torneranno ad essere effettuate presso la Birreria Pedavena, accompagnate da una sicura e massiccia presenza di appassionati e l\u2019inserimento della Pedavena Croce d\u2019Aune nel circuito IRS CUP, nuovo trofeo ideato e promosso dal pilota ed amico della manifestazione Diego De Gasperi, gi\u00e0 plurivincitore della gara.<br \/>\nIl comitato organizzatore raccomanda ai tanti tifosi che vorranno seguire la manifestazione di visionare sul sito www.pedavenacrocedaune.com le regole di comportamento che dovranno tassativamente essere rispettate per consentire un regolare svolgimento della gara.<br \/>\nGara che anche quest\u2019anno \u00e8 intitolata al compianto ex organizzatore Maurizio Gris ma non mancheranno dei momenti commemorativi anche per due storici collaboratori della manifestazione, Roberto e Donato Zuglian, prematuramente scomparsi nella primavera 2025 ed anche per Manuele Micheletto, lo sfortunato volontario dell\u2019Alpe del Nevegal che ha perso la vita lo scorso anno dopo la fine della manifestazione motoristica Bellunese.<br \/>\nInfine un ringraziamento a tutti i partner che confermano la propria fiducia nella valenza promozionale della competizione veneta, senza i quali non sarebbe possibile organizzare un evento di tale portata ed interesse non solo per Pedavena ma per l\u2019intera conca Bellunese.<br \/>\nLo scorso anno il successo and\u00f2 proprio al trentino Diego Degasperi su Norma M20 FC, seguito dal siciliano Franco Caruso su Nova Proto NP01 e dal giovane lombardo Giancarlo Maroni jr. su Nova Proto a motore sovralimentato di classe 2000. Tra le storiche il miglior tempo sul tracciato \u00e8 stato quello di Denny Zardo su Giada.<\/p>","protected":false},"excerpt":{"rendered":"<p>La gara feltrina dal 19 al 21 settembre \u00e8 pronta a vivere un week end ad alto agonismo con il 12\u00b0 round del Campionato Italiano Velocit\u00e0 Montagna nord Pedavena (BL) 11 settembre 2025. La Pedavena Croce D\u2019Aune si avvicina a grandi passi e dal 19 al 21 settembre il territorio feltrino \u00e8 pronto a vibrare [&hellip;]<\/p>\n","protected":false},"author":2,"featured_media":163215,"comment_status":"closed","ping_status":"open","sticky":false,"template":"","format":"standard","meta":{"footnotes":""},"categories":[26,4],"tags":[],"class_list":["post-163214","post","type-post","status-publish","format-standard","has-post-thumbnail","category-prima-pagina","category-sport"],"yoast_head":"<!-- This site is optimized with the Yoast SEO plugin v28.4 - https:\/\/yoast.com\/product\/yoast-seo-wordpress\/ -->\n<title>Dieci giorni alla 41ma edizione della Pedavena - Croce D\u2019Aune - Bellunopress - Dolomiti<\/title>\n<meta name=\"robots\" content=\"index, follow, max-snippet:-1, max-image-preview:large, max-video-preview:-1\" \/>\n<link rel=\"canonical\" href=\"https:\/\/www.bellunopress.it\/fr\/2025\/09\/11\/dieci-giorni-alla-41ma-edizione-della-pedavena-croce-daune\/\" \/>\n<meta property=\"og:locale\" content=\"fr_FR\" \/>\n<meta property=\"og:type\" content=\"article\" \/>\n<meta property=\"og:title\" content=\"Dieci giorni alla 41ma edizione della Pedavena - Croce D\u2019Aune - Bellunopress - Dolomiti\" \/>\n<meta property=\"og:description\" content=\"La gara feltrina dal 19 al 21 settembre \u00e8 pronta a vivere un week end ad alto agonismo con il 12\u00b0 round del Campionato Italiano Velocit\u00e0 Montagna nord Pedavena (BL) 11 settembre 2025. La Pedavena Croce D\u2019Aune si avvicina a grandi passi e dal 19 al 21 settembre il territorio feltrino \u00e8 pronto a vibrare [&hellip;]\" \/>\n<meta property=\"og:url\" content=\"https:\/\/www.bellunopress.it\/fr\/2025\/09\/11\/dieci-giorni-alla-41ma-edizione-della-pedavena-croce-daune\/\" \/>\n<meta property=\"og:site_name\" content=\"Bellunopress - Dolomiti\" \/>\n<meta property=\"article:publisher\" content=\"https:\/\/www.facebook.com\/profile.php?id=100008943462799\" \/>\n<meta property=\"article:published_time\" content=\"2025-09-11T16:19:19+00:00\" \/>\n<meta property=\"og:image\" content=\"https:\/\/www.bellunopress.it\/wp-content\/uploads\/2025\/09\/Pedavena-Croce-dAune-Degasperi-Norma_edited.jpg\" \/>\n\t<meta property=\"og:image:width\" content=\"800\" \/>\n\t<meta property=\"og:image:height\" content=\"484\" \/>\n\t<meta property=\"og:image:type\" content=\"image\/jpeg\" \/>\n<meta name=\"author\" content=\"redazione\" \/>\n<meta name=\"twitter:card\" content=\"summary_large_image\" \/>\n<meta name=\"twitter:creator\" content=\"@bellunopress\" \/>\n<meta name=\"twitter:site\" content=\"@bellunopress\" \/>\n<meta name=\"twitter:label1\" content=\"\u00c9crit par\" \/>\n\t<meta name=\"twitter:data1\" content=\"redazione\" \/>\n\t<meta name=\"twitter:label2\" content=\"Dur\u00e9e de lecture estim\u00e9e\" \/>\n\t<meta name=\"twitter:data2\" content=\"3 minutes\" \/>\n<script type=\"application\/ld+json\" class=\"yoast-schema-graph\">{\"@context\":\"https:\\\/\\\/schema.org\",\"@graph\":[{\"@type\":\"Article\",\"@id\":\"https:\\\/\\\/www.bellunopress.it\\\/2025\\\/09\\\/11\\\/dieci-giorni-alla-41ma-edizione-della-pedavena-croce-daune\\\/#article\",\"isPartOf\":{\"@id\":\"https:\\\/\\\/www.bellunopress.it\\\/2025\\\/09\\\/11\\\/dieci-giorni-alla-41ma-edizione-della-pedavena-croce-daune\\\/\"},\"author\":{\"name\":\"redazione\",\"@id\":\"https:\\\/\\\/www.bellunopress.it\\\/#\\\/schema\\\/person\\\/79bb06722b37ece1c03d3e94beb30d73\"},\"headline\":\"Dieci giorni alla 41ma edizione della Pedavena &#8211; Croce D\u2019Aune\",\"datePublished\":\"2025-09-11T16:19:19+00:00\",\"mainEntityOfPage\":{\"@id\":\"https:\\\/\\\/www.bellunopress.it\\\/2025\\\/09\\\/11\\\/dieci-giorni-alla-41ma-edizione-della-pedavena-croce-daune\\\/\"},\"wordCount\":630,\"publisher\":{\"@id\":\"https:\\\/\\\/www.bellunopress.it\\\/#organization\"},\"image\":{\"@id\":\"https:\\\/\\\/www.bellunopress.it\\\/2025\\\/09\\\/11\\\/dieci-giorni-alla-41ma-edizione-della-pedavena-croce-daune\\\/#primaryimage\"},\"thumbnailUrl\":\"https:\\\/\\\/www.bellunopress.it\\\/wp-content\\\/uploads\\\/2025\\\/09\\\/Pedavena-Croce-dAune-Degasperi-Norma_edited.jpg\",\"articleSection\":[\"Prima Pagina\",\"Sport, tempo libero\"],\"inLanguage\":\"fr-FR\"},{\"@type\":\"WebPage\",\"@id\":\"https:\\\/\\\/www.bellunopress.it\\\/2025\\\/09\\\/11\\\/dieci-giorni-alla-41ma-edizione-della-pedavena-croce-daune\\\/\",\"url\":\"https:\\\/\\\/www.bellunopress.it\\\/2025\\\/09\\\/11\\\/dieci-giorni-alla-41ma-edizione-della-pedavena-croce-daune\\\/\",\"name\":\"Dieci giorni alla 41ma edizione della Pedavena - Croce D\u2019Aune - Bellunopress - Dolomiti\",\"isPartOf\":{\"@id\":\"https:\\\/\\\/www.bellunopress.it\\\/#website\"},\"primaryImageOfPage\":{\"@id\":\"https:\\\/\\\/www.bellunopress.it\\\/2025\\\/09\\\/11\\\/dieci-giorni-alla-41ma-edizione-della-pedavena-croce-daune\\\/#primaryimage\"},\"image\":{\"@id\":\"https:\\\/\\\/www.bellunopress.it\\\/2025\\\/09\\\/11\\\/dieci-giorni-alla-41ma-edizione-della-pedavena-croce-daune\\\/#primaryimage\"},\"thumbnailUrl\":\"https:\\\/\\\/www.bellunopress.it\\\/wp-content\\\/uploads\\\/2025\\\/09\\\/Pedavena-Croce-dAune-Degasperi-Norma_edited.jpg\",\"datePublished\":\"2025-09-11T16:19:19+00:00\",\"breadcrumb\":{\"@id\":\"https:\\\/\\\/www.bellunopress.it\\\/2025\\\/09\\\/11\\\/dieci-giorni-alla-41ma-edizione-della-pedavena-croce-daune\\\/#breadcrumb\"},\"inLanguage\":\"fr-FR\",\"potentialAction\":[{\"@type\":\"ReadAction\",\"target\":[\"https:\\\/\\\/www.bellunopress.it\\\/2025\\\/09\\\/11\\\/dieci-giorni-alla-41ma-edizione-della-pedavena-croce-daune\\\/\"]}]},{\"@type\":\"ImageObject\",\"inLanguage\":\"fr-FR\",\"@id\":\"https:\\\/\\\/www.bellunopress.it\\\/2025\\\/09\\\/11\\\/dieci-giorni-alla-41ma-edizione-della-pedavena-croce-daune\\\/#primaryimage\",\"url\":\"https:\\\/\\\/www.bellunopress.it\\\/wp-content\\\/uploads\\\/2025\\\/09\\\/Pedavena-Croce-dAune-Degasperi-Norma_edited.jpg\",\"contentUrl\":\"https:\\\/\\\/www.bellunopress.it\\\/wp-content\\\/uploads\\\/2025\\\/09\\\/Pedavena-Croce-dAune-Degasperi-Norma_edited.jpg\",\"width\":800,\"height\":484,\"caption\":\"Diego Degasperi su Norma M20 FC\"},{\"@type\":\"BreadcrumbList\",\"@id\":\"https:\\\/\\\/www.bellunopress.it\\\/2025\\\/09\\\/11\\\/dieci-giorni-alla-41ma-edizione-della-pedavena-croce-daune\\\/#breadcrumb\",\"itemListElement\":[{\"@type\":\"ListItem\",\"position\":1,\"name\":\"Home\",\"item\":\"https:\\\/\\\/www.bellunopress.it\\\/\"},{\"@type\":\"ListItem\",\"position\":2,\"name\":\"Dieci giorni alla 41ma edizione della Pedavena &#8211; Croce D\u2019Aune\"}]},{\"@type\":\"WebSite\",\"@id\":\"https:\\\/\\\/www.bellunopress.it\\\/#website\",\"url\":\"https:\\\/\\\/www.bellunopress.it\\\/\",\"name\":\"Bellunopress - Dolomiti\",\"description\":\"e-mail: redazione@bellunopress.it\",\"publisher\":{\"@id\":\"https:\\\/\\\/www.bellunopress.it\\\/#organization\"},\"potentialAction\":[{\"@type\":\"SearchAction\",\"target\":{\"@type\":\"EntryPoint\",\"urlTemplate\":\"https:\\\/\\\/www.bellunopress.it\\\/?s={search_term_string}\"},\"query-input\":{\"@type\":\"PropertyValueSpecification\",\"valueRequired\":true,\"valueName\":\"search_term_string\"}}],\"inLanguage\":\"fr-FR\"},{\"@type\":\"Organization\",\"@id\":\"https:\\\/\\\/www.bellunopress.it\\\/#organization\",\"name\":\"Bellunopress\",\"url\":\"https:\\\/\\\/www.bellunopress.it\\\/\",\"logo\":{\"@type\":\"ImageObject\",\"inLanguage\":\"fr-FR\",\"@id\":\"https:\\\/\\\/www.bellunopress.it\\\/#\\\/schema\\\/logo\\\/image\\\/\",\"url\":\"https:\\\/\\\/www.bellunopress.it\\\/wp-content\\\/uploads\\\/2011\\\/05\\\/cropped-logo-bellunopress-.jpg\",\"contentUrl\":\"https:\\\/\\\/www.bellunopress.it\\\/wp-content\\\/uploads\\\/2011\\\/05\\\/cropped-logo-bellunopress-.jpg\",\"width\":512,\"height\":512,\"caption\":\"Bellunopress\"},\"image\":{\"@id\":\"https:\\\/\\\/www.bellunopress.it\\\/#\\\/schema\\\/logo\\\/image\\\/\"},\"sameAs\":[\"https:\\\/\\\/www.facebook.com\\\/profile.php?id=100008943462799\",\"https:\\\/\\\/x.com\\\/bellunopress\",\"https:\\\/\\\/www.linkedin.com\\\/hp\\\/?dnr=JBzUWaJfMUw8vbXJJ2tVW5-I3jZKvC4wsoxE&amp;amp;amp;amp;amp;amp;trk=nav_responsive_tab_home\",\"https:\\\/\\\/www.youtube.com\\\/channel\\\/UCxL0wu1uN0_3_7hGG0306cw\"]},{\"@type\":\"Person\",\"@id\":\"https:\\\/\\\/www.bellunopress.it\\\/#\\\/schema\\\/person\\\/79bb06722b37ece1c03d3e94beb30d73\",\"name\":\"redazione\",\"image\":{\"@type\":\"ImageObject\",\"inLanguage\":\"fr-FR\",\"@id\":\"https:\\\/\\\/secure.gravatar.com\\\/avatar\\\/37d968a2e67a6fd04c169c4bdef102d0bc5d31b2546345219e348575eb80e9a0?s=96&d=mm&r=g\",\"url\":\"https:\\\/\\\/secure.gravatar.com\\\/avatar\\\/37d968a2e67a6fd04c169c4bdef102d0bc5d31b2546345219e348575eb80e9a0?s=96&d=mm&r=g\",\"contentUrl\":\"https:\\\/\\\/secure.gravatar.com\\\/avatar\\\/37d968a2e67a6fd04c169c4bdef102d0bc5d31b2546345219e348575eb80e9a0?s=96&d=mm&r=g\",\"caption\":\"redazione\"},\"sameAs\":[\"http:\\\/\\\/www.bellunopress.it\",\"https:\\\/\\\/x.com\\\/bellunopress\"],\"url\":\"https:\\\/\\\/www.bellunopress.it\\\/fr\\\/author\\\/redazione\\\/\"}]}<\/script>\n<!-- \/ Yoast SEO plugin. -->","yoast_head_json":{"title":"Dieci giorni alla 41ma edizione della Pedavena - Croce D\u2019Aune - Bellunopress - Dolomiti","robots":{"index":"index","follow":"follow","max-snippet":"max-snippet:-1","max-image-preview":"max-image-preview:large","max-video-preview":"max-video-preview:-1"},"canonical":"https:\/\/www.bellunopress.it\/fr\/2025\/09\/11\/dieci-giorni-alla-41ma-edizione-della-pedavena-croce-daune\/","og_locale":"fr_FR","og_type":"article","og_title":"Dieci giorni alla 41ma edizione della Pedavena - Croce D\u2019Aune - Bellunopress - Dolomiti","og_description":"La gara feltrina dal 19 al 21 settembre \u00e8 pronta a vivere un week end ad alto agonismo con il 12\u00b0 round del Campionato Italiano Velocit\u00e0 Montagna nord Pedavena (BL) 11 settembre 2025. La Pedavena Croce D\u2019Aune si avvicina a grandi passi e dal 19 al 21 settembre il territorio feltrino \u00e8 pronto a vibrare [&hellip;]","og_url":"https:\/\/www.bellunopress.it\/fr\/2025\/09\/11\/dieci-giorni-alla-41ma-edizione-della-pedavena-croce-daune\/","og_site_name":"Bellunopress - Dolomiti","article_publisher":"https:\/\/www.facebook.com\/profile.php?id=100008943462799","article_published_time":"2025-09-11T16:19:19+00:00","og_image":[{"width":800,"height":484,"url":"https:\/\/www.bellunopress.it\/wp-content\/uploads\/2025\/09\/Pedavena-Croce-dAune-Degasperi-Norma_edited.jpg","type":"image\/jpeg"}],"author":"redazione","twitter_card":"summary_large_image","twitter_creator":"@bellunopress","twitter_site":"@bellunopress","twitter_misc":{"\u00c9crit par":"redazione","Dur\u00e9e de lecture estim\u00e9e":"3 minutes"},"schema":{"@context":"https:\/\/schema.org","@graph":[{"@type":"Article","@id":"https:\/\/www.bellunopress.it\/2025\/09\/11\/dieci-giorni-alla-41ma-edizione-della-pedavena-croce-daune\/#article","isPartOf":{"@id":"https:\/\/www.bellunopress.it\/2025\/09\/11\/dieci-giorni-alla-41ma-edizione-della-pedavena-croce-daune\/"},"author":{"name":"redazione","@id":"https:\/\/www.bellunopress.it\/#\/schema\/person\/79bb06722b37ece1c03d3e94beb30d73"},"headline":"Dieci giorni alla 41ma edizione della Pedavena &#8211; Croce D\u2019Aune","datePublished":"2025-09-11T16:19:19+00:00","mainEntityOfPage":{"@id":"https:\/\/www.bellunopress.it\/2025\/09\/11\/dieci-giorni-alla-41ma-edizione-della-pedavena-croce-daune\/"},"wordCount":630,"publisher":{"@id":"https:\/\/www.bellunopress.it\/#organization"},"image":{"@id":"https:\/\/www.bellunopress.it\/2025\/09\/11\/dieci-giorni-alla-41ma-edizione-della-pedavena-croce-daune\/#primaryimage"},"thumbnailUrl":"https:\/\/www.bellunopress.it\/wp-content\/uploads\/2025\/09\/Pedavena-Croce-dAune-Degasperi-Norma_edited.jpg","articleSection":["Prima Pagina","Sport, tempo libero"],"inLanguage":"fr-FR"},{"@type":"WebPage","@id":"https:\/\/www.bellunopress.it\/2025\/09\/11\/dieci-giorni-alla-41ma-edizione-della-pedavena-croce-daune\/","url":"https:\/\/www.bellunopress.it\/2025\/09\/11\/dieci-giorni-alla-41ma-edizione-della-pedavena-croce-daune\/","name":"Dieci giorni alla 41ma edizione della Pedavena - Croce D\u2019Aune - Bellunopress - Dolomiti","isPartOf":{"@id":"https:\/\/www.bellunopress.it\/#website"},"primaryImageOfPage":{"@id":"https:\/\/www.bellunopress.it\/2025\/09\/11\/dieci-giorni-alla-41ma-edizione-della-pedavena-croce-daune\/#primaryimage"},"image":{"@id":"https:\/\/www.bellunopress.it\/2025\/09\/11\/dieci-giorni-alla-41ma-edizione-della-pedavena-croce-daune\/#primaryimage"},"thumbnailUrl":"https:\/\/www.bellunopress.it\/wp-content\/uploads\/2025\/09\/Pedavena-Croce-dAune-Degasperi-Norma_edited.jpg","datePublished":"2025-09-11T16:19:19+00:00","breadcrumb":{"@id":"https:\/\/www.bellunopress.it\/2025\/09\/11\/dieci-giorni-alla-41ma-edizione-della-pedavena-croce-daune\/#breadcrumb"},"inLanguage":"fr-FR","potentialAction":[{"@type":"ReadAction","target":["https:\/\/www.bellunopress.it\/2025\/09\/11\/dieci-giorni-alla-41ma-edizione-della-pedavena-croce-daune\/"]}]},{"@type":"ImageObject","inLanguage":"fr-FR","@id":"https:\/\/www.bellunopress.it\/2025\/09\/11\/dieci-giorni-alla-41ma-edizione-della-pedavena-croce-daune\/#primaryimage","url":"https:\/\/www.bellunopress.it\/wp-content\/uploads\/2025\/09\/Pedavena-Croce-dAune-Degasperi-Norma_edited.jpg","contentUrl":"https:\/\/www.bellunopress.it\/wp-content\/uploads\/2025\/09\/Pedavena-Croce-dAune-Degasperi-Norma_edited.jpg","width":800,"height":484,"caption":"Diego Degasperi su Norma M20 FC"},{"@type":"BreadcrumbList","@id":"https:\/\/www.bellunopress.it\/2025\/09\/11\/dieci-giorni-alla-41ma-edizione-della-pedavena-croce-daune\/#breadcrumb","itemListElement":[{"@type":"ListItem","position":1,"name":"Home","item":"https:\/\/www.bellunopress.it\/"},{"@type":"ListItem","position":2,"name":"Dieci giorni alla 41ma edizione della Pedavena &#8211; Croce D\u2019Aune"}]},{"@type":"WebSite","@id":"https:\/\/www.bellunopress.it\/#website","url":"https:\/\/www.bellunopress.it\/","name":"Bellunopress - Dolomiti","description":"e-mail: redazione@bellunopress.it","publisher":{"@id":"https:\/\/www.bellunopress.it\/#organization"},"potentialAction":[{"@type":"SearchAction","target":{"@type":"EntryPoint","urlTemplate":"https:\/\/www.bellunopress.it\/?s={search_term_string}"},"query-input":{"@type":"PropertyValueSpecification","valueRequired":true,"valueName":"search_term_string"}}],"inLanguage":"fr-FR"},{"@type":"Organization","@id":"https:\/\/www.bellunopress.it\/#organization","name":"Bellunopress","url":"https:\/\/www.bellunopress.it\/","logo":{"@type":"ImageObject","inLanguage":"fr-FR","@id":"https:\/\/www.bellunopress.it\/#\/schema\/logo\/image\/","url":"https:\/\/www.bellunopress.it\/wp-content\/uploads\/2011\/05\/cropped-logo-bellunopress-.jpg","contentUrl":"https:\/\/www.bellunopress.it\/wp-content\/uploads\/2011\/05\/cropped-logo-bellunopress-.jpg","width":512,"height":512,"caption":"Bellunopress"},"image":{"@id":"https:\/\/www.bellunopress.it\/#\/schema\/logo\/image\/"},"sameAs":["https:\/\/www.facebook.com\/profile.php?id=100008943462799","https:\/\/x.com\/bellunopress","https:\/\/www.linkedin.com\/hp\/?dnr=JBzUWaJfMUw8vbXJJ2tVW5-I3jZKvC4wsoxE&amp;amp;amp;amp;amp;amp;trk=nav_responsive_tab_home","https:\/\/www.youtube.com\/channel\/UCxL0wu1uN0_3_7hGG0306cw"]},{"@type":"Person","@id":"https:\/\/www.bellunopress.it\/#\/schema\/person\/79bb06722b37ece1c03d3e94beb30d73","name":"r\u00e9daction","image":{"@type":"ImageObject","inLanguage":"fr-FR","@id":"https:\/\/secure.gravatar.com\/avatar\/37d968a2e67a6fd04c169c4bdef102d0bc5d31b2546345219e348575eb80e9a0?s=96&d=mm&r=g","url":"https:\/\/secure.gravatar.com\/avatar\/37d968a2e67a6fd04c169c4bdef102d0bc5d31b2546345219e348575eb80e9a0?s=96&d=mm&r=g","contentUrl":"https:\/\/secure.gravatar.com\/avatar\/37d968a2e67a6fd04c169c4bdef102d0bc5d31b2546345219e348575eb80e9a0?s=96&d=mm&r=g","caption":"redazione"},"sameAs":["http:\/\/www.bellunopress.it","https:\/\/x.com\/bellunopress"],"url":"https:\/\/www.bellunopress.it\/fr\/author\/redazione\/"}]}},"_links":{"self":[{"href":"https:\/\/www.bellunopress.it\/fr\/wp-json\/wp\/v2\/posts\/163214","targetHints":{"allow":["GET"]}}],"collection":[{"href":"https:\/\/www.bellunopress.it\/fr\/wp-json\/wp\/v2\/posts"}],"about":[{"href":"https:\/\/www.bellunopress.it\/fr\/wp-json\/wp\/v2\/types\/post"}],"author":[{"embeddable":true,"href":"https:\/\/www.bellunopress.it\/fr\/wp-json\/wp\/v2\/users\/2"}],"replies":[{"embeddable":true,"href":"https:\/\/www.bellunopress.it\/fr\/wp-json\/wp\/v2\/comments?post=163214"}],"version-history":[{"count":1,"href":"https:\/\/www.bellunopress.it\/fr\/wp-json\/wp\/v2\/posts\/163214\/revisions"}],"predecessor-version":[{"id":163216,"href":"https:\/\/www.bellunopress.it\/fr\/wp-json\/wp\/v2\/posts\/163214\/revisions\/163216"}],"wp:featuredmedia":[{"embeddable":true,"href":"https:\/\/www.bellunopress.it\/fr\/wp-json\/wp\/v2\/media\/163215"}],"wp:attachment":[{"href":"https:\/\/www.bellunopress.it\/fr\/wp-json\/wp\/v2\/media?parent=163214"}],"wp:term":[{"taxonomy":"category","embeddable":true,"href":"https:\/\/www.bellunopress.it\/fr\/wp-json\/wp\/v2\/categories?post=163214"},{"taxonomy":"post_tag","embeddable":true,"href":"https:\/\/www.bellunopress.it\/fr\/wp-json\/wp\/v2\/tags?post=163214"}],"curies":[{"name":"wp","href":"https:\/\/api.w.org\/{rel}","templated":true}]}}