{"id":163209,"date":"2025-09-11T18:11:04","date_gmt":"2025-09-11T16:11:04","guid":{"rendered":"https:\/\/www.bellunopress.it\/?p=163209"},"modified":"2025-09-11T18:11:04","modified_gmt":"2025-09-11T16:11:04","slug":"la-fenice-pizza-fest-conquista-belluno","status":"publish","type":"post","link":"https:\/\/www.bellunopress.it\/fr\/2025\/09\/11\/la-fenice-pizza-fest-conquista-belluno\/","title":{"rendered":"La Fenice. Pizza Fest conquista Belluno"},"content":{"rendered":"<p><strong>Pizze d&#8217;autore e birre artigianali protagoniste della terza edizione<\/strong><\/p>\n<figure id=\"attachment_163210\" aria-describedby=\"caption-attachment-163210\" style=\"width: 800px\" class=\"wp-caption aligncenter\"><img loading=\"lazy\" decoding=\"async\" class=\"size-full wp-image-163210\" src=\"https:\/\/www.bellunopress.it\/wp-content\/uploads\/2025\/09\/La-Fenice-mercoledi-10-sett-2025.jpg\" alt=\"\" width=\"800\" height=\"600\" srcset=\"https:\/\/www.bellunopress.it\/wp-content\/uploads\/2025\/09\/La-Fenice-mercoledi-10-sett-2025.jpg 800w, https:\/\/www.bellunopress.it\/wp-content\/uploads\/2025\/09\/La-Fenice-mercoledi-10-sett-2025-500x375.jpg 500w, https:\/\/www.bellunopress.it\/wp-content\/uploads\/2025\/09\/La-Fenice-mercoledi-10-sett-2025-560x420.jpg 560w, https:\/\/www.bellunopress.it\/wp-content\/uploads\/2025\/09\/La-Fenice-mercoledi-10-sett-2025-80x60.jpg 80w, https:\/\/www.bellunopress.it\/wp-content\/uploads\/2025\/09\/La-Fenice-mercoledi-10-sett-2025-696x522.jpg 696w\" sizes=\"auto, (max-width: 800px) 100vw, 800px\" \/><figcaption id=\"caption-attachment-163210\" class=\"wp-caption-text\"><br \/>I pizzaioli protagonisti di questa terza edizione del Pizza Fest. Da sinistra: Mattia Cicerone, Riccardo Furlani, Angelo Di Lieto e Gianni Dodaj<\/figcaption><\/figure>\n<p><strong> <img loading=\"lazy\" decoding=\"async\" class=\"aligncenter size-large wp-image-163212\" src=\"https:\/\/www.bellunopress.it\/wp-content\/uploads\/2025\/09\/pizza-La-Fenice_edited.jpg\" alt=\"\" width=\"696\" height=\"423\" srcset=\"https:\/\/www.bellunopress.it\/wp-content\/uploads\/2025\/09\/pizza-La-Fenice_edited.jpg 800w, https:\/\/www.bellunopress.it\/wp-content\/uploads\/2025\/09\/pizza-La-Fenice_edited-500x304.jpg 500w, https:\/\/www.bellunopress.it\/wp-content\/uploads\/2025\/09\/pizza-La-Fenice_edited-691x420.jpg 691w, https:\/\/www.bellunopress.it\/wp-content\/uploads\/2025\/09\/pizza-La-Fenice_edited-696x423.jpg 696w\" sizes=\"auto, (max-width: 696px) 100vw, 696px\" \/><\/strong>Belluno, 11 settembre 2025 &#8211; Un successo la terza edizione di Pizza Fest, una serata di festa con le creazioni di Angelo Di Lieto, patron della pizzeria La Fenice gi\u00e0 Due Spicchi Gambero Rosso, e tre grandi maestri lievitisti ospiti. In abbinamento le birre artigianali del<br \/>\nbirrificio veronese Mastino.<\/p>\n<p>Si \u00e8 conclusa con grande entusiasmo la terza edizione di Pizza Fest, che mercoled\u00ec 10 settembre ha animato Belluno trasformando Pizzeria La Fenice, in via Ippolito Caffi 11, in un palcoscenico di gusto e convivialit\u00e0. Ideata da Angelo Di Lieto ed Erika D\u2019Amato, la manifestazione ha visto protagonista la pizza in diverse interpretazioni curate dai maestri pizzaioli Gianni Dodaj, Riccardo Furlani e Mattia Cicerone, ospiti di Di Lieto, tutte accompagnate dalle birre artigianali di Birra Mastino, di Bussolengo (VR).<\/p>\n<p>Ad aprire le danze \u00e8 stato proprio il padrone di casa, Angelo Di Lieto, con la tonda<br \/>\nArmonia d\u2019autunno: un impasto a lievitazione mista che ha accolto i profumi dei<br \/>\nporcini del Cadore, il carattere del Brie de Meaux, la delicatezza del prosciutto<br \/>\ncotto fatto in casa cbt e la croccantezza delle chips di zucca. Una pizza che ha<br \/>\nunito le radici amalfitane di Di Lieto alla passione e alla ricerca di impasti e<br \/>\nlavorazioni sempre nuove. In accompagnamento la Blanche Altaluna del birrificio<br \/>\nveronese, dalla freschezza speziata.<\/p>\n<p>Da San Don\u00e0 di Piave \u00e8 arrivato Gianni Dodaj, maestro della pizza in pala alla<br \/>\nromana, che ha firmato il padellino Montagna &amp; Bosco. Farine macinate a pietra,<br \/>\ngrano saraceno e una nota di caff\u00e8 100% arabica a sostegno di una farcitura<br \/>\nintensa e dai sapori montani: crema di patate di montagna, provola affumicata,<br \/>\nguanciale croccante, salsa di mirtilli e nocciole tostate delle Langhe. In<br \/>\nabbinamento, l\u2019Amber Lager Monaco, capace di esaltare le note affumicate e il<br \/>\ncarattere &#8220;rustico&#8221; del piatto.<\/p>\n<p>Dalla scena vicentina, Riccardo Furlani di Fattore F ha portato la sua Sensazione,<br \/>\npadellino con farine di cereali in lievitazione mista ad altissima idratazione<br \/>\narricchito con burrata pugliese di Andria, prosciutto crudo stagionato Benedicto<br \/>\ndi Simonini, origano fresco siciliano ed emulsione di basilico. Eleganza e<br \/>\nprecisione per una pizza accompagnata dalla Helles Cangrande, che ne ha<br \/>\nsottolineato la delicatezza e la freschezza aromatica.<\/p>\n<p>Infine Mattia Cicerone, giovane pizzaiolo bresciano titolare di Roco\u2019s Lab a Sal\u00f2,<br \/>\nha proposto il suo Doppio tranch: un gioco di contrasti tra la cremosit\u00e0 dello<br \/>\nstracchino, la morbidezza della mortadella, la sapidit\u00e0 dell\u2019acciuga del Cantabrico<br \/>\ne la freschezza della rucola con note balsamiche. Un equilibrio valorizzato dalla<br \/>\nstruttura decisa della Imperial Lager Bern di Birra Mastino.<\/p>\n<p>&#8220;Pizza Fest per me \u00e8 molto pi\u00f9 di una serata dedicata alla pizza: \u00e8 un incontro<br \/>\nfatto di passione, creativit\u00e0 e territorio &#8211; Spiega Angelo di Lieto &#8211; Avere al mio<br \/>\nfianco maestri come Gianni, Riccardo e Mattia significa condividere esperienze,<br \/>\nsperimentare nuove tecniche e far scoprire al pubblico di Belluno, e non solo,<br \/>\ncome la pizza possa essere un\u2019autentica espressione di gusto e cultura. Vedere le<br \/>\npersone gustare le nostre creazioni, accompagnate dalle birre artigianali<br \/>\nMastino, \u00e8 la conferma che il lavoro fatto con cura e amore per il prodotto porta<br \/>\nsempre grandi soddisfazioni.\u201d<\/p>\n<p>A chiudere in dolcezza la serata, la Cassata firmata dallo chef Danilo D\u2019Amato,<br \/>\nservita con la Baltic Porter Teodorico, che con i suoi sentori tostati ha completato il<br \/>\nviaggio tra pizza e birra.<br \/>\nUn percorso di gusto e una grande festa che ha reso la citt\u00e0 protagonista,<br \/>\nconfermando Pizza Fest come appuntamento ormai atteso e riconosciuto anche<br \/>\na livello nazionale.<\/p>","protected":false},"excerpt":{"rendered":"<p>Pizze d&#8217;autore e birre artigianali protagoniste della terza edizione Belluno, 11 settembre 2025 &#8211; Un successo la terza edizione di Pizza Fest, una serata di festa con le creazioni di Angelo Di Lieto, patron della pizzeria La Fenice gi\u00e0 Due Spicchi Gambero Rosso, e tre grandi maestri lievitisti ospiti. In abbinamento le birre artigianali del [&hellip;]<\/p>\n","protected":false},"author":2,"featured_media":163211,"comment_status":"closed","ping_status":"open","sticky":false,"template":"","format":"standard","meta":{"footnotes":""},"categories":[3393,26],"tags":[],"class_list":["post-163209","post","type-post","status-publish","format-standard","has-post-thumbnail","category-eventi-enogastronomici","category-prima-pagina"],"yoast_head":"<!-- This site is optimized with the Yoast SEO plugin v28.4 - https:\/\/yoast.com\/product\/yoast-seo-wordpress\/ -->\n<title>La Fenice. Pizza Fest conquista Belluno - Bellunopress - Dolomiti<\/title>\n<meta name=\"robots\" content=\"index, follow, max-snippet:-1, max-image-preview:large, max-video-preview:-1\" \/>\n<link rel=\"canonical\" href=\"https:\/\/www.bellunopress.it\/fr\/2025\/09\/11\/la-fenice-pizza-fest-conquista-belluno\/\" \/>\n<meta property=\"og:locale\" content=\"fr_FR\" \/>\n<meta property=\"og:type\" content=\"article\" \/>\n<meta property=\"og:title\" content=\"La Fenice. Pizza Fest conquista Belluno - Bellunopress - Dolomiti\" \/>\n<meta property=\"og:description\" content=\"Pizze d&#8217;autore e birre artigianali protagoniste della terza edizione Belluno, 11 settembre 2025 &#8211; Un successo la terza edizione di Pizza Fest, una serata di festa con le creazioni di Angelo Di Lieto, patron della pizzeria La Fenice gi\u00e0 Due Spicchi Gambero Rosso, e tre grandi maestri lievitisti ospiti. In abbinamento le birre artigianali del [&hellip;]\" \/>\n<meta property=\"og:url\" content=\"https:\/\/www.bellunopress.it\/fr\/2025\/09\/11\/la-fenice-pizza-fest-conquista-belluno\/\" \/>\n<meta property=\"og:site_name\" content=\"Bellunopress - Dolomiti\" \/>\n<meta property=\"article:publisher\" content=\"https:\/\/www.facebook.com\/profile.php?id=100008943462799\" \/>\n<meta property=\"article:published_time\" content=\"2025-09-11T16:11:04+00:00\" \/>\n<meta property=\"og:image\" content=\"https:\/\/www.bellunopress.it\/wp-content\/uploads\/2025\/09\/Angelo-DI-Lieto-La-Fenice_edited.jpg\" \/>\n\t<meta property=\"og:image:width\" content=\"800\" \/>\n\t<meta property=\"og:image:height\" content=\"682\" \/>\n\t<meta property=\"og:image:type\" content=\"image\/jpeg\" \/>\n<meta name=\"author\" content=\"redazione\" \/>\n<meta name=\"twitter:card\" content=\"summary_large_image\" \/>\n<meta name=\"twitter:creator\" content=\"@bellunopress\" \/>\n<meta name=\"twitter:site\" content=\"@bellunopress\" \/>\n<meta name=\"twitter:label1\" content=\"\u00c9crit par\" \/>\n\t<meta name=\"twitter:data1\" content=\"redazione\" \/>\n\t<meta name=\"twitter:label2\" content=\"Dur\u00e9e de lecture estim\u00e9e\" \/>\n\t<meta name=\"twitter:data2\" content=\"3 minutes\" \/>\n<script type=\"application\/ld+json\" class=\"yoast-schema-graph\">{\"@context\":\"https:\\\/\\\/schema.org\",\"@graph\":[{\"@type\":\"Article\",\"@id\":\"https:\\\/\\\/www.bellunopress.it\\\/2025\\\/09\\\/11\\\/la-fenice-pizza-fest-conquista-belluno\\\/#article\",\"isPartOf\":{\"@id\":\"https:\\\/\\\/www.bellunopress.it\\\/2025\\\/09\\\/11\\\/la-fenice-pizza-fest-conquista-belluno\\\/\"},\"author\":{\"name\":\"redazione\",\"@id\":\"https:\\\/\\\/www.bellunopress.it\\\/#\\\/schema\\\/person\\\/79bb06722b37ece1c03d3e94beb30d73\"},\"headline\":\"La Fenice. Pizza Fest conquista Belluno\",\"datePublished\":\"2025-09-11T16:11:04+00:00\",\"mainEntityOfPage\":{\"@id\":\"https:\\\/\\\/www.bellunopress.it\\\/2025\\\/09\\\/11\\\/la-fenice-pizza-fest-conquista-belluno\\\/\"},\"wordCount\":613,\"publisher\":{\"@id\":\"https:\\\/\\\/www.bellunopress.it\\\/#organization\"},\"image\":{\"@id\":\"https:\\\/\\\/www.bellunopress.it\\\/2025\\\/09\\\/11\\\/la-fenice-pizza-fest-conquista-belluno\\\/#primaryimage\"},\"thumbnailUrl\":\"https:\\\/\\\/www.bellunopress.it\\\/wp-content\\\/uploads\\\/2025\\\/09\\\/Angelo-DI-Lieto-La-Fenice_edited.jpg\",\"articleSection\":[\"Eventi enogastronomici\",\"Prima Pagina\"],\"inLanguage\":\"fr-FR\"},{\"@type\":\"WebPage\",\"@id\":\"https:\\\/\\\/www.bellunopress.it\\\/2025\\\/09\\\/11\\\/la-fenice-pizza-fest-conquista-belluno\\\/\",\"url\":\"https:\\\/\\\/www.bellunopress.it\\\/2025\\\/09\\\/11\\\/la-fenice-pizza-fest-conquista-belluno\\\/\",\"name\":\"La Fenice. Pizza Fest conquista Belluno - Bellunopress - Dolomiti\",\"isPartOf\":{\"@id\":\"https:\\\/\\\/www.bellunopress.it\\\/#website\"},\"primaryImageOfPage\":{\"@id\":\"https:\\\/\\\/www.bellunopress.it\\\/2025\\\/09\\\/11\\\/la-fenice-pizza-fest-conquista-belluno\\\/#primaryimage\"},\"image\":{\"@id\":\"https:\\\/\\\/www.bellunopress.it\\\/2025\\\/09\\\/11\\\/la-fenice-pizza-fest-conquista-belluno\\\/#primaryimage\"},\"thumbnailUrl\":\"https:\\\/\\\/www.bellunopress.it\\\/wp-content\\\/uploads\\\/2025\\\/09\\\/Angelo-DI-Lieto-La-Fenice_edited.jpg\",\"datePublished\":\"2025-09-11T16:11:04+00:00\",\"breadcrumb\":{\"@id\":\"https:\\\/\\\/www.bellunopress.it\\\/2025\\\/09\\\/11\\\/la-fenice-pizza-fest-conquista-belluno\\\/#breadcrumb\"},\"inLanguage\":\"fr-FR\",\"potentialAction\":[{\"@type\":\"ReadAction\",\"target\":[\"https:\\\/\\\/www.bellunopress.it\\\/2025\\\/09\\\/11\\\/la-fenice-pizza-fest-conquista-belluno\\\/\"]}]},{\"@type\":\"ImageObject\",\"inLanguage\":\"fr-FR\",\"@id\":\"https:\\\/\\\/www.bellunopress.it\\\/2025\\\/09\\\/11\\\/la-fenice-pizza-fest-conquista-belluno\\\/#primaryimage\",\"url\":\"https:\\\/\\\/www.bellunopress.it\\\/wp-content\\\/uploads\\\/2025\\\/09\\\/Angelo-DI-Lieto-La-Fenice_edited.jpg\",\"contentUrl\":\"https:\\\/\\\/www.bellunopress.it\\\/wp-content\\\/uploads\\\/2025\\\/09\\\/Angelo-DI-Lieto-La-Fenice_edited.jpg\",\"width\":800,\"height\":682,\"caption\":\"Angelo Di Lieto\"},{\"@type\":\"BreadcrumbList\",\"@id\":\"https:\\\/\\\/www.bellunopress.it\\\/2025\\\/09\\\/11\\\/la-fenice-pizza-fest-conquista-belluno\\\/#breadcrumb\",\"itemListElement\":[{\"@type\":\"ListItem\",\"position\":1,\"name\":\"Home\",\"item\":\"https:\\\/\\\/www.bellunopress.it\\\/\"},{\"@type\":\"ListItem\",\"position\":2,\"name\":\"La Fenice. Pizza Fest conquista Belluno\"}]},{\"@type\":\"WebSite\",\"@id\":\"https:\\\/\\\/www.bellunopress.it\\\/#website\",\"url\":\"https:\\\/\\\/www.bellunopress.it\\\/\",\"name\":\"Bellunopress - Dolomiti\",\"description\":\"e-mail: redazione@bellunopress.it\",\"publisher\":{\"@id\":\"https:\\\/\\\/www.bellunopress.it\\\/#organization\"},\"potentialAction\":[{\"@type\":\"SearchAction\",\"target\":{\"@type\":\"EntryPoint\",\"urlTemplate\":\"https:\\\/\\\/www.bellunopress.it\\\/?s={search_term_string}\"},\"query-input\":{\"@type\":\"PropertyValueSpecification\",\"valueRequired\":true,\"valueName\":\"search_term_string\"}}],\"inLanguage\":\"fr-FR\"},{\"@type\":\"Organization\",\"@id\":\"https:\\\/\\\/www.bellunopress.it\\\/#organization\",\"name\":\"Bellunopress\",\"url\":\"https:\\\/\\\/www.bellunopress.it\\\/\",\"logo\":{\"@type\":\"ImageObject\",\"inLanguage\":\"fr-FR\",\"@id\":\"https:\\\/\\\/www.bellunopress.it\\\/#\\\/schema\\\/logo\\\/image\\\/\",\"url\":\"https:\\\/\\\/www.bellunopress.it\\\/wp-content\\\/uploads\\\/2011\\\/05\\\/cropped-logo-bellunopress-.jpg\",\"contentUrl\":\"https:\\\/\\\/www.bellunopress.it\\\/wp-content\\\/uploads\\\/2011\\\/05\\\/cropped-logo-bellunopress-.jpg\",\"width\":512,\"height\":512,\"caption\":\"Bellunopress\"},\"image\":{\"@id\":\"https:\\\/\\\/www.bellunopress.it\\\/#\\\/schema\\\/logo\\\/image\\\/\"},\"sameAs\":[\"https:\\\/\\\/www.facebook.com\\\/profile.php?id=100008943462799\",\"https:\\\/\\\/x.com\\\/bellunopress\",\"https:\\\/\\\/www.linkedin.com\\\/hp\\\/?dnr=JBzUWaJfMUw8vbXJJ2tVW5-I3jZKvC4wsoxE&amp;amp;amp;amp;amp;amp;trk=nav_responsive_tab_home\",\"https:\\\/\\\/www.youtube.com\\\/channel\\\/UCxL0wu1uN0_3_7hGG0306cw\"]},{\"@type\":\"Person\",\"@id\":\"https:\\\/\\\/www.bellunopress.it\\\/#\\\/schema\\\/person\\\/79bb06722b37ece1c03d3e94beb30d73\",\"name\":\"redazione\",\"image\":{\"@type\":\"ImageObject\",\"inLanguage\":\"fr-FR\",\"@id\":\"https:\\\/\\\/secure.gravatar.com\\\/avatar\\\/37d968a2e67a6fd04c169c4bdef102d0bc5d31b2546345219e348575eb80e9a0?s=96&d=mm&r=g\",\"url\":\"https:\\\/\\\/secure.gravatar.com\\\/avatar\\\/37d968a2e67a6fd04c169c4bdef102d0bc5d31b2546345219e348575eb80e9a0?s=96&d=mm&r=g\",\"contentUrl\":\"https:\\\/\\\/secure.gravatar.com\\\/avatar\\\/37d968a2e67a6fd04c169c4bdef102d0bc5d31b2546345219e348575eb80e9a0?s=96&d=mm&r=g\",\"caption\":\"redazione\"},\"sameAs\":[\"http:\\\/\\\/www.bellunopress.it\",\"https:\\\/\\\/x.com\\\/bellunopress\"],\"url\":\"https:\\\/\\\/www.bellunopress.it\\\/fr\\\/author\\\/redazione\\\/\"}]}<\/script>\n<!-- \/ Yoast SEO plugin. -->","yoast_head_json":{"title":"La Fenice. Pizza Fest conquista Belluno - Bellunopress - Dolomiti","robots":{"index":"index","follow":"follow","max-snippet":"max-snippet:-1","max-image-preview":"max-image-preview:large","max-video-preview":"max-video-preview:-1"},"canonical":"https:\/\/www.bellunopress.it\/fr\/2025\/09\/11\/la-fenice-pizza-fest-conquista-belluno\/","og_locale":"fr_FR","og_type":"article","og_title":"La Fenice. Pizza Fest conquista Belluno - Bellunopress - Dolomiti","og_description":"Pizze d&#8217;autore e birre artigianali protagoniste della terza edizione Belluno, 11 settembre 2025 &#8211; Un successo la terza edizione di Pizza Fest, una serata di festa con le creazioni di Angelo Di Lieto, patron della pizzeria La Fenice gi\u00e0 Due Spicchi Gambero Rosso, e tre grandi maestri lievitisti ospiti. In abbinamento le birre artigianali del [&hellip;]","og_url":"https:\/\/www.bellunopress.it\/fr\/2025\/09\/11\/la-fenice-pizza-fest-conquista-belluno\/","og_site_name":"Bellunopress - Dolomiti","article_publisher":"https:\/\/www.facebook.com\/profile.php?id=100008943462799","article_published_time":"2025-09-11T16:11:04+00:00","og_image":[{"width":800,"height":682,"url":"https:\/\/www.bellunopress.it\/wp-content\/uploads\/2025\/09\/Angelo-DI-Lieto-La-Fenice_edited.jpg","type":"image\/jpeg"}],"author":"redazione","twitter_card":"summary_large_image","twitter_creator":"@bellunopress","twitter_site":"@bellunopress","twitter_misc":{"\u00c9crit par":"redazione","Dur\u00e9e de lecture estim\u00e9e":"3 minutes"},"schema":{"@context":"https:\/\/schema.org","@graph":[{"@type":"Article","@id":"https:\/\/www.bellunopress.it\/2025\/09\/11\/la-fenice-pizza-fest-conquista-belluno\/#article","isPartOf":{"@id":"https:\/\/www.bellunopress.it\/2025\/09\/11\/la-fenice-pizza-fest-conquista-belluno\/"},"author":{"name":"redazione","@id":"https:\/\/www.bellunopress.it\/#\/schema\/person\/79bb06722b37ece1c03d3e94beb30d73"},"headline":"La Fenice. Pizza Fest conquista Belluno","datePublished":"2025-09-11T16:11:04+00:00","mainEntityOfPage":{"@id":"https:\/\/www.bellunopress.it\/2025\/09\/11\/la-fenice-pizza-fest-conquista-belluno\/"},"wordCount":613,"publisher":{"@id":"https:\/\/www.bellunopress.it\/#organization"},"image":{"@id":"https:\/\/www.bellunopress.it\/2025\/09\/11\/la-fenice-pizza-fest-conquista-belluno\/#primaryimage"},"thumbnailUrl":"https:\/\/www.bellunopress.it\/wp-content\/uploads\/2025\/09\/Angelo-DI-Lieto-La-Fenice_edited.jpg","articleSection":["Eventi enogastronomici","Prima Pagina"],"inLanguage":"fr-FR"},{"@type":"WebPage","@id":"https:\/\/www.bellunopress.it\/2025\/09\/11\/la-fenice-pizza-fest-conquista-belluno\/","url":"https:\/\/www.bellunopress.it\/2025\/09\/11\/la-fenice-pizza-fest-conquista-belluno\/","name":"La Fenice. Pizza Fest conquista Belluno - Bellunopress - Dolomiti","isPartOf":{"@id":"https:\/\/www.bellunopress.it\/#website"},"primaryImageOfPage":{"@id":"https:\/\/www.bellunopress.it\/2025\/09\/11\/la-fenice-pizza-fest-conquista-belluno\/#primaryimage"},"image":{"@id":"https:\/\/www.bellunopress.it\/2025\/09\/11\/la-fenice-pizza-fest-conquista-belluno\/#primaryimage"},"thumbnailUrl":"https:\/\/www.bellunopress.it\/wp-content\/uploads\/2025\/09\/Angelo-DI-Lieto-La-Fenice_edited.jpg","datePublished":"2025-09-11T16:11:04+00:00","breadcrumb":{"@id":"https:\/\/www.bellunopress.it\/2025\/09\/11\/la-fenice-pizza-fest-conquista-belluno\/#breadcrumb"},"inLanguage":"fr-FR","potentialAction":[{"@type":"ReadAction","target":["https:\/\/www.bellunopress.it\/2025\/09\/11\/la-fenice-pizza-fest-conquista-belluno\/"]}]},{"@type":"ImageObject","inLanguage":"fr-FR","@id":"https:\/\/www.bellunopress.it\/2025\/09\/11\/la-fenice-pizza-fest-conquista-belluno\/#primaryimage","url":"https:\/\/www.bellunopress.it\/wp-content\/uploads\/2025\/09\/Angelo-DI-Lieto-La-Fenice_edited.jpg","contentUrl":"https:\/\/www.bellunopress.it\/wp-content\/uploads\/2025\/09\/Angelo-DI-Lieto-La-Fenice_edited.jpg","width":800,"height":682,"caption":"Angelo Di Lieto"},{"@type":"BreadcrumbList","@id":"https:\/\/www.bellunopress.it\/2025\/09\/11\/la-fenice-pizza-fest-conquista-belluno\/#breadcrumb","itemListElement":[{"@type":"ListItem","position":1,"name":"Home","item":"https:\/\/www.bellunopress.it\/"},{"@type":"ListItem","position":2,"name":"La Fenice. Pizza Fest conquista Belluno"}]},{"@type":"WebSite","@id":"https:\/\/www.bellunopress.it\/#website","url":"https:\/\/www.bellunopress.it\/","name":"Bellunopress - Dolomiti","description":"e-mail: redazione@bellunopress.it","publisher":{"@id":"https:\/\/www.bellunopress.it\/#organization"},"potentialAction":[{"@type":"SearchAction","target":{"@type":"EntryPoint","urlTemplate":"https:\/\/www.bellunopress.it\/?s={search_term_string}"},"query-input":{"@type":"PropertyValueSpecification","valueRequired":true,"valueName":"search_term_string"}}],"inLanguage":"fr-FR"},{"@type":"Organization","@id":"https:\/\/www.bellunopress.it\/#organization","name":"Bellunopress","url":"https:\/\/www.bellunopress.it\/","logo":{"@type":"ImageObject","inLanguage":"fr-FR","@id":"https:\/\/www.bellunopress.it\/#\/schema\/logo\/image\/","url":"https:\/\/www.bellunopress.it\/wp-content\/uploads\/2011\/05\/cropped-logo-bellunopress-.jpg","contentUrl":"https:\/\/www.bellunopress.it\/wp-content\/uploads\/2011\/05\/cropped-logo-bellunopress-.jpg","width":512,"height":512,"caption":"Bellunopress"},"image":{"@id":"https:\/\/www.bellunopress.it\/#\/schema\/logo\/image\/"},"sameAs":["https:\/\/www.facebook.com\/profile.php?id=100008943462799","https:\/\/x.com\/bellunopress","https:\/\/www.linkedin.com\/hp\/?dnr=JBzUWaJfMUw8vbXJJ2tVW5-I3jZKvC4wsoxE&amp;amp;amp;amp;amp;amp;trk=nav_responsive_tab_home","https:\/\/www.youtube.com\/channel\/UCxL0wu1uN0_3_7hGG0306cw"]},{"@type":"Person","@id":"https:\/\/www.bellunopress.it\/#\/schema\/person\/79bb06722b37ece1c03d3e94beb30d73","name":"r\u00e9daction","image":{"@type":"ImageObject","inLanguage":"fr-FR","@id":"https:\/\/secure.gravatar.com\/avatar\/37d968a2e67a6fd04c169c4bdef102d0bc5d31b2546345219e348575eb80e9a0?s=96&d=mm&r=g","url":"https:\/\/secure.gravatar.com\/avatar\/37d968a2e67a6fd04c169c4bdef102d0bc5d31b2546345219e348575eb80e9a0?s=96&d=mm&r=g","contentUrl":"https:\/\/secure.gravatar.com\/avatar\/37d968a2e67a6fd04c169c4bdef102d0bc5d31b2546345219e348575eb80e9a0?s=96&d=mm&r=g","caption":"redazione"},"sameAs":["http:\/\/www.bellunopress.it","https:\/\/x.com\/bellunopress"],"url":"https:\/\/www.bellunopress.it\/fr\/author\/redazione\/"}]}},"_links":{"self":[{"href":"https:\/\/www.bellunopress.it\/fr\/wp-json\/wp\/v2\/posts\/163209","targetHints":{"allow":["GET"]}}],"collection":[{"href":"https:\/\/www.bellunopress.it\/fr\/wp-json\/wp\/v2\/posts"}],"about":[{"href":"https:\/\/www.bellunopress.it\/fr\/wp-json\/wp\/v2\/types\/post"}],"author":[{"embeddable":true,"href":"https:\/\/www.bellunopress.it\/fr\/wp-json\/wp\/v2\/users\/2"}],"replies":[{"embeddable":true,"href":"https:\/\/www.bellunopress.it\/fr\/wp-json\/wp\/v2\/comments?post=163209"}],"version-history":[{"count":1,"href":"https:\/\/www.bellunopress.it\/fr\/wp-json\/wp\/v2\/posts\/163209\/revisions"}],"predecessor-version":[{"id":163213,"href":"https:\/\/www.bellunopress.it\/fr\/wp-json\/wp\/v2\/posts\/163209\/revisions\/163213"}],"wp:featuredmedia":[{"embeddable":true,"href":"https:\/\/www.bellunopress.it\/fr\/wp-json\/wp\/v2\/media\/163211"}],"wp:attachment":[{"href":"https:\/\/www.bellunopress.it\/fr\/wp-json\/wp\/v2\/media?parent=163209"}],"wp:term":[{"taxonomy":"category","embeddable":true,"href":"https:\/\/www.bellunopress.it\/fr\/wp-json\/wp\/v2\/categories?post=163209"},{"taxonomy":"post_tag","embeddable":true,"href":"https:\/\/www.bellunopress.it\/fr\/wp-json\/wp\/v2\/tags?post=163209"}],"curies":[{"name":"wp","href":"https:\/\/api.w.org\/{rel}","templated":true}]}}