{"id":163150,"date":"2025-09-09T14:20:26","date_gmt":"2025-09-09T12:20:26","guid":{"rendered":"https:\/\/www.bellunopress.it\/?p=163150"},"modified":"2025-09-09T14:20:26","modified_gmt":"2025-09-09T12:20:26","slug":"belluno-la-sacra-famiglia-con-donatore-e-il-busto-di-agostino-da-mula-resteranno-esposti-al-museo-civico","status":"publish","type":"post","link":"https:\/\/www.bellunopress.it\/fr\/2025\/09\/09\/belluno-la-sacra-famiglia-con-donatore-e-il-busto-di-agostino-da-mula-resteranno-esposti-al-museo-civico\/","title":{"rendered":"Belluno. La Sacra Famiglia con donatore e il busto di Agostino Da Mula resteranno esposti al Museo civico"},"content":{"rendered":"<figure id=\"attachment_163151\" aria-describedby=\"caption-attachment-163151\" style=\"width: 800px\" class=\"wp-caption aligncenter\"><img loading=\"lazy\" decoding=\"async\" class=\"size-full wp-image-163151\" src=\"https:\/\/www.bellunopress.it\/wp-content\/uploads\/2025\/09\/busto-di-Agostino-Da-Mula-Museo-Fulcis.jpg\" alt=\"\" width=\"800\" height=\"781\" srcset=\"https:\/\/www.bellunopress.it\/wp-content\/uploads\/2025\/09\/busto-di-Agostino-Da-Mula-Museo-Fulcis.jpg 800w, https:\/\/www.bellunopress.it\/wp-content\/uploads\/2025\/09\/busto-di-Agostino-Da-Mula-Museo-Fulcis-500x488.jpg 500w, https:\/\/www.bellunopress.it\/wp-content\/uploads\/2025\/09\/busto-di-Agostino-Da-Mula-Museo-Fulcis-430x420.jpg 430w, https:\/\/www.bellunopress.it\/wp-content\/uploads\/2025\/09\/busto-di-Agostino-Da-Mula-Museo-Fulcis-696x679.jpg 696w\" sizes=\"auto, (max-width: 800px) 100vw, 800px\" \/><figcaption id=\"caption-attachment-163151\" class=\"wp-caption-text\">Busto di Agostino Da Mula &#8211; Museo Fulcis<\/figcaption><\/figure>\n<figure id=\"attachment_163152\" aria-describedby=\"caption-attachment-163152\" style=\"width: 800px\" class=\"wp-caption aligncenter\"><img loading=\"lazy\" decoding=\"async\" class=\"size-full wp-image-163152\" src=\"https:\/\/www.bellunopress.it\/wp-content\/uploads\/2025\/09\/La-Sacra-Famiglia-con-donatore-di-Francesco-Frigimelica-II-Vecchio.jpg\" alt=\"\" width=\"800\" height=\"723\" srcset=\"https:\/\/www.bellunopress.it\/wp-content\/uploads\/2025\/09\/La-Sacra-Famiglia-con-donatore-di-Francesco-Frigimelica-II-Vecchio.jpg 800w, https:\/\/www.bellunopress.it\/wp-content\/uploads\/2025\/09\/La-Sacra-Famiglia-con-donatore-di-Francesco-Frigimelica-II-Vecchio-500x452.jpg 500w, https:\/\/www.bellunopress.it\/wp-content\/uploads\/2025\/09\/La-Sacra-Famiglia-con-donatore-di-Francesco-Frigimelica-II-Vecchio-465x420.jpg 465w, https:\/\/www.bellunopress.it\/wp-content\/uploads\/2025\/09\/La-Sacra-Famiglia-con-donatore-di-Francesco-Frigimelica-II-Vecchio-696x629.jpg 696w\" sizes=\"auto, (max-width: 800px) 100vw, 800px\" \/><figcaption id=\"caption-attachment-163152\" class=\"wp-caption-text\">La Sacra Famiglia con donatore, di Francesco Frigimelica II Vecchio &#8211; Museo Fulcis di Belluno<\/figcaption><\/figure>\n<p>Belluno, 9 settembre 2025 &#8211; Con una doppia delibera approvata in sede di giunta, \u00e8 stato rinnovato il comodato gratuito che consentir\u00e0 di mantenere esposte al Museo civico di Belluno due importanti opere d\u2019arte: il dipinto La Sacra Famiglia con donatore, di Francesco Frigimelica II Vecchio, e il busto marmoreo di Agostino Da Mula.<\/p>\n<p>L\u2019obiettivo \u00e8 quello di continuare a custodire e valorizzare questi preziosi beni all\u2019interno del percorso espositivo di Palazzo Fulcis. \u201cLa collaborazione tra istituzioni e privati \u00e8 un segno di attenzione verso la nostra comunit\u00e0 \u2013 commenta il sindaco, Oscar De Pellegrin -, ci permette di arricchire il patrimonio del Museo civico e di offrire ai cittadini e ai visitatori la possibilit\u00e0 di conoscere meglio la storia e l\u2019arte del nostro territorio. Con queste due opere Palazzo Fulcis si conferma non solo custode della memoria, ma anche luogo di dialogo tra epoche, artisti e generazioni\u201d.<\/p>\n<p><strong>Il dipinto<\/strong><br \/>\nNel 2023 il proprietario privato aveva manifestato la volont\u00e0 di concedere in comodato al Museo civico di Belluno il dipinto olio su tela raffigurante\u00a0La Sacra Famiglia con donatore, opera di Francesco Frigimelica II Vecchio, del XVII secolo. Il contratto, inizialmente stipulato per una durata di due anni, \u00e8 stato ora rinnovato con delibera di giunta, con il consenso di entrambe le parti.<br \/>\nIl dipinto riveste una particolare importanza per la storia e l\u2019arte locale: Frigimelica il Vecchio, con la sua bottega, fu infatti uno dei principali pittori attivi a Belluno e nel territorio per tutta la prima met\u00e0 del Seicento, caratterizzandosi per la diffusione capillare e la continuit\u00e0 della sua produzione. L\u2019opera, espressione di devozione privata, continuer\u00e0 dunque ad arricchire il percorso museale affiancando la paletta di propriet\u00e0 civica gi\u00e0 esposta nella chiesa di Monte di Piet\u00e0 (manifestazione di devozione pubblica). La tela si distingue per la qualit\u00e0 dell\u2019esecuzione tecnica ma anche per il soggetto rappresentato, in particolare per la presenza del ritratto del donatore.<br \/>\n\u201cAccogliere in comodato opere di rilievo storico-artistico da parte di privati \u00e8 un\u2019opportunit\u00e0 preziosa: &#8211; commenta l\u2019assessore alla cultura, Raffaele Addamiano -, ci consente di integrare e completare le collezioni del Museo, rafforzandone il valore culturale e offrendo al pubblico nuove occasioni di conoscenza e approfondimento\u201d.<\/p>\n<p><strong>Il busto<\/strong><br \/>\n\u00c8 stato rinnovato anche il comodato gratuito del busto in marmo di Agostino Da Mula, datato alla fine del XVI secolo, di propriet\u00e0 della Provincia di Belluno e proveniente da Palazzo dei Rettori.<br \/>\nIl busto, gi\u00e0 ospitato dal Museo civico dal 2019 in seguito alla caduta dalla facciata del Palazzo e al successivo restauro, rester\u00e0 esposto a Palazzo Fulcis per altri cinque anni, rinnovabili, grazie al nuovo accordo siglato con la Provincia.<br \/>\nLa collocazione nella sala 6 del Museo ha permesso di metterlo al riparo dagli agenti atmosferici che in passato ne avevano compromesso la conservazione e, al contempo, di valorizzarne appieno i significati storici e artistici, ponendolo in dialogo con le altre opere del Cinquecento e del Seicento esposte nel percorso museale.<\/p>","protected":false},"excerpt":{"rendered":"<p>Belluno, 9 settembre 2025 &#8211; Con una doppia delibera approvata in sede di giunta, \u00e8 stato rinnovato il comodato gratuito che consentir\u00e0 di mantenere esposte al Museo civico di Belluno due importanti opere d\u2019arte: il dipinto La Sacra Famiglia con donatore, di Francesco Frigimelica II Vecchio, e il busto marmoreo di Agostino Da Mula. L\u2019obiettivo [&hellip;]<\/p>\n","protected":false},"author":2,"featured_media":112879,"comment_status":"closed","ping_status":"open","sticky":false,"template":"","format":"standard","meta":{"footnotes":""},"categories":[3,25],"tags":[],"class_list":["post-163150","post","type-post","status-publish","format-standard","has-post-thumbnail","category-arte-cultura-spettacoli-scienza-archivi","category-pausa-caffe"],"yoast_head":"<!-- This site is optimized with the Yoast SEO plugin v28.4 - https:\/\/yoast.com\/product\/yoast-seo-wordpress\/ -->\n<title>Belluno. La Sacra Famiglia con donatore e il busto di Agostino Da Mula resteranno esposti al Museo civico - Bellunopress - Dolomiti<\/title>\n<meta name=\"robots\" content=\"index, follow, max-snippet:-1, max-image-preview:large, max-video-preview:-1\" \/>\n<link rel=\"canonical\" href=\"https:\/\/www.bellunopress.it\/fr\/2025\/09\/09\/belluno-la-sacra-famiglia-con-donatore-e-il-busto-di-agostino-da-mula-resteranno-esposti-al-museo-civico\/\" \/>\n<meta property=\"og:locale\" content=\"fr_FR\" \/>\n<meta property=\"og:type\" content=\"article\" \/>\n<meta property=\"og:title\" content=\"Belluno. La Sacra Famiglia con donatore e il busto di Agostino Da Mula resteranno esposti al Museo civico - Bellunopress - Dolomiti\" \/>\n<meta property=\"og:description\" content=\"Belluno, 9 settembre 2025 &#8211; Con una doppia delibera approvata in sede di giunta, \u00e8 stato rinnovato il comodato gratuito che consentir\u00e0 di mantenere esposte al Museo civico di Belluno due importanti opere d\u2019arte: il dipinto La Sacra Famiglia con donatore, di Francesco Frigimelica II Vecchio, e il busto marmoreo di Agostino Da Mula. L\u2019obiettivo [&hellip;]\" \/>\n<meta property=\"og:url\" content=\"https:\/\/www.bellunopress.it\/fr\/2025\/09\/09\/belluno-la-sacra-famiglia-con-donatore-e-il-busto-di-agostino-da-mula-resteranno-esposti-al-museo-civico\/\" \/>\n<meta property=\"og:site_name\" content=\"Bellunopress - Dolomiti\" \/>\n<meta property=\"article:publisher\" content=\"https:\/\/www.facebook.com\/profile.php?id=100008943462799\" \/>\n<meta property=\"article:published_time\" content=\"2025-09-09T12:20:26+00:00\" \/>\n<meta property=\"og:image\" content=\"https:\/\/www.bellunopress.it\/wp-content\/uploads\/2020\/03\/museo-Fulcis-facciata-esterna.jpg\" \/>\n\t<meta property=\"og:image:width\" content=\"800\" \/>\n\t<meta property=\"og:image:height\" content=\"772\" \/>\n\t<meta property=\"og:image:type\" content=\"image\/jpeg\" \/>\n<meta name=\"author\" content=\"redazione\" \/>\n<meta name=\"twitter:card\" content=\"summary_large_image\" \/>\n<meta name=\"twitter:creator\" content=\"@bellunopress\" \/>\n<meta name=\"twitter:site\" content=\"@bellunopress\" \/>\n<meta name=\"twitter:label1\" content=\"\u00c9crit par\" \/>\n\t<meta name=\"twitter:data1\" content=\"redazione\" \/>\n\t<meta name=\"twitter:label2\" content=\"Dur\u00e9e de lecture estim\u00e9e\" \/>\n\t<meta name=\"twitter:data2\" content=\"3 minutes\" \/>\n<script type=\"application\/ld+json\" class=\"yoast-schema-graph\">{\"@context\":\"https:\\\/\\\/schema.org\",\"@graph\":[{\"@type\":\"Article\",\"@id\":\"https:\\\/\\\/www.bellunopress.it\\\/2025\\\/09\\\/09\\\/belluno-la-sacra-famiglia-con-donatore-e-il-busto-di-agostino-da-mula-resteranno-esposti-al-museo-civico\\\/#article\",\"isPartOf\":{\"@id\":\"https:\\\/\\\/www.bellunopress.it\\\/2025\\\/09\\\/09\\\/belluno-la-sacra-famiglia-con-donatore-e-il-busto-di-agostino-da-mula-resteranno-esposti-al-museo-civico\\\/\"},\"author\":{\"name\":\"redazione\",\"@id\":\"https:\\\/\\\/www.bellunopress.it\\\/#\\\/schema\\\/person\\\/79bb06722b37ece1c03d3e94beb30d73\"},\"headline\":\"Belluno. La Sacra Famiglia con donatore e il busto di Agostino Da Mula resteranno esposti al Museo civico\",\"datePublished\":\"2025-09-09T12:20:26+00:00\",\"mainEntityOfPage\":{\"@id\":\"https:\\\/\\\/www.bellunopress.it\\\/2025\\\/09\\\/09\\\/belluno-la-sacra-famiglia-con-donatore-e-il-busto-di-agostino-da-mula-resteranno-esposti-al-museo-civico\\\/\"},\"wordCount\":539,\"publisher\":{\"@id\":\"https:\\\/\\\/www.bellunopress.it\\\/#organization\"},\"image\":{\"@id\":\"https:\\\/\\\/www.bellunopress.it\\\/2025\\\/09\\\/09\\\/belluno-la-sacra-famiglia-con-donatore-e-il-busto-di-agostino-da-mula-resteranno-esposti-al-museo-civico\\\/#primaryimage\"},\"thumbnailUrl\":\"https:\\\/\\\/www.bellunopress.it\\\/wp-content\\\/uploads\\\/2020\\\/03\\\/museo-Fulcis-facciata-esterna.jpg\",\"articleSection\":[\"Arte, Cultura, Spettacoli, Scienza\",\"Pausa Caff\u00e8\"],\"inLanguage\":\"fr-FR\"},{\"@type\":\"WebPage\",\"@id\":\"https:\\\/\\\/www.bellunopress.it\\\/2025\\\/09\\\/09\\\/belluno-la-sacra-famiglia-con-donatore-e-il-busto-di-agostino-da-mula-resteranno-esposti-al-museo-civico\\\/\",\"url\":\"https:\\\/\\\/www.bellunopress.it\\\/2025\\\/09\\\/09\\\/belluno-la-sacra-famiglia-con-donatore-e-il-busto-di-agostino-da-mula-resteranno-esposti-al-museo-civico\\\/\",\"name\":\"Belluno. La Sacra Famiglia con donatore e il busto di Agostino Da Mula resteranno esposti al Museo civico - Bellunopress - Dolomiti\",\"isPartOf\":{\"@id\":\"https:\\\/\\\/www.bellunopress.it\\\/#website\"},\"primaryImageOfPage\":{\"@id\":\"https:\\\/\\\/www.bellunopress.it\\\/2025\\\/09\\\/09\\\/belluno-la-sacra-famiglia-con-donatore-e-il-busto-di-agostino-da-mula-resteranno-esposti-al-museo-civico\\\/#primaryimage\"},\"image\":{\"@id\":\"https:\\\/\\\/www.bellunopress.it\\\/2025\\\/09\\\/09\\\/belluno-la-sacra-famiglia-con-donatore-e-il-busto-di-agostino-da-mula-resteranno-esposti-al-museo-civico\\\/#primaryimage\"},\"thumbnailUrl\":\"https:\\\/\\\/www.bellunopress.it\\\/wp-content\\\/uploads\\\/2020\\\/03\\\/museo-Fulcis-facciata-esterna.jpg\",\"datePublished\":\"2025-09-09T12:20:26+00:00\",\"breadcrumb\":{\"@id\":\"https:\\\/\\\/www.bellunopress.it\\\/2025\\\/09\\\/09\\\/belluno-la-sacra-famiglia-con-donatore-e-il-busto-di-agostino-da-mula-resteranno-esposti-al-museo-civico\\\/#breadcrumb\"},\"inLanguage\":\"fr-FR\",\"potentialAction\":[{\"@type\":\"ReadAction\",\"target\":[\"https:\\\/\\\/www.bellunopress.it\\\/2025\\\/09\\\/09\\\/belluno-la-sacra-famiglia-con-donatore-e-il-busto-di-agostino-da-mula-resteranno-esposti-al-museo-civico\\\/\"]}]},{\"@type\":\"ImageObject\",\"inLanguage\":\"fr-FR\",\"@id\":\"https:\\\/\\\/www.bellunopress.it\\\/2025\\\/09\\\/09\\\/belluno-la-sacra-famiglia-con-donatore-e-il-busto-di-agostino-da-mula-resteranno-esposti-al-museo-civico\\\/#primaryimage\",\"url\":\"https:\\\/\\\/www.bellunopress.it\\\/wp-content\\\/uploads\\\/2020\\\/03\\\/museo-Fulcis-facciata-esterna.jpg\",\"contentUrl\":\"https:\\\/\\\/www.bellunopress.it\\\/wp-content\\\/uploads\\\/2020\\\/03\\\/museo-Fulcis-facciata-esterna.jpg\",\"width\":800,\"height\":772,\"caption\":\"Museo Fulcis - Belluno\"},{\"@type\":\"BreadcrumbList\",\"@id\":\"https:\\\/\\\/www.bellunopress.it\\\/2025\\\/09\\\/09\\\/belluno-la-sacra-famiglia-con-donatore-e-il-busto-di-agostino-da-mula-resteranno-esposti-al-museo-civico\\\/#breadcrumb\",\"itemListElement\":[{\"@type\":\"ListItem\",\"position\":1,\"name\":\"Home\",\"item\":\"https:\\\/\\\/www.bellunopress.it\\\/\"},{\"@type\":\"ListItem\",\"position\":2,\"name\":\"Belluno. La Sacra Famiglia con donatore e il busto di Agostino Da Mula resteranno esposti al Museo civico\"}]},{\"@type\":\"WebSite\",\"@id\":\"https:\\\/\\\/www.bellunopress.it\\\/#website\",\"url\":\"https:\\\/\\\/www.bellunopress.it\\\/\",\"name\":\"Bellunopress - Dolomiti\",\"description\":\"e-mail: redazione@bellunopress.it\",\"publisher\":{\"@id\":\"https:\\\/\\\/www.bellunopress.it\\\/#organization\"},\"potentialAction\":[{\"@type\":\"SearchAction\",\"target\":{\"@type\":\"EntryPoint\",\"urlTemplate\":\"https:\\\/\\\/www.bellunopress.it\\\/?s={search_term_string}\"},\"query-input\":{\"@type\":\"PropertyValueSpecification\",\"valueRequired\":true,\"valueName\":\"search_term_string\"}}],\"inLanguage\":\"fr-FR\"},{\"@type\":\"Organization\",\"@id\":\"https:\\\/\\\/www.bellunopress.it\\\/#organization\",\"name\":\"Bellunopress\",\"url\":\"https:\\\/\\\/www.bellunopress.it\\\/\",\"logo\":{\"@type\":\"ImageObject\",\"inLanguage\":\"fr-FR\",\"@id\":\"https:\\\/\\\/www.bellunopress.it\\\/#\\\/schema\\\/logo\\\/image\\\/\",\"url\":\"https:\\\/\\\/www.bellunopress.it\\\/wp-content\\\/uploads\\\/2011\\\/05\\\/cropped-logo-bellunopress-.jpg\",\"contentUrl\":\"https:\\\/\\\/www.bellunopress.it\\\/wp-content\\\/uploads\\\/2011\\\/05\\\/cropped-logo-bellunopress-.jpg\",\"width\":512,\"height\":512,\"caption\":\"Bellunopress\"},\"image\":{\"@id\":\"https:\\\/\\\/www.bellunopress.it\\\/#\\\/schema\\\/logo\\\/image\\\/\"},\"sameAs\":[\"https:\\\/\\\/www.facebook.com\\\/profile.php?id=100008943462799\",\"https:\\\/\\\/x.com\\\/bellunopress\",\"https:\\\/\\\/www.linkedin.com\\\/hp\\\/?dnr=JBzUWaJfMUw8vbXJJ2tVW5-I3jZKvC4wsoxE&amp;amp;amp;amp;amp;amp;trk=nav_responsive_tab_home\",\"https:\\\/\\\/www.youtube.com\\\/channel\\\/UCxL0wu1uN0_3_7hGG0306cw\"]},{\"@type\":\"Person\",\"@id\":\"https:\\\/\\\/www.bellunopress.it\\\/#\\\/schema\\\/person\\\/79bb06722b37ece1c03d3e94beb30d73\",\"name\":\"redazione\",\"image\":{\"@type\":\"ImageObject\",\"inLanguage\":\"fr-FR\",\"@id\":\"https:\\\/\\\/secure.gravatar.com\\\/avatar\\\/37d968a2e67a6fd04c169c4bdef102d0bc5d31b2546345219e348575eb80e9a0?s=96&d=mm&r=g\",\"url\":\"https:\\\/\\\/secure.gravatar.com\\\/avatar\\\/37d968a2e67a6fd04c169c4bdef102d0bc5d31b2546345219e348575eb80e9a0?s=96&d=mm&r=g\",\"contentUrl\":\"https:\\\/\\\/secure.gravatar.com\\\/avatar\\\/37d968a2e67a6fd04c169c4bdef102d0bc5d31b2546345219e348575eb80e9a0?s=96&d=mm&r=g\",\"caption\":\"redazione\"},\"sameAs\":[\"http:\\\/\\\/www.bellunopress.it\",\"https:\\\/\\\/x.com\\\/bellunopress\"],\"url\":\"https:\\\/\\\/www.bellunopress.it\\\/fr\\\/author\\\/redazione\\\/\"}]}<\/script>\n<!-- \/ Yoast SEO plugin. -->","yoast_head_json":{"title":"Belluno. La Sacra Famiglia con donatore e il busto di Agostino Da Mula resteranno esposti al Museo civico - Bellunopress - Dolomiti","robots":{"index":"index","follow":"follow","max-snippet":"max-snippet:-1","max-image-preview":"max-image-preview:large","max-video-preview":"max-video-preview:-1"},"canonical":"https:\/\/www.bellunopress.it\/fr\/2025\/09\/09\/belluno-la-sacra-famiglia-con-donatore-e-il-busto-di-agostino-da-mula-resteranno-esposti-al-museo-civico\/","og_locale":"fr_FR","og_type":"article","og_title":"Belluno. La Sacra Famiglia con donatore e il busto di Agostino Da Mula resteranno esposti al Museo civico - Bellunopress - Dolomiti","og_description":"Belluno, 9 settembre 2025 &#8211; Con una doppia delibera approvata in sede di giunta, \u00e8 stato rinnovato il comodato gratuito che consentir\u00e0 di mantenere esposte al Museo civico di Belluno due importanti opere d\u2019arte: il dipinto La Sacra Famiglia con donatore, di Francesco Frigimelica II Vecchio, e il busto marmoreo di Agostino Da Mula. L\u2019obiettivo [&hellip;]","og_url":"https:\/\/www.bellunopress.it\/fr\/2025\/09\/09\/belluno-la-sacra-famiglia-con-donatore-e-il-busto-di-agostino-da-mula-resteranno-esposti-al-museo-civico\/","og_site_name":"Bellunopress - Dolomiti","article_publisher":"https:\/\/www.facebook.com\/profile.php?id=100008943462799","article_published_time":"2025-09-09T12:20:26+00:00","og_image":[{"width":800,"height":772,"url":"https:\/\/www.bellunopress.it\/wp-content\/uploads\/2020\/03\/museo-Fulcis-facciata-esterna.jpg","type":"image\/jpeg"}],"author":"redazione","twitter_card":"summary_large_image","twitter_creator":"@bellunopress","twitter_site":"@bellunopress","twitter_misc":{"\u00c9crit par":"redazione","Dur\u00e9e de lecture estim\u00e9e":"3 minutes"},"schema":{"@context":"https:\/\/schema.org","@graph":[{"@type":"Article","@id":"https:\/\/www.bellunopress.it\/2025\/09\/09\/belluno-la-sacra-famiglia-con-donatore-e-il-busto-di-agostino-da-mula-resteranno-esposti-al-museo-civico\/#article","isPartOf":{"@id":"https:\/\/www.bellunopress.it\/2025\/09\/09\/belluno-la-sacra-famiglia-con-donatore-e-il-busto-di-agostino-da-mula-resteranno-esposti-al-museo-civico\/"},"author":{"name":"redazione","@id":"https:\/\/www.bellunopress.it\/#\/schema\/person\/79bb06722b37ece1c03d3e94beb30d73"},"headline":"Belluno. La Sacra Famiglia con donatore e il busto di Agostino Da Mula resteranno esposti al Museo civico","datePublished":"2025-09-09T12:20:26+00:00","mainEntityOfPage":{"@id":"https:\/\/www.bellunopress.it\/2025\/09\/09\/belluno-la-sacra-famiglia-con-donatore-e-il-busto-di-agostino-da-mula-resteranno-esposti-al-museo-civico\/"},"wordCount":539,"publisher":{"@id":"https:\/\/www.bellunopress.it\/#organization"},"image":{"@id":"https:\/\/www.bellunopress.it\/2025\/09\/09\/belluno-la-sacra-famiglia-con-donatore-e-il-busto-di-agostino-da-mula-resteranno-esposti-al-museo-civico\/#primaryimage"},"thumbnailUrl":"https:\/\/www.bellunopress.it\/wp-content\/uploads\/2020\/03\/museo-Fulcis-facciata-esterna.jpg","articleSection":["Arte, Cultura, Spettacoli, Scienza","Pausa Caff\u00e8"],"inLanguage":"fr-FR"},{"@type":"WebPage","@id":"https:\/\/www.bellunopress.it\/2025\/09\/09\/belluno-la-sacra-famiglia-con-donatore-e-il-busto-di-agostino-da-mula-resteranno-esposti-al-museo-civico\/","url":"https:\/\/www.bellunopress.it\/2025\/09\/09\/belluno-la-sacra-famiglia-con-donatore-e-il-busto-di-agostino-da-mula-resteranno-esposti-al-museo-civico\/","name":"Belluno. La Sacra Famiglia con donatore e il busto di Agostino Da Mula resteranno esposti al Museo civico - Bellunopress - Dolomiti","isPartOf":{"@id":"https:\/\/www.bellunopress.it\/#website"},"primaryImageOfPage":{"@id":"https:\/\/www.bellunopress.it\/2025\/09\/09\/belluno-la-sacra-famiglia-con-donatore-e-il-busto-di-agostino-da-mula-resteranno-esposti-al-museo-civico\/#primaryimage"},"image":{"@id":"https:\/\/www.bellunopress.it\/2025\/09\/09\/belluno-la-sacra-famiglia-con-donatore-e-il-busto-di-agostino-da-mula-resteranno-esposti-al-museo-civico\/#primaryimage"},"thumbnailUrl":"https:\/\/www.bellunopress.it\/wp-content\/uploads\/2020\/03\/museo-Fulcis-facciata-esterna.jpg","datePublished":"2025-09-09T12:20:26+00:00","breadcrumb":{"@id":"https:\/\/www.bellunopress.it\/2025\/09\/09\/belluno-la-sacra-famiglia-con-donatore-e-il-busto-di-agostino-da-mula-resteranno-esposti-al-museo-civico\/#breadcrumb"},"inLanguage":"fr-FR","potentialAction":[{"@type":"ReadAction","target":["https:\/\/www.bellunopress.it\/2025\/09\/09\/belluno-la-sacra-famiglia-con-donatore-e-il-busto-di-agostino-da-mula-resteranno-esposti-al-museo-civico\/"]}]},{"@type":"ImageObject","inLanguage":"fr-FR","@id":"https:\/\/www.bellunopress.it\/2025\/09\/09\/belluno-la-sacra-famiglia-con-donatore-e-il-busto-di-agostino-da-mula-resteranno-esposti-al-museo-civico\/#primaryimage","url":"https:\/\/www.bellunopress.it\/wp-content\/uploads\/2020\/03\/museo-Fulcis-facciata-esterna.jpg","contentUrl":"https:\/\/www.bellunopress.it\/wp-content\/uploads\/2020\/03\/museo-Fulcis-facciata-esterna.jpg","width":800,"height":772,"caption":"Museo Fulcis - Belluno"},{"@type":"BreadcrumbList","@id":"https:\/\/www.bellunopress.it\/2025\/09\/09\/belluno-la-sacra-famiglia-con-donatore-e-il-busto-di-agostino-da-mula-resteranno-esposti-al-museo-civico\/#breadcrumb","itemListElement":[{"@type":"ListItem","position":1,"name":"Home","item":"https:\/\/www.bellunopress.it\/"},{"@type":"ListItem","position":2,"name":"Belluno. La Sacra Famiglia con donatore e il busto di Agostino Da Mula resteranno esposti al Museo civico"}]},{"@type":"WebSite","@id":"https:\/\/www.bellunopress.it\/#website","url":"https:\/\/www.bellunopress.it\/","name":"Bellunopress - Dolomiti","description":"e-mail: redazione@bellunopress.it","publisher":{"@id":"https:\/\/www.bellunopress.it\/#organization"},"potentialAction":[{"@type":"SearchAction","target":{"@type":"EntryPoint","urlTemplate":"https:\/\/www.bellunopress.it\/?s={search_term_string}"},"query-input":{"@type":"PropertyValueSpecification","valueRequired":true,"valueName":"search_term_string"}}],"inLanguage":"fr-FR"},{"@type":"Organization","@id":"https:\/\/www.bellunopress.it\/#organization","name":"Bellunopress","url":"https:\/\/www.bellunopress.it\/","logo":{"@type":"ImageObject","inLanguage":"fr-FR","@id":"https:\/\/www.bellunopress.it\/#\/schema\/logo\/image\/","url":"https:\/\/www.bellunopress.it\/wp-content\/uploads\/2011\/05\/cropped-logo-bellunopress-.jpg","contentUrl":"https:\/\/www.bellunopress.it\/wp-content\/uploads\/2011\/05\/cropped-logo-bellunopress-.jpg","width":512,"height":512,"caption":"Bellunopress"},"image":{"@id":"https:\/\/www.bellunopress.it\/#\/schema\/logo\/image\/"},"sameAs":["https:\/\/www.facebook.com\/profile.php?id=100008943462799","https:\/\/x.com\/bellunopress","https:\/\/www.linkedin.com\/hp\/?dnr=JBzUWaJfMUw8vbXJJ2tVW5-I3jZKvC4wsoxE&amp;amp;amp;amp;amp;amp;trk=nav_responsive_tab_home","https:\/\/www.youtube.com\/channel\/UCxL0wu1uN0_3_7hGG0306cw"]},{"@type":"Person","@id":"https:\/\/www.bellunopress.it\/#\/schema\/person\/79bb06722b37ece1c03d3e94beb30d73","name":"r\u00e9daction","image":{"@type":"ImageObject","inLanguage":"fr-FR","@id":"https:\/\/secure.gravatar.com\/avatar\/37d968a2e67a6fd04c169c4bdef102d0bc5d31b2546345219e348575eb80e9a0?s=96&d=mm&r=g","url":"https:\/\/secure.gravatar.com\/avatar\/37d968a2e67a6fd04c169c4bdef102d0bc5d31b2546345219e348575eb80e9a0?s=96&d=mm&r=g","contentUrl":"https:\/\/secure.gravatar.com\/avatar\/37d968a2e67a6fd04c169c4bdef102d0bc5d31b2546345219e348575eb80e9a0?s=96&d=mm&r=g","caption":"redazione"},"sameAs":["http:\/\/www.bellunopress.it","https:\/\/x.com\/bellunopress"],"url":"https:\/\/www.bellunopress.it\/fr\/author\/redazione\/"}]}},"_links":{"self":[{"href":"https:\/\/www.bellunopress.it\/fr\/wp-json\/wp\/v2\/posts\/163150","targetHints":{"allow":["GET"]}}],"collection":[{"href":"https:\/\/www.bellunopress.it\/fr\/wp-json\/wp\/v2\/posts"}],"about":[{"href":"https:\/\/www.bellunopress.it\/fr\/wp-json\/wp\/v2\/types\/post"}],"author":[{"embeddable":true,"href":"https:\/\/www.bellunopress.it\/fr\/wp-json\/wp\/v2\/users\/2"}],"replies":[{"embeddable":true,"href":"https:\/\/www.bellunopress.it\/fr\/wp-json\/wp\/v2\/comments?post=163150"}],"version-history":[{"count":1,"href":"https:\/\/www.bellunopress.it\/fr\/wp-json\/wp\/v2\/posts\/163150\/revisions"}],"predecessor-version":[{"id":163153,"href":"https:\/\/www.bellunopress.it\/fr\/wp-json\/wp\/v2\/posts\/163150\/revisions\/163153"}],"wp:featuredmedia":[{"embeddable":true,"href":"https:\/\/www.bellunopress.it\/fr\/wp-json\/wp\/v2\/media\/112879"}],"wp:attachment":[{"href":"https:\/\/www.bellunopress.it\/fr\/wp-json\/wp\/v2\/media?parent=163150"}],"wp:term":[{"taxonomy":"category","embeddable":true,"href":"https:\/\/www.bellunopress.it\/fr\/wp-json\/wp\/v2\/categories?post=163150"},{"taxonomy":"post_tag","embeddable":true,"href":"https:\/\/www.bellunopress.it\/fr\/wp-json\/wp\/v2\/tags?post=163150"}],"curies":[{"name":"wp","href":"https:\/\/api.w.org\/{rel}","templated":true}]}}