{"id":163111,"date":"2025-09-08T10:15:48","date_gmt":"2025-09-08T08:15:48","guid":{"rendered":"https:\/\/www.bellunopress.it\/?p=163111"},"modified":"2025-09-08T15:06:29","modified_gmt":"2025-09-08T13:06:29","slug":"giovani-talenti-della-fotografia-in-vetrina-al-lagazuoi-premiata-giorgia-armas","status":"publish","type":"post","link":"https:\/\/www.bellunopress.it\/fr\/2025\/09\/08\/giovani-talenti-della-fotografia-in-vetrina-al-lagazuoi-premiata-giorgia-armas\/","title":{"rendered":"Giovani talenti della fotografia in vetrina al Lagazuoi. Premiata Giorgia Armas"},"content":{"rendered":"<figure id=\"attachment_163113\" aria-describedby=\"caption-attachment-163113\" style=\"width: 800px\" class=\"wp-caption aligncenter\"><img loading=\"lazy\" decoding=\"async\" class=\"size-full wp-image-163113\" src=\"https:\/\/www.bellunopress.it\/wp-content\/uploads\/2025\/09\/Lagazuoi-photo.jpg\" alt=\"\" width=\"800\" height=\"646\" srcset=\"https:\/\/www.bellunopress.it\/wp-content\/uploads\/2025\/09\/Lagazuoi-photo.jpg 800w, https:\/\/www.bellunopress.it\/wp-content\/uploads\/2025\/09\/Lagazuoi-photo-500x404.jpg 500w, https:\/\/www.bellunopress.it\/wp-content\/uploads\/2025\/09\/Lagazuoi-photo-520x420.jpg 520w, https:\/\/www.bellunopress.it\/wp-content\/uploads\/2025\/09\/Lagazuoi-photo-696x562.jpg 696w\" sizes=\"auto, (max-width: 800px) 100vw, 800px\" \/><figcaption id=\"caption-attachment-163113\" class=\"wp-caption-text\">Lagazuoi Photo Award &#8211; New Talents 2025<\/figcaption><\/figure>\n<p><strong>I partecipanti della residenza &#8220;New Talents 2025&#8221; immortalano la montagna in scatti che ne svelano l&#8217;anima pi\u00f9 autentica, tra storia, natura e presenza umana<\/strong><\/p>\n<p><strong>Sabato 6 settembre la premiazione e l&#8217;inaugurazione allestita nella galleria a 2732 metri d&#8217;altezza, visitabile fino al 19 ottobre<\/strong><\/p>\n<p><strong>Giorgia Armas di Arbus conquista il primo premio con il progetto &#8220;Non sono mai stata tanto attaccata alla vita&#8221;: una rilettura carica di poesia e speranza delle tracce della Prima Guerra Mondiale<\/strong><\/p>\n<p>Lagazuoi, 8 settembre 2025 \u2013 Il Lagazuoi si trasforma in una galleria a cielo aperto e in un laboratorio creativo per le nuove promesse della fotografia. Dal 14 al 18 luglio scorsi, la montagna \u00e8 stata il palcoscenico della residenza &#8220;Lagazuoi Photo Award &#8211; New Talents 2025&#8221;, un&#8217;iniziativa che ha visto protagonisti i giovani e talentuosi studenti delle Officine Fotografiche di Roma, dell\u2019Istituto Italiano di Fotografia e della CFP Bauer di Milano. La premiazione dei giovani fotografi ha avuto luogo sabato 6 settembre al Rifugio Lagazuoi. Nel sottolineare che tutti e quattro i giovani gi\u00e0 selezionati al New Talents 2025 debbono ritenersi vincitori, la giuria ha premiato gli scatti della giovane fotografa Giorgia Armas, che per un problema con il bagaglio all&#8217;aeroporto non \u00e8 riuscita a presenziare all&#8217;evento di sabato.<\/p>\n<figure id=\"attachment_163112\" aria-describedby=\"caption-attachment-163112\" style=\"width: 800px\" class=\"wp-caption aligncenter\"><img loading=\"lazy\" decoding=\"async\" class=\"size-full wp-image-163112\" src=\"https:\/\/www.bellunopress.it\/wp-content\/uploads\/2025\/09\/Lagazuoi-.jpg\" alt=\"\" width=\"800\" height=\"456\" srcset=\"https:\/\/www.bellunopress.it\/wp-content\/uploads\/2025\/09\/Lagazuoi-.jpg 800w, https:\/\/www.bellunopress.it\/wp-content\/uploads\/2025\/09\/Lagazuoi--500x285.jpg 500w, https:\/\/www.bellunopress.it\/wp-content\/uploads\/2025\/09\/Lagazuoi--737x420.jpg 737w, https:\/\/www.bellunopress.it\/wp-content\/uploads\/2025\/09\/Lagazuoi--696x397.jpg 696w\" sizes=\"auto, (max-width: 800px) 100vw, 800px\" \/><figcaption id=\"caption-attachment-163112\" class=\"wp-caption-text\">Lagazuoi Photo Award<\/figcaption><\/figure>\n<p><strong>Sguardi inattesi sulla montagna\u00a0<\/strong><\/p>\n<p>Sotto la guida esperta dei tutor Nicol\u00f2 Faccenda e Guido Frieri, i fotografi hanno esplorato il territorio, andando oltre il semplice paesaggio per catturarne l&#8217;essenza pi\u00f9 profonda. Gli scatti esposti non si limitano a raccontare la bellezza delle vette, ma indagano i molteplici volti della montagna: quelli fisici e storici, ma anche quelli legati al turismo e alle infrastrutture. Le immagini mettono in risonanza l&#8217;ambiente con le persone che lo vivono, rivelando un patrimonio culturale e naturale, sia materiale che immateriale.<br \/>\nIl risultato \u00e8 un corpus di opere che, attraverso la ricerca di segni e stratificazioni, descrivono il delicato equilibrio tra i ritmi lenti della natura e l\u2019accelerazione dell\u2019attivit\u00e0 umana. La mostra, allestita su due piani del Lagazuoi Expo Dolomiti e suddivisa in quattro sezioni, espone i lavori di Giorgia Armas, Filippo D\u2019Eugenio, Patrick Scialabra e Chiara Sugaroni, ciascuno con la propria sensibilit\u00e0 e prospettiva unica, ma tutti uniti dall\u2019obiettivo comune di offrire una visione rinnovata e autentica della montagna.<br \/>\nI progetti esposti sono un invito a riflettere sulla relazione profonda che lega l&#8217;uomo e l&#8217;ambiente montano, un legame che questi giovani fotografi sono riusciti a immortalare con uno sguardo fresco e originale.<\/p>\n<p>Questa nuova edizione del Lagazuoi Photo Award New Talents, dunque, mette al centro il talento di quattro promesse della fotografia, selezionate tra l&#8217;Istituto Italiano di Fotografia di Milano, il CFP Bauer di Milano e le Officine Fotografiche di Roma, che sono salite a 2.700 metri di altitudine per una residenza d&#8217;artista oltre che un&#8217;esperienza formativa di eccellenza.<br \/>\nPer cinque giorni, i fotografi si sono immersi nella potenza maestosa delle Dolomiti, affinando sguardo e tecnica sotto la guida attenta di due tutor d&#8217;eccezione: il fotografo Guido Samuel Frieri, per il festival Closer, e il curatore Nicol\u00f2 Faccenda, in rappresentanza di BAW \u2013 Bolzano Art Weeks.<br \/>\nL&#8217;edizione di quest&#8217;anno si intitola \u201cLagazuoi Qui e ora: un&#8217;esperienza fotografica in tre atti\u201d e propone un percorso unico, lontano dalla frenesia urbana, per raccontare in modo autentico la vita in alta quota. La montagna diventa protagonista, teatro e cornice per esplorare tre grandi aree tematiche: territorio, persone e cibo. Parallelamente, i giovani lavoreranno a stretto contatto con i tutor per valorizzare la propria poetica e definire il piano narrativo dell&#8217;esposizione finale.<\/p>\n<p><strong>I quattro talenti e le loro storie<\/strong><\/p>\n<p>Tra i 35 candidati provenienti dalle Officine Fotografiche di Roma, dall&#8217;Istituto Italiano di Fotografia e dal CFP Bauer di Milano, la giuria ha selezionato quattro giovani artiste e artisti per vivere cinque giorni sul monte Lagazuoi e realizzare progetti fotografici ispirati alla montagna. I loro lavori sono ora al centro della mostra inaugurata il 6 settembre al Lagazuoi EXPO Dolomiti e visitabile fino al 19 ottobre.<\/p>\n<p>La giuria ha deciso di premiare il lavoro di ricerca e l&#8217;originalit\u00e0 della proposta di Giorgia Armas. &#8220;Nonostante nel gruppo fosse la pi\u00f9 giovane, Giorgia ha dato prova di maturit\u00e0, di spiccate doti poetiche, di caparbiet\u00e0, nonch\u00e9 di coraggio nel declinare un soggetto fotografico tra i pi\u00f9 densi e complessi, quale quello rappresentato dai lasciti della Grande Guerra&#8221;.<\/p>\n<p>21enne di Arbus (Sud Sardegna) Giorgia si aggiudica la vittoria con il progetto &#8220;Non sono mai stata tanto attaccata alla vita&#8221; operando una rilettura del Lagazuoi attraverso le sue tracce storiche. Tunnel, trincee e resti della Grande Guerra, diventano materia viva di una narrazione visiva capace di intrecciare memoria e presente. Partendo dalla bellezza vertiginosa del paesaggio dolomitico, la fotografa ripercorre la storia della montagna, mettendo in luce la sua natura duplice. Se &#8220;il Lagazuoi e\u0300 una montagna divisa, teatro di guerra e scenario di pura bellezza, luogo di memoria e meta turistica&#8221;, il progetto ha in primo luogo lo scopo di &#8220;narrare questa dualit\u00e0, invitando a osservare la montagna da pi\u00f9 punti di vista&#8221;. Il segmento pi\u00f9 personale del progetto vede scatti sdoppiati e invertiti che danno luogo a visioni lievi e poetiche che calano la narrazione dell&#8217;oggi con un messaggio di speranza per l&#8217;avvenire.<\/p>\n<p>Filippo D&#8217;Eugenio, 31enne di Forte dei Marmi (Lucca) con il progetto &#8220;Di tempi e materie&#8221; propone una serie di visioni isolate, micro-componenti paesaggistici dalla cui somma pare profilarsi il Lagazuoi. Come spiega il fotografo &#8220;roccia, legno, polvere, acqua sono frammenti dell&#8217;identit\u00e0 del luogo e insieme costituiscono un ritratto intimo e mutevole&#8221;. La sua narrazione restituisce la sensazione di un incontro delle diverse materie che compongono la montagna, con il ciclo delle acque, con i ritmi stagionali o i tempi lunghi delle modificazioni degli elementi del contesto dolomitico.<\/p>\n<p>Patrick Scilabra, 34enne di Parma, con il progetto &#8220;E se cambi, rester\u00f2 con te&#8221;, osserva l&#8217;attivit\u00e0 costante della funivia del Lagazuoi, punto di raccordo tra stagioni che scorrono senza interruzione. Componenti meccaniche, funivia, cannoni spara-neve e insegne figurano sullo sfondo di un panorama mozzafiato, come personaggi silenziosi, potenziali protagonisti di storie in attesa di essere raccontate. Il suo linguaggio ha saputo raccontare trasformazioni e memorie aprendo una prospettiva sulle possibilit\u00e0 di un equilibrio tra esseri umani e ambiente.<\/p>\n<p>Chiara Sugaroni, 23enne di Roma, con il progetto &#8220;Pulsazioni&#8221; ha ripercorso le vie di accesso al Lagazuoi, dai sentieri che si snodano sul territorio, alla funivia, intesi quali arterie che pulsano e si ricongiungono come un &#8220;cuore pulsante, millenario, crocevia di culture e inesauribile fonte di memorie&#8221;. Attenta al soggetto umano e alle micro-storie che ha avuto la possibilit\u00e0 di osservare, si \u00e8 immersa con rispetto tra le persone che vivono e animano questi luoghi, con una narrazione dedicata a chi \u00e8 impegnato nel lavoro quotidiano che consente il funzionamento della funivia.<\/p>\n<p>&#8220;Il tema di quest&#8217;anno \u00e8 intitolato &#8216;Lagazuoi qui e ora: un&#8217;esperienza fotografica in tre atti. Tre direzioni che abbiamo dato per stimolare i giovani fotografi a cercare una nuova prospettiva tra paesaggio e vita di montagna, senza per\u00f2 mai abbandonare la propria immaginazione&#8221; \u2013 spiega Stefano Illing, ideatore del Lagazuoi EXPO Dolomiti \u2013 &#8220;Le loro creazioni sono testimonianza del valore del territorio montano e ricordano che c&#8217;\u00e8 ancora molto da esplorare in alta quota&#8221;.<\/p>\n<p>&#8220;Banca Private Cesare Ponti,&#8221; sottolinea Mauro Toti, Responsabile Area Nord-Est &#8220;ha accolto con piacere anche quest&#8217;anno l&#8217;opportunit\u00e0 di sostenere questa iniziativa, dimostrando concretamente la propria vicinanza al territorio e il forte legame con le tematiche sociali e giovanili, che da sempre sono al centro dell&#8217;impegno del Gruppo BPER, di cui siamo parte.&#8221;<\/p>\n<p><strong>La montagna come fonte d&#8217;ispirazione e cultura<\/strong><br \/>\nStefano Illing, ideatore del Lagazuoi Expo Dolomiti, ha ribadito l&#8217;importanza di valorizzare il patrimonio culturale montano. &#8220;Ci impegniamo a rendere la montagna accessibile, stimolando una profonda riflessione sul legame tra l&#8217;essere umano e la natura,&#8221; ha dichiarato. &#8220;Il Lagazuoi Photo Award New Talents nasce proprio per promuovere una nuova visione della montagna, attraverso un linguaggio visivo rinnovato e contemporaneo.&#8221;<br \/>\nIl Lagazuoi EXPO Dolomiti, lo spazio espositivo a 2.732 metri di altitudine, si conferma un fulcro di iniziative culturali di rilievo. Oltre al Photo Award, ospita il Lagazuoi Winning Ideas Mountain Award, dedicato alle idee innovative per l&#8217;ambiente montano. Entrambi i progetti mirano a valorizzare i giovani talenti e a stimolare una visione &#8220;altra&#8221; delle terre alte, in una posizione strategica nel cuore delle Dolomiti, Patrimonio Unesco.<\/p>\n<p>Il progetto \u00e8 stato realizzato con il supporto e la partnership di BPER Banca Private Cesare Ponti, food partner Villani Salumi.<\/p>","protected":false},"excerpt":{"rendered":"<p>I partecipanti della residenza &#8220;New Talents 2025&#8221; immortalano la montagna in scatti che ne svelano l&#8217;anima pi\u00f9 autentica, tra storia, natura e presenza umana Sabato 6 settembre la premiazione e l&#8217;inaugurazione allestita nella galleria a 2732 metri d&#8217;altezza, visitabile fino al 19 ottobre Giorgia Armas di Arbus conquista il primo premio con il progetto &#8220;Non [&hellip;]<\/p>\n","protected":false},"author":2,"featured_media":163109,"comment_status":"closed","ping_status":"open","sticky":false,"template":"","format":"standard","meta":{"footnotes":""},"categories":[3,3446,25],"tags":[],"class_list":["post-163111","post","type-post","status-publish","format-standard","has-post-thumbnail","category-arte-cultura-spettacoli-scienza-archivi","category-featured","category-pausa-caffe"],"yoast_head":"<!-- This site is optimized with the Yoast SEO plugin v28.4 - https:\/\/yoast.com\/product\/yoast-seo-wordpress\/ -->\n<title>Giovani talenti della fotografia in vetrina al Lagazuoi. Premiata Giorgia Armas - Bellunopress - Dolomiti<\/title>\n<meta name=\"robots\" content=\"index, follow, max-snippet:-1, max-image-preview:large, max-video-preview:-1\" \/>\n<link rel=\"canonical\" href=\"https:\/\/www.bellunopress.it\/fr\/2025\/09\/08\/giovani-talenti-della-fotografia-in-vetrina-al-lagazuoi-premiata-giorgia-armas\/\" \/>\n<meta property=\"og:locale\" content=\"fr_FR\" \/>\n<meta property=\"og:type\" content=\"article\" \/>\n<meta property=\"og:title\" content=\"Giovani talenti della fotografia in vetrina al Lagazuoi. Premiata Giorgia Armas - Bellunopress - Dolomiti\" \/>\n<meta property=\"og:description\" content=\"I partecipanti della residenza &#8220;New Talents 2025&#8221; immortalano la montagna in scatti che ne svelano l&#8217;anima pi\u00f9 autentica, tra storia, natura e presenza umana Sabato 6 settembre la premiazione e l&#8217;inaugurazione allestita nella galleria a 2732 metri d&#8217;altezza, visitabile fino al 19 ottobre Giorgia Armas di Arbus conquista il primo premio con il progetto &#8220;Non [&hellip;]\" \/>\n<meta property=\"og:url\" content=\"https:\/\/www.bellunopress.it\/fr\/2025\/09\/08\/giovani-talenti-della-fotografia-in-vetrina-al-lagazuoi-premiata-giorgia-armas\/\" \/>\n<meta property=\"og:site_name\" content=\"Bellunopress - Dolomiti\" \/>\n<meta property=\"article:publisher\" content=\"https:\/\/www.facebook.com\/profile.php?id=100008943462799\" \/>\n<meta property=\"article:published_time\" content=\"2025-09-08T08:15:48+00:00\" \/>\n<meta property=\"article:modified_time\" content=\"2025-09-08T13:06:29+00:00\" \/>\n<meta property=\"og:image\" content=\"https:\/\/www.bellunopress.it\/wp-content\/uploads\/2025\/09\/Lagazuoi-Expo-Dolomiti_edited.jpg\" \/>\n\t<meta property=\"og:image:width\" content=\"800\" \/>\n\t<meta property=\"og:image:height\" content=\"240\" \/>\n\t<meta property=\"og:image:type\" content=\"image\/jpeg\" \/>\n<meta name=\"author\" content=\"redazione\" \/>\n<meta name=\"twitter:card\" content=\"summary_large_image\" \/>\n<meta name=\"twitter:creator\" content=\"@bellunopress\" \/>\n<meta name=\"twitter:site\" content=\"@bellunopress\" \/>\n<meta name=\"twitter:label1\" content=\"Written by\" \/>\n\t<meta name=\"twitter:data1\" content=\"redazione\" \/>\n\t<meta name=\"twitter:label2\" content=\"Est. reading time\" \/>\n\t<meta name=\"twitter:data2\" content=\"7 minutes\" \/>\n<script type=\"application\/ld+json\" class=\"yoast-schema-graph\">{\"@context\":\"https:\\\/\\\/schema.org\",\"@graph\":[{\"@type\":\"Article\",\"@id\":\"https:\\\/\\\/www.bellunopress.it\\\/2025\\\/09\\\/08\\\/giovani-talenti-della-fotografia-in-vetrina-al-lagazuoi-premiata-giorgia-armas\\\/#article\",\"isPartOf\":{\"@id\":\"https:\\\/\\\/www.bellunopress.it\\\/2025\\\/09\\\/08\\\/giovani-talenti-della-fotografia-in-vetrina-al-lagazuoi-premiata-giorgia-armas\\\/\"},\"author\":{\"name\":\"redazione\",\"@id\":\"https:\\\/\\\/www.bellunopress.it\\\/#\\\/schema\\\/person\\\/79bb06722b37ece1c03d3e94beb30d73\"},\"headline\":\"Giovani talenti della fotografia in vetrina al Lagazuoi. Premiata Giorgia Armas\",\"datePublished\":\"2025-09-08T08:15:48+00:00\",\"dateModified\":\"2025-09-08T13:06:29+00:00\",\"mainEntityOfPage\":{\"@id\":\"https:\\\/\\\/www.bellunopress.it\\\/2025\\\/09\\\/08\\\/giovani-talenti-della-fotografia-in-vetrina-al-lagazuoi-premiata-giorgia-armas\\\/\"},\"wordCount\":1438,\"publisher\":{\"@id\":\"https:\\\/\\\/www.bellunopress.it\\\/#organization\"},\"image\":{\"@id\":\"https:\\\/\\\/www.bellunopress.it\\\/2025\\\/09\\\/08\\\/giovani-talenti-della-fotografia-in-vetrina-al-lagazuoi-premiata-giorgia-armas\\\/#primaryimage\"},\"thumbnailUrl\":\"https:\\\/\\\/www.bellunopress.it\\\/wp-content\\\/uploads\\\/2025\\\/09\\\/Lagazuoi-Expo-Dolomiti_edited.jpg\",\"articleSection\":[\"Arte, Cultura, Spettacoli, Scienza\",\"Featured\",\"Pausa Caff\u00e8\"],\"inLanguage\":\"fr-FR\"},{\"@type\":\"WebPage\",\"@id\":\"https:\\\/\\\/www.bellunopress.it\\\/2025\\\/09\\\/08\\\/giovani-talenti-della-fotografia-in-vetrina-al-lagazuoi-premiata-giorgia-armas\\\/\",\"url\":\"https:\\\/\\\/www.bellunopress.it\\\/2025\\\/09\\\/08\\\/giovani-talenti-della-fotografia-in-vetrina-al-lagazuoi-premiata-giorgia-armas\\\/\",\"name\":\"Giovani talenti della fotografia in vetrina al Lagazuoi. Premiata Giorgia Armas - Bellunopress - Dolomiti\",\"isPartOf\":{\"@id\":\"https:\\\/\\\/www.bellunopress.it\\\/#website\"},\"primaryImageOfPage\":{\"@id\":\"https:\\\/\\\/www.bellunopress.it\\\/2025\\\/09\\\/08\\\/giovani-talenti-della-fotografia-in-vetrina-al-lagazuoi-premiata-giorgia-armas\\\/#primaryimage\"},\"image\":{\"@id\":\"https:\\\/\\\/www.bellunopress.it\\\/2025\\\/09\\\/08\\\/giovani-talenti-della-fotografia-in-vetrina-al-lagazuoi-premiata-giorgia-armas\\\/#primaryimage\"},\"thumbnailUrl\":\"https:\\\/\\\/www.bellunopress.it\\\/wp-content\\\/uploads\\\/2025\\\/09\\\/Lagazuoi-Expo-Dolomiti_edited.jpg\",\"datePublished\":\"2025-09-08T08:15:48+00:00\",\"dateModified\":\"2025-09-08T13:06:29+00:00\",\"breadcrumb\":{\"@id\":\"https:\\\/\\\/www.bellunopress.it\\\/2025\\\/09\\\/08\\\/giovani-talenti-della-fotografia-in-vetrina-al-lagazuoi-premiata-giorgia-armas\\\/#breadcrumb\"},\"inLanguage\":\"fr-FR\",\"potentialAction\":[{\"@type\":\"ReadAction\",\"target\":[\"https:\\\/\\\/www.bellunopress.it\\\/2025\\\/09\\\/08\\\/giovani-talenti-della-fotografia-in-vetrina-al-lagazuoi-premiata-giorgia-armas\\\/\"]}]},{\"@type\":\"ImageObject\",\"inLanguage\":\"fr-FR\",\"@id\":\"https:\\\/\\\/www.bellunopress.it\\\/2025\\\/09\\\/08\\\/giovani-talenti-della-fotografia-in-vetrina-al-lagazuoi-premiata-giorgia-armas\\\/#primaryimage\",\"url\":\"https:\\\/\\\/www.bellunopress.it\\\/wp-content\\\/uploads\\\/2025\\\/09\\\/Lagazuoi-Expo-Dolomiti_edited.jpg\",\"contentUrl\":\"https:\\\/\\\/www.bellunopress.it\\\/wp-content\\\/uploads\\\/2025\\\/09\\\/Lagazuoi-Expo-Dolomiti_edited.jpg\",\"width\":800,\"height\":240},{\"@type\":\"BreadcrumbList\",\"@id\":\"https:\\\/\\\/www.bellunopress.it\\\/2025\\\/09\\\/08\\\/giovani-talenti-della-fotografia-in-vetrina-al-lagazuoi-premiata-giorgia-armas\\\/#breadcrumb\",\"itemListElement\":[{\"@type\":\"ListItem\",\"position\":1,\"name\":\"Home\",\"item\":\"https:\\\/\\\/www.bellunopress.it\\\/\"},{\"@type\":\"ListItem\",\"position\":2,\"name\":\"Giovani talenti della fotografia in vetrina al Lagazuoi. Premiata Giorgia Armas\"}]},{\"@type\":\"WebSite\",\"@id\":\"https:\\\/\\\/www.bellunopress.it\\\/#website\",\"url\":\"https:\\\/\\\/www.bellunopress.it\\\/\",\"name\":\"Bellunopress - Dolomiti\",\"description\":\"e-mail: redazione@bellunopress.it\",\"publisher\":{\"@id\":\"https:\\\/\\\/www.bellunopress.it\\\/#organization\"},\"potentialAction\":[{\"@type\":\"SearchAction\",\"target\":{\"@type\":\"EntryPoint\",\"urlTemplate\":\"https:\\\/\\\/www.bellunopress.it\\\/?s={search_term_string}\"},\"query-input\":{\"@type\":\"PropertyValueSpecification\",\"valueRequired\":true,\"valueName\":\"search_term_string\"}}],\"inLanguage\":\"fr-FR\"},{\"@type\":\"Organization\",\"@id\":\"https:\\\/\\\/www.bellunopress.it\\\/#organization\",\"name\":\"Bellunopress\",\"url\":\"https:\\\/\\\/www.bellunopress.it\\\/\",\"logo\":{\"@type\":\"ImageObject\",\"inLanguage\":\"fr-FR\",\"@id\":\"https:\\\/\\\/www.bellunopress.it\\\/#\\\/schema\\\/logo\\\/image\\\/\",\"url\":\"https:\\\/\\\/www.bellunopress.it\\\/wp-content\\\/uploads\\\/2011\\\/05\\\/cropped-logo-bellunopress-.jpg\",\"contentUrl\":\"https:\\\/\\\/www.bellunopress.it\\\/wp-content\\\/uploads\\\/2011\\\/05\\\/cropped-logo-bellunopress-.jpg\",\"width\":512,\"height\":512,\"caption\":\"Bellunopress\"},\"image\":{\"@id\":\"https:\\\/\\\/www.bellunopress.it\\\/#\\\/schema\\\/logo\\\/image\\\/\"},\"sameAs\":[\"https:\\\/\\\/www.facebook.com\\\/profile.php?id=100008943462799\",\"https:\\\/\\\/x.com\\\/bellunopress\",\"https:\\\/\\\/www.linkedin.com\\\/hp\\\/?dnr=JBzUWaJfMUw8vbXJJ2tVW5-I3jZKvC4wsoxE&amp;amp;amp;amp;amp;amp;trk=nav_responsive_tab_home\",\"https:\\\/\\\/www.youtube.com\\\/channel\\\/UCxL0wu1uN0_3_7hGG0306cw\"]},{\"@type\":\"Person\",\"@id\":\"https:\\\/\\\/www.bellunopress.it\\\/#\\\/schema\\\/person\\\/79bb06722b37ece1c03d3e94beb30d73\",\"name\":\"redazione\",\"image\":{\"@type\":\"ImageObject\",\"inLanguage\":\"fr-FR\",\"@id\":\"https:\\\/\\\/secure.gravatar.com\\\/avatar\\\/37d968a2e67a6fd04c169c4bdef102d0bc5d31b2546345219e348575eb80e9a0?s=96&d=mm&r=g\",\"url\":\"https:\\\/\\\/secure.gravatar.com\\\/avatar\\\/37d968a2e67a6fd04c169c4bdef102d0bc5d31b2546345219e348575eb80e9a0?s=96&d=mm&r=g\",\"contentUrl\":\"https:\\\/\\\/secure.gravatar.com\\\/avatar\\\/37d968a2e67a6fd04c169c4bdef102d0bc5d31b2546345219e348575eb80e9a0?s=96&d=mm&r=g\",\"caption\":\"redazione\"},\"sameAs\":[\"http:\\\/\\\/www.bellunopress.it\",\"https:\\\/\\\/x.com\\\/bellunopress\"],\"url\":\"https:\\\/\\\/www.bellunopress.it\\\/fr\\\/author\\\/redazione\\\/\"}]}<\/script>\n<!-- \/ Yoast SEO plugin. -->","yoast_head_json":{"title":"Giovani talenti della fotografia in vetrina al Lagazuoi. Premiata Giorgia Armas - Bellunopress - Dolomiti","robots":{"index":"index","follow":"follow","max-snippet":"max-snippet:-1","max-image-preview":"max-image-preview:large","max-video-preview":"max-video-preview:-1"},"canonical":"https:\/\/www.bellunopress.it\/fr\/2025\/09\/08\/giovani-talenti-della-fotografia-in-vetrina-al-lagazuoi-premiata-giorgia-armas\/","og_locale":"fr_FR","og_type":"article","og_title":"Giovani talenti della fotografia in vetrina al Lagazuoi. Premiata Giorgia Armas - Bellunopress - Dolomiti","og_description":"I partecipanti della residenza &#8220;New Talents 2025&#8221; immortalano la montagna in scatti che ne svelano l&#8217;anima pi\u00f9 autentica, tra storia, natura e presenza umana Sabato 6 settembre la premiazione e l&#8217;inaugurazione allestita nella galleria a 2732 metri d&#8217;altezza, visitabile fino al 19 ottobre Giorgia Armas di Arbus conquista il primo premio con il progetto &#8220;Non [&hellip;]","og_url":"https:\/\/www.bellunopress.it\/fr\/2025\/09\/08\/giovani-talenti-della-fotografia-in-vetrina-al-lagazuoi-premiata-giorgia-armas\/","og_site_name":"Bellunopress - Dolomiti","article_publisher":"https:\/\/www.facebook.com\/profile.php?id=100008943462799","article_published_time":"2025-09-08T08:15:48+00:00","article_modified_time":"2025-09-08T13:06:29+00:00","og_image":[{"width":800,"height":240,"url":"https:\/\/www.bellunopress.it\/wp-content\/uploads\/2025\/09\/Lagazuoi-Expo-Dolomiti_edited.jpg","type":"image\/jpeg"}],"author":"redazione","twitter_card":"summary_large_image","twitter_creator":"@bellunopress","twitter_site":"@bellunopress","twitter_misc":{"Written by":"redazione","Est. reading time":"7 minutes"},"schema":{"@context":"https:\/\/schema.org","@graph":[{"@type":"Article","@id":"https:\/\/www.bellunopress.it\/2025\/09\/08\/giovani-talenti-della-fotografia-in-vetrina-al-lagazuoi-premiata-giorgia-armas\/#article","isPartOf":{"@id":"https:\/\/www.bellunopress.it\/2025\/09\/08\/giovani-talenti-della-fotografia-in-vetrina-al-lagazuoi-premiata-giorgia-armas\/"},"author":{"name":"redazione","@id":"https:\/\/www.bellunopress.it\/#\/schema\/person\/79bb06722b37ece1c03d3e94beb30d73"},"headline":"Giovani talenti della fotografia in vetrina al Lagazuoi. Premiata Giorgia Armas","datePublished":"2025-09-08T08:15:48+00:00","dateModified":"2025-09-08T13:06:29+00:00","mainEntityOfPage":{"@id":"https:\/\/www.bellunopress.it\/2025\/09\/08\/giovani-talenti-della-fotografia-in-vetrina-al-lagazuoi-premiata-giorgia-armas\/"},"wordCount":1438,"publisher":{"@id":"https:\/\/www.bellunopress.it\/#organization"},"image":{"@id":"https:\/\/www.bellunopress.it\/2025\/09\/08\/giovani-talenti-della-fotografia-in-vetrina-al-lagazuoi-premiata-giorgia-armas\/#primaryimage"},"thumbnailUrl":"https:\/\/www.bellunopress.it\/wp-content\/uploads\/2025\/09\/Lagazuoi-Expo-Dolomiti_edited.jpg","articleSection":["Arte, Cultura, Spettacoli, Scienza","Featured","Pausa Caff\u00e8"],"inLanguage":"fr-FR"},{"@type":"WebPage","@id":"https:\/\/www.bellunopress.it\/2025\/09\/08\/giovani-talenti-della-fotografia-in-vetrina-al-lagazuoi-premiata-giorgia-armas\/","url":"https:\/\/www.bellunopress.it\/2025\/09\/08\/giovani-talenti-della-fotografia-in-vetrina-al-lagazuoi-premiata-giorgia-armas\/","name":"Giovani talenti della fotografia in vetrina al Lagazuoi. Premiata Giorgia Armas - Bellunopress - Dolomiti","isPartOf":{"@id":"https:\/\/www.bellunopress.it\/#website"},"primaryImageOfPage":{"@id":"https:\/\/www.bellunopress.it\/2025\/09\/08\/giovani-talenti-della-fotografia-in-vetrina-al-lagazuoi-premiata-giorgia-armas\/#primaryimage"},"image":{"@id":"https:\/\/www.bellunopress.it\/2025\/09\/08\/giovani-talenti-della-fotografia-in-vetrina-al-lagazuoi-premiata-giorgia-armas\/#primaryimage"},"thumbnailUrl":"https:\/\/www.bellunopress.it\/wp-content\/uploads\/2025\/09\/Lagazuoi-Expo-Dolomiti_edited.jpg","datePublished":"2025-09-08T08:15:48+00:00","dateModified":"2025-09-08T13:06:29+00:00","breadcrumb":{"@id":"https:\/\/www.bellunopress.it\/2025\/09\/08\/giovani-talenti-della-fotografia-in-vetrina-al-lagazuoi-premiata-giorgia-armas\/#breadcrumb"},"inLanguage":"fr-FR","potentialAction":[{"@type":"ReadAction","target":["https:\/\/www.bellunopress.it\/2025\/09\/08\/giovani-talenti-della-fotografia-in-vetrina-al-lagazuoi-premiata-giorgia-armas\/"]}]},{"@type":"ImageObject","inLanguage":"fr-FR","@id":"https:\/\/www.bellunopress.it\/2025\/09\/08\/giovani-talenti-della-fotografia-in-vetrina-al-lagazuoi-premiata-giorgia-armas\/#primaryimage","url":"https:\/\/www.bellunopress.it\/wp-content\/uploads\/2025\/09\/Lagazuoi-Expo-Dolomiti_edited.jpg","contentUrl":"https:\/\/www.bellunopress.it\/wp-content\/uploads\/2025\/09\/Lagazuoi-Expo-Dolomiti_edited.jpg","width":800,"height":240},{"@type":"BreadcrumbList","@id":"https:\/\/www.bellunopress.it\/2025\/09\/08\/giovani-talenti-della-fotografia-in-vetrina-al-lagazuoi-premiata-giorgia-armas\/#breadcrumb","itemListElement":[{"@type":"ListItem","position":1,"name":"Home","item":"https:\/\/www.bellunopress.it\/"},{"@type":"ListItem","position":2,"name":"Giovani talenti della fotografia in vetrina al Lagazuoi. Premiata Giorgia Armas"}]},{"@type":"WebSite","@id":"https:\/\/www.bellunopress.it\/#website","url":"https:\/\/www.bellunopress.it\/","name":"Bellunopress - Dolomiti","description":"e-mail: redazione@bellunopress.it","publisher":{"@id":"https:\/\/www.bellunopress.it\/#organization"},"potentialAction":[{"@type":"SearchAction","target":{"@type":"EntryPoint","urlTemplate":"https:\/\/www.bellunopress.it\/?s={search_term_string}"},"query-input":{"@type":"PropertyValueSpecification","valueRequired":true,"valueName":"search_term_string"}}],"inLanguage":"fr-FR"},{"@type":"Organization","@id":"https:\/\/www.bellunopress.it\/#organization","name":"Bellunopress","url":"https:\/\/www.bellunopress.it\/","logo":{"@type":"ImageObject","inLanguage":"fr-FR","@id":"https:\/\/www.bellunopress.it\/#\/schema\/logo\/image\/","url":"https:\/\/www.bellunopress.it\/wp-content\/uploads\/2011\/05\/cropped-logo-bellunopress-.jpg","contentUrl":"https:\/\/www.bellunopress.it\/wp-content\/uploads\/2011\/05\/cropped-logo-bellunopress-.jpg","width":512,"height":512,"caption":"Bellunopress"},"image":{"@id":"https:\/\/www.bellunopress.it\/#\/schema\/logo\/image\/"},"sameAs":["https:\/\/www.facebook.com\/profile.php?id=100008943462799","https:\/\/x.com\/bellunopress","https:\/\/www.linkedin.com\/hp\/?dnr=JBzUWaJfMUw8vbXJJ2tVW5-I3jZKvC4wsoxE&amp;amp;amp;amp;amp;amp;trk=nav_responsive_tab_home","https:\/\/www.youtube.com\/channel\/UCxL0wu1uN0_3_7hGG0306cw"]},{"@type":"Person","@id":"https:\/\/www.bellunopress.it\/#\/schema\/person\/79bb06722b37ece1c03d3e94beb30d73","name":"r\u00e9daction","image":{"@type":"ImageObject","inLanguage":"fr-FR","@id":"https:\/\/secure.gravatar.com\/avatar\/37d968a2e67a6fd04c169c4bdef102d0bc5d31b2546345219e348575eb80e9a0?s=96&d=mm&r=g","url":"https:\/\/secure.gravatar.com\/avatar\/37d968a2e67a6fd04c169c4bdef102d0bc5d31b2546345219e348575eb80e9a0?s=96&d=mm&r=g","contentUrl":"https:\/\/secure.gravatar.com\/avatar\/37d968a2e67a6fd04c169c4bdef102d0bc5d31b2546345219e348575eb80e9a0?s=96&d=mm&r=g","caption":"redazione"},"sameAs":["http:\/\/www.bellunopress.it","https:\/\/x.com\/bellunopress"],"url":"https:\/\/www.bellunopress.it\/fr\/author\/redazione\/"}]}},"_links":{"self":[{"href":"https:\/\/www.bellunopress.it\/fr\/wp-json\/wp\/v2\/posts\/163111","targetHints":{"allow":["GET"]}}],"collection":[{"href":"https:\/\/www.bellunopress.it\/fr\/wp-json\/wp\/v2\/posts"}],"about":[{"href":"https:\/\/www.bellunopress.it\/fr\/wp-json\/wp\/v2\/types\/post"}],"author":[{"embeddable":true,"href":"https:\/\/www.bellunopress.it\/fr\/wp-json\/wp\/v2\/users\/2"}],"replies":[{"embeddable":true,"href":"https:\/\/www.bellunopress.it\/fr\/wp-json\/wp\/v2\/comments?post=163111"}],"version-history":[{"count":4,"href":"https:\/\/www.bellunopress.it\/fr\/wp-json\/wp\/v2\/posts\/163111\/revisions"}],"predecessor-version":[{"id":163117,"href":"https:\/\/www.bellunopress.it\/fr\/wp-json\/wp\/v2\/posts\/163111\/revisions\/163117"}],"wp:featuredmedia":[{"embeddable":true,"href":"https:\/\/www.bellunopress.it\/fr\/wp-json\/wp\/v2\/media\/163109"}],"wp:attachment":[{"href":"https:\/\/www.bellunopress.it\/fr\/wp-json\/wp\/v2\/media?parent=163111"}],"wp:term":[{"taxonomy":"category","embeddable":true,"href":"https:\/\/www.bellunopress.it\/fr\/wp-json\/wp\/v2\/categories?post=163111"},{"taxonomy":"post_tag","embeddable":true,"href":"https:\/\/www.bellunopress.it\/fr\/wp-json\/wp\/v2\/tags?post=163111"}],"curies":[{"name":"wp","href":"https:\/\/api.w.org\/{rel}","templated":true}]}}