{"id":163104,"date":"2025-09-07T18:42:23","date_gmt":"2025-09-07T16:42:23","guid":{"rendered":"https:\/\/www.bellunopress.it\/?p=163104"},"modified":"2025-09-07T21:46:36","modified_gmt":"2025-09-07T19:46:36","slug":"dolomiti-bellunesi-il-primo-stop-in-campionato-arriva-al-rigamonti-ceppi","status":"publish","type":"post","link":"https:\/\/www.bellunopress.it\/fr\/2025\/09\/07\/dolomiti-bellunesi-il-primo-stop-in-campionato-arriva-al-rigamonti-ceppi\/","title":{"rendered":"Dolomiti Bellunesi, il primo stop in campionato arriva al &#8220;Rigamonti-Ceppi&#8221;"},"content":{"rendered":"<figure id=\"attachment_163105\" aria-describedby=\"caption-attachment-163105\" style=\"width: 800px\" class=\"wp-caption aligncenter\"><img loading=\"lazy\" decoding=\"async\" class=\"size-full wp-image-163105\" src=\"https:\/\/www.bellunopress.it\/wp-content\/uploads\/2025\/09\/Dolomiti-Bellunesi-Lecco-Toci_contrastato_da_Furlan_edited.jpg\" alt=\"\" width=\"800\" height=\"534\" srcset=\"https:\/\/www.bellunopress.it\/wp-content\/uploads\/2025\/09\/Dolomiti-Bellunesi-Lecco-Toci_contrastato_da_Furlan_edited.jpg 800w, https:\/\/www.bellunopress.it\/wp-content\/uploads\/2025\/09\/Dolomiti-Bellunesi-Lecco-Toci_contrastato_da_Furlan_edited-500x334.jpg 500w, https:\/\/www.bellunopress.it\/wp-content\/uploads\/2025\/09\/Dolomiti-Bellunesi-Lecco-Toci_contrastato_da_Furlan_edited-629x420.jpg 629w, https:\/\/www.bellunopress.it\/wp-content\/uploads\/2025\/09\/Dolomiti-Bellunesi-Lecco-Toci_contrastato_da_Furlan_edited-696x465.jpg 696w\" sizes=\"auto, (max-width: 800px) 100vw, 800px\" \/><figcaption id=\"caption-attachment-163105\" class=\"wp-caption-text\">Dolomiti Bellunesi (Foto: GIuseppe De Zanet)<\/figcaption><\/figure>\n<p>LECCO-DOLOMITI BELLUNESI 3-0<\/p>\n<p>GOL: pt 22&#8242; Tanco, 46&#8242; Kritta; st 50&#8242; Alaoui.<\/p>\n<p>LECCO: Furlan; Battistini, Tanco, Ferrini; Pellegrino (st 36&#8242; Mihali), Mallamo (st 36&#8242; Metlika), Zanellato (st 20&#8242; Bonaiti), Kritta; Galeandro )st 20&#8242; Alaoui), Furrer (st 20&#8242; Anastasini); Sipos (in panchina: Dalmasso, Constant, Marrone, Grassini, Voltan, Lovisa, Romani). Allenatore: F. Valente.<\/p>\n<p>DOLOMITI BELLUNESI: Abati; Barbini (st 20&#8242; Alcides), Milesi, Mondonico; Saccani (st 20&#8242; De Paoli), Brugnolo, Burrai, Clemenza (st 1&#8242; Agosti), Mignanelli; Toci (pt 21&#8242; Olonisakin), Marconi (st 36&#8242; Gobetti) (in panchina: Consiglio, Scapin, Mutanda, Masut, Piazza, Tavanti). Allenatore: N. Zanini.<\/p>\n<p>ARBITRO: Abdoulaye Diop di Treviglio (assistenti: Giulia Tempestilli di Roma 2 e Angelo Di Curzio di Civitavecchia; quarto ufficiale: Davide Gandino di Alessandri; operatore FVS: Gianluca Li Vigni di Seregno).<\/p>\n<p>NOTE. Spettatori: 2550. Angoli: 5-3 per il Lecco. Ammonito: Saccani. Espulso: st 27&#8242; Milesi. Recupero: pt 5&#8242;; st 5&#8242;.<\/p>\n<p>\u00c8 una big del girone a imporre la prima sconfitta in campionato alla Dolomiti Bellunesi: il Lecco, infatti, cala il tris nel suo fortino, il &#8220;Rigamonti-Ceppi&#8221;. E indirizza l&#8217;incontro gi\u00e0 in un primo tempo nel quale sfodera maggior concretezza e cinismo: da squadra navigata e di categoria. Ma non si pu\u00f2 dire che la dea bendata abbia sorriso al gruppo di Zanini: oltre a due centrocampisti di spessore, come Mazzocco e Cossalter, i dolomitici hanno dovuto rinunciare per buona parte del match al loro principale terminale offensivo, Eljon Toci, fermato da un problema fisico. In pi\u00f9, come se non bastasse, sono rimasti in dieci a met\u00e0 ripresa (espulso Milesi, dopo una revisione al monitor), nel momento di massima spinta per tornare in partita. Chiusa con un passivo la terza parentesi lombarda, non resta che concentrarsi sul prossimo impegno, in calendario sabato 13 settembre (ore 15), allo stadio &#8220;Tognon&#8221; di Fontanafredda, dove approder\u00e0 l&#8217;Alcione Milano.<\/p>\n<p>LE SCELTE &#8211; Sono ben quattro le variazioni all&#8217;undici di partenza rispetto al confronto col Novara: Mondonico, ingaggiato luned\u00ec scorso in chiusura di mercato, trova subito spazio nella retroguardia a tre, arricchita pure dai confermati Barbini e Milesi, mentre Abati \u00e8 chiamato a difendere i pali, Saccani sgomma sulla corsia di destra e Marconi, in attacco, affianca un Toci appena premiato dalla Lega Pro come miglior giocatore del mese di agosto, nel girone A.<\/p>\n<p>BANDIERA BIANCA &#8211; E proprio Toci si dimostra un elemento preziosissimo nella met\u00e0 campo avversaria, ma anche in quella amica, se \u00e8 vero che, in apertura, \u00e8 protagonista di un salvataggio decisivo, da stopper consumato, nel cuore dell&#8217;area dolomitica. Il bomber albanese, per\u00f2, \u00e8 costretto ad alzare bandiera bianca a met\u00e0 frazione, in seguito a un problema muscolare. Una brutta tegola, anche perch\u00e9, di l\u00ec a poco, passa il Lecco: sugli sviluppi di un corner, Tanco anticipa tutti e insacca. In precedenza, buon intervento di Abati sul tiro-cross di Battistini. E la Dolomiti Bellunesi? Non si limita a contenere. Al contrario, cerca di pungere: in particolare con Marconi, ben lanciato da Burrai, su cui la difesa lombarda si salva in extremis. E Olonisakin: entrato al posto di Toci, il nigeriano sfiora il bersaglio col sinistro, al termine di un ottimo spunto personale. Dall&#8217;altra parte, Pellegrino, smarcato da un tacco di Furrer, manca il raddoppio da buona posizione. Raddoppio che, invece, si concretizzer\u00e0 qualche secondo oltre lo scadere del tempo, grazie alla stocca di Kritta: Abati sfiora, per\u00f2 non basta.<\/p>\n<p>ROSSO DIRETTO &#8211; Nella ripresa, la Dolomiti prova a cambiare marcia. E lo fa con l&#8217;ex di turno, Mignanelli, che prima impegna Furlan con un sinistro velenoso, poi manda di poco alto, su invito di Burrai. Mister Zanini chiede ritmo e incisivit\u00e0 ai neo entrati Agosti, Alcides e De Paoli. Ma a complicare ulteriormente il quadro \u00e8 il rosso diretto a Milesi, per un fallo su Mallamo, all&#8217;altezza della linea mediana: l&#8217;arbitro, inizialmente, estrae il cartellino giallo, solo che la revisione al Football Video Support induce il direttore di gara a inasprire la sanzione. Cos\u00ec, l&#8217;epilogo \u00e8 di stampo lecchese: Abati salva due volte su Mihali. Ma nulla pu\u00f2 sulla deviazione di Alaoui: 3-0 e sipario.<\/p>\n<p>L&#8217;ANALISI &#8211; \u00abDopo i doverosi complimenti al Lecco &#8211; analizza mister Nicola Zanini &#8211; posso aggiungere che siamo stati un po&#8217; deboli negli episodi. \u00c8 vero, siamo giovani e all&#8217;esordio in C, ma va alzato il livello di attenzione. Nel complesso, abbiamo tenuto abbastanza bene il campo, almeno fino all&#8217;espulsione, e siamo arrivati diverse volte nei pressi dell&#8217;area di rigore avversaria. A quel punto, per\u00f2, ci \u00e8 sempre mancato qualcosina. In ogni caso, per crescere \u00e8 necessario passare anche da queste situazioni. Continuiamo a lavorare, insieme, e per un unico obiettivo: la salvezza\u00bb.<\/p>","protected":false},"excerpt":{"rendered":"<p>LECCO-DOLOMITI BELLUNESI 3-0 GOL: pt 22&#8242; Tanco, 46&#8242; Kritta; st 50&#8242; Alaoui. LECCO: Furlan; Battistini, Tanco, Ferrini; Pellegrino (st 36&#8242; Mihali), Mallamo (st 36&#8242; Metlika), Zanellato (st 20&#8242; Bonaiti), Kritta; Galeandro )st 20&#8242; Alaoui), Furrer (st 20&#8242; Anastasini); Sipos (in panchina: Dalmasso, Constant, Marrone, Grassini, Voltan, Lovisa, Romani). Allenatore: F. Valente. DOLOMITI BELLUNESI: Abati; Barbini [&hellip;]<\/p>\n","protected":false},"author":2,"featured_media":163105,"comment_status":"closed","ping_status":"open","sticky":false,"template":"","format":"standard","meta":{"footnotes":""},"categories":[26,4],"tags":[],"class_list":["post-163104","post","type-post","status-publish","format-standard","has-post-thumbnail","category-prima-pagina","category-sport"],"yoast_head":"<!-- This site is optimized with the Yoast SEO plugin v28.4 - https:\/\/yoast.com\/product\/yoast-seo-wordpress\/ -->\n<title>Dolomiti Bellunesi, il primo stop in campionato arriva al &quot;Rigamonti-Ceppi&quot; - Bellunopress - Dolomiti<\/title>\n<meta name=\"robots\" content=\"index, follow, max-snippet:-1, max-image-preview:large, max-video-preview:-1\" \/>\n<link rel=\"canonical\" href=\"https:\/\/www.bellunopress.it\/fr\/2025\/09\/07\/dolomiti-bellunesi-il-primo-stop-in-campionato-arriva-al-rigamonti-ceppi\/\" \/>\n<meta property=\"og:locale\" content=\"fr_FR\" \/>\n<meta property=\"og:type\" content=\"article\" \/>\n<meta property=\"og:title\" content=\"Dolomiti Bellunesi, il primo stop in campionato arriva al &quot;Rigamonti-Ceppi&quot; - Bellunopress - Dolomiti\" \/>\n<meta property=\"og:description\" content=\"LECCO-DOLOMITI BELLUNESI 3-0 GOL: pt 22&#8242; Tanco, 46&#8242; Kritta; st 50&#8242; Alaoui. LECCO: Furlan; Battistini, Tanco, Ferrini; Pellegrino (st 36&#8242; Mihali), Mallamo (st 36&#8242; Metlika), Zanellato (st 20&#8242; Bonaiti), Kritta; Galeandro )st 20&#8242; Alaoui), Furrer (st 20&#8242; Anastasini); Sipos (in panchina: Dalmasso, Constant, Marrone, Grassini, Voltan, Lovisa, Romani). Allenatore: F. Valente. DOLOMITI BELLUNESI: Abati; Barbini [&hellip;]\" \/>\n<meta property=\"og:url\" content=\"https:\/\/www.bellunopress.it\/fr\/2025\/09\/07\/dolomiti-bellunesi-il-primo-stop-in-campionato-arriva-al-rigamonti-ceppi\/\" \/>\n<meta property=\"og:site_name\" content=\"Bellunopress - Dolomiti\" \/>\n<meta property=\"article:publisher\" content=\"https:\/\/www.facebook.com\/profile.php?id=100008943462799\" \/>\n<meta property=\"article:published_time\" content=\"2025-09-07T16:42:23+00:00\" \/>\n<meta property=\"article:modified_time\" content=\"2025-09-07T19:46:36+00:00\" \/>\n<meta property=\"og:image\" content=\"https:\/\/www.bellunopress.it\/wp-content\/uploads\/2025\/09\/Dolomiti-Bellunesi-Lecco-Toci_contrastato_da_Furlan_edited.jpg\" \/>\n\t<meta property=\"og:image:width\" content=\"800\" \/>\n\t<meta property=\"og:image:height\" content=\"534\" \/>\n\t<meta property=\"og:image:type\" content=\"image\/jpeg\" \/>\n<meta name=\"author\" content=\"redazione\" \/>\n<meta name=\"twitter:card\" content=\"summary_large_image\" \/>\n<meta name=\"twitter:creator\" content=\"@bellunopress\" \/>\n<meta name=\"twitter:site\" content=\"@bellunopress\" \/>\n<meta name=\"twitter:label1\" content=\"\u00c9crit par\" \/>\n\t<meta name=\"twitter:data1\" content=\"redazione\" \/>\n\t<meta name=\"twitter:label2\" content=\"Dur\u00e9e de lecture estim\u00e9e\" \/>\n\t<meta name=\"twitter:data2\" content=\"4 minutes\" \/>\n<script type=\"application\/ld+json\" class=\"yoast-schema-graph\">{\"@context\":\"https:\\\/\\\/schema.org\",\"@graph\":[{\"@type\":\"Article\",\"@id\":\"https:\\\/\\\/www.bellunopress.it\\\/2025\\\/09\\\/07\\\/dolomiti-bellunesi-il-primo-stop-in-campionato-arriva-al-rigamonti-ceppi\\\/#article\",\"isPartOf\":{\"@id\":\"https:\\\/\\\/www.bellunopress.it\\\/2025\\\/09\\\/07\\\/dolomiti-bellunesi-il-primo-stop-in-campionato-arriva-al-rigamonti-ceppi\\\/\"},\"author\":{\"name\":\"redazione\",\"@id\":\"https:\\\/\\\/www.bellunopress.it\\\/#\\\/schema\\\/person\\\/79bb06722b37ece1c03d3e94beb30d73\"},\"headline\":\"Dolomiti Bellunesi, il primo stop in campionato arriva al &#8220;Rigamonti-Ceppi&#8221;\",\"datePublished\":\"2025-09-07T16:42:23+00:00\",\"dateModified\":\"2025-09-07T19:46:36+00:00\",\"mainEntityOfPage\":{\"@id\":\"https:\\\/\\\/www.bellunopress.it\\\/2025\\\/09\\\/07\\\/dolomiti-bellunesi-il-primo-stop-in-campionato-arriva-al-rigamonti-ceppi\\\/\"},\"wordCount\":762,\"publisher\":{\"@id\":\"https:\\\/\\\/www.bellunopress.it\\\/#organization\"},\"image\":{\"@id\":\"https:\\\/\\\/www.bellunopress.it\\\/2025\\\/09\\\/07\\\/dolomiti-bellunesi-il-primo-stop-in-campionato-arriva-al-rigamonti-ceppi\\\/#primaryimage\"},\"thumbnailUrl\":\"https:\\\/\\\/www.bellunopress.it\\\/wp-content\\\/uploads\\\/2025\\\/09\\\/Dolomiti-Bellunesi-Lecco-Toci_contrastato_da_Furlan_edited.jpg\",\"articleSection\":[\"Prima Pagina\",\"Sport, tempo libero\"],\"inLanguage\":\"fr-FR\"},{\"@type\":\"WebPage\",\"@id\":\"https:\\\/\\\/www.bellunopress.it\\\/2025\\\/09\\\/07\\\/dolomiti-bellunesi-il-primo-stop-in-campionato-arriva-al-rigamonti-ceppi\\\/\",\"url\":\"https:\\\/\\\/www.bellunopress.it\\\/2025\\\/09\\\/07\\\/dolomiti-bellunesi-il-primo-stop-in-campionato-arriva-al-rigamonti-ceppi\\\/\",\"name\":\"Dolomiti Bellunesi, il primo stop in campionato arriva al \\\"Rigamonti-Ceppi\\\" - Bellunopress - Dolomiti\",\"isPartOf\":{\"@id\":\"https:\\\/\\\/www.bellunopress.it\\\/#website\"},\"primaryImageOfPage\":{\"@id\":\"https:\\\/\\\/www.bellunopress.it\\\/2025\\\/09\\\/07\\\/dolomiti-bellunesi-il-primo-stop-in-campionato-arriva-al-rigamonti-ceppi\\\/#primaryimage\"},\"image\":{\"@id\":\"https:\\\/\\\/www.bellunopress.it\\\/2025\\\/09\\\/07\\\/dolomiti-bellunesi-il-primo-stop-in-campionato-arriva-al-rigamonti-ceppi\\\/#primaryimage\"},\"thumbnailUrl\":\"https:\\\/\\\/www.bellunopress.it\\\/wp-content\\\/uploads\\\/2025\\\/09\\\/Dolomiti-Bellunesi-Lecco-Toci_contrastato_da_Furlan_edited.jpg\",\"datePublished\":\"2025-09-07T16:42:23+00:00\",\"dateModified\":\"2025-09-07T19:46:36+00:00\",\"breadcrumb\":{\"@id\":\"https:\\\/\\\/www.bellunopress.it\\\/2025\\\/09\\\/07\\\/dolomiti-bellunesi-il-primo-stop-in-campionato-arriva-al-rigamonti-ceppi\\\/#breadcrumb\"},\"inLanguage\":\"fr-FR\",\"potentialAction\":[{\"@type\":\"ReadAction\",\"target\":[\"https:\\\/\\\/www.bellunopress.it\\\/2025\\\/09\\\/07\\\/dolomiti-bellunesi-il-primo-stop-in-campionato-arriva-al-rigamonti-ceppi\\\/\"]}]},{\"@type\":\"ImageObject\",\"inLanguage\":\"fr-FR\",\"@id\":\"https:\\\/\\\/www.bellunopress.it\\\/2025\\\/09\\\/07\\\/dolomiti-bellunesi-il-primo-stop-in-campionato-arriva-al-rigamonti-ceppi\\\/#primaryimage\",\"url\":\"https:\\\/\\\/www.bellunopress.it\\\/wp-content\\\/uploads\\\/2025\\\/09\\\/Dolomiti-Bellunesi-Lecco-Toci_contrastato_da_Furlan_edited.jpg\",\"contentUrl\":\"https:\\\/\\\/www.bellunopress.it\\\/wp-content\\\/uploads\\\/2025\\\/09\\\/Dolomiti-Bellunesi-Lecco-Toci_contrastato_da_Furlan_edited.jpg\",\"width\":800,\"height\":534,\"caption\":\"Dolomiti Bellunesi (Foto: GIuseppe De Zanet)\"},{\"@type\":\"BreadcrumbList\",\"@id\":\"https:\\\/\\\/www.bellunopress.it\\\/2025\\\/09\\\/07\\\/dolomiti-bellunesi-il-primo-stop-in-campionato-arriva-al-rigamonti-ceppi\\\/#breadcrumb\",\"itemListElement\":[{\"@type\":\"ListItem\",\"position\":1,\"name\":\"Home\",\"item\":\"https:\\\/\\\/www.bellunopress.it\\\/\"},{\"@type\":\"ListItem\",\"position\":2,\"name\":\"Dolomiti Bellunesi, il primo stop in campionato arriva al &#8220;Rigamonti-Ceppi&#8221;\"}]},{\"@type\":\"WebSite\",\"@id\":\"https:\\\/\\\/www.bellunopress.it\\\/#website\",\"url\":\"https:\\\/\\\/www.bellunopress.it\\\/\",\"name\":\"Bellunopress - Dolomiti\",\"description\":\"e-mail: redazione@bellunopress.it\",\"publisher\":{\"@id\":\"https:\\\/\\\/www.bellunopress.it\\\/#organization\"},\"potentialAction\":[{\"@type\":\"SearchAction\",\"target\":{\"@type\":\"EntryPoint\",\"urlTemplate\":\"https:\\\/\\\/www.bellunopress.it\\\/?s={search_term_string}\"},\"query-input\":{\"@type\":\"PropertyValueSpecification\",\"valueRequired\":true,\"valueName\":\"search_term_string\"}}],\"inLanguage\":\"fr-FR\"},{\"@type\":\"Organization\",\"@id\":\"https:\\\/\\\/www.bellunopress.it\\\/#organization\",\"name\":\"Bellunopress\",\"url\":\"https:\\\/\\\/www.bellunopress.it\\\/\",\"logo\":{\"@type\":\"ImageObject\",\"inLanguage\":\"fr-FR\",\"@id\":\"https:\\\/\\\/www.bellunopress.it\\\/#\\\/schema\\\/logo\\\/image\\\/\",\"url\":\"https:\\\/\\\/www.bellunopress.it\\\/wp-content\\\/uploads\\\/2011\\\/05\\\/cropped-logo-bellunopress-.jpg\",\"contentUrl\":\"https:\\\/\\\/www.bellunopress.it\\\/wp-content\\\/uploads\\\/2011\\\/05\\\/cropped-logo-bellunopress-.jpg\",\"width\":512,\"height\":512,\"caption\":\"Bellunopress\"},\"image\":{\"@id\":\"https:\\\/\\\/www.bellunopress.it\\\/#\\\/schema\\\/logo\\\/image\\\/\"},\"sameAs\":[\"https:\\\/\\\/www.facebook.com\\\/profile.php?id=100008943462799\",\"https:\\\/\\\/x.com\\\/bellunopress\",\"https:\\\/\\\/www.linkedin.com\\\/hp\\\/?dnr=JBzUWaJfMUw8vbXJJ2tVW5-I3jZKvC4wsoxE&amp;amp;amp;amp;amp;amp;trk=nav_responsive_tab_home\",\"https:\\\/\\\/www.youtube.com\\\/channel\\\/UCxL0wu1uN0_3_7hGG0306cw\"]},{\"@type\":\"Person\",\"@id\":\"https:\\\/\\\/www.bellunopress.it\\\/#\\\/schema\\\/person\\\/79bb06722b37ece1c03d3e94beb30d73\",\"name\":\"redazione\",\"image\":{\"@type\":\"ImageObject\",\"inLanguage\":\"fr-FR\",\"@id\":\"https:\\\/\\\/secure.gravatar.com\\\/avatar\\\/37d968a2e67a6fd04c169c4bdef102d0bc5d31b2546345219e348575eb80e9a0?s=96&d=mm&r=g\",\"url\":\"https:\\\/\\\/secure.gravatar.com\\\/avatar\\\/37d968a2e67a6fd04c169c4bdef102d0bc5d31b2546345219e348575eb80e9a0?s=96&d=mm&r=g\",\"contentUrl\":\"https:\\\/\\\/secure.gravatar.com\\\/avatar\\\/37d968a2e67a6fd04c169c4bdef102d0bc5d31b2546345219e348575eb80e9a0?s=96&d=mm&r=g\",\"caption\":\"redazione\"},\"sameAs\":[\"http:\\\/\\\/www.bellunopress.it\",\"https:\\\/\\\/x.com\\\/bellunopress\"],\"url\":\"https:\\\/\\\/www.bellunopress.it\\\/fr\\\/author\\\/redazione\\\/\"}]}<\/script>\n<!-- \/ Yoast SEO plugin. -->","yoast_head_json":{"title":"Dolomiti Bellunesi, il primo stop in campionato arriva al \"Rigamonti-Ceppi\" - Bellunopress - Dolomiti","robots":{"index":"index","follow":"follow","max-snippet":"max-snippet:-1","max-image-preview":"max-image-preview:large","max-video-preview":"max-video-preview:-1"},"canonical":"https:\/\/www.bellunopress.it\/fr\/2025\/09\/07\/dolomiti-bellunesi-il-primo-stop-in-campionato-arriva-al-rigamonti-ceppi\/","og_locale":"fr_FR","og_type":"article","og_title":"Dolomiti Bellunesi, il primo stop in campionato arriva al \"Rigamonti-Ceppi\" - Bellunopress - Dolomiti","og_description":"LECCO-DOLOMITI BELLUNESI 3-0 GOL: pt 22&#8242; Tanco, 46&#8242; Kritta; st 50&#8242; Alaoui. LECCO: Furlan; Battistini, Tanco, Ferrini; Pellegrino (st 36&#8242; Mihali), Mallamo (st 36&#8242; Metlika), Zanellato (st 20&#8242; Bonaiti), Kritta; Galeandro )st 20&#8242; Alaoui), Furrer (st 20&#8242; Anastasini); Sipos (in panchina: Dalmasso, Constant, Marrone, Grassini, Voltan, Lovisa, Romani). Allenatore: F. Valente. DOLOMITI BELLUNESI: Abati; Barbini [&hellip;]","og_url":"https:\/\/www.bellunopress.it\/fr\/2025\/09\/07\/dolomiti-bellunesi-il-primo-stop-in-campionato-arriva-al-rigamonti-ceppi\/","og_site_name":"Bellunopress - Dolomiti","article_publisher":"https:\/\/www.facebook.com\/profile.php?id=100008943462799","article_published_time":"2025-09-07T16:42:23+00:00","article_modified_time":"2025-09-07T19:46:36+00:00","og_image":[{"width":800,"height":534,"url":"https:\/\/www.bellunopress.it\/wp-content\/uploads\/2025\/09\/Dolomiti-Bellunesi-Lecco-Toci_contrastato_da_Furlan_edited.jpg","type":"image\/jpeg"}],"author":"redazione","twitter_card":"summary_large_image","twitter_creator":"@bellunopress","twitter_site":"@bellunopress","twitter_misc":{"\u00c9crit par":"redazione","Dur\u00e9e de lecture estim\u00e9e":"4 minutes"},"schema":{"@context":"https:\/\/schema.org","@graph":[{"@type":"Article","@id":"https:\/\/www.bellunopress.it\/2025\/09\/07\/dolomiti-bellunesi-il-primo-stop-in-campionato-arriva-al-rigamonti-ceppi\/#article","isPartOf":{"@id":"https:\/\/www.bellunopress.it\/2025\/09\/07\/dolomiti-bellunesi-il-primo-stop-in-campionato-arriva-al-rigamonti-ceppi\/"},"author":{"name":"redazione","@id":"https:\/\/www.bellunopress.it\/#\/schema\/person\/79bb06722b37ece1c03d3e94beb30d73"},"headline":"Dolomiti Bellunesi, il primo stop in campionato arriva al &#8220;Rigamonti-Ceppi&#8221;","datePublished":"2025-09-07T16:42:23+00:00","dateModified":"2025-09-07T19:46:36+00:00","mainEntityOfPage":{"@id":"https:\/\/www.bellunopress.it\/2025\/09\/07\/dolomiti-bellunesi-il-primo-stop-in-campionato-arriva-al-rigamonti-ceppi\/"},"wordCount":762,"publisher":{"@id":"https:\/\/www.bellunopress.it\/#organization"},"image":{"@id":"https:\/\/www.bellunopress.it\/2025\/09\/07\/dolomiti-bellunesi-il-primo-stop-in-campionato-arriva-al-rigamonti-ceppi\/#primaryimage"},"thumbnailUrl":"https:\/\/www.bellunopress.it\/wp-content\/uploads\/2025\/09\/Dolomiti-Bellunesi-Lecco-Toci_contrastato_da_Furlan_edited.jpg","articleSection":["Prima Pagina","Sport, tempo libero"],"inLanguage":"fr-FR"},{"@type":"WebPage","@id":"https:\/\/www.bellunopress.it\/2025\/09\/07\/dolomiti-bellunesi-il-primo-stop-in-campionato-arriva-al-rigamonti-ceppi\/","url":"https:\/\/www.bellunopress.it\/2025\/09\/07\/dolomiti-bellunesi-il-primo-stop-in-campionato-arriva-al-rigamonti-ceppi\/","name":"Dolomiti Bellunesi, il primo stop in campionato arriva al \"Rigamonti-Ceppi\" - Bellunopress - Dolomiti","isPartOf":{"@id":"https:\/\/www.bellunopress.it\/#website"},"primaryImageOfPage":{"@id":"https:\/\/www.bellunopress.it\/2025\/09\/07\/dolomiti-bellunesi-il-primo-stop-in-campionato-arriva-al-rigamonti-ceppi\/#primaryimage"},"image":{"@id":"https:\/\/www.bellunopress.it\/2025\/09\/07\/dolomiti-bellunesi-il-primo-stop-in-campionato-arriva-al-rigamonti-ceppi\/#primaryimage"},"thumbnailUrl":"https:\/\/www.bellunopress.it\/wp-content\/uploads\/2025\/09\/Dolomiti-Bellunesi-Lecco-Toci_contrastato_da_Furlan_edited.jpg","datePublished":"2025-09-07T16:42:23+00:00","dateModified":"2025-09-07T19:46:36+00:00","breadcrumb":{"@id":"https:\/\/www.bellunopress.it\/2025\/09\/07\/dolomiti-bellunesi-il-primo-stop-in-campionato-arriva-al-rigamonti-ceppi\/#breadcrumb"},"inLanguage":"fr-FR","potentialAction":[{"@type":"ReadAction","target":["https:\/\/www.bellunopress.it\/2025\/09\/07\/dolomiti-bellunesi-il-primo-stop-in-campionato-arriva-al-rigamonti-ceppi\/"]}]},{"@type":"ImageObject","inLanguage":"fr-FR","@id":"https:\/\/www.bellunopress.it\/2025\/09\/07\/dolomiti-bellunesi-il-primo-stop-in-campionato-arriva-al-rigamonti-ceppi\/#primaryimage","url":"https:\/\/www.bellunopress.it\/wp-content\/uploads\/2025\/09\/Dolomiti-Bellunesi-Lecco-Toci_contrastato_da_Furlan_edited.jpg","contentUrl":"https:\/\/www.bellunopress.it\/wp-content\/uploads\/2025\/09\/Dolomiti-Bellunesi-Lecco-Toci_contrastato_da_Furlan_edited.jpg","width":800,"height":534,"caption":"Dolomiti Bellunesi (Foto: GIuseppe De Zanet)"},{"@type":"BreadcrumbList","@id":"https:\/\/www.bellunopress.it\/2025\/09\/07\/dolomiti-bellunesi-il-primo-stop-in-campionato-arriva-al-rigamonti-ceppi\/#breadcrumb","itemListElement":[{"@type":"ListItem","position":1,"name":"Home","item":"https:\/\/www.bellunopress.it\/"},{"@type":"ListItem","position":2,"name":"Dolomiti Bellunesi, il primo stop in campionato arriva al &#8220;Rigamonti-Ceppi&#8221;"}]},{"@type":"WebSite","@id":"https:\/\/www.bellunopress.it\/#website","url":"https:\/\/www.bellunopress.it\/","name":"Bellunopress - Dolomiti","description":"e-mail: redazione@bellunopress.it","publisher":{"@id":"https:\/\/www.bellunopress.it\/#organization"},"potentialAction":[{"@type":"SearchAction","target":{"@type":"EntryPoint","urlTemplate":"https:\/\/www.bellunopress.it\/?s={search_term_string}"},"query-input":{"@type":"PropertyValueSpecification","valueRequired":true,"valueName":"search_term_string"}}],"inLanguage":"fr-FR"},{"@type":"Organization","@id":"https:\/\/www.bellunopress.it\/#organization","name":"Bellunopress","url":"https:\/\/www.bellunopress.it\/","logo":{"@type":"ImageObject","inLanguage":"fr-FR","@id":"https:\/\/www.bellunopress.it\/#\/schema\/logo\/image\/","url":"https:\/\/www.bellunopress.it\/wp-content\/uploads\/2011\/05\/cropped-logo-bellunopress-.jpg","contentUrl":"https:\/\/www.bellunopress.it\/wp-content\/uploads\/2011\/05\/cropped-logo-bellunopress-.jpg","width":512,"height":512,"caption":"Bellunopress"},"image":{"@id":"https:\/\/www.bellunopress.it\/#\/schema\/logo\/image\/"},"sameAs":["https:\/\/www.facebook.com\/profile.php?id=100008943462799","https:\/\/x.com\/bellunopress","https:\/\/www.linkedin.com\/hp\/?dnr=JBzUWaJfMUw8vbXJJ2tVW5-I3jZKvC4wsoxE&amp;amp;amp;amp;amp;amp;trk=nav_responsive_tab_home","https:\/\/www.youtube.com\/channel\/UCxL0wu1uN0_3_7hGG0306cw"]},{"@type":"Person","@id":"https:\/\/www.bellunopress.it\/#\/schema\/person\/79bb06722b37ece1c03d3e94beb30d73","name":"r\u00e9daction","image":{"@type":"ImageObject","inLanguage":"fr-FR","@id":"https:\/\/secure.gravatar.com\/avatar\/37d968a2e67a6fd04c169c4bdef102d0bc5d31b2546345219e348575eb80e9a0?s=96&d=mm&r=g","url":"https:\/\/secure.gravatar.com\/avatar\/37d968a2e67a6fd04c169c4bdef102d0bc5d31b2546345219e348575eb80e9a0?s=96&d=mm&r=g","contentUrl":"https:\/\/secure.gravatar.com\/avatar\/37d968a2e67a6fd04c169c4bdef102d0bc5d31b2546345219e348575eb80e9a0?s=96&d=mm&r=g","caption":"redazione"},"sameAs":["http:\/\/www.bellunopress.it","https:\/\/x.com\/bellunopress"],"url":"https:\/\/www.bellunopress.it\/fr\/author\/redazione\/"}]}},"_links":{"self":[{"href":"https:\/\/www.bellunopress.it\/fr\/wp-json\/wp\/v2\/posts\/163104","targetHints":{"allow":["GET"]}}],"collection":[{"href":"https:\/\/www.bellunopress.it\/fr\/wp-json\/wp\/v2\/posts"}],"about":[{"href":"https:\/\/www.bellunopress.it\/fr\/wp-json\/wp\/v2\/types\/post"}],"author":[{"embeddable":true,"href":"https:\/\/www.bellunopress.it\/fr\/wp-json\/wp\/v2\/users\/2"}],"replies":[{"embeddable":true,"href":"https:\/\/www.bellunopress.it\/fr\/wp-json\/wp\/v2\/comments?post=163104"}],"version-history":[{"count":1,"href":"https:\/\/www.bellunopress.it\/fr\/wp-json\/wp\/v2\/posts\/163104\/revisions"}],"predecessor-version":[{"id":163106,"href":"https:\/\/www.bellunopress.it\/fr\/wp-json\/wp\/v2\/posts\/163104\/revisions\/163106"}],"wp:featuredmedia":[{"embeddable":true,"href":"https:\/\/www.bellunopress.it\/fr\/wp-json\/wp\/v2\/media\/163105"}],"wp:attachment":[{"href":"https:\/\/www.bellunopress.it\/fr\/wp-json\/wp\/v2\/media?parent=163104"}],"wp:term":[{"taxonomy":"category","embeddable":true,"href":"https:\/\/www.bellunopress.it\/fr\/wp-json\/wp\/v2\/categories?post=163104"},{"taxonomy":"post_tag","embeddable":true,"href":"https:\/\/www.bellunopress.it\/fr\/wp-json\/wp\/v2\/tags?post=163104"}],"curies":[{"name":"wp","href":"https:\/\/api.w.org\/{rel}","templated":true}]}}