{"id":163101,"date":"2025-09-07T18:34:24","date_gmt":"2025-09-07T16:34:24","guid":{"rendered":"https:\/\/www.bellunopress.it\/?p=163101"},"modified":"2025-09-07T21:41:36","modified_gmt":"2025-09-07T19:41:36","slug":"interventi-in-montagna-21","status":"publish","type":"post","link":"https:\/\/www.bellunopress.it\/fr\/2025\/09\/07\/interventi-in-montagna-21\/","title":{"rendered":"Interventi in montagna"},"content":{"rendered":"<figure id=\"attachment_163102\" aria-describedby=\"caption-attachment-163102\" style=\"width: 800px\" class=\"wp-caption aligncenter\"><img loading=\"lazy\" decoding=\"async\" class=\"size-full wp-image-163102\" src=\"https:\/\/www.bellunopress.it\/wp-content\/uploads\/2025\/09\/Soccorso-alpino-Pelmo_edited.jpg\" alt=\"\" width=\"800\" height=\"767\" srcset=\"https:\/\/www.bellunopress.it\/wp-content\/uploads\/2025\/09\/Soccorso-alpino-Pelmo_edited.jpg 800w, https:\/\/www.bellunopress.it\/wp-content\/uploads\/2025\/09\/Soccorso-alpino-Pelmo_edited-500x479.jpg 500w, https:\/\/www.bellunopress.it\/wp-content\/uploads\/2025\/09\/Soccorso-alpino-Pelmo_edited-438x420.jpg 438w, https:\/\/www.bellunopress.it\/wp-content\/uploads\/2025\/09\/Soccorso-alpino-Pelmo_edited-696x667.jpg 696w\" sizes=\"auto, (max-width: 800px) 100vw, 800px\" \/><figcaption id=\"caption-attachment-163102\" class=\"wp-caption-text\">Intervento del Soccorso alpino sul Pelmo<\/figcaption><\/figure>\n<p>Belluno, 07 &#8211; 09 &#8211; 2025\u00a0 \u00a0 L&#8217;elicottero del Suem di Pieve di Cadore \u00e8 stato impegnato in due interventi successivi in due differenti zone di Punta Anna, sulle Tofane. Verso le 11.45 un&#8217;escursionista ha contattato il 118 poich\u00e9 il compagno si era sentito poco bene e aveva perso i sensi, mentre si trovavano un centinaio di metri sopra l&#8217;attacco della Ferrata Olivieri, e chiedeva consigli. Dopo aver parlato con la Centrale, i due avevano deciso di ritornare sui propri passi e scendere in autonomia, salvo poi richiamare perch\u00e9 il 49enne di Artegna (UD) continuava a stare male. L&#8217;uomo \u00e8 stato recuperato con un verricello di 35 metri e trasportato per accertamenti all&#8217;ospedale di Cortina.<\/p>\n<p>Falco \u00e8 poi stato nuovamente inviato all&#8217;uscita del percorso attrezzato a quota 2.600 metri, per un turista polacco di 51 anni che era caduto infortunandosi. Completata la ferrata l&#8217;uomo aveva infatti seguito una direzione sbagliata in linea con il Rifugio Dibona, ritrovandosi molto distante dal percorso corretto, su delle balze di un canale, dove era scivolato. Una volta individuato e fatto campo base al Giussani, l&#8217;elicottero \u00e8 tornato sulla verticale e ha calato il tecnico di elisoccorso con un verricello di 40 metri. L&#8217;uomo, con un trauma alla gamba, \u00e8 stato accompagnato al Codivilla.<\/p>\n<p>Falco 2 \u00e8 stato in missione sulla normale al Pelmo. Il chiamante aveva chiesto aiuto per l&#8217;amico ruzzolato e ferito. Risaliti alle coordinate, il luogo dell&#8217;incidente \u00e8 stato geolocalizzato a monte della cengia, a met\u00e0 strada del ghiaione in discesa. Sbarcati in hovering nelle vicinanze, equipe medica e tecnico di elisoccorso hanno prestato le prime cure al 24enne di Vittorio Veneto (TV), a causa del sospetto politrauma riportato. Caricato in barella, il ragazzo \u00e8 stato issato a bordo con un verricello di 10 metri e portato in ospedale a Belluno.<\/p>\n<p>Verso le 14.20 Falco \u00e8 intervenuto lungo il sentiero Durissini, a 2.400 metri di altutudine a nord della Forcella della Torre sui Cadini di Misurina, da dove una turista francese aveva chiamato, chiedendo aiuto per l&#8217;amica di 31 anni, che era caduta. La ragazza, perso l&#8217;equilibrio, era ruzzolata a lato del sentiero per una quarantina di metri sul pendio roccioso, fortunatamente protetta dallo zaino, che aveva impedito gravi conseguenze. Calati con un verricello tecnico di elisoccorso e medico, sono state valutate le sue condizioni. Issata a bordo l&#8217;infortunata \u00e8 stata portata a Belluno.<\/p>\n<p>Il Soccorso alpino di Livinallongo \u00e8 invece stato attivato per verificare la segnalazione di due persone che avevano visto uno zaino incastrato in un canale sotto la Ferrata Piazzetta. Saliti con la funivia i soccorritori hanno superato a piedi il traverso per poi iniziare a scendere lungo la Ferrata. Dopo essersi calati nel punto indicato, hanno verificato che si trattava di un falso allarme.<\/p>\n<p>Una squadra del Soccorso alpino della Val Biois \u00e8 intervenuta lungo il sentiero 722 che dalla zona del Focobon porta a Falcade, per un 71enne di Falcade che si era fatto male al ginocchio. I soccorritori lo hanno recuperato e portato al rendez vous con l&#8217;ambulanza. Il Soccorso alpino dell&#8217;Alpago \u00e8 stato allertato per una coppia con due bambini, che aveva perso l&#8217;orientamento in Cansiglio. Partiti da Campon per un giro ad anello, i 4 erano arrivati in Val Menera, ma proseguendo si erano ritrovati su una nuova strada di esbosco per loro sconosciuta, che dal Taffarel porta a Campon. Individuati dalle coordinate, sono stati raggiunti in fuoristrada da una squadra e accompagnati alla loro macchina. Falco 2 \u00e8 volato al Rifugio Vandelli dove si trovava una 26enne di Bologna, che non era pi\u00f9 in grado di camminare per un trauma alla caviglia. La ragazza \u00e8 stata trasportata al Codivilla.<\/p>\n<p>&nbsp;<\/p>","protected":false},"excerpt":{"rendered":"<p>Belluno, 07 &#8211; 09 &#8211; 2025\u00a0 \u00a0 L&#8217;elicottero del Suem di Pieve di Cadore \u00e8 stato impegnato in due interventi successivi in due differenti zone di Punta Anna, sulle Tofane. Verso le 11.45 un&#8217;escursionista ha contattato il 118 poich\u00e9 il compagno si era sentito poco bene e aveva perso i sensi, mentre si trovavano un [&hellip;]<\/p>\n","protected":false},"author":2,"featured_media":163102,"comment_status":"closed","ping_status":"open","sticky":false,"template":"","format":"standard","meta":{"footnotes":""},"categories":[5,26],"tags":[],"class_list":["post-163101","post","type-post","status-publish","format-standard","has-post-thumbnail","category-cronaca","category-prima-pagina"],"yoast_head":"<!-- This site is optimized with the Yoast SEO plugin v28.4 - https:\/\/yoast.com\/product\/yoast-seo-wordpress\/ -->\n<title>Interventi in montagna - Bellunopress - Dolomiti<\/title>\n<meta name=\"robots\" content=\"index, follow, max-snippet:-1, max-image-preview:large, max-video-preview:-1\" \/>\n<link rel=\"canonical\" href=\"https:\/\/www.bellunopress.it\/fr\/2025\/09\/07\/interventi-in-montagna-21\/\" \/>\n<meta property=\"og:locale\" content=\"fr_FR\" \/>\n<meta property=\"og:type\" content=\"article\" \/>\n<meta property=\"og:title\" content=\"Interventi in montagna - Bellunopress - Dolomiti\" \/>\n<meta property=\"og:description\" content=\"Belluno, 07 &#8211; 09 &#8211; 2025\u00a0 \u00a0 L&#8217;elicottero del Suem di Pieve di Cadore \u00e8 stato impegnato in due interventi successivi in due differenti zone di Punta Anna, sulle Tofane. Verso le 11.45 un&#8217;escursionista ha contattato il 118 poich\u00e9 il compagno si era sentito poco bene e aveva perso i sensi, mentre si trovavano un [&hellip;]\" \/>\n<meta property=\"og:url\" content=\"https:\/\/www.bellunopress.it\/fr\/2025\/09\/07\/interventi-in-montagna-21\/\" \/>\n<meta property=\"og:site_name\" content=\"Bellunopress - Dolomiti\" \/>\n<meta property=\"article:publisher\" content=\"https:\/\/www.facebook.com\/profile.php?id=100008943462799\" \/>\n<meta property=\"article:published_time\" content=\"2025-09-07T16:34:24+00:00\" \/>\n<meta property=\"article:modified_time\" content=\"2025-09-07T19:41:36+00:00\" \/>\n<meta property=\"og:image\" content=\"https:\/\/www.bellunopress.it\/wp-content\/uploads\/2025\/09\/Soccorso-alpino-Pelmo_edited.jpg\" \/>\n\t<meta property=\"og:image:width\" content=\"800\" \/>\n\t<meta property=\"og:image:height\" content=\"767\" \/>\n\t<meta property=\"og:image:type\" content=\"image\/jpeg\" \/>\n<meta name=\"author\" content=\"redazione\" \/>\n<meta name=\"twitter:card\" content=\"summary_large_image\" \/>\n<meta name=\"twitter:creator\" content=\"@bellunopress\" \/>\n<meta name=\"twitter:site\" content=\"@bellunopress\" \/>\n<meta name=\"twitter:label1\" content=\"\u00c9crit par\" \/>\n\t<meta name=\"twitter:data1\" content=\"redazione\" \/>\n\t<meta name=\"twitter:label2\" content=\"Dur\u00e9e de lecture estim\u00e9e\" \/>\n\t<meta name=\"twitter:data2\" content=\"3 minutes\" \/>\n<script type=\"application\/ld+json\" class=\"yoast-schema-graph\">{\"@context\":\"https:\\\/\\\/schema.org\",\"@graph\":[{\"@type\":\"Article\",\"@id\":\"https:\\\/\\\/www.bellunopress.it\\\/2025\\\/09\\\/07\\\/interventi-in-montagna-21\\\/#article\",\"isPartOf\":{\"@id\":\"https:\\\/\\\/www.bellunopress.it\\\/2025\\\/09\\\/07\\\/interventi-in-montagna-21\\\/\"},\"author\":{\"name\":\"redazione\",\"@id\":\"https:\\\/\\\/www.bellunopress.it\\\/#\\\/schema\\\/person\\\/79bb06722b37ece1c03d3e94beb30d73\"},\"headline\":\"Interventi in montagna\",\"datePublished\":\"2025-09-07T16:34:24+00:00\",\"dateModified\":\"2025-09-07T19:41:36+00:00\",\"mainEntityOfPage\":{\"@id\":\"https:\\\/\\\/www.bellunopress.it\\\/2025\\\/09\\\/07\\\/interventi-in-montagna-21\\\/\"},\"wordCount\":607,\"publisher\":{\"@id\":\"https:\\\/\\\/www.bellunopress.it\\\/#organization\"},\"image\":{\"@id\":\"https:\\\/\\\/www.bellunopress.it\\\/2025\\\/09\\\/07\\\/interventi-in-montagna-21\\\/#primaryimage\"},\"thumbnailUrl\":\"https:\\\/\\\/www.bellunopress.it\\\/wp-content\\\/uploads\\\/2025\\\/09\\\/Soccorso-alpino-Pelmo_edited.jpg\",\"articleSection\":[\"Cronaca\\\/Politica\",\"Prima Pagina\"],\"inLanguage\":\"fr-FR\"},{\"@type\":\"WebPage\",\"@id\":\"https:\\\/\\\/www.bellunopress.it\\\/2025\\\/09\\\/07\\\/interventi-in-montagna-21\\\/\",\"url\":\"https:\\\/\\\/www.bellunopress.it\\\/2025\\\/09\\\/07\\\/interventi-in-montagna-21\\\/\",\"name\":\"Interventi in montagna - Bellunopress - Dolomiti\",\"isPartOf\":{\"@id\":\"https:\\\/\\\/www.bellunopress.it\\\/#website\"},\"primaryImageOfPage\":{\"@id\":\"https:\\\/\\\/www.bellunopress.it\\\/2025\\\/09\\\/07\\\/interventi-in-montagna-21\\\/#primaryimage\"},\"image\":{\"@id\":\"https:\\\/\\\/www.bellunopress.it\\\/2025\\\/09\\\/07\\\/interventi-in-montagna-21\\\/#primaryimage\"},\"thumbnailUrl\":\"https:\\\/\\\/www.bellunopress.it\\\/wp-content\\\/uploads\\\/2025\\\/09\\\/Soccorso-alpino-Pelmo_edited.jpg\",\"datePublished\":\"2025-09-07T16:34:24+00:00\",\"dateModified\":\"2025-09-07T19:41:36+00:00\",\"breadcrumb\":{\"@id\":\"https:\\\/\\\/www.bellunopress.it\\\/2025\\\/09\\\/07\\\/interventi-in-montagna-21\\\/#breadcrumb\"},\"inLanguage\":\"fr-FR\",\"potentialAction\":[{\"@type\":\"ReadAction\",\"target\":[\"https:\\\/\\\/www.bellunopress.it\\\/2025\\\/09\\\/07\\\/interventi-in-montagna-21\\\/\"]}]},{\"@type\":\"ImageObject\",\"inLanguage\":\"fr-FR\",\"@id\":\"https:\\\/\\\/www.bellunopress.it\\\/2025\\\/09\\\/07\\\/interventi-in-montagna-21\\\/#primaryimage\",\"url\":\"https:\\\/\\\/www.bellunopress.it\\\/wp-content\\\/uploads\\\/2025\\\/09\\\/Soccorso-alpino-Pelmo_edited.jpg\",\"contentUrl\":\"https:\\\/\\\/www.bellunopress.it\\\/wp-content\\\/uploads\\\/2025\\\/09\\\/Soccorso-alpino-Pelmo_edited.jpg\",\"width\":800,\"height\":767,\"caption\":\"Intervento del Soccorso alpino sul Pelmo\"},{\"@type\":\"BreadcrumbList\",\"@id\":\"https:\\\/\\\/www.bellunopress.it\\\/2025\\\/09\\\/07\\\/interventi-in-montagna-21\\\/#breadcrumb\",\"itemListElement\":[{\"@type\":\"ListItem\",\"position\":1,\"name\":\"Home\",\"item\":\"https:\\\/\\\/www.bellunopress.it\\\/\"},{\"@type\":\"ListItem\",\"position\":2,\"name\":\"Interventi in montagna\"}]},{\"@type\":\"WebSite\",\"@id\":\"https:\\\/\\\/www.bellunopress.it\\\/#website\",\"url\":\"https:\\\/\\\/www.bellunopress.it\\\/\",\"name\":\"Bellunopress - Dolomiti\",\"description\":\"e-mail: redazione@bellunopress.it\",\"publisher\":{\"@id\":\"https:\\\/\\\/www.bellunopress.it\\\/#organization\"},\"potentialAction\":[{\"@type\":\"SearchAction\",\"target\":{\"@type\":\"EntryPoint\",\"urlTemplate\":\"https:\\\/\\\/www.bellunopress.it\\\/?s={search_term_string}\"},\"query-input\":{\"@type\":\"PropertyValueSpecification\",\"valueRequired\":true,\"valueName\":\"search_term_string\"}}],\"inLanguage\":\"fr-FR\"},{\"@type\":\"Organization\",\"@id\":\"https:\\\/\\\/www.bellunopress.it\\\/#organization\",\"name\":\"Bellunopress\",\"url\":\"https:\\\/\\\/www.bellunopress.it\\\/\",\"logo\":{\"@type\":\"ImageObject\",\"inLanguage\":\"fr-FR\",\"@id\":\"https:\\\/\\\/www.bellunopress.it\\\/#\\\/schema\\\/logo\\\/image\\\/\",\"url\":\"https:\\\/\\\/www.bellunopress.it\\\/wp-content\\\/uploads\\\/2011\\\/05\\\/cropped-logo-bellunopress-.jpg\",\"contentUrl\":\"https:\\\/\\\/www.bellunopress.it\\\/wp-content\\\/uploads\\\/2011\\\/05\\\/cropped-logo-bellunopress-.jpg\",\"width\":512,\"height\":512,\"caption\":\"Bellunopress\"},\"image\":{\"@id\":\"https:\\\/\\\/www.bellunopress.it\\\/#\\\/schema\\\/logo\\\/image\\\/\"},\"sameAs\":[\"https:\\\/\\\/www.facebook.com\\\/profile.php?id=100008943462799\",\"https:\\\/\\\/x.com\\\/bellunopress\",\"https:\\\/\\\/www.linkedin.com\\\/hp\\\/?dnr=JBzUWaJfMUw8vbXJJ2tVW5-I3jZKvC4wsoxE&amp;amp;amp;amp;amp;amp;trk=nav_responsive_tab_home\",\"https:\\\/\\\/www.youtube.com\\\/channel\\\/UCxL0wu1uN0_3_7hGG0306cw\"]},{\"@type\":\"Person\",\"@id\":\"https:\\\/\\\/www.bellunopress.it\\\/#\\\/schema\\\/person\\\/79bb06722b37ece1c03d3e94beb30d73\",\"name\":\"redazione\",\"image\":{\"@type\":\"ImageObject\",\"inLanguage\":\"fr-FR\",\"@id\":\"https:\\\/\\\/secure.gravatar.com\\\/avatar\\\/37d968a2e67a6fd04c169c4bdef102d0bc5d31b2546345219e348575eb80e9a0?s=96&d=mm&r=g\",\"url\":\"https:\\\/\\\/secure.gravatar.com\\\/avatar\\\/37d968a2e67a6fd04c169c4bdef102d0bc5d31b2546345219e348575eb80e9a0?s=96&d=mm&r=g\",\"contentUrl\":\"https:\\\/\\\/secure.gravatar.com\\\/avatar\\\/37d968a2e67a6fd04c169c4bdef102d0bc5d31b2546345219e348575eb80e9a0?s=96&d=mm&r=g\",\"caption\":\"redazione\"},\"sameAs\":[\"http:\\\/\\\/www.bellunopress.it\",\"https:\\\/\\\/x.com\\\/bellunopress\"],\"url\":\"https:\\\/\\\/www.bellunopress.it\\\/fr\\\/author\\\/redazione\\\/\"}]}<\/script>\n<!-- \/ Yoast SEO plugin. -->","yoast_head_json":{"title":"Interventi in montagna - Bellunopress - Dolomiti","robots":{"index":"index","follow":"follow","max-snippet":"max-snippet:-1","max-image-preview":"max-image-preview:large","max-video-preview":"max-video-preview:-1"},"canonical":"https:\/\/www.bellunopress.it\/fr\/2025\/09\/07\/interventi-in-montagna-21\/","og_locale":"fr_FR","og_type":"article","og_title":"Interventi in montagna - Bellunopress - Dolomiti","og_description":"Belluno, 07 &#8211; 09 &#8211; 2025\u00a0 \u00a0 L&#8217;elicottero del Suem di Pieve di Cadore \u00e8 stato impegnato in due interventi successivi in due differenti zone di Punta Anna, sulle Tofane. Verso le 11.45 un&#8217;escursionista ha contattato il 118 poich\u00e9 il compagno si era sentito poco bene e aveva perso i sensi, mentre si trovavano un [&hellip;]","og_url":"https:\/\/www.bellunopress.it\/fr\/2025\/09\/07\/interventi-in-montagna-21\/","og_site_name":"Bellunopress - Dolomiti","article_publisher":"https:\/\/www.facebook.com\/profile.php?id=100008943462799","article_published_time":"2025-09-07T16:34:24+00:00","article_modified_time":"2025-09-07T19:41:36+00:00","og_image":[{"width":800,"height":767,"url":"https:\/\/www.bellunopress.it\/wp-content\/uploads\/2025\/09\/Soccorso-alpino-Pelmo_edited.jpg","type":"image\/jpeg"}],"author":"redazione","twitter_card":"summary_large_image","twitter_creator":"@bellunopress","twitter_site":"@bellunopress","twitter_misc":{"\u00c9crit par":"redazione","Dur\u00e9e de lecture estim\u00e9e":"3 minutes"},"schema":{"@context":"https:\/\/schema.org","@graph":[{"@type":"Article","@id":"https:\/\/www.bellunopress.it\/2025\/09\/07\/interventi-in-montagna-21\/#article","isPartOf":{"@id":"https:\/\/www.bellunopress.it\/2025\/09\/07\/interventi-in-montagna-21\/"},"author":{"name":"redazione","@id":"https:\/\/www.bellunopress.it\/#\/schema\/person\/79bb06722b37ece1c03d3e94beb30d73"},"headline":"Interventi in montagna","datePublished":"2025-09-07T16:34:24+00:00","dateModified":"2025-09-07T19:41:36+00:00","mainEntityOfPage":{"@id":"https:\/\/www.bellunopress.it\/2025\/09\/07\/interventi-in-montagna-21\/"},"wordCount":607,"publisher":{"@id":"https:\/\/www.bellunopress.it\/#organization"},"image":{"@id":"https:\/\/www.bellunopress.it\/2025\/09\/07\/interventi-in-montagna-21\/#primaryimage"},"thumbnailUrl":"https:\/\/www.bellunopress.it\/wp-content\/uploads\/2025\/09\/Soccorso-alpino-Pelmo_edited.jpg","articleSection":["Cronaca\/Politica","Prima Pagina"],"inLanguage":"fr-FR"},{"@type":"WebPage","@id":"https:\/\/www.bellunopress.it\/2025\/09\/07\/interventi-in-montagna-21\/","url":"https:\/\/www.bellunopress.it\/2025\/09\/07\/interventi-in-montagna-21\/","name":"Interventi in montagna - Bellunopress - Dolomiti","isPartOf":{"@id":"https:\/\/www.bellunopress.it\/#website"},"primaryImageOfPage":{"@id":"https:\/\/www.bellunopress.it\/2025\/09\/07\/interventi-in-montagna-21\/#primaryimage"},"image":{"@id":"https:\/\/www.bellunopress.it\/2025\/09\/07\/interventi-in-montagna-21\/#primaryimage"},"thumbnailUrl":"https:\/\/www.bellunopress.it\/wp-content\/uploads\/2025\/09\/Soccorso-alpino-Pelmo_edited.jpg","datePublished":"2025-09-07T16:34:24+00:00","dateModified":"2025-09-07T19:41:36+00:00","breadcrumb":{"@id":"https:\/\/www.bellunopress.it\/2025\/09\/07\/interventi-in-montagna-21\/#breadcrumb"},"inLanguage":"fr-FR","potentialAction":[{"@type":"ReadAction","target":["https:\/\/www.bellunopress.it\/2025\/09\/07\/interventi-in-montagna-21\/"]}]},{"@type":"ImageObject","inLanguage":"fr-FR","@id":"https:\/\/www.bellunopress.it\/2025\/09\/07\/interventi-in-montagna-21\/#primaryimage","url":"https:\/\/www.bellunopress.it\/wp-content\/uploads\/2025\/09\/Soccorso-alpino-Pelmo_edited.jpg","contentUrl":"https:\/\/www.bellunopress.it\/wp-content\/uploads\/2025\/09\/Soccorso-alpino-Pelmo_edited.jpg","width":800,"height":767,"caption":"Intervento del Soccorso alpino sul Pelmo"},{"@type":"BreadcrumbList","@id":"https:\/\/www.bellunopress.it\/2025\/09\/07\/interventi-in-montagna-21\/#breadcrumb","itemListElement":[{"@type":"ListItem","position":1,"name":"Home","item":"https:\/\/www.bellunopress.it\/"},{"@type":"ListItem","position":2,"name":"Interventi in montagna"}]},{"@type":"WebSite","@id":"https:\/\/www.bellunopress.it\/#website","url":"https:\/\/www.bellunopress.it\/","name":"Bellunopress - Dolomiti","description":"e-mail: redazione@bellunopress.it","publisher":{"@id":"https:\/\/www.bellunopress.it\/#organization"},"potentialAction":[{"@type":"SearchAction","target":{"@type":"EntryPoint","urlTemplate":"https:\/\/www.bellunopress.it\/?s={search_term_string}"},"query-input":{"@type":"PropertyValueSpecification","valueRequired":true,"valueName":"search_term_string"}}],"inLanguage":"fr-FR"},{"@type":"Organization","@id":"https:\/\/www.bellunopress.it\/#organization","name":"Bellunopress","url":"https:\/\/www.bellunopress.it\/","logo":{"@type":"ImageObject","inLanguage":"fr-FR","@id":"https:\/\/www.bellunopress.it\/#\/schema\/logo\/image\/","url":"https:\/\/www.bellunopress.it\/wp-content\/uploads\/2011\/05\/cropped-logo-bellunopress-.jpg","contentUrl":"https:\/\/www.bellunopress.it\/wp-content\/uploads\/2011\/05\/cropped-logo-bellunopress-.jpg","width":512,"height":512,"caption":"Bellunopress"},"image":{"@id":"https:\/\/www.bellunopress.it\/#\/schema\/logo\/image\/"},"sameAs":["https:\/\/www.facebook.com\/profile.php?id=100008943462799","https:\/\/x.com\/bellunopress","https:\/\/www.linkedin.com\/hp\/?dnr=JBzUWaJfMUw8vbXJJ2tVW5-I3jZKvC4wsoxE&amp;amp;amp;amp;amp;amp;trk=nav_responsive_tab_home","https:\/\/www.youtube.com\/channel\/UCxL0wu1uN0_3_7hGG0306cw"]},{"@type":"Person","@id":"https:\/\/www.bellunopress.it\/#\/schema\/person\/79bb06722b37ece1c03d3e94beb30d73","name":"r\u00e9daction","image":{"@type":"ImageObject","inLanguage":"fr-FR","@id":"https:\/\/secure.gravatar.com\/avatar\/37d968a2e67a6fd04c169c4bdef102d0bc5d31b2546345219e348575eb80e9a0?s=96&d=mm&r=g","url":"https:\/\/secure.gravatar.com\/avatar\/37d968a2e67a6fd04c169c4bdef102d0bc5d31b2546345219e348575eb80e9a0?s=96&d=mm&r=g","contentUrl":"https:\/\/secure.gravatar.com\/avatar\/37d968a2e67a6fd04c169c4bdef102d0bc5d31b2546345219e348575eb80e9a0?s=96&d=mm&r=g","caption":"redazione"},"sameAs":["http:\/\/www.bellunopress.it","https:\/\/x.com\/bellunopress"],"url":"https:\/\/www.bellunopress.it\/fr\/author\/redazione\/"}]}},"_links":{"self":[{"href":"https:\/\/www.bellunopress.it\/fr\/wp-json\/wp\/v2\/posts\/163101","targetHints":{"allow":["GET"]}}],"collection":[{"href":"https:\/\/www.bellunopress.it\/fr\/wp-json\/wp\/v2\/posts"}],"about":[{"href":"https:\/\/www.bellunopress.it\/fr\/wp-json\/wp\/v2\/types\/post"}],"author":[{"embeddable":true,"href":"https:\/\/www.bellunopress.it\/fr\/wp-json\/wp\/v2\/users\/2"}],"replies":[{"embeddable":true,"href":"https:\/\/www.bellunopress.it\/fr\/wp-json\/wp\/v2\/comments?post=163101"}],"version-history":[{"count":1,"href":"https:\/\/www.bellunopress.it\/fr\/wp-json\/wp\/v2\/posts\/163101\/revisions"}],"predecessor-version":[{"id":163103,"href":"https:\/\/www.bellunopress.it\/fr\/wp-json\/wp\/v2\/posts\/163101\/revisions\/163103"}],"wp:featuredmedia":[{"embeddable":true,"href":"https:\/\/www.bellunopress.it\/fr\/wp-json\/wp\/v2\/media\/163102"}],"wp:attachment":[{"href":"https:\/\/www.bellunopress.it\/fr\/wp-json\/wp\/v2\/media?parent=163101"}],"wp:term":[{"taxonomy":"category","embeddable":true,"href":"https:\/\/www.bellunopress.it\/fr\/wp-json\/wp\/v2\/categories?post=163101"},{"taxonomy":"post_tag","embeddable":true,"href":"https:\/\/www.bellunopress.it\/fr\/wp-json\/wp\/v2\/tags?post=163101"}],"curies":[{"name":"wp","href":"https:\/\/api.w.org\/{rel}","templated":true}]}}