{"id":163097,"date":"2025-09-07T23:59:31","date_gmt":"2025-09-07T21:59:31","guid":{"rendered":"https:\/\/www.bellunopress.it\/?p=163097"},"modified":"2025-09-07T20:51:19","modified_gmt":"2025-09-07T18:51:19","slug":"8-settembre-1943-il-proclama-badoglio-e-la-fuga-del-re-con-ministri-e-generali","status":"publish","type":"post","link":"https:\/\/www.bellunopress.it\/fr\/2025\/09\/07\/8-settembre-1943-il-proclama-badoglio-e-la-fuga-del-re-con-ministri-e-generali\/","title":{"rendered":"8 settembre 1943, il proclama Badoglio e la fuga del Re con ministri e generali"},"content":{"rendered":"<p><img loading=\"lazy\" decoding=\"async\" class=\"aligncenter size-full wp-image-163098\" src=\"https:\/\/www.bellunopress.it\/wp-content\/uploads\/2025\/09\/9-sett-1943-Lo-Stato-in-fuga-Corriere-della-Sera_edited.jpg\" alt=\"\" width=\"800\" height=\"344\" srcset=\"https:\/\/www.bellunopress.it\/wp-content\/uploads\/2025\/09\/9-sett-1943-Lo-Stato-in-fuga-Corriere-della-Sera_edited.jpg 800w, https:\/\/www.bellunopress.it\/wp-content\/uploads\/2025\/09\/9-sett-1943-Lo-Stato-in-fuga-Corriere-della-Sera_edited-500x215.jpg 500w, https:\/\/www.bellunopress.it\/wp-content\/uploads\/2025\/09\/9-sett-1943-Lo-Stato-in-fuga-Corriere-della-Sera_edited-696x299.jpg 696w\" sizes=\"auto, (max-width: 800px) 100vw, 800px\" \/> <img loading=\"lazy\" decoding=\"async\" class=\"aligncenter size-large wp-image-163099\" src=\"https:\/\/www.bellunopress.it\/wp-content\/uploads\/2025\/09\/Corriere-della-Sera-Armistizio_edited.jpg\" alt=\"\" width=\"696\" height=\"672\" srcset=\"https:\/\/www.bellunopress.it\/wp-content\/uploads\/2025\/09\/Corriere-della-Sera-Armistizio_edited.jpg 697w, https:\/\/www.bellunopress.it\/wp-content\/uploads\/2025\/09\/Corriere-della-Sera-Armistizio_edited-500x483.jpg 500w, https:\/\/www.bellunopress.it\/wp-content\/uploads\/2025\/09\/Corriere-della-Sera-Armistizio_edited-435x420.jpg 435w\" sizes=\"auto, (max-width: 696px) 100vw, 696px\" \/>L&#8217;8 settembre 1943 \u00e8 una data cruciale della storia italiana, che segna uno degli eventi pi\u00f9 traumatici e decisivi della Seconda Guerra Mondiale per il nostro Paese. Quella sera, l&#8217;Italia venne a conoscenza dell&#8217;armistizio firmato con gli Alleati, un evento che ebbe conseguenze immediate e drammatiche. Alle 19:42 dell&#8217;8 settembre, dai microfoni dell&#8217;EIAR (Ente Italiano per le Audizioni Radiofoniche), il maresciallo Pietro Badoglio, capo del governo dopo la caduta di Mussolini, lesse un breve e ambiguo comunicato. Il proclama informava la nazione che l&#8217;armistizio, in realt\u00e0 gi\u00e0 firmato segretamente il 3 settembre a Cassibile (Siracusa), era entrato in vigore.<\/p>\n<p>Il testo recitava: &#8220;Il Governo italiano, riconosciuta la impossibilit\u00e0 di continuare la impari lotta, ha chiesto un armistizio al generale comandante in capo delle forze alleate anglo-americane. La richiesta \u00e8 stata accolta. Conseguentemente, ogni atto di ostilit\u00e0 contro le forze anglo-americane deve cessare da parte delle forze italiane in ogni luogo. Esse per\u00f2 reagiranno ad eventuali attacchi da qualsiasi altra provenienza.&#8221;<\/p>\n<p>L&#8217;annuncio, improvviso e poco chiaro, colse di sorpresa non solo la popolazione, ma anche l&#8217;esercito italiano, che non aveva ricevuto direttive precise su come comportarsi. Il proclama, infatti, non specificava cosa fare in caso di reazione da parte delle truppe tedesche, le quali, gi\u00e0 presenti in gran numero sul territorio italiano, si aspettavano un tradimento da parte dell&#8217;ex alleato. Gi\u00e0 all\u2019<a href=\"https:\/\/www.bellunopress.it\/fr\/2009\/07\/21\/quel-19-luglio-di-66-anni-fa-lo-storico-incontro-a-villa-gaggia-tra-hitler-e-mussolini\/\">incontro del 19 luglio 1943 a Villa Gaggia<\/a> tra Hitler e Mussolini, i tedeschi non si fidavano pi\u00f9 dell\u2019alleato italiano, tant\u2019\u00e8 che fecero sostituire i mobili della villa temendo potessero nascondere un ordigno. Dopo l\u20198 settembre, le truppe tedesche, che avevano gi\u00e0 preparato un piano di emergenza (l&#8217;Operazione Achse), iniziarono immediatamente a disarmare e catturare i soldati italiani. Centinaia di migliaia di militari vennero fatti prigionieri e internati in campi di concentramento in Germania (diventando i cosiddetti I.M.I., Internati Militari Italiani).<\/p>\n<p>Nella notte tra l&#8217;8 e il 9 settembre, il re Vittorio Emanuele III, Badoglio e altri membri del governo e dello stato maggiore fuggirono da Roma a Pescara per imbarcarsi a Ortona e rifugiarsi a Brindisi, sotto il controllo degli Alleati. Questa fuga fu vista come un abbandono del popolo e dell&#8217;esercito, contribuendo al caos generale. Sebbene l&#8217;esercito ufficiale si dissolvesse, in alcune citt\u00e0 come Napoli e Roma si verificarono tentativi di resistenza armata da parte di militari e civili contro l&#8217;occupazione tedesca. Tuttavia, la rapida reazione tedesca port\u00f2 all&#8217;occupazione di gran parte del territorio italiano, specialmente nel centro e nel nord.<\/p>\n<p>L&#8217;occupazione tedesca e la successiva creazione della Repubblica Sociale Italiana (la &#8220;Repubblica di Sal\u00f2&#8221;) nel nord, con a capo Mussolini liberato, diedero inizio a una vera e propria guerra civile. Il Paese si divise tra chi aderiva alla Repubblica Sociale e chi combatteva al fianco della Resistenza e delle forze alleate per la liberazione. Dal caos dell&#8217;8 settembre nacquero le prime formazioni partigiane, che avrebbero poi costituito il nucleo della Resistenza italiana. Il Regno del Sud, con il governo Badoglio, si schier\u00f2 formalmente al fianco degli Alleati, diventando un &#8220;cobelligerante&#8221; e combattendo contro i tedeschi e le forze fasciste repubblicane.<\/p>\n<p>L&#8217;8 settembre 1943, dunque, non fu la fine della guerra per l&#8217;Italia, ma l&#8217;inizio di un periodo di profonda incertezza, divisione e violenza che dur\u00f2 fino alla Liberazione nel 1945.<\/p>","protected":false},"excerpt":{"rendered":"<p>L&#8217;8 settembre 1943 \u00e8 una data cruciale della storia italiana, che segna uno degli eventi pi\u00f9 traumatici e decisivi della Seconda Guerra Mondiale per il nostro Paese. Quella sera, l&#8217;Italia venne a conoscenza dell&#8217;armistizio firmato con gli Alleati, un evento che ebbe conseguenze immediate e drammatiche. Alle 19:42 dell&#8217;8 settembre, dai microfoni dell&#8217;EIAR (Ente Italiano [&hellip;]<\/p>\n","protected":false},"author":2,"featured_media":163099,"comment_status":"closed","ping_status":"open","sticky":false,"template":"","format":"standard","meta":{"footnotes":""},"categories":[3,3446,26],"tags":[],"class_list":["post-163097","post","type-post","status-publish","format-standard","has-post-thumbnail","category-arte-cultura-spettacoli-scienza-archivi","category-featured","category-prima-pagina"],"yoast_head":"<!-- This site is optimized with the Yoast SEO plugin v28.4 - https:\/\/yoast.com\/product\/yoast-seo-wordpress\/ -->\n<title>8 settembre 1943, il proclama Badoglio e la fuga del Re con ministri e generali - Bellunopress - Dolomiti<\/title>\n<meta name=\"robots\" content=\"index, follow, max-snippet:-1, max-image-preview:large, max-video-preview:-1\" \/>\n<link rel=\"canonical\" href=\"https:\/\/www.bellunopress.it\/fr\/2025\/09\/07\/8-settembre-1943-il-proclama-badoglio-e-la-fuga-del-re-con-ministri-e-generali\/\" \/>\n<meta property=\"og:locale\" content=\"fr_FR\" \/>\n<meta property=\"og:type\" content=\"article\" \/>\n<meta property=\"og:title\" content=\"8 settembre 1943, il proclama Badoglio e la fuga del Re con ministri e generali - Bellunopress - Dolomiti\" \/>\n<meta property=\"og:description\" content=\"L&#8217;8 settembre 1943 \u00e8 una data cruciale della storia italiana, che segna uno degli eventi pi\u00f9 traumatici e decisivi della Seconda Guerra Mondiale per il nostro Paese. Quella sera, l&#8217;Italia venne a conoscenza dell&#8217;armistizio firmato con gli Alleati, un evento che ebbe conseguenze immediate e drammatiche. Alle 19:42 dell&#8217;8 settembre, dai microfoni dell&#8217;EIAR (Ente Italiano [&hellip;]\" \/>\n<meta property=\"og:url\" content=\"https:\/\/www.bellunopress.it\/fr\/2025\/09\/07\/8-settembre-1943-il-proclama-badoglio-e-la-fuga-del-re-con-ministri-e-generali\/\" \/>\n<meta property=\"og:site_name\" content=\"Bellunopress - Dolomiti\" \/>\n<meta property=\"article:publisher\" content=\"https:\/\/www.facebook.com\/profile.php?id=100008943462799\" \/>\n<meta property=\"article:published_time\" content=\"2025-09-07T21:59:31+00:00\" \/>\n<meta property=\"og:image\" content=\"https:\/\/www.bellunopress.it\/wp-content\/uploads\/2025\/09\/Corriere-della-Sera-Armistizio_edited.jpg\" \/>\n\t<meta property=\"og:image:width\" content=\"697\" \/>\n\t<meta property=\"og:image:height\" content=\"673\" \/>\n\t<meta property=\"og:image:type\" content=\"image\/jpeg\" \/>\n<meta name=\"author\" content=\"redazione\" \/>\n<meta name=\"twitter:card\" content=\"summary_large_image\" \/>\n<meta name=\"twitter:creator\" content=\"@bellunopress\" \/>\n<meta name=\"twitter:site\" content=\"@bellunopress\" \/>\n<meta name=\"twitter:label1\" content=\"Written by\" \/>\n\t<meta name=\"twitter:data1\" content=\"redazione\" \/>\n\t<meta name=\"twitter:label2\" content=\"Est. reading time\" \/>\n\t<meta name=\"twitter:data2\" content=\"3 minutes\" \/>\n<script type=\"application\/ld+json\" class=\"yoast-schema-graph\">{\"@context\":\"https:\\\/\\\/schema.org\",\"@graph\":[{\"@type\":\"Article\",\"@id\":\"https:\\\/\\\/www.bellunopress.it\\\/2025\\\/09\\\/07\\\/8-settembre-1943-il-proclama-badoglio-e-la-fuga-del-re-con-ministri-e-generali\\\/#article\",\"isPartOf\":{\"@id\":\"https:\\\/\\\/www.bellunopress.it\\\/2025\\\/09\\\/07\\\/8-settembre-1943-il-proclama-badoglio-e-la-fuga-del-re-con-ministri-e-generali\\\/\"},\"author\":{\"name\":\"redazione\",\"@id\":\"https:\\\/\\\/www.bellunopress.it\\\/#\\\/schema\\\/person\\\/79bb06722b37ece1c03d3e94beb30d73\"},\"headline\":\"8 settembre 1943, il proclama Badoglio e la fuga del Re con ministri e generali\",\"datePublished\":\"2025-09-07T21:59:31+00:00\",\"mainEntityOfPage\":{\"@id\":\"https:\\\/\\\/www.bellunopress.it\\\/2025\\\/09\\\/07\\\/8-settembre-1943-il-proclama-badoglio-e-la-fuga-del-re-con-ministri-e-generali\\\/\"},\"wordCount\":555,\"publisher\":{\"@id\":\"https:\\\/\\\/www.bellunopress.it\\\/#organization\"},\"image\":{\"@id\":\"https:\\\/\\\/www.bellunopress.it\\\/2025\\\/09\\\/07\\\/8-settembre-1943-il-proclama-badoglio-e-la-fuga-del-re-con-ministri-e-generali\\\/#primaryimage\"},\"thumbnailUrl\":\"https:\\\/\\\/www.bellunopress.it\\\/wp-content\\\/uploads\\\/2025\\\/09\\\/Corriere-della-Sera-Armistizio_edited.jpg\",\"articleSection\":[\"Arte, Cultura, Spettacoli, Scienza\",\"Featured\",\"Prima Pagina\"],\"inLanguage\":\"fr-FR\"},{\"@type\":\"WebPage\",\"@id\":\"https:\\\/\\\/www.bellunopress.it\\\/2025\\\/09\\\/07\\\/8-settembre-1943-il-proclama-badoglio-e-la-fuga-del-re-con-ministri-e-generali\\\/\",\"url\":\"https:\\\/\\\/www.bellunopress.it\\\/2025\\\/09\\\/07\\\/8-settembre-1943-il-proclama-badoglio-e-la-fuga-del-re-con-ministri-e-generali\\\/\",\"name\":\"8 settembre 1943, il proclama Badoglio e la fuga del Re con ministri e generali - Bellunopress - Dolomiti\",\"isPartOf\":{\"@id\":\"https:\\\/\\\/www.bellunopress.it\\\/#website\"},\"primaryImageOfPage\":{\"@id\":\"https:\\\/\\\/www.bellunopress.it\\\/2025\\\/09\\\/07\\\/8-settembre-1943-il-proclama-badoglio-e-la-fuga-del-re-con-ministri-e-generali\\\/#primaryimage\"},\"image\":{\"@id\":\"https:\\\/\\\/www.bellunopress.it\\\/2025\\\/09\\\/07\\\/8-settembre-1943-il-proclama-badoglio-e-la-fuga-del-re-con-ministri-e-generali\\\/#primaryimage\"},\"thumbnailUrl\":\"https:\\\/\\\/www.bellunopress.it\\\/wp-content\\\/uploads\\\/2025\\\/09\\\/Corriere-della-Sera-Armistizio_edited.jpg\",\"datePublished\":\"2025-09-07T21:59:31+00:00\",\"breadcrumb\":{\"@id\":\"https:\\\/\\\/www.bellunopress.it\\\/2025\\\/09\\\/07\\\/8-settembre-1943-il-proclama-badoglio-e-la-fuga-del-re-con-ministri-e-generali\\\/#breadcrumb\"},\"inLanguage\":\"fr-FR\",\"potentialAction\":[{\"@type\":\"ReadAction\",\"target\":[\"https:\\\/\\\/www.bellunopress.it\\\/2025\\\/09\\\/07\\\/8-settembre-1943-il-proclama-badoglio-e-la-fuga-del-re-con-ministri-e-generali\\\/\"]}]},{\"@type\":\"ImageObject\",\"inLanguage\":\"fr-FR\",\"@id\":\"https:\\\/\\\/www.bellunopress.it\\\/2025\\\/09\\\/07\\\/8-settembre-1943-il-proclama-badoglio-e-la-fuga-del-re-con-ministri-e-generali\\\/#primaryimage\",\"url\":\"https:\\\/\\\/www.bellunopress.it\\\/wp-content\\\/uploads\\\/2025\\\/09\\\/Corriere-della-Sera-Armistizio_edited.jpg\",\"contentUrl\":\"https:\\\/\\\/www.bellunopress.it\\\/wp-content\\\/uploads\\\/2025\\\/09\\\/Corriere-della-Sera-Armistizio_edited.jpg\",\"width\":697,\"height\":673},{\"@type\":\"BreadcrumbList\",\"@id\":\"https:\\\/\\\/www.bellunopress.it\\\/2025\\\/09\\\/07\\\/8-settembre-1943-il-proclama-badoglio-e-la-fuga-del-re-con-ministri-e-generali\\\/#breadcrumb\",\"itemListElement\":[{\"@type\":\"ListItem\",\"position\":1,\"name\":\"Home\",\"item\":\"https:\\\/\\\/www.bellunopress.it\\\/\"},{\"@type\":\"ListItem\",\"position\":2,\"name\":\"8 settembre 1943, il proclama Badoglio e la fuga del Re con ministri e generali\"}]},{\"@type\":\"WebSite\",\"@id\":\"https:\\\/\\\/www.bellunopress.it\\\/#website\",\"url\":\"https:\\\/\\\/www.bellunopress.it\\\/\",\"name\":\"Bellunopress - Dolomiti\",\"description\":\"e-mail: redazione@bellunopress.it\",\"publisher\":{\"@id\":\"https:\\\/\\\/www.bellunopress.it\\\/#organization\"},\"potentialAction\":[{\"@type\":\"SearchAction\",\"target\":{\"@type\":\"EntryPoint\",\"urlTemplate\":\"https:\\\/\\\/www.bellunopress.it\\\/?s={search_term_string}\"},\"query-input\":{\"@type\":\"PropertyValueSpecification\",\"valueRequired\":true,\"valueName\":\"search_term_string\"}}],\"inLanguage\":\"fr-FR\"},{\"@type\":\"Organization\",\"@id\":\"https:\\\/\\\/www.bellunopress.it\\\/#organization\",\"name\":\"Bellunopress\",\"url\":\"https:\\\/\\\/www.bellunopress.it\\\/\",\"logo\":{\"@type\":\"ImageObject\",\"inLanguage\":\"fr-FR\",\"@id\":\"https:\\\/\\\/www.bellunopress.it\\\/#\\\/schema\\\/logo\\\/image\\\/\",\"url\":\"https:\\\/\\\/www.bellunopress.it\\\/wp-content\\\/uploads\\\/2011\\\/05\\\/cropped-logo-bellunopress-.jpg\",\"contentUrl\":\"https:\\\/\\\/www.bellunopress.it\\\/wp-content\\\/uploads\\\/2011\\\/05\\\/cropped-logo-bellunopress-.jpg\",\"width\":512,\"height\":512,\"caption\":\"Bellunopress\"},\"image\":{\"@id\":\"https:\\\/\\\/www.bellunopress.it\\\/#\\\/schema\\\/logo\\\/image\\\/\"},\"sameAs\":[\"https:\\\/\\\/www.facebook.com\\\/profile.php?id=100008943462799\",\"https:\\\/\\\/x.com\\\/bellunopress\",\"https:\\\/\\\/www.linkedin.com\\\/hp\\\/?dnr=JBzUWaJfMUw8vbXJJ2tVW5-I3jZKvC4wsoxE&amp;amp;amp;amp;amp;amp;trk=nav_responsive_tab_home\",\"https:\\\/\\\/www.youtube.com\\\/channel\\\/UCxL0wu1uN0_3_7hGG0306cw\"]},{\"@type\":\"Person\",\"@id\":\"https:\\\/\\\/www.bellunopress.it\\\/#\\\/schema\\\/person\\\/79bb06722b37ece1c03d3e94beb30d73\",\"name\":\"redazione\",\"image\":{\"@type\":\"ImageObject\",\"inLanguage\":\"fr-FR\",\"@id\":\"https:\\\/\\\/secure.gravatar.com\\\/avatar\\\/37d968a2e67a6fd04c169c4bdef102d0bc5d31b2546345219e348575eb80e9a0?s=96&d=mm&r=g\",\"url\":\"https:\\\/\\\/secure.gravatar.com\\\/avatar\\\/37d968a2e67a6fd04c169c4bdef102d0bc5d31b2546345219e348575eb80e9a0?s=96&d=mm&r=g\",\"contentUrl\":\"https:\\\/\\\/secure.gravatar.com\\\/avatar\\\/37d968a2e67a6fd04c169c4bdef102d0bc5d31b2546345219e348575eb80e9a0?s=96&d=mm&r=g\",\"caption\":\"redazione\"},\"sameAs\":[\"http:\\\/\\\/www.bellunopress.it\",\"https:\\\/\\\/x.com\\\/bellunopress\"],\"url\":\"https:\\\/\\\/www.bellunopress.it\\\/fr\\\/author\\\/redazione\\\/\"}]}<\/script>\n<!-- \/ Yoast SEO plugin. -->","yoast_head_json":{"title":"8 settembre 1943, il proclama Badoglio e la fuga del Re con ministri e generali - Bellunopress - Dolomiti","robots":{"index":"index","follow":"follow","max-snippet":"max-snippet:-1","max-image-preview":"max-image-preview:large","max-video-preview":"max-video-preview:-1"},"canonical":"https:\/\/www.bellunopress.it\/fr\/2025\/09\/07\/8-settembre-1943-il-proclama-badoglio-e-la-fuga-del-re-con-ministri-e-generali\/","og_locale":"fr_FR","og_type":"article","og_title":"8 settembre 1943, il proclama Badoglio e la fuga del Re con ministri e generali - Bellunopress - Dolomiti","og_description":"L&#8217;8 settembre 1943 \u00e8 una data cruciale della storia italiana, che segna uno degli eventi pi\u00f9 traumatici e decisivi della Seconda Guerra Mondiale per il nostro Paese. Quella sera, l&#8217;Italia venne a conoscenza dell&#8217;armistizio firmato con gli Alleati, un evento che ebbe conseguenze immediate e drammatiche. Alle 19:42 dell&#8217;8 settembre, dai microfoni dell&#8217;EIAR (Ente Italiano [&hellip;]","og_url":"https:\/\/www.bellunopress.it\/fr\/2025\/09\/07\/8-settembre-1943-il-proclama-badoglio-e-la-fuga-del-re-con-ministri-e-generali\/","og_site_name":"Bellunopress - Dolomiti","article_publisher":"https:\/\/www.facebook.com\/profile.php?id=100008943462799","article_published_time":"2025-09-07T21:59:31+00:00","og_image":[{"width":697,"height":673,"url":"https:\/\/www.bellunopress.it\/wp-content\/uploads\/2025\/09\/Corriere-della-Sera-Armistizio_edited.jpg","type":"image\/jpeg"}],"author":"redazione","twitter_card":"summary_large_image","twitter_creator":"@bellunopress","twitter_site":"@bellunopress","twitter_misc":{"Written by":"redazione","Est. reading time":"3 minutes"},"schema":{"@context":"https:\/\/schema.org","@graph":[{"@type":"Article","@id":"https:\/\/www.bellunopress.it\/2025\/09\/07\/8-settembre-1943-il-proclama-badoglio-e-la-fuga-del-re-con-ministri-e-generali\/#article","isPartOf":{"@id":"https:\/\/www.bellunopress.it\/2025\/09\/07\/8-settembre-1943-il-proclama-badoglio-e-la-fuga-del-re-con-ministri-e-generali\/"},"author":{"name":"redazione","@id":"https:\/\/www.bellunopress.it\/#\/schema\/person\/79bb06722b37ece1c03d3e94beb30d73"},"headline":"8 settembre 1943, il proclama Badoglio e la fuga del Re con ministri e generali","datePublished":"2025-09-07T21:59:31+00:00","mainEntityOfPage":{"@id":"https:\/\/www.bellunopress.it\/2025\/09\/07\/8-settembre-1943-il-proclama-badoglio-e-la-fuga-del-re-con-ministri-e-generali\/"},"wordCount":555,"publisher":{"@id":"https:\/\/www.bellunopress.it\/#organization"},"image":{"@id":"https:\/\/www.bellunopress.it\/2025\/09\/07\/8-settembre-1943-il-proclama-badoglio-e-la-fuga-del-re-con-ministri-e-generali\/#primaryimage"},"thumbnailUrl":"https:\/\/www.bellunopress.it\/wp-content\/uploads\/2025\/09\/Corriere-della-Sera-Armistizio_edited.jpg","articleSection":["Arte, Cultura, Spettacoli, Scienza","Featured","Prima Pagina"],"inLanguage":"fr-FR"},{"@type":"WebPage","@id":"https:\/\/www.bellunopress.it\/2025\/09\/07\/8-settembre-1943-il-proclama-badoglio-e-la-fuga-del-re-con-ministri-e-generali\/","url":"https:\/\/www.bellunopress.it\/2025\/09\/07\/8-settembre-1943-il-proclama-badoglio-e-la-fuga-del-re-con-ministri-e-generali\/","name":"8 settembre 1943, il proclama Badoglio e la fuga del Re con ministri e generali - Bellunopress - Dolomiti","isPartOf":{"@id":"https:\/\/www.bellunopress.it\/#website"},"primaryImageOfPage":{"@id":"https:\/\/www.bellunopress.it\/2025\/09\/07\/8-settembre-1943-il-proclama-badoglio-e-la-fuga-del-re-con-ministri-e-generali\/#primaryimage"},"image":{"@id":"https:\/\/www.bellunopress.it\/2025\/09\/07\/8-settembre-1943-il-proclama-badoglio-e-la-fuga-del-re-con-ministri-e-generali\/#primaryimage"},"thumbnailUrl":"https:\/\/www.bellunopress.it\/wp-content\/uploads\/2025\/09\/Corriere-della-Sera-Armistizio_edited.jpg","datePublished":"2025-09-07T21:59:31+00:00","breadcrumb":{"@id":"https:\/\/www.bellunopress.it\/2025\/09\/07\/8-settembre-1943-il-proclama-badoglio-e-la-fuga-del-re-con-ministri-e-generali\/#breadcrumb"},"inLanguage":"fr-FR","potentialAction":[{"@type":"ReadAction","target":["https:\/\/www.bellunopress.it\/2025\/09\/07\/8-settembre-1943-il-proclama-badoglio-e-la-fuga-del-re-con-ministri-e-generali\/"]}]},{"@type":"ImageObject","inLanguage":"fr-FR","@id":"https:\/\/www.bellunopress.it\/2025\/09\/07\/8-settembre-1943-il-proclama-badoglio-e-la-fuga-del-re-con-ministri-e-generali\/#primaryimage","url":"https:\/\/www.bellunopress.it\/wp-content\/uploads\/2025\/09\/Corriere-della-Sera-Armistizio_edited.jpg","contentUrl":"https:\/\/www.bellunopress.it\/wp-content\/uploads\/2025\/09\/Corriere-della-Sera-Armistizio_edited.jpg","width":697,"height":673},{"@type":"BreadcrumbList","@id":"https:\/\/www.bellunopress.it\/2025\/09\/07\/8-settembre-1943-il-proclama-badoglio-e-la-fuga-del-re-con-ministri-e-generali\/#breadcrumb","itemListElement":[{"@type":"ListItem","position":1,"name":"Home","item":"https:\/\/www.bellunopress.it\/"},{"@type":"ListItem","position":2,"name":"8 settembre 1943, il proclama Badoglio e la fuga del Re con ministri e generali"}]},{"@type":"WebSite","@id":"https:\/\/www.bellunopress.it\/#website","url":"https:\/\/www.bellunopress.it\/","name":"Bellunopress - Dolomiti","description":"e-mail: redazione@bellunopress.it","publisher":{"@id":"https:\/\/www.bellunopress.it\/#organization"},"potentialAction":[{"@type":"SearchAction","target":{"@type":"EntryPoint","urlTemplate":"https:\/\/www.bellunopress.it\/?s={search_term_string}"},"query-input":{"@type":"PropertyValueSpecification","valueRequired":true,"valueName":"search_term_string"}}],"inLanguage":"fr-FR"},{"@type":"Organization","@id":"https:\/\/www.bellunopress.it\/#organization","name":"Bellunopress","url":"https:\/\/www.bellunopress.it\/","logo":{"@type":"ImageObject","inLanguage":"fr-FR","@id":"https:\/\/www.bellunopress.it\/#\/schema\/logo\/image\/","url":"https:\/\/www.bellunopress.it\/wp-content\/uploads\/2011\/05\/cropped-logo-bellunopress-.jpg","contentUrl":"https:\/\/www.bellunopress.it\/wp-content\/uploads\/2011\/05\/cropped-logo-bellunopress-.jpg","width":512,"height":512,"caption":"Bellunopress"},"image":{"@id":"https:\/\/www.bellunopress.it\/#\/schema\/logo\/image\/"},"sameAs":["https:\/\/www.facebook.com\/profile.php?id=100008943462799","https:\/\/x.com\/bellunopress","https:\/\/www.linkedin.com\/hp\/?dnr=JBzUWaJfMUw8vbXJJ2tVW5-I3jZKvC4wsoxE&amp;amp;amp;amp;amp;amp;trk=nav_responsive_tab_home","https:\/\/www.youtube.com\/channel\/UCxL0wu1uN0_3_7hGG0306cw"]},{"@type":"Person","@id":"https:\/\/www.bellunopress.it\/#\/schema\/person\/79bb06722b37ece1c03d3e94beb30d73","name":"r\u00e9daction","image":{"@type":"ImageObject","inLanguage":"fr-FR","@id":"https:\/\/secure.gravatar.com\/avatar\/37d968a2e67a6fd04c169c4bdef102d0bc5d31b2546345219e348575eb80e9a0?s=96&d=mm&r=g","url":"https:\/\/secure.gravatar.com\/avatar\/37d968a2e67a6fd04c169c4bdef102d0bc5d31b2546345219e348575eb80e9a0?s=96&d=mm&r=g","contentUrl":"https:\/\/secure.gravatar.com\/avatar\/37d968a2e67a6fd04c169c4bdef102d0bc5d31b2546345219e348575eb80e9a0?s=96&d=mm&r=g","caption":"redazione"},"sameAs":["http:\/\/www.bellunopress.it","https:\/\/x.com\/bellunopress"],"url":"https:\/\/www.bellunopress.it\/fr\/author\/redazione\/"}]}},"_links":{"self":[{"href":"https:\/\/www.bellunopress.it\/fr\/wp-json\/wp\/v2\/posts\/163097","targetHints":{"allow":["GET"]}}],"collection":[{"href":"https:\/\/www.bellunopress.it\/fr\/wp-json\/wp\/v2\/posts"}],"about":[{"href":"https:\/\/www.bellunopress.it\/fr\/wp-json\/wp\/v2\/types\/post"}],"author":[{"embeddable":true,"href":"https:\/\/www.bellunopress.it\/fr\/wp-json\/wp\/v2\/users\/2"}],"replies":[{"embeddable":true,"href":"https:\/\/www.bellunopress.it\/fr\/wp-json\/wp\/v2\/comments?post=163097"}],"version-history":[{"count":1,"href":"https:\/\/www.bellunopress.it\/fr\/wp-json\/wp\/v2\/posts\/163097\/revisions"}],"predecessor-version":[{"id":163100,"href":"https:\/\/www.bellunopress.it\/fr\/wp-json\/wp\/v2\/posts\/163097\/revisions\/163100"}],"wp:featuredmedia":[{"embeddable":true,"href":"https:\/\/www.bellunopress.it\/fr\/wp-json\/wp\/v2\/media\/163099"}],"wp:attachment":[{"href":"https:\/\/www.bellunopress.it\/fr\/wp-json\/wp\/v2\/media?parent=163097"}],"wp:term":[{"taxonomy":"category","embeddable":true,"href":"https:\/\/www.bellunopress.it\/fr\/wp-json\/wp\/v2\/categories?post=163097"},{"taxonomy":"post_tag","embeddable":true,"href":"https:\/\/www.bellunopress.it\/fr\/wp-json\/wp\/v2\/tags?post=163097"}],"curies":[{"name":"wp","href":"https:\/\/api.w.org\/{rel}","templated":true}]}}