{"id":163037,"date":"2025-09-05T15:31:07","date_gmt":"2025-09-05T13:31:07","guid":{"rendered":"https:\/\/www.bellunopress.it\/?p=163037"},"modified":"2025-09-05T15:31:07","modified_gmt":"2025-09-05T13:31:07","slug":"meccanostampi-festeggia-i-60-anni-di-impresa","status":"publish","type":"post","link":"https:\/\/www.bellunopress.it\/fr\/2025\/09\/05\/meccanostampi-festeggia-i-60-anni-di-impresa\/","title":{"rendered":"Meccanostampi festeggia i 60 anni di impresa"},"content":{"rendered":"<p><img loading=\"lazy\" decoding=\"async\" class=\"aligncenter size-full wp-image-163038\" src=\"https:\/\/www.bellunopress.it\/wp-content\/uploads\/2025\/09\/Meccanostampi-Laura-Trevisson.jpg\" alt=\"\" width=\"600\" height=\"800\" srcset=\"https:\/\/www.bellunopress.it\/wp-content\/uploads\/2025\/09\/Meccanostampi-Laura-Trevisson.jpg 600w, https:\/\/www.bellunopress.it\/wp-content\/uploads\/2025\/09\/Meccanostampi-Laura-Trevisson-375x500.jpg 375w, https:\/\/www.bellunopress.it\/wp-content\/uploads\/2025\/09\/Meccanostampi-Laura-Trevisson-315x420.jpg 315w\" sizes=\"auto, (max-width: 600px) 100vw, 600px\" \/>Limana, 5 settembre 2025 &#8211; Un open day con oltre 700 partecipanti per celebrare una storia di crescita, valorizzazione delle competenze e visione strategica.<\/p>\n<p>In occasione dei sessant\u2019anni di attivit\u00e0, Meccanostampi ha organizzato un open day riservato ai collaboratori e alle loro famiglie. Un\u2019iniziativa che ha messo al centro le persone con visite guidate suddivise in gruppi ogni quarto d\u2019ora, per accompagnare i visitatori alla scoperta dei processi produttivi, dei nuovi impianti e della cultura aziendale.<\/p>\n<p>L\u2019attenzione strutturale al benessere dei collaboratori rappresenta da tempo un asse strategico per Meccanostampi, certificata Family Audit. \u201cIniziative come l\u2019open day rientrano in una pi\u00f9 ampia strategia di coinvolgimento attivo del capitale umano, che \u00e8 la vera infrastruttura competitiva dell\u2019impresa\u201d afferma Laura Trevisson, vice presidente del Consiglio di Amministrazione e Chief Executive Officer di Meccanostampi. \u201cAbbiamo voluto dire grazie a chi lavora con noi, a chi ha creduto in noi, a chi ha condiviso con noi un pezzo di strada. Tengo a sottolineare l\u2019aspetto dell\u2019occupazione femminile, aumentata sensibilmente nel tempo e che oggi conta 44 donne in organico su un totale di 250 collaboratori. Non \u00e8 stato semplice, in un settore storicamente maschile. Ma \u00e8 stato possibile grazie a politiche di selezione inclusive, flessibilit\u00e0 organizzativa, valorizzazione del merito\u201d spiega Trevisson.<\/p>\n<p>Fondata nel 1965 su intuizione di Ludovico Trevisson, Meccanostampi \u00e8 oggi un partner strategico a livello internazionale nella progettazione e produzione di stampi e componenti in tecnopolimeri. Il fatturato complessivo nel 2024 ha sfiorato i 42 milioni di euro, con un\u2019incidenza dell\u2019export pari al 42% e una presenza consolidata sui mercati chiave di Europa, Asia e Nord America, frutto di una strategia di diversificazione che evita dipendenze e promuove relazioni consolidate con clienti multinazionali leader di settore.<\/p>\n<p>Elemento distintivo della traiettoria aziendale \u00e8 la forte propensione all\u2019innovazione industriale, intesa come processo continuo di miglioramento, digitalizzazione e sostenibilit\u00e0. Le attivit\u00e0 produttive, concentrate nei quattro stabilimenti di Limana, sono gestite in logica interconnessa grazie a software avanzati di progettazione e simulazione, tecnologie additive (come la stampa 3D) e sistemi automatizzati ad alta precisione.<\/p>\n<p>\u201cL\u2019innovazione \u00e8 parte integrante del nostro DNA \u2013 prosegue Trevisson \u2013. Non solo perch\u00e9 ci consente di rafforzare l\u2019efficienza e la competitivit\u00e0, ma perch\u00e9 rappresenta uno strumento concreto per ridurre l\u2019impatto ambientale. Abbiamo investito in presse elettriche, impianti fotovoltaici e rinnovato le certificazioni ISO 45001 per la sicurezza e 14001 per l&#8217;ambiente oltre al rating ESG &#8220;A&#8221; da Synesgy che valuta la sostenibilit\u00e0 d&#8217;impresa\u201d.<\/p>\n<p>L\u2019azienda guarda ora al futuro con un Piano Strategico quinquennale che prevede investimenti mirati, crescita organizzativa e ulteriore consolidamento internazionale, mantenendo al centro la persona, il territorio e l\u2019innovazione come leve per uno sviluppo duraturo e condiviso.<\/p>\n<p>&nbsp;<\/p>\n<p>&nbsp;<\/p>","protected":false},"excerpt":{"rendered":"<p>Limana, 5 settembre 2025 &#8211; Un open day con oltre 700 partecipanti per celebrare una storia di crescita, valorizzazione delle competenze e visione strategica. In occasione dei sessant\u2019anni di attivit\u00e0, Meccanostampi ha organizzato un open day riservato ai collaboratori e alle loro famiglie. Un\u2019iniziativa che ha messo al centro le persone con visite guidate suddivise [&hellip;]<\/p>\n","protected":false},"author":2,"featured_media":163038,"comment_status":"closed","ping_status":"open","sticky":false,"template":"","format":"standard","meta":{"footnotes":""},"categories":[36,26],"tags":[],"class_list":["post-163037","post","type-post","status-publish","format-standard","has-post-thumbnail","category-lavoro-economia","category-prima-pagina"],"yoast_head":"<!-- This site is optimized with the Yoast SEO plugin v28.4 - https:\/\/yoast.com\/product\/yoast-seo-wordpress\/ -->\n<title>Meccanostampi festeggia i 60 anni di impresa - Bellunopress - Dolomiti<\/title>\n<meta name=\"robots\" content=\"index, follow, max-snippet:-1, max-image-preview:large, max-video-preview:-1\" \/>\n<link rel=\"canonical\" href=\"https:\/\/www.bellunopress.it\/fr\/2025\/09\/05\/meccanostampi-festeggia-i-60-anni-di-impresa\/\" \/>\n<meta property=\"og:locale\" content=\"fr_FR\" \/>\n<meta property=\"og:type\" content=\"article\" \/>\n<meta property=\"og:title\" content=\"Meccanostampi festeggia i 60 anni di impresa - Bellunopress - Dolomiti\" \/>\n<meta property=\"og:description\" content=\"Limana, 5 settembre 2025 &#8211; Un open day con oltre 700 partecipanti per celebrare una storia di crescita, valorizzazione delle competenze e visione strategica. In occasione dei sessant\u2019anni di attivit\u00e0, Meccanostampi ha organizzato un open day riservato ai collaboratori e alle loro famiglie. Un\u2019iniziativa che ha messo al centro le persone con visite guidate suddivise [&hellip;]\" \/>\n<meta property=\"og:url\" content=\"https:\/\/www.bellunopress.it\/fr\/2025\/09\/05\/meccanostampi-festeggia-i-60-anni-di-impresa\/\" \/>\n<meta property=\"og:site_name\" content=\"Bellunopress - Dolomiti\" \/>\n<meta property=\"article:publisher\" content=\"https:\/\/www.facebook.com\/profile.php?id=100008943462799\" \/>\n<meta property=\"article:published_time\" content=\"2025-09-05T13:31:07+00:00\" \/>\n<meta property=\"og:image\" content=\"https:\/\/www.bellunopress.it\/wp-content\/uploads\/2025\/09\/Meccanostampi-Laura-Trevisson.jpg\" \/>\n\t<meta property=\"og:image:width\" content=\"600\" \/>\n\t<meta property=\"og:image:height\" content=\"800\" \/>\n\t<meta property=\"og:image:type\" content=\"image\/jpeg\" \/>\n<meta name=\"author\" content=\"redazione\" \/>\n<meta name=\"twitter:card\" content=\"summary_large_image\" \/>\n<meta name=\"twitter:creator\" content=\"@bellunopress\" \/>\n<meta name=\"twitter:site\" content=\"@bellunopress\" \/>\n<meta name=\"twitter:label1\" content=\"\u00c9crit par\" \/>\n\t<meta name=\"twitter:data1\" content=\"redazione\" \/>\n\t<meta name=\"twitter:label2\" content=\"Dur\u00e9e de lecture estim\u00e9e\" \/>\n\t<meta name=\"twitter:data2\" content=\"2 minutes\" \/>\n<script type=\"application\/ld+json\" class=\"yoast-schema-graph\">{\"@context\":\"https:\\\/\\\/schema.org\",\"@graph\":[{\"@type\":\"Article\",\"@id\":\"https:\\\/\\\/www.bellunopress.it\\\/2025\\\/09\\\/05\\\/meccanostampi-festeggia-i-60-anni-di-impresa\\\/#article\",\"isPartOf\":{\"@id\":\"https:\\\/\\\/www.bellunopress.it\\\/2025\\\/09\\\/05\\\/meccanostampi-festeggia-i-60-anni-di-impresa\\\/\"},\"author\":{\"name\":\"redazione\",\"@id\":\"https:\\\/\\\/www.bellunopress.it\\\/#\\\/schema\\\/person\\\/79bb06722b37ece1c03d3e94beb30d73\"},\"headline\":\"Meccanostampi festeggia i 60 anni di impresa\",\"datePublished\":\"2025-09-05T13:31:07+00:00\",\"mainEntityOfPage\":{\"@id\":\"https:\\\/\\\/www.bellunopress.it\\\/2025\\\/09\\\/05\\\/meccanostampi-festeggia-i-60-anni-di-impresa\\\/\"},\"wordCount\":445,\"publisher\":{\"@id\":\"https:\\\/\\\/www.bellunopress.it\\\/#organization\"},\"image\":{\"@id\":\"https:\\\/\\\/www.bellunopress.it\\\/2025\\\/09\\\/05\\\/meccanostampi-festeggia-i-60-anni-di-impresa\\\/#primaryimage\"},\"thumbnailUrl\":\"https:\\\/\\\/www.bellunopress.it\\\/wp-content\\\/uploads\\\/2025\\\/09\\\/Meccanostampi-Laura-Trevisson.jpg\",\"articleSection\":[\"Lavoro, Economia, Turismo\",\"Prima Pagina\"],\"inLanguage\":\"fr-FR\"},{\"@type\":\"WebPage\",\"@id\":\"https:\\\/\\\/www.bellunopress.it\\\/2025\\\/09\\\/05\\\/meccanostampi-festeggia-i-60-anni-di-impresa\\\/\",\"url\":\"https:\\\/\\\/www.bellunopress.it\\\/2025\\\/09\\\/05\\\/meccanostampi-festeggia-i-60-anni-di-impresa\\\/\",\"name\":\"Meccanostampi festeggia i 60 anni di impresa - Bellunopress - Dolomiti\",\"isPartOf\":{\"@id\":\"https:\\\/\\\/www.bellunopress.it\\\/#website\"},\"primaryImageOfPage\":{\"@id\":\"https:\\\/\\\/www.bellunopress.it\\\/2025\\\/09\\\/05\\\/meccanostampi-festeggia-i-60-anni-di-impresa\\\/#primaryimage\"},\"image\":{\"@id\":\"https:\\\/\\\/www.bellunopress.it\\\/2025\\\/09\\\/05\\\/meccanostampi-festeggia-i-60-anni-di-impresa\\\/#primaryimage\"},\"thumbnailUrl\":\"https:\\\/\\\/www.bellunopress.it\\\/wp-content\\\/uploads\\\/2025\\\/09\\\/Meccanostampi-Laura-Trevisson.jpg\",\"datePublished\":\"2025-09-05T13:31:07+00:00\",\"breadcrumb\":{\"@id\":\"https:\\\/\\\/www.bellunopress.it\\\/2025\\\/09\\\/05\\\/meccanostampi-festeggia-i-60-anni-di-impresa\\\/#breadcrumb\"},\"inLanguage\":\"fr-FR\",\"potentialAction\":[{\"@type\":\"ReadAction\",\"target\":[\"https:\\\/\\\/www.bellunopress.it\\\/2025\\\/09\\\/05\\\/meccanostampi-festeggia-i-60-anni-di-impresa\\\/\"]}]},{\"@type\":\"ImageObject\",\"inLanguage\":\"fr-FR\",\"@id\":\"https:\\\/\\\/www.bellunopress.it\\\/2025\\\/09\\\/05\\\/meccanostampi-festeggia-i-60-anni-di-impresa\\\/#primaryimage\",\"url\":\"https:\\\/\\\/www.bellunopress.it\\\/wp-content\\\/uploads\\\/2025\\\/09\\\/Meccanostampi-Laura-Trevisson.jpg\",\"contentUrl\":\"https:\\\/\\\/www.bellunopress.it\\\/wp-content\\\/uploads\\\/2025\\\/09\\\/Meccanostampi-Laura-Trevisson.jpg\",\"width\":600,\"height\":800},{\"@type\":\"BreadcrumbList\",\"@id\":\"https:\\\/\\\/www.bellunopress.it\\\/2025\\\/09\\\/05\\\/meccanostampi-festeggia-i-60-anni-di-impresa\\\/#breadcrumb\",\"itemListElement\":[{\"@type\":\"ListItem\",\"position\":1,\"name\":\"Home\",\"item\":\"https:\\\/\\\/www.bellunopress.it\\\/\"},{\"@type\":\"ListItem\",\"position\":2,\"name\":\"Meccanostampi festeggia i 60 anni di impresa\"}]},{\"@type\":\"WebSite\",\"@id\":\"https:\\\/\\\/www.bellunopress.it\\\/#website\",\"url\":\"https:\\\/\\\/www.bellunopress.it\\\/\",\"name\":\"Bellunopress - Dolomiti\",\"description\":\"e-mail: redazione@bellunopress.it\",\"publisher\":{\"@id\":\"https:\\\/\\\/www.bellunopress.it\\\/#organization\"},\"potentialAction\":[{\"@type\":\"SearchAction\",\"target\":{\"@type\":\"EntryPoint\",\"urlTemplate\":\"https:\\\/\\\/www.bellunopress.it\\\/?s={search_term_string}\"},\"query-input\":{\"@type\":\"PropertyValueSpecification\",\"valueRequired\":true,\"valueName\":\"search_term_string\"}}],\"inLanguage\":\"fr-FR\"},{\"@type\":\"Organization\",\"@id\":\"https:\\\/\\\/www.bellunopress.it\\\/#organization\",\"name\":\"Bellunopress\",\"url\":\"https:\\\/\\\/www.bellunopress.it\\\/\",\"logo\":{\"@type\":\"ImageObject\",\"inLanguage\":\"fr-FR\",\"@id\":\"https:\\\/\\\/www.bellunopress.it\\\/#\\\/schema\\\/logo\\\/image\\\/\",\"url\":\"https:\\\/\\\/www.bellunopress.it\\\/wp-content\\\/uploads\\\/2011\\\/05\\\/cropped-logo-bellunopress-.jpg\",\"contentUrl\":\"https:\\\/\\\/www.bellunopress.it\\\/wp-content\\\/uploads\\\/2011\\\/05\\\/cropped-logo-bellunopress-.jpg\",\"width\":512,\"height\":512,\"caption\":\"Bellunopress\"},\"image\":{\"@id\":\"https:\\\/\\\/www.bellunopress.it\\\/#\\\/schema\\\/logo\\\/image\\\/\"},\"sameAs\":[\"https:\\\/\\\/www.facebook.com\\\/profile.php?id=100008943462799\",\"https:\\\/\\\/x.com\\\/bellunopress\",\"https:\\\/\\\/www.linkedin.com\\\/hp\\\/?dnr=JBzUWaJfMUw8vbXJJ2tVW5-I3jZKvC4wsoxE&amp;amp;amp;amp;amp;amp;trk=nav_responsive_tab_home\",\"https:\\\/\\\/www.youtube.com\\\/channel\\\/UCxL0wu1uN0_3_7hGG0306cw\"]},{\"@type\":\"Person\",\"@id\":\"https:\\\/\\\/www.bellunopress.it\\\/#\\\/schema\\\/person\\\/79bb06722b37ece1c03d3e94beb30d73\",\"name\":\"redazione\",\"image\":{\"@type\":\"ImageObject\",\"inLanguage\":\"fr-FR\",\"@id\":\"https:\\\/\\\/secure.gravatar.com\\\/avatar\\\/37d968a2e67a6fd04c169c4bdef102d0bc5d31b2546345219e348575eb80e9a0?s=96&d=mm&r=g\",\"url\":\"https:\\\/\\\/secure.gravatar.com\\\/avatar\\\/37d968a2e67a6fd04c169c4bdef102d0bc5d31b2546345219e348575eb80e9a0?s=96&d=mm&r=g\",\"contentUrl\":\"https:\\\/\\\/secure.gravatar.com\\\/avatar\\\/37d968a2e67a6fd04c169c4bdef102d0bc5d31b2546345219e348575eb80e9a0?s=96&d=mm&r=g\",\"caption\":\"redazione\"},\"sameAs\":[\"http:\\\/\\\/www.bellunopress.it\",\"https:\\\/\\\/x.com\\\/bellunopress\"],\"url\":\"https:\\\/\\\/www.bellunopress.it\\\/fr\\\/author\\\/redazione\\\/\"}]}<\/script>\n<!-- \/ Yoast SEO plugin. -->","yoast_head_json":{"title":"Meccanostampi festeggia i 60 anni di impresa - Bellunopress - Dolomiti","robots":{"index":"index","follow":"follow","max-snippet":"max-snippet:-1","max-image-preview":"max-image-preview:large","max-video-preview":"max-video-preview:-1"},"canonical":"https:\/\/www.bellunopress.it\/fr\/2025\/09\/05\/meccanostampi-festeggia-i-60-anni-di-impresa\/","og_locale":"fr_FR","og_type":"article","og_title":"Meccanostampi festeggia i 60 anni di impresa - Bellunopress - Dolomiti","og_description":"Limana, 5 settembre 2025 &#8211; Un open day con oltre 700 partecipanti per celebrare una storia di crescita, valorizzazione delle competenze e visione strategica. In occasione dei sessant\u2019anni di attivit\u00e0, Meccanostampi ha organizzato un open day riservato ai collaboratori e alle loro famiglie. Un\u2019iniziativa che ha messo al centro le persone con visite guidate suddivise [&hellip;]","og_url":"https:\/\/www.bellunopress.it\/fr\/2025\/09\/05\/meccanostampi-festeggia-i-60-anni-di-impresa\/","og_site_name":"Bellunopress - Dolomiti","article_publisher":"https:\/\/www.facebook.com\/profile.php?id=100008943462799","article_published_time":"2025-09-05T13:31:07+00:00","og_image":[{"width":600,"height":800,"url":"https:\/\/www.bellunopress.it\/wp-content\/uploads\/2025\/09\/Meccanostampi-Laura-Trevisson.jpg","type":"image\/jpeg"}],"author":"redazione","twitter_card":"summary_large_image","twitter_creator":"@bellunopress","twitter_site":"@bellunopress","twitter_misc":{"\u00c9crit par":"redazione","Dur\u00e9e de lecture estim\u00e9e":"2 minutes"},"schema":{"@context":"https:\/\/schema.org","@graph":[{"@type":"Article","@id":"https:\/\/www.bellunopress.it\/2025\/09\/05\/meccanostampi-festeggia-i-60-anni-di-impresa\/#article","isPartOf":{"@id":"https:\/\/www.bellunopress.it\/2025\/09\/05\/meccanostampi-festeggia-i-60-anni-di-impresa\/"},"author":{"name":"redazione","@id":"https:\/\/www.bellunopress.it\/#\/schema\/person\/79bb06722b37ece1c03d3e94beb30d73"},"headline":"Meccanostampi festeggia i 60 anni di impresa","datePublished":"2025-09-05T13:31:07+00:00","mainEntityOfPage":{"@id":"https:\/\/www.bellunopress.it\/2025\/09\/05\/meccanostampi-festeggia-i-60-anni-di-impresa\/"},"wordCount":445,"publisher":{"@id":"https:\/\/www.bellunopress.it\/#organization"},"image":{"@id":"https:\/\/www.bellunopress.it\/2025\/09\/05\/meccanostampi-festeggia-i-60-anni-di-impresa\/#primaryimage"},"thumbnailUrl":"https:\/\/www.bellunopress.it\/wp-content\/uploads\/2025\/09\/Meccanostampi-Laura-Trevisson.jpg","articleSection":["Lavoro, Economia, Turismo","Prima Pagina"],"inLanguage":"fr-FR"},{"@type":"WebPage","@id":"https:\/\/www.bellunopress.it\/2025\/09\/05\/meccanostampi-festeggia-i-60-anni-di-impresa\/","url":"https:\/\/www.bellunopress.it\/2025\/09\/05\/meccanostampi-festeggia-i-60-anni-di-impresa\/","name":"Meccanostampi festeggia i 60 anni di impresa - Bellunopress - Dolomiti","isPartOf":{"@id":"https:\/\/www.bellunopress.it\/#website"},"primaryImageOfPage":{"@id":"https:\/\/www.bellunopress.it\/2025\/09\/05\/meccanostampi-festeggia-i-60-anni-di-impresa\/#primaryimage"},"image":{"@id":"https:\/\/www.bellunopress.it\/2025\/09\/05\/meccanostampi-festeggia-i-60-anni-di-impresa\/#primaryimage"},"thumbnailUrl":"https:\/\/www.bellunopress.it\/wp-content\/uploads\/2025\/09\/Meccanostampi-Laura-Trevisson.jpg","datePublished":"2025-09-05T13:31:07+00:00","breadcrumb":{"@id":"https:\/\/www.bellunopress.it\/2025\/09\/05\/meccanostampi-festeggia-i-60-anni-di-impresa\/#breadcrumb"},"inLanguage":"fr-FR","potentialAction":[{"@type":"ReadAction","target":["https:\/\/www.bellunopress.it\/2025\/09\/05\/meccanostampi-festeggia-i-60-anni-di-impresa\/"]}]},{"@type":"ImageObject","inLanguage":"fr-FR","@id":"https:\/\/www.bellunopress.it\/2025\/09\/05\/meccanostampi-festeggia-i-60-anni-di-impresa\/#primaryimage","url":"https:\/\/www.bellunopress.it\/wp-content\/uploads\/2025\/09\/Meccanostampi-Laura-Trevisson.jpg","contentUrl":"https:\/\/www.bellunopress.it\/wp-content\/uploads\/2025\/09\/Meccanostampi-Laura-Trevisson.jpg","width":600,"height":800},{"@type":"BreadcrumbList","@id":"https:\/\/www.bellunopress.it\/2025\/09\/05\/meccanostampi-festeggia-i-60-anni-di-impresa\/#breadcrumb","itemListElement":[{"@type":"ListItem","position":1,"name":"Home","item":"https:\/\/www.bellunopress.it\/"},{"@type":"ListItem","position":2,"name":"Meccanostampi festeggia i 60 anni di impresa"}]},{"@type":"WebSite","@id":"https:\/\/www.bellunopress.it\/#website","url":"https:\/\/www.bellunopress.it\/","name":"Bellunopress - Dolomiti","description":"e-mail: redazione@bellunopress.it","publisher":{"@id":"https:\/\/www.bellunopress.it\/#organization"},"potentialAction":[{"@type":"SearchAction","target":{"@type":"EntryPoint","urlTemplate":"https:\/\/www.bellunopress.it\/?s={search_term_string}"},"query-input":{"@type":"PropertyValueSpecification","valueRequired":true,"valueName":"search_term_string"}}],"inLanguage":"fr-FR"},{"@type":"Organization","@id":"https:\/\/www.bellunopress.it\/#organization","name":"Bellunopress","url":"https:\/\/www.bellunopress.it\/","logo":{"@type":"ImageObject","inLanguage":"fr-FR","@id":"https:\/\/www.bellunopress.it\/#\/schema\/logo\/image\/","url":"https:\/\/www.bellunopress.it\/wp-content\/uploads\/2011\/05\/cropped-logo-bellunopress-.jpg","contentUrl":"https:\/\/www.bellunopress.it\/wp-content\/uploads\/2011\/05\/cropped-logo-bellunopress-.jpg","width":512,"height":512,"caption":"Bellunopress"},"image":{"@id":"https:\/\/www.bellunopress.it\/#\/schema\/logo\/image\/"},"sameAs":["https:\/\/www.facebook.com\/profile.php?id=100008943462799","https:\/\/x.com\/bellunopress","https:\/\/www.linkedin.com\/hp\/?dnr=JBzUWaJfMUw8vbXJJ2tVW5-I3jZKvC4wsoxE&amp;amp;amp;amp;amp;amp;trk=nav_responsive_tab_home","https:\/\/www.youtube.com\/channel\/UCxL0wu1uN0_3_7hGG0306cw"]},{"@type":"Person","@id":"https:\/\/www.bellunopress.it\/#\/schema\/person\/79bb06722b37ece1c03d3e94beb30d73","name":"r\u00e9daction","image":{"@type":"ImageObject","inLanguage":"fr-FR","@id":"https:\/\/secure.gravatar.com\/avatar\/37d968a2e67a6fd04c169c4bdef102d0bc5d31b2546345219e348575eb80e9a0?s=96&d=mm&r=g","url":"https:\/\/secure.gravatar.com\/avatar\/37d968a2e67a6fd04c169c4bdef102d0bc5d31b2546345219e348575eb80e9a0?s=96&d=mm&r=g","contentUrl":"https:\/\/secure.gravatar.com\/avatar\/37d968a2e67a6fd04c169c4bdef102d0bc5d31b2546345219e348575eb80e9a0?s=96&d=mm&r=g","caption":"redazione"},"sameAs":["http:\/\/www.bellunopress.it","https:\/\/x.com\/bellunopress"],"url":"https:\/\/www.bellunopress.it\/fr\/author\/redazione\/"}]}},"_links":{"self":[{"href":"https:\/\/www.bellunopress.it\/fr\/wp-json\/wp\/v2\/posts\/163037","targetHints":{"allow":["GET"]}}],"collection":[{"href":"https:\/\/www.bellunopress.it\/fr\/wp-json\/wp\/v2\/posts"}],"about":[{"href":"https:\/\/www.bellunopress.it\/fr\/wp-json\/wp\/v2\/types\/post"}],"author":[{"embeddable":true,"href":"https:\/\/www.bellunopress.it\/fr\/wp-json\/wp\/v2\/users\/2"}],"replies":[{"embeddable":true,"href":"https:\/\/www.bellunopress.it\/fr\/wp-json\/wp\/v2\/comments?post=163037"}],"version-history":[{"count":1,"href":"https:\/\/www.bellunopress.it\/fr\/wp-json\/wp\/v2\/posts\/163037\/revisions"}],"predecessor-version":[{"id":163039,"href":"https:\/\/www.bellunopress.it\/fr\/wp-json\/wp\/v2\/posts\/163037\/revisions\/163039"}],"wp:featuredmedia":[{"embeddable":true,"href":"https:\/\/www.bellunopress.it\/fr\/wp-json\/wp\/v2\/media\/163038"}],"wp:attachment":[{"href":"https:\/\/www.bellunopress.it\/fr\/wp-json\/wp\/v2\/media?parent=163037"}],"wp:term":[{"taxonomy":"category","embeddable":true,"href":"https:\/\/www.bellunopress.it\/fr\/wp-json\/wp\/v2\/categories?post=163037"},{"taxonomy":"post_tag","embeddable":true,"href":"https:\/\/www.bellunopress.it\/fr\/wp-json\/wp\/v2\/tags?post=163037"}],"curies":[{"name":"wp","href":"https:\/\/api.w.org\/{rel}","templated":true}]}}