{"id":163033,"date":"2025-09-07T14:59:52","date_gmt":"2025-09-07T12:59:52","guid":{"rendered":"https:\/\/www.bellunopress.it\/?p=163033"},"modified":"2025-09-12T16:33:06","modified_gmt":"2025-09-12T14:33:06","slug":"belluno-rende-onore-agli-alpini-allana-il-sigillodella-citta-di-belluno","status":"publish","type":"post","link":"https:\/\/www.bellunopress.it\/fr\/2025\/09\/07\/belluno-rende-onore-agli-alpini-allana-il-sigillodella-citta-di-belluno\/","title":{"rendered":"Belluno rende onore agli alpini. All&#8217;Ana il Sigillo della Citt\u00e0 di Belluno"},"content":{"rendered":"<p><img loading=\"lazy\" decoding=\"async\" class=\"aligncenter size-full wp-image-163034\" src=\"https:\/\/www.bellunopress.it\/wp-content\/uploads\/2025\/09\/Ana-Associaz-Nazionale-Alpini.jpg\" alt=\"\" width=\"383\" height=\"253\" \/>Dopo la cittadinanza onoraria conferita al Settimo Reggimento Alpini nel 2011, il Comune di Belluno torna a rendere omaggio alle penne nere con un nuovo riconoscimento: il Sigillo della Citt\u00e0 all\u2019ANA Nazionale, un\u2019onorificenza che viene assegnata a enti, associazioni o persone che si distinguono per il loro valore e per il servizio alla comunit\u00e0. \u201cGli alpini rappresentano una parte fondamentale dell\u2019identit\u00e0 del nostro territorio \u2013 commenta il sindaco, Oscar De Pellegrin -. Con il loro esempio di dedizione, solidariet\u00e0 e sacrificio hanno contribuito a scrivere pagine importanti della nostra storia e continuano a essere un punto di riferimento prezioso per le nuove generazioni. Conferire il Sigillo della Citt\u00e0 significa riconoscere il valore di un impegno che non si esaurisce mai e che unisce la comunit\u00e0 bellunese ai valori alpini di amicizia, servizio e amore per la montagna e per la patria\u201d.<\/p>\n<p><strong>PROGRAMMA<\/strong><br \/>\nLa cerimonia ufficiale si terr\u00e0 sabato 13 settembre e sar\u00e0 arricchita dalla presenza della Fanfara della Brigata Alpina Cadore, con un programma che unir\u00e0 momenti solenni e momenti di festa.<br \/>\n\u2022 Ore 15.30 \u2013 Alzabandiera e cerimonia in piazza dei Martiri<br \/>\n\u2022 Ore 16.30 \u2013 Carosello della Fanfara Brigata Alpina Cadore in piazza Duomo<br \/>\n\u2022 Ore 20.30 \u2013 Cerimonia di conferimento del Sigillo della Citt\u00e0 di Belluno all\u2019ANA Nazionale e concerto della Fanfara Brigata Alpina Cadore (Ingresso a offerta libera; il ricavato sar\u00e0 devoluto all\u2019Assi Aps e al Cantiere della Provvidenza) al Teatro Dino Buzzati<br \/>\n\u201cQuesta cerimonia \u00e8 un segno di gratitudine verso gli alpini, che da sempre si prodigano per la collettivit\u00e0 in silenzio e con grande spirito di servizio \u2013 commenta l\u2019assessore al turismo, organizzatore dell\u2019evento, Paolo Luciani -. Il Sigillo della Citt\u00e0 \u00e8 il simbolo con cui Belluno vuole rendere onore a chi ha fatto della solidariet\u00e0 e del volontariato una missione costante e rappresenta un\u2019ulteriore medaglia al petto del corpo degli alpini. A voler sottolineare ulteriormente questo aspetto di solidariet\u00e0 e impegno civico che contraddistingue da sempre le penne nere, la cerimonia \u00e8 stata inserita all\u2019interno della Giornata del volontariato che si svolger\u00e0 la mattina dello stesso giorno in centro storico\u201d.<\/p>","protected":false},"excerpt":{"rendered":"<p>Dopo la cittadinanza onoraria conferita al Settimo Reggimento Alpini nel 2011, il Comune di Belluno torna a rendere omaggio alle penne nere con un nuovo riconoscimento: il Sigillo della Citt\u00e0 all\u2019ANA Nazionale, un\u2019onorificenza che viene assegnata a enti, associazioni o persone che si distinguono per il loro valore e per il servizio alla comunit\u00e0. \u201cGli [&hellip;]<\/p>\n","protected":false},"author":2,"featured_media":163034,"comment_status":"closed","ping_status":"open","sticky":false,"template":"","format":"standard","meta":{"footnotes":""},"categories":[26,8],"tags":[],"class_list":["post-163033","post","type-post","status-publish","format-standard","has-post-thumbnail","category-prima-pagina","category-societa-istituzioni"],"yoast_head":"<!-- This site is optimized with the Yoast SEO plugin v28.4 - https:\/\/yoast.com\/product\/yoast-seo-wordpress\/ -->\n<title>Belluno rende onore agli alpini. All&#039;Ana il Sigillo della Citt\u00e0 di Belluno - Bellunopress - Dolomiti<\/title>\n<meta name=\"robots\" content=\"index, follow, max-snippet:-1, max-image-preview:large, max-video-preview:-1\" \/>\n<link rel=\"canonical\" href=\"https:\/\/www.bellunopress.it\/fr\/2025\/09\/07\/belluno-rende-onore-agli-alpini-allana-il-sigillodella-citta-di-belluno\/\" \/>\n<meta property=\"og:locale\" content=\"fr_FR\" \/>\n<meta property=\"og:type\" content=\"article\" \/>\n<meta property=\"og:title\" content=\"Belluno rende onore agli alpini. All&#039;Ana il Sigillo della Citt\u00e0 di Belluno - Bellunopress - Dolomiti\" \/>\n<meta property=\"og:description\" content=\"Dopo la cittadinanza onoraria conferita al Settimo Reggimento Alpini nel 2011, il Comune di Belluno torna a rendere omaggio alle penne nere con un nuovo riconoscimento: il Sigillo della Citt\u00e0 all\u2019ANA Nazionale, un\u2019onorificenza che viene assegnata a enti, associazioni o persone che si distinguono per il loro valore e per il servizio alla comunit\u00e0. \u201cGli [&hellip;]\" \/>\n<meta property=\"og:url\" content=\"https:\/\/www.bellunopress.it\/fr\/2025\/09\/07\/belluno-rende-onore-agli-alpini-allana-il-sigillodella-citta-di-belluno\/\" \/>\n<meta property=\"og:site_name\" content=\"Bellunopress - Dolomiti\" \/>\n<meta property=\"article:publisher\" content=\"https:\/\/www.facebook.com\/profile.php?id=100008943462799\" \/>\n<meta property=\"article:published_time\" content=\"2025-09-07T12:59:52+00:00\" \/>\n<meta property=\"article:modified_time\" content=\"2025-09-12T14:33:06+00:00\" \/>\n<meta property=\"og:image\" content=\"https:\/\/www.bellunopress.it\/wp-content\/uploads\/2025\/09\/Ana-Associaz-Nazionale-Alpini.jpg\" \/>\n\t<meta property=\"og:image:width\" content=\"383\" \/>\n\t<meta property=\"og:image:height\" content=\"253\" \/>\n\t<meta property=\"og:image:type\" content=\"image\/jpeg\" \/>\n<meta name=\"author\" content=\"redazione\" \/>\n<meta name=\"twitter:card\" content=\"summary_large_image\" \/>\n<meta name=\"twitter:creator\" content=\"@bellunopress\" \/>\n<meta name=\"twitter:site\" content=\"@bellunopress\" \/>\n<meta name=\"twitter:label1\" content=\"\u00c9crit par\" \/>\n\t<meta name=\"twitter:data1\" content=\"redazione\" \/>\n\t<meta name=\"twitter:label2\" content=\"Dur\u00e9e de lecture estim\u00e9e\" \/>\n\t<meta name=\"twitter:data2\" content=\"2 minutes\" \/>\n<script type=\"application\/ld+json\" class=\"yoast-schema-graph\">{\"@context\":\"https:\\\/\\\/schema.org\",\"@graph\":[{\"@type\":\"Article\",\"@id\":\"https:\\\/\\\/www.bellunopress.it\\\/2025\\\/09\\\/07\\\/belluno-rende-onore-agli-alpini-allana-il-sigillodella-citta-di-belluno\\\/#article\",\"isPartOf\":{\"@id\":\"https:\\\/\\\/www.bellunopress.it\\\/2025\\\/09\\\/07\\\/belluno-rende-onore-agli-alpini-allana-il-sigillodella-citta-di-belluno\\\/\"},\"author\":{\"name\":\"redazione\",\"@id\":\"https:\\\/\\\/www.bellunopress.it\\\/#\\\/schema\\\/person\\\/79bb06722b37ece1c03d3e94beb30d73\"},\"headline\":\"Belluno rende onore agli alpini. All&#8217;Ana il Sigillo della Citt\u00e0 di Belluno\",\"datePublished\":\"2025-09-07T12:59:52+00:00\",\"dateModified\":\"2025-09-12T14:33:06+00:00\",\"mainEntityOfPage\":{\"@id\":\"https:\\\/\\\/www.bellunopress.it\\\/2025\\\/09\\\/07\\\/belluno-rende-onore-agli-alpini-allana-il-sigillodella-citta-di-belluno\\\/\"},\"wordCount\":353,\"publisher\":{\"@id\":\"https:\\\/\\\/www.bellunopress.it\\\/#organization\"},\"image\":{\"@id\":\"https:\\\/\\\/www.bellunopress.it\\\/2025\\\/09\\\/07\\\/belluno-rende-onore-agli-alpini-allana-il-sigillodella-citta-di-belluno\\\/#primaryimage\"},\"thumbnailUrl\":\"https:\\\/\\\/www.bellunopress.it\\\/wp-content\\\/uploads\\\/2025\\\/09\\\/Ana-Associaz-Nazionale-Alpini.jpg\",\"articleSection\":[\"Prima Pagina\",\"Societ\u00e0, Associazioni, Istituzioni\"],\"inLanguage\":\"fr-FR\"},{\"@type\":\"WebPage\",\"@id\":\"https:\\\/\\\/www.bellunopress.it\\\/2025\\\/09\\\/07\\\/belluno-rende-onore-agli-alpini-allana-il-sigillodella-citta-di-belluno\\\/\",\"url\":\"https:\\\/\\\/www.bellunopress.it\\\/2025\\\/09\\\/07\\\/belluno-rende-onore-agli-alpini-allana-il-sigillodella-citta-di-belluno\\\/\",\"name\":\"Belluno rende onore agli alpini. All'Ana il Sigillo della Citt\u00e0 di Belluno - Bellunopress - Dolomiti\",\"isPartOf\":{\"@id\":\"https:\\\/\\\/www.bellunopress.it\\\/#website\"},\"primaryImageOfPage\":{\"@id\":\"https:\\\/\\\/www.bellunopress.it\\\/2025\\\/09\\\/07\\\/belluno-rende-onore-agli-alpini-allana-il-sigillodella-citta-di-belluno\\\/#primaryimage\"},\"image\":{\"@id\":\"https:\\\/\\\/www.bellunopress.it\\\/2025\\\/09\\\/07\\\/belluno-rende-onore-agli-alpini-allana-il-sigillodella-citta-di-belluno\\\/#primaryimage\"},\"thumbnailUrl\":\"https:\\\/\\\/www.bellunopress.it\\\/wp-content\\\/uploads\\\/2025\\\/09\\\/Ana-Associaz-Nazionale-Alpini.jpg\",\"datePublished\":\"2025-09-07T12:59:52+00:00\",\"dateModified\":\"2025-09-12T14:33:06+00:00\",\"breadcrumb\":{\"@id\":\"https:\\\/\\\/www.bellunopress.it\\\/2025\\\/09\\\/07\\\/belluno-rende-onore-agli-alpini-allana-il-sigillodella-citta-di-belluno\\\/#breadcrumb\"},\"inLanguage\":\"fr-FR\",\"potentialAction\":[{\"@type\":\"ReadAction\",\"target\":[\"https:\\\/\\\/www.bellunopress.it\\\/2025\\\/09\\\/07\\\/belluno-rende-onore-agli-alpini-allana-il-sigillodella-citta-di-belluno\\\/\"]}]},{\"@type\":\"ImageObject\",\"inLanguage\":\"fr-FR\",\"@id\":\"https:\\\/\\\/www.bellunopress.it\\\/2025\\\/09\\\/07\\\/belluno-rende-onore-agli-alpini-allana-il-sigillodella-citta-di-belluno\\\/#primaryimage\",\"url\":\"https:\\\/\\\/www.bellunopress.it\\\/wp-content\\\/uploads\\\/2025\\\/09\\\/Ana-Associaz-Nazionale-Alpini.jpg\",\"contentUrl\":\"https:\\\/\\\/www.bellunopress.it\\\/wp-content\\\/uploads\\\/2025\\\/09\\\/Ana-Associaz-Nazionale-Alpini.jpg\",\"width\":383,\"height\":253},{\"@type\":\"BreadcrumbList\",\"@id\":\"https:\\\/\\\/www.bellunopress.it\\\/2025\\\/09\\\/07\\\/belluno-rende-onore-agli-alpini-allana-il-sigillodella-citta-di-belluno\\\/#breadcrumb\",\"itemListElement\":[{\"@type\":\"ListItem\",\"position\":1,\"name\":\"Home\",\"item\":\"https:\\\/\\\/www.bellunopress.it\\\/\"},{\"@type\":\"ListItem\",\"position\":2,\"name\":\"Belluno rende onore agli alpini. All&#8217;Ana il Sigillo della Citt\u00e0 di Belluno\"}]},{\"@type\":\"WebSite\",\"@id\":\"https:\\\/\\\/www.bellunopress.it\\\/#website\",\"url\":\"https:\\\/\\\/www.bellunopress.it\\\/\",\"name\":\"Bellunopress - Dolomiti\",\"description\":\"e-mail: redazione@bellunopress.it\",\"publisher\":{\"@id\":\"https:\\\/\\\/www.bellunopress.it\\\/#organization\"},\"potentialAction\":[{\"@type\":\"SearchAction\",\"target\":{\"@type\":\"EntryPoint\",\"urlTemplate\":\"https:\\\/\\\/www.bellunopress.it\\\/?s={search_term_string}\"},\"query-input\":{\"@type\":\"PropertyValueSpecification\",\"valueRequired\":true,\"valueName\":\"search_term_string\"}}],\"inLanguage\":\"fr-FR\"},{\"@type\":\"Organization\",\"@id\":\"https:\\\/\\\/www.bellunopress.it\\\/#organization\",\"name\":\"Bellunopress\",\"url\":\"https:\\\/\\\/www.bellunopress.it\\\/\",\"logo\":{\"@type\":\"ImageObject\",\"inLanguage\":\"fr-FR\",\"@id\":\"https:\\\/\\\/www.bellunopress.it\\\/#\\\/schema\\\/logo\\\/image\\\/\",\"url\":\"https:\\\/\\\/www.bellunopress.it\\\/wp-content\\\/uploads\\\/2011\\\/05\\\/cropped-logo-bellunopress-.jpg\",\"contentUrl\":\"https:\\\/\\\/www.bellunopress.it\\\/wp-content\\\/uploads\\\/2011\\\/05\\\/cropped-logo-bellunopress-.jpg\",\"width\":512,\"height\":512,\"caption\":\"Bellunopress\"},\"image\":{\"@id\":\"https:\\\/\\\/www.bellunopress.it\\\/#\\\/schema\\\/logo\\\/image\\\/\"},\"sameAs\":[\"https:\\\/\\\/www.facebook.com\\\/profile.php?id=100008943462799\",\"https:\\\/\\\/x.com\\\/bellunopress\",\"https:\\\/\\\/www.linkedin.com\\\/hp\\\/?dnr=JBzUWaJfMUw8vbXJJ2tVW5-I3jZKvC4wsoxE&amp;amp;amp;amp;amp;amp;trk=nav_responsive_tab_home\",\"https:\\\/\\\/www.youtube.com\\\/channel\\\/UCxL0wu1uN0_3_7hGG0306cw\"]},{\"@type\":\"Person\",\"@id\":\"https:\\\/\\\/www.bellunopress.it\\\/#\\\/schema\\\/person\\\/79bb06722b37ece1c03d3e94beb30d73\",\"name\":\"redazione\",\"image\":{\"@type\":\"ImageObject\",\"inLanguage\":\"fr-FR\",\"@id\":\"https:\\\/\\\/secure.gravatar.com\\\/avatar\\\/37d968a2e67a6fd04c169c4bdef102d0bc5d31b2546345219e348575eb80e9a0?s=96&d=mm&r=g\",\"url\":\"https:\\\/\\\/secure.gravatar.com\\\/avatar\\\/37d968a2e67a6fd04c169c4bdef102d0bc5d31b2546345219e348575eb80e9a0?s=96&d=mm&r=g\",\"contentUrl\":\"https:\\\/\\\/secure.gravatar.com\\\/avatar\\\/37d968a2e67a6fd04c169c4bdef102d0bc5d31b2546345219e348575eb80e9a0?s=96&d=mm&r=g\",\"caption\":\"redazione\"},\"sameAs\":[\"http:\\\/\\\/www.bellunopress.it\",\"https:\\\/\\\/x.com\\\/bellunopress\"],\"url\":\"https:\\\/\\\/www.bellunopress.it\\\/fr\\\/author\\\/redazione\\\/\"}]}<\/script>\n<!-- \/ Yoast SEO plugin. -->","yoast_head_json":{"title":"Belluno rende onore agli alpini. All'Ana il Sigillo della Citt\u00e0 di Belluno - Bellunopress - Dolomiti","robots":{"index":"index","follow":"follow","max-snippet":"max-snippet:-1","max-image-preview":"max-image-preview:large","max-video-preview":"max-video-preview:-1"},"canonical":"https:\/\/www.bellunopress.it\/fr\/2025\/09\/07\/belluno-rende-onore-agli-alpini-allana-il-sigillodella-citta-di-belluno\/","og_locale":"fr_FR","og_type":"article","og_title":"Belluno rende onore agli alpini. All'Ana il Sigillo della Citt\u00e0 di Belluno - Bellunopress - Dolomiti","og_description":"Dopo la cittadinanza onoraria conferita al Settimo Reggimento Alpini nel 2011, il Comune di Belluno torna a rendere omaggio alle penne nere con un nuovo riconoscimento: il Sigillo della Citt\u00e0 all\u2019ANA Nazionale, un\u2019onorificenza che viene assegnata a enti, associazioni o persone che si distinguono per il loro valore e per il servizio alla comunit\u00e0. \u201cGli [&hellip;]","og_url":"https:\/\/www.bellunopress.it\/fr\/2025\/09\/07\/belluno-rende-onore-agli-alpini-allana-il-sigillodella-citta-di-belluno\/","og_site_name":"Bellunopress - Dolomiti","article_publisher":"https:\/\/www.facebook.com\/profile.php?id=100008943462799","article_published_time":"2025-09-07T12:59:52+00:00","article_modified_time":"2025-09-12T14:33:06+00:00","og_image":[{"width":383,"height":253,"url":"https:\/\/www.bellunopress.it\/wp-content\/uploads\/2025\/09\/Ana-Associaz-Nazionale-Alpini.jpg","type":"image\/jpeg"}],"author":"redazione","twitter_card":"summary_large_image","twitter_creator":"@bellunopress","twitter_site":"@bellunopress","twitter_misc":{"\u00c9crit par":"redazione","Dur\u00e9e de lecture estim\u00e9e":"2 minutes"},"schema":{"@context":"https:\/\/schema.org","@graph":[{"@type":"Article","@id":"https:\/\/www.bellunopress.it\/2025\/09\/07\/belluno-rende-onore-agli-alpini-allana-il-sigillodella-citta-di-belluno\/#article","isPartOf":{"@id":"https:\/\/www.bellunopress.it\/2025\/09\/07\/belluno-rende-onore-agli-alpini-allana-il-sigillodella-citta-di-belluno\/"},"author":{"name":"redazione","@id":"https:\/\/www.bellunopress.it\/#\/schema\/person\/79bb06722b37ece1c03d3e94beb30d73"},"headline":"Belluno rende onore agli alpini. All&#8217;Ana il Sigillo della Citt\u00e0 di Belluno","datePublished":"2025-09-07T12:59:52+00:00","dateModified":"2025-09-12T14:33:06+00:00","mainEntityOfPage":{"@id":"https:\/\/www.bellunopress.it\/2025\/09\/07\/belluno-rende-onore-agli-alpini-allana-il-sigillodella-citta-di-belluno\/"},"wordCount":353,"publisher":{"@id":"https:\/\/www.bellunopress.it\/#organization"},"image":{"@id":"https:\/\/www.bellunopress.it\/2025\/09\/07\/belluno-rende-onore-agli-alpini-allana-il-sigillodella-citta-di-belluno\/#primaryimage"},"thumbnailUrl":"https:\/\/www.bellunopress.it\/wp-content\/uploads\/2025\/09\/Ana-Associaz-Nazionale-Alpini.jpg","articleSection":["Prima Pagina","Societ\u00e0, Associazioni, Istituzioni"],"inLanguage":"fr-FR"},{"@type":"WebPage","@id":"https:\/\/www.bellunopress.it\/2025\/09\/07\/belluno-rende-onore-agli-alpini-allana-il-sigillodella-citta-di-belluno\/","url":"https:\/\/www.bellunopress.it\/2025\/09\/07\/belluno-rende-onore-agli-alpini-allana-il-sigillodella-citta-di-belluno\/","name":"Belluno rende onore agli alpini. All'Ana il Sigillo della Citt\u00e0 di Belluno - Bellunopress - Dolomiti","isPartOf":{"@id":"https:\/\/www.bellunopress.it\/#website"},"primaryImageOfPage":{"@id":"https:\/\/www.bellunopress.it\/2025\/09\/07\/belluno-rende-onore-agli-alpini-allana-il-sigillodella-citta-di-belluno\/#primaryimage"},"image":{"@id":"https:\/\/www.bellunopress.it\/2025\/09\/07\/belluno-rende-onore-agli-alpini-allana-il-sigillodella-citta-di-belluno\/#primaryimage"},"thumbnailUrl":"https:\/\/www.bellunopress.it\/wp-content\/uploads\/2025\/09\/Ana-Associaz-Nazionale-Alpini.jpg","datePublished":"2025-09-07T12:59:52+00:00","dateModified":"2025-09-12T14:33:06+00:00","breadcrumb":{"@id":"https:\/\/www.bellunopress.it\/2025\/09\/07\/belluno-rende-onore-agli-alpini-allana-il-sigillodella-citta-di-belluno\/#breadcrumb"},"inLanguage":"fr-FR","potentialAction":[{"@type":"ReadAction","target":["https:\/\/www.bellunopress.it\/2025\/09\/07\/belluno-rende-onore-agli-alpini-allana-il-sigillodella-citta-di-belluno\/"]}]},{"@type":"ImageObject","inLanguage":"fr-FR","@id":"https:\/\/www.bellunopress.it\/2025\/09\/07\/belluno-rende-onore-agli-alpini-allana-il-sigillodella-citta-di-belluno\/#primaryimage","url":"https:\/\/www.bellunopress.it\/wp-content\/uploads\/2025\/09\/Ana-Associaz-Nazionale-Alpini.jpg","contentUrl":"https:\/\/www.bellunopress.it\/wp-content\/uploads\/2025\/09\/Ana-Associaz-Nazionale-Alpini.jpg","width":383,"height":253},{"@type":"BreadcrumbList","@id":"https:\/\/www.bellunopress.it\/2025\/09\/07\/belluno-rende-onore-agli-alpini-allana-il-sigillodella-citta-di-belluno\/#breadcrumb","itemListElement":[{"@type":"ListItem","position":1,"name":"Home","item":"https:\/\/www.bellunopress.it\/"},{"@type":"ListItem","position":2,"name":"Belluno rende onore agli alpini. All&#8217;Ana il Sigillo della Citt\u00e0 di Belluno"}]},{"@type":"WebSite","@id":"https:\/\/www.bellunopress.it\/#website","url":"https:\/\/www.bellunopress.it\/","name":"Bellunopress - Dolomiti","description":"e-mail: redazione@bellunopress.it","publisher":{"@id":"https:\/\/www.bellunopress.it\/#organization"},"potentialAction":[{"@type":"SearchAction","target":{"@type":"EntryPoint","urlTemplate":"https:\/\/www.bellunopress.it\/?s={search_term_string}"},"query-input":{"@type":"PropertyValueSpecification","valueRequired":true,"valueName":"search_term_string"}}],"inLanguage":"fr-FR"},{"@type":"Organization","@id":"https:\/\/www.bellunopress.it\/#organization","name":"Bellunopress","url":"https:\/\/www.bellunopress.it\/","logo":{"@type":"ImageObject","inLanguage":"fr-FR","@id":"https:\/\/www.bellunopress.it\/#\/schema\/logo\/image\/","url":"https:\/\/www.bellunopress.it\/wp-content\/uploads\/2011\/05\/cropped-logo-bellunopress-.jpg","contentUrl":"https:\/\/www.bellunopress.it\/wp-content\/uploads\/2011\/05\/cropped-logo-bellunopress-.jpg","width":512,"height":512,"caption":"Bellunopress"},"image":{"@id":"https:\/\/www.bellunopress.it\/#\/schema\/logo\/image\/"},"sameAs":["https:\/\/www.facebook.com\/profile.php?id=100008943462799","https:\/\/x.com\/bellunopress","https:\/\/www.linkedin.com\/hp\/?dnr=JBzUWaJfMUw8vbXJJ2tVW5-I3jZKvC4wsoxE&amp;amp;amp;amp;amp;amp;trk=nav_responsive_tab_home","https:\/\/www.youtube.com\/channel\/UCxL0wu1uN0_3_7hGG0306cw"]},{"@type":"Person","@id":"https:\/\/www.bellunopress.it\/#\/schema\/person\/79bb06722b37ece1c03d3e94beb30d73","name":"r\u00e9daction","image":{"@type":"ImageObject","inLanguage":"fr-FR","@id":"https:\/\/secure.gravatar.com\/avatar\/37d968a2e67a6fd04c169c4bdef102d0bc5d31b2546345219e348575eb80e9a0?s=96&d=mm&r=g","url":"https:\/\/secure.gravatar.com\/avatar\/37d968a2e67a6fd04c169c4bdef102d0bc5d31b2546345219e348575eb80e9a0?s=96&d=mm&r=g","contentUrl":"https:\/\/secure.gravatar.com\/avatar\/37d968a2e67a6fd04c169c4bdef102d0bc5d31b2546345219e348575eb80e9a0?s=96&d=mm&r=g","caption":"redazione"},"sameAs":["http:\/\/www.bellunopress.it","https:\/\/x.com\/bellunopress"],"url":"https:\/\/www.bellunopress.it\/fr\/author\/redazione\/"}]}},"_links":{"self":[{"href":"https:\/\/www.bellunopress.it\/fr\/wp-json\/wp\/v2\/posts\/163033","targetHints":{"allow":["GET"]}}],"collection":[{"href":"https:\/\/www.bellunopress.it\/fr\/wp-json\/wp\/v2\/posts"}],"about":[{"href":"https:\/\/www.bellunopress.it\/fr\/wp-json\/wp\/v2\/types\/post"}],"author":[{"embeddable":true,"href":"https:\/\/www.bellunopress.it\/fr\/wp-json\/wp\/v2\/users\/2"}],"replies":[{"embeddable":true,"href":"https:\/\/www.bellunopress.it\/fr\/wp-json\/wp\/v2\/comments?post=163033"}],"version-history":[{"count":5,"href":"https:\/\/www.bellunopress.it\/fr\/wp-json\/wp\/v2\/posts\/163033\/revisions"}],"predecessor-version":[{"id":163259,"href":"https:\/\/www.bellunopress.it\/fr\/wp-json\/wp\/v2\/posts\/163033\/revisions\/163259"}],"wp:featuredmedia":[{"embeddable":true,"href":"https:\/\/www.bellunopress.it\/fr\/wp-json\/wp\/v2\/media\/163034"}],"wp:attachment":[{"href":"https:\/\/www.bellunopress.it\/fr\/wp-json\/wp\/v2\/media?parent=163033"}],"wp:term":[{"taxonomy":"category","embeddable":true,"href":"https:\/\/www.bellunopress.it\/fr\/wp-json\/wp\/v2\/categories?post=163033"},{"taxonomy":"post_tag","embeddable":true,"href":"https:\/\/www.bellunopress.it\/fr\/wp-json\/wp\/v2\/tags?post=163033"}],"curies":[{"name":"wp","href":"https:\/\/api.w.org\/{rel}","templated":true}]}}