{"id":163030,"date":"2025-09-05T14:17:29","date_gmt":"2025-09-05T12:17:29","guid":{"rendered":"https:\/\/www.bellunopress.it\/?p=163030"},"modified":"2025-09-05T14:17:29","modified_gmt":"2025-09-05T12:17:29","slug":"firmato-in-provincia-a-belluno-il-protocollo-per-il-riordino-delle-3-nuove-unioni-montane-del-bellunese","status":"publish","type":"post","link":"https:\/\/www.bellunopress.it\/fr\/2025\/09\/05\/firmato-in-provincia-a-belluno-il-protocollo-per-il-riordino-delle-3-nuove-unioni-montane-del-bellunese\/","title":{"rendered":"Firmato in Provincia a Belluno il Protocollo per il riordino delle 3 nuove Unioni Montane del Bellunese"},"content":{"rendered":"<figure id=\"attachment_112875\" aria-describedby=\"caption-attachment-112875\" style=\"width: 900px\" class=\"wp-caption aligncenter\"><img loading=\"lazy\" decoding=\"async\" class=\"size-full wp-image-112875\" src=\"https:\/\/www.bellunopress.it\/wp-content\/uploads\/2020\/03\/palazzo-piloni.jpg\" alt=\"\" width=\"900\" height=\"667\" srcset=\"https:\/\/www.bellunopress.it\/wp-content\/uploads\/2020\/03\/palazzo-piloni.jpg 900w, https:\/\/www.bellunopress.it\/wp-content\/uploads\/2020\/03\/palazzo-piloni-500x371.jpg 500w, https:\/\/www.bellunopress.it\/wp-content\/uploads\/2020\/03\/palazzo-piloni-485x360.jpg 485w, https:\/\/www.bellunopress.it\/wp-content\/uploads\/2020\/03\/palazzo-piloni-696x516.jpg 696w, https:\/\/www.bellunopress.it\/wp-content\/uploads\/2020\/03\/palazzo-piloni-567x420.jpg 567w, https:\/\/www.bellunopress.it\/wp-content\/uploads\/2020\/03\/palazzo-piloni-80x60.jpg 80w\" sizes=\"auto, (max-width: 900px) 100vw, 900px\" \/><figcaption id=\"caption-attachment-112875\" class=\"wp-caption-text\">Palazzo Piloni, sede dell&#8217;amministrazione provinciale<\/figcaption><\/figure>\n<p><strong>Assessore Calzavara, &#8220;Una nuova geografia del perimetro bellunese per dare pi\u00f9 forza e coesione ai territori montani&#8221;<\/strong><br \/>\nBelluno, 5 settembre 2025\u00a0 \u00a0\u00a0Oggi a Palazzo Piloni, sede della Provincia di Belluno, \u00e8 stato sottoscritto il protocollo per il riordino delle Unioni Montane del Bellunese, un passaggio fondamentale nel percorso di riorganizzazione amministrativa dei territori montani del Veneto.<\/p>\n<p>Alla firma, avvenuta alla presenza del presidente della Provincia di Belluno, Roberto Padrin, del presidente di Uncem Veneto, Ennio Vigne, dei sindaci e degli amministratori delle comunit\u00e0 locali, ha partecipato l\u2019Assessore regionale agli Enti Locali, Francesco Calzavara, che ha sottolineato come questo accordo rappresenti \u201cun passo decisivo per rafforzare la capacit\u00e0 amministrativa e di progettazione delle Unioni Montane, garantendo servizi pi\u00f9 efficienti ai cittadini e valorizzando le specificit\u00e0 del territorio\u201d.<\/p>\n<p>Il riordino delle Unioni Montane si inserisce nel quadro complessivo del Piano di Riordino Territoriale (PRT), strumento previsto dalla Legge Regionale n. 18 del 2012, aggiornato nel 2024, con l\u2019obiettivo di semplificare i livelli di governance e rendere pi\u00f9 efficace l\u2019azione degli enti locali.<\/p>\n<p>Il protocollo sottoscritto oggi prevede:<\/p>\n<p>&#8211; la conferma di due delle Unioni Montane esistenti (Feltrina e Agordina);<\/p>\n<p>&#8211; l\u2019aggregazione di realt\u00e0 minori per rafforzarne le capacit\u00e0 operative;<\/p>\n<p>&#8211; la nascita di 3 nuove Unioni Montane nella provincia di Belluno, pi\u00f9 rispondenti alle esigenze delle comunit\u00e0 (Cadore Dolomiti, Medio Bellunese e Valbelluna).<\/p>\n<p>La riorganizzazione tiene conto delle dinamiche demografiche che interessano le aree montane: oltre la met\u00e0 dei Comuni veneti ha meno di 5.000 abitanti e in province come Belluno il calo della popolazione \u00e8 stato particolarmente marcato negli ultimi anni.<\/p>\n<p>\u201cCon questo protocollo \u2013 ha aggiunto l\u2019Assessore Calzavara \u2013 non ci limitiamo a una riorganizzazione amministrativa: stiamo costruendo le condizioni per un futuro in cui le comunit\u00e0 montane possano essere protagoniste delle proprie scelte di crescita, con strumenti pi\u00f9 adeguati e una voce pi\u00f9 forte a livello regionale e nazionale. Con la firma di oggi segniamo l&#8217;avvio dei lavori di un gioco di squadra di un territorio che si presenta coeso di fronte alle sfide che si presentaranno all&#8217;interno del perimetro bellunese affinch\u00e9 torni a essere attrattivo e competitivo. Accanto alle risorse per le Unioni Montane che stipulano i protocolli d&#8217;intesa, circa 250mila euro regionali ciascuna ai quali si sommano anche i fondi dedicati all&#8217;associazionismo, mettiamo persone capaci di dare risposte tempestive alle esigenze dei cittadini locali&#8221;.<\/p>\n<p>Attualmente, in Veneto operano complessivamente 17 Unioni Montane, che gestiscono per conto dei Comuni associati funzioni fondamentali quali protezione civile, catasto, gestione del personale e tributi. Nel solo quinquennio 2020-2024, la Regione ha destinato oltre 18 milioni di euro a sostegno dei processi di associazionismo e fusione tra Comuni, confermando l\u2019impegno a favorire forme di collaborazione che garantiscano sostenibilit\u00e0 finanziaria e qualit\u00e0 dei servizi.<\/p>\n<p>La Regione Veneto, attraverso la Direzione Enti Locali, Procedimenti Elettorali e Grandi Eventi, accompagner\u00e0 ora la fase di attuazione del riordino, sostenendo le nuove Unioni Montane nel percorso di consolidamento istituzionale e operativo.<\/p>\n<p>&nbsp;<\/p>","protected":false},"excerpt":{"rendered":"<p>Assessore Calzavara, &#8220;Una nuova geografia del perimetro bellunese per dare pi\u00f9 forza e coesione ai territori montani&#8221; Belluno, 5 settembre 2025\u00a0 \u00a0\u00a0Oggi a Palazzo Piloni, sede della Provincia di Belluno, \u00e8 stato sottoscritto il protocollo per il riordino delle Unioni Montane del Bellunese, un passaggio fondamentale nel percorso di riorganizzazione amministrativa dei territori montani del [&hellip;]<\/p>\n","protected":false},"author":2,"featured_media":129131,"comment_status":"closed","ping_status":"open","sticky":false,"template":"","format":"standard","meta":{"footnotes":""},"categories":[5,26],"tags":[],"class_list":["post-163030","post","type-post","status-publish","format-standard","has-post-thumbnail","category-cronaca","category-prima-pagina"],"yoast_head":"<!-- This site is optimized with the Yoast SEO plugin v28.4 - https:\/\/yoast.com\/product\/yoast-seo-wordpress\/ -->\n<title>Firmato in Provincia a Belluno il Protocollo per il riordino delle 3 nuove Unioni Montane del Bellunese - Bellunopress - Dolomiti<\/title>\n<meta name=\"robots\" content=\"index, follow, max-snippet:-1, max-image-preview:large, max-video-preview:-1\" \/>\n<link rel=\"canonical\" href=\"https:\/\/www.bellunopress.it\/fr\/2025\/09\/05\/firmato-in-provincia-a-belluno-il-protocollo-per-il-riordino-delle-3-nuove-unioni-montane-del-bellunese\/\" \/>\n<meta property=\"og:locale\" content=\"fr_FR\" \/>\n<meta property=\"og:type\" content=\"article\" \/>\n<meta property=\"og:title\" content=\"Firmato in Provincia a Belluno il Protocollo per il riordino delle 3 nuove Unioni Montane del Bellunese - Bellunopress - Dolomiti\" \/>\n<meta property=\"og:description\" content=\"Assessore Calzavara, &#8220;Una nuova geografia del perimetro bellunese per dare pi\u00f9 forza e coesione ai territori montani&#8221; Belluno, 5 settembre 2025\u00a0 \u00a0\u00a0Oggi a Palazzo Piloni, sede della Provincia di Belluno, \u00e8 stato sottoscritto il protocollo per il riordino delle Unioni Montane del Bellunese, un passaggio fondamentale nel percorso di riorganizzazione amministrativa dei territori montani del [&hellip;]\" \/>\n<meta property=\"og:url\" content=\"https:\/\/www.bellunopress.it\/fr\/2025\/09\/05\/firmato-in-provincia-a-belluno-il-protocollo-per-il-riordino-delle-3-nuove-unioni-montane-del-bellunese\/\" \/>\n<meta property=\"og:site_name\" content=\"Bellunopress - Dolomiti\" \/>\n<meta property=\"article:publisher\" content=\"https:\/\/www.facebook.com\/profile.php?id=100008943462799\" \/>\n<meta property=\"article:published_time\" content=\"2025-09-05T12:17:29+00:00\" \/>\n<meta property=\"og:image\" content=\"https:\/\/www.bellunopress.it\/wp-content\/uploads\/2021\/11\/Palazzo-PIloni-sede-Provincia_edited.jpg\" \/>\n\t<meta property=\"og:image:width\" content=\"800\" \/>\n\t<meta property=\"og:image:height\" content=\"515\" \/>\n\t<meta property=\"og:image:type\" content=\"image\/jpeg\" \/>\n<meta name=\"author\" content=\"redazione\" \/>\n<meta name=\"twitter:card\" content=\"summary_large_image\" \/>\n<meta name=\"twitter:creator\" content=\"@bellunopress\" \/>\n<meta name=\"twitter:site\" content=\"@bellunopress\" \/>\n<meta name=\"twitter:label1\" content=\"Written by\" \/>\n\t<meta name=\"twitter:data1\" content=\"redazione\" \/>\n\t<meta name=\"twitter:label2\" content=\"Est. reading time\" \/>\n\t<meta name=\"twitter:data2\" content=\"2 minutes\" \/>\n<script type=\"application\/ld+json\" class=\"yoast-schema-graph\">{\"@context\":\"https:\\\/\\\/schema.org\",\"@graph\":[{\"@type\":\"Article\",\"@id\":\"https:\\\/\\\/www.bellunopress.it\\\/2025\\\/09\\\/05\\\/firmato-in-provincia-a-belluno-il-protocollo-per-il-riordino-delle-3-nuove-unioni-montane-del-bellunese\\\/#article\",\"isPartOf\":{\"@id\":\"https:\\\/\\\/www.bellunopress.it\\\/2025\\\/09\\\/05\\\/firmato-in-provincia-a-belluno-il-protocollo-per-il-riordino-delle-3-nuove-unioni-montane-del-bellunese\\\/\"},\"author\":{\"name\":\"redazione\",\"@id\":\"https:\\\/\\\/www.bellunopress.it\\\/#\\\/schema\\\/person\\\/79bb06722b37ece1c03d3e94beb30d73\"},\"headline\":\"Firmato in Provincia a Belluno il Protocollo per il riordino delle 3 nuove Unioni Montane del Bellunese\",\"datePublished\":\"2025-09-05T12:17:29+00:00\",\"mainEntityOfPage\":{\"@id\":\"https:\\\/\\\/www.bellunopress.it\\\/2025\\\/09\\\/05\\\/firmato-in-provincia-a-belluno-il-protocollo-per-il-riordino-delle-3-nuove-unioni-montane-del-bellunese\\\/\"},\"wordCount\":511,\"publisher\":{\"@id\":\"https:\\\/\\\/www.bellunopress.it\\\/#organization\"},\"image\":{\"@id\":\"https:\\\/\\\/www.bellunopress.it\\\/2025\\\/09\\\/05\\\/firmato-in-provincia-a-belluno-il-protocollo-per-il-riordino-delle-3-nuove-unioni-montane-del-bellunese\\\/#primaryimage\"},\"thumbnailUrl\":\"https:\\\/\\\/www.bellunopress.it\\\/wp-content\\\/uploads\\\/2021\\\/11\\\/Palazzo-PIloni-sede-Provincia_edited.jpg\",\"articleSection\":[\"Cronaca\\\/Politica\",\"Prima Pagina\"],\"inLanguage\":\"fr-FR\"},{\"@type\":\"WebPage\",\"@id\":\"https:\\\/\\\/www.bellunopress.it\\\/2025\\\/09\\\/05\\\/firmato-in-provincia-a-belluno-il-protocollo-per-il-riordino-delle-3-nuove-unioni-montane-del-bellunese\\\/\",\"url\":\"https:\\\/\\\/www.bellunopress.it\\\/2025\\\/09\\\/05\\\/firmato-in-provincia-a-belluno-il-protocollo-per-il-riordino-delle-3-nuove-unioni-montane-del-bellunese\\\/\",\"name\":\"Firmato in Provincia a Belluno il Protocollo per il riordino delle 3 nuove Unioni Montane del Bellunese - Bellunopress - Dolomiti\",\"isPartOf\":{\"@id\":\"https:\\\/\\\/www.bellunopress.it\\\/#website\"},\"primaryImageOfPage\":{\"@id\":\"https:\\\/\\\/www.bellunopress.it\\\/2025\\\/09\\\/05\\\/firmato-in-provincia-a-belluno-il-protocollo-per-il-riordino-delle-3-nuove-unioni-montane-del-bellunese\\\/#primaryimage\"},\"image\":{\"@id\":\"https:\\\/\\\/www.bellunopress.it\\\/2025\\\/09\\\/05\\\/firmato-in-provincia-a-belluno-il-protocollo-per-il-riordino-delle-3-nuove-unioni-montane-del-bellunese\\\/#primaryimage\"},\"thumbnailUrl\":\"https:\\\/\\\/www.bellunopress.it\\\/wp-content\\\/uploads\\\/2021\\\/11\\\/Palazzo-PIloni-sede-Provincia_edited.jpg\",\"datePublished\":\"2025-09-05T12:17:29+00:00\",\"breadcrumb\":{\"@id\":\"https:\\\/\\\/www.bellunopress.it\\\/2025\\\/09\\\/05\\\/firmato-in-provincia-a-belluno-il-protocollo-per-il-riordino-delle-3-nuove-unioni-montane-del-bellunese\\\/#breadcrumb\"},\"inLanguage\":\"fr-FR\",\"potentialAction\":[{\"@type\":\"ReadAction\",\"target\":[\"https:\\\/\\\/www.bellunopress.it\\\/2025\\\/09\\\/05\\\/firmato-in-provincia-a-belluno-il-protocollo-per-il-riordino-delle-3-nuove-unioni-montane-del-bellunese\\\/\"]}]},{\"@type\":\"ImageObject\",\"inLanguage\":\"fr-FR\",\"@id\":\"https:\\\/\\\/www.bellunopress.it\\\/2025\\\/09\\\/05\\\/firmato-in-provincia-a-belluno-il-protocollo-per-il-riordino-delle-3-nuove-unioni-montane-del-bellunese\\\/#primaryimage\",\"url\":\"https:\\\/\\\/www.bellunopress.it\\\/wp-content\\\/uploads\\\/2021\\\/11\\\/Palazzo-PIloni-sede-Provincia_edited.jpg\",\"contentUrl\":\"https:\\\/\\\/www.bellunopress.it\\\/wp-content\\\/uploads\\\/2021\\\/11\\\/Palazzo-PIloni-sede-Provincia_edited.jpg\",\"width\":800,\"height\":515,\"caption\":\"Palazzo Piloni, sede della Provincia\"},{\"@type\":\"BreadcrumbList\",\"@id\":\"https:\\\/\\\/www.bellunopress.it\\\/2025\\\/09\\\/05\\\/firmato-in-provincia-a-belluno-il-protocollo-per-il-riordino-delle-3-nuove-unioni-montane-del-bellunese\\\/#breadcrumb\",\"itemListElement\":[{\"@type\":\"ListItem\",\"position\":1,\"name\":\"Home\",\"item\":\"https:\\\/\\\/www.bellunopress.it\\\/\"},{\"@type\":\"ListItem\",\"position\":2,\"name\":\"Firmato in Provincia a Belluno il Protocollo per il riordino delle 3 nuove Unioni Montane del Bellunese\"}]},{\"@type\":\"WebSite\",\"@id\":\"https:\\\/\\\/www.bellunopress.it\\\/#website\",\"url\":\"https:\\\/\\\/www.bellunopress.it\\\/\",\"name\":\"Bellunopress - Dolomiti\",\"description\":\"e-mail: redazione@bellunopress.it\",\"publisher\":{\"@id\":\"https:\\\/\\\/www.bellunopress.it\\\/#organization\"},\"potentialAction\":[{\"@type\":\"SearchAction\",\"target\":{\"@type\":\"EntryPoint\",\"urlTemplate\":\"https:\\\/\\\/www.bellunopress.it\\\/?s={search_term_string}\"},\"query-input\":{\"@type\":\"PropertyValueSpecification\",\"valueRequired\":true,\"valueName\":\"search_term_string\"}}],\"inLanguage\":\"fr-FR\"},{\"@type\":\"Organization\",\"@id\":\"https:\\\/\\\/www.bellunopress.it\\\/#organization\",\"name\":\"Bellunopress\",\"url\":\"https:\\\/\\\/www.bellunopress.it\\\/\",\"logo\":{\"@type\":\"ImageObject\",\"inLanguage\":\"fr-FR\",\"@id\":\"https:\\\/\\\/www.bellunopress.it\\\/#\\\/schema\\\/logo\\\/image\\\/\",\"url\":\"https:\\\/\\\/www.bellunopress.it\\\/wp-content\\\/uploads\\\/2011\\\/05\\\/cropped-logo-bellunopress-.jpg\",\"contentUrl\":\"https:\\\/\\\/www.bellunopress.it\\\/wp-content\\\/uploads\\\/2011\\\/05\\\/cropped-logo-bellunopress-.jpg\",\"width\":512,\"height\":512,\"caption\":\"Bellunopress\"},\"image\":{\"@id\":\"https:\\\/\\\/www.bellunopress.it\\\/#\\\/schema\\\/logo\\\/image\\\/\"},\"sameAs\":[\"https:\\\/\\\/www.facebook.com\\\/profile.php?id=100008943462799\",\"https:\\\/\\\/x.com\\\/bellunopress\",\"https:\\\/\\\/www.linkedin.com\\\/hp\\\/?dnr=JBzUWaJfMUw8vbXJJ2tVW5-I3jZKvC4wsoxE&amp;amp;amp;amp;amp;amp;trk=nav_responsive_tab_home\",\"https:\\\/\\\/www.youtube.com\\\/channel\\\/UCxL0wu1uN0_3_7hGG0306cw\"]},{\"@type\":\"Person\",\"@id\":\"https:\\\/\\\/www.bellunopress.it\\\/#\\\/schema\\\/person\\\/79bb06722b37ece1c03d3e94beb30d73\",\"name\":\"redazione\",\"image\":{\"@type\":\"ImageObject\",\"inLanguage\":\"fr-FR\",\"@id\":\"https:\\\/\\\/secure.gravatar.com\\\/avatar\\\/37d968a2e67a6fd04c169c4bdef102d0bc5d31b2546345219e348575eb80e9a0?s=96&d=mm&r=g\",\"url\":\"https:\\\/\\\/secure.gravatar.com\\\/avatar\\\/37d968a2e67a6fd04c169c4bdef102d0bc5d31b2546345219e348575eb80e9a0?s=96&d=mm&r=g\",\"contentUrl\":\"https:\\\/\\\/secure.gravatar.com\\\/avatar\\\/37d968a2e67a6fd04c169c4bdef102d0bc5d31b2546345219e348575eb80e9a0?s=96&d=mm&r=g\",\"caption\":\"redazione\"},\"sameAs\":[\"http:\\\/\\\/www.bellunopress.it\",\"https:\\\/\\\/x.com\\\/bellunopress\"],\"url\":\"https:\\\/\\\/www.bellunopress.it\\\/fr\\\/author\\\/redazione\\\/\"}]}<\/script>\n<!-- \/ Yoast SEO plugin. -->","yoast_head_json":{"title":"Firmato in Provincia a Belluno il Protocollo per il riordino delle 3 nuove Unioni Montane del Bellunese - Bellunopress - Dolomiti","robots":{"index":"index","follow":"follow","max-snippet":"max-snippet:-1","max-image-preview":"max-image-preview:large","max-video-preview":"max-video-preview:-1"},"canonical":"https:\/\/www.bellunopress.it\/fr\/2025\/09\/05\/firmato-in-provincia-a-belluno-il-protocollo-per-il-riordino-delle-3-nuove-unioni-montane-del-bellunese\/","og_locale":"fr_FR","og_type":"article","og_title":"Firmato in Provincia a Belluno il Protocollo per il riordino delle 3 nuove Unioni Montane del Bellunese - Bellunopress - Dolomiti","og_description":"Assessore Calzavara, &#8220;Una nuova geografia del perimetro bellunese per dare pi\u00f9 forza e coesione ai territori montani&#8221; Belluno, 5 settembre 2025\u00a0 \u00a0\u00a0Oggi a Palazzo Piloni, sede della Provincia di Belluno, \u00e8 stato sottoscritto il protocollo per il riordino delle Unioni Montane del Bellunese, un passaggio fondamentale nel percorso di riorganizzazione amministrativa dei territori montani del [&hellip;]","og_url":"https:\/\/www.bellunopress.it\/fr\/2025\/09\/05\/firmato-in-provincia-a-belluno-il-protocollo-per-il-riordino-delle-3-nuove-unioni-montane-del-bellunese\/","og_site_name":"Bellunopress - Dolomiti","article_publisher":"https:\/\/www.facebook.com\/profile.php?id=100008943462799","article_published_time":"2025-09-05T12:17:29+00:00","og_image":[{"width":800,"height":515,"url":"https:\/\/www.bellunopress.it\/wp-content\/uploads\/2021\/11\/Palazzo-PIloni-sede-Provincia_edited.jpg","type":"image\/jpeg"}],"author":"redazione","twitter_card":"summary_large_image","twitter_creator":"@bellunopress","twitter_site":"@bellunopress","twitter_misc":{"Written by":"redazione","Est. reading time":"2 minutes"},"schema":{"@context":"https:\/\/schema.org","@graph":[{"@type":"Article","@id":"https:\/\/www.bellunopress.it\/2025\/09\/05\/firmato-in-provincia-a-belluno-il-protocollo-per-il-riordino-delle-3-nuove-unioni-montane-del-bellunese\/#article","isPartOf":{"@id":"https:\/\/www.bellunopress.it\/2025\/09\/05\/firmato-in-provincia-a-belluno-il-protocollo-per-il-riordino-delle-3-nuove-unioni-montane-del-bellunese\/"},"author":{"name":"redazione","@id":"https:\/\/www.bellunopress.it\/#\/schema\/person\/79bb06722b37ece1c03d3e94beb30d73"},"headline":"Firmato in Provincia a Belluno il Protocollo per il riordino delle 3 nuove Unioni Montane del Bellunese","datePublished":"2025-09-05T12:17:29+00:00","mainEntityOfPage":{"@id":"https:\/\/www.bellunopress.it\/2025\/09\/05\/firmato-in-provincia-a-belluno-il-protocollo-per-il-riordino-delle-3-nuove-unioni-montane-del-bellunese\/"},"wordCount":511,"publisher":{"@id":"https:\/\/www.bellunopress.it\/#organization"},"image":{"@id":"https:\/\/www.bellunopress.it\/2025\/09\/05\/firmato-in-provincia-a-belluno-il-protocollo-per-il-riordino-delle-3-nuove-unioni-montane-del-bellunese\/#primaryimage"},"thumbnailUrl":"https:\/\/www.bellunopress.it\/wp-content\/uploads\/2021\/11\/Palazzo-PIloni-sede-Provincia_edited.jpg","articleSection":["Cronaca\/Politica","Prima Pagina"],"inLanguage":"fr-FR"},{"@type":"WebPage","@id":"https:\/\/www.bellunopress.it\/2025\/09\/05\/firmato-in-provincia-a-belluno-il-protocollo-per-il-riordino-delle-3-nuove-unioni-montane-del-bellunese\/","url":"https:\/\/www.bellunopress.it\/2025\/09\/05\/firmato-in-provincia-a-belluno-il-protocollo-per-il-riordino-delle-3-nuove-unioni-montane-del-bellunese\/","name":"Firmato in Provincia a Belluno il Protocollo per il riordino delle 3 nuove Unioni Montane del Bellunese - Bellunopress - Dolomiti","isPartOf":{"@id":"https:\/\/www.bellunopress.it\/#website"},"primaryImageOfPage":{"@id":"https:\/\/www.bellunopress.it\/2025\/09\/05\/firmato-in-provincia-a-belluno-il-protocollo-per-il-riordino-delle-3-nuove-unioni-montane-del-bellunese\/#primaryimage"},"image":{"@id":"https:\/\/www.bellunopress.it\/2025\/09\/05\/firmato-in-provincia-a-belluno-il-protocollo-per-il-riordino-delle-3-nuove-unioni-montane-del-bellunese\/#primaryimage"},"thumbnailUrl":"https:\/\/www.bellunopress.it\/wp-content\/uploads\/2021\/11\/Palazzo-PIloni-sede-Provincia_edited.jpg","datePublished":"2025-09-05T12:17:29+00:00","breadcrumb":{"@id":"https:\/\/www.bellunopress.it\/2025\/09\/05\/firmato-in-provincia-a-belluno-il-protocollo-per-il-riordino-delle-3-nuove-unioni-montane-del-bellunese\/#breadcrumb"},"inLanguage":"fr-FR","potentialAction":[{"@type":"ReadAction","target":["https:\/\/www.bellunopress.it\/2025\/09\/05\/firmato-in-provincia-a-belluno-il-protocollo-per-il-riordino-delle-3-nuove-unioni-montane-del-bellunese\/"]}]},{"@type":"ImageObject","inLanguage":"fr-FR","@id":"https:\/\/www.bellunopress.it\/2025\/09\/05\/firmato-in-provincia-a-belluno-il-protocollo-per-il-riordino-delle-3-nuove-unioni-montane-del-bellunese\/#primaryimage","url":"https:\/\/www.bellunopress.it\/wp-content\/uploads\/2021\/11\/Palazzo-PIloni-sede-Provincia_edited.jpg","contentUrl":"https:\/\/www.bellunopress.it\/wp-content\/uploads\/2021\/11\/Palazzo-PIloni-sede-Provincia_edited.jpg","width":800,"height":515,"caption":"Palazzo Piloni, sede della Provincia"},{"@type":"BreadcrumbList","@id":"https:\/\/www.bellunopress.it\/2025\/09\/05\/firmato-in-provincia-a-belluno-il-protocollo-per-il-riordino-delle-3-nuove-unioni-montane-del-bellunese\/#breadcrumb","itemListElement":[{"@type":"ListItem","position":1,"name":"Home","item":"https:\/\/www.bellunopress.it\/"},{"@type":"ListItem","position":2,"name":"Firmato in Provincia a Belluno il Protocollo per il riordino delle 3 nuove Unioni Montane del Bellunese"}]},{"@type":"WebSite","@id":"https:\/\/www.bellunopress.it\/#website","url":"https:\/\/www.bellunopress.it\/","name":"Bellunopress - Dolomiti","description":"e-mail: redazione@bellunopress.it","publisher":{"@id":"https:\/\/www.bellunopress.it\/#organization"},"potentialAction":[{"@type":"SearchAction","target":{"@type":"EntryPoint","urlTemplate":"https:\/\/www.bellunopress.it\/?s={search_term_string}"},"query-input":{"@type":"PropertyValueSpecification","valueRequired":true,"valueName":"search_term_string"}}],"inLanguage":"fr-FR"},{"@type":"Organization","@id":"https:\/\/www.bellunopress.it\/#organization","name":"Bellunopress","url":"https:\/\/www.bellunopress.it\/","logo":{"@type":"ImageObject","inLanguage":"fr-FR","@id":"https:\/\/www.bellunopress.it\/#\/schema\/logo\/image\/","url":"https:\/\/www.bellunopress.it\/wp-content\/uploads\/2011\/05\/cropped-logo-bellunopress-.jpg","contentUrl":"https:\/\/www.bellunopress.it\/wp-content\/uploads\/2011\/05\/cropped-logo-bellunopress-.jpg","width":512,"height":512,"caption":"Bellunopress"},"image":{"@id":"https:\/\/www.bellunopress.it\/#\/schema\/logo\/image\/"},"sameAs":["https:\/\/www.facebook.com\/profile.php?id=100008943462799","https:\/\/x.com\/bellunopress","https:\/\/www.linkedin.com\/hp\/?dnr=JBzUWaJfMUw8vbXJJ2tVW5-I3jZKvC4wsoxE&amp;amp;amp;amp;amp;amp;trk=nav_responsive_tab_home","https:\/\/www.youtube.com\/channel\/UCxL0wu1uN0_3_7hGG0306cw"]},{"@type":"Person","@id":"https:\/\/www.bellunopress.it\/#\/schema\/person\/79bb06722b37ece1c03d3e94beb30d73","name":"r\u00e9daction","image":{"@type":"ImageObject","inLanguage":"fr-FR","@id":"https:\/\/secure.gravatar.com\/avatar\/37d968a2e67a6fd04c169c4bdef102d0bc5d31b2546345219e348575eb80e9a0?s=96&d=mm&r=g","url":"https:\/\/secure.gravatar.com\/avatar\/37d968a2e67a6fd04c169c4bdef102d0bc5d31b2546345219e348575eb80e9a0?s=96&d=mm&r=g","contentUrl":"https:\/\/secure.gravatar.com\/avatar\/37d968a2e67a6fd04c169c4bdef102d0bc5d31b2546345219e348575eb80e9a0?s=96&d=mm&r=g","caption":"redazione"},"sameAs":["http:\/\/www.bellunopress.it","https:\/\/x.com\/bellunopress"],"url":"https:\/\/www.bellunopress.it\/fr\/author\/redazione\/"}]}},"_links":{"self":[{"href":"https:\/\/www.bellunopress.it\/fr\/wp-json\/wp\/v2\/posts\/163030","targetHints":{"allow":["GET"]}}],"collection":[{"href":"https:\/\/www.bellunopress.it\/fr\/wp-json\/wp\/v2\/posts"}],"about":[{"href":"https:\/\/www.bellunopress.it\/fr\/wp-json\/wp\/v2\/types\/post"}],"author":[{"embeddable":true,"href":"https:\/\/www.bellunopress.it\/fr\/wp-json\/wp\/v2\/users\/2"}],"replies":[{"embeddable":true,"href":"https:\/\/www.bellunopress.it\/fr\/wp-json\/wp\/v2\/comments?post=163030"}],"version-history":[{"count":1,"href":"https:\/\/www.bellunopress.it\/fr\/wp-json\/wp\/v2\/posts\/163030\/revisions"}],"predecessor-version":[{"id":163031,"href":"https:\/\/www.bellunopress.it\/fr\/wp-json\/wp\/v2\/posts\/163030\/revisions\/163031"}],"wp:featuredmedia":[{"embeddable":true,"href":"https:\/\/www.bellunopress.it\/fr\/wp-json\/wp\/v2\/media\/129131"}],"wp:attachment":[{"href":"https:\/\/www.bellunopress.it\/fr\/wp-json\/wp\/v2\/media?parent=163030"}],"wp:term":[{"taxonomy":"category","embeddable":true,"href":"https:\/\/www.bellunopress.it\/fr\/wp-json\/wp\/v2\/categories?post=163030"},{"taxonomy":"post_tag","embeddable":true,"href":"https:\/\/www.bellunopress.it\/fr\/wp-json\/wp\/v2\/tags?post=163030"}],"curies":[{"name":"wp","href":"https:\/\/api.w.org\/{rel}","templated":true}]}}