{"id":163029,"date":"2025-09-05T14:35:15","date_gmt":"2025-09-05T12:35:15","guid":{"rendered":"https:\/\/www.bellunopress.it\/?p=163029"},"modified":"2025-09-05T14:35:15","modified_gmt":"2025-09-05T12:35:15","slug":"lassessore-caner-agli-80-anni-di-confagricoltura-belluno","status":"publish","type":"post","link":"https:\/\/www.bellunopress.it\/fr\/2025\/09\/05\/lassessore-caner-agli-80-anni-di-confagricoltura-belluno\/","title":{"rendered":"L&#8217;assessore Caner agli 80 anni di Confagricoltura Belluno"},"content":{"rendered":"<figure id=\"attachment_98275\" aria-describedby=\"caption-attachment-98275\" style=\"width: 212px\" class=\"wp-caption aligncenter\"><img loading=\"lazy\" decoding=\"async\" class=\"size-full wp-image-98275\" src=\"https:\/\/www.bellunopress.it\/wp-content\/uploads\/2018\/09\/Caner.jpg\" alt=\"\" width=\"212\" height=\"300\" \/><figcaption id=\"caption-attachment-98275\" class=\"wp-caption-text\">Federico Caner, assessore regionale<\/figcaption><\/figure>\n<p>Belluno, 5 settembre 2025\u00a0 &#8211;\u00a0 \u00a0\u201cCelebrare oggi gli 80 anni di Confagricoltura Belluno significa rendere omaggio non solo a una storia associativa, ma al cuore pulsante della nostra montagna: i suoi agricoltori, le loro famiglie, le aziende che ogni giorno coniugano tradizione, innovazione e custodia del territorio\u201d.<\/p>\n<p>Con queste parole l\u2019assessore regionale al Turismo e all\u2019Agricoltura, Federico Caner, \u00e8 intervenuto alla cerimonia per gli ottant\u2019anni di Confagricoltura Belluno; all\u2019evento ha presenziato anche il presidente nazionale Massimiliano Giansanti.<\/p>\n<p>\u201cBelluno \u2013 ha sottolineato Caner \u2013 \u00e8 un territorio naturalmente vocato alla zootecnia, con prati e pascoli che non solo producono latte e carne di qualit\u00e0, ma presidiano i pendii pi\u00f9 alti e preservano la bellezza del paesaggio. La provincia conta il 10% delle stalle venete ma solo il 5% dei capi da latte: un dato che racconta la forza delle piccole aziende, indispensabili per la cura del territorio. Accanto a queste realt\u00e0 operano 84 caseifici (di cui 69 trasformano latte proprio e vendono direttamente), 60 operatori PPL, 51 prodotti agroalimentari tradizionali e 175 malghe: luoghi di produzione, ma anche di turismo e cultura, accanto a 195 strutture agrituristiche, 97 con alloggio e 48 malghe attive. Dietro questi numeri ci sono storie di famiglie, presidio ambientale e una capacit\u00e0 unica di coniugare tradizione e innovazione\u201d.<\/p>\n<p>Ha aggiunto l\u2019assessore Caner: \u201cLa Regione Veneto ha messo in campo risorse significative per l\u2019agricoltura montana, di cui Belluno rappresenta la parte pi\u00f9 rilevante, grazie ai fondi CSR 2023-2027 per lo sviluppo rurale: 1.340 aziende beneficiarie dell\u2019indennit\u00e0 compensativa, pari al 38% del totale Veneto, per 6,4 milioni di euro e una superficie di 28.700 ettari (44% del Veneto); 1.050 aziende che hanno aderito a misure agroambientali di gestione prati e pascoli permanenti, con 2,3 milioni di euro di aiuti e 31.880 ettari coinvolti (35% del Veneto); 93 aziende agricole finanziate (2023-2024) con 6 milioni di euro per investimenti strutturali; 28 giovani agricoltori insediati nel biennio 2023-2024 con un aiuto di 4 milioni di euro; 5 imprese agroindustriali sostenute nel 2023 con 864.000 euro\u201d.<\/p>\n<p>L\u2019assessore Caner ha poi annunciato che sono gi\u00e0 pronti ulteriori bandi del CSR: 23 milioni di euro per investimenti aziendali di cui 4,75 milioni riservati alla montagna; 4,3 milioni per la promozione dei prodotti DOP, IGP e di montagna; 14 milioni per l\u2019insediamento di giovani agricoltori (3,5 milioni riservati alla montagna), con ulteriori 22 milioni per i loro investimenti; 33 milioni per investimenti agroindustriali di cui 450.000 euro dedicati alle PMI casearie di montagna. Due i bandi specifici per le malghe che caseificano: 1 milione di euro per le malghe pubbliche (contributo fino al 90%) per il miglioramento igienico-sanitario ed efficientamento energetico; 900.000 euro per le malghe private con contributo fino al 90% per attrezzature e strutture innovative.<\/p>\n<p>\u201cBelluno \u00e8 terra di eccellenze riconosciute e amate \u2013 ha proseguito Caner \u2013: il fagiolo di Lamon IGP che nel 2026 festegger\u00e0 i 30 anni dal riconoscimento europeo; il miele delle Dolomiti bellunesi DOP che celebra 15 anni dalla registrazione; il formaggio Piave DOP anch\u2019esso a 15 anni dal riconoscimento europeo. A queste si aggiungono i pres\u00ecdi Slow Food \u2013 Agnello dell\u2019Alpago, Fagiolo Gial\u00e9t, Antico Orzo delle Valli Bellunesi, formaggi di malga dell\u2019Agordino \u2013 e una viticoltura in rinascita, con variet\u00e0 resistenti coltivate anche oltre i 700 metri di altitudine\u201d.<\/p>\n<p>Il valore delle produzioni agricole cresce ulteriormente se integrato con il turismo: \u201cIl nuovo Programma Regionale per il Turismo 2025-2027 \u2013 ha ricordato l\u2019assessore \u2013 e il Piano Turistico Annuale 2025 puntano a un\u2019identit\u00e0 unitaria e riconoscibile del Veneto. Il marchio Veneto \u2013 The Land of Venice diventer\u00e0 la cornice dentro cui inserire i marchi derivati della filiera agroalimentare. Non solo etichette, ma un filo rosso capace di unire agricoltura, ospitalit\u00e0 e artigianato in un racconto coerente e competitivo a livello internazionale. Per Belluno questo significa poter sviluppare percorsi esperienziali integrati: malghe, agriturismi, cantine, fattorie didattiche, itinerari escursionistici e cicloturistici legati ai sapori e alle storie del territorio\u201d.<\/p>\n<p>\u201cConfagricoltura Belluno \u2013 ha concluso l\u2019assessore \u2013 in questi 80 anni ha rappresentato un presidio fondamentale per le aziende e per la comunit\u00e0. La Regione continuer\u00e0 a essere al vostro fianco, perch\u00e9 agricoltura e turismo insieme sono la chiave per uno sviluppo sostenibile, competitivo e profondamente legato all\u2019identit\u00e0 del nostro Veneto\u201d.<\/p>\n<p>&nbsp;<\/p>","protected":false},"excerpt":{"rendered":"<p>Belluno, 5 settembre 2025\u00a0 &#8211;\u00a0 \u00a0\u201cCelebrare oggi gli 80 anni di Confagricoltura Belluno significa rendere omaggio non solo a una storia associativa, ma al cuore pulsante della nostra montagna: i suoi agricoltori, le loro famiglie, le aziende che ogni giorno coniugano tradizione, innovazione e custodia del territorio\u201d. Con queste parole l\u2019assessore regionale al Turismo e [&hellip;]<\/p>\n","protected":false},"author":2,"featured_media":139751,"comment_status":"closed","ping_status":"open","sticky":false,"template":"","format":"standard","meta":{"footnotes":""},"categories":[5],"tags":[],"class_list":["post-163029","post","type-post","status-publish","format-standard","has-post-thumbnail","category-cronaca"],"yoast_head":"<!-- This site is optimized with the Yoast SEO plugin v28.4 - https:\/\/yoast.com\/product\/yoast-seo-wordpress\/ -->\n<title>L&#039;assessore Caner agli 80 anni di Confagricoltura Belluno - Bellunopress - Dolomiti<\/title>\n<meta name=\"robots\" content=\"index, follow, max-snippet:-1, max-image-preview:large, max-video-preview:-1\" \/>\n<link rel=\"canonical\" href=\"https:\/\/www.bellunopress.it\/fr\/2025\/09\/05\/lassessore-caner-agli-80-anni-di-confagricoltura-belluno\/\" \/>\n<meta property=\"og:locale\" content=\"fr_FR\" \/>\n<meta property=\"og:type\" content=\"article\" \/>\n<meta property=\"og:title\" content=\"L&#039;assessore Caner agli 80 anni di Confagricoltura Belluno - Bellunopress - Dolomiti\" \/>\n<meta property=\"og:description\" content=\"Belluno, 5 settembre 2025\u00a0 &#8211;\u00a0 \u00a0\u201cCelebrare oggi gli 80 anni di Confagricoltura Belluno significa rendere omaggio non solo a una storia associativa, ma al cuore pulsante della nostra montagna: i suoi agricoltori, le loro famiglie, le aziende che ogni giorno coniugano tradizione, innovazione e custodia del territorio\u201d. Con queste parole l\u2019assessore regionale al Turismo e [&hellip;]\" \/>\n<meta property=\"og:url\" content=\"https:\/\/www.bellunopress.it\/fr\/2025\/09\/05\/lassessore-caner-agli-80-anni-di-confagricoltura-belluno\/\" \/>\n<meta property=\"og:site_name\" content=\"Bellunopress - Dolomiti\" \/>\n<meta property=\"article:publisher\" content=\"https:\/\/www.facebook.com\/profile.php?id=100008943462799\" \/>\n<meta property=\"article:published_time\" content=\"2025-09-05T12:35:15+00:00\" \/>\n<meta property=\"og:image\" content=\"https:\/\/www.bellunopress.it\/wp-content\/uploads\/2023\/02\/Caner_edited.jpg\" \/>\n\t<meta property=\"og:image:width\" content=\"1000\" \/>\n\t<meta property=\"og:image:height\" content=\"673\" \/>\n\t<meta property=\"og:image:type\" content=\"image\/jpeg\" \/>\n<meta name=\"author\" content=\"redazione\" \/>\n<meta name=\"twitter:card\" content=\"summary_large_image\" \/>\n<meta name=\"twitter:creator\" content=\"@bellunopress\" \/>\n<meta name=\"twitter:site\" content=\"@bellunopress\" \/>\n<meta name=\"twitter:label1\" content=\"\u00c9crit par\" \/>\n\t<meta name=\"twitter:data1\" content=\"redazione\" \/>\n\t<meta name=\"twitter:label2\" content=\"Dur\u00e9e de lecture estim\u00e9e\" \/>\n\t<meta name=\"twitter:data2\" content=\"3 minutes\" \/>\n<script type=\"application\/ld+json\" class=\"yoast-schema-graph\">{\"@context\":\"https:\\\/\\\/schema.org\",\"@graph\":[{\"@type\":\"Article\",\"@id\":\"https:\\\/\\\/www.bellunopress.it\\\/2025\\\/09\\\/05\\\/lassessore-caner-agli-80-anni-di-confagricoltura-belluno\\\/#article\",\"isPartOf\":{\"@id\":\"https:\\\/\\\/www.bellunopress.it\\\/2025\\\/09\\\/05\\\/lassessore-caner-agli-80-anni-di-confagricoltura-belluno\\\/\"},\"author\":{\"name\":\"redazione\",\"@id\":\"https:\\\/\\\/www.bellunopress.it\\\/#\\\/schema\\\/person\\\/79bb06722b37ece1c03d3e94beb30d73\"},\"headline\":\"L&#8217;assessore Caner agli 80 anni di Confagricoltura Belluno\",\"datePublished\":\"2025-09-05T12:35:15+00:00\",\"mainEntityOfPage\":{\"@id\":\"https:\\\/\\\/www.bellunopress.it\\\/2025\\\/09\\\/05\\\/lassessore-caner-agli-80-anni-di-confagricoltura-belluno\\\/\"},\"wordCount\":678,\"publisher\":{\"@id\":\"https:\\\/\\\/www.bellunopress.it\\\/#organization\"},\"image\":{\"@id\":\"https:\\\/\\\/www.bellunopress.it\\\/2025\\\/09\\\/05\\\/lassessore-caner-agli-80-anni-di-confagricoltura-belluno\\\/#primaryimage\"},\"thumbnailUrl\":\"https:\\\/\\\/www.bellunopress.it\\\/wp-content\\\/uploads\\\/2023\\\/02\\\/Caner_edited.jpg\",\"articleSection\":[\"Cronaca\\\/Politica\"],\"inLanguage\":\"fr-FR\"},{\"@type\":\"WebPage\",\"@id\":\"https:\\\/\\\/www.bellunopress.it\\\/2025\\\/09\\\/05\\\/lassessore-caner-agli-80-anni-di-confagricoltura-belluno\\\/\",\"url\":\"https:\\\/\\\/www.bellunopress.it\\\/2025\\\/09\\\/05\\\/lassessore-caner-agli-80-anni-di-confagricoltura-belluno\\\/\",\"name\":\"L'assessore Caner agli 80 anni di Confagricoltura Belluno - Bellunopress - Dolomiti\",\"isPartOf\":{\"@id\":\"https:\\\/\\\/www.bellunopress.it\\\/#website\"},\"primaryImageOfPage\":{\"@id\":\"https:\\\/\\\/www.bellunopress.it\\\/2025\\\/09\\\/05\\\/lassessore-caner-agli-80-anni-di-confagricoltura-belluno\\\/#primaryimage\"},\"image\":{\"@id\":\"https:\\\/\\\/www.bellunopress.it\\\/2025\\\/09\\\/05\\\/lassessore-caner-agli-80-anni-di-confagricoltura-belluno\\\/#primaryimage\"},\"thumbnailUrl\":\"https:\\\/\\\/www.bellunopress.it\\\/wp-content\\\/uploads\\\/2023\\\/02\\\/Caner_edited.jpg\",\"datePublished\":\"2025-09-05T12:35:15+00:00\",\"breadcrumb\":{\"@id\":\"https:\\\/\\\/www.bellunopress.it\\\/2025\\\/09\\\/05\\\/lassessore-caner-agli-80-anni-di-confagricoltura-belluno\\\/#breadcrumb\"},\"inLanguage\":\"fr-FR\",\"potentialAction\":[{\"@type\":\"ReadAction\",\"target\":[\"https:\\\/\\\/www.bellunopress.it\\\/2025\\\/09\\\/05\\\/lassessore-caner-agli-80-anni-di-confagricoltura-belluno\\\/\"]}]},{\"@type\":\"ImageObject\",\"inLanguage\":\"fr-FR\",\"@id\":\"https:\\\/\\\/www.bellunopress.it\\\/2025\\\/09\\\/05\\\/lassessore-caner-agli-80-anni-di-confagricoltura-belluno\\\/#primaryimage\",\"url\":\"https:\\\/\\\/www.bellunopress.it\\\/wp-content\\\/uploads\\\/2023\\\/02\\\/Caner_edited.jpg\",\"contentUrl\":\"https:\\\/\\\/www.bellunopress.it\\\/wp-content\\\/uploads\\\/2023\\\/02\\\/Caner_edited.jpg\",\"width\":1000,\"height\":673},{\"@type\":\"BreadcrumbList\",\"@id\":\"https:\\\/\\\/www.bellunopress.it\\\/2025\\\/09\\\/05\\\/lassessore-caner-agli-80-anni-di-confagricoltura-belluno\\\/#breadcrumb\",\"itemListElement\":[{\"@type\":\"ListItem\",\"position\":1,\"name\":\"Home\",\"item\":\"https:\\\/\\\/www.bellunopress.it\\\/\"},{\"@type\":\"ListItem\",\"position\":2,\"name\":\"L&#8217;assessore Caner agli 80 anni di Confagricoltura Belluno\"}]},{\"@type\":\"WebSite\",\"@id\":\"https:\\\/\\\/www.bellunopress.it\\\/#website\",\"url\":\"https:\\\/\\\/www.bellunopress.it\\\/\",\"name\":\"Bellunopress - Dolomiti\",\"description\":\"e-mail: redazione@bellunopress.it\",\"publisher\":{\"@id\":\"https:\\\/\\\/www.bellunopress.it\\\/#organization\"},\"potentialAction\":[{\"@type\":\"SearchAction\",\"target\":{\"@type\":\"EntryPoint\",\"urlTemplate\":\"https:\\\/\\\/www.bellunopress.it\\\/?s={search_term_string}\"},\"query-input\":{\"@type\":\"PropertyValueSpecification\",\"valueRequired\":true,\"valueName\":\"search_term_string\"}}],\"inLanguage\":\"fr-FR\"},{\"@type\":\"Organization\",\"@id\":\"https:\\\/\\\/www.bellunopress.it\\\/#organization\",\"name\":\"Bellunopress\",\"url\":\"https:\\\/\\\/www.bellunopress.it\\\/\",\"logo\":{\"@type\":\"ImageObject\",\"inLanguage\":\"fr-FR\",\"@id\":\"https:\\\/\\\/www.bellunopress.it\\\/#\\\/schema\\\/logo\\\/image\\\/\",\"url\":\"https:\\\/\\\/www.bellunopress.it\\\/wp-content\\\/uploads\\\/2011\\\/05\\\/cropped-logo-bellunopress-.jpg\",\"contentUrl\":\"https:\\\/\\\/www.bellunopress.it\\\/wp-content\\\/uploads\\\/2011\\\/05\\\/cropped-logo-bellunopress-.jpg\",\"width\":512,\"height\":512,\"caption\":\"Bellunopress\"},\"image\":{\"@id\":\"https:\\\/\\\/www.bellunopress.it\\\/#\\\/schema\\\/logo\\\/image\\\/\"},\"sameAs\":[\"https:\\\/\\\/www.facebook.com\\\/profile.php?id=100008943462799\",\"https:\\\/\\\/x.com\\\/bellunopress\",\"https:\\\/\\\/www.linkedin.com\\\/hp\\\/?dnr=JBzUWaJfMUw8vbXJJ2tVW5-I3jZKvC4wsoxE&amp;amp;amp;amp;amp;amp;trk=nav_responsive_tab_home\",\"https:\\\/\\\/www.youtube.com\\\/channel\\\/UCxL0wu1uN0_3_7hGG0306cw\"]},{\"@type\":\"Person\",\"@id\":\"https:\\\/\\\/www.bellunopress.it\\\/#\\\/schema\\\/person\\\/79bb06722b37ece1c03d3e94beb30d73\",\"name\":\"redazione\",\"image\":{\"@type\":\"ImageObject\",\"inLanguage\":\"fr-FR\",\"@id\":\"https:\\\/\\\/secure.gravatar.com\\\/avatar\\\/37d968a2e67a6fd04c169c4bdef102d0bc5d31b2546345219e348575eb80e9a0?s=96&d=mm&r=g\",\"url\":\"https:\\\/\\\/secure.gravatar.com\\\/avatar\\\/37d968a2e67a6fd04c169c4bdef102d0bc5d31b2546345219e348575eb80e9a0?s=96&d=mm&r=g\",\"contentUrl\":\"https:\\\/\\\/secure.gravatar.com\\\/avatar\\\/37d968a2e67a6fd04c169c4bdef102d0bc5d31b2546345219e348575eb80e9a0?s=96&d=mm&r=g\",\"caption\":\"redazione\"},\"sameAs\":[\"http:\\\/\\\/www.bellunopress.it\",\"https:\\\/\\\/x.com\\\/bellunopress\"],\"url\":\"https:\\\/\\\/www.bellunopress.it\\\/fr\\\/author\\\/redazione\\\/\"}]}<\/script>\n<!-- \/ Yoast SEO plugin. -->","yoast_head_json":{"title":"L'assessore Caner agli 80 anni di Confagricoltura Belluno - Bellunopress - Dolomiti","robots":{"index":"index","follow":"follow","max-snippet":"max-snippet:-1","max-image-preview":"max-image-preview:large","max-video-preview":"max-video-preview:-1"},"canonical":"https:\/\/www.bellunopress.it\/fr\/2025\/09\/05\/lassessore-caner-agli-80-anni-di-confagricoltura-belluno\/","og_locale":"fr_FR","og_type":"article","og_title":"L'assessore Caner agli 80 anni di Confagricoltura Belluno - Bellunopress - Dolomiti","og_description":"Belluno, 5 settembre 2025\u00a0 &#8211;\u00a0 \u00a0\u201cCelebrare oggi gli 80 anni di Confagricoltura Belluno significa rendere omaggio non solo a una storia associativa, ma al cuore pulsante della nostra montagna: i suoi agricoltori, le loro famiglie, le aziende che ogni giorno coniugano tradizione, innovazione e custodia del territorio\u201d. Con queste parole l\u2019assessore regionale al Turismo e [&hellip;]","og_url":"https:\/\/www.bellunopress.it\/fr\/2025\/09\/05\/lassessore-caner-agli-80-anni-di-confagricoltura-belluno\/","og_site_name":"Bellunopress - Dolomiti","article_publisher":"https:\/\/www.facebook.com\/profile.php?id=100008943462799","article_published_time":"2025-09-05T12:35:15+00:00","og_image":[{"width":1000,"height":673,"url":"https:\/\/www.bellunopress.it\/wp-content\/uploads\/2023\/02\/Caner_edited.jpg","type":"image\/jpeg"}],"author":"redazione","twitter_card":"summary_large_image","twitter_creator":"@bellunopress","twitter_site":"@bellunopress","twitter_misc":{"\u00c9crit par":"redazione","Dur\u00e9e de lecture estim\u00e9e":"3 minutes"},"schema":{"@context":"https:\/\/schema.org","@graph":[{"@type":"Article","@id":"https:\/\/www.bellunopress.it\/2025\/09\/05\/lassessore-caner-agli-80-anni-di-confagricoltura-belluno\/#article","isPartOf":{"@id":"https:\/\/www.bellunopress.it\/2025\/09\/05\/lassessore-caner-agli-80-anni-di-confagricoltura-belluno\/"},"author":{"name":"redazione","@id":"https:\/\/www.bellunopress.it\/#\/schema\/person\/79bb06722b37ece1c03d3e94beb30d73"},"headline":"L&#8217;assessore Caner agli 80 anni di Confagricoltura Belluno","datePublished":"2025-09-05T12:35:15+00:00","mainEntityOfPage":{"@id":"https:\/\/www.bellunopress.it\/2025\/09\/05\/lassessore-caner-agli-80-anni-di-confagricoltura-belluno\/"},"wordCount":678,"publisher":{"@id":"https:\/\/www.bellunopress.it\/#organization"},"image":{"@id":"https:\/\/www.bellunopress.it\/2025\/09\/05\/lassessore-caner-agli-80-anni-di-confagricoltura-belluno\/#primaryimage"},"thumbnailUrl":"https:\/\/www.bellunopress.it\/wp-content\/uploads\/2023\/02\/Caner_edited.jpg","articleSection":["Cronaca\/Politica"],"inLanguage":"fr-FR"},{"@type":"WebPage","@id":"https:\/\/www.bellunopress.it\/2025\/09\/05\/lassessore-caner-agli-80-anni-di-confagricoltura-belluno\/","url":"https:\/\/www.bellunopress.it\/2025\/09\/05\/lassessore-caner-agli-80-anni-di-confagricoltura-belluno\/","name":"L'assessore Caner agli 80 anni di Confagricoltura Belluno - Bellunopress - Dolomiti","isPartOf":{"@id":"https:\/\/www.bellunopress.it\/#website"},"primaryImageOfPage":{"@id":"https:\/\/www.bellunopress.it\/2025\/09\/05\/lassessore-caner-agli-80-anni-di-confagricoltura-belluno\/#primaryimage"},"image":{"@id":"https:\/\/www.bellunopress.it\/2025\/09\/05\/lassessore-caner-agli-80-anni-di-confagricoltura-belluno\/#primaryimage"},"thumbnailUrl":"https:\/\/www.bellunopress.it\/wp-content\/uploads\/2023\/02\/Caner_edited.jpg","datePublished":"2025-09-05T12:35:15+00:00","breadcrumb":{"@id":"https:\/\/www.bellunopress.it\/2025\/09\/05\/lassessore-caner-agli-80-anni-di-confagricoltura-belluno\/#breadcrumb"},"inLanguage":"fr-FR","potentialAction":[{"@type":"ReadAction","target":["https:\/\/www.bellunopress.it\/2025\/09\/05\/lassessore-caner-agli-80-anni-di-confagricoltura-belluno\/"]}]},{"@type":"ImageObject","inLanguage":"fr-FR","@id":"https:\/\/www.bellunopress.it\/2025\/09\/05\/lassessore-caner-agli-80-anni-di-confagricoltura-belluno\/#primaryimage","url":"https:\/\/www.bellunopress.it\/wp-content\/uploads\/2023\/02\/Caner_edited.jpg","contentUrl":"https:\/\/www.bellunopress.it\/wp-content\/uploads\/2023\/02\/Caner_edited.jpg","width":1000,"height":673},{"@type":"BreadcrumbList","@id":"https:\/\/www.bellunopress.it\/2025\/09\/05\/lassessore-caner-agli-80-anni-di-confagricoltura-belluno\/#breadcrumb","itemListElement":[{"@type":"ListItem","position":1,"name":"Home","item":"https:\/\/www.bellunopress.it\/"},{"@type":"ListItem","position":2,"name":"L&#8217;assessore Caner agli 80 anni di Confagricoltura Belluno"}]},{"@type":"WebSite","@id":"https:\/\/www.bellunopress.it\/#website","url":"https:\/\/www.bellunopress.it\/","name":"Bellunopress - Dolomiti","description":"e-mail: redazione@bellunopress.it","publisher":{"@id":"https:\/\/www.bellunopress.it\/#organization"},"potentialAction":[{"@type":"SearchAction","target":{"@type":"EntryPoint","urlTemplate":"https:\/\/www.bellunopress.it\/?s={search_term_string}"},"query-input":{"@type":"PropertyValueSpecification","valueRequired":true,"valueName":"search_term_string"}}],"inLanguage":"fr-FR"},{"@type":"Organization","@id":"https:\/\/www.bellunopress.it\/#organization","name":"Bellunopress","url":"https:\/\/www.bellunopress.it\/","logo":{"@type":"ImageObject","inLanguage":"fr-FR","@id":"https:\/\/www.bellunopress.it\/#\/schema\/logo\/image\/","url":"https:\/\/www.bellunopress.it\/wp-content\/uploads\/2011\/05\/cropped-logo-bellunopress-.jpg","contentUrl":"https:\/\/www.bellunopress.it\/wp-content\/uploads\/2011\/05\/cropped-logo-bellunopress-.jpg","width":512,"height":512,"caption":"Bellunopress"},"image":{"@id":"https:\/\/www.bellunopress.it\/#\/schema\/logo\/image\/"},"sameAs":["https:\/\/www.facebook.com\/profile.php?id=100008943462799","https:\/\/x.com\/bellunopress","https:\/\/www.linkedin.com\/hp\/?dnr=JBzUWaJfMUw8vbXJJ2tVW5-I3jZKvC4wsoxE&amp;amp;amp;amp;amp;amp;trk=nav_responsive_tab_home","https:\/\/www.youtube.com\/channel\/UCxL0wu1uN0_3_7hGG0306cw"]},{"@type":"Person","@id":"https:\/\/www.bellunopress.it\/#\/schema\/person\/79bb06722b37ece1c03d3e94beb30d73","name":"r\u00e9daction","image":{"@type":"ImageObject","inLanguage":"fr-FR","@id":"https:\/\/secure.gravatar.com\/avatar\/37d968a2e67a6fd04c169c4bdef102d0bc5d31b2546345219e348575eb80e9a0?s=96&d=mm&r=g","url":"https:\/\/secure.gravatar.com\/avatar\/37d968a2e67a6fd04c169c4bdef102d0bc5d31b2546345219e348575eb80e9a0?s=96&d=mm&r=g","contentUrl":"https:\/\/secure.gravatar.com\/avatar\/37d968a2e67a6fd04c169c4bdef102d0bc5d31b2546345219e348575eb80e9a0?s=96&d=mm&r=g","caption":"redazione"},"sameAs":["http:\/\/www.bellunopress.it","https:\/\/x.com\/bellunopress"],"url":"https:\/\/www.bellunopress.it\/fr\/author\/redazione\/"}]}},"_links":{"self":[{"href":"https:\/\/www.bellunopress.it\/fr\/wp-json\/wp\/v2\/posts\/163029","targetHints":{"allow":["GET"]}}],"collection":[{"href":"https:\/\/www.bellunopress.it\/fr\/wp-json\/wp\/v2\/posts"}],"about":[{"href":"https:\/\/www.bellunopress.it\/fr\/wp-json\/wp\/v2\/types\/post"}],"author":[{"embeddable":true,"href":"https:\/\/www.bellunopress.it\/fr\/wp-json\/wp\/v2\/users\/2"}],"replies":[{"embeddable":true,"href":"https:\/\/www.bellunopress.it\/fr\/wp-json\/wp\/v2\/comments?post=163029"}],"version-history":[{"count":1,"href":"https:\/\/www.bellunopress.it\/fr\/wp-json\/wp\/v2\/posts\/163029\/revisions"}],"predecessor-version":[{"id":163032,"href":"https:\/\/www.bellunopress.it\/fr\/wp-json\/wp\/v2\/posts\/163029\/revisions\/163032"}],"wp:featuredmedia":[{"embeddable":true,"href":"https:\/\/www.bellunopress.it\/fr\/wp-json\/wp\/v2\/media\/139751"}],"wp:attachment":[{"href":"https:\/\/www.bellunopress.it\/fr\/wp-json\/wp\/v2\/media?parent=163029"}],"wp:term":[{"taxonomy":"category","embeddable":true,"href":"https:\/\/www.bellunopress.it\/fr\/wp-json\/wp\/v2\/categories?post=163029"},{"taxonomy":"post_tag","embeddable":true,"href":"https:\/\/www.bellunopress.it\/fr\/wp-json\/wp\/v2\/tags?post=163029"}],"curies":[{"name":"wp","href":"https:\/\/api.w.org\/{rel}","templated":true}]}}