{"id":163021,"date":"2025-09-05T08:39:57","date_gmt":"2025-09-05T06:39:57","guid":{"rendered":"https:\/\/www.bellunopress.it\/?p=163021"},"modified":"2025-09-05T08:39:57","modified_gmt":"2025-09-05T06:39:57","slug":"allarme-scuola-litalia-ultima-in-europa-per-preparazione-al-futuro","status":"publish","type":"post","link":"https:\/\/www.bellunopress.it\/fr\/2025\/09\/05\/allarme-scuola-litalia-ultima-in-europa-per-preparazione-al-futuro\/","title":{"rendered":"Allarme scuola: l&#8217;Italia ultima in Europa per preparazione al futuro"},"content":{"rendered":"<p><strong><img loading=\"lazy\" decoding=\"async\" class=\"aligncenter size-full wp-image-158228\" src=\"https:\/\/www.bellunopress.it\/wp-content\/uploads\/2025\/02\/studenti_edited.jpg\" alt=\"\" width=\"269\" height=\"287\" \/>Un nuovo rapporto di GoStudent mette in luce le lacune del sistema educativo italiano, sottolineando la necessit\u00e0 di un&#8217;azione immediata per allinearsi agli standard europei<\/strong><\/p>\n<p>Roma \u2014 L&#8217;Italia si trova all&#8217;ultimo posto tra sei paesi europei analizzati in un recente studio di GoStudent, che ha valutato la preparazione degli studenti per il futuro. La ricerca, che combina il &#8220;Future of Education Report 2025&#8221; con statistiche nazionali, dipinge un quadro preoccupante: solo il 39% degli studenti italiani si sente adeguatamente preparato dalla scuola per affrontare il lavoro dei propri sogni.<\/p>\n<p>Il rapporto evidenzia le profonde differenze con nazioni come il Regno Unito e la Francia, che investono maggiormente in competenze emotive e infrastrutture tecnologiche. Mentre si prevede che il 65% dei bambini di oggi svolger\u00e0 un lavoro che ancora non esiste, il sistema educativo italiano appare fermo, incapace di stare al passo con un mondo in rapida evoluzione.<\/p>\n<p><strong>Le aree critiche<\/strong><br \/>\nLo studio ha identificato diverse aree di debolezza:<\/p>\n<p>Sottofinanziamento della scuola secondaria: Negli ultimi dieci anni, gli investimenti nella scuola secondaria superiore sono rimasti fermi allo 0%, creando un divario significativo che penalizza gli studenti prima ancora di arrivare all&#8217;universit\u00e0. Questo si riflette nei bassi punteggi PISA (che valutano le competenze in lettura, matematica e scienze) e in una debole infrastruttura digitale.<\/p>\n<p>Poca fiducia nelle competenze: Solo poco pi\u00f9 di un terzo degli studenti italiani ritiene che la scuola stia fornendo le competenze necessarie per il futuro, un dato superiore solo a quello dell&#8217;Austria.<\/p>\n<p>Integrazione della tecnologia: L&#8217;integrazione della tecnologia nelle aule resta un problema. Solo il 26% degli insegnanti italiani ritiene che la tecnologia debba essere pienamente integrata nel programma scolastico, un dato inferiore alla media europea. Tuttavia, un segnale positivo emerge nella formazione degli insegnanti, con il 34% dei docenti che riceve formazione sulle competenze di intelligenza artificiale, una percentuale superiore a quella di Regno Unito e Francia.<\/p>\n<p>Il ruolo dell&#8217;istruzione prescolare<br \/>\nIl rapporto sottolinea anche la scarsa partecipazione all&#8217;istruzione nella prima infanzia. Solo il 5% dei bambini italiani sotto i 3 anni frequenta l&#8217;asilo nido, il secondo dato pi\u00f9 basso tra i paesi analizzati. Nonostante un eccellente rapporto studenti-insegnanti (13:1), questa bassa affluenza rappresenta &#8220;un&#8217;opportunit\u00e0 persa per preparare i bambini al successo fin dal primo giorno&#8221;, come si legge nel report.<\/p>\n<p>Guardare avanti<br \/>\nL&#8217;esperto di GoStudent sottolinea la necessit\u00e0 di un&#8217;azione immediata: &#8220;Essere all&#8217;ultimo posto \u00e8 scoraggiante, ma la risposta non pu\u00f2 essere restare a guardare. Senza un impegno immediato e costante in termini di finanziamenti, formazione e innovazione, l&#8217;Italia rischia seriamente di restare indietro&#8221;.<\/p>\n<p>L&#8217;articolo completo di GoStudent, intitolato &#8220;I Paesi migliori per un\u2019istruzione orientata al futuro&#8221;, \u00e8 disponibile al seguente link: https:\/\/www.gostudent.org\/it-it\/comunicati-stampa\/i-paesi-migliori-per-un-istruzione-orientata-al-futuro\/<\/p>","protected":false},"excerpt":{"rendered":"<p>Un nuovo rapporto di GoStudent mette in luce le lacune del sistema educativo italiano, sottolineando la necessit\u00e0 di un&#8217;azione immediata per allinearsi agli standard europei Roma \u2014 L&#8217;Italia si trova all&#8217;ultimo posto tra sei paesi europei analizzati in un recente studio di GoStudent, che ha valutato la preparazione degli studenti per il futuro. La ricerca, [&hellip;]<\/p>\n","protected":false},"author":2,"featured_media":126810,"comment_status":"closed","ping_status":"open","sticky":false,"template":"","format":"standard","meta":{"footnotes":""},"categories":[26,15],"tags":[],"class_list":["post-163021","post","type-post","status-publish","format-standard","has-post-thumbnail","category-prima-pagina","category-scuola"],"yoast_head":"<!-- This site is optimized with the Yoast SEO plugin v28.4 - https:\/\/yoast.com\/product\/yoast-seo-wordpress\/ -->\n<title>Allarme scuola: l&#039;Italia ultima in Europa per preparazione al futuro - Bellunopress - Dolomiti<\/title>\n<meta name=\"robots\" content=\"index, follow, max-snippet:-1, max-image-preview:large, max-video-preview:-1\" \/>\n<link rel=\"canonical\" href=\"https:\/\/www.bellunopress.it\/fr\/2025\/09\/05\/allarme-scuola-litalia-ultima-in-europa-per-preparazione-al-futuro\/\" \/>\n<meta property=\"og:locale\" content=\"fr_FR\" \/>\n<meta property=\"og:type\" content=\"article\" \/>\n<meta property=\"og:title\" content=\"Allarme scuola: l&#039;Italia ultima in Europa per preparazione al futuro - Bellunopress - Dolomiti\" \/>\n<meta property=\"og:description\" content=\"Un nuovo rapporto di GoStudent mette in luce le lacune del sistema educativo italiano, sottolineando la necessit\u00e0 di un&#8217;azione immediata per allinearsi agli standard europei Roma \u2014 L&#8217;Italia si trova all&#8217;ultimo posto tra sei paesi europei analizzati in un recente studio di GoStudent, che ha valutato la preparazione degli studenti per il futuro. La ricerca, [&hellip;]\" \/>\n<meta property=\"og:url\" content=\"https:\/\/www.bellunopress.it\/fr\/2025\/09\/05\/allarme-scuola-litalia-ultima-in-europa-per-preparazione-al-futuro\/\" \/>\n<meta property=\"og:site_name\" content=\"Bellunopress - Dolomiti\" \/>\n<meta property=\"article:publisher\" content=\"https:\/\/www.facebook.com\/profile.php?id=100008943462799\" \/>\n<meta property=\"article:published_time\" content=\"2025-09-05T06:39:57+00:00\" \/>\n<meta property=\"og:image\" content=\"https:\/\/www.bellunopress.it\/wp-content\/uploads\/2021\/08\/studenti-scuola_edited.jpg\" \/>\n\t<meta property=\"og:image:width\" content=\"800\" \/>\n\t<meta property=\"og:image:height\" content=\"533\" \/>\n\t<meta property=\"og:image:type\" content=\"image\/jpeg\" \/>\n<meta name=\"author\" content=\"redazione\" \/>\n<meta name=\"twitter:card\" content=\"summary_large_image\" \/>\n<meta name=\"twitter:creator\" content=\"@bellunopress\" \/>\n<meta name=\"twitter:site\" content=\"@bellunopress\" \/>\n<meta name=\"twitter:label1\" content=\"\u00c9crit par\" \/>\n\t<meta name=\"twitter:data1\" content=\"redazione\" \/>\n\t<meta name=\"twitter:label2\" content=\"Dur\u00e9e de lecture estim\u00e9e\" \/>\n\t<meta name=\"twitter:data2\" content=\"2 minutes\" \/>\n<script type=\"application\/ld+json\" class=\"yoast-schema-graph\">{\"@context\":\"https:\\\/\\\/schema.org\",\"@graph\":[{\"@type\":\"Article\",\"@id\":\"https:\\\/\\\/www.bellunopress.it\\\/2025\\\/09\\\/05\\\/allarme-scuola-litalia-ultima-in-europa-per-preparazione-al-futuro\\\/#article\",\"isPartOf\":{\"@id\":\"https:\\\/\\\/www.bellunopress.it\\\/2025\\\/09\\\/05\\\/allarme-scuola-litalia-ultima-in-europa-per-preparazione-al-futuro\\\/\"},\"author\":{\"name\":\"redazione\",\"@id\":\"https:\\\/\\\/www.bellunopress.it\\\/#\\\/schema\\\/person\\\/79bb06722b37ece1c03d3e94beb30d73\"},\"headline\":\"Allarme scuola: l&#8217;Italia ultima in Europa per preparazione al futuro\",\"datePublished\":\"2025-09-05T06:39:57+00:00\",\"mainEntityOfPage\":{\"@id\":\"https:\\\/\\\/www.bellunopress.it\\\/2025\\\/09\\\/05\\\/allarme-scuola-litalia-ultima-in-europa-per-preparazione-al-futuro\\\/\"},\"wordCount\":458,\"publisher\":{\"@id\":\"https:\\\/\\\/www.bellunopress.it\\\/#organization\"},\"image\":{\"@id\":\"https:\\\/\\\/www.bellunopress.it\\\/2025\\\/09\\\/05\\\/allarme-scuola-litalia-ultima-in-europa-per-preparazione-al-futuro\\\/#primaryimage\"},\"thumbnailUrl\":\"https:\\\/\\\/www.bellunopress.it\\\/wp-content\\\/uploads\\\/2021\\\/08\\\/studenti-scuola_edited.jpg\",\"articleSection\":[\"Prima Pagina\",\"Scuola\"],\"inLanguage\":\"fr-FR\"},{\"@type\":\"WebPage\",\"@id\":\"https:\\\/\\\/www.bellunopress.it\\\/2025\\\/09\\\/05\\\/allarme-scuola-litalia-ultima-in-europa-per-preparazione-al-futuro\\\/\",\"url\":\"https:\\\/\\\/www.bellunopress.it\\\/2025\\\/09\\\/05\\\/allarme-scuola-litalia-ultima-in-europa-per-preparazione-al-futuro\\\/\",\"name\":\"Allarme scuola: l'Italia ultima in Europa per preparazione al futuro - Bellunopress - Dolomiti\",\"isPartOf\":{\"@id\":\"https:\\\/\\\/www.bellunopress.it\\\/#website\"},\"primaryImageOfPage\":{\"@id\":\"https:\\\/\\\/www.bellunopress.it\\\/2025\\\/09\\\/05\\\/allarme-scuola-litalia-ultima-in-europa-per-preparazione-al-futuro\\\/#primaryimage\"},\"image\":{\"@id\":\"https:\\\/\\\/www.bellunopress.it\\\/2025\\\/09\\\/05\\\/allarme-scuola-litalia-ultima-in-europa-per-preparazione-al-futuro\\\/#primaryimage\"},\"thumbnailUrl\":\"https:\\\/\\\/www.bellunopress.it\\\/wp-content\\\/uploads\\\/2021\\\/08\\\/studenti-scuola_edited.jpg\",\"datePublished\":\"2025-09-05T06:39:57+00:00\",\"breadcrumb\":{\"@id\":\"https:\\\/\\\/www.bellunopress.it\\\/2025\\\/09\\\/05\\\/allarme-scuola-litalia-ultima-in-europa-per-preparazione-al-futuro\\\/#breadcrumb\"},\"inLanguage\":\"fr-FR\",\"potentialAction\":[{\"@type\":\"ReadAction\",\"target\":[\"https:\\\/\\\/www.bellunopress.it\\\/2025\\\/09\\\/05\\\/allarme-scuola-litalia-ultima-in-europa-per-preparazione-al-futuro\\\/\"]}]},{\"@type\":\"ImageObject\",\"inLanguage\":\"fr-FR\",\"@id\":\"https:\\\/\\\/www.bellunopress.it\\\/2025\\\/09\\\/05\\\/allarme-scuola-litalia-ultima-in-europa-per-preparazione-al-futuro\\\/#primaryimage\",\"url\":\"https:\\\/\\\/www.bellunopress.it\\\/wp-content\\\/uploads\\\/2021\\\/08\\\/studenti-scuola_edited.jpg\",\"contentUrl\":\"https:\\\/\\\/www.bellunopress.it\\\/wp-content\\\/uploads\\\/2021\\\/08\\\/studenti-scuola_edited.jpg\",\"width\":800,\"height\":533},{\"@type\":\"BreadcrumbList\",\"@id\":\"https:\\\/\\\/www.bellunopress.it\\\/2025\\\/09\\\/05\\\/allarme-scuola-litalia-ultima-in-europa-per-preparazione-al-futuro\\\/#breadcrumb\",\"itemListElement\":[{\"@type\":\"ListItem\",\"position\":1,\"name\":\"Home\",\"item\":\"https:\\\/\\\/www.bellunopress.it\\\/\"},{\"@type\":\"ListItem\",\"position\":2,\"name\":\"Allarme scuola: l&#8217;Italia ultima in Europa per preparazione al futuro\"}]},{\"@type\":\"WebSite\",\"@id\":\"https:\\\/\\\/www.bellunopress.it\\\/#website\",\"url\":\"https:\\\/\\\/www.bellunopress.it\\\/\",\"name\":\"Bellunopress - Dolomiti\",\"description\":\"e-mail: redazione@bellunopress.it\",\"publisher\":{\"@id\":\"https:\\\/\\\/www.bellunopress.it\\\/#organization\"},\"potentialAction\":[{\"@type\":\"SearchAction\",\"target\":{\"@type\":\"EntryPoint\",\"urlTemplate\":\"https:\\\/\\\/www.bellunopress.it\\\/?s={search_term_string}\"},\"query-input\":{\"@type\":\"PropertyValueSpecification\",\"valueRequired\":true,\"valueName\":\"search_term_string\"}}],\"inLanguage\":\"fr-FR\"},{\"@type\":\"Organization\",\"@id\":\"https:\\\/\\\/www.bellunopress.it\\\/#organization\",\"name\":\"Bellunopress\",\"url\":\"https:\\\/\\\/www.bellunopress.it\\\/\",\"logo\":{\"@type\":\"ImageObject\",\"inLanguage\":\"fr-FR\",\"@id\":\"https:\\\/\\\/www.bellunopress.it\\\/#\\\/schema\\\/logo\\\/image\\\/\",\"url\":\"https:\\\/\\\/www.bellunopress.it\\\/wp-content\\\/uploads\\\/2011\\\/05\\\/cropped-logo-bellunopress-.jpg\",\"contentUrl\":\"https:\\\/\\\/www.bellunopress.it\\\/wp-content\\\/uploads\\\/2011\\\/05\\\/cropped-logo-bellunopress-.jpg\",\"width\":512,\"height\":512,\"caption\":\"Bellunopress\"},\"image\":{\"@id\":\"https:\\\/\\\/www.bellunopress.it\\\/#\\\/schema\\\/logo\\\/image\\\/\"},\"sameAs\":[\"https:\\\/\\\/www.facebook.com\\\/profile.php?id=100008943462799\",\"https:\\\/\\\/x.com\\\/bellunopress\",\"https:\\\/\\\/www.linkedin.com\\\/hp\\\/?dnr=JBzUWaJfMUw8vbXJJ2tVW5-I3jZKvC4wsoxE&amp;amp;amp;amp;amp;amp;trk=nav_responsive_tab_home\",\"https:\\\/\\\/www.youtube.com\\\/channel\\\/UCxL0wu1uN0_3_7hGG0306cw\"]},{\"@type\":\"Person\",\"@id\":\"https:\\\/\\\/www.bellunopress.it\\\/#\\\/schema\\\/person\\\/79bb06722b37ece1c03d3e94beb30d73\",\"name\":\"redazione\",\"image\":{\"@type\":\"ImageObject\",\"inLanguage\":\"fr-FR\",\"@id\":\"https:\\\/\\\/secure.gravatar.com\\\/avatar\\\/37d968a2e67a6fd04c169c4bdef102d0bc5d31b2546345219e348575eb80e9a0?s=96&d=mm&r=g\",\"url\":\"https:\\\/\\\/secure.gravatar.com\\\/avatar\\\/37d968a2e67a6fd04c169c4bdef102d0bc5d31b2546345219e348575eb80e9a0?s=96&d=mm&r=g\",\"contentUrl\":\"https:\\\/\\\/secure.gravatar.com\\\/avatar\\\/37d968a2e67a6fd04c169c4bdef102d0bc5d31b2546345219e348575eb80e9a0?s=96&d=mm&r=g\",\"caption\":\"redazione\"},\"sameAs\":[\"http:\\\/\\\/www.bellunopress.it\",\"https:\\\/\\\/x.com\\\/bellunopress\"],\"url\":\"https:\\\/\\\/www.bellunopress.it\\\/fr\\\/author\\\/redazione\\\/\"}]}<\/script>\n<!-- \/ Yoast SEO plugin. -->","yoast_head_json":{"title":"Allarme scuola: l'Italia ultima in Europa per preparazione al futuro - Bellunopress - Dolomiti","robots":{"index":"index","follow":"follow","max-snippet":"max-snippet:-1","max-image-preview":"max-image-preview:large","max-video-preview":"max-video-preview:-1"},"canonical":"https:\/\/www.bellunopress.it\/fr\/2025\/09\/05\/allarme-scuola-litalia-ultima-in-europa-per-preparazione-al-futuro\/","og_locale":"fr_FR","og_type":"article","og_title":"Allarme scuola: l'Italia ultima in Europa per preparazione al futuro - Bellunopress - Dolomiti","og_description":"Un nuovo rapporto di GoStudent mette in luce le lacune del sistema educativo italiano, sottolineando la necessit\u00e0 di un&#8217;azione immediata per allinearsi agli standard europei Roma \u2014 L&#8217;Italia si trova all&#8217;ultimo posto tra sei paesi europei analizzati in un recente studio di GoStudent, che ha valutato la preparazione degli studenti per il futuro. La ricerca, [&hellip;]","og_url":"https:\/\/www.bellunopress.it\/fr\/2025\/09\/05\/allarme-scuola-litalia-ultima-in-europa-per-preparazione-al-futuro\/","og_site_name":"Bellunopress - Dolomiti","article_publisher":"https:\/\/www.facebook.com\/profile.php?id=100008943462799","article_published_time":"2025-09-05T06:39:57+00:00","og_image":[{"width":800,"height":533,"url":"https:\/\/www.bellunopress.it\/wp-content\/uploads\/2021\/08\/studenti-scuola_edited.jpg","type":"image\/jpeg"}],"author":"redazione","twitter_card":"summary_large_image","twitter_creator":"@bellunopress","twitter_site":"@bellunopress","twitter_misc":{"\u00c9crit par":"redazione","Dur\u00e9e de lecture estim\u00e9e":"2 minutes"},"schema":{"@context":"https:\/\/schema.org","@graph":[{"@type":"Article","@id":"https:\/\/www.bellunopress.it\/2025\/09\/05\/allarme-scuola-litalia-ultima-in-europa-per-preparazione-al-futuro\/#article","isPartOf":{"@id":"https:\/\/www.bellunopress.it\/2025\/09\/05\/allarme-scuola-litalia-ultima-in-europa-per-preparazione-al-futuro\/"},"author":{"name":"redazione","@id":"https:\/\/www.bellunopress.it\/#\/schema\/person\/79bb06722b37ece1c03d3e94beb30d73"},"headline":"Allarme scuola: l&#8217;Italia ultima in Europa per preparazione al futuro","datePublished":"2025-09-05T06:39:57+00:00","mainEntityOfPage":{"@id":"https:\/\/www.bellunopress.it\/2025\/09\/05\/allarme-scuola-litalia-ultima-in-europa-per-preparazione-al-futuro\/"},"wordCount":458,"publisher":{"@id":"https:\/\/www.bellunopress.it\/#organization"},"image":{"@id":"https:\/\/www.bellunopress.it\/2025\/09\/05\/allarme-scuola-litalia-ultima-in-europa-per-preparazione-al-futuro\/#primaryimage"},"thumbnailUrl":"https:\/\/www.bellunopress.it\/wp-content\/uploads\/2021\/08\/studenti-scuola_edited.jpg","articleSection":["Prima Pagina","Scuola"],"inLanguage":"fr-FR"},{"@type":"WebPage","@id":"https:\/\/www.bellunopress.it\/2025\/09\/05\/allarme-scuola-litalia-ultima-in-europa-per-preparazione-al-futuro\/","url":"https:\/\/www.bellunopress.it\/2025\/09\/05\/allarme-scuola-litalia-ultima-in-europa-per-preparazione-al-futuro\/","name":"Allarme scuola: l'Italia ultima in Europa per preparazione al futuro - Bellunopress - Dolomiti","isPartOf":{"@id":"https:\/\/www.bellunopress.it\/#website"},"primaryImageOfPage":{"@id":"https:\/\/www.bellunopress.it\/2025\/09\/05\/allarme-scuola-litalia-ultima-in-europa-per-preparazione-al-futuro\/#primaryimage"},"image":{"@id":"https:\/\/www.bellunopress.it\/2025\/09\/05\/allarme-scuola-litalia-ultima-in-europa-per-preparazione-al-futuro\/#primaryimage"},"thumbnailUrl":"https:\/\/www.bellunopress.it\/wp-content\/uploads\/2021\/08\/studenti-scuola_edited.jpg","datePublished":"2025-09-05T06:39:57+00:00","breadcrumb":{"@id":"https:\/\/www.bellunopress.it\/2025\/09\/05\/allarme-scuola-litalia-ultima-in-europa-per-preparazione-al-futuro\/#breadcrumb"},"inLanguage":"fr-FR","potentialAction":[{"@type":"ReadAction","target":["https:\/\/www.bellunopress.it\/2025\/09\/05\/allarme-scuola-litalia-ultima-in-europa-per-preparazione-al-futuro\/"]}]},{"@type":"ImageObject","inLanguage":"fr-FR","@id":"https:\/\/www.bellunopress.it\/2025\/09\/05\/allarme-scuola-litalia-ultima-in-europa-per-preparazione-al-futuro\/#primaryimage","url":"https:\/\/www.bellunopress.it\/wp-content\/uploads\/2021\/08\/studenti-scuola_edited.jpg","contentUrl":"https:\/\/www.bellunopress.it\/wp-content\/uploads\/2021\/08\/studenti-scuola_edited.jpg","width":800,"height":533},{"@type":"BreadcrumbList","@id":"https:\/\/www.bellunopress.it\/2025\/09\/05\/allarme-scuola-litalia-ultima-in-europa-per-preparazione-al-futuro\/#breadcrumb","itemListElement":[{"@type":"ListItem","position":1,"name":"Home","item":"https:\/\/www.bellunopress.it\/"},{"@type":"ListItem","position":2,"name":"Allarme scuola: l&#8217;Italia ultima in Europa per preparazione al futuro"}]},{"@type":"WebSite","@id":"https:\/\/www.bellunopress.it\/#website","url":"https:\/\/www.bellunopress.it\/","name":"Bellunopress - Dolomiti","description":"e-mail: redazione@bellunopress.it","publisher":{"@id":"https:\/\/www.bellunopress.it\/#organization"},"potentialAction":[{"@type":"SearchAction","target":{"@type":"EntryPoint","urlTemplate":"https:\/\/www.bellunopress.it\/?s={search_term_string}"},"query-input":{"@type":"PropertyValueSpecification","valueRequired":true,"valueName":"search_term_string"}}],"inLanguage":"fr-FR"},{"@type":"Organization","@id":"https:\/\/www.bellunopress.it\/#organization","name":"Bellunopress","url":"https:\/\/www.bellunopress.it\/","logo":{"@type":"ImageObject","inLanguage":"fr-FR","@id":"https:\/\/www.bellunopress.it\/#\/schema\/logo\/image\/","url":"https:\/\/www.bellunopress.it\/wp-content\/uploads\/2011\/05\/cropped-logo-bellunopress-.jpg","contentUrl":"https:\/\/www.bellunopress.it\/wp-content\/uploads\/2011\/05\/cropped-logo-bellunopress-.jpg","width":512,"height":512,"caption":"Bellunopress"},"image":{"@id":"https:\/\/www.bellunopress.it\/#\/schema\/logo\/image\/"},"sameAs":["https:\/\/www.facebook.com\/profile.php?id=100008943462799","https:\/\/x.com\/bellunopress","https:\/\/www.linkedin.com\/hp\/?dnr=JBzUWaJfMUw8vbXJJ2tVW5-I3jZKvC4wsoxE&amp;amp;amp;amp;amp;amp;trk=nav_responsive_tab_home","https:\/\/www.youtube.com\/channel\/UCxL0wu1uN0_3_7hGG0306cw"]},{"@type":"Person","@id":"https:\/\/www.bellunopress.it\/#\/schema\/person\/79bb06722b37ece1c03d3e94beb30d73","name":"r\u00e9daction","image":{"@type":"ImageObject","inLanguage":"fr-FR","@id":"https:\/\/secure.gravatar.com\/avatar\/37d968a2e67a6fd04c169c4bdef102d0bc5d31b2546345219e348575eb80e9a0?s=96&d=mm&r=g","url":"https:\/\/secure.gravatar.com\/avatar\/37d968a2e67a6fd04c169c4bdef102d0bc5d31b2546345219e348575eb80e9a0?s=96&d=mm&r=g","contentUrl":"https:\/\/secure.gravatar.com\/avatar\/37d968a2e67a6fd04c169c4bdef102d0bc5d31b2546345219e348575eb80e9a0?s=96&d=mm&r=g","caption":"redazione"},"sameAs":["http:\/\/www.bellunopress.it","https:\/\/x.com\/bellunopress"],"url":"https:\/\/www.bellunopress.it\/fr\/author\/redazione\/"}]}},"_links":{"self":[{"href":"https:\/\/www.bellunopress.it\/fr\/wp-json\/wp\/v2\/posts\/163021","targetHints":{"allow":["GET"]}}],"collection":[{"href":"https:\/\/www.bellunopress.it\/fr\/wp-json\/wp\/v2\/posts"}],"about":[{"href":"https:\/\/www.bellunopress.it\/fr\/wp-json\/wp\/v2\/types\/post"}],"author":[{"embeddable":true,"href":"https:\/\/www.bellunopress.it\/fr\/wp-json\/wp\/v2\/users\/2"}],"replies":[{"embeddable":true,"href":"https:\/\/www.bellunopress.it\/fr\/wp-json\/wp\/v2\/comments?post=163021"}],"version-history":[{"count":1,"href":"https:\/\/www.bellunopress.it\/fr\/wp-json\/wp\/v2\/posts\/163021\/revisions"}],"predecessor-version":[{"id":163022,"href":"https:\/\/www.bellunopress.it\/fr\/wp-json\/wp\/v2\/posts\/163021\/revisions\/163022"}],"wp:featuredmedia":[{"embeddable":true,"href":"https:\/\/www.bellunopress.it\/fr\/wp-json\/wp\/v2\/media\/126810"}],"wp:attachment":[{"href":"https:\/\/www.bellunopress.it\/fr\/wp-json\/wp\/v2\/media?parent=163021"}],"wp:term":[{"taxonomy":"category","embeddable":true,"href":"https:\/\/www.bellunopress.it\/fr\/wp-json\/wp\/v2\/categories?post=163021"},{"taxonomy":"post_tag","embeddable":true,"href":"https:\/\/www.bellunopress.it\/fr\/wp-json\/wp\/v2\/tags?post=163021"}],"curies":[{"name":"wp","href":"https:\/\/api.w.org\/{rel}","templated":true}]}}