{"id":163016,"date":"2025-09-04T20:52:03","date_gmt":"2025-09-04T18:52:03","guid":{"rendered":"https:\/\/www.bellunopress.it\/?p=163016"},"modified":"2025-09-04T20:52:03","modified_gmt":"2025-09-04T18:52:03","slug":"cortinametraggio-23-29-marzo-2026-dall8-settembre-il-bando-su-filmfreeway-madrina-federica-pala","status":"publish","type":"post","link":"https:\/\/www.bellunopress.it\/fr\/2025\/09\/04\/cortinametraggio-23-29-marzo-2026-dall8-settembre-il-bando-su-filmfreeway-madrina-federica-pala\/","title":{"rendered":"Cortinametraggio 23-29 marzo 2026. Dall&#8217;8 settembre il bando su Filmfreeway. Madrina Federica Pala"},"content":{"rendered":"<p><img loading=\"lazy\" decoding=\"async\" class=\"aligncenter size-full wp-image-163017\" src=\"https:\/\/www.bellunopress.it\/wp-content\/uploads\/2025\/09\/Cortinametraggio-2026_edited.jpg\" alt=\"\" width=\"800\" height=\"449\" srcset=\"https:\/\/www.bellunopress.it\/wp-content\/uploads\/2025\/09\/Cortinametraggio-2026_edited.jpg 800w, https:\/\/www.bellunopress.it\/wp-content\/uploads\/2025\/09\/Cortinametraggio-2026_edited-500x281.jpg 500w, https:\/\/www.bellunopress.it\/wp-content\/uploads\/2025\/09\/Cortinametraggio-2026_edited-748x420.jpg 748w, https:\/\/www.bellunopress.it\/wp-content\/uploads\/2025\/09\/Cortinametraggio-2026_edited-696x391.jpg 696w\" sizes=\"auto, (max-width: 800px) 100vw, 800px\" \/>Torna uno degli appuntamenti pi\u00f9 attesi del panorama cinematografico italiano: Cortinametraggio, il festival fondato e presieduto da Maddalena Mayneri, che da oltre vent&#8217;anni \u00e8 vetrina d&#8217;eccellenza per il cortometraggio italiano e non solo. La 21\u00aa edizione si terr\u00e0 nella splendida Cortina d&#8217;Ampezzo dal 23 al 29 marzo 2026, con un programma ricco di anteprime, ospiti e novit\u00e0, sempre all&#8217;insegna del talento e della scoperta.<\/p>\n<p>Anche per questa edizione, l&#8217;Hotel de la Poste \u2013 da anni punto di riferimento e sede ufficiale del Festival \u2013 accoglier\u00e0 incontri, interviste e momenti di convivialit\u00e0, confermandosi cuore pulsante della manifestazione e cornice d&#8217;eccezione per il mondo del cinema che si d\u00e0 appuntamento a Cortina.<\/p>\n<p>Durante la conferenza stampa che si \u00e8 tenuta nello Spazio Regione Veneto, durante la 82\u00b0 Mostra Internazionale d&#8217;Arte Cinematografica La Biennale di Venezia, sono state svelate le prime novit\u00e0 dell&#8217;edizione 2026. Tra queste, l&#8217;apertura del bando per le iscrizioni su Filmfreeway, la cui data \u00e8 prevista dall&#8217; 8 settembre. Un&#8217;importante novit\u00e0 \u00e8 la collaborazione con Esselunga: le proiezioni si terranno infatti presso Casa Esselunga, spazio polifunzionale dedicato ad eventi e comunicazione, che l&#8217;azienda ha realizzato in vista delle Olimpiadi e Paralimpiadi Invernali 2026.<\/p>\n<p>Da alcuni anni, Cortinametraggio ha aperto anche una sezione internazionale e quest&#8217;anno i riflettori saranno puntati sulla Romania e il direttore artistico della sezione sar\u00e0 il direttore della fotografia Nicu Dragan. Presente alla conferenza stampa il regista, attore e scrittore Emanuel P\u00e2rvu, in rappresentanza di Dacin Sara \u2013 Il Diritto d&#8217;Autore in Cinematografia e Audiovisivo, societ\u00e0 rumena degli autori audiovisivi, fondata nel 1996 come associazione senza scopo di lucro.<\/p>\n<p>&#8220;In qualit\u00e0 di ente di gestione collettiva che rappresenta gli autori audiovisivi romeni, Dacin Sara \u00e8 orgogliosa di essere partner del pi\u00f9 prestigioso festival italiano di cortometraggi: Cortinametraggio, &#8211; ha affermato Bogdan Ficeac, General Manager di Dacin Sara, questa edizione includer\u00e0 una sezione speciale dedicata ai cortometraggi romeni, a conferma del valore e del contributo artistico del cinema romeno sulla scena internazionale. Dacin Sara coglie con entusiasmo ogni occasione per sostenere e promuovere la cinematografia romena, conosciuta in tutto il mondo per la sua autenticit\u00e0 e per la forza delle sue narrazioni. \u00c8 per noi un privilegio partecipare alla 21\u00aa edizione del Festival Cortinametraggio e contribuire alla diffusione delle storie romene oltre i confini nazionali&#8221;.<\/p>\n<p>&#8220;\u00c8 per me un onore accogliere l&#8217;invito rivolto alla Romania quale Paese ospite d&#8217;onore al Festival Cortinametraggio 2026, &#8211; ha dichiarato Gabriela Danc\u0103u Ambasciatore della Romania in Italia &#8211; Questo riconoscimento, che giunge nell&#8217;Anno Culturale Romania-Italia, testimonia il ruolo privilegiato della cinematografia romena nel panorama mondiale e conferma il cinema quale ponte autentico tra le nostre culture&#8221;.<\/p>\n<p>Altra novit\u00e0 interessante \u00e8 la sinergia nata tra WGI e Cortinametraggio in cui hanno istituito il &#8220;Premio alla Sceneggiatura WGI \u2013 Cortinametraggio&#8221;, un riconoscimento pensato per valorizzare il lavoro degli sceneggiatori, anche esordienti, e per ribadire l&#8217;importanza della scrittura come fondamento di ogni racconto audiovisivo di qualit\u00e0.<\/p>\n<p>Il premio sar\u00e0 assegnato nell&#8217;ambito della XXI edizione del Cortinametraggio da una giuria composta da quattro elementi: due membri di WGI e due scelti dall&#8217;organizzazione del Festival. Una formula partecipata che garantir\u00e0 pluralit\u00e0 di sguardi e coerenza con lo spirito del Premio.<\/p>\n<p>Un&#8217;ulteriore importante novit\u00e0 \u00e8 rappresentata dalla collaborazione con OBE \u2013 Osservatorio Branded Entertainment, associazione di riferimento in Italia per lo studio, la promozione e la valorizzazione del branded entertainment come leva strategica di comunicazione di marca. A partire da questa edizione, il Festival inaugura infatti una nuova sezione ufficiale interamente dedicata ai cortometraggi branded, riconoscendoli come strumenti narrativi capaci di unire storytelling e identit\u00e0 di marca attraverso un linguaggio cinematografico di alto profilo. La selezione, curata congiuntamente dalla direzione artistica di Cortinametraggio, OBE e da esperti del settore, porter\u00e0 sullo schermo i corti finalisti che concorreranno per i premi &#8220;Miglior corto branded assoluto&#8221;, &#8220;Miglior storytelling (branded)&#8221; e &#8220;Miglior regia (branded)&#8221;. Un&#8217;occasione che conferma la vocazione del Festival ad aprirsi a nuove forme di racconto audiovisivo, valorizzando l&#8217;eccellenza creativa anche nel dialogo con il mondo delle imprese.<\/p>\n<p>Tra le altre novit\u00e0 annunciate, spicca una masterclass esclusiva tenuta dagli agenti di LARA (Libera Associazione Rappresentanti Artisti), organizzata nell&#8217;ambito del Festival.<\/p>\n<p>Si conferma anche quest&#8217;anno la partnership di Fondazione Marche Cultura &#8211; Marche Film Commission a Cortinametraggio, a testimonianza dell&#8217;impegno costante nel sostenere i giovani autori e nel promuovere la crescita della filiera audiovisiva.<\/p>\n<p>Andrea Agostini, Presidente Fondazione Marche Cultura ha affermato: \u00abInvestire nei giovani significa investire nel futuro del cinema. In una localit\u00e0 che da sempre attira i giovani autori e i maggiori talent scout, Cortinametraggio rappresenta una vetrina preziosa e un&#8217;occasione unica per crescere in dialogo con l&#8217;industria nazionale e internazionale. La Fondazione Marche Cultura vuole sostenere le nuove generazioni di creativi, convinta che il loro talento sia la chiave per rafforzare l&#8217;intera filiera e costruire storie capaci di parlare al pubblico di domani.\u00bb<\/p>\n<p>D&#8217;accordo con lui anche Francesco Gesualdi, Direttore Marche Film Commission: \u00abCortinametraggio \u00e8 un laboratorio naturale per i giovani, un luogo dove idee fresche e creativit\u00e0 trovano spazio e ascolto. Come Marche Film Commission siamo impegnati a creare occasioni concrete per farli lavorare sul campo: bandi dedicati, formazione, servizi alle produzioni. Crediamo che valorizzare i giovani significhi non solo scoprire nuovi autori, ma anche formare le professionalit\u00e0 che domani renderanno il nostro territorio ancora pi\u00f9 attrattivo per il cinema.\u00bb<\/p>\n<p>Rinnovata anche per quest&#8217;anno la collaborazione con la Regione Friuli Venezia Giulia attraverso PromoTurismoFVG: &#8220;Per il secondo anno consecutivo la Regione sar\u00e0 al fianco di Cortinametraggio per promuovere il Friuli Venezia Giulia nel mondo del cinema. Un mondo che negli ultimi anni ci sta regalando, grazie all&#8217;impegno di FVG Film Commission, particolari soddisfazioni in termini di visibilit\u00e0, associando il nome del nostro territorio a grandi produzioni nazionali e internazionali \u2013 sono le parole del presidente del Friuli Venezia Giulia Massimiliano Fedriga -. Lo scorso anno il premio PromoTurismoFVG \u00e8 stato assegnato a David Barbieri, che presto accoglieremo in Friuli Venezia Giulia per realizzare il video spot che racconta la nostra regione, un&#8217;occasione di promozione e di supporto ai giovani talenti che credono nel cinema, strumento grazie al quale oggi molte location sono entrate nell&#8217;immaginario collettivo, contribuendo a valorizzare la destinazione e a sostenerne il richiamo turistico&#8221;.<\/p>\n<p>Presente in conferenza stampa anche il Presidente della Commissione Cultura della Camera, Federico Mollicone che ha dichiarato: &#8220;Cortinametraggio rappresenta un&#8217;eccellenza del panorama culturale italiano, un luogo in cui il talento dei giovani autori trova spazio e visibilit\u00e0. \u00c8 un festival che non solo celebra il cortometraggio come forma d&#8217;arte, ma contribuisce anche a rafforzare il dialogo internazionale e a promuovere l&#8217;innovazione nelle nuove forme di narrazione audiovisiva. Bene, per quanto riguarda questa edizione, il coinvolgimento della Romania. La cultura italiana e quella romena hanno radici comune lontane e questa manifestazione ne sar\u00e0 un&#8217;ulteriore prova. Da sempre sosteniamo iniziative di diplomazia culturale come questa.&#8221;<\/p>\n<p>Federica Pala, famosa per aver interpretato Sara Scazzi in Avetrana \u2013 Qui non \u00e8 Hollywood di Pippo Mezzapesa, sar\u00e0 la madrina di questa edizione, raccogliendo il testimone da Barbara Venturato. Con il suo carisma e la sua intensit\u00e0, incarner\u00e0 alla perfezione lo spirito del festival che da ventuno anni celebra il meglio della cinematografia breve italiana.<\/p>\n<p>A guidare la direzione artistica anche per questa edizione sar\u00e0 Niccol\u00f2 Gentili, ormai presenza imprescindibile del festival. Attento osservatore del panorama cinematografico emergente, Gentili continua a costruire con visione e rigore la linea editoriale di Cortinametraggio, contribuendo a consolidarne il ruolo di trampolino di lancio per i nuovi talenti del cinema italiano.<\/p>\n<p>A fare gli onori di casa torner\u00e0 Roberto Ciufoli, volto amatissimo dal grande pubblico, reduce da una stagione di successi tra teatro e televisione. La sua verve inconfondibile e il suo stile coinvolgente accompagneranno ancora una volta il pubblico durante le serate del festival, confermandolo padrone di casa ideale per una kermesse che unisce cinema e spettacolo<\/p>\n<p>Inoltre, il Centro Sperimentale di Cinematografia collaborer\u00e0 con il Festival e sar\u00e0 presente con dei CSC Lab, offrendo un&#8217;opportunit\u00e0 unica ai giovani registi di confrontarsi e crescere.<\/p>\n<p>Con il Patrocinio del Comune di Cortina D&#8217;Ampezzo, la 21\u00aa edizione di Cortinametraggio avr\u00e0 la preziosa partecipazione di: OBE \u2013 Osservatorio Branded Entertainment ETS. Partner Istituzionali: DACIN SAR\u0102- e Ambasciata Rumena in Italia, Presidenza Commissione Cultura Camera dei deputati; Platinum Partner: Aermec;<\/p>\n<p>Anche quest&#8217;anno Frecciarossa, il treno Alta Velocit\u00e0 di Trenitalia (Gruppo FS), sar\u00e0 Main Partner del Festival.<\/p>\n<p>Main Partner: Anpit Italia, Esselunga, Cotril;<\/p>\n<p>Alberghi ufficiali: Hotel De La Poste; Hotel Regina; Hotel Villaneve<\/p>\n<p>Gold Partner: Fondazione Marche e Cultura;<\/p>\n<p>Tecnici: Nuove Reti, IVDR, SUMAevents, Giancarlo dall&#8217;Omo GD Design, Michele Affidato, Leo Nardin Raboso Sug\u00e0.<\/p>\n<p>Tutte le informazioni sul sito ufficiale: www.cortinametraggio.it<\/p>","protected":false},"excerpt":{"rendered":"<p>Torna uno degli appuntamenti pi\u00f9 attesi del panorama cinematografico italiano: Cortinametraggio, il festival fondato e presieduto da Maddalena Mayneri, che da oltre vent&#8217;anni \u00e8 vetrina d&#8217;eccellenza per il cortometraggio italiano e non solo. La 21\u00aa edizione si terr\u00e0 nella splendida Cortina d&#8217;Ampezzo dal 23 al 29 marzo 2026, con un programma ricco di anteprime, ospiti [&hellip;]<\/p>\n","protected":false},"author":2,"featured_media":163017,"comment_status":"closed","ping_status":"open","sticky":false,"template":"","format":"standard","meta":{"footnotes":""},"categories":[27,3,25],"tags":[],"class_list":["post-163016","post","type-post","status-publish","format-standard","has-post-thumbnail","category-appuntamenti","category-arte-cultura-spettacoli-scienza-archivi","category-pausa-caffe"],"yoast_head":"<!-- This site is optimized with the Yoast SEO plugin v28.4 - https:\/\/yoast.com\/product\/yoast-seo-wordpress\/ -->\n<title>Cortinametraggio 23-29 marzo 2026. Dall&#039;8 settembre il bando su Filmfreeway. Madrina Federica Pala - Bellunopress - Dolomiti<\/title>\n<meta name=\"robots\" content=\"index, follow, max-snippet:-1, max-image-preview:large, max-video-preview:-1\" \/>\n<link rel=\"canonical\" href=\"https:\/\/www.bellunopress.it\/fr\/2025\/09\/04\/cortinametraggio-23-29-marzo-2026-dall8-settembre-il-bando-su-filmfreeway-madrina-federica-pala\/\" \/>\n<meta property=\"og:locale\" content=\"fr_FR\" \/>\n<meta property=\"og:type\" content=\"article\" \/>\n<meta property=\"og:title\" content=\"Cortinametraggio 23-29 marzo 2026. Dall&#039;8 settembre il bando su Filmfreeway. Madrina Federica Pala - Bellunopress - Dolomiti\" \/>\n<meta property=\"og:description\" content=\"Torna uno degli appuntamenti pi\u00f9 attesi del panorama cinematografico italiano: Cortinametraggio, il festival fondato e presieduto da Maddalena Mayneri, che da oltre vent&#8217;anni \u00e8 vetrina d&#8217;eccellenza per il cortometraggio italiano e non solo. La 21\u00aa edizione si terr\u00e0 nella splendida Cortina d&#8217;Ampezzo dal 23 al 29 marzo 2026, con un programma ricco di anteprime, ospiti [&hellip;]\" \/>\n<meta property=\"og:url\" content=\"https:\/\/www.bellunopress.it\/fr\/2025\/09\/04\/cortinametraggio-23-29-marzo-2026-dall8-settembre-il-bando-su-filmfreeway-madrina-federica-pala\/\" \/>\n<meta property=\"og:site_name\" content=\"Bellunopress - Dolomiti\" \/>\n<meta property=\"article:publisher\" content=\"https:\/\/www.facebook.com\/profile.php?id=100008943462799\" \/>\n<meta property=\"article:published_time\" content=\"2025-09-04T18:52:03+00:00\" \/>\n<meta property=\"og:image\" content=\"https:\/\/www.bellunopress.it\/wp-content\/uploads\/2025\/09\/Cortinametraggio-2026_edited.jpg\" \/>\n\t<meta property=\"og:image:width\" content=\"800\" \/>\n\t<meta property=\"og:image:height\" content=\"449\" \/>\n\t<meta property=\"og:image:type\" content=\"image\/jpeg\" \/>\n<meta name=\"author\" content=\"redazione\" \/>\n<meta name=\"twitter:card\" content=\"summary_large_image\" \/>\n<meta name=\"twitter:creator\" content=\"@bellunopress\" \/>\n<meta name=\"twitter:site\" content=\"@bellunopress\" \/>\n<meta name=\"twitter:label1\" content=\"\u00c9crit par\" \/>\n\t<meta name=\"twitter:data1\" content=\"redazione\" \/>\n\t<meta name=\"twitter:label2\" content=\"Dur\u00e9e de lecture estim\u00e9e\" \/>\n\t<meta name=\"twitter:data2\" content=\"7 minutes\" \/>\n<script type=\"application\/ld+json\" class=\"yoast-schema-graph\">{\"@context\":\"https:\\\/\\\/schema.org\",\"@graph\":[{\"@type\":\"Article\",\"@id\":\"https:\\\/\\\/www.bellunopress.it\\\/2025\\\/09\\\/04\\\/cortinametraggio-23-29-marzo-2026-dall8-settembre-il-bando-su-filmfreeway-madrina-federica-pala\\\/#article\",\"isPartOf\":{\"@id\":\"https:\\\/\\\/www.bellunopress.it\\\/2025\\\/09\\\/04\\\/cortinametraggio-23-29-marzo-2026-dall8-settembre-il-bando-su-filmfreeway-madrina-federica-pala\\\/\"},\"author\":{\"name\":\"redazione\",\"@id\":\"https:\\\/\\\/www.bellunopress.it\\\/#\\\/schema\\\/person\\\/79bb06722b37ece1c03d3e94beb30d73\"},\"headline\":\"Cortinametraggio 23-29 marzo 2026. Dall&#8217;8 settembre il bando su Filmfreeway. Madrina Federica Pala\",\"datePublished\":\"2025-09-04T18:52:03+00:00\",\"mainEntityOfPage\":{\"@id\":\"https:\\\/\\\/www.bellunopress.it\\\/2025\\\/09\\\/04\\\/cortinametraggio-23-29-marzo-2026-dall8-settembre-il-bando-su-filmfreeway-madrina-federica-pala\\\/\"},\"wordCount\":1442,\"publisher\":{\"@id\":\"https:\\\/\\\/www.bellunopress.it\\\/#organization\"},\"image\":{\"@id\":\"https:\\\/\\\/www.bellunopress.it\\\/2025\\\/09\\\/04\\\/cortinametraggio-23-29-marzo-2026-dall8-settembre-il-bando-su-filmfreeway-madrina-federica-pala\\\/#primaryimage\"},\"thumbnailUrl\":\"https:\\\/\\\/www.bellunopress.it\\\/wp-content\\\/uploads\\\/2025\\\/09\\\/Cortinametraggio-2026_edited.jpg\",\"articleSection\":[\"Appuntamenti, Eventi\",\"Arte, Cultura, Spettacoli, Scienza\",\"Pausa Caff\u00e8\"],\"inLanguage\":\"fr-FR\"},{\"@type\":\"WebPage\",\"@id\":\"https:\\\/\\\/www.bellunopress.it\\\/2025\\\/09\\\/04\\\/cortinametraggio-23-29-marzo-2026-dall8-settembre-il-bando-su-filmfreeway-madrina-federica-pala\\\/\",\"url\":\"https:\\\/\\\/www.bellunopress.it\\\/2025\\\/09\\\/04\\\/cortinametraggio-23-29-marzo-2026-dall8-settembre-il-bando-su-filmfreeway-madrina-federica-pala\\\/\",\"name\":\"Cortinametraggio 23-29 marzo 2026. Dall'8 settembre il bando su Filmfreeway. Madrina Federica Pala - Bellunopress - Dolomiti\",\"isPartOf\":{\"@id\":\"https:\\\/\\\/www.bellunopress.it\\\/#website\"},\"primaryImageOfPage\":{\"@id\":\"https:\\\/\\\/www.bellunopress.it\\\/2025\\\/09\\\/04\\\/cortinametraggio-23-29-marzo-2026-dall8-settembre-il-bando-su-filmfreeway-madrina-federica-pala\\\/#primaryimage\"},\"image\":{\"@id\":\"https:\\\/\\\/www.bellunopress.it\\\/2025\\\/09\\\/04\\\/cortinametraggio-23-29-marzo-2026-dall8-settembre-il-bando-su-filmfreeway-madrina-federica-pala\\\/#primaryimage\"},\"thumbnailUrl\":\"https:\\\/\\\/www.bellunopress.it\\\/wp-content\\\/uploads\\\/2025\\\/09\\\/Cortinametraggio-2026_edited.jpg\",\"datePublished\":\"2025-09-04T18:52:03+00:00\",\"breadcrumb\":{\"@id\":\"https:\\\/\\\/www.bellunopress.it\\\/2025\\\/09\\\/04\\\/cortinametraggio-23-29-marzo-2026-dall8-settembre-il-bando-su-filmfreeway-madrina-federica-pala\\\/#breadcrumb\"},\"inLanguage\":\"fr-FR\",\"potentialAction\":[{\"@type\":\"ReadAction\",\"target\":[\"https:\\\/\\\/www.bellunopress.it\\\/2025\\\/09\\\/04\\\/cortinametraggio-23-29-marzo-2026-dall8-settembre-il-bando-su-filmfreeway-madrina-federica-pala\\\/\"]}]},{\"@type\":\"ImageObject\",\"inLanguage\":\"fr-FR\",\"@id\":\"https:\\\/\\\/www.bellunopress.it\\\/2025\\\/09\\\/04\\\/cortinametraggio-23-29-marzo-2026-dall8-settembre-il-bando-su-filmfreeway-madrina-federica-pala\\\/#primaryimage\",\"url\":\"https:\\\/\\\/www.bellunopress.it\\\/wp-content\\\/uploads\\\/2025\\\/09\\\/Cortinametraggio-2026_edited.jpg\",\"contentUrl\":\"https:\\\/\\\/www.bellunopress.it\\\/wp-content\\\/uploads\\\/2025\\\/09\\\/Cortinametraggio-2026_edited.jpg\",\"width\":800,\"height\":449},{\"@type\":\"BreadcrumbList\",\"@id\":\"https:\\\/\\\/www.bellunopress.it\\\/2025\\\/09\\\/04\\\/cortinametraggio-23-29-marzo-2026-dall8-settembre-il-bando-su-filmfreeway-madrina-federica-pala\\\/#breadcrumb\",\"itemListElement\":[{\"@type\":\"ListItem\",\"position\":1,\"name\":\"Home\",\"item\":\"https:\\\/\\\/www.bellunopress.it\\\/\"},{\"@type\":\"ListItem\",\"position\":2,\"name\":\"Cortinametraggio 23-29 marzo 2026. Dall&#8217;8 settembre il bando su Filmfreeway. Madrina Federica Pala\"}]},{\"@type\":\"WebSite\",\"@id\":\"https:\\\/\\\/www.bellunopress.it\\\/#website\",\"url\":\"https:\\\/\\\/www.bellunopress.it\\\/\",\"name\":\"Bellunopress - Dolomiti\",\"description\":\"e-mail: redazione@bellunopress.it\",\"publisher\":{\"@id\":\"https:\\\/\\\/www.bellunopress.it\\\/#organization\"},\"potentialAction\":[{\"@type\":\"SearchAction\",\"target\":{\"@type\":\"EntryPoint\",\"urlTemplate\":\"https:\\\/\\\/www.bellunopress.it\\\/?s={search_term_string}\"},\"query-input\":{\"@type\":\"PropertyValueSpecification\",\"valueRequired\":true,\"valueName\":\"search_term_string\"}}],\"inLanguage\":\"fr-FR\"},{\"@type\":\"Organization\",\"@id\":\"https:\\\/\\\/www.bellunopress.it\\\/#organization\",\"name\":\"Bellunopress\",\"url\":\"https:\\\/\\\/www.bellunopress.it\\\/\",\"logo\":{\"@type\":\"ImageObject\",\"inLanguage\":\"fr-FR\",\"@id\":\"https:\\\/\\\/www.bellunopress.it\\\/#\\\/schema\\\/logo\\\/image\\\/\",\"url\":\"https:\\\/\\\/www.bellunopress.it\\\/wp-content\\\/uploads\\\/2011\\\/05\\\/cropped-logo-bellunopress-.jpg\",\"contentUrl\":\"https:\\\/\\\/www.bellunopress.it\\\/wp-content\\\/uploads\\\/2011\\\/05\\\/cropped-logo-bellunopress-.jpg\",\"width\":512,\"height\":512,\"caption\":\"Bellunopress\"},\"image\":{\"@id\":\"https:\\\/\\\/www.bellunopress.it\\\/#\\\/schema\\\/logo\\\/image\\\/\"},\"sameAs\":[\"https:\\\/\\\/www.facebook.com\\\/profile.php?id=100008943462799\",\"https:\\\/\\\/x.com\\\/bellunopress\",\"https:\\\/\\\/www.linkedin.com\\\/hp\\\/?dnr=JBzUWaJfMUw8vbXJJ2tVW5-I3jZKvC4wsoxE&amp;amp;amp;amp;amp;amp;trk=nav_responsive_tab_home\",\"https:\\\/\\\/www.youtube.com\\\/channel\\\/UCxL0wu1uN0_3_7hGG0306cw\"]},{\"@type\":\"Person\",\"@id\":\"https:\\\/\\\/www.bellunopress.it\\\/#\\\/schema\\\/person\\\/79bb06722b37ece1c03d3e94beb30d73\",\"name\":\"redazione\",\"image\":{\"@type\":\"ImageObject\",\"inLanguage\":\"fr-FR\",\"@id\":\"https:\\\/\\\/secure.gravatar.com\\\/avatar\\\/37d968a2e67a6fd04c169c4bdef102d0bc5d31b2546345219e348575eb80e9a0?s=96&d=mm&r=g\",\"url\":\"https:\\\/\\\/secure.gravatar.com\\\/avatar\\\/37d968a2e67a6fd04c169c4bdef102d0bc5d31b2546345219e348575eb80e9a0?s=96&d=mm&r=g\",\"contentUrl\":\"https:\\\/\\\/secure.gravatar.com\\\/avatar\\\/37d968a2e67a6fd04c169c4bdef102d0bc5d31b2546345219e348575eb80e9a0?s=96&d=mm&r=g\",\"caption\":\"redazione\"},\"sameAs\":[\"http:\\\/\\\/www.bellunopress.it\",\"https:\\\/\\\/x.com\\\/bellunopress\"],\"url\":\"https:\\\/\\\/www.bellunopress.it\\\/fr\\\/author\\\/redazione\\\/\"}]}<\/script>\n<!-- \/ Yoast SEO plugin. -->","yoast_head_json":{"title":"Cortinametraggio 23-29 marzo 2026. Dall'8 settembre il bando su Filmfreeway. Madrina Federica Pala - Bellunopress - Dolomiti","robots":{"index":"index","follow":"follow","max-snippet":"max-snippet:-1","max-image-preview":"max-image-preview:large","max-video-preview":"max-video-preview:-1"},"canonical":"https:\/\/www.bellunopress.it\/fr\/2025\/09\/04\/cortinametraggio-23-29-marzo-2026-dall8-settembre-il-bando-su-filmfreeway-madrina-federica-pala\/","og_locale":"fr_FR","og_type":"article","og_title":"Cortinametraggio 23-29 marzo 2026. Dall'8 settembre il bando su Filmfreeway. Madrina Federica Pala - Bellunopress - Dolomiti","og_description":"Torna uno degli appuntamenti pi\u00f9 attesi del panorama cinematografico italiano: Cortinametraggio, il festival fondato e presieduto da Maddalena Mayneri, che da oltre vent&#8217;anni \u00e8 vetrina d&#8217;eccellenza per il cortometraggio italiano e non solo. La 21\u00aa edizione si terr\u00e0 nella splendida Cortina d&#8217;Ampezzo dal 23 al 29 marzo 2026, con un programma ricco di anteprime, ospiti [&hellip;]","og_url":"https:\/\/www.bellunopress.it\/fr\/2025\/09\/04\/cortinametraggio-23-29-marzo-2026-dall8-settembre-il-bando-su-filmfreeway-madrina-federica-pala\/","og_site_name":"Bellunopress - Dolomiti","article_publisher":"https:\/\/www.facebook.com\/profile.php?id=100008943462799","article_published_time":"2025-09-04T18:52:03+00:00","og_image":[{"width":800,"height":449,"url":"https:\/\/www.bellunopress.it\/wp-content\/uploads\/2025\/09\/Cortinametraggio-2026_edited.jpg","type":"image\/jpeg"}],"author":"redazione","twitter_card":"summary_large_image","twitter_creator":"@bellunopress","twitter_site":"@bellunopress","twitter_misc":{"\u00c9crit par":"redazione","Dur\u00e9e de lecture estim\u00e9e":"7 minutes"},"schema":{"@context":"https:\/\/schema.org","@graph":[{"@type":"Article","@id":"https:\/\/www.bellunopress.it\/2025\/09\/04\/cortinametraggio-23-29-marzo-2026-dall8-settembre-il-bando-su-filmfreeway-madrina-federica-pala\/#article","isPartOf":{"@id":"https:\/\/www.bellunopress.it\/2025\/09\/04\/cortinametraggio-23-29-marzo-2026-dall8-settembre-il-bando-su-filmfreeway-madrina-federica-pala\/"},"author":{"name":"redazione","@id":"https:\/\/www.bellunopress.it\/#\/schema\/person\/79bb06722b37ece1c03d3e94beb30d73"},"headline":"Cortinametraggio 23-29 marzo 2026. Dall&#8217;8 settembre il bando su Filmfreeway. Madrina Federica Pala","datePublished":"2025-09-04T18:52:03+00:00","mainEntityOfPage":{"@id":"https:\/\/www.bellunopress.it\/2025\/09\/04\/cortinametraggio-23-29-marzo-2026-dall8-settembre-il-bando-su-filmfreeway-madrina-federica-pala\/"},"wordCount":1442,"publisher":{"@id":"https:\/\/www.bellunopress.it\/#organization"},"image":{"@id":"https:\/\/www.bellunopress.it\/2025\/09\/04\/cortinametraggio-23-29-marzo-2026-dall8-settembre-il-bando-su-filmfreeway-madrina-federica-pala\/#primaryimage"},"thumbnailUrl":"https:\/\/www.bellunopress.it\/wp-content\/uploads\/2025\/09\/Cortinametraggio-2026_edited.jpg","articleSection":["Appuntamenti, Eventi","Arte, Cultura, Spettacoli, Scienza","Pausa Caff\u00e8"],"inLanguage":"fr-FR"},{"@type":"WebPage","@id":"https:\/\/www.bellunopress.it\/2025\/09\/04\/cortinametraggio-23-29-marzo-2026-dall8-settembre-il-bando-su-filmfreeway-madrina-federica-pala\/","url":"https:\/\/www.bellunopress.it\/2025\/09\/04\/cortinametraggio-23-29-marzo-2026-dall8-settembre-il-bando-su-filmfreeway-madrina-federica-pala\/","name":"Cortinametraggio 23-29 marzo 2026. Dall'8 settembre il bando su Filmfreeway. Madrina Federica Pala - Bellunopress - Dolomiti","isPartOf":{"@id":"https:\/\/www.bellunopress.it\/#website"},"primaryImageOfPage":{"@id":"https:\/\/www.bellunopress.it\/2025\/09\/04\/cortinametraggio-23-29-marzo-2026-dall8-settembre-il-bando-su-filmfreeway-madrina-federica-pala\/#primaryimage"},"image":{"@id":"https:\/\/www.bellunopress.it\/2025\/09\/04\/cortinametraggio-23-29-marzo-2026-dall8-settembre-il-bando-su-filmfreeway-madrina-federica-pala\/#primaryimage"},"thumbnailUrl":"https:\/\/www.bellunopress.it\/wp-content\/uploads\/2025\/09\/Cortinametraggio-2026_edited.jpg","datePublished":"2025-09-04T18:52:03+00:00","breadcrumb":{"@id":"https:\/\/www.bellunopress.it\/2025\/09\/04\/cortinametraggio-23-29-marzo-2026-dall8-settembre-il-bando-su-filmfreeway-madrina-federica-pala\/#breadcrumb"},"inLanguage":"fr-FR","potentialAction":[{"@type":"ReadAction","target":["https:\/\/www.bellunopress.it\/2025\/09\/04\/cortinametraggio-23-29-marzo-2026-dall8-settembre-il-bando-su-filmfreeway-madrina-federica-pala\/"]}]},{"@type":"ImageObject","inLanguage":"fr-FR","@id":"https:\/\/www.bellunopress.it\/2025\/09\/04\/cortinametraggio-23-29-marzo-2026-dall8-settembre-il-bando-su-filmfreeway-madrina-federica-pala\/#primaryimage","url":"https:\/\/www.bellunopress.it\/wp-content\/uploads\/2025\/09\/Cortinametraggio-2026_edited.jpg","contentUrl":"https:\/\/www.bellunopress.it\/wp-content\/uploads\/2025\/09\/Cortinametraggio-2026_edited.jpg","width":800,"height":449},{"@type":"BreadcrumbList","@id":"https:\/\/www.bellunopress.it\/2025\/09\/04\/cortinametraggio-23-29-marzo-2026-dall8-settembre-il-bando-su-filmfreeway-madrina-federica-pala\/#breadcrumb","itemListElement":[{"@type":"ListItem","position":1,"name":"Home","item":"https:\/\/www.bellunopress.it\/"},{"@type":"ListItem","position":2,"name":"Cortinametraggio 23-29 marzo 2026. Dall&#8217;8 settembre il bando su Filmfreeway. Madrina Federica Pala"}]},{"@type":"WebSite","@id":"https:\/\/www.bellunopress.it\/#website","url":"https:\/\/www.bellunopress.it\/","name":"Bellunopress - Dolomiti","description":"e-mail: redazione@bellunopress.it","publisher":{"@id":"https:\/\/www.bellunopress.it\/#organization"},"potentialAction":[{"@type":"SearchAction","target":{"@type":"EntryPoint","urlTemplate":"https:\/\/www.bellunopress.it\/?s={search_term_string}"},"query-input":{"@type":"PropertyValueSpecification","valueRequired":true,"valueName":"search_term_string"}}],"inLanguage":"fr-FR"},{"@type":"Organization","@id":"https:\/\/www.bellunopress.it\/#organization","name":"Bellunopress","url":"https:\/\/www.bellunopress.it\/","logo":{"@type":"ImageObject","inLanguage":"fr-FR","@id":"https:\/\/www.bellunopress.it\/#\/schema\/logo\/image\/","url":"https:\/\/www.bellunopress.it\/wp-content\/uploads\/2011\/05\/cropped-logo-bellunopress-.jpg","contentUrl":"https:\/\/www.bellunopress.it\/wp-content\/uploads\/2011\/05\/cropped-logo-bellunopress-.jpg","width":512,"height":512,"caption":"Bellunopress"},"image":{"@id":"https:\/\/www.bellunopress.it\/#\/schema\/logo\/image\/"},"sameAs":["https:\/\/www.facebook.com\/profile.php?id=100008943462799","https:\/\/x.com\/bellunopress","https:\/\/www.linkedin.com\/hp\/?dnr=JBzUWaJfMUw8vbXJJ2tVW5-I3jZKvC4wsoxE&amp;amp;amp;amp;amp;amp;trk=nav_responsive_tab_home","https:\/\/www.youtube.com\/channel\/UCxL0wu1uN0_3_7hGG0306cw"]},{"@type":"Person","@id":"https:\/\/www.bellunopress.it\/#\/schema\/person\/79bb06722b37ece1c03d3e94beb30d73","name":"r\u00e9daction","image":{"@type":"ImageObject","inLanguage":"fr-FR","@id":"https:\/\/secure.gravatar.com\/avatar\/37d968a2e67a6fd04c169c4bdef102d0bc5d31b2546345219e348575eb80e9a0?s=96&d=mm&r=g","url":"https:\/\/secure.gravatar.com\/avatar\/37d968a2e67a6fd04c169c4bdef102d0bc5d31b2546345219e348575eb80e9a0?s=96&d=mm&r=g","contentUrl":"https:\/\/secure.gravatar.com\/avatar\/37d968a2e67a6fd04c169c4bdef102d0bc5d31b2546345219e348575eb80e9a0?s=96&d=mm&r=g","caption":"redazione"},"sameAs":["http:\/\/www.bellunopress.it","https:\/\/x.com\/bellunopress"],"url":"https:\/\/www.bellunopress.it\/fr\/author\/redazione\/"}]}},"_links":{"self":[{"href":"https:\/\/www.bellunopress.it\/fr\/wp-json\/wp\/v2\/posts\/163016","targetHints":{"allow":["GET"]}}],"collection":[{"href":"https:\/\/www.bellunopress.it\/fr\/wp-json\/wp\/v2\/posts"}],"about":[{"href":"https:\/\/www.bellunopress.it\/fr\/wp-json\/wp\/v2\/types\/post"}],"author":[{"embeddable":true,"href":"https:\/\/www.bellunopress.it\/fr\/wp-json\/wp\/v2\/users\/2"}],"replies":[{"embeddable":true,"href":"https:\/\/www.bellunopress.it\/fr\/wp-json\/wp\/v2\/comments?post=163016"}],"version-history":[{"count":1,"href":"https:\/\/www.bellunopress.it\/fr\/wp-json\/wp\/v2\/posts\/163016\/revisions"}],"predecessor-version":[{"id":163018,"href":"https:\/\/www.bellunopress.it\/fr\/wp-json\/wp\/v2\/posts\/163016\/revisions\/163018"}],"wp:featuredmedia":[{"embeddable":true,"href":"https:\/\/www.bellunopress.it\/fr\/wp-json\/wp\/v2\/media\/163017"}],"wp:attachment":[{"href":"https:\/\/www.bellunopress.it\/fr\/wp-json\/wp\/v2\/media?parent=163016"}],"wp:term":[{"taxonomy":"category","embeddable":true,"href":"https:\/\/www.bellunopress.it\/fr\/wp-json\/wp\/v2\/categories?post=163016"},{"taxonomy":"post_tag","embeddable":true,"href":"https:\/\/www.bellunopress.it\/fr\/wp-json\/wp\/v2\/tags?post=163016"}],"curies":[{"name":"wp","href":"https:\/\/api.w.org\/{rel}","templated":true}]}}