{"id":163009,"date":"2025-09-04T16:05:27","date_gmt":"2025-09-04T14:05:27","guid":{"rendered":"https:\/\/www.bellunopress.it\/?p=163009"},"modified":"2025-09-04T16:05:27","modified_gmt":"2025-09-04T14:05:27","slug":"alla-confraternita-del-formaggio-il-ricordo-di-giorgio-lago-con-il-figlio-francesco","status":"publish","type":"post","link":"https:\/\/www.bellunopress.it\/fr\/2025\/09\/04\/alla-confraternita-del-formaggio-il-ricordo-di-giorgio-lago-con-il-figlio-francesco\/","title":{"rendered":"Alla Confraternita del formaggio il ricordo di Giorgio Lago con il figlio Francesco"},"content":{"rendered":"<figure id=\"attachment_163010\" aria-describedby=\"caption-attachment-163010\" style=\"width: 800px\" class=\"wp-caption aligncenter\"><img loading=\"lazy\" decoding=\"async\" class=\"size-full wp-image-163010\" src=\"https:\/\/www.bellunopress.it\/wp-content\/uploads\/2025\/09\/Fabio-Bona-Antonio-Bortoli-e-Francesco-Chiavacci-Lago__edited.jpg\" alt=\"Confraternita del Formaggio Piave doc\" width=\"800\" height=\"548\" srcset=\"https:\/\/www.bellunopress.it\/wp-content\/uploads\/2025\/09\/Fabio-Bona-Antonio-Bortoli-e-Francesco-Chiavacci-Lago__edited.jpg 800w, https:\/\/www.bellunopress.it\/wp-content\/uploads\/2025\/09\/Fabio-Bona-Antonio-Bortoli-e-Francesco-Chiavacci-Lago__edited-500x343.jpg 500w, https:\/\/www.bellunopress.it\/wp-content\/uploads\/2025\/09\/Fabio-Bona-Antonio-Bortoli-e-Francesco-Chiavacci-Lago__edited-613x420.jpg 613w, https:\/\/www.bellunopress.it\/wp-content\/uploads\/2025\/09\/Fabio-Bona-Antonio-Bortoli-e-Francesco-Chiavacci-Lago__edited-218x150.jpg 218w, https:\/\/www.bellunopress.it\/wp-content\/uploads\/2025\/09\/Fabio-Bona-Antonio-Bortoli-e-Francesco-Chiavacci-Lago__edited-696x477.jpg 696w\" sizes=\"auto, (max-width: 800px) 100vw, 800px\" \/><figcaption id=\"caption-attachment-163010\" class=\"wp-caption-text\">Fabio Bona, Antonio Bortoli e Francesco Chiavacci Lago<\/figcaption><\/figure>\n<p>Cesiomaggiore, 04.09.2025 &#8211; Una serata per scoprire (o riscoprire) la figura e l\u2019opera di uno straordinario interprete di uno snodo fondamentale della storia del Nordest: Giorgio Lago. Una serata che ha avuto come traccia il libro Il mio Veneto e altri scritti e un testimone diretto e autorevole, il figlio Francesco curatore, assieme a Francesco Jori, del volume.<\/p>\n<figure id=\"attachment_120000\" aria-describedby=\"caption-attachment-120000\" style=\"width: 800px\" class=\"wp-caption aligncenter\"><img loading=\"lazy\" decoding=\"async\" class=\"size-full wp-image-120000\" src=\"https:\/\/www.bellunopress.it\/wp-content\/uploads\/2020\/12\/Giorgio-Lago_edited.jpg\" alt=\"\" width=\"800\" height=\"524\" srcset=\"https:\/\/www.bellunopress.it\/wp-content\/uploads\/2020\/12\/Giorgio-Lago_edited.jpg 800w, https:\/\/www.bellunopress.it\/wp-content\/uploads\/2020\/12\/Giorgio-Lago_edited-500x328.jpg 500w, https:\/\/www.bellunopress.it\/wp-content\/uploads\/2020\/12\/Giorgio-Lago_edited-696x456.jpg 696w, https:\/\/www.bellunopress.it\/wp-content\/uploads\/2020\/12\/Giorgio-Lago_edited-641x420.jpg 641w, https:\/\/www.bellunopress.it\/wp-content\/uploads\/2020\/12\/Giorgio-Lago_edited-741x486.jpg 741w\" sizes=\"auto, (max-width: 800px) 100vw, 800px\" \/><figcaption id=\"caption-attachment-120000\" class=\"wp-caption-text\">Giorgio Lago, giornalista<\/figcaption><\/figure>\n<p>E\u2019 stato questo il tema della parte culturale della riunione mensile della Confraternita del Formaggio Piave Dop. \u201cUna persona di grande spessore che ha inciso profondamente nella societ\u00e0 di questa parte d\u2019Italia\u201d come ha ricordato, introducendo il viaggio sul filo della memoria, Fabio Bona, il presidente della Confraternita.<\/p>\n<p>\u201cPap\u00e0 provava sempre una grande nostalgia per il Piave e per il Bellunese\u201d ha ricordato Francesco. D\u2019altra parte, con madre bellunese, di Mel oggi Borgo Valbelluna, padre padovano, e luogo di nascita vicino alla trevigiana Conegliano, per Lago non poteva essere diversamente. E, anzi, questa mescolanza delle origini lo avrebbe forse portato a dedicare un\u2019attenzione per il Nordest che sarebbe diventata il tratto distintivo della sua attivit\u00e0.<br \/>\nLago aveva iniziato la carriera giornalistica nel 1963 a Milano al giornale sportivo Supersport, diretto da Gianni Reif per poi passare alla redazione milanese di Tuttosport. Cinque anni dopo, nel 1968 era ritornato in Veneto per entrare nella redazione sportiva de Il Gazzettino. Fu inviato speciale a cinque campionati del Mondo di calcio e quattro edizioni dei giochi olimpici trascorrendo mesi all&#8217;estero. Poi, il 20 giugno 1984, Luigino Rossi \u2013 l\u2019imprenditore allora presidente del Gazzettino \u2013 lo chiama alla direzione.<br \/>\n\u201cSubito ci parse che lo avremo visto di pi\u00f9 a casa, non dovendo pi\u00f9 girare il mondo per seguire gli avvenimenti sportivi. In realt\u00e0, fu una speranza presto dimostratasi vana. La sua cura maniacale nel curare l\u2019edizione e il sacro terrore di prendere \u2018un buco\u2019 (non dare una notizia presente nei giornali concorrenti. Ndr) lo facevano rientrare sempre a notte fonda\u201d.<br \/>\nIn dodici anni della sua direzione, Il Gazzettino aveva raddoppiato le copie vendute, diventando il settimo quotidiano nazionale. Poi, nel 1996 lascia la testata e diventa editorialista per il Gruppo L&#8217;Espresso (in particolare sui fenomeni del Nord-est e sulla Lega Nord di Umberto Bossi) e per i quotidiani veneti del Gruppo Finegil.<br \/>\nNel settembre del 1995 scrive la Lettera aperta ad un sindaco del Nord-est. Un\u2019anteprima di quello che sar\u00e0 il Movimento dei Sindaci avviato qualche mese pi\u00f9 tardi assieme a Massimo Cacciari, sindaco di Venezia, e Giuseppe Covre, sindaco di Oderzo. L\u2019idea che sta alla base del Movimento \u00e8 centrata sul concetto di un \u2018federalismo che parte dal basso, dai sindaci di paese e di citt\u00e0\u2019.<\/p>\n<p>\u201cPap\u00e0 \u00e8 sempre stato un partigiano. Massimo rispetto per le persone ma deciso, duro nel sostenere le sue tesi; si trattasse di sport o di impegno pubblico\u201d.<br \/>\nUn impegno particolarmente evidente in tema di Nordest. Lo ricorda Paolo Possamai nel suo intervento. \u201cIl punto di partenza \u00e8 rappresentato dalla questione dell&#8217;identit\u00e0 e della sua mobilita. E per definirla, Giorgio Lago ha sempre avuto chiarissima la necessit\u00e0 di reperire e illuminare i fattori comuni tra i cimbri del Verena, le comunit\u00e0 di lingua slovena del Carso triestino, gli autarchici veronesi, i veneziani di Pellestrina, i natii delle Basse emarginate dai grandi flussi, e via dicendo l&#8217;infinito campionario delle diversit\u00e0 e delle magnifiche ricchezze che illustrano il Triveneto\u201d.<\/p>\n<p>Quando, nel 1996 la sua uscita dal Gazzettino fece rumore. \u201cAnche qui si tratt\u00f2 solamente di seguire le sue convinzioni. Da tempo aveva segnalato, proprio sul Gazzettino, l\u2019anomalia che si stava concretando in Italia, con un imprenditore che si avviava a disporre di met\u00e0 dei media. Critiche a questa sua visione circa il conflitto di interessi non tardarono ad emergere e questo lo indusse a lasciare\u201d.<\/p>\n<p>Nel suo articolo di congedo dopo dodici anni di direzione, Lago si definiva \u2018il facchino del Nordest\u2019: il suo ruolo di giornalista lo vedeva come quello di chi trasportava materiali, progetti, idee, per costruire l\u2019immagine di un\u2019area strategica per il Paese. Oggi come commenterebbe la situazione a Nordest?<\/p>\n<p>\u201cCredo nello stesso, identico modo di allora. Opponendosi con decisione, con forza a tutto ci\u00f2 che, per lui, potesse significare andare contro i valori pi\u00f9 profondi di questa gente\u201d.<\/p>\n<p>Il libro \u00e8 costato tempo e fatica. \u201cVero. Pap\u00e0 aveva lasciato una sconfinata messe di materiale cartaceo &#8211; migliaia e migliaia di libri, riviste, ricordi, materiali vari, ritagli, fotografie, gadget, stipati in ogni dove. Ma nessuna copia dei suoi articoli. Aveva, infatti, usato il computer solo negli ultimi tre anni. I precedenti articoli (poco meno di 12.000. ndr) erano stati scritti con una Olivetti lettera 22. Ma, soprattutto, non ne aveva tenuto copia, perch\u00e9 ragionava da giornalista e non da scrittore. Cos\u00ec la ricerca era diventata molto ardua. Poi, un inaspettato colpo di fortuna: Lucia Ravbar, collaboratrice al Gazzettino, ci fa sapere che nel corso degli anni ha fotocopiato centinaia di articoli, raccogliendoli in faldoni. E poi la scoperta di alcuni scatoloni dove il nonno aveva diligentemente messo da parte le pagine con i suoi articoli degli anni milanesi, proprio quelli che ancora mancavano. Certo, \u00e8 stato necessario scansionarli e catalogarli ma, almeno, c\u2019erano\u201d.<\/p>\n<p>&nbsp;<\/p>\n<p>&nbsp;<\/p>\n<p>&nbsp;<\/p>","protected":false},"excerpt":{"rendered":"<p>Cesiomaggiore, 04.09.2025 &#8211; Una serata per scoprire (o riscoprire) la figura e l\u2019opera di uno straordinario interprete di uno snodo fondamentale della storia del Nordest: Giorgio Lago. Una serata che ha avuto come traccia il libro Il mio Veneto e altri scritti e un testimone diretto e autorevole, il figlio Francesco curatore, assieme a Francesco [&hellip;]<\/p>\n","protected":false},"author":2,"featured_media":163010,"comment_status":"closed","ping_status":"open","sticky":false,"template":"","format":"standard","meta":{"footnotes":""},"categories":[3,25],"tags":[],"class_list":["post-163009","post","type-post","status-publish","format-standard","has-post-thumbnail","category-arte-cultura-spettacoli-scienza-archivi","category-pausa-caffe"],"yoast_head":"<!-- This site is optimized with the Yoast SEO plugin v28.4 - https:\/\/yoast.com\/product\/yoast-seo-wordpress\/ -->\n<title>Alla Confraternita del formaggio il ricordo di Giorgio Lago con il figlio Francesco - Bellunopress - Dolomiti<\/title>\n<meta name=\"robots\" content=\"index, follow, max-snippet:-1, max-image-preview:large, max-video-preview:-1\" \/>\n<link rel=\"canonical\" href=\"https:\/\/www.bellunopress.it\/fr\/2025\/09\/04\/alla-confraternita-del-formaggio-il-ricordo-di-giorgio-lago-con-il-figlio-francesco\/\" \/>\n<meta property=\"og:locale\" content=\"fr_FR\" \/>\n<meta property=\"og:type\" content=\"article\" \/>\n<meta property=\"og:title\" content=\"Alla Confraternita del formaggio il ricordo di Giorgio Lago con il figlio Francesco - Bellunopress - Dolomiti\" \/>\n<meta property=\"og:description\" content=\"Cesiomaggiore, 04.09.2025 &#8211; Una serata per scoprire (o riscoprire) la figura e l\u2019opera di uno straordinario interprete di uno snodo fondamentale della storia del Nordest: Giorgio Lago. Una serata che ha avuto come traccia il libro Il mio Veneto e altri scritti e un testimone diretto e autorevole, il figlio Francesco curatore, assieme a Francesco [&hellip;]\" \/>\n<meta property=\"og:url\" content=\"https:\/\/www.bellunopress.it\/fr\/2025\/09\/04\/alla-confraternita-del-formaggio-il-ricordo-di-giorgio-lago-con-il-figlio-francesco\/\" \/>\n<meta property=\"og:site_name\" content=\"Bellunopress - Dolomiti\" \/>\n<meta property=\"article:publisher\" content=\"https:\/\/www.facebook.com\/profile.php?id=100008943462799\" \/>\n<meta property=\"article:published_time\" content=\"2025-09-04T14:05:27+00:00\" \/>\n<meta property=\"og:image\" content=\"https:\/\/www.bellunopress.it\/wp-content\/uploads\/2025\/09\/Fabio-Bona-Antonio-Bortoli-e-Francesco-Chiavacci-Lago__edited.jpg\" \/>\n\t<meta property=\"og:image:width\" content=\"800\" \/>\n\t<meta property=\"og:image:height\" content=\"548\" \/>\n\t<meta property=\"og:image:type\" content=\"image\/jpeg\" \/>\n<meta name=\"author\" content=\"redazione\" \/>\n<meta name=\"twitter:card\" content=\"summary_large_image\" \/>\n<meta name=\"twitter:creator\" content=\"@bellunopress\" \/>\n<meta name=\"twitter:site\" content=\"@bellunopress\" \/>\n<meta name=\"twitter:label1\" content=\"\u00c9crit par\" \/>\n\t<meta name=\"twitter:data1\" content=\"redazione\" \/>\n\t<meta name=\"twitter:label2\" content=\"Dur\u00e9e de lecture estim\u00e9e\" \/>\n\t<meta name=\"twitter:data2\" content=\"4 minutes\" \/>\n<script type=\"application\/ld+json\" class=\"yoast-schema-graph\">{\"@context\":\"https:\\\/\\\/schema.org\",\"@graph\":[{\"@type\":\"Article\",\"@id\":\"https:\\\/\\\/www.bellunopress.it\\\/2025\\\/09\\\/04\\\/alla-confraternita-del-formaggio-il-ricordo-di-giorgio-lago-con-il-figlio-francesco\\\/#article\",\"isPartOf\":{\"@id\":\"https:\\\/\\\/www.bellunopress.it\\\/2025\\\/09\\\/04\\\/alla-confraternita-del-formaggio-il-ricordo-di-giorgio-lago-con-il-figlio-francesco\\\/\"},\"author\":{\"name\":\"redazione\",\"@id\":\"https:\\\/\\\/www.bellunopress.it\\\/#\\\/schema\\\/person\\\/79bb06722b37ece1c03d3e94beb30d73\"},\"headline\":\"Alla Confraternita del formaggio il ricordo di Giorgio Lago con il figlio Francesco\",\"datePublished\":\"2025-09-04T14:05:27+00:00\",\"mainEntityOfPage\":{\"@id\":\"https:\\\/\\\/www.bellunopress.it\\\/2025\\\/09\\\/04\\\/alla-confraternita-del-formaggio-il-ricordo-di-giorgio-lago-con-il-figlio-francesco\\\/\"},\"wordCount\":884,\"publisher\":{\"@id\":\"https:\\\/\\\/www.bellunopress.it\\\/#organization\"},\"image\":{\"@id\":\"https:\\\/\\\/www.bellunopress.it\\\/2025\\\/09\\\/04\\\/alla-confraternita-del-formaggio-il-ricordo-di-giorgio-lago-con-il-figlio-francesco\\\/#primaryimage\"},\"thumbnailUrl\":\"https:\\\/\\\/www.bellunopress.it\\\/wp-content\\\/uploads\\\/2025\\\/09\\\/Fabio-Bona-Antonio-Bortoli-e-Francesco-Chiavacci-Lago__edited.jpg\",\"articleSection\":[\"Arte, Cultura, Spettacoli, Scienza\",\"Pausa Caff\u00e8\"],\"inLanguage\":\"fr-FR\"},{\"@type\":\"WebPage\",\"@id\":\"https:\\\/\\\/www.bellunopress.it\\\/2025\\\/09\\\/04\\\/alla-confraternita-del-formaggio-il-ricordo-di-giorgio-lago-con-il-figlio-francesco\\\/\",\"url\":\"https:\\\/\\\/www.bellunopress.it\\\/2025\\\/09\\\/04\\\/alla-confraternita-del-formaggio-il-ricordo-di-giorgio-lago-con-il-figlio-francesco\\\/\",\"name\":\"Alla Confraternita del formaggio il ricordo di Giorgio Lago con il figlio Francesco - Bellunopress - Dolomiti\",\"isPartOf\":{\"@id\":\"https:\\\/\\\/www.bellunopress.it\\\/#website\"},\"primaryImageOfPage\":{\"@id\":\"https:\\\/\\\/www.bellunopress.it\\\/2025\\\/09\\\/04\\\/alla-confraternita-del-formaggio-il-ricordo-di-giorgio-lago-con-il-figlio-francesco\\\/#primaryimage\"},\"image\":{\"@id\":\"https:\\\/\\\/www.bellunopress.it\\\/2025\\\/09\\\/04\\\/alla-confraternita-del-formaggio-il-ricordo-di-giorgio-lago-con-il-figlio-francesco\\\/#primaryimage\"},\"thumbnailUrl\":\"https:\\\/\\\/www.bellunopress.it\\\/wp-content\\\/uploads\\\/2025\\\/09\\\/Fabio-Bona-Antonio-Bortoli-e-Francesco-Chiavacci-Lago__edited.jpg\",\"datePublished\":\"2025-09-04T14:05:27+00:00\",\"breadcrumb\":{\"@id\":\"https:\\\/\\\/www.bellunopress.it\\\/2025\\\/09\\\/04\\\/alla-confraternita-del-formaggio-il-ricordo-di-giorgio-lago-con-il-figlio-francesco\\\/#breadcrumb\"},\"inLanguage\":\"fr-FR\",\"potentialAction\":[{\"@type\":\"ReadAction\",\"target\":[\"https:\\\/\\\/www.bellunopress.it\\\/2025\\\/09\\\/04\\\/alla-confraternita-del-formaggio-il-ricordo-di-giorgio-lago-con-il-figlio-francesco\\\/\"]}]},{\"@type\":\"ImageObject\",\"inLanguage\":\"fr-FR\",\"@id\":\"https:\\\/\\\/www.bellunopress.it\\\/2025\\\/09\\\/04\\\/alla-confraternita-del-formaggio-il-ricordo-di-giorgio-lago-con-il-figlio-francesco\\\/#primaryimage\",\"url\":\"https:\\\/\\\/www.bellunopress.it\\\/wp-content\\\/uploads\\\/2025\\\/09\\\/Fabio-Bona-Antonio-Bortoli-e-Francesco-Chiavacci-Lago__edited.jpg\",\"contentUrl\":\"https:\\\/\\\/www.bellunopress.it\\\/wp-content\\\/uploads\\\/2025\\\/09\\\/Fabio-Bona-Antonio-Bortoli-e-Francesco-Chiavacci-Lago__edited.jpg\",\"width\":800,\"height\":548,\"caption\":\"Fabio Bona, Antonio Bortoli e Francesco Chiavacci Lago\"},{\"@type\":\"BreadcrumbList\",\"@id\":\"https:\\\/\\\/www.bellunopress.it\\\/2025\\\/09\\\/04\\\/alla-confraternita-del-formaggio-il-ricordo-di-giorgio-lago-con-il-figlio-francesco\\\/#breadcrumb\",\"itemListElement\":[{\"@type\":\"ListItem\",\"position\":1,\"name\":\"Home\",\"item\":\"https:\\\/\\\/www.bellunopress.it\\\/\"},{\"@type\":\"ListItem\",\"position\":2,\"name\":\"Alla Confraternita del formaggio il ricordo di Giorgio Lago con il figlio Francesco\"}]},{\"@type\":\"WebSite\",\"@id\":\"https:\\\/\\\/www.bellunopress.it\\\/#website\",\"url\":\"https:\\\/\\\/www.bellunopress.it\\\/\",\"name\":\"Bellunopress - Dolomiti\",\"description\":\"e-mail: redazione@bellunopress.it\",\"publisher\":{\"@id\":\"https:\\\/\\\/www.bellunopress.it\\\/#organization\"},\"potentialAction\":[{\"@type\":\"SearchAction\",\"target\":{\"@type\":\"EntryPoint\",\"urlTemplate\":\"https:\\\/\\\/www.bellunopress.it\\\/?s={search_term_string}\"},\"query-input\":{\"@type\":\"PropertyValueSpecification\",\"valueRequired\":true,\"valueName\":\"search_term_string\"}}],\"inLanguage\":\"fr-FR\"},{\"@type\":\"Organization\",\"@id\":\"https:\\\/\\\/www.bellunopress.it\\\/#organization\",\"name\":\"Bellunopress\",\"url\":\"https:\\\/\\\/www.bellunopress.it\\\/\",\"logo\":{\"@type\":\"ImageObject\",\"inLanguage\":\"fr-FR\",\"@id\":\"https:\\\/\\\/www.bellunopress.it\\\/#\\\/schema\\\/logo\\\/image\\\/\",\"url\":\"https:\\\/\\\/www.bellunopress.it\\\/wp-content\\\/uploads\\\/2011\\\/05\\\/cropped-logo-bellunopress-.jpg\",\"contentUrl\":\"https:\\\/\\\/www.bellunopress.it\\\/wp-content\\\/uploads\\\/2011\\\/05\\\/cropped-logo-bellunopress-.jpg\",\"width\":512,\"height\":512,\"caption\":\"Bellunopress\"},\"image\":{\"@id\":\"https:\\\/\\\/www.bellunopress.it\\\/#\\\/schema\\\/logo\\\/image\\\/\"},\"sameAs\":[\"https:\\\/\\\/www.facebook.com\\\/profile.php?id=100008943462799\",\"https:\\\/\\\/x.com\\\/bellunopress\",\"https:\\\/\\\/www.linkedin.com\\\/hp\\\/?dnr=JBzUWaJfMUw8vbXJJ2tVW5-I3jZKvC4wsoxE&amp;amp;amp;amp;amp;amp;trk=nav_responsive_tab_home\",\"https:\\\/\\\/www.youtube.com\\\/channel\\\/UCxL0wu1uN0_3_7hGG0306cw\"]},{\"@type\":\"Person\",\"@id\":\"https:\\\/\\\/www.bellunopress.it\\\/#\\\/schema\\\/person\\\/79bb06722b37ece1c03d3e94beb30d73\",\"name\":\"redazione\",\"image\":{\"@type\":\"ImageObject\",\"inLanguage\":\"fr-FR\",\"@id\":\"https:\\\/\\\/secure.gravatar.com\\\/avatar\\\/37d968a2e67a6fd04c169c4bdef102d0bc5d31b2546345219e348575eb80e9a0?s=96&d=mm&r=g\",\"url\":\"https:\\\/\\\/secure.gravatar.com\\\/avatar\\\/37d968a2e67a6fd04c169c4bdef102d0bc5d31b2546345219e348575eb80e9a0?s=96&d=mm&r=g\",\"contentUrl\":\"https:\\\/\\\/secure.gravatar.com\\\/avatar\\\/37d968a2e67a6fd04c169c4bdef102d0bc5d31b2546345219e348575eb80e9a0?s=96&d=mm&r=g\",\"caption\":\"redazione\"},\"sameAs\":[\"http:\\\/\\\/www.bellunopress.it\",\"https:\\\/\\\/x.com\\\/bellunopress\"],\"url\":\"https:\\\/\\\/www.bellunopress.it\\\/fr\\\/author\\\/redazione\\\/\"}]}<\/script>\n<!-- \/ Yoast SEO plugin. -->","yoast_head_json":{"title":"Alla Confraternita del formaggio il ricordo di Giorgio Lago con il figlio Francesco - Bellunopress - Dolomiti","robots":{"index":"index","follow":"follow","max-snippet":"max-snippet:-1","max-image-preview":"max-image-preview:large","max-video-preview":"max-video-preview:-1"},"canonical":"https:\/\/www.bellunopress.it\/fr\/2025\/09\/04\/alla-confraternita-del-formaggio-il-ricordo-di-giorgio-lago-con-il-figlio-francesco\/","og_locale":"fr_FR","og_type":"article","og_title":"Alla Confraternita del formaggio il ricordo di Giorgio Lago con il figlio Francesco - Bellunopress - Dolomiti","og_description":"Cesiomaggiore, 04.09.2025 &#8211; Una serata per scoprire (o riscoprire) la figura e l\u2019opera di uno straordinario interprete di uno snodo fondamentale della storia del Nordest: Giorgio Lago. Una serata che ha avuto come traccia il libro Il mio Veneto e altri scritti e un testimone diretto e autorevole, il figlio Francesco curatore, assieme a Francesco [&hellip;]","og_url":"https:\/\/www.bellunopress.it\/fr\/2025\/09\/04\/alla-confraternita-del-formaggio-il-ricordo-di-giorgio-lago-con-il-figlio-francesco\/","og_site_name":"Bellunopress - Dolomiti","article_publisher":"https:\/\/www.facebook.com\/profile.php?id=100008943462799","article_published_time":"2025-09-04T14:05:27+00:00","og_image":[{"width":800,"height":548,"url":"https:\/\/www.bellunopress.it\/wp-content\/uploads\/2025\/09\/Fabio-Bona-Antonio-Bortoli-e-Francesco-Chiavacci-Lago__edited.jpg","type":"image\/jpeg"}],"author":"redazione","twitter_card":"summary_large_image","twitter_creator":"@bellunopress","twitter_site":"@bellunopress","twitter_misc":{"\u00c9crit par":"redazione","Dur\u00e9e de lecture estim\u00e9e":"4 minutes"},"schema":{"@context":"https:\/\/schema.org","@graph":[{"@type":"Article","@id":"https:\/\/www.bellunopress.it\/2025\/09\/04\/alla-confraternita-del-formaggio-il-ricordo-di-giorgio-lago-con-il-figlio-francesco\/#article","isPartOf":{"@id":"https:\/\/www.bellunopress.it\/2025\/09\/04\/alla-confraternita-del-formaggio-il-ricordo-di-giorgio-lago-con-il-figlio-francesco\/"},"author":{"name":"redazione","@id":"https:\/\/www.bellunopress.it\/#\/schema\/person\/79bb06722b37ece1c03d3e94beb30d73"},"headline":"Alla Confraternita del formaggio il ricordo di Giorgio Lago con il figlio Francesco","datePublished":"2025-09-04T14:05:27+00:00","mainEntityOfPage":{"@id":"https:\/\/www.bellunopress.it\/2025\/09\/04\/alla-confraternita-del-formaggio-il-ricordo-di-giorgio-lago-con-il-figlio-francesco\/"},"wordCount":884,"publisher":{"@id":"https:\/\/www.bellunopress.it\/#organization"},"image":{"@id":"https:\/\/www.bellunopress.it\/2025\/09\/04\/alla-confraternita-del-formaggio-il-ricordo-di-giorgio-lago-con-il-figlio-francesco\/#primaryimage"},"thumbnailUrl":"https:\/\/www.bellunopress.it\/wp-content\/uploads\/2025\/09\/Fabio-Bona-Antonio-Bortoli-e-Francesco-Chiavacci-Lago__edited.jpg","articleSection":["Arte, Cultura, Spettacoli, Scienza","Pausa Caff\u00e8"],"inLanguage":"fr-FR"},{"@type":"WebPage","@id":"https:\/\/www.bellunopress.it\/2025\/09\/04\/alla-confraternita-del-formaggio-il-ricordo-di-giorgio-lago-con-il-figlio-francesco\/","url":"https:\/\/www.bellunopress.it\/2025\/09\/04\/alla-confraternita-del-formaggio-il-ricordo-di-giorgio-lago-con-il-figlio-francesco\/","name":"Alla Confraternita del formaggio il ricordo di Giorgio Lago con il figlio Francesco - Bellunopress - Dolomiti","isPartOf":{"@id":"https:\/\/www.bellunopress.it\/#website"},"primaryImageOfPage":{"@id":"https:\/\/www.bellunopress.it\/2025\/09\/04\/alla-confraternita-del-formaggio-il-ricordo-di-giorgio-lago-con-il-figlio-francesco\/#primaryimage"},"image":{"@id":"https:\/\/www.bellunopress.it\/2025\/09\/04\/alla-confraternita-del-formaggio-il-ricordo-di-giorgio-lago-con-il-figlio-francesco\/#primaryimage"},"thumbnailUrl":"https:\/\/www.bellunopress.it\/wp-content\/uploads\/2025\/09\/Fabio-Bona-Antonio-Bortoli-e-Francesco-Chiavacci-Lago__edited.jpg","datePublished":"2025-09-04T14:05:27+00:00","breadcrumb":{"@id":"https:\/\/www.bellunopress.it\/2025\/09\/04\/alla-confraternita-del-formaggio-il-ricordo-di-giorgio-lago-con-il-figlio-francesco\/#breadcrumb"},"inLanguage":"fr-FR","potentialAction":[{"@type":"ReadAction","target":["https:\/\/www.bellunopress.it\/2025\/09\/04\/alla-confraternita-del-formaggio-il-ricordo-di-giorgio-lago-con-il-figlio-francesco\/"]}]},{"@type":"ImageObject","inLanguage":"fr-FR","@id":"https:\/\/www.bellunopress.it\/2025\/09\/04\/alla-confraternita-del-formaggio-il-ricordo-di-giorgio-lago-con-il-figlio-francesco\/#primaryimage","url":"https:\/\/www.bellunopress.it\/wp-content\/uploads\/2025\/09\/Fabio-Bona-Antonio-Bortoli-e-Francesco-Chiavacci-Lago__edited.jpg","contentUrl":"https:\/\/www.bellunopress.it\/wp-content\/uploads\/2025\/09\/Fabio-Bona-Antonio-Bortoli-e-Francesco-Chiavacci-Lago__edited.jpg","width":800,"height":548,"caption":"Fabio Bona, Antonio Bortoli e Francesco Chiavacci Lago"},{"@type":"BreadcrumbList","@id":"https:\/\/www.bellunopress.it\/2025\/09\/04\/alla-confraternita-del-formaggio-il-ricordo-di-giorgio-lago-con-il-figlio-francesco\/#breadcrumb","itemListElement":[{"@type":"ListItem","position":1,"name":"Home","item":"https:\/\/www.bellunopress.it\/"},{"@type":"ListItem","position":2,"name":"Alla Confraternita del formaggio il ricordo di Giorgio Lago con il figlio Francesco"}]},{"@type":"WebSite","@id":"https:\/\/www.bellunopress.it\/#website","url":"https:\/\/www.bellunopress.it\/","name":"Bellunopress - Dolomiti","description":"e-mail: redazione@bellunopress.it","publisher":{"@id":"https:\/\/www.bellunopress.it\/#organization"},"potentialAction":[{"@type":"SearchAction","target":{"@type":"EntryPoint","urlTemplate":"https:\/\/www.bellunopress.it\/?s={search_term_string}"},"query-input":{"@type":"PropertyValueSpecification","valueRequired":true,"valueName":"search_term_string"}}],"inLanguage":"fr-FR"},{"@type":"Organization","@id":"https:\/\/www.bellunopress.it\/#organization","name":"Bellunopress","url":"https:\/\/www.bellunopress.it\/","logo":{"@type":"ImageObject","inLanguage":"fr-FR","@id":"https:\/\/www.bellunopress.it\/#\/schema\/logo\/image\/","url":"https:\/\/www.bellunopress.it\/wp-content\/uploads\/2011\/05\/cropped-logo-bellunopress-.jpg","contentUrl":"https:\/\/www.bellunopress.it\/wp-content\/uploads\/2011\/05\/cropped-logo-bellunopress-.jpg","width":512,"height":512,"caption":"Bellunopress"},"image":{"@id":"https:\/\/www.bellunopress.it\/#\/schema\/logo\/image\/"},"sameAs":["https:\/\/www.facebook.com\/profile.php?id=100008943462799","https:\/\/x.com\/bellunopress","https:\/\/www.linkedin.com\/hp\/?dnr=JBzUWaJfMUw8vbXJJ2tVW5-I3jZKvC4wsoxE&amp;amp;amp;amp;amp;amp;trk=nav_responsive_tab_home","https:\/\/www.youtube.com\/channel\/UCxL0wu1uN0_3_7hGG0306cw"]},{"@type":"Person","@id":"https:\/\/www.bellunopress.it\/#\/schema\/person\/79bb06722b37ece1c03d3e94beb30d73","name":"r\u00e9daction","image":{"@type":"ImageObject","inLanguage":"fr-FR","@id":"https:\/\/secure.gravatar.com\/avatar\/37d968a2e67a6fd04c169c4bdef102d0bc5d31b2546345219e348575eb80e9a0?s=96&d=mm&r=g","url":"https:\/\/secure.gravatar.com\/avatar\/37d968a2e67a6fd04c169c4bdef102d0bc5d31b2546345219e348575eb80e9a0?s=96&d=mm&r=g","contentUrl":"https:\/\/secure.gravatar.com\/avatar\/37d968a2e67a6fd04c169c4bdef102d0bc5d31b2546345219e348575eb80e9a0?s=96&d=mm&r=g","caption":"redazione"},"sameAs":["http:\/\/www.bellunopress.it","https:\/\/x.com\/bellunopress"],"url":"https:\/\/www.bellunopress.it\/fr\/author\/redazione\/"}]}},"_links":{"self":[{"href":"https:\/\/www.bellunopress.it\/fr\/wp-json\/wp\/v2\/posts\/163009","targetHints":{"allow":["GET"]}}],"collection":[{"href":"https:\/\/www.bellunopress.it\/fr\/wp-json\/wp\/v2\/posts"}],"about":[{"href":"https:\/\/www.bellunopress.it\/fr\/wp-json\/wp\/v2\/types\/post"}],"author":[{"embeddable":true,"href":"https:\/\/www.bellunopress.it\/fr\/wp-json\/wp\/v2\/users\/2"}],"replies":[{"embeddable":true,"href":"https:\/\/www.bellunopress.it\/fr\/wp-json\/wp\/v2\/comments?post=163009"}],"version-history":[{"count":1,"href":"https:\/\/www.bellunopress.it\/fr\/wp-json\/wp\/v2\/posts\/163009\/revisions"}],"predecessor-version":[{"id":163011,"href":"https:\/\/www.bellunopress.it\/fr\/wp-json\/wp\/v2\/posts\/163009\/revisions\/163011"}],"wp:featuredmedia":[{"embeddable":true,"href":"https:\/\/www.bellunopress.it\/fr\/wp-json\/wp\/v2\/media\/163010"}],"wp:attachment":[{"href":"https:\/\/www.bellunopress.it\/fr\/wp-json\/wp\/v2\/media?parent=163009"}],"wp:term":[{"taxonomy":"category","embeddable":true,"href":"https:\/\/www.bellunopress.it\/fr\/wp-json\/wp\/v2\/categories?post=163009"},{"taxonomy":"post_tag","embeddable":true,"href":"https:\/\/www.bellunopress.it\/fr\/wp-json\/wp\/v2\/tags?post=163009"}],"curies":[{"name":"wp","href":"https:\/\/api.w.org\/{rel}","templated":true}]}}