{"id":163007,"date":"2025-09-04T15:40:57","date_gmt":"2025-09-04T13:40:57","guid":{"rendered":"https:\/\/www.bellunopress.it\/?p=163007"},"modified":"2025-09-04T15:40:57","modified_gmt":"2025-09-04T13:40:57","slug":"prevenzione-del-melanoma-lappello-di-del-bianco-i-sindaci-e-i-consigli-comunali-prendano-posizione-la-regione-garantisca-a-tutti-il-servizio","status":"publish","type":"post","link":"https:\/\/www.bellunopress.it\/fr\/2025\/09\/04\/prevenzione-del-melanoma-lappello-di-del-bianco-i-sindaci-e-i-consigli-comunali-prendano-posizione-la-regione-garantisca-a-tutti-il-servizio\/","title":{"rendered":"Prevenzione del melanoma. L&#8217;appello di Del Bianco: \u201cI sindaci e i consigli comunali prendano posizione. La Regione garantisca a tutti il servizio&#8221;"},"content":{"rendered":"<figure id=\"attachment_140442\" aria-describedby=\"caption-attachment-140442\" style=\"width: 683px\" class=\"wp-caption aligncenter\"><img loading=\"lazy\" decoding=\"async\" class=\"size-full wp-image-140442\" src=\"https:\/\/www.bellunopress.it\/wp-content\/uploads\/2023\/03\/Alessandro-Del-Bianco-segr-prov-PD.jpg\" alt=\"\" width=\"683\" height=\"553\" srcset=\"https:\/\/www.bellunopress.it\/wp-content\/uploads\/2023\/03\/Alessandro-Del-Bianco-segr-prov-PD.jpg 683w, https:\/\/www.bellunopress.it\/wp-content\/uploads\/2023\/03\/Alessandro-Del-Bianco-segr-prov-PD-500x405.jpg 500w, https:\/\/www.bellunopress.it\/wp-content\/uploads\/2023\/03\/Alessandro-Del-Bianco-segr-prov-PD-519x420.jpg 519w\" sizes=\"auto, (max-width: 683px) 100vw, 683px\" \/><figcaption id=\"caption-attachment-140442\" class=\"wp-caption-text\">Alessandro Del Bianco, segretario provinciale PD<\/figcaption><\/figure>\n<p>&#8220;Ieri ho presentato una mozione urgente che sollecita il Sindaco di Feltre, in qualit\u00e0 di vicepresidente della Conferenza dei Sindaci dell&#8217;Ulss 1 Dolomiti, a prendere una posizione chiara nei confronti della Regione Veneto, affinch\u00e9 venga garantita la &#8220;mappatura dei nei&#8221; come prestazione a carico del sistema sanitario regionale.&#8221;<\/p>\n<p>Cos\u00ec Alessandro Del Bianco, consigliere comunale del Pd a Feltre e segretario pd attualmente autosospeso in vista della prossime elezioni Regionali. Una mozione simile sar\u00e0 depositata anche a Belluno dal gruppo del Pd in Consiglio Comunale e portata in tutti i comuni attraverso la rete del Pd Provinciale.<\/p>\n<p>&#8220;La prevenzione \u00e8 un diritto di tutti e dobbiamo fare in modo che i cittadini abbiano accesso a servizi che possano prevenire malattie gravi come il melanoma&#8221;, ha dichiarato Del Bianco. &#8220;La Regione, se vuole, ha la possibilit\u00e0 di finanziare le visite di prevenzione, garantendo cos\u00ec una tutela per tutte le persone, in particolare quelle pi\u00f9 vulnerabili. La decisione spetta proprio alla Giunta regionale, la soluzione sarebbe potenzialmente molto semplice: decidere di finanziare la mappatura dei nei come servizio extra-LEA.&#8221;<\/p>\n<p>La mappatura dei nei, pratica fondamentale per la diagnosi precoce del melanoma, \u00e8 stata recentemente esclusa dal sistema sanitario nazionale, con la nuova normativa che limita la copertura sanitaria solo a casi specifici di nei sospetti e lesioni particolari. Questo ha suscitato preoccupazione tra medici e cittadini, visto che, senza una mappatura sistematica, molte persone a rischio potrebbero non avere accesso a diagnosi tempestive.<\/p>\n<p>Secondo i dati del Registro Tumori del Veneto, il melanoma \u00e8 in continuo aumento nella regione, con una preoccupante incidenza tra i pi\u00f9 giovani. A confermare questo dato \u00e8 stato proprio l&#8217;assessorato alla sanit\u00e0 della Regione Veneto. &#8220;La prevenzione deve essere una priorit\u00e0. La Regione ha il dovere di tutelare la salute dei suoi cittadini, offrendo a tutti l&#8217;accesso alla mappatura dei nei come parte dei servizi preventivi&#8221;, ha aggiunto Del Bianco.<\/p>\n<p>A maggior ragione, dato che \u00e8 la Regione che ha la possibilit\u00e0 di intervenire, i Sindaci devono farsi sentire con atti ufficiali. &#8220;Per questo motivo, non solo accolgo con favore l&#8217;invito del Covesap a portare l&#8217;argomento nelle istituzioni, ma credo che questo sia assolutamente necessario da parte di tutti, al di l\u00e0 delle appartenenze politiche&#8221;, aggiunge Del Bianco.<\/p>\n<p>&#8220;Il territorio e le istituzioni locali devono prendere posizione e la Giunta regionale non pu\u00f2 trincerarsi dietro la scusa che si tratta di una scelta nazionale. Se vogliono intervenire, hanno la possibilit\u00e0 di farlo. Non esistono scuse. Del resto, si parla tanto di autonomia&#8230; questo \u00e8 esattamente un campo in cui la Regione pu\u00f2 tranquillamente scegliere di esercitarla gi\u00e0 oggi&#8221;, conclude Del Bianco.<\/p>\n<p>&#8220;Credo che sia di interesse unanime portare questo argomento all&#8217;attenzione del presidente Zaia e chiedere che su questo tema ci sia un pronto intervento della Regione. Per questo, sono convinta che al nostro appello possano e debbano aderire anche tutte le forze politiche provinciali&#8221;, commenta Marta Picinotti, vicesegretaria del PD Belluno Dolomiti e facente funzione di reggente. &#8220;La politica deve farsi sentire proprio quando \u00e8 importante dare dignit\u00e0 e forza alle cause per cui si combatte. Siamo sicuri che con questa iniziativa incontreremo il favore di tutti.&#8221;<\/p>","protected":false},"excerpt":{"rendered":"<p>&#8220;Ieri ho presentato una mozione urgente che sollecita il Sindaco di Feltre, in qualit\u00e0 di vicepresidente della Conferenza dei Sindaci dell&#8217;Ulss 1 Dolomiti, a prendere una posizione chiara nei confronti della Regione Veneto, affinch\u00e9 venga garantita la &#8220;mappatura dei nei&#8221; come prestazione a carico del sistema sanitario regionale.&#8221; Cos\u00ec Alessandro Del Bianco, consigliere comunale del [&hellip;]<\/p>\n","protected":false},"author":2,"featured_media":140442,"comment_status":"closed","ping_status":"open","sticky":false,"template":"","format":"standard","meta":{"footnotes":""},"categories":[5,26,17],"tags":[],"class_list":["post-163007","post","type-post","status-publish","format-standard","has-post-thumbnail","category-cronaca","category-prima-pagina","category-sanita"],"yoast_head":"<!-- This site is optimized with the Yoast SEO plugin v28.4 - https:\/\/yoast.com\/product\/yoast-seo-wordpress\/ -->\n<title>Prevenzione del melanoma. L&#039;appello di Del Bianco: \u201cI sindaci e i consigli comunali prendano posizione. La Regione garantisca a tutti il servizio&quot; - Bellunopress - Dolomiti<\/title>\n<meta name=\"robots\" content=\"index, follow, max-snippet:-1, max-image-preview:large, max-video-preview:-1\" \/>\n<link rel=\"canonical\" href=\"https:\/\/www.bellunopress.it\/fr\/2025\/09\/04\/prevenzione-del-melanoma-lappello-di-del-bianco-i-sindaci-e-i-consigli-comunali-prendano-posizione-la-regione-garantisca-a-tutti-il-servizio\/\" \/>\n<meta property=\"og:locale\" content=\"fr_FR\" \/>\n<meta property=\"og:type\" content=\"article\" \/>\n<meta property=\"og:title\" content=\"Prevenzione del melanoma. L&#039;appello di Del Bianco: \u201cI sindaci e i consigli comunali prendano posizione. La Regione garantisca a tutti il servizio&quot; - Bellunopress - Dolomiti\" \/>\n<meta property=\"og:description\" content=\"&#8220;Ieri ho presentato una mozione urgente che sollecita il Sindaco di Feltre, in qualit\u00e0 di vicepresidente della Conferenza dei Sindaci dell&#8217;Ulss 1 Dolomiti, a prendere una posizione chiara nei confronti della Regione Veneto, affinch\u00e9 venga garantita la &#8220;mappatura dei nei&#8221; come prestazione a carico del sistema sanitario regionale.&#8221; Cos\u00ec Alessandro Del Bianco, consigliere comunale del [&hellip;]\" \/>\n<meta property=\"og:url\" content=\"https:\/\/www.bellunopress.it\/fr\/2025\/09\/04\/prevenzione-del-melanoma-lappello-di-del-bianco-i-sindaci-e-i-consigli-comunali-prendano-posizione-la-regione-garantisca-a-tutti-il-servizio\/\" \/>\n<meta property=\"og:site_name\" content=\"Bellunopress - Dolomiti\" \/>\n<meta property=\"article:publisher\" content=\"https:\/\/www.facebook.com\/profile.php?id=100008943462799\" \/>\n<meta property=\"article:published_time\" content=\"2025-09-04T13:40:57+00:00\" \/>\n<meta property=\"og:image\" content=\"https:\/\/www.bellunopress.it\/wp-content\/uploads\/2023\/03\/Alessandro-Del-Bianco-segr-prov-PD.jpg\" \/>\n\t<meta property=\"og:image:width\" content=\"683\" \/>\n\t<meta property=\"og:image:height\" content=\"553\" \/>\n\t<meta property=\"og:image:type\" content=\"image\/jpeg\" \/>\n<meta name=\"author\" content=\"redazione\" \/>\n<meta name=\"twitter:card\" content=\"summary_large_image\" \/>\n<meta name=\"twitter:creator\" content=\"@bellunopress\" \/>\n<meta name=\"twitter:site\" content=\"@bellunopress\" \/>\n<meta name=\"twitter:label1\" content=\"\u00c9crit par\" \/>\n\t<meta name=\"twitter:data1\" content=\"redazione\" \/>\n\t<meta name=\"twitter:label2\" content=\"Dur\u00e9e de lecture estim\u00e9e\" \/>\n\t<meta name=\"twitter:data2\" content=\"3 minutes\" \/>\n<script type=\"application\/ld+json\" class=\"yoast-schema-graph\">{\"@context\":\"https:\\\/\\\/schema.org\",\"@graph\":[{\"@type\":\"Article\",\"@id\":\"https:\\\/\\\/www.bellunopress.it\\\/2025\\\/09\\\/04\\\/prevenzione-del-melanoma-lappello-di-del-bianco-i-sindaci-e-i-consigli-comunali-prendano-posizione-la-regione-garantisca-a-tutti-il-servizio\\\/#article\",\"isPartOf\":{\"@id\":\"https:\\\/\\\/www.bellunopress.it\\\/2025\\\/09\\\/04\\\/prevenzione-del-melanoma-lappello-di-del-bianco-i-sindaci-e-i-consigli-comunali-prendano-posizione-la-regione-garantisca-a-tutti-il-servizio\\\/\"},\"author\":{\"name\":\"redazione\",\"@id\":\"https:\\\/\\\/www.bellunopress.it\\\/#\\\/schema\\\/person\\\/79bb06722b37ece1c03d3e94beb30d73\"},\"headline\":\"Prevenzione del melanoma. L&#8217;appello di Del Bianco: \u201cI sindaci e i consigli comunali prendano posizione. La Regione garantisca a tutti il servizio&#8221;\",\"datePublished\":\"2025-09-04T13:40:57+00:00\",\"mainEntityOfPage\":{\"@id\":\"https:\\\/\\\/www.bellunopress.it\\\/2025\\\/09\\\/04\\\/prevenzione-del-melanoma-lappello-di-del-bianco-i-sindaci-e-i-consigli-comunali-prendano-posizione-la-regione-garantisca-a-tutti-il-servizio\\\/\"},\"wordCount\":554,\"publisher\":{\"@id\":\"https:\\\/\\\/www.bellunopress.it\\\/#organization\"},\"image\":{\"@id\":\"https:\\\/\\\/www.bellunopress.it\\\/2025\\\/09\\\/04\\\/prevenzione-del-melanoma-lappello-di-del-bianco-i-sindaci-e-i-consigli-comunali-prendano-posizione-la-regione-garantisca-a-tutti-il-servizio\\\/#primaryimage\"},\"thumbnailUrl\":\"https:\\\/\\\/www.bellunopress.it\\\/wp-content\\\/uploads\\\/2023\\\/03\\\/Alessandro-Del-Bianco-segr-prov-PD.jpg\",\"articleSection\":[\"Cronaca\\\/Politica\",\"Prima Pagina\",\"Sanit\u00e0 Medicina\"],\"inLanguage\":\"fr-FR\"},{\"@type\":\"WebPage\",\"@id\":\"https:\\\/\\\/www.bellunopress.it\\\/2025\\\/09\\\/04\\\/prevenzione-del-melanoma-lappello-di-del-bianco-i-sindaci-e-i-consigli-comunali-prendano-posizione-la-regione-garantisca-a-tutti-il-servizio\\\/\",\"url\":\"https:\\\/\\\/www.bellunopress.it\\\/2025\\\/09\\\/04\\\/prevenzione-del-melanoma-lappello-di-del-bianco-i-sindaci-e-i-consigli-comunali-prendano-posizione-la-regione-garantisca-a-tutti-il-servizio\\\/\",\"name\":\"Prevenzione del melanoma. L'appello di Del Bianco: \u201cI sindaci e i consigli comunali prendano posizione. La Regione garantisca a tutti il servizio\\\" - Bellunopress - Dolomiti\",\"isPartOf\":{\"@id\":\"https:\\\/\\\/www.bellunopress.it\\\/#website\"},\"primaryImageOfPage\":{\"@id\":\"https:\\\/\\\/www.bellunopress.it\\\/2025\\\/09\\\/04\\\/prevenzione-del-melanoma-lappello-di-del-bianco-i-sindaci-e-i-consigli-comunali-prendano-posizione-la-regione-garantisca-a-tutti-il-servizio\\\/#primaryimage\"},\"image\":{\"@id\":\"https:\\\/\\\/www.bellunopress.it\\\/2025\\\/09\\\/04\\\/prevenzione-del-melanoma-lappello-di-del-bianco-i-sindaci-e-i-consigli-comunali-prendano-posizione-la-regione-garantisca-a-tutti-il-servizio\\\/#primaryimage\"},\"thumbnailUrl\":\"https:\\\/\\\/www.bellunopress.it\\\/wp-content\\\/uploads\\\/2023\\\/03\\\/Alessandro-Del-Bianco-segr-prov-PD.jpg\",\"datePublished\":\"2025-09-04T13:40:57+00:00\",\"breadcrumb\":{\"@id\":\"https:\\\/\\\/www.bellunopress.it\\\/2025\\\/09\\\/04\\\/prevenzione-del-melanoma-lappello-di-del-bianco-i-sindaci-e-i-consigli-comunali-prendano-posizione-la-regione-garantisca-a-tutti-il-servizio\\\/#breadcrumb\"},\"inLanguage\":\"fr-FR\",\"potentialAction\":[{\"@type\":\"ReadAction\",\"target\":[\"https:\\\/\\\/www.bellunopress.it\\\/2025\\\/09\\\/04\\\/prevenzione-del-melanoma-lappello-di-del-bianco-i-sindaci-e-i-consigli-comunali-prendano-posizione-la-regione-garantisca-a-tutti-il-servizio\\\/\"]}]},{\"@type\":\"ImageObject\",\"inLanguage\":\"fr-FR\",\"@id\":\"https:\\\/\\\/www.bellunopress.it\\\/2025\\\/09\\\/04\\\/prevenzione-del-melanoma-lappello-di-del-bianco-i-sindaci-e-i-consigli-comunali-prendano-posizione-la-regione-garantisca-a-tutti-il-servizio\\\/#primaryimage\",\"url\":\"https:\\\/\\\/www.bellunopress.it\\\/wp-content\\\/uploads\\\/2023\\\/03\\\/Alessandro-Del-Bianco-segr-prov-PD.jpg\",\"contentUrl\":\"https:\\\/\\\/www.bellunopress.it\\\/wp-content\\\/uploads\\\/2023\\\/03\\\/Alessandro-Del-Bianco-segr-prov-PD.jpg\",\"width\":683,\"height\":553,\"caption\":\"Alessandro Del Bianco, segretario provinciale PD\"},{\"@type\":\"BreadcrumbList\",\"@id\":\"https:\\\/\\\/www.bellunopress.it\\\/2025\\\/09\\\/04\\\/prevenzione-del-melanoma-lappello-di-del-bianco-i-sindaci-e-i-consigli-comunali-prendano-posizione-la-regione-garantisca-a-tutti-il-servizio\\\/#breadcrumb\",\"itemListElement\":[{\"@type\":\"ListItem\",\"position\":1,\"name\":\"Home\",\"item\":\"https:\\\/\\\/www.bellunopress.it\\\/\"},{\"@type\":\"ListItem\",\"position\":2,\"name\":\"Prevenzione del melanoma. L&#8217;appello di Del Bianco: \u201cI sindaci e i consigli comunali prendano posizione. La Regione garantisca a tutti il servizio&#8221;\"}]},{\"@type\":\"WebSite\",\"@id\":\"https:\\\/\\\/www.bellunopress.it\\\/#website\",\"url\":\"https:\\\/\\\/www.bellunopress.it\\\/\",\"name\":\"Bellunopress - Dolomiti\",\"description\":\"e-mail: redazione@bellunopress.it\",\"publisher\":{\"@id\":\"https:\\\/\\\/www.bellunopress.it\\\/#organization\"},\"potentialAction\":[{\"@type\":\"SearchAction\",\"target\":{\"@type\":\"EntryPoint\",\"urlTemplate\":\"https:\\\/\\\/www.bellunopress.it\\\/?s={search_term_string}\"},\"query-input\":{\"@type\":\"PropertyValueSpecification\",\"valueRequired\":true,\"valueName\":\"search_term_string\"}}],\"inLanguage\":\"fr-FR\"},{\"@type\":\"Organization\",\"@id\":\"https:\\\/\\\/www.bellunopress.it\\\/#organization\",\"name\":\"Bellunopress\",\"url\":\"https:\\\/\\\/www.bellunopress.it\\\/\",\"logo\":{\"@type\":\"ImageObject\",\"inLanguage\":\"fr-FR\",\"@id\":\"https:\\\/\\\/www.bellunopress.it\\\/#\\\/schema\\\/logo\\\/image\\\/\",\"url\":\"https:\\\/\\\/www.bellunopress.it\\\/wp-content\\\/uploads\\\/2011\\\/05\\\/cropped-logo-bellunopress-.jpg\",\"contentUrl\":\"https:\\\/\\\/www.bellunopress.it\\\/wp-content\\\/uploads\\\/2011\\\/05\\\/cropped-logo-bellunopress-.jpg\",\"width\":512,\"height\":512,\"caption\":\"Bellunopress\"},\"image\":{\"@id\":\"https:\\\/\\\/www.bellunopress.it\\\/#\\\/schema\\\/logo\\\/image\\\/\"},\"sameAs\":[\"https:\\\/\\\/www.facebook.com\\\/profile.php?id=100008943462799\",\"https:\\\/\\\/x.com\\\/bellunopress\",\"https:\\\/\\\/www.linkedin.com\\\/hp\\\/?dnr=JBzUWaJfMUw8vbXJJ2tVW5-I3jZKvC4wsoxE&amp;amp;amp;amp;amp;amp;trk=nav_responsive_tab_home\",\"https:\\\/\\\/www.youtube.com\\\/channel\\\/UCxL0wu1uN0_3_7hGG0306cw\"]},{\"@type\":\"Person\",\"@id\":\"https:\\\/\\\/www.bellunopress.it\\\/#\\\/schema\\\/person\\\/79bb06722b37ece1c03d3e94beb30d73\",\"name\":\"redazione\",\"image\":{\"@type\":\"ImageObject\",\"inLanguage\":\"fr-FR\",\"@id\":\"https:\\\/\\\/secure.gravatar.com\\\/avatar\\\/37d968a2e67a6fd04c169c4bdef102d0bc5d31b2546345219e348575eb80e9a0?s=96&d=mm&r=g\",\"url\":\"https:\\\/\\\/secure.gravatar.com\\\/avatar\\\/37d968a2e67a6fd04c169c4bdef102d0bc5d31b2546345219e348575eb80e9a0?s=96&d=mm&r=g\",\"contentUrl\":\"https:\\\/\\\/secure.gravatar.com\\\/avatar\\\/37d968a2e67a6fd04c169c4bdef102d0bc5d31b2546345219e348575eb80e9a0?s=96&d=mm&r=g\",\"caption\":\"redazione\"},\"sameAs\":[\"http:\\\/\\\/www.bellunopress.it\",\"https:\\\/\\\/x.com\\\/bellunopress\"],\"url\":\"https:\\\/\\\/www.bellunopress.it\\\/fr\\\/author\\\/redazione\\\/\"}]}<\/script>\n<!-- \/ Yoast SEO plugin. -->","yoast_head_json":{"title":"Prevenzione del melanoma. L'appello di Del Bianco: \u201cI sindaci e i consigli comunali prendano posizione. La Regione garantisca a tutti il servizio\" - Bellunopress - Dolomiti","robots":{"index":"index","follow":"follow","max-snippet":"max-snippet:-1","max-image-preview":"max-image-preview:large","max-video-preview":"max-video-preview:-1"},"canonical":"https:\/\/www.bellunopress.it\/fr\/2025\/09\/04\/prevenzione-del-melanoma-lappello-di-del-bianco-i-sindaci-e-i-consigli-comunali-prendano-posizione-la-regione-garantisca-a-tutti-il-servizio\/","og_locale":"fr_FR","og_type":"article","og_title":"Prevenzione del melanoma. L'appello di Del Bianco: \u201cI sindaci e i consigli comunali prendano posizione. La Regione garantisca a tutti il servizio\" - Bellunopress - Dolomiti","og_description":"&#8220;Ieri ho presentato una mozione urgente che sollecita il Sindaco di Feltre, in qualit\u00e0 di vicepresidente della Conferenza dei Sindaci dell&#8217;Ulss 1 Dolomiti, a prendere una posizione chiara nei confronti della Regione Veneto, affinch\u00e9 venga garantita la &#8220;mappatura dei nei&#8221; come prestazione a carico del sistema sanitario regionale.&#8221; Cos\u00ec Alessandro Del Bianco, consigliere comunale del [&hellip;]","og_url":"https:\/\/www.bellunopress.it\/fr\/2025\/09\/04\/prevenzione-del-melanoma-lappello-di-del-bianco-i-sindaci-e-i-consigli-comunali-prendano-posizione-la-regione-garantisca-a-tutti-il-servizio\/","og_site_name":"Bellunopress - Dolomiti","article_publisher":"https:\/\/www.facebook.com\/profile.php?id=100008943462799","article_published_time":"2025-09-04T13:40:57+00:00","og_image":[{"width":683,"height":553,"url":"https:\/\/www.bellunopress.it\/wp-content\/uploads\/2023\/03\/Alessandro-Del-Bianco-segr-prov-PD.jpg","type":"image\/jpeg"}],"author":"redazione","twitter_card":"summary_large_image","twitter_creator":"@bellunopress","twitter_site":"@bellunopress","twitter_misc":{"\u00c9crit par":"redazione","Dur\u00e9e de lecture estim\u00e9e":"3 minutes"},"schema":{"@context":"https:\/\/schema.org","@graph":[{"@type":"Article","@id":"https:\/\/www.bellunopress.it\/2025\/09\/04\/prevenzione-del-melanoma-lappello-di-del-bianco-i-sindaci-e-i-consigli-comunali-prendano-posizione-la-regione-garantisca-a-tutti-il-servizio\/#article","isPartOf":{"@id":"https:\/\/www.bellunopress.it\/2025\/09\/04\/prevenzione-del-melanoma-lappello-di-del-bianco-i-sindaci-e-i-consigli-comunali-prendano-posizione-la-regione-garantisca-a-tutti-il-servizio\/"},"author":{"name":"redazione","@id":"https:\/\/www.bellunopress.it\/#\/schema\/person\/79bb06722b37ece1c03d3e94beb30d73"},"headline":"Prevenzione del melanoma. L&#8217;appello di Del Bianco: \u201cI sindaci e i consigli comunali prendano posizione. La Regione garantisca a tutti il servizio&#8221;","datePublished":"2025-09-04T13:40:57+00:00","mainEntityOfPage":{"@id":"https:\/\/www.bellunopress.it\/2025\/09\/04\/prevenzione-del-melanoma-lappello-di-del-bianco-i-sindaci-e-i-consigli-comunali-prendano-posizione-la-regione-garantisca-a-tutti-il-servizio\/"},"wordCount":554,"publisher":{"@id":"https:\/\/www.bellunopress.it\/#organization"},"image":{"@id":"https:\/\/www.bellunopress.it\/2025\/09\/04\/prevenzione-del-melanoma-lappello-di-del-bianco-i-sindaci-e-i-consigli-comunali-prendano-posizione-la-regione-garantisca-a-tutti-il-servizio\/#primaryimage"},"thumbnailUrl":"https:\/\/www.bellunopress.it\/wp-content\/uploads\/2023\/03\/Alessandro-Del-Bianco-segr-prov-PD.jpg","articleSection":["Cronaca\/Politica","Prima Pagina","Sanit\u00e0 Medicina"],"inLanguage":"fr-FR"},{"@type":"WebPage","@id":"https:\/\/www.bellunopress.it\/2025\/09\/04\/prevenzione-del-melanoma-lappello-di-del-bianco-i-sindaci-e-i-consigli-comunali-prendano-posizione-la-regione-garantisca-a-tutti-il-servizio\/","url":"https:\/\/www.bellunopress.it\/2025\/09\/04\/prevenzione-del-melanoma-lappello-di-del-bianco-i-sindaci-e-i-consigli-comunali-prendano-posizione-la-regione-garantisca-a-tutti-il-servizio\/","name":"Prevenzione del melanoma. L'appello di Del Bianco: \u201cI sindaci e i consigli comunali prendano posizione. La Regione garantisca a tutti il servizio\" - Bellunopress - Dolomiti","isPartOf":{"@id":"https:\/\/www.bellunopress.it\/#website"},"primaryImageOfPage":{"@id":"https:\/\/www.bellunopress.it\/2025\/09\/04\/prevenzione-del-melanoma-lappello-di-del-bianco-i-sindaci-e-i-consigli-comunali-prendano-posizione-la-regione-garantisca-a-tutti-il-servizio\/#primaryimage"},"image":{"@id":"https:\/\/www.bellunopress.it\/2025\/09\/04\/prevenzione-del-melanoma-lappello-di-del-bianco-i-sindaci-e-i-consigli-comunali-prendano-posizione-la-regione-garantisca-a-tutti-il-servizio\/#primaryimage"},"thumbnailUrl":"https:\/\/www.bellunopress.it\/wp-content\/uploads\/2023\/03\/Alessandro-Del-Bianco-segr-prov-PD.jpg","datePublished":"2025-09-04T13:40:57+00:00","breadcrumb":{"@id":"https:\/\/www.bellunopress.it\/2025\/09\/04\/prevenzione-del-melanoma-lappello-di-del-bianco-i-sindaci-e-i-consigli-comunali-prendano-posizione-la-regione-garantisca-a-tutti-il-servizio\/#breadcrumb"},"inLanguage":"fr-FR","potentialAction":[{"@type":"ReadAction","target":["https:\/\/www.bellunopress.it\/2025\/09\/04\/prevenzione-del-melanoma-lappello-di-del-bianco-i-sindaci-e-i-consigli-comunali-prendano-posizione-la-regione-garantisca-a-tutti-il-servizio\/"]}]},{"@type":"ImageObject","inLanguage":"fr-FR","@id":"https:\/\/www.bellunopress.it\/2025\/09\/04\/prevenzione-del-melanoma-lappello-di-del-bianco-i-sindaci-e-i-consigli-comunali-prendano-posizione-la-regione-garantisca-a-tutti-il-servizio\/#primaryimage","url":"https:\/\/www.bellunopress.it\/wp-content\/uploads\/2023\/03\/Alessandro-Del-Bianco-segr-prov-PD.jpg","contentUrl":"https:\/\/www.bellunopress.it\/wp-content\/uploads\/2023\/03\/Alessandro-Del-Bianco-segr-prov-PD.jpg","width":683,"height":553,"caption":"Alessandro Del Bianco, segretario provinciale PD"},{"@type":"BreadcrumbList","@id":"https:\/\/www.bellunopress.it\/2025\/09\/04\/prevenzione-del-melanoma-lappello-di-del-bianco-i-sindaci-e-i-consigli-comunali-prendano-posizione-la-regione-garantisca-a-tutti-il-servizio\/#breadcrumb","itemListElement":[{"@type":"ListItem","position":1,"name":"Home","item":"https:\/\/www.bellunopress.it\/"},{"@type":"ListItem","position":2,"name":"Prevenzione del melanoma. L&#8217;appello di Del Bianco: \u201cI sindaci e i consigli comunali prendano posizione. La Regione garantisca a tutti il servizio&#8221;"}]},{"@type":"WebSite","@id":"https:\/\/www.bellunopress.it\/#website","url":"https:\/\/www.bellunopress.it\/","name":"Bellunopress - Dolomiti","description":"e-mail: redazione@bellunopress.it","publisher":{"@id":"https:\/\/www.bellunopress.it\/#organization"},"potentialAction":[{"@type":"SearchAction","target":{"@type":"EntryPoint","urlTemplate":"https:\/\/www.bellunopress.it\/?s={search_term_string}"},"query-input":{"@type":"PropertyValueSpecification","valueRequired":true,"valueName":"search_term_string"}}],"inLanguage":"fr-FR"},{"@type":"Organization","@id":"https:\/\/www.bellunopress.it\/#organization","name":"Bellunopress","url":"https:\/\/www.bellunopress.it\/","logo":{"@type":"ImageObject","inLanguage":"fr-FR","@id":"https:\/\/www.bellunopress.it\/#\/schema\/logo\/image\/","url":"https:\/\/www.bellunopress.it\/wp-content\/uploads\/2011\/05\/cropped-logo-bellunopress-.jpg","contentUrl":"https:\/\/www.bellunopress.it\/wp-content\/uploads\/2011\/05\/cropped-logo-bellunopress-.jpg","width":512,"height":512,"caption":"Bellunopress"},"image":{"@id":"https:\/\/www.bellunopress.it\/#\/schema\/logo\/image\/"},"sameAs":["https:\/\/www.facebook.com\/profile.php?id=100008943462799","https:\/\/x.com\/bellunopress","https:\/\/www.linkedin.com\/hp\/?dnr=JBzUWaJfMUw8vbXJJ2tVW5-I3jZKvC4wsoxE&amp;amp;amp;amp;amp;amp;trk=nav_responsive_tab_home","https:\/\/www.youtube.com\/channel\/UCxL0wu1uN0_3_7hGG0306cw"]},{"@type":"Person","@id":"https:\/\/www.bellunopress.it\/#\/schema\/person\/79bb06722b37ece1c03d3e94beb30d73","name":"r\u00e9daction","image":{"@type":"ImageObject","inLanguage":"fr-FR","@id":"https:\/\/secure.gravatar.com\/avatar\/37d968a2e67a6fd04c169c4bdef102d0bc5d31b2546345219e348575eb80e9a0?s=96&d=mm&r=g","url":"https:\/\/secure.gravatar.com\/avatar\/37d968a2e67a6fd04c169c4bdef102d0bc5d31b2546345219e348575eb80e9a0?s=96&d=mm&r=g","contentUrl":"https:\/\/secure.gravatar.com\/avatar\/37d968a2e67a6fd04c169c4bdef102d0bc5d31b2546345219e348575eb80e9a0?s=96&d=mm&r=g","caption":"redazione"},"sameAs":["http:\/\/www.bellunopress.it","https:\/\/x.com\/bellunopress"],"url":"https:\/\/www.bellunopress.it\/fr\/author\/redazione\/"}]}},"_links":{"self":[{"href":"https:\/\/www.bellunopress.it\/fr\/wp-json\/wp\/v2\/posts\/163007","targetHints":{"allow":["GET"]}}],"collection":[{"href":"https:\/\/www.bellunopress.it\/fr\/wp-json\/wp\/v2\/posts"}],"about":[{"href":"https:\/\/www.bellunopress.it\/fr\/wp-json\/wp\/v2\/types\/post"}],"author":[{"embeddable":true,"href":"https:\/\/www.bellunopress.it\/fr\/wp-json\/wp\/v2\/users\/2"}],"replies":[{"embeddable":true,"href":"https:\/\/www.bellunopress.it\/fr\/wp-json\/wp\/v2\/comments?post=163007"}],"version-history":[{"count":1,"href":"https:\/\/www.bellunopress.it\/fr\/wp-json\/wp\/v2\/posts\/163007\/revisions"}],"predecessor-version":[{"id":163008,"href":"https:\/\/www.bellunopress.it\/fr\/wp-json\/wp\/v2\/posts\/163007\/revisions\/163008"}],"wp:featuredmedia":[{"embeddable":true,"href":"https:\/\/www.bellunopress.it\/fr\/wp-json\/wp\/v2\/media\/140442"}],"wp:attachment":[{"href":"https:\/\/www.bellunopress.it\/fr\/wp-json\/wp\/v2\/media?parent=163007"}],"wp:term":[{"taxonomy":"category","embeddable":true,"href":"https:\/\/www.bellunopress.it\/fr\/wp-json\/wp\/v2\/categories?post=163007"},{"taxonomy":"post_tag","embeddable":true,"href":"https:\/\/www.bellunopress.it\/fr\/wp-json\/wp\/v2\/tags?post=163007"}],"curies":[{"name":"wp","href":"https:\/\/api.w.org\/{rel}","templated":true}]}}