{"id":163002,"date":"2025-09-04T13:59:12","date_gmt":"2025-09-04T11:59:12","guid":{"rendered":"https:\/\/www.bellunopress.it\/?p=163002"},"modified":"2025-09-04T13:59:12","modified_gmt":"2025-09-04T11:59:12","slug":"veneto-al-via-un-progetto-per-un-turismo-davvero-per-tutti","status":"publish","type":"post","link":"https:\/\/www.bellunopress.it\/fr\/2025\/09\/04\/veneto-al-via-un-progetto-per-un-turismo-davvero-per-tutti\/","title":{"rendered":"Veneto, al via un progetto per un turismo davvero per tutti"},"content":{"rendered":"<figure id=\"attachment_155410\" aria-describedby=\"caption-attachment-155410\" style=\"width: 1000px\" class=\"wp-caption aligncenter\"><img loading=\"lazy\" decoding=\"async\" class=\"size-full wp-image-155410\" src=\"https:\/\/www.bellunopress.it\/wp-content\/uploads\/2024\/10\/crepadona-biblioteca-1_edited.jpg\" alt=\"\" width=\"1000\" height=\"750\" srcset=\"https:\/\/www.bellunopress.it\/wp-content\/uploads\/2024\/10\/crepadona-biblioteca-1_edited.jpg 1000w, https:\/\/www.bellunopress.it\/wp-content\/uploads\/2024\/10\/crepadona-biblioteca-1_edited-500x375.jpg 500w, https:\/\/www.bellunopress.it\/wp-content\/uploads\/2024\/10\/crepadona-biblioteca-1_edited-560x420.jpg 560w, https:\/\/www.bellunopress.it\/wp-content\/uploads\/2024\/10\/crepadona-biblioteca-1_edited-80x60.jpg 80w, https:\/\/www.bellunopress.it\/wp-content\/uploads\/2024\/10\/crepadona-biblioteca-1_edited-696x522.jpg 696w\" sizes=\"auto, (max-width: 1000px) 100vw, 1000px\" \/><figcaption id=\"caption-attachment-155410\" class=\"wp-caption-text\">Palazzo Crepadona, sede della Biblioteca Civica di Belluno<\/figcaption><\/figure>\n<p>Un&#8217;iniziativa ambiziosa per rendere il Veneto una destinazione turistica sempre pi\u00f9 inclusiva e accessibile a tutti. La Regione del Veneto, in collaborazione con il sistema delle Aziende ULSS, lancia per il biennio 2025-2026 il progetto &#8220;Turismo Sociale e Inclusivo nel Veneto&#8221;, con l&#8217;obiettivo di abbattere le barriere e promuovere una cultura dell&#8217;accessibilit\u00e0.<\/p>\n<p>Il progetto, approvato con la DGRV n. 40 del 21 gennaio 2025, mira a sensibilizzare e formare professionisti e operatori del settore per la creazione di prodotti, spazi e servizi pensati per persone con diverse abilit\u00e0 e bisogni.<\/p>\n<p><b>Seminari formativi in ogni provincia<\/b><\/p>\n<p>Sono previsti sette percorsi formativi, uno per ogni provincia veneta, ciascuno composto da quattro seminari dedicati alle diverse tipologie di disabilit\u00e0: motoria, uditiva, cognitiva e visiva. I corsi sono aperti a un&#8217;ampia platea di professionisti, dagli operatori turistici e albergatori ai professionisti dell&#8217;edilizia, fino ai rappresentanti di musei, ville venete e istituti scolastici. L&#8217;obiettivo \u00e8 coinvolgere tutti coloro che possono contribuire a diffondere i principi della progettazione universale.<\/p>\n<p><b>Le date per la provincia di Belluno<\/b><\/p>\n<p>Per la provincia di Belluno, il percorso formativo si terr\u00e0 nel suggestivo Chiostro coperto di Palazzo Crepadona, sede della Biblioteca Civica. I seminari si svolgeranno nel mese di ottobre, dalle 14:00 alle 18:00, secondo il seguente calendario:<\/p>\n<ul>\n<li><b>Mercoled\u00ec 8 ottobre:<\/b> Disabilit\u00e0 uditiva<\/li>\n<li><b>Mercoled\u00ec 15 ottobre:<\/b> Disabilit\u00e0 motoria<\/li>\n<li><b>Mercoled\u00ec 22 ottobre:<\/b> Disabilit\u00e0 cognitiva<\/li>\n<li><b>Mercoled\u00ec 29 ottobre:<\/b> Disabilit\u00e0 visiva (questo seminario si terr\u00e0 online)<\/li>\n<\/ul>\n<p>Gli interessati possono iscriversi ai seminari tramite il<a href=\"https:\/\/dolomiti.myprenota.it\/seminari-accessibilita\"> link fornito dalla Regione<\/a>. L&#8217;iniziativa rappresenta un passo importante verso un turismo che non lascia indietro nessuno, rendendo la bellezza del Veneto accessibile a un pubblico sempre pi\u00f9 vasto.<\/p>\n<p>&nbsp;<\/p>\n<p>&nbsp;<\/p>","protected":false},"excerpt":{"rendered":"<p>Un&#8217;iniziativa ambiziosa per rendere il Veneto una destinazione turistica sempre pi\u00f9 inclusiva e accessibile a tutti. La Regione del Veneto, in collaborazione con il sistema delle Aziende ULSS, lancia per il biennio 2025-2026 il progetto &#8220;Turismo Sociale e Inclusivo nel Veneto&#8221;, con l&#8217;obiettivo di abbattere le barriere e promuovere una cultura dell&#8217;accessibilit\u00e0. Il progetto, approvato [&hellip;]<\/p>\n","protected":false},"author":2,"featured_media":155410,"comment_status":"closed","ping_status":"open","sticky":false,"template":"","format":"standard","meta":{"footnotes":""},"categories":[26,8],"tags":[],"class_list":["post-163002","post","type-post","status-publish","format-standard","has-post-thumbnail","category-prima-pagina","category-societa-istituzioni"],"yoast_head":"<!-- This site is optimized with the Yoast SEO plugin v28.4 - https:\/\/yoast.com\/product\/yoast-seo-wordpress\/ -->\n<title>Veneto, al via un progetto per un turismo davvero per tutti - Bellunopress - Dolomiti<\/title>\n<meta name=\"robots\" content=\"index, follow, max-snippet:-1, max-image-preview:large, max-video-preview:-1\" \/>\n<link rel=\"canonical\" href=\"https:\/\/www.bellunopress.it\/fr\/2025\/09\/04\/veneto-al-via-un-progetto-per-un-turismo-davvero-per-tutti\/\" \/>\n<meta property=\"og:locale\" content=\"fr_FR\" \/>\n<meta property=\"og:type\" content=\"article\" \/>\n<meta property=\"og:title\" content=\"Veneto, al via un progetto per un turismo davvero per tutti - Bellunopress - Dolomiti\" \/>\n<meta property=\"og:description\" content=\"Un&#8217;iniziativa ambiziosa per rendere il Veneto una destinazione turistica sempre pi\u00f9 inclusiva e accessibile a tutti. La Regione del Veneto, in collaborazione con il sistema delle Aziende ULSS, lancia per il biennio 2025-2026 il progetto &#8220;Turismo Sociale e Inclusivo nel Veneto&#8221;, con l&#8217;obiettivo di abbattere le barriere e promuovere una cultura dell&#8217;accessibilit\u00e0. Il progetto, approvato [&hellip;]\" \/>\n<meta property=\"og:url\" content=\"https:\/\/www.bellunopress.it\/fr\/2025\/09\/04\/veneto-al-via-un-progetto-per-un-turismo-davvero-per-tutti\/\" \/>\n<meta property=\"og:site_name\" content=\"Bellunopress - Dolomiti\" \/>\n<meta property=\"article:publisher\" content=\"https:\/\/www.facebook.com\/profile.php?id=100008943462799\" \/>\n<meta property=\"article:published_time\" content=\"2025-09-04T11:59:12+00:00\" \/>\n<meta property=\"og:image\" content=\"https:\/\/www.bellunopress.it\/wp-content\/uploads\/2024\/10\/crepadona-biblioteca-1_edited.jpg\" \/>\n\t<meta property=\"og:image:width\" content=\"1000\" \/>\n\t<meta property=\"og:image:height\" content=\"750\" \/>\n\t<meta property=\"og:image:type\" content=\"image\/jpeg\" \/>\n<meta name=\"author\" content=\"redazione\" \/>\n<meta name=\"twitter:card\" content=\"summary_large_image\" \/>\n<meta name=\"twitter:creator\" content=\"@bellunopress\" \/>\n<meta name=\"twitter:site\" content=\"@bellunopress\" \/>\n<meta name=\"twitter:label1\" content=\"\u00c9crit par\" \/>\n\t<meta name=\"twitter:data1\" content=\"redazione\" \/>\n\t<meta name=\"twitter:label2\" content=\"Dur\u00e9e de lecture estim\u00e9e\" \/>\n\t<meta name=\"twitter:data2\" content=\"1 minute\" \/>\n<script type=\"application\/ld+json\" class=\"yoast-schema-graph\">{\"@context\":\"https:\\\/\\\/schema.org\",\"@graph\":[{\"@type\":\"Article\",\"@id\":\"https:\\\/\\\/www.bellunopress.it\\\/2025\\\/09\\\/04\\\/veneto-al-via-un-progetto-per-un-turismo-davvero-per-tutti\\\/#article\",\"isPartOf\":{\"@id\":\"https:\\\/\\\/www.bellunopress.it\\\/2025\\\/09\\\/04\\\/veneto-al-via-un-progetto-per-un-turismo-davvero-per-tutti\\\/\"},\"author\":{\"name\":\"redazione\",\"@id\":\"https:\\\/\\\/www.bellunopress.it\\\/#\\\/schema\\\/person\\\/79bb06722b37ece1c03d3e94beb30d73\"},\"headline\":\"Veneto, al via un progetto per un turismo davvero per tutti\",\"datePublished\":\"2025-09-04T11:59:12+00:00\",\"mainEntityOfPage\":{\"@id\":\"https:\\\/\\\/www.bellunopress.it\\\/2025\\\/09\\\/04\\\/veneto-al-via-un-progetto-per-un-turismo-davvero-per-tutti\\\/\"},\"wordCount\":294,\"publisher\":{\"@id\":\"https:\\\/\\\/www.bellunopress.it\\\/#organization\"},\"image\":{\"@id\":\"https:\\\/\\\/www.bellunopress.it\\\/2025\\\/09\\\/04\\\/veneto-al-via-un-progetto-per-un-turismo-davvero-per-tutti\\\/#primaryimage\"},\"thumbnailUrl\":\"https:\\\/\\\/www.bellunopress.it\\\/wp-content\\\/uploads\\\/2024\\\/10\\\/crepadona-biblioteca-1_edited.jpg\",\"articleSection\":[\"Prima Pagina\",\"Societ\u00e0, Associazioni, Istituzioni\"],\"inLanguage\":\"fr-FR\"},{\"@type\":\"WebPage\",\"@id\":\"https:\\\/\\\/www.bellunopress.it\\\/2025\\\/09\\\/04\\\/veneto-al-via-un-progetto-per-un-turismo-davvero-per-tutti\\\/\",\"url\":\"https:\\\/\\\/www.bellunopress.it\\\/2025\\\/09\\\/04\\\/veneto-al-via-un-progetto-per-un-turismo-davvero-per-tutti\\\/\",\"name\":\"Veneto, al via un progetto per un turismo davvero per tutti - Bellunopress - Dolomiti\",\"isPartOf\":{\"@id\":\"https:\\\/\\\/www.bellunopress.it\\\/#website\"},\"primaryImageOfPage\":{\"@id\":\"https:\\\/\\\/www.bellunopress.it\\\/2025\\\/09\\\/04\\\/veneto-al-via-un-progetto-per-un-turismo-davvero-per-tutti\\\/#primaryimage\"},\"image\":{\"@id\":\"https:\\\/\\\/www.bellunopress.it\\\/2025\\\/09\\\/04\\\/veneto-al-via-un-progetto-per-un-turismo-davvero-per-tutti\\\/#primaryimage\"},\"thumbnailUrl\":\"https:\\\/\\\/www.bellunopress.it\\\/wp-content\\\/uploads\\\/2024\\\/10\\\/crepadona-biblioteca-1_edited.jpg\",\"datePublished\":\"2025-09-04T11:59:12+00:00\",\"breadcrumb\":{\"@id\":\"https:\\\/\\\/www.bellunopress.it\\\/2025\\\/09\\\/04\\\/veneto-al-via-un-progetto-per-un-turismo-davvero-per-tutti\\\/#breadcrumb\"},\"inLanguage\":\"fr-FR\",\"potentialAction\":[{\"@type\":\"ReadAction\",\"target\":[\"https:\\\/\\\/www.bellunopress.it\\\/2025\\\/09\\\/04\\\/veneto-al-via-un-progetto-per-un-turismo-davvero-per-tutti\\\/\"]}]},{\"@type\":\"ImageObject\",\"inLanguage\":\"fr-FR\",\"@id\":\"https:\\\/\\\/www.bellunopress.it\\\/2025\\\/09\\\/04\\\/veneto-al-via-un-progetto-per-un-turismo-davvero-per-tutti\\\/#primaryimage\",\"url\":\"https:\\\/\\\/www.bellunopress.it\\\/wp-content\\\/uploads\\\/2024\\\/10\\\/crepadona-biblioteca-1_edited.jpg\",\"contentUrl\":\"https:\\\/\\\/www.bellunopress.it\\\/wp-content\\\/uploads\\\/2024\\\/10\\\/crepadona-biblioteca-1_edited.jpg\",\"width\":1000,\"height\":750,\"caption\":\"Palazzo Crepadona, sede della Biblioteca Civica di Belluno\"},{\"@type\":\"BreadcrumbList\",\"@id\":\"https:\\\/\\\/www.bellunopress.it\\\/2025\\\/09\\\/04\\\/veneto-al-via-un-progetto-per-un-turismo-davvero-per-tutti\\\/#breadcrumb\",\"itemListElement\":[{\"@type\":\"ListItem\",\"position\":1,\"name\":\"Home\",\"item\":\"https:\\\/\\\/www.bellunopress.it\\\/\"},{\"@type\":\"ListItem\",\"position\":2,\"name\":\"Veneto, al via un progetto per un turismo davvero per tutti\"}]},{\"@type\":\"WebSite\",\"@id\":\"https:\\\/\\\/www.bellunopress.it\\\/#website\",\"url\":\"https:\\\/\\\/www.bellunopress.it\\\/\",\"name\":\"Bellunopress - Dolomiti\",\"description\":\"e-mail: redazione@bellunopress.it\",\"publisher\":{\"@id\":\"https:\\\/\\\/www.bellunopress.it\\\/#organization\"},\"potentialAction\":[{\"@type\":\"SearchAction\",\"target\":{\"@type\":\"EntryPoint\",\"urlTemplate\":\"https:\\\/\\\/www.bellunopress.it\\\/?s={search_term_string}\"},\"query-input\":{\"@type\":\"PropertyValueSpecification\",\"valueRequired\":true,\"valueName\":\"search_term_string\"}}],\"inLanguage\":\"fr-FR\"},{\"@type\":\"Organization\",\"@id\":\"https:\\\/\\\/www.bellunopress.it\\\/#organization\",\"name\":\"Bellunopress\",\"url\":\"https:\\\/\\\/www.bellunopress.it\\\/\",\"logo\":{\"@type\":\"ImageObject\",\"inLanguage\":\"fr-FR\",\"@id\":\"https:\\\/\\\/www.bellunopress.it\\\/#\\\/schema\\\/logo\\\/image\\\/\",\"url\":\"https:\\\/\\\/www.bellunopress.it\\\/wp-content\\\/uploads\\\/2011\\\/05\\\/cropped-logo-bellunopress-.jpg\",\"contentUrl\":\"https:\\\/\\\/www.bellunopress.it\\\/wp-content\\\/uploads\\\/2011\\\/05\\\/cropped-logo-bellunopress-.jpg\",\"width\":512,\"height\":512,\"caption\":\"Bellunopress\"},\"image\":{\"@id\":\"https:\\\/\\\/www.bellunopress.it\\\/#\\\/schema\\\/logo\\\/image\\\/\"},\"sameAs\":[\"https:\\\/\\\/www.facebook.com\\\/profile.php?id=100008943462799\",\"https:\\\/\\\/x.com\\\/bellunopress\",\"https:\\\/\\\/www.linkedin.com\\\/hp\\\/?dnr=JBzUWaJfMUw8vbXJJ2tVW5-I3jZKvC4wsoxE&amp;amp;amp;amp;amp;amp;trk=nav_responsive_tab_home\",\"https:\\\/\\\/www.youtube.com\\\/channel\\\/UCxL0wu1uN0_3_7hGG0306cw\"]},{\"@type\":\"Person\",\"@id\":\"https:\\\/\\\/www.bellunopress.it\\\/#\\\/schema\\\/person\\\/79bb06722b37ece1c03d3e94beb30d73\",\"name\":\"redazione\",\"image\":{\"@type\":\"ImageObject\",\"inLanguage\":\"fr-FR\",\"@id\":\"https:\\\/\\\/secure.gravatar.com\\\/avatar\\\/37d968a2e67a6fd04c169c4bdef102d0bc5d31b2546345219e348575eb80e9a0?s=96&d=mm&r=g\",\"url\":\"https:\\\/\\\/secure.gravatar.com\\\/avatar\\\/37d968a2e67a6fd04c169c4bdef102d0bc5d31b2546345219e348575eb80e9a0?s=96&d=mm&r=g\",\"contentUrl\":\"https:\\\/\\\/secure.gravatar.com\\\/avatar\\\/37d968a2e67a6fd04c169c4bdef102d0bc5d31b2546345219e348575eb80e9a0?s=96&d=mm&r=g\",\"caption\":\"redazione\"},\"sameAs\":[\"http:\\\/\\\/www.bellunopress.it\",\"https:\\\/\\\/x.com\\\/bellunopress\"],\"url\":\"https:\\\/\\\/www.bellunopress.it\\\/fr\\\/author\\\/redazione\\\/\"}]}<\/script>\n<!-- \/ Yoast SEO plugin. -->","yoast_head_json":{"title":"Veneto, al via un progetto per un turismo davvero per tutti - Bellunopress - Dolomiti","robots":{"index":"index","follow":"follow","max-snippet":"max-snippet:-1","max-image-preview":"max-image-preview:large","max-video-preview":"max-video-preview:-1"},"canonical":"https:\/\/www.bellunopress.it\/fr\/2025\/09\/04\/veneto-al-via-un-progetto-per-un-turismo-davvero-per-tutti\/","og_locale":"fr_FR","og_type":"article","og_title":"Veneto, al via un progetto per un turismo davvero per tutti - Bellunopress - Dolomiti","og_description":"Un&#8217;iniziativa ambiziosa per rendere il Veneto una destinazione turistica sempre pi\u00f9 inclusiva e accessibile a tutti. La Regione del Veneto, in collaborazione con il sistema delle Aziende ULSS, lancia per il biennio 2025-2026 il progetto &#8220;Turismo Sociale e Inclusivo nel Veneto&#8221;, con l&#8217;obiettivo di abbattere le barriere e promuovere una cultura dell&#8217;accessibilit\u00e0. Il progetto, approvato [&hellip;]","og_url":"https:\/\/www.bellunopress.it\/fr\/2025\/09\/04\/veneto-al-via-un-progetto-per-un-turismo-davvero-per-tutti\/","og_site_name":"Bellunopress - Dolomiti","article_publisher":"https:\/\/www.facebook.com\/profile.php?id=100008943462799","article_published_time":"2025-09-04T11:59:12+00:00","og_image":[{"width":1000,"height":750,"url":"https:\/\/www.bellunopress.it\/wp-content\/uploads\/2024\/10\/crepadona-biblioteca-1_edited.jpg","type":"image\/jpeg"}],"author":"redazione","twitter_card":"summary_large_image","twitter_creator":"@bellunopress","twitter_site":"@bellunopress","twitter_misc":{"\u00c9crit par":"redazione","Dur\u00e9e de lecture estim\u00e9e":"1 minute"},"schema":{"@context":"https:\/\/schema.org","@graph":[{"@type":"Article","@id":"https:\/\/www.bellunopress.it\/2025\/09\/04\/veneto-al-via-un-progetto-per-un-turismo-davvero-per-tutti\/#article","isPartOf":{"@id":"https:\/\/www.bellunopress.it\/2025\/09\/04\/veneto-al-via-un-progetto-per-un-turismo-davvero-per-tutti\/"},"author":{"name":"redazione","@id":"https:\/\/www.bellunopress.it\/#\/schema\/person\/79bb06722b37ece1c03d3e94beb30d73"},"headline":"Veneto, al via un progetto per un turismo davvero per tutti","datePublished":"2025-09-04T11:59:12+00:00","mainEntityOfPage":{"@id":"https:\/\/www.bellunopress.it\/2025\/09\/04\/veneto-al-via-un-progetto-per-un-turismo-davvero-per-tutti\/"},"wordCount":294,"publisher":{"@id":"https:\/\/www.bellunopress.it\/#organization"},"image":{"@id":"https:\/\/www.bellunopress.it\/2025\/09\/04\/veneto-al-via-un-progetto-per-un-turismo-davvero-per-tutti\/#primaryimage"},"thumbnailUrl":"https:\/\/www.bellunopress.it\/wp-content\/uploads\/2024\/10\/crepadona-biblioteca-1_edited.jpg","articleSection":["Prima Pagina","Societ\u00e0, Associazioni, Istituzioni"],"inLanguage":"fr-FR"},{"@type":"WebPage","@id":"https:\/\/www.bellunopress.it\/2025\/09\/04\/veneto-al-via-un-progetto-per-un-turismo-davvero-per-tutti\/","url":"https:\/\/www.bellunopress.it\/2025\/09\/04\/veneto-al-via-un-progetto-per-un-turismo-davvero-per-tutti\/","name":"Veneto, al via un progetto per un turismo davvero per tutti - Bellunopress - Dolomiti","isPartOf":{"@id":"https:\/\/www.bellunopress.it\/#website"},"primaryImageOfPage":{"@id":"https:\/\/www.bellunopress.it\/2025\/09\/04\/veneto-al-via-un-progetto-per-un-turismo-davvero-per-tutti\/#primaryimage"},"image":{"@id":"https:\/\/www.bellunopress.it\/2025\/09\/04\/veneto-al-via-un-progetto-per-un-turismo-davvero-per-tutti\/#primaryimage"},"thumbnailUrl":"https:\/\/www.bellunopress.it\/wp-content\/uploads\/2024\/10\/crepadona-biblioteca-1_edited.jpg","datePublished":"2025-09-04T11:59:12+00:00","breadcrumb":{"@id":"https:\/\/www.bellunopress.it\/2025\/09\/04\/veneto-al-via-un-progetto-per-un-turismo-davvero-per-tutti\/#breadcrumb"},"inLanguage":"fr-FR","potentialAction":[{"@type":"ReadAction","target":["https:\/\/www.bellunopress.it\/2025\/09\/04\/veneto-al-via-un-progetto-per-un-turismo-davvero-per-tutti\/"]}]},{"@type":"ImageObject","inLanguage":"fr-FR","@id":"https:\/\/www.bellunopress.it\/2025\/09\/04\/veneto-al-via-un-progetto-per-un-turismo-davvero-per-tutti\/#primaryimage","url":"https:\/\/www.bellunopress.it\/wp-content\/uploads\/2024\/10\/crepadona-biblioteca-1_edited.jpg","contentUrl":"https:\/\/www.bellunopress.it\/wp-content\/uploads\/2024\/10\/crepadona-biblioteca-1_edited.jpg","width":1000,"height":750,"caption":"Palazzo Crepadona, sede della Biblioteca Civica di Belluno"},{"@type":"BreadcrumbList","@id":"https:\/\/www.bellunopress.it\/2025\/09\/04\/veneto-al-via-un-progetto-per-un-turismo-davvero-per-tutti\/#breadcrumb","itemListElement":[{"@type":"ListItem","position":1,"name":"Home","item":"https:\/\/www.bellunopress.it\/"},{"@type":"ListItem","position":2,"name":"Veneto, al via un progetto per un turismo davvero per tutti"}]},{"@type":"WebSite","@id":"https:\/\/www.bellunopress.it\/#website","url":"https:\/\/www.bellunopress.it\/","name":"Bellunopress - Dolomiti","description":"e-mail: redazione@bellunopress.it","publisher":{"@id":"https:\/\/www.bellunopress.it\/#organization"},"potentialAction":[{"@type":"SearchAction","target":{"@type":"EntryPoint","urlTemplate":"https:\/\/www.bellunopress.it\/?s={search_term_string}"},"query-input":{"@type":"PropertyValueSpecification","valueRequired":true,"valueName":"search_term_string"}}],"inLanguage":"fr-FR"},{"@type":"Organization","@id":"https:\/\/www.bellunopress.it\/#organization","name":"Bellunopress","url":"https:\/\/www.bellunopress.it\/","logo":{"@type":"ImageObject","inLanguage":"fr-FR","@id":"https:\/\/www.bellunopress.it\/#\/schema\/logo\/image\/","url":"https:\/\/www.bellunopress.it\/wp-content\/uploads\/2011\/05\/cropped-logo-bellunopress-.jpg","contentUrl":"https:\/\/www.bellunopress.it\/wp-content\/uploads\/2011\/05\/cropped-logo-bellunopress-.jpg","width":512,"height":512,"caption":"Bellunopress"},"image":{"@id":"https:\/\/www.bellunopress.it\/#\/schema\/logo\/image\/"},"sameAs":["https:\/\/www.facebook.com\/profile.php?id=100008943462799","https:\/\/x.com\/bellunopress","https:\/\/www.linkedin.com\/hp\/?dnr=JBzUWaJfMUw8vbXJJ2tVW5-I3jZKvC4wsoxE&amp;amp;amp;amp;amp;amp;trk=nav_responsive_tab_home","https:\/\/www.youtube.com\/channel\/UCxL0wu1uN0_3_7hGG0306cw"]},{"@type":"Person","@id":"https:\/\/www.bellunopress.it\/#\/schema\/person\/79bb06722b37ece1c03d3e94beb30d73","name":"r\u00e9daction","image":{"@type":"ImageObject","inLanguage":"fr-FR","@id":"https:\/\/secure.gravatar.com\/avatar\/37d968a2e67a6fd04c169c4bdef102d0bc5d31b2546345219e348575eb80e9a0?s=96&d=mm&r=g","url":"https:\/\/secure.gravatar.com\/avatar\/37d968a2e67a6fd04c169c4bdef102d0bc5d31b2546345219e348575eb80e9a0?s=96&d=mm&r=g","contentUrl":"https:\/\/secure.gravatar.com\/avatar\/37d968a2e67a6fd04c169c4bdef102d0bc5d31b2546345219e348575eb80e9a0?s=96&d=mm&r=g","caption":"redazione"},"sameAs":["http:\/\/www.bellunopress.it","https:\/\/x.com\/bellunopress"],"url":"https:\/\/www.bellunopress.it\/fr\/author\/redazione\/"}]}},"_links":{"self":[{"href":"https:\/\/www.bellunopress.it\/fr\/wp-json\/wp\/v2\/posts\/163002","targetHints":{"allow":["GET"]}}],"collection":[{"href":"https:\/\/www.bellunopress.it\/fr\/wp-json\/wp\/v2\/posts"}],"about":[{"href":"https:\/\/www.bellunopress.it\/fr\/wp-json\/wp\/v2\/types\/post"}],"author":[{"embeddable":true,"href":"https:\/\/www.bellunopress.it\/fr\/wp-json\/wp\/v2\/users\/2"}],"replies":[{"embeddable":true,"href":"https:\/\/www.bellunopress.it\/fr\/wp-json\/wp\/v2\/comments?post=163002"}],"version-history":[{"count":1,"href":"https:\/\/www.bellunopress.it\/fr\/wp-json\/wp\/v2\/posts\/163002\/revisions"}],"predecessor-version":[{"id":163003,"href":"https:\/\/www.bellunopress.it\/fr\/wp-json\/wp\/v2\/posts\/163002\/revisions\/163003"}],"wp:featuredmedia":[{"embeddable":true,"href":"https:\/\/www.bellunopress.it\/fr\/wp-json\/wp\/v2\/media\/155410"}],"wp:attachment":[{"href":"https:\/\/www.bellunopress.it\/fr\/wp-json\/wp\/v2\/media?parent=163002"}],"wp:term":[{"taxonomy":"category","embeddable":true,"href":"https:\/\/www.bellunopress.it\/fr\/wp-json\/wp\/v2\/categories?post=163002"},{"taxonomy":"post_tag","embeddable":true,"href":"https:\/\/www.bellunopress.it\/fr\/wp-json\/wp\/v2\/tags?post=163002"}],"curies":[{"name":"wp","href":"https:\/\/api.w.org\/{rel}","templated":true}]}}