{"id":163000,"date":"2025-09-04T08:51:30","date_gmt":"2025-09-04T06:51:30","guid":{"rendered":"https:\/\/www.bellunopress.it\/?p=163000"},"modified":"2025-09-04T20:35:05","modified_gmt":"2025-09-04T18:35:05","slug":"discorso-sullo-stato-dellunione-europea-a-belluno-i-giovani-si-interrogano-ma-il-teatro-di-von-der-leyen-e-un-monologo","status":"publish","type":"post","link":"https:\/\/www.bellunopress.it\/fr\/2025\/09\/04\/discorso-sullo-stato-dellunione-europea-a-belluno-i-giovani-si-interrogano-ma-il-teatro-di-von-der-leyen-e-un-monologo\/","title":{"rendered":"Discorso sullo stato dell&#8217;Unione Europea: a Belluno i giovani si interrogano, ma il &#8220;teatro&#8221; di von der Leyen \u00e8 un monologo"},"content":{"rendered":"<figure id=\"attachment_155305\" aria-describedby=\"caption-attachment-155305\" style=\"width: 750px\" class=\"wp-caption aligncenter\"><img loading=\"lazy\" decoding=\"async\" class=\"size-full wp-image-155305\" src=\"https:\/\/www.bellunopress.it\/wp-content\/uploads\/2024\/10\/terrazza-astor-1_edited.jpg\" alt=\"\" width=\"750\" height=\"1000\" srcset=\"https:\/\/www.bellunopress.it\/wp-content\/uploads\/2024\/10\/terrazza-astor-1_edited.jpg 750w, https:\/\/www.bellunopress.it\/wp-content\/uploads\/2024\/10\/terrazza-astor-1_edited-375x500.jpg 375w, https:\/\/www.bellunopress.it\/wp-content\/uploads\/2024\/10\/terrazza-astor-1_edited-315x420.jpg 315w, https:\/\/www.bellunopress.it\/wp-content\/uploads\/2024\/10\/terrazza-astor-1_edited-696x928.jpg 696w\" sizes=\"auto, (max-width: 750px) 100vw, 750px\" \/><figcaption id=\"caption-attachment-155305\" class=\"wp-caption-text\">Terrazza Astor &#8211; Belluno<\/figcaption><\/figure>\n<p>Belluno, 4 settembre 2025 &#8211; Mentre a Belluno il centro Europe Direct Montagna Veneta invita i giovani a un dibattito sul futuro dell&#8217;Europa, l&#8217;ombra del Discorso sullo Stato dell\u2019Unione (SOTEU) di Ursula von der Leyen incombe con il suo carico di retorica e promesse. L\u2019incontro, programmato per il 5 settembre, si propone di avvicinare le nuove generazioni al cuore delle politiche europee. Un&#8217;iniziativa lodevole, che per\u00f2 mette in luce un contrasto stridente: l&#8217;Unione, nonostante le apparenze, sembra ancora troppo spesso un palcoscenico per monologhi, e non un luogo di dialogo.<\/p>\n<p>Il pre-SOTEU Caf\u00e9, come viene chiamato, \u00e8 un&#8217;occasione per i giovani di esprimere le proprie idee, discutere delle sfide e contribuire con &#8220;spunti concreti e originali&#8221; al dibattito europeo. Ma a che serve tutta questa partecipazione locale, se poi il vero protagonista \u00e8 il rito istituzionale del 10 settembre, quando la presidente della Commissione si presenter\u00e0 al Parlamento per tracciare un bilancio e, soprattutto, per dettare la linea futura?<\/p>\n<p>Il testo di presentazione dell&#8217;evento sottolinea come il SOTEU sia &#8220;il momento in cui la Presidente della Commissione europea traccia il bilancio dell\u2019anno trascorso e illustra le priorit\u00e0 politiche&#8221;. L&#8217;enfasi \u00e8 tutta su di lei: Ursula von der Leyen, la figura centrale che dall&#8217;alto della sua posizione decide cosa \u00e8 importante per i cittadini europei. Questo approccio top-down, che vede la politica come una direzione imposta e non come un processo condiviso, rappresenta il limite di molte delle iniziative europee. Si chiede partecipazione, si stimola il &#8220;dialogo costruttivo&#8221;, ma alla fine \u00e8 la Commissione a presentare le sue carte, spesso con politiche gi\u00e0 scritte che lasciano poco spazio a un vero cambiamento di rotta.<\/p>\n<p>Il pre-SOTEU Caf\u00e9 di Belluno, pur con le sue ottime intenzioni, rischia di diventare l&#8217;ennesima dimostrazione di un divario sempre pi\u00f9 profondo. Da una parte, c&#8217;\u00e8 la speranza di una partecipazione autentica e dal basso; dall&#8217;altra, c&#8217;\u00e8 la realt\u00e0 di un&#8217;Europa che sembra ascoltare solo a condizione che le voci si allineino con la visione gi\u00e0 stabilita. I giovani del Veneto si riuniranno per discutere di un futuro che, forse, \u00e8 gi\u00e0 stato deciso a Bruxelles, in un discorso che avr\u00e0 il sapore pi\u00f9 di una relazione annuale aziendale che di un vero manifesto politico per i cittadini.<\/p>\n<p>La vera sfida non \u00e8 convincere i giovani a partecipare, ma fare in modo che la loro partecipazione abbia un peso reale. Altrimenti, l\u2019appuntamento del 10 settembre rimarr\u00e0 solo il teatro di un &#8220;discorso&#8221; che non \u00e8 mai stato, e forse mai sar\u00e0, un dialogo.<\/p>","protected":false},"excerpt":{"rendered":"<p>Belluno, 4 settembre 2025 &#8211; Mentre a Belluno il centro Europe Direct Montagna Veneta invita i giovani a un dibattito sul futuro dell&#8217;Europa, l&#8217;ombra del Discorso sullo Stato dell\u2019Unione (SOTEU) di Ursula von der Leyen incombe con il suo carico di retorica e promesse. L\u2019incontro, programmato per il 5 settembre, si propone di avvicinare le [&hellip;]<\/p>\n","protected":false},"author":2,"featured_media":155305,"comment_status":"closed","ping_status":"open","sticky":false,"template":"","format":"standard","meta":{"footnotes":""},"categories":[27,3446,25,8],"tags":[],"class_list":["post-163000","post","type-post","status-publish","format-standard","has-post-thumbnail","category-appuntamenti","category-featured","category-pausa-caffe","category-societa-istituzioni"],"yoast_head":"<!-- This site is optimized with the Yoast SEO plugin v28.4 - https:\/\/yoast.com\/product\/yoast-seo-wordpress\/ -->\n<title>Discorso sullo stato dell&#039;Unione Europea: a Belluno i giovani si interrogano, ma il &quot;teatro&quot; di von der Leyen \u00e8 un monologo - Bellunopress - Dolomiti<\/title>\n<meta name=\"robots\" content=\"index, follow, max-snippet:-1, max-image-preview:large, max-video-preview:-1\" \/>\n<link rel=\"canonical\" href=\"https:\/\/www.bellunopress.it\/fr\/2025\/09\/04\/discorso-sullo-stato-dellunione-europea-a-belluno-i-giovani-si-interrogano-ma-il-teatro-di-von-der-leyen-e-un-monologo\/\" \/>\n<meta property=\"og:locale\" content=\"fr_FR\" \/>\n<meta property=\"og:type\" content=\"article\" \/>\n<meta property=\"og:title\" content=\"Discorso sullo stato dell&#039;Unione Europea: a Belluno i giovani si interrogano, ma il &quot;teatro&quot; di von der Leyen \u00e8 un monologo - Bellunopress - Dolomiti\" \/>\n<meta property=\"og:description\" content=\"Belluno, 4 settembre 2025 &#8211; Mentre a Belluno il centro Europe Direct Montagna Veneta invita i giovani a un dibattito sul futuro dell&#8217;Europa, l&#8217;ombra del Discorso sullo Stato dell\u2019Unione (SOTEU) di Ursula von der Leyen incombe con il suo carico di retorica e promesse. L\u2019incontro, programmato per il 5 settembre, si propone di avvicinare le [&hellip;]\" \/>\n<meta property=\"og:url\" content=\"https:\/\/www.bellunopress.it\/fr\/2025\/09\/04\/discorso-sullo-stato-dellunione-europea-a-belluno-i-giovani-si-interrogano-ma-il-teatro-di-von-der-leyen-e-un-monologo\/\" \/>\n<meta property=\"og:site_name\" content=\"Bellunopress - Dolomiti\" \/>\n<meta property=\"article:publisher\" content=\"https:\/\/www.facebook.com\/profile.php?id=100008943462799\" \/>\n<meta property=\"article:published_time\" content=\"2025-09-04T06:51:30+00:00\" \/>\n<meta property=\"article:modified_time\" content=\"2025-09-04T18:35:05+00:00\" \/>\n<meta property=\"og:image\" content=\"https:\/\/www.bellunopress.it\/wp-content\/uploads\/2024\/10\/terrazza-astor-1_edited.jpg\" \/>\n\t<meta property=\"og:image:width\" content=\"750\" \/>\n\t<meta property=\"og:image:height\" content=\"1000\" \/>\n\t<meta property=\"og:image:type\" content=\"image\/jpeg\" \/>\n<meta name=\"author\" content=\"redazione\" \/>\n<meta name=\"twitter:card\" content=\"summary_large_image\" \/>\n<meta name=\"twitter:creator\" content=\"@bellunopress\" \/>\n<meta name=\"twitter:site\" content=\"@bellunopress\" \/>\n<meta name=\"twitter:label1\" content=\"Written by\" \/>\n\t<meta name=\"twitter:data1\" content=\"redazione\" \/>\n\t<meta name=\"twitter:label2\" content=\"Est. reading time\" \/>\n\t<meta name=\"twitter:data2\" content=\"2 minutes\" \/>\n<script type=\"application\/ld+json\" class=\"yoast-schema-graph\">{\"@context\":\"https:\\\/\\\/schema.org\",\"@graph\":[{\"@type\":\"Article\",\"@id\":\"https:\\\/\\\/www.bellunopress.it\\\/2025\\\/09\\\/04\\\/discorso-sullo-stato-dellunione-europea-a-belluno-i-giovani-si-interrogano-ma-il-teatro-di-von-der-leyen-e-un-monologo\\\/#article\",\"isPartOf\":{\"@id\":\"https:\\\/\\\/www.bellunopress.it\\\/2025\\\/09\\\/04\\\/discorso-sullo-stato-dellunione-europea-a-belluno-i-giovani-si-interrogano-ma-il-teatro-di-von-der-leyen-e-un-monologo\\\/\"},\"author\":{\"name\":\"redazione\",\"@id\":\"https:\\\/\\\/www.bellunopress.it\\\/#\\\/schema\\\/person\\\/79bb06722b37ece1c03d3e94beb30d73\"},\"headline\":\"Discorso sullo stato dell&#8217;Unione Europea: a Belluno i giovani si interrogano, ma il &#8220;teatro&#8221; di von der Leyen \u00e8 un monologo\",\"datePublished\":\"2025-09-04T06:51:30+00:00\",\"dateModified\":\"2025-09-04T18:35:05+00:00\",\"mainEntityOfPage\":{\"@id\":\"https:\\\/\\\/www.bellunopress.it\\\/2025\\\/09\\\/04\\\/discorso-sullo-stato-dellunione-europea-a-belluno-i-giovani-si-interrogano-ma-il-teatro-di-von-der-leyen-e-un-monologo\\\/\"},\"wordCount\":450,\"publisher\":{\"@id\":\"https:\\\/\\\/www.bellunopress.it\\\/#organization\"},\"image\":{\"@id\":\"https:\\\/\\\/www.bellunopress.it\\\/2025\\\/09\\\/04\\\/discorso-sullo-stato-dellunione-europea-a-belluno-i-giovani-si-interrogano-ma-il-teatro-di-von-der-leyen-e-un-monologo\\\/#primaryimage\"},\"thumbnailUrl\":\"https:\\\/\\\/www.bellunopress.it\\\/wp-content\\\/uploads\\\/2024\\\/10\\\/terrazza-astor-1_edited.jpg\",\"articleSection\":[\"Appuntamenti, Eventi\",\"Featured\",\"Pausa Caff\u00e8\",\"Societ\u00e0, Associazioni, Istituzioni\"],\"inLanguage\":\"fr-FR\"},{\"@type\":\"WebPage\",\"@id\":\"https:\\\/\\\/www.bellunopress.it\\\/2025\\\/09\\\/04\\\/discorso-sullo-stato-dellunione-europea-a-belluno-i-giovani-si-interrogano-ma-il-teatro-di-von-der-leyen-e-un-monologo\\\/\",\"url\":\"https:\\\/\\\/www.bellunopress.it\\\/2025\\\/09\\\/04\\\/discorso-sullo-stato-dellunione-europea-a-belluno-i-giovani-si-interrogano-ma-il-teatro-di-von-der-leyen-e-un-monologo\\\/\",\"name\":\"Discorso sullo stato dell'Unione Europea: a Belluno i giovani si interrogano, ma il \\\"teatro\\\" di von der Leyen \u00e8 un monologo - Bellunopress - Dolomiti\",\"isPartOf\":{\"@id\":\"https:\\\/\\\/www.bellunopress.it\\\/#website\"},\"primaryImageOfPage\":{\"@id\":\"https:\\\/\\\/www.bellunopress.it\\\/2025\\\/09\\\/04\\\/discorso-sullo-stato-dellunione-europea-a-belluno-i-giovani-si-interrogano-ma-il-teatro-di-von-der-leyen-e-un-monologo\\\/#primaryimage\"},\"image\":{\"@id\":\"https:\\\/\\\/www.bellunopress.it\\\/2025\\\/09\\\/04\\\/discorso-sullo-stato-dellunione-europea-a-belluno-i-giovani-si-interrogano-ma-il-teatro-di-von-der-leyen-e-un-monologo\\\/#primaryimage\"},\"thumbnailUrl\":\"https:\\\/\\\/www.bellunopress.it\\\/wp-content\\\/uploads\\\/2024\\\/10\\\/terrazza-astor-1_edited.jpg\",\"datePublished\":\"2025-09-04T06:51:30+00:00\",\"dateModified\":\"2025-09-04T18:35:05+00:00\",\"breadcrumb\":{\"@id\":\"https:\\\/\\\/www.bellunopress.it\\\/2025\\\/09\\\/04\\\/discorso-sullo-stato-dellunione-europea-a-belluno-i-giovani-si-interrogano-ma-il-teatro-di-von-der-leyen-e-un-monologo\\\/#breadcrumb\"},\"inLanguage\":\"fr-FR\",\"potentialAction\":[{\"@type\":\"ReadAction\",\"target\":[\"https:\\\/\\\/www.bellunopress.it\\\/2025\\\/09\\\/04\\\/discorso-sullo-stato-dellunione-europea-a-belluno-i-giovani-si-interrogano-ma-il-teatro-di-von-der-leyen-e-un-monologo\\\/\"]}]},{\"@type\":\"ImageObject\",\"inLanguage\":\"fr-FR\",\"@id\":\"https:\\\/\\\/www.bellunopress.it\\\/2025\\\/09\\\/04\\\/discorso-sullo-stato-dellunione-europea-a-belluno-i-giovani-si-interrogano-ma-il-teatro-di-von-der-leyen-e-un-monologo\\\/#primaryimage\",\"url\":\"https:\\\/\\\/www.bellunopress.it\\\/wp-content\\\/uploads\\\/2024\\\/10\\\/terrazza-astor-1_edited.jpg\",\"contentUrl\":\"https:\\\/\\\/www.bellunopress.it\\\/wp-content\\\/uploads\\\/2024\\\/10\\\/terrazza-astor-1_edited.jpg\",\"width\":750,\"height\":1000,\"caption\":\"Terrazza Astor - Belluno\"},{\"@type\":\"BreadcrumbList\",\"@id\":\"https:\\\/\\\/www.bellunopress.it\\\/2025\\\/09\\\/04\\\/discorso-sullo-stato-dellunione-europea-a-belluno-i-giovani-si-interrogano-ma-il-teatro-di-von-der-leyen-e-un-monologo\\\/#breadcrumb\",\"itemListElement\":[{\"@type\":\"ListItem\",\"position\":1,\"name\":\"Home\",\"item\":\"https:\\\/\\\/www.bellunopress.it\\\/\"},{\"@type\":\"ListItem\",\"position\":2,\"name\":\"Discorso sullo stato dell&#8217;Unione Europea: a Belluno i giovani si interrogano, ma il &#8220;teatro&#8221; di von der Leyen \u00e8 un monologo\"}]},{\"@type\":\"WebSite\",\"@id\":\"https:\\\/\\\/www.bellunopress.it\\\/#website\",\"url\":\"https:\\\/\\\/www.bellunopress.it\\\/\",\"name\":\"Bellunopress - Dolomiti\",\"description\":\"e-mail: redazione@bellunopress.it\",\"publisher\":{\"@id\":\"https:\\\/\\\/www.bellunopress.it\\\/#organization\"},\"potentialAction\":[{\"@type\":\"SearchAction\",\"target\":{\"@type\":\"EntryPoint\",\"urlTemplate\":\"https:\\\/\\\/www.bellunopress.it\\\/?s={search_term_string}\"},\"query-input\":{\"@type\":\"PropertyValueSpecification\",\"valueRequired\":true,\"valueName\":\"search_term_string\"}}],\"inLanguage\":\"fr-FR\"},{\"@type\":\"Organization\",\"@id\":\"https:\\\/\\\/www.bellunopress.it\\\/#organization\",\"name\":\"Bellunopress\",\"url\":\"https:\\\/\\\/www.bellunopress.it\\\/\",\"logo\":{\"@type\":\"ImageObject\",\"inLanguage\":\"fr-FR\",\"@id\":\"https:\\\/\\\/www.bellunopress.it\\\/#\\\/schema\\\/logo\\\/image\\\/\",\"url\":\"https:\\\/\\\/www.bellunopress.it\\\/wp-content\\\/uploads\\\/2011\\\/05\\\/cropped-logo-bellunopress-.jpg\",\"contentUrl\":\"https:\\\/\\\/www.bellunopress.it\\\/wp-content\\\/uploads\\\/2011\\\/05\\\/cropped-logo-bellunopress-.jpg\",\"width\":512,\"height\":512,\"caption\":\"Bellunopress\"},\"image\":{\"@id\":\"https:\\\/\\\/www.bellunopress.it\\\/#\\\/schema\\\/logo\\\/image\\\/\"},\"sameAs\":[\"https:\\\/\\\/www.facebook.com\\\/profile.php?id=100008943462799\",\"https:\\\/\\\/x.com\\\/bellunopress\",\"https:\\\/\\\/www.linkedin.com\\\/hp\\\/?dnr=JBzUWaJfMUw8vbXJJ2tVW5-I3jZKvC4wsoxE&amp;amp;amp;amp;amp;amp;trk=nav_responsive_tab_home\",\"https:\\\/\\\/www.youtube.com\\\/channel\\\/UCxL0wu1uN0_3_7hGG0306cw\"]},{\"@type\":\"Person\",\"@id\":\"https:\\\/\\\/www.bellunopress.it\\\/#\\\/schema\\\/person\\\/79bb06722b37ece1c03d3e94beb30d73\",\"name\":\"redazione\",\"image\":{\"@type\":\"ImageObject\",\"inLanguage\":\"fr-FR\",\"@id\":\"https:\\\/\\\/secure.gravatar.com\\\/avatar\\\/37d968a2e67a6fd04c169c4bdef102d0bc5d31b2546345219e348575eb80e9a0?s=96&d=mm&r=g\",\"url\":\"https:\\\/\\\/secure.gravatar.com\\\/avatar\\\/37d968a2e67a6fd04c169c4bdef102d0bc5d31b2546345219e348575eb80e9a0?s=96&d=mm&r=g\",\"contentUrl\":\"https:\\\/\\\/secure.gravatar.com\\\/avatar\\\/37d968a2e67a6fd04c169c4bdef102d0bc5d31b2546345219e348575eb80e9a0?s=96&d=mm&r=g\",\"caption\":\"redazione\"},\"sameAs\":[\"http:\\\/\\\/www.bellunopress.it\",\"https:\\\/\\\/x.com\\\/bellunopress\"],\"url\":\"https:\\\/\\\/www.bellunopress.it\\\/fr\\\/author\\\/redazione\\\/\"}]}<\/script>\n<!-- \/ Yoast SEO plugin. -->","yoast_head_json":{"title":"Discorso sullo stato dell'Unione Europea: a Belluno i giovani si interrogano, ma il \"teatro\" di von der Leyen \u00e8 un monologo - Bellunopress - Dolomiti","robots":{"index":"index","follow":"follow","max-snippet":"max-snippet:-1","max-image-preview":"max-image-preview:large","max-video-preview":"max-video-preview:-1"},"canonical":"https:\/\/www.bellunopress.it\/fr\/2025\/09\/04\/discorso-sullo-stato-dellunione-europea-a-belluno-i-giovani-si-interrogano-ma-il-teatro-di-von-der-leyen-e-un-monologo\/","og_locale":"fr_FR","og_type":"article","og_title":"Discorso sullo stato dell'Unione Europea: a Belluno i giovani si interrogano, ma il \"teatro\" di von der Leyen \u00e8 un monologo - Bellunopress - Dolomiti","og_description":"Belluno, 4 settembre 2025 &#8211; Mentre a Belluno il centro Europe Direct Montagna Veneta invita i giovani a un dibattito sul futuro dell&#8217;Europa, l&#8217;ombra del Discorso sullo Stato dell\u2019Unione (SOTEU) di Ursula von der Leyen incombe con il suo carico di retorica e promesse. L\u2019incontro, programmato per il 5 settembre, si propone di avvicinare le [&hellip;]","og_url":"https:\/\/www.bellunopress.it\/fr\/2025\/09\/04\/discorso-sullo-stato-dellunione-europea-a-belluno-i-giovani-si-interrogano-ma-il-teatro-di-von-der-leyen-e-un-monologo\/","og_site_name":"Bellunopress - Dolomiti","article_publisher":"https:\/\/www.facebook.com\/profile.php?id=100008943462799","article_published_time":"2025-09-04T06:51:30+00:00","article_modified_time":"2025-09-04T18:35:05+00:00","og_image":[{"width":750,"height":1000,"url":"https:\/\/www.bellunopress.it\/wp-content\/uploads\/2024\/10\/terrazza-astor-1_edited.jpg","type":"image\/jpeg"}],"author":"redazione","twitter_card":"summary_large_image","twitter_creator":"@bellunopress","twitter_site":"@bellunopress","twitter_misc":{"Written by":"redazione","Est. reading time":"2 minutes"},"schema":{"@context":"https:\/\/schema.org","@graph":[{"@type":"Article","@id":"https:\/\/www.bellunopress.it\/2025\/09\/04\/discorso-sullo-stato-dellunione-europea-a-belluno-i-giovani-si-interrogano-ma-il-teatro-di-von-der-leyen-e-un-monologo\/#article","isPartOf":{"@id":"https:\/\/www.bellunopress.it\/2025\/09\/04\/discorso-sullo-stato-dellunione-europea-a-belluno-i-giovani-si-interrogano-ma-il-teatro-di-von-der-leyen-e-un-monologo\/"},"author":{"name":"redazione","@id":"https:\/\/www.bellunopress.it\/#\/schema\/person\/79bb06722b37ece1c03d3e94beb30d73"},"headline":"Discorso sullo stato dell&#8217;Unione Europea: a Belluno i giovani si interrogano, ma il &#8220;teatro&#8221; di von der Leyen \u00e8 un monologo","datePublished":"2025-09-04T06:51:30+00:00","dateModified":"2025-09-04T18:35:05+00:00","mainEntityOfPage":{"@id":"https:\/\/www.bellunopress.it\/2025\/09\/04\/discorso-sullo-stato-dellunione-europea-a-belluno-i-giovani-si-interrogano-ma-il-teatro-di-von-der-leyen-e-un-monologo\/"},"wordCount":450,"publisher":{"@id":"https:\/\/www.bellunopress.it\/#organization"},"image":{"@id":"https:\/\/www.bellunopress.it\/2025\/09\/04\/discorso-sullo-stato-dellunione-europea-a-belluno-i-giovani-si-interrogano-ma-il-teatro-di-von-der-leyen-e-un-monologo\/#primaryimage"},"thumbnailUrl":"https:\/\/www.bellunopress.it\/wp-content\/uploads\/2024\/10\/terrazza-astor-1_edited.jpg","articleSection":["Appuntamenti, Eventi","Featured","Pausa Caff\u00e8","Societ\u00e0, Associazioni, Istituzioni"],"inLanguage":"fr-FR"},{"@type":"WebPage","@id":"https:\/\/www.bellunopress.it\/2025\/09\/04\/discorso-sullo-stato-dellunione-europea-a-belluno-i-giovani-si-interrogano-ma-il-teatro-di-von-der-leyen-e-un-monologo\/","url":"https:\/\/www.bellunopress.it\/2025\/09\/04\/discorso-sullo-stato-dellunione-europea-a-belluno-i-giovani-si-interrogano-ma-il-teatro-di-von-der-leyen-e-un-monologo\/","name":"Discorso sullo stato dell'Unione Europea: a Belluno i giovani si interrogano, ma il \"teatro\" di von der Leyen \u00e8 un monologo - Bellunopress - Dolomiti","isPartOf":{"@id":"https:\/\/www.bellunopress.it\/#website"},"primaryImageOfPage":{"@id":"https:\/\/www.bellunopress.it\/2025\/09\/04\/discorso-sullo-stato-dellunione-europea-a-belluno-i-giovani-si-interrogano-ma-il-teatro-di-von-der-leyen-e-un-monologo\/#primaryimage"},"image":{"@id":"https:\/\/www.bellunopress.it\/2025\/09\/04\/discorso-sullo-stato-dellunione-europea-a-belluno-i-giovani-si-interrogano-ma-il-teatro-di-von-der-leyen-e-un-monologo\/#primaryimage"},"thumbnailUrl":"https:\/\/www.bellunopress.it\/wp-content\/uploads\/2024\/10\/terrazza-astor-1_edited.jpg","datePublished":"2025-09-04T06:51:30+00:00","dateModified":"2025-09-04T18:35:05+00:00","breadcrumb":{"@id":"https:\/\/www.bellunopress.it\/2025\/09\/04\/discorso-sullo-stato-dellunione-europea-a-belluno-i-giovani-si-interrogano-ma-il-teatro-di-von-der-leyen-e-un-monologo\/#breadcrumb"},"inLanguage":"fr-FR","potentialAction":[{"@type":"ReadAction","target":["https:\/\/www.bellunopress.it\/2025\/09\/04\/discorso-sullo-stato-dellunione-europea-a-belluno-i-giovani-si-interrogano-ma-il-teatro-di-von-der-leyen-e-un-monologo\/"]}]},{"@type":"ImageObject","inLanguage":"fr-FR","@id":"https:\/\/www.bellunopress.it\/2025\/09\/04\/discorso-sullo-stato-dellunione-europea-a-belluno-i-giovani-si-interrogano-ma-il-teatro-di-von-der-leyen-e-un-monologo\/#primaryimage","url":"https:\/\/www.bellunopress.it\/wp-content\/uploads\/2024\/10\/terrazza-astor-1_edited.jpg","contentUrl":"https:\/\/www.bellunopress.it\/wp-content\/uploads\/2024\/10\/terrazza-astor-1_edited.jpg","width":750,"height":1000,"caption":"Terrazza Astor - Belluno"},{"@type":"BreadcrumbList","@id":"https:\/\/www.bellunopress.it\/2025\/09\/04\/discorso-sullo-stato-dellunione-europea-a-belluno-i-giovani-si-interrogano-ma-il-teatro-di-von-der-leyen-e-un-monologo\/#breadcrumb","itemListElement":[{"@type":"ListItem","position":1,"name":"Home","item":"https:\/\/www.bellunopress.it\/"},{"@type":"ListItem","position":2,"name":"Discorso sullo stato dell&#8217;Unione Europea: a Belluno i giovani si interrogano, ma il &#8220;teatro&#8221; di von der Leyen \u00e8 un monologo"}]},{"@type":"WebSite","@id":"https:\/\/www.bellunopress.it\/#website","url":"https:\/\/www.bellunopress.it\/","name":"Bellunopress - Dolomiti","description":"e-mail: redazione@bellunopress.it","publisher":{"@id":"https:\/\/www.bellunopress.it\/#organization"},"potentialAction":[{"@type":"SearchAction","target":{"@type":"EntryPoint","urlTemplate":"https:\/\/www.bellunopress.it\/?s={search_term_string}"},"query-input":{"@type":"PropertyValueSpecification","valueRequired":true,"valueName":"search_term_string"}}],"inLanguage":"fr-FR"},{"@type":"Organization","@id":"https:\/\/www.bellunopress.it\/#organization","name":"Bellunopress","url":"https:\/\/www.bellunopress.it\/","logo":{"@type":"ImageObject","inLanguage":"fr-FR","@id":"https:\/\/www.bellunopress.it\/#\/schema\/logo\/image\/","url":"https:\/\/www.bellunopress.it\/wp-content\/uploads\/2011\/05\/cropped-logo-bellunopress-.jpg","contentUrl":"https:\/\/www.bellunopress.it\/wp-content\/uploads\/2011\/05\/cropped-logo-bellunopress-.jpg","width":512,"height":512,"caption":"Bellunopress"},"image":{"@id":"https:\/\/www.bellunopress.it\/#\/schema\/logo\/image\/"},"sameAs":["https:\/\/www.facebook.com\/profile.php?id=100008943462799","https:\/\/x.com\/bellunopress","https:\/\/www.linkedin.com\/hp\/?dnr=JBzUWaJfMUw8vbXJJ2tVW5-I3jZKvC4wsoxE&amp;amp;amp;amp;amp;amp;trk=nav_responsive_tab_home","https:\/\/www.youtube.com\/channel\/UCxL0wu1uN0_3_7hGG0306cw"]},{"@type":"Person","@id":"https:\/\/www.bellunopress.it\/#\/schema\/person\/79bb06722b37ece1c03d3e94beb30d73","name":"r\u00e9daction","image":{"@type":"ImageObject","inLanguage":"fr-FR","@id":"https:\/\/secure.gravatar.com\/avatar\/37d968a2e67a6fd04c169c4bdef102d0bc5d31b2546345219e348575eb80e9a0?s=96&d=mm&r=g","url":"https:\/\/secure.gravatar.com\/avatar\/37d968a2e67a6fd04c169c4bdef102d0bc5d31b2546345219e348575eb80e9a0?s=96&d=mm&r=g","contentUrl":"https:\/\/secure.gravatar.com\/avatar\/37d968a2e67a6fd04c169c4bdef102d0bc5d31b2546345219e348575eb80e9a0?s=96&d=mm&r=g","caption":"redazione"},"sameAs":["http:\/\/www.bellunopress.it","https:\/\/x.com\/bellunopress"],"url":"https:\/\/www.bellunopress.it\/fr\/author\/redazione\/"}]}},"_links":{"self":[{"href":"https:\/\/www.bellunopress.it\/fr\/wp-json\/wp\/v2\/posts\/163000","targetHints":{"allow":["GET"]}}],"collection":[{"href":"https:\/\/www.bellunopress.it\/fr\/wp-json\/wp\/v2\/posts"}],"about":[{"href":"https:\/\/www.bellunopress.it\/fr\/wp-json\/wp\/v2\/types\/post"}],"author":[{"embeddable":true,"href":"https:\/\/www.bellunopress.it\/fr\/wp-json\/wp\/v2\/users\/2"}],"replies":[{"embeddable":true,"href":"https:\/\/www.bellunopress.it\/fr\/wp-json\/wp\/v2\/comments?post=163000"}],"version-history":[{"count":1,"href":"https:\/\/www.bellunopress.it\/fr\/wp-json\/wp\/v2\/posts\/163000\/revisions"}],"predecessor-version":[{"id":163001,"href":"https:\/\/www.bellunopress.it\/fr\/wp-json\/wp\/v2\/posts\/163000\/revisions\/163001"}],"wp:featuredmedia":[{"embeddable":true,"href":"https:\/\/www.bellunopress.it\/fr\/wp-json\/wp\/v2\/media\/155305"}],"wp:attachment":[{"href":"https:\/\/www.bellunopress.it\/fr\/wp-json\/wp\/v2\/media?parent=163000"}],"wp:term":[{"taxonomy":"category","embeddable":true,"href":"https:\/\/www.bellunopress.it\/fr\/wp-json\/wp\/v2\/categories?post=163000"},{"taxonomy":"post_tag","embeddable":true,"href":"https:\/\/www.bellunopress.it\/fr\/wp-json\/wp\/v2\/tags?post=163000"}],"curies":[{"name":"wp","href":"https:\/\/api.w.org\/{rel}","templated":true}]}}