{"id":162998,"date":"2025-09-04T09:12:18","date_gmt":"2025-09-04T07:12:18","guid":{"rendered":"https:\/\/www.bellunopress.it\/?p=162998"},"modified":"2025-09-03T22:15:33","modified_gmt":"2025-09-03T20:15:33","slug":"stop-ai-controlli-sui-nei-e-allarme-prevenzione-in-veneto","status":"publish","type":"post","link":"https:\/\/www.bellunopress.it\/fr\/2025\/09\/04\/stop-ai-controlli-sui-nei-e-allarme-prevenzione-in-veneto\/","title":{"rendered":"Stop ai controlli sui nei: \u00e8 allarme prevenzione in Veneto"},"content":{"rendered":"<p><em><strong><img loading=\"lazy\" decoding=\"async\" class=\"aligncenter size-full wp-image-141395\" src=\"https:\/\/www.bellunopress.it\/wp-content\/uploads\/2023\/05\/Covesap-coordinamento-veneto-sanita-pubblica.jpg\" alt=\"\" width=\"1000\" height=\"1000\" srcset=\"https:\/\/www.bellunopress.it\/wp-content\/uploads\/2023\/05\/Covesap-coordinamento-veneto-sanita-pubblica.jpg 1000w, https:\/\/www.bellunopress.it\/wp-content\/uploads\/2023\/05\/Covesap-coordinamento-veneto-sanita-pubblica-500x500.jpg 500w, https:\/\/www.bellunopress.it\/wp-content\/uploads\/2023\/05\/Covesap-coordinamento-veneto-sanita-pubblica-300x300.jpg 300w, https:\/\/www.bellunopress.it\/wp-content\/uploads\/2023\/05\/Covesap-coordinamento-veneto-sanita-pubblica-696x696.jpg 696w, https:\/\/www.bellunopress.it\/wp-content\/uploads\/2023\/05\/Covesap-coordinamento-veneto-sanita-pubblica-420x420.jpg 420w\" sizes=\"auto, (max-width: 1000px) 100vw, 1000px\" \/>La Regione limita la mappatura dei nevi, scatenando la reazione dei comitati a difesa della sanit\u00e0 pubblica. Il CoVeSaP lancia un appello ai sindaci: &#8220;La prevenzione oncologica non \u00e8 un lusso&#8221;<\/strong><\/em><\/p>\n<p>Belluno, 3 settembre 2025 \u2013 Quello che sembrava un tormentone estivo, passato sotto silenzio, si \u00e8 trasformato in un&#8217;accesa polemica che sta tenendo banco sulle pagine dei giornali veneti. La decisione della Regione di &#8220;risparmiare sugli sprechi&#8221; in sanit\u00e0 ha colpito una prassi fondamentale per la prevenzione oncologica: la mappatura dei nei.<\/p>\n<p>La scelta di cancellare questa prestazione dalle visite specialistiche garantite dal servizio sanitario regionale ha scatenato la reazione dei Comitati per il Diritto alla Sanit\u00e0 Pubblica, coordinati dal CoVeSaP (Coordinamento Veneto Sanit\u00e0 Pubblica). La preoccupazione \u00e8 che un simile provvedimento possa essere il primo passo verso una progressiva privatizzazione del sistema sanitario. Il caso pilota \u00e8 quello dell&#8217;ULSS1 Dolomiti, dove la nuova norma \u00e8 gi\u00e0 stata applicata.<\/p>\n<p>La decisione impone ai Medici di Medicina Generale di prescrivere la visita dermatologica di primo accesso solo in caso di lesioni gi\u00e0 sospette, e non pi\u00f9 per la mappatura preventiva dei nevi. Questa limitazione, secondo il CoVeSaP, rischia di ridurre drasticamente i controlli, con conseguente aumento delle diagnosi tardive, che sono pi\u00f9 invasive per i pazienti e molto pi\u00f9 costose per il sistema sanitario regionale.<\/p>\n<p>I Comitati si oppongono fermamente a questa scelta, definendola &#8220;scellerata&#8221;. La loro posizione \u00e8 sostenuta dai dati: l&#8217;incidenza dei tumori cutanei, in particolare i melanomi, \u00e8 in aumento, e la diagnosi precoce rimane l&#8217;arma pi\u00f9 efficace per combattere la malattia. Lo stesso CoVeSaP segnala che la situazione \u00e8 gi\u00e0 critica, con pazienti che attendono una visita di controllo anche da oltre 600 giorni.<\/p>\n<p>Di fronte a un panorama tanto preoccupante, il Coordinamento ha inviato una lettera a tutti i sindaci del Veneto e ai presidenti delle Conferenze dei Sindaci, chiedendo il loro intervento. La richiesta \u00e8 chiara:<\/p>\n<ul>\n<li>Reintrodurre la mappatura dei nei come prestazione garantita dal Servizio Sanitario Regionale, riconoscendone il ruolo cruciale nella prevenzione.<\/li>\n<li>Promuovere campagne di sensibilizzazione locali in collaborazione con le Aziende ULSS e le associazioni di pazienti, per informare i cittadini sull&#8217;importanza dei controlli periodici.<\/li>\n<\/ul>\n<p>La lettera, inviata per conoscenza anche all&#8217;Assessora alla Sanit\u00e0, al Direttore Generale dell&#8217;Area Sanit\u00e0 e a tutti i Direttori Generali delle ULSS del Veneto, vuole essere un monito a difesa di un diritto fondamentale: la tutela della salute pubblica.<\/p>\n<p>La polemica, che ha visto anche un acceso dibattito politico in vista delle imminenti elezioni regionali, \u00e8 destinata a non placarsi. Resta da vedere se l&#8217;appello dei Comitati verr\u00e0 ascoltato o se la prevenzione continuer\u00e0 a essere considerata un &#8220;lusso&#8221; a pagamento.<\/p>","protected":false},"excerpt":{"rendered":"<p>La Regione limita la mappatura dei nevi, scatenando la reazione dei comitati a difesa della sanit\u00e0 pubblica. Il CoVeSaP lancia un appello ai sindaci: &#8220;La prevenzione oncologica non \u00e8 un lusso&#8221; Belluno, 3 settembre 2025 \u2013 Quello che sembrava un tormentone estivo, passato sotto silenzio, si \u00e8 trasformato in un&#8217;accesa polemica che sta tenendo banco [&hellip;]<\/p>\n","protected":false},"author":2,"featured_media":141395,"comment_status":"closed","ping_status":"open","sticky":false,"template":"","format":"standard","meta":{"footnotes":""},"categories":[26,17],"tags":[],"class_list":["post-162998","post","type-post","status-publish","format-standard","has-post-thumbnail","category-prima-pagina","category-sanita"],"yoast_head":"<!-- This site is optimized with the Yoast SEO plugin v28.4 - https:\/\/yoast.com\/product\/yoast-seo-wordpress\/ -->\n<title>Stop ai controlli sui nei: \u00e8 allarme prevenzione in Veneto - Bellunopress - Dolomiti<\/title>\n<meta name=\"robots\" content=\"index, follow, max-snippet:-1, max-image-preview:large, max-video-preview:-1\" \/>\n<link rel=\"canonical\" href=\"https:\/\/www.bellunopress.it\/fr\/2025\/09\/04\/stop-ai-controlli-sui-nei-e-allarme-prevenzione-in-veneto\/\" \/>\n<meta property=\"og:locale\" content=\"fr_FR\" \/>\n<meta property=\"og:type\" content=\"article\" \/>\n<meta property=\"og:title\" content=\"Stop ai controlli sui nei: \u00e8 allarme prevenzione in Veneto - Bellunopress - Dolomiti\" \/>\n<meta property=\"og:description\" content=\"La Regione limita la mappatura dei nevi, scatenando la reazione dei comitati a difesa della sanit\u00e0 pubblica. Il CoVeSaP lancia un appello ai sindaci: &#8220;La prevenzione oncologica non \u00e8 un lusso&#8221; Belluno, 3 settembre 2025 \u2013 Quello che sembrava un tormentone estivo, passato sotto silenzio, si \u00e8 trasformato in un&#8217;accesa polemica che sta tenendo banco [&hellip;]\" \/>\n<meta property=\"og:url\" content=\"https:\/\/www.bellunopress.it\/fr\/2025\/09\/04\/stop-ai-controlli-sui-nei-e-allarme-prevenzione-in-veneto\/\" \/>\n<meta property=\"og:site_name\" content=\"Bellunopress - Dolomiti\" \/>\n<meta property=\"article:publisher\" content=\"https:\/\/www.facebook.com\/profile.php?id=100008943462799\" \/>\n<meta property=\"article:published_time\" content=\"2025-09-04T07:12:18+00:00\" \/>\n<meta property=\"og:image\" content=\"https:\/\/www.bellunopress.it\/wp-content\/uploads\/2023\/05\/Covesap-coordinamento-veneto-sanita-pubblica.jpg\" \/>\n\t<meta property=\"og:image:width\" content=\"1000\" \/>\n\t<meta property=\"og:image:height\" content=\"1000\" \/>\n\t<meta property=\"og:image:type\" content=\"image\/jpeg\" \/>\n<meta name=\"author\" content=\"redazione\" \/>\n<meta name=\"twitter:card\" content=\"summary_large_image\" \/>\n<meta name=\"twitter:creator\" content=\"@bellunopress\" \/>\n<meta name=\"twitter:site\" content=\"@bellunopress\" \/>\n<meta name=\"twitter:label1\" content=\"\u00c9crit par\" \/>\n\t<meta name=\"twitter:data1\" content=\"redazione\" \/>\n\t<meta name=\"twitter:label2\" content=\"Dur\u00e9e de lecture estim\u00e9e\" \/>\n\t<meta name=\"twitter:data2\" content=\"2 minutes\" \/>\n<script type=\"application\/ld+json\" class=\"yoast-schema-graph\">{\"@context\":\"https:\\\/\\\/schema.org\",\"@graph\":[{\"@type\":\"Article\",\"@id\":\"https:\\\/\\\/www.bellunopress.it\\\/2025\\\/09\\\/04\\\/stop-ai-controlli-sui-nei-e-allarme-prevenzione-in-veneto\\\/#article\",\"isPartOf\":{\"@id\":\"https:\\\/\\\/www.bellunopress.it\\\/2025\\\/09\\\/04\\\/stop-ai-controlli-sui-nei-e-allarme-prevenzione-in-veneto\\\/\"},\"author\":{\"name\":\"redazione\",\"@id\":\"https:\\\/\\\/www.bellunopress.it\\\/#\\\/schema\\\/person\\\/79bb06722b37ece1c03d3e94beb30d73\"},\"headline\":\"Stop ai controlli sui nei: \u00e8 allarme prevenzione in Veneto\",\"datePublished\":\"2025-09-04T07:12:18+00:00\",\"mainEntityOfPage\":{\"@id\":\"https:\\\/\\\/www.bellunopress.it\\\/2025\\\/09\\\/04\\\/stop-ai-controlli-sui-nei-e-allarme-prevenzione-in-veneto\\\/\"},\"wordCount\":438,\"publisher\":{\"@id\":\"https:\\\/\\\/www.bellunopress.it\\\/#organization\"},\"image\":{\"@id\":\"https:\\\/\\\/www.bellunopress.it\\\/2025\\\/09\\\/04\\\/stop-ai-controlli-sui-nei-e-allarme-prevenzione-in-veneto\\\/#primaryimage\"},\"thumbnailUrl\":\"https:\\\/\\\/www.bellunopress.it\\\/wp-content\\\/uploads\\\/2023\\\/05\\\/Covesap-coordinamento-veneto-sanita-pubblica.jpg\",\"articleSection\":[\"Prima Pagina\",\"Sanit\u00e0 Medicina\"],\"inLanguage\":\"fr-FR\"},{\"@type\":\"WebPage\",\"@id\":\"https:\\\/\\\/www.bellunopress.it\\\/2025\\\/09\\\/04\\\/stop-ai-controlli-sui-nei-e-allarme-prevenzione-in-veneto\\\/\",\"url\":\"https:\\\/\\\/www.bellunopress.it\\\/2025\\\/09\\\/04\\\/stop-ai-controlli-sui-nei-e-allarme-prevenzione-in-veneto\\\/\",\"name\":\"Stop ai controlli sui nei: \u00e8 allarme prevenzione in Veneto - Bellunopress - Dolomiti\",\"isPartOf\":{\"@id\":\"https:\\\/\\\/www.bellunopress.it\\\/#website\"},\"primaryImageOfPage\":{\"@id\":\"https:\\\/\\\/www.bellunopress.it\\\/2025\\\/09\\\/04\\\/stop-ai-controlli-sui-nei-e-allarme-prevenzione-in-veneto\\\/#primaryimage\"},\"image\":{\"@id\":\"https:\\\/\\\/www.bellunopress.it\\\/2025\\\/09\\\/04\\\/stop-ai-controlli-sui-nei-e-allarme-prevenzione-in-veneto\\\/#primaryimage\"},\"thumbnailUrl\":\"https:\\\/\\\/www.bellunopress.it\\\/wp-content\\\/uploads\\\/2023\\\/05\\\/Covesap-coordinamento-veneto-sanita-pubblica.jpg\",\"datePublished\":\"2025-09-04T07:12:18+00:00\",\"breadcrumb\":{\"@id\":\"https:\\\/\\\/www.bellunopress.it\\\/2025\\\/09\\\/04\\\/stop-ai-controlli-sui-nei-e-allarme-prevenzione-in-veneto\\\/#breadcrumb\"},\"inLanguage\":\"fr-FR\",\"potentialAction\":[{\"@type\":\"ReadAction\",\"target\":[\"https:\\\/\\\/www.bellunopress.it\\\/2025\\\/09\\\/04\\\/stop-ai-controlli-sui-nei-e-allarme-prevenzione-in-veneto\\\/\"]}]},{\"@type\":\"ImageObject\",\"inLanguage\":\"fr-FR\",\"@id\":\"https:\\\/\\\/www.bellunopress.it\\\/2025\\\/09\\\/04\\\/stop-ai-controlli-sui-nei-e-allarme-prevenzione-in-veneto\\\/#primaryimage\",\"url\":\"https:\\\/\\\/www.bellunopress.it\\\/wp-content\\\/uploads\\\/2023\\\/05\\\/Covesap-coordinamento-veneto-sanita-pubblica.jpg\",\"contentUrl\":\"https:\\\/\\\/www.bellunopress.it\\\/wp-content\\\/uploads\\\/2023\\\/05\\\/Covesap-coordinamento-veneto-sanita-pubblica.jpg\",\"width\":1000,\"height\":1000},{\"@type\":\"BreadcrumbList\",\"@id\":\"https:\\\/\\\/www.bellunopress.it\\\/2025\\\/09\\\/04\\\/stop-ai-controlli-sui-nei-e-allarme-prevenzione-in-veneto\\\/#breadcrumb\",\"itemListElement\":[{\"@type\":\"ListItem\",\"position\":1,\"name\":\"Home\",\"item\":\"https:\\\/\\\/www.bellunopress.it\\\/\"},{\"@type\":\"ListItem\",\"position\":2,\"name\":\"Stop ai controlli sui nei: \u00e8 allarme prevenzione in Veneto\"}]},{\"@type\":\"WebSite\",\"@id\":\"https:\\\/\\\/www.bellunopress.it\\\/#website\",\"url\":\"https:\\\/\\\/www.bellunopress.it\\\/\",\"name\":\"Bellunopress - Dolomiti\",\"description\":\"e-mail: redazione@bellunopress.it\",\"publisher\":{\"@id\":\"https:\\\/\\\/www.bellunopress.it\\\/#organization\"},\"potentialAction\":[{\"@type\":\"SearchAction\",\"target\":{\"@type\":\"EntryPoint\",\"urlTemplate\":\"https:\\\/\\\/www.bellunopress.it\\\/?s={search_term_string}\"},\"query-input\":{\"@type\":\"PropertyValueSpecification\",\"valueRequired\":true,\"valueName\":\"search_term_string\"}}],\"inLanguage\":\"fr-FR\"},{\"@type\":\"Organization\",\"@id\":\"https:\\\/\\\/www.bellunopress.it\\\/#organization\",\"name\":\"Bellunopress\",\"url\":\"https:\\\/\\\/www.bellunopress.it\\\/\",\"logo\":{\"@type\":\"ImageObject\",\"inLanguage\":\"fr-FR\",\"@id\":\"https:\\\/\\\/www.bellunopress.it\\\/#\\\/schema\\\/logo\\\/image\\\/\",\"url\":\"https:\\\/\\\/www.bellunopress.it\\\/wp-content\\\/uploads\\\/2011\\\/05\\\/cropped-logo-bellunopress-.jpg\",\"contentUrl\":\"https:\\\/\\\/www.bellunopress.it\\\/wp-content\\\/uploads\\\/2011\\\/05\\\/cropped-logo-bellunopress-.jpg\",\"width\":512,\"height\":512,\"caption\":\"Bellunopress\"},\"image\":{\"@id\":\"https:\\\/\\\/www.bellunopress.it\\\/#\\\/schema\\\/logo\\\/image\\\/\"},\"sameAs\":[\"https:\\\/\\\/www.facebook.com\\\/profile.php?id=100008943462799\",\"https:\\\/\\\/x.com\\\/bellunopress\",\"https:\\\/\\\/www.linkedin.com\\\/hp\\\/?dnr=JBzUWaJfMUw8vbXJJ2tVW5-I3jZKvC4wsoxE&amp;amp;amp;amp;amp;amp;trk=nav_responsive_tab_home\",\"https:\\\/\\\/www.youtube.com\\\/channel\\\/UCxL0wu1uN0_3_7hGG0306cw\"]},{\"@type\":\"Person\",\"@id\":\"https:\\\/\\\/www.bellunopress.it\\\/#\\\/schema\\\/person\\\/79bb06722b37ece1c03d3e94beb30d73\",\"name\":\"redazione\",\"image\":{\"@type\":\"ImageObject\",\"inLanguage\":\"fr-FR\",\"@id\":\"https:\\\/\\\/secure.gravatar.com\\\/avatar\\\/37d968a2e67a6fd04c169c4bdef102d0bc5d31b2546345219e348575eb80e9a0?s=96&d=mm&r=g\",\"url\":\"https:\\\/\\\/secure.gravatar.com\\\/avatar\\\/37d968a2e67a6fd04c169c4bdef102d0bc5d31b2546345219e348575eb80e9a0?s=96&d=mm&r=g\",\"contentUrl\":\"https:\\\/\\\/secure.gravatar.com\\\/avatar\\\/37d968a2e67a6fd04c169c4bdef102d0bc5d31b2546345219e348575eb80e9a0?s=96&d=mm&r=g\",\"caption\":\"redazione\"},\"sameAs\":[\"http:\\\/\\\/www.bellunopress.it\",\"https:\\\/\\\/x.com\\\/bellunopress\"],\"url\":\"https:\\\/\\\/www.bellunopress.it\\\/fr\\\/author\\\/redazione\\\/\"}]}<\/script>\n<!-- \/ Yoast SEO plugin. -->","yoast_head_json":{"title":"Stop ai controlli sui nei: \u00e8 allarme prevenzione in Veneto - Bellunopress - Dolomiti","robots":{"index":"index","follow":"follow","max-snippet":"max-snippet:-1","max-image-preview":"max-image-preview:large","max-video-preview":"max-video-preview:-1"},"canonical":"https:\/\/www.bellunopress.it\/fr\/2025\/09\/04\/stop-ai-controlli-sui-nei-e-allarme-prevenzione-in-veneto\/","og_locale":"fr_FR","og_type":"article","og_title":"Stop ai controlli sui nei: \u00e8 allarme prevenzione in Veneto - Bellunopress - Dolomiti","og_description":"La Regione limita la mappatura dei nevi, scatenando la reazione dei comitati a difesa della sanit\u00e0 pubblica. Il CoVeSaP lancia un appello ai sindaci: &#8220;La prevenzione oncologica non \u00e8 un lusso&#8221; Belluno, 3 settembre 2025 \u2013 Quello che sembrava un tormentone estivo, passato sotto silenzio, si \u00e8 trasformato in un&#8217;accesa polemica che sta tenendo banco [&hellip;]","og_url":"https:\/\/www.bellunopress.it\/fr\/2025\/09\/04\/stop-ai-controlli-sui-nei-e-allarme-prevenzione-in-veneto\/","og_site_name":"Bellunopress - Dolomiti","article_publisher":"https:\/\/www.facebook.com\/profile.php?id=100008943462799","article_published_time":"2025-09-04T07:12:18+00:00","og_image":[{"width":1000,"height":1000,"url":"https:\/\/www.bellunopress.it\/wp-content\/uploads\/2023\/05\/Covesap-coordinamento-veneto-sanita-pubblica.jpg","type":"image\/jpeg"}],"author":"redazione","twitter_card":"summary_large_image","twitter_creator":"@bellunopress","twitter_site":"@bellunopress","twitter_misc":{"\u00c9crit par":"redazione","Dur\u00e9e de lecture estim\u00e9e":"2 minutes"},"schema":{"@context":"https:\/\/schema.org","@graph":[{"@type":"Article","@id":"https:\/\/www.bellunopress.it\/2025\/09\/04\/stop-ai-controlli-sui-nei-e-allarme-prevenzione-in-veneto\/#article","isPartOf":{"@id":"https:\/\/www.bellunopress.it\/2025\/09\/04\/stop-ai-controlli-sui-nei-e-allarme-prevenzione-in-veneto\/"},"author":{"name":"redazione","@id":"https:\/\/www.bellunopress.it\/#\/schema\/person\/79bb06722b37ece1c03d3e94beb30d73"},"headline":"Stop ai controlli sui nei: \u00e8 allarme prevenzione in Veneto","datePublished":"2025-09-04T07:12:18+00:00","mainEntityOfPage":{"@id":"https:\/\/www.bellunopress.it\/2025\/09\/04\/stop-ai-controlli-sui-nei-e-allarme-prevenzione-in-veneto\/"},"wordCount":438,"publisher":{"@id":"https:\/\/www.bellunopress.it\/#organization"},"image":{"@id":"https:\/\/www.bellunopress.it\/2025\/09\/04\/stop-ai-controlli-sui-nei-e-allarme-prevenzione-in-veneto\/#primaryimage"},"thumbnailUrl":"https:\/\/www.bellunopress.it\/wp-content\/uploads\/2023\/05\/Covesap-coordinamento-veneto-sanita-pubblica.jpg","articleSection":["Prima Pagina","Sanit\u00e0 Medicina"],"inLanguage":"fr-FR"},{"@type":"WebPage","@id":"https:\/\/www.bellunopress.it\/2025\/09\/04\/stop-ai-controlli-sui-nei-e-allarme-prevenzione-in-veneto\/","url":"https:\/\/www.bellunopress.it\/2025\/09\/04\/stop-ai-controlli-sui-nei-e-allarme-prevenzione-in-veneto\/","name":"Stop ai controlli sui nei: \u00e8 allarme prevenzione in Veneto - Bellunopress - Dolomiti","isPartOf":{"@id":"https:\/\/www.bellunopress.it\/#website"},"primaryImageOfPage":{"@id":"https:\/\/www.bellunopress.it\/2025\/09\/04\/stop-ai-controlli-sui-nei-e-allarme-prevenzione-in-veneto\/#primaryimage"},"image":{"@id":"https:\/\/www.bellunopress.it\/2025\/09\/04\/stop-ai-controlli-sui-nei-e-allarme-prevenzione-in-veneto\/#primaryimage"},"thumbnailUrl":"https:\/\/www.bellunopress.it\/wp-content\/uploads\/2023\/05\/Covesap-coordinamento-veneto-sanita-pubblica.jpg","datePublished":"2025-09-04T07:12:18+00:00","breadcrumb":{"@id":"https:\/\/www.bellunopress.it\/2025\/09\/04\/stop-ai-controlli-sui-nei-e-allarme-prevenzione-in-veneto\/#breadcrumb"},"inLanguage":"fr-FR","potentialAction":[{"@type":"ReadAction","target":["https:\/\/www.bellunopress.it\/2025\/09\/04\/stop-ai-controlli-sui-nei-e-allarme-prevenzione-in-veneto\/"]}]},{"@type":"ImageObject","inLanguage":"fr-FR","@id":"https:\/\/www.bellunopress.it\/2025\/09\/04\/stop-ai-controlli-sui-nei-e-allarme-prevenzione-in-veneto\/#primaryimage","url":"https:\/\/www.bellunopress.it\/wp-content\/uploads\/2023\/05\/Covesap-coordinamento-veneto-sanita-pubblica.jpg","contentUrl":"https:\/\/www.bellunopress.it\/wp-content\/uploads\/2023\/05\/Covesap-coordinamento-veneto-sanita-pubblica.jpg","width":1000,"height":1000},{"@type":"BreadcrumbList","@id":"https:\/\/www.bellunopress.it\/2025\/09\/04\/stop-ai-controlli-sui-nei-e-allarme-prevenzione-in-veneto\/#breadcrumb","itemListElement":[{"@type":"ListItem","position":1,"name":"Home","item":"https:\/\/www.bellunopress.it\/"},{"@type":"ListItem","position":2,"name":"Stop ai controlli sui nei: \u00e8 allarme prevenzione in Veneto"}]},{"@type":"WebSite","@id":"https:\/\/www.bellunopress.it\/#website","url":"https:\/\/www.bellunopress.it\/","name":"Bellunopress - Dolomiti","description":"e-mail: redazione@bellunopress.it","publisher":{"@id":"https:\/\/www.bellunopress.it\/#organization"},"potentialAction":[{"@type":"SearchAction","target":{"@type":"EntryPoint","urlTemplate":"https:\/\/www.bellunopress.it\/?s={search_term_string}"},"query-input":{"@type":"PropertyValueSpecification","valueRequired":true,"valueName":"search_term_string"}}],"inLanguage":"fr-FR"},{"@type":"Organization","@id":"https:\/\/www.bellunopress.it\/#organization","name":"Bellunopress","url":"https:\/\/www.bellunopress.it\/","logo":{"@type":"ImageObject","inLanguage":"fr-FR","@id":"https:\/\/www.bellunopress.it\/#\/schema\/logo\/image\/","url":"https:\/\/www.bellunopress.it\/wp-content\/uploads\/2011\/05\/cropped-logo-bellunopress-.jpg","contentUrl":"https:\/\/www.bellunopress.it\/wp-content\/uploads\/2011\/05\/cropped-logo-bellunopress-.jpg","width":512,"height":512,"caption":"Bellunopress"},"image":{"@id":"https:\/\/www.bellunopress.it\/#\/schema\/logo\/image\/"},"sameAs":["https:\/\/www.facebook.com\/profile.php?id=100008943462799","https:\/\/x.com\/bellunopress","https:\/\/www.linkedin.com\/hp\/?dnr=JBzUWaJfMUw8vbXJJ2tVW5-I3jZKvC4wsoxE&amp;amp;amp;amp;amp;amp;trk=nav_responsive_tab_home","https:\/\/www.youtube.com\/channel\/UCxL0wu1uN0_3_7hGG0306cw"]},{"@type":"Person","@id":"https:\/\/www.bellunopress.it\/#\/schema\/person\/79bb06722b37ece1c03d3e94beb30d73","name":"r\u00e9daction","image":{"@type":"ImageObject","inLanguage":"fr-FR","@id":"https:\/\/secure.gravatar.com\/avatar\/37d968a2e67a6fd04c169c4bdef102d0bc5d31b2546345219e348575eb80e9a0?s=96&d=mm&r=g","url":"https:\/\/secure.gravatar.com\/avatar\/37d968a2e67a6fd04c169c4bdef102d0bc5d31b2546345219e348575eb80e9a0?s=96&d=mm&r=g","contentUrl":"https:\/\/secure.gravatar.com\/avatar\/37d968a2e67a6fd04c169c4bdef102d0bc5d31b2546345219e348575eb80e9a0?s=96&d=mm&r=g","caption":"redazione"},"sameAs":["http:\/\/www.bellunopress.it","https:\/\/x.com\/bellunopress"],"url":"https:\/\/www.bellunopress.it\/fr\/author\/redazione\/"}]}},"_links":{"self":[{"href":"https:\/\/www.bellunopress.it\/fr\/wp-json\/wp\/v2\/posts\/162998","targetHints":{"allow":["GET"]}}],"collection":[{"href":"https:\/\/www.bellunopress.it\/fr\/wp-json\/wp\/v2\/posts"}],"about":[{"href":"https:\/\/www.bellunopress.it\/fr\/wp-json\/wp\/v2\/types\/post"}],"author":[{"embeddable":true,"href":"https:\/\/www.bellunopress.it\/fr\/wp-json\/wp\/v2\/users\/2"}],"replies":[{"embeddable":true,"href":"https:\/\/www.bellunopress.it\/fr\/wp-json\/wp\/v2\/comments?post=162998"}],"version-history":[{"count":1,"href":"https:\/\/www.bellunopress.it\/fr\/wp-json\/wp\/v2\/posts\/162998\/revisions"}],"predecessor-version":[{"id":162999,"href":"https:\/\/www.bellunopress.it\/fr\/wp-json\/wp\/v2\/posts\/162998\/revisions\/162999"}],"wp:featuredmedia":[{"embeddable":true,"href":"https:\/\/www.bellunopress.it\/fr\/wp-json\/wp\/v2\/media\/141395"}],"wp:attachment":[{"href":"https:\/\/www.bellunopress.it\/fr\/wp-json\/wp\/v2\/media?parent=162998"}],"wp:term":[{"taxonomy":"category","embeddable":true,"href":"https:\/\/www.bellunopress.it\/fr\/wp-json\/wp\/v2\/categories?post=162998"},{"taxonomy":"post_tag","embeddable":true,"href":"https:\/\/www.bellunopress.it\/fr\/wp-json\/wp\/v2\/tags?post=162998"}],"curies":[{"name":"wp","href":"https:\/\/api.w.org\/{rel}","templated":true}]}}