{"id":162983,"date":"2025-09-03T17:58:44","date_gmt":"2025-09-03T15:58:44","guid":{"rendered":"https:\/\/www.bellunopress.it\/?p=162983"},"modified":"2025-09-03T17:58:44","modified_gmt":"2025-09-03T15:58:44","slug":"ritorna-la-festa-del-fagiolo-a-lamon-tra-gastronomia-e-arte","status":"publish","type":"post","link":"https:\/\/www.bellunopress.it\/fr\/2025\/09\/03\/ritorna-la-festa-del-fagiolo-a-lamon-tra-gastronomia-e-arte\/","title":{"rendered":"Ritorna la Festa del fagiolo a Lamon, tra gastronomia e arte"},"content":{"rendered":"<p><img loading=\"lazy\" decoding=\"async\" class=\"aligncenter size-full wp-image-136324\" src=\"https:\/\/www.bellunopress.it\/wp-content\/uploads\/2022\/09\/Lamon-A-tavola-nel-Feltrino-il-fagiolo_edited.jpg\" alt=\"Festa Fagiolo Lamon\" width=\"691\" height=\"571\" srcset=\"https:\/\/www.bellunopress.it\/wp-content\/uploads\/2022\/09\/Lamon-A-tavola-nel-Feltrino-il-fagiolo_edited.jpg 691w, https:\/\/www.bellunopress.it\/wp-content\/uploads\/2022\/09\/Lamon-A-tavola-nel-Feltrino-il-fagiolo_edited-500x413.jpg 500w, https:\/\/www.bellunopress.it\/wp-content\/uploads\/2022\/09\/Lamon-A-tavola-nel-Feltrino-il-fagiolo_edited-508x420.jpg 508w\" sizes=\"auto, (max-width: 691px) 100vw, 691px\" \/>Il terzo fine settimana di settembre, dal 19 al 21, il comune di Lamon si prepara a celebrare il suo prodotto pi\u00f9 rinomato con la tradizionale Festa del fagiolo. Un evento che, dal 1990, unisce in un\u2019unica grande kermesse cultura, agricoltura, gastronomia e spettacolo, attirando visitatori da tutto il Feltrino e non solo.<\/p>\n<p><strong>Un omaggio all\u2019arte e alla storia<\/strong><br \/>\nL\u2019edizione 2025 avr\u00e0 un evento culturale di punta: la mostra dedicata a Carlo Rizzarda, noto come &#8220;il poeta del ferro&#8221;. Dopo il successo alla Galleria Rizzarda di Feltre, l&#8217;esposizione &#8220;Carlo Rizzarda sulla carta&#8221; sar\u00e0 allestita nella suggestiva chiesa di San Daniele, che ogni anno ospita l&#8217;evento di maggior prestigio. Non mancheranno altre mostre di pittura e fotografia, l&#8217;apertura della mostra archeologica e visite guidate alle chiese storiche del paese, offrendo un ricco itinerario per gli amanti dell&#8217;arte e della storia locale.<\/p>\n<p><strong>Un programma ricco di sapori e divertimento<\/strong><br \/>\nLa festa prender\u00e0 il via venerd\u00ec 19 settembre alle 18:00 con l\u2019apertura degli stand gastronomici e delle aree espositive, accompagnata dal concerto reggae dei Panjea. L&#8217;inaugurazione ufficiale \u00e8 prevista per sabato 20 settembre alle 11:00, con la consegna dei prestigiosi premi Gazzettino e Jacopo Facen.<\/p>\n<p>Gli agricoltori locali, in un momento cruciale per la maturazione del fagiolo, offriranno il prodotto fresco e secco dell&#8217;annata 2025. Per tutto il weekend, la mostra mercato del fagiolo, che aprir\u00e0 alle 9:00 di sabato, sar\u00e0 l\u2019occasione perfetta per acquistare il prodotto direttamente dai produttori.<\/p>\n<p>Il programma del fine settimana \u00e8 pensato per tutti i gusti. Sabato, tra le esibizioni, spiccano il concerto della Jb Band con un tuffo negli anni &#8217;60, &#8217;70 e &#8217;80 e lo spettacolo di ginnastica e luci &#8220;Le Ritmiche&#8221;, oltre alla banda folk di Telve Valsugana. Per i pi\u00f9 piccoli, il duo G&amp;G proporr\u00e0 spettacoli dedicati.<\/p>\n<p>Domenica sar\u00e0 la volta delle sculture con la motosega del Team Carving Marobin, del gruppo corale &#8220;I Buontemponi&#8221;, e degli show di magia e arte di strada di Alessandro Allegria e Dini Magic Show. L&#8217;artigianato locale sar\u00e0 presente con oltre 100 bancarelle, mentre l\u2019area animali, con il maneggio Maso Franza, e la lavorazione del ferro di Igor Pauletto Casol arricchiranno l\u2019offerta.<\/p>\n<p><strong>Un itinerario gastronomico imperdibile<\/strong><br \/>\nIl cuore della festa rimane la gastronomia. Diversi stand, gestiti da associazioni come l&#8217;Usd Lamonese, la Polisportiva Sovramonte, il quartiere Santo Stefano di Feltre e il Moto club Lamon, offriranno specialit\u00e0 a base di fagioli. Inoltre, il ristorante dell&#8217;associazione Casel di Pezz\u00e8 sar\u00e0 aperto per l&#8217;occasione, e numerosi ristoranti e pizzerie del territorio parteciperanno all&#8217;itinerario gastronomico, proponendo menu a tema.<\/p>\n<p>L\u2019atmosfera sar\u00e0 resa ancora pi\u00f9 autentica dalle dimostrazioni degli antichi mestieri a cura del gruppo folk lamonese &#8220;Drio le Peche&#8221;, che si svolgeranno nelle vie del paese sia sabato che domenica. La Festa del fagiolo di Lamon si conferma cos\u00ec un appuntamento imperdibile, un mix unico di tradizione, sapori e cultura.<\/p>","protected":false},"excerpt":{"rendered":"<p>Il terzo fine settimana di settembre, dal 19 al 21, il comune di Lamon si prepara a celebrare il suo prodotto pi\u00f9 rinomato con la tradizionale Festa del fagiolo. Un evento che, dal 1990, unisce in un\u2019unica grande kermesse cultura, agricoltura, gastronomia e spettacolo, attirando visitatori da tutto il Feltrino e non solo. Un omaggio [&hellip;]<\/p>\n","protected":false},"author":2,"featured_media":136324,"comment_status":"closed","ping_status":"open","sticky":false,"template":"","format":"standard","meta":{"footnotes":""},"categories":[3393,25],"tags":[],"class_list":["post-162983","post","type-post","status-publish","format-standard","has-post-thumbnail","category-eventi-enogastronomici","category-pausa-caffe"],"yoast_head":"<!-- This site is optimized with the Yoast SEO plugin v28.4 - https:\/\/yoast.com\/product\/yoast-seo-wordpress\/ -->\n<title>Ritorna la Festa del fagiolo a Lamon, tra gastronomia e arte - Bellunopress - Dolomiti<\/title>\n<meta name=\"robots\" content=\"index, follow, max-snippet:-1, max-image-preview:large, max-video-preview:-1\" \/>\n<link rel=\"canonical\" href=\"https:\/\/www.bellunopress.it\/fr\/2025\/09\/03\/ritorna-la-festa-del-fagiolo-a-lamon-tra-gastronomia-e-arte\/\" \/>\n<meta property=\"og:locale\" content=\"fr_FR\" \/>\n<meta property=\"og:type\" content=\"article\" \/>\n<meta property=\"og:title\" content=\"Ritorna la Festa del fagiolo a Lamon, tra gastronomia e arte - Bellunopress - Dolomiti\" \/>\n<meta property=\"og:description\" content=\"Il terzo fine settimana di settembre, dal 19 al 21, il comune di Lamon si prepara a celebrare il suo prodotto pi\u00f9 rinomato con la tradizionale Festa del fagiolo. Un evento che, dal 1990, unisce in un\u2019unica grande kermesse cultura, agricoltura, gastronomia e spettacolo, attirando visitatori da tutto il Feltrino e non solo. Un omaggio [&hellip;]\" \/>\n<meta property=\"og:url\" content=\"https:\/\/www.bellunopress.it\/fr\/2025\/09\/03\/ritorna-la-festa-del-fagiolo-a-lamon-tra-gastronomia-e-arte\/\" \/>\n<meta property=\"og:site_name\" content=\"Bellunopress - Dolomiti\" \/>\n<meta property=\"article:publisher\" content=\"https:\/\/www.facebook.com\/profile.php?id=100008943462799\" \/>\n<meta property=\"article:published_time\" content=\"2025-09-03T15:58:44+00:00\" \/>\n<meta property=\"og:image\" content=\"https:\/\/www.bellunopress.it\/wp-content\/uploads\/2022\/09\/Lamon-A-tavola-nel-Feltrino-il-fagiolo_edited.jpg\" \/>\n\t<meta property=\"og:image:width\" content=\"691\" \/>\n\t<meta property=\"og:image:height\" content=\"571\" \/>\n\t<meta property=\"og:image:type\" content=\"image\/jpeg\" \/>\n<meta name=\"author\" content=\"redazione\" \/>\n<meta name=\"twitter:card\" content=\"summary_large_image\" \/>\n<meta name=\"twitter:creator\" content=\"@bellunopress\" \/>\n<meta name=\"twitter:site\" content=\"@bellunopress\" \/>\n<meta name=\"twitter:label1\" content=\"Written by\" \/>\n\t<meta name=\"twitter:data1\" content=\"redazione\" \/>\n\t<meta name=\"twitter:label2\" content=\"Est. reading time\" \/>\n\t<meta name=\"twitter:data2\" content=\"2 minutes\" \/>\n<script type=\"application\/ld+json\" class=\"yoast-schema-graph\">{\"@context\":\"https:\\\/\\\/schema.org\",\"@graph\":[{\"@type\":\"Article\",\"@id\":\"https:\\\/\\\/www.bellunopress.it\\\/2025\\\/09\\\/03\\\/ritorna-la-festa-del-fagiolo-a-lamon-tra-gastronomia-e-arte\\\/#article\",\"isPartOf\":{\"@id\":\"https:\\\/\\\/www.bellunopress.it\\\/2025\\\/09\\\/03\\\/ritorna-la-festa-del-fagiolo-a-lamon-tra-gastronomia-e-arte\\\/\"},\"author\":{\"name\":\"redazione\",\"@id\":\"https:\\\/\\\/www.bellunopress.it\\\/#\\\/schema\\\/person\\\/79bb06722b37ece1c03d3e94beb30d73\"},\"headline\":\"Ritorna la Festa del fagiolo a Lamon, tra gastronomia e arte\",\"datePublished\":\"2025-09-03T15:58:44+00:00\",\"mainEntityOfPage\":{\"@id\":\"https:\\\/\\\/www.bellunopress.it\\\/2025\\\/09\\\/03\\\/ritorna-la-festa-del-fagiolo-a-lamon-tra-gastronomia-e-arte\\\/\"},\"wordCount\":485,\"publisher\":{\"@id\":\"https:\\\/\\\/www.bellunopress.it\\\/#organization\"},\"image\":{\"@id\":\"https:\\\/\\\/www.bellunopress.it\\\/2025\\\/09\\\/03\\\/ritorna-la-festa-del-fagiolo-a-lamon-tra-gastronomia-e-arte\\\/#primaryimage\"},\"thumbnailUrl\":\"https:\\\/\\\/www.bellunopress.it\\\/wp-content\\\/uploads\\\/2022\\\/09\\\/Lamon-A-tavola-nel-Feltrino-il-fagiolo_edited.jpg\",\"articleSection\":[\"Eventi enogastronomici\",\"Pausa Caff\u00e8\"],\"inLanguage\":\"fr-FR\"},{\"@type\":\"WebPage\",\"@id\":\"https:\\\/\\\/www.bellunopress.it\\\/2025\\\/09\\\/03\\\/ritorna-la-festa-del-fagiolo-a-lamon-tra-gastronomia-e-arte\\\/\",\"url\":\"https:\\\/\\\/www.bellunopress.it\\\/2025\\\/09\\\/03\\\/ritorna-la-festa-del-fagiolo-a-lamon-tra-gastronomia-e-arte\\\/\",\"name\":\"Ritorna la Festa del fagiolo a Lamon, tra gastronomia e arte - Bellunopress - Dolomiti\",\"isPartOf\":{\"@id\":\"https:\\\/\\\/www.bellunopress.it\\\/#website\"},\"primaryImageOfPage\":{\"@id\":\"https:\\\/\\\/www.bellunopress.it\\\/2025\\\/09\\\/03\\\/ritorna-la-festa-del-fagiolo-a-lamon-tra-gastronomia-e-arte\\\/#primaryimage\"},\"image\":{\"@id\":\"https:\\\/\\\/www.bellunopress.it\\\/2025\\\/09\\\/03\\\/ritorna-la-festa-del-fagiolo-a-lamon-tra-gastronomia-e-arte\\\/#primaryimage\"},\"thumbnailUrl\":\"https:\\\/\\\/www.bellunopress.it\\\/wp-content\\\/uploads\\\/2022\\\/09\\\/Lamon-A-tavola-nel-Feltrino-il-fagiolo_edited.jpg\",\"datePublished\":\"2025-09-03T15:58:44+00:00\",\"breadcrumb\":{\"@id\":\"https:\\\/\\\/www.bellunopress.it\\\/2025\\\/09\\\/03\\\/ritorna-la-festa-del-fagiolo-a-lamon-tra-gastronomia-e-arte\\\/#breadcrumb\"},\"inLanguage\":\"fr-FR\",\"potentialAction\":[{\"@type\":\"ReadAction\",\"target\":[\"https:\\\/\\\/www.bellunopress.it\\\/2025\\\/09\\\/03\\\/ritorna-la-festa-del-fagiolo-a-lamon-tra-gastronomia-e-arte\\\/\"]}]},{\"@type\":\"ImageObject\",\"inLanguage\":\"fr-FR\",\"@id\":\"https:\\\/\\\/www.bellunopress.it\\\/2025\\\/09\\\/03\\\/ritorna-la-festa-del-fagiolo-a-lamon-tra-gastronomia-e-arte\\\/#primaryimage\",\"url\":\"https:\\\/\\\/www.bellunopress.it\\\/wp-content\\\/uploads\\\/2022\\\/09\\\/Lamon-A-tavola-nel-Feltrino-il-fagiolo_edited.jpg\",\"contentUrl\":\"https:\\\/\\\/www.bellunopress.it\\\/wp-content\\\/uploads\\\/2022\\\/09\\\/Lamon-A-tavola-nel-Feltrino-il-fagiolo_edited.jpg\",\"width\":691,\"height\":571,\"caption\":\"Festa Fagiolo Lamon\"},{\"@type\":\"BreadcrumbList\",\"@id\":\"https:\\\/\\\/www.bellunopress.it\\\/2025\\\/09\\\/03\\\/ritorna-la-festa-del-fagiolo-a-lamon-tra-gastronomia-e-arte\\\/#breadcrumb\",\"itemListElement\":[{\"@type\":\"ListItem\",\"position\":1,\"name\":\"Home\",\"item\":\"https:\\\/\\\/www.bellunopress.it\\\/\"},{\"@type\":\"ListItem\",\"position\":2,\"name\":\"Ritorna la Festa del fagiolo a Lamon, tra gastronomia e arte\"}]},{\"@type\":\"WebSite\",\"@id\":\"https:\\\/\\\/www.bellunopress.it\\\/#website\",\"url\":\"https:\\\/\\\/www.bellunopress.it\\\/\",\"name\":\"Bellunopress - Dolomiti\",\"description\":\"e-mail: redazione@bellunopress.it\",\"publisher\":{\"@id\":\"https:\\\/\\\/www.bellunopress.it\\\/#organization\"},\"potentialAction\":[{\"@type\":\"SearchAction\",\"target\":{\"@type\":\"EntryPoint\",\"urlTemplate\":\"https:\\\/\\\/www.bellunopress.it\\\/?s={search_term_string}\"},\"query-input\":{\"@type\":\"PropertyValueSpecification\",\"valueRequired\":true,\"valueName\":\"search_term_string\"}}],\"inLanguage\":\"fr-FR\"},{\"@type\":\"Organization\",\"@id\":\"https:\\\/\\\/www.bellunopress.it\\\/#organization\",\"name\":\"Bellunopress\",\"url\":\"https:\\\/\\\/www.bellunopress.it\\\/\",\"logo\":{\"@type\":\"ImageObject\",\"inLanguage\":\"fr-FR\",\"@id\":\"https:\\\/\\\/www.bellunopress.it\\\/#\\\/schema\\\/logo\\\/image\\\/\",\"url\":\"https:\\\/\\\/www.bellunopress.it\\\/wp-content\\\/uploads\\\/2011\\\/05\\\/cropped-logo-bellunopress-.jpg\",\"contentUrl\":\"https:\\\/\\\/www.bellunopress.it\\\/wp-content\\\/uploads\\\/2011\\\/05\\\/cropped-logo-bellunopress-.jpg\",\"width\":512,\"height\":512,\"caption\":\"Bellunopress\"},\"image\":{\"@id\":\"https:\\\/\\\/www.bellunopress.it\\\/#\\\/schema\\\/logo\\\/image\\\/\"},\"sameAs\":[\"https:\\\/\\\/www.facebook.com\\\/profile.php?id=100008943462799\",\"https:\\\/\\\/x.com\\\/bellunopress\",\"https:\\\/\\\/www.linkedin.com\\\/hp\\\/?dnr=JBzUWaJfMUw8vbXJJ2tVW5-I3jZKvC4wsoxE&amp;amp;amp;amp;amp;amp;trk=nav_responsive_tab_home\",\"https:\\\/\\\/www.youtube.com\\\/channel\\\/UCxL0wu1uN0_3_7hGG0306cw\"]},{\"@type\":\"Person\",\"@id\":\"https:\\\/\\\/www.bellunopress.it\\\/#\\\/schema\\\/person\\\/79bb06722b37ece1c03d3e94beb30d73\",\"name\":\"redazione\",\"image\":{\"@type\":\"ImageObject\",\"inLanguage\":\"fr-FR\",\"@id\":\"https:\\\/\\\/secure.gravatar.com\\\/avatar\\\/37d968a2e67a6fd04c169c4bdef102d0bc5d31b2546345219e348575eb80e9a0?s=96&d=mm&r=g\",\"url\":\"https:\\\/\\\/secure.gravatar.com\\\/avatar\\\/37d968a2e67a6fd04c169c4bdef102d0bc5d31b2546345219e348575eb80e9a0?s=96&d=mm&r=g\",\"contentUrl\":\"https:\\\/\\\/secure.gravatar.com\\\/avatar\\\/37d968a2e67a6fd04c169c4bdef102d0bc5d31b2546345219e348575eb80e9a0?s=96&d=mm&r=g\",\"caption\":\"redazione\"},\"sameAs\":[\"http:\\\/\\\/www.bellunopress.it\",\"https:\\\/\\\/x.com\\\/bellunopress\"],\"url\":\"https:\\\/\\\/www.bellunopress.it\\\/fr\\\/author\\\/redazione\\\/\"}]}<\/script>\n<!-- \/ Yoast SEO plugin. -->","yoast_head_json":{"title":"Ritorna la Festa del fagiolo a Lamon, tra gastronomia e arte - Bellunopress - Dolomiti","robots":{"index":"index","follow":"follow","max-snippet":"max-snippet:-1","max-image-preview":"max-image-preview:large","max-video-preview":"max-video-preview:-1"},"canonical":"https:\/\/www.bellunopress.it\/fr\/2025\/09\/03\/ritorna-la-festa-del-fagiolo-a-lamon-tra-gastronomia-e-arte\/","og_locale":"fr_FR","og_type":"article","og_title":"Ritorna la Festa del fagiolo a Lamon, tra gastronomia e arte - Bellunopress - Dolomiti","og_description":"Il terzo fine settimana di settembre, dal 19 al 21, il comune di Lamon si prepara a celebrare il suo prodotto pi\u00f9 rinomato con la tradizionale Festa del fagiolo. Un evento che, dal 1990, unisce in un\u2019unica grande kermesse cultura, agricoltura, gastronomia e spettacolo, attirando visitatori da tutto il Feltrino e non solo. Un omaggio [&hellip;]","og_url":"https:\/\/www.bellunopress.it\/fr\/2025\/09\/03\/ritorna-la-festa-del-fagiolo-a-lamon-tra-gastronomia-e-arte\/","og_site_name":"Bellunopress - Dolomiti","article_publisher":"https:\/\/www.facebook.com\/profile.php?id=100008943462799","article_published_time":"2025-09-03T15:58:44+00:00","og_image":[{"width":691,"height":571,"url":"https:\/\/www.bellunopress.it\/wp-content\/uploads\/2022\/09\/Lamon-A-tavola-nel-Feltrino-il-fagiolo_edited.jpg","type":"image\/jpeg"}],"author":"redazione","twitter_card":"summary_large_image","twitter_creator":"@bellunopress","twitter_site":"@bellunopress","twitter_misc":{"Written by":"redazione","Est. reading time":"2 minutes"},"schema":{"@context":"https:\/\/schema.org","@graph":[{"@type":"Article","@id":"https:\/\/www.bellunopress.it\/2025\/09\/03\/ritorna-la-festa-del-fagiolo-a-lamon-tra-gastronomia-e-arte\/#article","isPartOf":{"@id":"https:\/\/www.bellunopress.it\/2025\/09\/03\/ritorna-la-festa-del-fagiolo-a-lamon-tra-gastronomia-e-arte\/"},"author":{"name":"redazione","@id":"https:\/\/www.bellunopress.it\/#\/schema\/person\/79bb06722b37ece1c03d3e94beb30d73"},"headline":"Ritorna la Festa del fagiolo a Lamon, tra gastronomia e arte","datePublished":"2025-09-03T15:58:44+00:00","mainEntityOfPage":{"@id":"https:\/\/www.bellunopress.it\/2025\/09\/03\/ritorna-la-festa-del-fagiolo-a-lamon-tra-gastronomia-e-arte\/"},"wordCount":485,"publisher":{"@id":"https:\/\/www.bellunopress.it\/#organization"},"image":{"@id":"https:\/\/www.bellunopress.it\/2025\/09\/03\/ritorna-la-festa-del-fagiolo-a-lamon-tra-gastronomia-e-arte\/#primaryimage"},"thumbnailUrl":"https:\/\/www.bellunopress.it\/wp-content\/uploads\/2022\/09\/Lamon-A-tavola-nel-Feltrino-il-fagiolo_edited.jpg","articleSection":["Eventi enogastronomici","Pausa Caff\u00e8"],"inLanguage":"fr-FR"},{"@type":"WebPage","@id":"https:\/\/www.bellunopress.it\/2025\/09\/03\/ritorna-la-festa-del-fagiolo-a-lamon-tra-gastronomia-e-arte\/","url":"https:\/\/www.bellunopress.it\/2025\/09\/03\/ritorna-la-festa-del-fagiolo-a-lamon-tra-gastronomia-e-arte\/","name":"Ritorna la Festa del fagiolo a Lamon, tra gastronomia e arte - Bellunopress - Dolomiti","isPartOf":{"@id":"https:\/\/www.bellunopress.it\/#website"},"primaryImageOfPage":{"@id":"https:\/\/www.bellunopress.it\/2025\/09\/03\/ritorna-la-festa-del-fagiolo-a-lamon-tra-gastronomia-e-arte\/#primaryimage"},"image":{"@id":"https:\/\/www.bellunopress.it\/2025\/09\/03\/ritorna-la-festa-del-fagiolo-a-lamon-tra-gastronomia-e-arte\/#primaryimage"},"thumbnailUrl":"https:\/\/www.bellunopress.it\/wp-content\/uploads\/2022\/09\/Lamon-A-tavola-nel-Feltrino-il-fagiolo_edited.jpg","datePublished":"2025-09-03T15:58:44+00:00","breadcrumb":{"@id":"https:\/\/www.bellunopress.it\/2025\/09\/03\/ritorna-la-festa-del-fagiolo-a-lamon-tra-gastronomia-e-arte\/#breadcrumb"},"inLanguage":"fr-FR","potentialAction":[{"@type":"ReadAction","target":["https:\/\/www.bellunopress.it\/2025\/09\/03\/ritorna-la-festa-del-fagiolo-a-lamon-tra-gastronomia-e-arte\/"]}]},{"@type":"ImageObject","inLanguage":"fr-FR","@id":"https:\/\/www.bellunopress.it\/2025\/09\/03\/ritorna-la-festa-del-fagiolo-a-lamon-tra-gastronomia-e-arte\/#primaryimage","url":"https:\/\/www.bellunopress.it\/wp-content\/uploads\/2022\/09\/Lamon-A-tavola-nel-Feltrino-il-fagiolo_edited.jpg","contentUrl":"https:\/\/www.bellunopress.it\/wp-content\/uploads\/2022\/09\/Lamon-A-tavola-nel-Feltrino-il-fagiolo_edited.jpg","width":691,"height":571,"caption":"Festa Fagiolo Lamon"},{"@type":"BreadcrumbList","@id":"https:\/\/www.bellunopress.it\/2025\/09\/03\/ritorna-la-festa-del-fagiolo-a-lamon-tra-gastronomia-e-arte\/#breadcrumb","itemListElement":[{"@type":"ListItem","position":1,"name":"Home","item":"https:\/\/www.bellunopress.it\/"},{"@type":"ListItem","position":2,"name":"Ritorna la Festa del fagiolo a Lamon, tra gastronomia e arte"}]},{"@type":"WebSite","@id":"https:\/\/www.bellunopress.it\/#website","url":"https:\/\/www.bellunopress.it\/","name":"Bellunopress - Dolomiti","description":"e-mail: redazione@bellunopress.it","publisher":{"@id":"https:\/\/www.bellunopress.it\/#organization"},"potentialAction":[{"@type":"SearchAction","target":{"@type":"EntryPoint","urlTemplate":"https:\/\/www.bellunopress.it\/?s={search_term_string}"},"query-input":{"@type":"PropertyValueSpecification","valueRequired":true,"valueName":"search_term_string"}}],"inLanguage":"fr-FR"},{"@type":"Organization","@id":"https:\/\/www.bellunopress.it\/#organization","name":"Bellunopress","url":"https:\/\/www.bellunopress.it\/","logo":{"@type":"ImageObject","inLanguage":"fr-FR","@id":"https:\/\/www.bellunopress.it\/#\/schema\/logo\/image\/","url":"https:\/\/www.bellunopress.it\/wp-content\/uploads\/2011\/05\/cropped-logo-bellunopress-.jpg","contentUrl":"https:\/\/www.bellunopress.it\/wp-content\/uploads\/2011\/05\/cropped-logo-bellunopress-.jpg","width":512,"height":512,"caption":"Bellunopress"},"image":{"@id":"https:\/\/www.bellunopress.it\/#\/schema\/logo\/image\/"},"sameAs":["https:\/\/www.facebook.com\/profile.php?id=100008943462799","https:\/\/x.com\/bellunopress","https:\/\/www.linkedin.com\/hp\/?dnr=JBzUWaJfMUw8vbXJJ2tVW5-I3jZKvC4wsoxE&amp;amp;amp;amp;amp;amp;trk=nav_responsive_tab_home","https:\/\/www.youtube.com\/channel\/UCxL0wu1uN0_3_7hGG0306cw"]},{"@type":"Person","@id":"https:\/\/www.bellunopress.it\/#\/schema\/person\/79bb06722b37ece1c03d3e94beb30d73","name":"r\u00e9daction","image":{"@type":"ImageObject","inLanguage":"fr-FR","@id":"https:\/\/secure.gravatar.com\/avatar\/37d968a2e67a6fd04c169c4bdef102d0bc5d31b2546345219e348575eb80e9a0?s=96&d=mm&r=g","url":"https:\/\/secure.gravatar.com\/avatar\/37d968a2e67a6fd04c169c4bdef102d0bc5d31b2546345219e348575eb80e9a0?s=96&d=mm&r=g","contentUrl":"https:\/\/secure.gravatar.com\/avatar\/37d968a2e67a6fd04c169c4bdef102d0bc5d31b2546345219e348575eb80e9a0?s=96&d=mm&r=g","caption":"redazione"},"sameAs":["http:\/\/www.bellunopress.it","https:\/\/x.com\/bellunopress"],"url":"https:\/\/www.bellunopress.it\/fr\/author\/redazione\/"}]}},"_links":{"self":[{"href":"https:\/\/www.bellunopress.it\/fr\/wp-json\/wp\/v2\/posts\/162983","targetHints":{"allow":["GET"]}}],"collection":[{"href":"https:\/\/www.bellunopress.it\/fr\/wp-json\/wp\/v2\/posts"}],"about":[{"href":"https:\/\/www.bellunopress.it\/fr\/wp-json\/wp\/v2\/types\/post"}],"author":[{"embeddable":true,"href":"https:\/\/www.bellunopress.it\/fr\/wp-json\/wp\/v2\/users\/2"}],"replies":[{"embeddable":true,"href":"https:\/\/www.bellunopress.it\/fr\/wp-json\/wp\/v2\/comments?post=162983"}],"version-history":[{"count":1,"href":"https:\/\/www.bellunopress.it\/fr\/wp-json\/wp\/v2\/posts\/162983\/revisions"}],"predecessor-version":[{"id":162984,"href":"https:\/\/www.bellunopress.it\/fr\/wp-json\/wp\/v2\/posts\/162983\/revisions\/162984"}],"wp:featuredmedia":[{"embeddable":true,"href":"https:\/\/www.bellunopress.it\/fr\/wp-json\/wp\/v2\/media\/136324"}],"wp:attachment":[{"href":"https:\/\/www.bellunopress.it\/fr\/wp-json\/wp\/v2\/media?parent=162983"}],"wp:term":[{"taxonomy":"category","embeddable":true,"href":"https:\/\/www.bellunopress.it\/fr\/wp-json\/wp\/v2\/categories?post=162983"},{"taxonomy":"post_tag","embeddable":true,"href":"https:\/\/www.bellunopress.it\/fr\/wp-json\/wp\/v2\/tags?post=162983"}],"curies":[{"name":"wp","href":"https:\/\/api.w.org\/{rel}","templated":true}]}}