{"id":162973,"date":"2025-09-02T20:08:33","date_gmt":"2025-09-02T18:08:33","guid":{"rendered":"https:\/\/www.bellunopress.it\/?p=162973"},"modified":"2025-09-02T20:08:33","modified_gmt":"2025-09-02T18:08:33","slug":"restituito-il-portafogli-smarrito-ringraziamento-alla-cameriera-e-al-titolare-del-rifugio-ciareido","status":"publish","type":"post","link":"https:\/\/www.bellunopress.it\/fr\/2025\/09\/02\/restituito-il-portafogli-smarrito-ringraziamento-alla-cameriera-e-al-titolare-del-rifugio-ciareido\/","title":{"rendered":"Restituito il portafogli smarrito. Ringraziamento alla cameriera e al titolare del Rifugio Ciareido"},"content":{"rendered":"<figure id=\"attachment_162974\" aria-describedby=\"caption-attachment-162974\" style=\"width: 649px\" class=\"wp-caption aligncenter\"><img loading=\"lazy\" decoding=\"async\" class=\"size-full wp-image-162974\" src=\"https:\/\/www.bellunopress.it\/wp-content\/uploads\/2025\/09\/Rifugio-Ciareido_edited.jpg\" alt=\"\" width=\"649\" height=\"401\" srcset=\"https:\/\/www.bellunopress.it\/wp-content\/uploads\/2025\/09\/Rifugio-Ciareido_edited.jpg 649w, https:\/\/www.bellunopress.it\/wp-content\/uploads\/2025\/09\/Rifugio-Ciareido_edited-500x309.jpg 500w\" sizes=\"auto, (max-width: 649px) 100vw, 649px\" \/><figcaption id=\"caption-attachment-162974\" class=\"wp-caption-text\">Rifugio Ciareido &#8211; Pian dei Buoi, Lozzo di Cadore<\/figcaption><\/figure>\n<p>Marted\u00ec 26 agosto, in compagnia con moglie e figlio, dopo una bella camminata a Pian dei Buoi (Lozzo di Cadore), ci siamo fermati a pranzo presso il <a href=\"https:\/\/www.rifugiociareido.it\/\">Rifugio Ciareido<\/a> 1969 m, dove si ammira uno stupendo panorama a 360\u00b0, dalle Marmarole alle Tre Cime e fino al gruppo del Popera.<\/p>\n<p>Per festeggiare il mio compleanno avevo prenotato per il pranzo. Mangiato benissimo con prezzi onesti in linea con il luogo e con un men\u00f9 di tutto rispetto. Velocit\u00e0, cortesia e simpatia nel servire hanno dimostrato l\u2019attenzione che hanno verso il cliente. Giornata indimenticabile. Il pi\u00f9 bel compleanno che ricordi in 78 anni. Tutto perfetto insomma. Senonch\u00e9 al rientro a casa, mia moglie riscontra la mancanza del proprio portafoglio con annessi e connessi: soldi, documenti, bancomat, ecc.<\/p>\n<p>Mentre imperversa la frenesia della ricerca tra zaini e tasche varie squilla il telefono. La chiamata arriva dal Rifugio Ciareido, all\u2019altro capo il gestore Sig. Daniel che comunica il ritrovamento in loco del portafoglio da parte della cameriera. Entusiasmo alle stelle da parte nostra. Il giorno seguente risalgo al rifugio, molto volentieri, per il recupero dell\u2019oggetto e la gioia di ritornare lass\u00f9 a Croda Paradiso, di nome e di fatto. Dopo aver ringraziato la cameriera (purtroppo non ricordo il nome) mi fermo volentieri a pranzo.<\/p>\n<p>Questa azione, da parte del Sig. Daniel e del personale, dimostra che nonostante tutto ci sono ancora persone degne di essere menzionate e di esprimere gratitudine per la loro condotta impeccabile.<\/p>\n<p>Senza di ci\u00f2 il mio indimenticabile compleanno sarebbe stato rovinato per un brutto ricordo.<\/p>\n<p><strong>Nevio Murli, Ercolina Pellegatti &#8211;\u00a0Ferrara<\/strong><\/p>","protected":false},"excerpt":{"rendered":"<p>Marted\u00ec 26 agosto, in compagnia con moglie e figlio, dopo una bella camminata a Pian dei Buoi (Lozzo di Cadore), ci siamo fermati a pranzo presso il Rifugio Ciareido 1969 m, dove si ammira uno stupendo panorama a 360\u00b0, dalle Marmarole alle Tre Cime e fino al gruppo del Popera. Per festeggiare il mio compleanno [&hellip;]<\/p>\n","protected":false},"author":2,"featured_media":162974,"comment_status":"closed","ping_status":"open","sticky":false,"template":"","format":"standard","meta":{"footnotes":""},"categories":[1,26],"tags":[],"class_list":["post-162973","post","type-post","status-publish","format-standard","has-post-thumbnail","category-leo","category-prima-pagina"],"yoast_head":"<!-- This site is optimized with the Yoast SEO plugin v28.4 - https:\/\/yoast.com\/product\/yoast-seo-wordpress\/ -->\n<title>Restituito il portafogli smarrito. Ringraziamento alla cameriera e al titolare del Rifugio Ciareido - Bellunopress - Dolomiti<\/title>\n<meta name=\"robots\" content=\"index, follow, max-snippet:-1, max-image-preview:large, max-video-preview:-1\" \/>\n<link rel=\"canonical\" href=\"https:\/\/www.bellunopress.it\/fr\/2025\/09\/02\/restituito-il-portafogli-smarrito-ringraziamento-alla-cameriera-e-al-titolare-del-rifugio-ciareido\/\" \/>\n<meta property=\"og:locale\" content=\"fr_FR\" \/>\n<meta property=\"og:type\" content=\"article\" \/>\n<meta property=\"og:title\" content=\"Restituito il portafogli smarrito. Ringraziamento alla cameriera e al titolare del Rifugio Ciareido - Bellunopress - Dolomiti\" \/>\n<meta property=\"og:description\" content=\"Marted\u00ec 26 agosto, in compagnia con moglie e figlio, dopo una bella camminata a Pian dei Buoi (Lozzo di Cadore), ci siamo fermati a pranzo presso il Rifugio Ciareido 1969 m, dove si ammira uno stupendo panorama a 360\u00b0, dalle Marmarole alle Tre Cime e fino al gruppo del Popera. Per festeggiare il mio compleanno [&hellip;]\" \/>\n<meta property=\"og:url\" content=\"https:\/\/www.bellunopress.it\/fr\/2025\/09\/02\/restituito-il-portafogli-smarrito-ringraziamento-alla-cameriera-e-al-titolare-del-rifugio-ciareido\/\" \/>\n<meta property=\"og:site_name\" content=\"Bellunopress - Dolomiti\" \/>\n<meta property=\"article:publisher\" content=\"https:\/\/www.facebook.com\/profile.php?id=100008943462799\" \/>\n<meta property=\"article:published_time\" content=\"2025-09-02T18:08:33+00:00\" \/>\n<meta property=\"og:image\" content=\"https:\/\/www.bellunopress.it\/wp-content\/uploads\/2025\/09\/Rifugio-Ciareido_edited.jpg\" \/>\n\t<meta property=\"og:image:width\" content=\"649\" \/>\n\t<meta property=\"og:image:height\" content=\"401\" \/>\n\t<meta property=\"og:image:type\" content=\"image\/jpeg\" \/>\n<meta name=\"author\" content=\"redazione\" \/>\n<meta name=\"twitter:card\" content=\"summary_large_image\" \/>\n<meta name=\"twitter:creator\" content=\"@bellunopress\" \/>\n<meta name=\"twitter:site\" content=\"@bellunopress\" \/>\n<meta name=\"twitter:label1\" content=\"\u00c9crit par\" \/>\n\t<meta name=\"twitter:data1\" content=\"redazione\" \/>\n\t<meta name=\"twitter:label2\" content=\"Dur\u00e9e de lecture estim\u00e9e\" \/>\n\t<meta name=\"twitter:data2\" content=\"1 minute\" \/>\n<script type=\"application\/ld+json\" class=\"yoast-schema-graph\">{\"@context\":\"https:\\\/\\\/schema.org\",\"@graph\":[{\"@type\":\"Article\",\"@id\":\"https:\\\/\\\/www.bellunopress.it\\\/2025\\\/09\\\/02\\\/restituito-il-portafogli-smarrito-ringraziamento-alla-cameriera-e-al-titolare-del-rifugio-ciareido\\\/#article\",\"isPartOf\":{\"@id\":\"https:\\\/\\\/www.bellunopress.it\\\/2025\\\/09\\\/02\\\/restituito-il-portafogli-smarrito-ringraziamento-alla-cameriera-e-al-titolare-del-rifugio-ciareido\\\/\"},\"author\":{\"name\":\"redazione\",\"@id\":\"https:\\\/\\\/www.bellunopress.it\\\/#\\\/schema\\\/person\\\/79bb06722b37ece1c03d3e94beb30d73\"},\"headline\":\"Restituito il portafogli smarrito. Ringraziamento alla cameriera e al titolare del Rifugio Ciareido\",\"datePublished\":\"2025-09-02T18:08:33+00:00\",\"mainEntityOfPage\":{\"@id\":\"https:\\\/\\\/www.bellunopress.it\\\/2025\\\/09\\\/02\\\/restituito-il-portafogli-smarrito-ringraziamento-alla-cameriera-e-al-titolare-del-rifugio-ciareido\\\/\"},\"wordCount\":290,\"publisher\":{\"@id\":\"https:\\\/\\\/www.bellunopress.it\\\/#organization\"},\"image\":{\"@id\":\"https:\\\/\\\/www.bellunopress.it\\\/2025\\\/09\\\/02\\\/restituito-il-portafogli-smarrito-ringraziamento-alla-cameriera-e-al-titolare-del-rifugio-ciareido\\\/#primaryimage\"},\"thumbnailUrl\":\"https:\\\/\\\/www.bellunopress.it\\\/wp-content\\\/uploads\\\/2025\\\/09\\\/Rifugio-Ciareido_edited.jpg\",\"articleSection\":[\"Lettere Opinioni\",\"Prima Pagina\"],\"inLanguage\":\"fr-FR\"},{\"@type\":\"WebPage\",\"@id\":\"https:\\\/\\\/www.bellunopress.it\\\/2025\\\/09\\\/02\\\/restituito-il-portafogli-smarrito-ringraziamento-alla-cameriera-e-al-titolare-del-rifugio-ciareido\\\/\",\"url\":\"https:\\\/\\\/www.bellunopress.it\\\/2025\\\/09\\\/02\\\/restituito-il-portafogli-smarrito-ringraziamento-alla-cameriera-e-al-titolare-del-rifugio-ciareido\\\/\",\"name\":\"Restituito il portafogli smarrito. Ringraziamento alla cameriera e al titolare del Rifugio Ciareido - Bellunopress - Dolomiti\",\"isPartOf\":{\"@id\":\"https:\\\/\\\/www.bellunopress.it\\\/#website\"},\"primaryImageOfPage\":{\"@id\":\"https:\\\/\\\/www.bellunopress.it\\\/2025\\\/09\\\/02\\\/restituito-il-portafogli-smarrito-ringraziamento-alla-cameriera-e-al-titolare-del-rifugio-ciareido\\\/#primaryimage\"},\"image\":{\"@id\":\"https:\\\/\\\/www.bellunopress.it\\\/2025\\\/09\\\/02\\\/restituito-il-portafogli-smarrito-ringraziamento-alla-cameriera-e-al-titolare-del-rifugio-ciareido\\\/#primaryimage\"},\"thumbnailUrl\":\"https:\\\/\\\/www.bellunopress.it\\\/wp-content\\\/uploads\\\/2025\\\/09\\\/Rifugio-Ciareido_edited.jpg\",\"datePublished\":\"2025-09-02T18:08:33+00:00\",\"breadcrumb\":{\"@id\":\"https:\\\/\\\/www.bellunopress.it\\\/2025\\\/09\\\/02\\\/restituito-il-portafogli-smarrito-ringraziamento-alla-cameriera-e-al-titolare-del-rifugio-ciareido\\\/#breadcrumb\"},\"inLanguage\":\"fr-FR\",\"potentialAction\":[{\"@type\":\"ReadAction\",\"target\":[\"https:\\\/\\\/www.bellunopress.it\\\/2025\\\/09\\\/02\\\/restituito-il-portafogli-smarrito-ringraziamento-alla-cameriera-e-al-titolare-del-rifugio-ciareido\\\/\"]}]},{\"@type\":\"ImageObject\",\"inLanguage\":\"fr-FR\",\"@id\":\"https:\\\/\\\/www.bellunopress.it\\\/2025\\\/09\\\/02\\\/restituito-il-portafogli-smarrito-ringraziamento-alla-cameriera-e-al-titolare-del-rifugio-ciareido\\\/#primaryimage\",\"url\":\"https:\\\/\\\/www.bellunopress.it\\\/wp-content\\\/uploads\\\/2025\\\/09\\\/Rifugio-Ciareido_edited.jpg\",\"contentUrl\":\"https:\\\/\\\/www.bellunopress.it\\\/wp-content\\\/uploads\\\/2025\\\/09\\\/Rifugio-Ciareido_edited.jpg\",\"width\":649,\"height\":401,\"caption\":\"Rifugio Ciareido - Pian dei Buoi, Lozzo di Cadore\"},{\"@type\":\"BreadcrumbList\",\"@id\":\"https:\\\/\\\/www.bellunopress.it\\\/2025\\\/09\\\/02\\\/restituito-il-portafogli-smarrito-ringraziamento-alla-cameriera-e-al-titolare-del-rifugio-ciareido\\\/#breadcrumb\",\"itemListElement\":[{\"@type\":\"ListItem\",\"position\":1,\"name\":\"Home\",\"item\":\"https:\\\/\\\/www.bellunopress.it\\\/\"},{\"@type\":\"ListItem\",\"position\":2,\"name\":\"Restituito il portafogli smarrito. Ringraziamento alla cameriera e al titolare del Rifugio Ciareido\"}]},{\"@type\":\"WebSite\",\"@id\":\"https:\\\/\\\/www.bellunopress.it\\\/#website\",\"url\":\"https:\\\/\\\/www.bellunopress.it\\\/\",\"name\":\"Bellunopress - Dolomiti\",\"description\":\"e-mail: redazione@bellunopress.it\",\"publisher\":{\"@id\":\"https:\\\/\\\/www.bellunopress.it\\\/#organization\"},\"potentialAction\":[{\"@type\":\"SearchAction\",\"target\":{\"@type\":\"EntryPoint\",\"urlTemplate\":\"https:\\\/\\\/www.bellunopress.it\\\/?s={search_term_string}\"},\"query-input\":{\"@type\":\"PropertyValueSpecification\",\"valueRequired\":true,\"valueName\":\"search_term_string\"}}],\"inLanguage\":\"fr-FR\"},{\"@type\":\"Organization\",\"@id\":\"https:\\\/\\\/www.bellunopress.it\\\/#organization\",\"name\":\"Bellunopress\",\"url\":\"https:\\\/\\\/www.bellunopress.it\\\/\",\"logo\":{\"@type\":\"ImageObject\",\"inLanguage\":\"fr-FR\",\"@id\":\"https:\\\/\\\/www.bellunopress.it\\\/#\\\/schema\\\/logo\\\/image\\\/\",\"url\":\"https:\\\/\\\/www.bellunopress.it\\\/wp-content\\\/uploads\\\/2011\\\/05\\\/cropped-logo-bellunopress-.jpg\",\"contentUrl\":\"https:\\\/\\\/www.bellunopress.it\\\/wp-content\\\/uploads\\\/2011\\\/05\\\/cropped-logo-bellunopress-.jpg\",\"width\":512,\"height\":512,\"caption\":\"Bellunopress\"},\"image\":{\"@id\":\"https:\\\/\\\/www.bellunopress.it\\\/#\\\/schema\\\/logo\\\/image\\\/\"},\"sameAs\":[\"https:\\\/\\\/www.facebook.com\\\/profile.php?id=100008943462799\",\"https:\\\/\\\/x.com\\\/bellunopress\",\"https:\\\/\\\/www.linkedin.com\\\/hp\\\/?dnr=JBzUWaJfMUw8vbXJJ2tVW5-I3jZKvC4wsoxE&amp;amp;amp;amp;amp;amp;trk=nav_responsive_tab_home\",\"https:\\\/\\\/www.youtube.com\\\/channel\\\/UCxL0wu1uN0_3_7hGG0306cw\"]},{\"@type\":\"Person\",\"@id\":\"https:\\\/\\\/www.bellunopress.it\\\/#\\\/schema\\\/person\\\/79bb06722b37ece1c03d3e94beb30d73\",\"name\":\"redazione\",\"image\":{\"@type\":\"ImageObject\",\"inLanguage\":\"fr-FR\",\"@id\":\"https:\\\/\\\/secure.gravatar.com\\\/avatar\\\/37d968a2e67a6fd04c169c4bdef102d0bc5d31b2546345219e348575eb80e9a0?s=96&d=mm&r=g\",\"url\":\"https:\\\/\\\/secure.gravatar.com\\\/avatar\\\/37d968a2e67a6fd04c169c4bdef102d0bc5d31b2546345219e348575eb80e9a0?s=96&d=mm&r=g\",\"contentUrl\":\"https:\\\/\\\/secure.gravatar.com\\\/avatar\\\/37d968a2e67a6fd04c169c4bdef102d0bc5d31b2546345219e348575eb80e9a0?s=96&d=mm&r=g\",\"caption\":\"redazione\"},\"sameAs\":[\"http:\\\/\\\/www.bellunopress.it\",\"https:\\\/\\\/x.com\\\/bellunopress\"],\"url\":\"https:\\\/\\\/www.bellunopress.it\\\/fr\\\/author\\\/redazione\\\/\"}]}<\/script>\n<!-- \/ Yoast SEO plugin. -->","yoast_head_json":{"title":"Restituito il portafogli smarrito. Ringraziamento alla cameriera e al titolare del Rifugio Ciareido - Bellunopress - Dolomiti","robots":{"index":"index","follow":"follow","max-snippet":"max-snippet:-1","max-image-preview":"max-image-preview:large","max-video-preview":"max-video-preview:-1"},"canonical":"https:\/\/www.bellunopress.it\/fr\/2025\/09\/02\/restituito-il-portafogli-smarrito-ringraziamento-alla-cameriera-e-al-titolare-del-rifugio-ciareido\/","og_locale":"fr_FR","og_type":"article","og_title":"Restituito il portafogli smarrito. Ringraziamento alla cameriera e al titolare del Rifugio Ciareido - Bellunopress - Dolomiti","og_description":"Marted\u00ec 26 agosto, in compagnia con moglie e figlio, dopo una bella camminata a Pian dei Buoi (Lozzo di Cadore), ci siamo fermati a pranzo presso il Rifugio Ciareido 1969 m, dove si ammira uno stupendo panorama a 360\u00b0, dalle Marmarole alle Tre Cime e fino al gruppo del Popera. Per festeggiare il mio compleanno [&hellip;]","og_url":"https:\/\/www.bellunopress.it\/fr\/2025\/09\/02\/restituito-il-portafogli-smarrito-ringraziamento-alla-cameriera-e-al-titolare-del-rifugio-ciareido\/","og_site_name":"Bellunopress - Dolomiti","article_publisher":"https:\/\/www.facebook.com\/profile.php?id=100008943462799","article_published_time":"2025-09-02T18:08:33+00:00","og_image":[{"width":649,"height":401,"url":"https:\/\/www.bellunopress.it\/wp-content\/uploads\/2025\/09\/Rifugio-Ciareido_edited.jpg","type":"image\/jpeg"}],"author":"redazione","twitter_card":"summary_large_image","twitter_creator":"@bellunopress","twitter_site":"@bellunopress","twitter_misc":{"\u00c9crit par":"redazione","Dur\u00e9e de lecture estim\u00e9e":"1 minute"},"schema":{"@context":"https:\/\/schema.org","@graph":[{"@type":"Article","@id":"https:\/\/www.bellunopress.it\/2025\/09\/02\/restituito-il-portafogli-smarrito-ringraziamento-alla-cameriera-e-al-titolare-del-rifugio-ciareido\/#article","isPartOf":{"@id":"https:\/\/www.bellunopress.it\/2025\/09\/02\/restituito-il-portafogli-smarrito-ringraziamento-alla-cameriera-e-al-titolare-del-rifugio-ciareido\/"},"author":{"name":"redazione","@id":"https:\/\/www.bellunopress.it\/#\/schema\/person\/79bb06722b37ece1c03d3e94beb30d73"},"headline":"Restituito il portafogli smarrito. Ringraziamento alla cameriera e al titolare del Rifugio Ciareido","datePublished":"2025-09-02T18:08:33+00:00","mainEntityOfPage":{"@id":"https:\/\/www.bellunopress.it\/2025\/09\/02\/restituito-il-portafogli-smarrito-ringraziamento-alla-cameriera-e-al-titolare-del-rifugio-ciareido\/"},"wordCount":290,"publisher":{"@id":"https:\/\/www.bellunopress.it\/#organization"},"image":{"@id":"https:\/\/www.bellunopress.it\/2025\/09\/02\/restituito-il-portafogli-smarrito-ringraziamento-alla-cameriera-e-al-titolare-del-rifugio-ciareido\/#primaryimage"},"thumbnailUrl":"https:\/\/www.bellunopress.it\/wp-content\/uploads\/2025\/09\/Rifugio-Ciareido_edited.jpg","articleSection":["Lettere Opinioni","Prima Pagina"],"inLanguage":"fr-FR"},{"@type":"WebPage","@id":"https:\/\/www.bellunopress.it\/2025\/09\/02\/restituito-il-portafogli-smarrito-ringraziamento-alla-cameriera-e-al-titolare-del-rifugio-ciareido\/","url":"https:\/\/www.bellunopress.it\/2025\/09\/02\/restituito-il-portafogli-smarrito-ringraziamento-alla-cameriera-e-al-titolare-del-rifugio-ciareido\/","name":"Restituito il portafogli smarrito. Ringraziamento alla cameriera e al titolare del Rifugio Ciareido - Bellunopress - Dolomiti","isPartOf":{"@id":"https:\/\/www.bellunopress.it\/#website"},"primaryImageOfPage":{"@id":"https:\/\/www.bellunopress.it\/2025\/09\/02\/restituito-il-portafogli-smarrito-ringraziamento-alla-cameriera-e-al-titolare-del-rifugio-ciareido\/#primaryimage"},"image":{"@id":"https:\/\/www.bellunopress.it\/2025\/09\/02\/restituito-il-portafogli-smarrito-ringraziamento-alla-cameriera-e-al-titolare-del-rifugio-ciareido\/#primaryimage"},"thumbnailUrl":"https:\/\/www.bellunopress.it\/wp-content\/uploads\/2025\/09\/Rifugio-Ciareido_edited.jpg","datePublished":"2025-09-02T18:08:33+00:00","breadcrumb":{"@id":"https:\/\/www.bellunopress.it\/2025\/09\/02\/restituito-il-portafogli-smarrito-ringraziamento-alla-cameriera-e-al-titolare-del-rifugio-ciareido\/#breadcrumb"},"inLanguage":"fr-FR","potentialAction":[{"@type":"ReadAction","target":["https:\/\/www.bellunopress.it\/2025\/09\/02\/restituito-il-portafogli-smarrito-ringraziamento-alla-cameriera-e-al-titolare-del-rifugio-ciareido\/"]}]},{"@type":"ImageObject","inLanguage":"fr-FR","@id":"https:\/\/www.bellunopress.it\/2025\/09\/02\/restituito-il-portafogli-smarrito-ringraziamento-alla-cameriera-e-al-titolare-del-rifugio-ciareido\/#primaryimage","url":"https:\/\/www.bellunopress.it\/wp-content\/uploads\/2025\/09\/Rifugio-Ciareido_edited.jpg","contentUrl":"https:\/\/www.bellunopress.it\/wp-content\/uploads\/2025\/09\/Rifugio-Ciareido_edited.jpg","width":649,"height":401,"caption":"Rifugio Ciareido - Pian dei Buoi, Lozzo di Cadore"},{"@type":"BreadcrumbList","@id":"https:\/\/www.bellunopress.it\/2025\/09\/02\/restituito-il-portafogli-smarrito-ringraziamento-alla-cameriera-e-al-titolare-del-rifugio-ciareido\/#breadcrumb","itemListElement":[{"@type":"ListItem","position":1,"name":"Home","item":"https:\/\/www.bellunopress.it\/"},{"@type":"ListItem","position":2,"name":"Restituito il portafogli smarrito. Ringraziamento alla cameriera e al titolare del Rifugio Ciareido"}]},{"@type":"WebSite","@id":"https:\/\/www.bellunopress.it\/#website","url":"https:\/\/www.bellunopress.it\/","name":"Bellunopress - Dolomiti","description":"e-mail: redazione@bellunopress.it","publisher":{"@id":"https:\/\/www.bellunopress.it\/#organization"},"potentialAction":[{"@type":"SearchAction","target":{"@type":"EntryPoint","urlTemplate":"https:\/\/www.bellunopress.it\/?s={search_term_string}"},"query-input":{"@type":"PropertyValueSpecification","valueRequired":true,"valueName":"search_term_string"}}],"inLanguage":"fr-FR"},{"@type":"Organization","@id":"https:\/\/www.bellunopress.it\/#organization","name":"Bellunopress","url":"https:\/\/www.bellunopress.it\/","logo":{"@type":"ImageObject","inLanguage":"fr-FR","@id":"https:\/\/www.bellunopress.it\/#\/schema\/logo\/image\/","url":"https:\/\/www.bellunopress.it\/wp-content\/uploads\/2011\/05\/cropped-logo-bellunopress-.jpg","contentUrl":"https:\/\/www.bellunopress.it\/wp-content\/uploads\/2011\/05\/cropped-logo-bellunopress-.jpg","width":512,"height":512,"caption":"Bellunopress"},"image":{"@id":"https:\/\/www.bellunopress.it\/#\/schema\/logo\/image\/"},"sameAs":["https:\/\/www.facebook.com\/profile.php?id=100008943462799","https:\/\/x.com\/bellunopress","https:\/\/www.linkedin.com\/hp\/?dnr=JBzUWaJfMUw8vbXJJ2tVW5-I3jZKvC4wsoxE&amp;amp;amp;amp;amp;amp;trk=nav_responsive_tab_home","https:\/\/www.youtube.com\/channel\/UCxL0wu1uN0_3_7hGG0306cw"]},{"@type":"Person","@id":"https:\/\/www.bellunopress.it\/#\/schema\/person\/79bb06722b37ece1c03d3e94beb30d73","name":"r\u00e9daction","image":{"@type":"ImageObject","inLanguage":"fr-FR","@id":"https:\/\/secure.gravatar.com\/avatar\/37d968a2e67a6fd04c169c4bdef102d0bc5d31b2546345219e348575eb80e9a0?s=96&d=mm&r=g","url":"https:\/\/secure.gravatar.com\/avatar\/37d968a2e67a6fd04c169c4bdef102d0bc5d31b2546345219e348575eb80e9a0?s=96&d=mm&r=g","contentUrl":"https:\/\/secure.gravatar.com\/avatar\/37d968a2e67a6fd04c169c4bdef102d0bc5d31b2546345219e348575eb80e9a0?s=96&d=mm&r=g","caption":"redazione"},"sameAs":["http:\/\/www.bellunopress.it","https:\/\/x.com\/bellunopress"],"url":"https:\/\/www.bellunopress.it\/fr\/author\/redazione\/"}]}},"_links":{"self":[{"href":"https:\/\/www.bellunopress.it\/fr\/wp-json\/wp\/v2\/posts\/162973","targetHints":{"allow":["GET"]}}],"collection":[{"href":"https:\/\/www.bellunopress.it\/fr\/wp-json\/wp\/v2\/posts"}],"about":[{"href":"https:\/\/www.bellunopress.it\/fr\/wp-json\/wp\/v2\/types\/post"}],"author":[{"embeddable":true,"href":"https:\/\/www.bellunopress.it\/fr\/wp-json\/wp\/v2\/users\/2"}],"replies":[{"embeddable":true,"href":"https:\/\/www.bellunopress.it\/fr\/wp-json\/wp\/v2\/comments?post=162973"}],"version-history":[{"count":1,"href":"https:\/\/www.bellunopress.it\/fr\/wp-json\/wp\/v2\/posts\/162973\/revisions"}],"predecessor-version":[{"id":162975,"href":"https:\/\/www.bellunopress.it\/fr\/wp-json\/wp\/v2\/posts\/162973\/revisions\/162975"}],"wp:featuredmedia":[{"embeddable":true,"href":"https:\/\/www.bellunopress.it\/fr\/wp-json\/wp\/v2\/media\/162974"}],"wp:attachment":[{"href":"https:\/\/www.bellunopress.it\/fr\/wp-json\/wp\/v2\/media?parent=162973"}],"wp:term":[{"taxonomy":"category","embeddable":true,"href":"https:\/\/www.bellunopress.it\/fr\/wp-json\/wp\/v2\/categories?post=162973"},{"taxonomy":"post_tag","embeddable":true,"href":"https:\/\/www.bellunopress.it\/fr\/wp-json\/wp\/v2\/tags?post=162973"}],"curies":[{"name":"wp","href":"https:\/\/api.w.org\/{rel}","templated":true}]}}