{"id":162968,"date":"2025-09-02T15:58:32","date_gmt":"2025-09-02T13:58:32","guid":{"rendered":"https:\/\/www.bellunopress.it\/?p=162968"},"modified":"2025-09-02T15:58:32","modified_gmt":"2025-09-02T13:58:32","slug":"belluno-liberi-su-marte-rassegna-culturale-in-biblioteca-dal-6-al-14-settembre","status":"publish","type":"post","link":"https:\/\/www.bellunopress.it\/fr\/2025\/09\/02\/belluno-liberi-su-marte-rassegna-culturale-in-biblioteca-dal-6-al-14-settembre\/","title":{"rendered":"Belluno. LIBeRI su Marte. Rassegna culturale in Biblioteca dal 6 al 14 settembre"},"content":{"rendered":"<figure id=\"attachment_155410\" aria-describedby=\"caption-attachment-155410\" style=\"width: 1000px\" class=\"wp-caption aligncenter\"><img loading=\"lazy\" decoding=\"async\" class=\"size-full wp-image-155410\" src=\"https:\/\/www.bellunopress.it\/wp-content\/uploads\/2024\/10\/crepadona-biblioteca-1_edited.jpg\" alt=\"\" width=\"1000\" height=\"750\" srcset=\"https:\/\/www.bellunopress.it\/wp-content\/uploads\/2024\/10\/crepadona-biblioteca-1_edited.jpg 1000w, https:\/\/www.bellunopress.it\/wp-content\/uploads\/2024\/10\/crepadona-biblioteca-1_edited-500x375.jpg 500w, https:\/\/www.bellunopress.it\/wp-content\/uploads\/2024\/10\/crepadona-biblioteca-1_edited-560x420.jpg 560w, https:\/\/www.bellunopress.it\/wp-content\/uploads\/2024\/10\/crepadona-biblioteca-1_edited-80x60.jpg 80w, https:\/\/www.bellunopress.it\/wp-content\/uploads\/2024\/10\/crepadona-biblioteca-1_edited-696x522.jpg 696w\" sizes=\"auto, (max-width: 1000px) 100vw, 1000px\" \/><figcaption id=\"caption-attachment-155410\" class=\"wp-caption-text\">Palazzo Crepadona, sede della Biblioteca Civica di Belluno<\/figcaption><\/figure>\n<p><strong>Con Adrian Fartade, Duccio Canestrini, Ines Testoni, Antonella Agnoli, Donato<\/strong><br \/>\n<strong>Giovannelli, Antonio Castronuovo, Dino Buzzati e altri ancora<\/strong><\/p>\n<p>Dal 6 al 14 settembre torna LIBeRI &#8211; La Biblioteca aperta, la rassegna culturale per<br \/>\nfesteggiare il ritorno della Biblioteca Civica a Palazzo Crepadona. Un weekend (e<br \/>\nun\u2019anteprima) per esplorare il futuro che ci attende. Con ospiti, incontri, dialoghi.<br \/>\nUn viaggio su Marte. Dopo aver portato il pubblico bellunese nel bosco a ottobre \u201924,<br \/>\ne dopo il weekend dedicato al corpo a febbraio \u201925, la Biblioteca Civica di Belluno \u00e8<br \/>\npronta ad aprire una serie di squarci verso l\u2019infinito e oltre, coinvolgendo i cittadini in<br \/>\nuna serie di eventi alla scoperta di Marte. Un pianeta che non \u00e8 soltanto pianeta, ma<br \/>\npure orizzonte, paure, desideri, supposizioni e certezze.<\/p>\n<p>Da sabato 6 a domenica 14 settembre la rassegna culturale ideata dall\u2019Associazione<br \/>\nISOIPSE per la Biblioteca Civica porter\u00e0 a Belluno nomi e voci del panorama culturale<br \/>\nitaliano e internazionale, per esplorare con loro, in lungo e in largo, il pianeta rosso e<br \/>\nla sua simbologia: parlando di conquiste spaziali e spazi pubblici, di luoghi (ancora)<br \/>\ninesplorati e luoghi fin troppo affollati, di diritto al futuro, di diversit\u00e0, di educazione<br \/>\nalla morte, amore per i libri, stelle, gufi e marziani.<\/p>\n<p><strong>LIBeRI SU MARTE \u2013 La rassegna<\/strong><br \/>\nIl viaggio su Marte partir\u00e0 sabato 6 con una sorpresa spaziale: a Palazzo Fulcis, sede<br \/>\ndel Museo Civico di Belluno, dal 6 al 14 settembre sar\u00e0 possibile vedere uno degli<br \/>\nultimi dipinti di Dino Buzzati, I marziani, generosamente prestato dal proprietario a<br \/>\nLIBeRI su Marte. Domenica 14, a chiusura della piccola esposizione (ore 10), Marco<br \/>\nPerale, presidente dell\u2019Associazione Internazionale Dino Buzzati, accompagner\u00e0 il<br \/>\npubblico alla scoperta del quadro.<br \/>\nMarte \u00e8 futuro. Tra gli eventi delle \u201cesperienze pre-Marte\u201d, in programma il<br \/>\nweekend precedente la rassegna, ecco Interstellar (sabato 6 ore 15 nel giardino della<br \/>\nCasa di riposo Maria Gaggia Lante di Cavarzano): un pomeriggio di letture e albi<br \/>\nillustrati sotto il cielo, per astronauti dagli 0 ai 99 anni. Sempre sabato 6 anche due<br \/>\nlaboratori per imparare a immaginare futuri alternativi rispetto all\u2019unico che pare<br \/>\nattenderci dietro l\u2019angolo: A scuola di futuro (sabato 6, ore 10, a Palazzo Crepadona),<br \/>\ndedicato soprattutto agli insegnanti, e Io sono il futuro (sabato 6, ore 14, a Palazzo<br \/>\nCrepadona), dedicato a chiunque, entrambi a cura del Movimento di Cooperazione<br \/>\nEducativa.<br \/>\nAi bambini dai 7 agli 11 anni sar\u00e0 dedicato il laboratorio a cura di ISOIPSE Non UFO,<br \/>\ngufo! (venerd\u00ec 12, ore 15:30, a palazzo Crepadona), mentre ai ragazzi dai 10 ai 14<br \/>\nanni i due laboratori pittorici a cura di Marta Farina Mars Attacks! (domenica 14, ore<br \/>\n11 e alle 15, al Museo Fulcis).<br \/>\nMarte \u00e8 orizzonte (anche locale). Ne parlano tutti e chiunque di noi abbia<br \/>\nviaggiato verso Cortina in agosto lo sa: l\u2019over-tourism \u00e8 un problema sempre pi\u00f9<br \/>\nimpattante, anche nel bellunese. A LIBeRI su Marte ci far\u00e0 riflettere \u201cl\u2019antropologo<br \/>\npop\u201d Duccio Canestrini, in una conferenza-spettacolo dedicata al fenomeno sulle<br \/>\nDolomiti (Guida galattica per over-turisti, gioved\u00ec 11, ore 20:45, a Palazzo<br \/>\nCrepadona). Con Antonella Agnoli, massima esperta di biblioteche in Italia,<br \/>\nragioneremo di futuro della cultura e dei suoi spazi: durante Alla conquista degli spazi<br \/>\n(sabato 13 ore 18, a Palazzo Crepadona) la ascolteremo raccontare storie vere di<br \/>\nbiblioteche pensate, volute e costruite in giro per il mondo. Con CostellAzione! invece<br \/>\n(domenica 14, ore 11, a Palazzo Crepadona) contribuiremo in prima persona &#8211;<br \/>\ncittadini e cittadine &#8211; a immaginare il futuro dei nostri luoghi della cultura, biblioteca<br \/>\nin primis.<br \/>\nMarte \u00e8 pianeta. A parlarci di Marte vero e proprio, il pianeta, sar\u00e0 il divulgatore e<br \/>\nyoutuber Adrian Fartade, che ci condurr\u00e0 sul pianeta rosso per poi riportarci sulla<br \/>\nTerra, forse pi\u00f9 consapevoli, grazie allo spettacolo inedito Come vivere su Marte ci<br \/>\naiuter\u00e0 a vivere meglio sulla Terra (domenica 14, ore 17, a Palazzo Crepadona). Con<br \/>\nl\u2019astrobiologo Donato Giovannelli invece andremo in direzione apparentemente<br \/>\ncontraria, dove lui \u00e8 tra i pochi ad aver messo piede: il fondo dell\u2019oceano. Quello e<br \/>\naltri luoghi estremi del pianeta Terra saranno i protagonisti di Oceano Marte (venerd\u00ec<br \/>\n12, ore 20.45, a Palazzo Crepadona).<br \/>\nMarte \u00e8 morte. Parleremo anche dell\u2019unico orizzonte certo, per chiunque,<br \/>\naffrontando il tab\u00f9 della morte durante il laboratorio Cose dell\u2019altro mondo (sabato<br \/>\n13 settembre, ore 11, a Palazzo Crepadona): la professoressa ordinaria di psicologia<br \/>\nsociale Ines Testoni ci far\u00e0 conoscere il suo metodo di Death Education, pensato<br \/>\nper allenare in particolare educatori, maestre e insegnanti a parlare anche della<br \/>\nmorte ai bambini e ai ragazzi, per smontare un tab\u00f9 che appesantisce l\u2019arrivo (quello<br \/>\ninevitabile), ma pure il percorso, sempre pi\u00f9 minato di ansie, timori e fobie. E allora<br \/>\nperch\u00e9 non capire come provare ad alleggerirlo, con consapevolezza, rischiarando<br \/>\nl\u2019orizzonte? Sempre con Ines Testoni esploreremo la vita e le scoperte rivoluzionarie<br \/>\ndella psichiatra Elisabeth K\u00fcbler-Ross guardando insieme il documentario<br \/>\nElisabeth K\u00fcbler-Ross: Facing Death, di Stefan Haupt, durante la serata Ricordati che<br \/>\ndevi morire (sabato 13 settembre, ore 20:45, a palazzo Crepadona).<br \/>\nMarte \u00e8 un luogo della mente. E se per andare lontano fosse sufficiente<br \/>\naccomodarsi in poltrona? Per raccontare la biblioteca e le sue orbite infinite niente di<br \/>\nmeglio che invitare un bibliomane incallito, Antonio Castronuovo, che ci racconter\u00e0<br \/>\nl\u2019amore per i libri &#8211; e tutte le sue idiosincrasie &#8211; durante l\u2019incontro Bibliofili. Bibliomani.<br \/>\nMarziani (gioved\u00ec 11, ore 18, a Palazzo Crepadona). Il tutto senza dimenticarci che<br \/>\nspesso siamo noi il vero pianeta da esplorare. Ci penseremo su, e rifletteremo, con<br \/>\ngli autori e attori dello spettacolo di Tib Pescecane, durante la serata Astronauti e<br \/>\nPescecani (domenica 14, ore 20, alla Casa delle Arti, presso Spazio EX). A seguire ci<br \/>\nfaremo portare altrove restando qui, grazie alla performance audio visiva di Mauro<br \/>\nSommavilla, Andrea Mole Riva e Matteo Stocco ShuttleScope-80 Navicella<br \/>\nTerra (domenica 14, ore 21, sotto la tettoia a Spazio EX), con cui ci saluteremo,<br \/>\ndandoci appuntamento alla prossima esplorazione.<\/p>\n<p>Oscar De Pellegrin<br \/>\nSindaco di Belluno<br \/>\n\u201cCon LIBeRI su Marte la nostra Biblioteca civica si conferma un cuore pulsante della<br \/>\nvita culturale cittadina. Non parliamo solo di libri, ma di spazi che sanno aprire<br \/>\ndialoghi, creare comunit\u00e0, stimolare curiosit\u00e0 e immaginazione.<br \/>\nQuesta rassegna ci invita a guardare lontano \u2013 verso Marte \u2013 ma allo stesso tempo ci<br \/>\nriporta vicino, alla consapevolezza che la cultura \u00e8 ci\u00f2 che ci unisce, ci fa crescere e<br \/>\nci prepara al futuro. Ringrazio l\u2019Associazione ISOIPSE, gli ospiti e tutti coloro che<br \/>\ncontribuiscono a rendere questo appuntamento un momento di crescita collettiva per<br \/>\nBelluno\u201d.<\/p>\n<p>Raffaele Addamiano<br \/>\nAssessore alla Cultura del Comune di Belluno<br \/>\n\u201cDopo i due appuntamenti di ottobre 2024, dedicato al tema Il Bosco, e di febbraio<br \/>\n2025, dedicato al tema Il Corpo, la nostra citt\u00e0 vivr\u00e0 un altro momento importante<br \/>\nper scoprire \u2013 o riscoprire \u2013 la biblioteca civica, autentico scrigno di sapere, a quasi<br \/>\nun anno dalla sua riapertura.<br \/>\nSar\u00e0 un\u2019occasione fondamentale per la comunit\u00e0 bellunese, nel segno alto e nobile<br \/>\ndella cultura, per valorizzare e conoscere questo luogo con uno sguardo nuovo. Il<br \/>\nsimbolo scelto questa volta \u00e8 Marte: un pianeta lontano e vicino allo stesso tempo,<br \/>\nche rappresenta la conquista dell\u2019uomo e, in senso metaforico, la conquista del<br \/>\nsapere.<br \/>\nMi auguro che vi sar\u00e0 nell\u2019occasione la partecipazione di tanti cittadini bellunesi e non<br \/>\nsolo, perch\u00e9 sar\u00e0 un momento importante per riflettere sull\u2019amore per i libri \u2013<br \/>\nricordando che un uomo che legge ne vale due \u2013 e per aprire un confronto sul futuro<br \/>\ndella cultura e dei suoi spazi. Un dialogo utile sia alle istituzioni pubbliche sia ai<br \/>\nprivati, per comprendere appieno il valore supremo dei luoghi della cultura, come la<br \/>\nnostra meravigliosa Biblioteca civica.<br \/>\nVorrei concludere con una frase di Marguerite Yourcenar: \u201cFondare biblioteche \u00e8 un<br \/>\npo\u2019 come costruire granai pubblici. Ammassare riserve contro l\u2019inverno dello spirito,<br \/>\nche da molti indizi, purtroppo, vedo venire\u201d. Ecco, il nostro compito \u00e8 quello di<br \/>\nrestituire alle comunit\u00e0 non un inverno dello spirito ma, all\u2019opposto, un\u2019eterna<br \/>\nprimavera dell\u2019anima, resa possibile dalla cultura\u201d.<\/p>\n<p>Se sar\u00e0 possibile andare su Marte (restando in biblioteca e in citt\u00e0) lo<br \/>\ndobbiamo anche al Main sponsor della rassegna Snodi in quota &#8211;<br \/>\nServizi per il territorio e agli altri partner che l\u2019hanno resa possibile:<br \/>\nGIESSE Risarcimento danni, FPB Cassa di Fassa Primiero Belluno,<br \/>\nNuova Assicura, Tipografia Tiziano &#8211; Pieve di Cadore dal 1873 e<br \/>\nl\u2019Associazione caff\u00e8 pedagogico. Per l\u2019esposizione de I marziani di Dino Buzzati a<br \/>\nPalazzo Fulcis si ringrazia Banca Prealpi SanBiagio.<\/p>","protected":false},"excerpt":{"rendered":"<p>Con Adrian Fartade, Duccio Canestrini, Ines Testoni, Antonella Agnoli, Donato Giovannelli, Antonio Castronuovo, Dino Buzzati e altri ancora Dal 6 al 14 settembre torna LIBeRI &#8211; La Biblioteca aperta, la rassegna culturale per festeggiare il ritorno della Biblioteca Civica a Palazzo Crepadona. Un weekend (e un\u2019anteprima) per esplorare il futuro che ci attende. Con ospiti, [&hellip;]<\/p>\n","protected":false},"author":2,"featured_media":155410,"comment_status":"closed","ping_status":"open","sticky":false,"template":"","format":"standard","meta":{"footnotes":""},"categories":[27,3,25],"tags":[],"class_list":["post-162968","post","type-post","status-publish","format-standard","has-post-thumbnail","category-appuntamenti","category-arte-cultura-spettacoli-scienza-archivi","category-pausa-caffe"],"yoast_head":"<!-- This site is optimized with the Yoast SEO plugin v28.4 - https:\/\/yoast.com\/product\/yoast-seo-wordpress\/ -->\n<title>Belluno. LIBeRI su Marte. Rassegna culturale in Biblioteca dal 6 al 14 settembre - Bellunopress - Dolomiti<\/title>\n<meta name=\"robots\" content=\"index, follow, max-snippet:-1, max-image-preview:large, max-video-preview:-1\" \/>\n<link rel=\"canonical\" href=\"https:\/\/www.bellunopress.it\/fr\/2025\/09\/02\/belluno-liberi-su-marte-rassegna-culturale-in-biblioteca-dal-6-al-14-settembre\/\" \/>\n<meta property=\"og:locale\" content=\"fr_FR\" \/>\n<meta property=\"og:type\" content=\"article\" \/>\n<meta property=\"og:title\" content=\"Belluno. LIBeRI su Marte. Rassegna culturale in Biblioteca dal 6 al 14 settembre - Bellunopress - Dolomiti\" \/>\n<meta property=\"og:description\" content=\"Con Adrian Fartade, Duccio Canestrini, Ines Testoni, Antonella Agnoli, Donato Giovannelli, Antonio Castronuovo, Dino Buzzati e altri ancora Dal 6 al 14 settembre torna LIBeRI &#8211; La Biblioteca aperta, la rassegna culturale per festeggiare il ritorno della Biblioteca Civica a Palazzo Crepadona. Un weekend (e un\u2019anteprima) per esplorare il futuro che ci attende. Con ospiti, [&hellip;]\" \/>\n<meta property=\"og:url\" content=\"https:\/\/www.bellunopress.it\/fr\/2025\/09\/02\/belluno-liberi-su-marte-rassegna-culturale-in-biblioteca-dal-6-al-14-settembre\/\" \/>\n<meta property=\"og:site_name\" content=\"Bellunopress - Dolomiti\" \/>\n<meta property=\"article:publisher\" content=\"https:\/\/www.facebook.com\/profile.php?id=100008943462799\" \/>\n<meta property=\"article:published_time\" content=\"2025-09-02T13:58:32+00:00\" \/>\n<meta property=\"og:image\" content=\"https:\/\/www.bellunopress.it\/wp-content\/uploads\/2024\/10\/crepadona-biblioteca-1_edited.jpg\" \/>\n\t<meta property=\"og:image:width\" content=\"1000\" \/>\n\t<meta property=\"og:image:height\" content=\"750\" \/>\n\t<meta property=\"og:image:type\" content=\"image\/jpeg\" \/>\n<meta name=\"author\" content=\"redazione\" \/>\n<meta name=\"twitter:card\" content=\"summary_large_image\" \/>\n<meta name=\"twitter:creator\" content=\"@bellunopress\" \/>\n<meta name=\"twitter:site\" content=\"@bellunopress\" \/>\n<meta name=\"twitter:label1\" content=\"\u00c9crit par\" \/>\n\t<meta name=\"twitter:data1\" content=\"redazione\" \/>\n\t<meta name=\"twitter:label2\" content=\"Dur\u00e9e de lecture estim\u00e9e\" \/>\n\t<meta name=\"twitter:data2\" content=\"7 minutes\" \/>\n<script type=\"application\/ld+json\" class=\"yoast-schema-graph\">{\"@context\":\"https:\\\/\\\/schema.org\",\"@graph\":[{\"@type\":\"Article\",\"@id\":\"https:\\\/\\\/www.bellunopress.it\\\/2025\\\/09\\\/02\\\/belluno-liberi-su-marte-rassegna-culturale-in-biblioteca-dal-6-al-14-settembre\\\/#article\",\"isPartOf\":{\"@id\":\"https:\\\/\\\/www.bellunopress.it\\\/2025\\\/09\\\/02\\\/belluno-liberi-su-marte-rassegna-culturale-in-biblioteca-dal-6-al-14-settembre\\\/\"},\"author\":{\"name\":\"redazione\",\"@id\":\"https:\\\/\\\/www.bellunopress.it\\\/#\\\/schema\\\/person\\\/79bb06722b37ece1c03d3e94beb30d73\"},\"headline\":\"Belluno. LIBeRI su Marte. Rassegna culturale in Biblioteca dal 6 al 14 settembre\",\"datePublished\":\"2025-09-02T13:58:32+00:00\",\"mainEntityOfPage\":{\"@id\":\"https:\\\/\\\/www.bellunopress.it\\\/2025\\\/09\\\/02\\\/belluno-liberi-su-marte-rassegna-culturale-in-biblioteca-dal-6-al-14-settembre\\\/\"},\"wordCount\":1363,\"publisher\":{\"@id\":\"https:\\\/\\\/www.bellunopress.it\\\/#organization\"},\"image\":{\"@id\":\"https:\\\/\\\/www.bellunopress.it\\\/2025\\\/09\\\/02\\\/belluno-liberi-su-marte-rassegna-culturale-in-biblioteca-dal-6-al-14-settembre\\\/#primaryimage\"},\"thumbnailUrl\":\"https:\\\/\\\/www.bellunopress.it\\\/wp-content\\\/uploads\\\/2024\\\/10\\\/crepadona-biblioteca-1_edited.jpg\",\"articleSection\":[\"Appuntamenti, Eventi\",\"Arte, Cultura, Spettacoli, Scienza\",\"Pausa Caff\u00e8\"],\"inLanguage\":\"fr-FR\"},{\"@type\":\"WebPage\",\"@id\":\"https:\\\/\\\/www.bellunopress.it\\\/2025\\\/09\\\/02\\\/belluno-liberi-su-marte-rassegna-culturale-in-biblioteca-dal-6-al-14-settembre\\\/\",\"url\":\"https:\\\/\\\/www.bellunopress.it\\\/2025\\\/09\\\/02\\\/belluno-liberi-su-marte-rassegna-culturale-in-biblioteca-dal-6-al-14-settembre\\\/\",\"name\":\"Belluno. LIBeRI su Marte. Rassegna culturale in Biblioteca dal 6 al 14 settembre - Bellunopress - Dolomiti\",\"isPartOf\":{\"@id\":\"https:\\\/\\\/www.bellunopress.it\\\/#website\"},\"primaryImageOfPage\":{\"@id\":\"https:\\\/\\\/www.bellunopress.it\\\/2025\\\/09\\\/02\\\/belluno-liberi-su-marte-rassegna-culturale-in-biblioteca-dal-6-al-14-settembre\\\/#primaryimage\"},\"image\":{\"@id\":\"https:\\\/\\\/www.bellunopress.it\\\/2025\\\/09\\\/02\\\/belluno-liberi-su-marte-rassegna-culturale-in-biblioteca-dal-6-al-14-settembre\\\/#primaryimage\"},\"thumbnailUrl\":\"https:\\\/\\\/www.bellunopress.it\\\/wp-content\\\/uploads\\\/2024\\\/10\\\/crepadona-biblioteca-1_edited.jpg\",\"datePublished\":\"2025-09-02T13:58:32+00:00\",\"breadcrumb\":{\"@id\":\"https:\\\/\\\/www.bellunopress.it\\\/2025\\\/09\\\/02\\\/belluno-liberi-su-marte-rassegna-culturale-in-biblioteca-dal-6-al-14-settembre\\\/#breadcrumb\"},\"inLanguage\":\"fr-FR\",\"potentialAction\":[{\"@type\":\"ReadAction\",\"target\":[\"https:\\\/\\\/www.bellunopress.it\\\/2025\\\/09\\\/02\\\/belluno-liberi-su-marte-rassegna-culturale-in-biblioteca-dal-6-al-14-settembre\\\/\"]}]},{\"@type\":\"ImageObject\",\"inLanguage\":\"fr-FR\",\"@id\":\"https:\\\/\\\/www.bellunopress.it\\\/2025\\\/09\\\/02\\\/belluno-liberi-su-marte-rassegna-culturale-in-biblioteca-dal-6-al-14-settembre\\\/#primaryimage\",\"url\":\"https:\\\/\\\/www.bellunopress.it\\\/wp-content\\\/uploads\\\/2024\\\/10\\\/crepadona-biblioteca-1_edited.jpg\",\"contentUrl\":\"https:\\\/\\\/www.bellunopress.it\\\/wp-content\\\/uploads\\\/2024\\\/10\\\/crepadona-biblioteca-1_edited.jpg\",\"width\":1000,\"height\":750,\"caption\":\"Palazzo Crepadona, sede della Biblioteca Civica di Belluno\"},{\"@type\":\"BreadcrumbList\",\"@id\":\"https:\\\/\\\/www.bellunopress.it\\\/2025\\\/09\\\/02\\\/belluno-liberi-su-marte-rassegna-culturale-in-biblioteca-dal-6-al-14-settembre\\\/#breadcrumb\",\"itemListElement\":[{\"@type\":\"ListItem\",\"position\":1,\"name\":\"Home\",\"item\":\"https:\\\/\\\/www.bellunopress.it\\\/\"},{\"@type\":\"ListItem\",\"position\":2,\"name\":\"Belluno. LIBeRI su Marte. Rassegna culturale in Biblioteca dal 6 al 14 settembre\"}]},{\"@type\":\"WebSite\",\"@id\":\"https:\\\/\\\/www.bellunopress.it\\\/#website\",\"url\":\"https:\\\/\\\/www.bellunopress.it\\\/\",\"name\":\"Bellunopress - Dolomiti\",\"description\":\"e-mail: redazione@bellunopress.it\",\"publisher\":{\"@id\":\"https:\\\/\\\/www.bellunopress.it\\\/#organization\"},\"potentialAction\":[{\"@type\":\"SearchAction\",\"target\":{\"@type\":\"EntryPoint\",\"urlTemplate\":\"https:\\\/\\\/www.bellunopress.it\\\/?s={search_term_string}\"},\"query-input\":{\"@type\":\"PropertyValueSpecification\",\"valueRequired\":true,\"valueName\":\"search_term_string\"}}],\"inLanguage\":\"fr-FR\"},{\"@type\":\"Organization\",\"@id\":\"https:\\\/\\\/www.bellunopress.it\\\/#organization\",\"name\":\"Bellunopress\",\"url\":\"https:\\\/\\\/www.bellunopress.it\\\/\",\"logo\":{\"@type\":\"ImageObject\",\"inLanguage\":\"fr-FR\",\"@id\":\"https:\\\/\\\/www.bellunopress.it\\\/#\\\/schema\\\/logo\\\/image\\\/\",\"url\":\"https:\\\/\\\/www.bellunopress.it\\\/wp-content\\\/uploads\\\/2011\\\/05\\\/cropped-logo-bellunopress-.jpg\",\"contentUrl\":\"https:\\\/\\\/www.bellunopress.it\\\/wp-content\\\/uploads\\\/2011\\\/05\\\/cropped-logo-bellunopress-.jpg\",\"width\":512,\"height\":512,\"caption\":\"Bellunopress\"},\"image\":{\"@id\":\"https:\\\/\\\/www.bellunopress.it\\\/#\\\/schema\\\/logo\\\/image\\\/\"},\"sameAs\":[\"https:\\\/\\\/www.facebook.com\\\/profile.php?id=100008943462799\",\"https:\\\/\\\/x.com\\\/bellunopress\",\"https:\\\/\\\/www.linkedin.com\\\/hp\\\/?dnr=JBzUWaJfMUw8vbXJJ2tVW5-I3jZKvC4wsoxE&amp;amp;amp;amp;amp;amp;trk=nav_responsive_tab_home\",\"https:\\\/\\\/www.youtube.com\\\/channel\\\/UCxL0wu1uN0_3_7hGG0306cw\"]},{\"@type\":\"Person\",\"@id\":\"https:\\\/\\\/www.bellunopress.it\\\/#\\\/schema\\\/person\\\/79bb06722b37ece1c03d3e94beb30d73\",\"name\":\"redazione\",\"image\":{\"@type\":\"ImageObject\",\"inLanguage\":\"fr-FR\",\"@id\":\"https:\\\/\\\/secure.gravatar.com\\\/avatar\\\/37d968a2e67a6fd04c169c4bdef102d0bc5d31b2546345219e348575eb80e9a0?s=96&d=mm&r=g\",\"url\":\"https:\\\/\\\/secure.gravatar.com\\\/avatar\\\/37d968a2e67a6fd04c169c4bdef102d0bc5d31b2546345219e348575eb80e9a0?s=96&d=mm&r=g\",\"contentUrl\":\"https:\\\/\\\/secure.gravatar.com\\\/avatar\\\/37d968a2e67a6fd04c169c4bdef102d0bc5d31b2546345219e348575eb80e9a0?s=96&d=mm&r=g\",\"caption\":\"redazione\"},\"sameAs\":[\"http:\\\/\\\/www.bellunopress.it\",\"https:\\\/\\\/x.com\\\/bellunopress\"],\"url\":\"https:\\\/\\\/www.bellunopress.it\\\/fr\\\/author\\\/redazione\\\/\"}]}<\/script>\n<!-- \/ Yoast SEO plugin. -->","yoast_head_json":{"title":"Belluno. LIBeRI su Marte. Rassegna culturale in Biblioteca dal 6 al 14 settembre - Bellunopress - Dolomiti","robots":{"index":"index","follow":"follow","max-snippet":"max-snippet:-1","max-image-preview":"max-image-preview:large","max-video-preview":"max-video-preview:-1"},"canonical":"https:\/\/www.bellunopress.it\/fr\/2025\/09\/02\/belluno-liberi-su-marte-rassegna-culturale-in-biblioteca-dal-6-al-14-settembre\/","og_locale":"fr_FR","og_type":"article","og_title":"Belluno. LIBeRI su Marte. Rassegna culturale in Biblioteca dal 6 al 14 settembre - Bellunopress - Dolomiti","og_description":"Con Adrian Fartade, Duccio Canestrini, Ines Testoni, Antonella Agnoli, Donato Giovannelli, Antonio Castronuovo, Dino Buzzati e altri ancora Dal 6 al 14 settembre torna LIBeRI &#8211; La Biblioteca aperta, la rassegna culturale per festeggiare il ritorno della Biblioteca Civica a Palazzo Crepadona. Un weekend (e un\u2019anteprima) per esplorare il futuro che ci attende. Con ospiti, [&hellip;]","og_url":"https:\/\/www.bellunopress.it\/fr\/2025\/09\/02\/belluno-liberi-su-marte-rassegna-culturale-in-biblioteca-dal-6-al-14-settembre\/","og_site_name":"Bellunopress - Dolomiti","article_publisher":"https:\/\/www.facebook.com\/profile.php?id=100008943462799","article_published_time":"2025-09-02T13:58:32+00:00","og_image":[{"width":1000,"height":750,"url":"https:\/\/www.bellunopress.it\/wp-content\/uploads\/2024\/10\/crepadona-biblioteca-1_edited.jpg","type":"image\/jpeg"}],"author":"redazione","twitter_card":"summary_large_image","twitter_creator":"@bellunopress","twitter_site":"@bellunopress","twitter_misc":{"\u00c9crit par":"redazione","Dur\u00e9e de lecture estim\u00e9e":"7 minutes"},"schema":{"@context":"https:\/\/schema.org","@graph":[{"@type":"Article","@id":"https:\/\/www.bellunopress.it\/2025\/09\/02\/belluno-liberi-su-marte-rassegna-culturale-in-biblioteca-dal-6-al-14-settembre\/#article","isPartOf":{"@id":"https:\/\/www.bellunopress.it\/2025\/09\/02\/belluno-liberi-su-marte-rassegna-culturale-in-biblioteca-dal-6-al-14-settembre\/"},"author":{"name":"redazione","@id":"https:\/\/www.bellunopress.it\/#\/schema\/person\/79bb06722b37ece1c03d3e94beb30d73"},"headline":"Belluno. LIBeRI su Marte. Rassegna culturale in Biblioteca dal 6 al 14 settembre","datePublished":"2025-09-02T13:58:32+00:00","mainEntityOfPage":{"@id":"https:\/\/www.bellunopress.it\/2025\/09\/02\/belluno-liberi-su-marte-rassegna-culturale-in-biblioteca-dal-6-al-14-settembre\/"},"wordCount":1363,"publisher":{"@id":"https:\/\/www.bellunopress.it\/#organization"},"image":{"@id":"https:\/\/www.bellunopress.it\/2025\/09\/02\/belluno-liberi-su-marte-rassegna-culturale-in-biblioteca-dal-6-al-14-settembre\/#primaryimage"},"thumbnailUrl":"https:\/\/www.bellunopress.it\/wp-content\/uploads\/2024\/10\/crepadona-biblioteca-1_edited.jpg","articleSection":["Appuntamenti, Eventi","Arte, Cultura, Spettacoli, Scienza","Pausa Caff\u00e8"],"inLanguage":"fr-FR"},{"@type":"WebPage","@id":"https:\/\/www.bellunopress.it\/2025\/09\/02\/belluno-liberi-su-marte-rassegna-culturale-in-biblioteca-dal-6-al-14-settembre\/","url":"https:\/\/www.bellunopress.it\/2025\/09\/02\/belluno-liberi-su-marte-rassegna-culturale-in-biblioteca-dal-6-al-14-settembre\/","name":"Belluno. LIBeRI su Marte. Rassegna culturale in Biblioteca dal 6 al 14 settembre - Bellunopress - Dolomiti","isPartOf":{"@id":"https:\/\/www.bellunopress.it\/#website"},"primaryImageOfPage":{"@id":"https:\/\/www.bellunopress.it\/2025\/09\/02\/belluno-liberi-su-marte-rassegna-culturale-in-biblioteca-dal-6-al-14-settembre\/#primaryimage"},"image":{"@id":"https:\/\/www.bellunopress.it\/2025\/09\/02\/belluno-liberi-su-marte-rassegna-culturale-in-biblioteca-dal-6-al-14-settembre\/#primaryimage"},"thumbnailUrl":"https:\/\/www.bellunopress.it\/wp-content\/uploads\/2024\/10\/crepadona-biblioteca-1_edited.jpg","datePublished":"2025-09-02T13:58:32+00:00","breadcrumb":{"@id":"https:\/\/www.bellunopress.it\/2025\/09\/02\/belluno-liberi-su-marte-rassegna-culturale-in-biblioteca-dal-6-al-14-settembre\/#breadcrumb"},"inLanguage":"fr-FR","potentialAction":[{"@type":"ReadAction","target":["https:\/\/www.bellunopress.it\/2025\/09\/02\/belluno-liberi-su-marte-rassegna-culturale-in-biblioteca-dal-6-al-14-settembre\/"]}]},{"@type":"ImageObject","inLanguage":"fr-FR","@id":"https:\/\/www.bellunopress.it\/2025\/09\/02\/belluno-liberi-su-marte-rassegna-culturale-in-biblioteca-dal-6-al-14-settembre\/#primaryimage","url":"https:\/\/www.bellunopress.it\/wp-content\/uploads\/2024\/10\/crepadona-biblioteca-1_edited.jpg","contentUrl":"https:\/\/www.bellunopress.it\/wp-content\/uploads\/2024\/10\/crepadona-biblioteca-1_edited.jpg","width":1000,"height":750,"caption":"Palazzo Crepadona, sede della Biblioteca Civica di Belluno"},{"@type":"BreadcrumbList","@id":"https:\/\/www.bellunopress.it\/2025\/09\/02\/belluno-liberi-su-marte-rassegna-culturale-in-biblioteca-dal-6-al-14-settembre\/#breadcrumb","itemListElement":[{"@type":"ListItem","position":1,"name":"Home","item":"https:\/\/www.bellunopress.it\/"},{"@type":"ListItem","position":2,"name":"Belluno. LIBeRI su Marte. Rassegna culturale in Biblioteca dal 6 al 14 settembre"}]},{"@type":"WebSite","@id":"https:\/\/www.bellunopress.it\/#website","url":"https:\/\/www.bellunopress.it\/","name":"Bellunopress - Dolomiti","description":"e-mail: redazione@bellunopress.it","publisher":{"@id":"https:\/\/www.bellunopress.it\/#organization"},"potentialAction":[{"@type":"SearchAction","target":{"@type":"EntryPoint","urlTemplate":"https:\/\/www.bellunopress.it\/?s={search_term_string}"},"query-input":{"@type":"PropertyValueSpecification","valueRequired":true,"valueName":"search_term_string"}}],"inLanguage":"fr-FR"},{"@type":"Organization","@id":"https:\/\/www.bellunopress.it\/#organization","name":"Bellunopress","url":"https:\/\/www.bellunopress.it\/","logo":{"@type":"ImageObject","inLanguage":"fr-FR","@id":"https:\/\/www.bellunopress.it\/#\/schema\/logo\/image\/","url":"https:\/\/www.bellunopress.it\/wp-content\/uploads\/2011\/05\/cropped-logo-bellunopress-.jpg","contentUrl":"https:\/\/www.bellunopress.it\/wp-content\/uploads\/2011\/05\/cropped-logo-bellunopress-.jpg","width":512,"height":512,"caption":"Bellunopress"},"image":{"@id":"https:\/\/www.bellunopress.it\/#\/schema\/logo\/image\/"},"sameAs":["https:\/\/www.facebook.com\/profile.php?id=100008943462799","https:\/\/x.com\/bellunopress","https:\/\/www.linkedin.com\/hp\/?dnr=JBzUWaJfMUw8vbXJJ2tVW5-I3jZKvC4wsoxE&amp;amp;amp;amp;amp;amp;trk=nav_responsive_tab_home","https:\/\/www.youtube.com\/channel\/UCxL0wu1uN0_3_7hGG0306cw"]},{"@type":"Person","@id":"https:\/\/www.bellunopress.it\/#\/schema\/person\/79bb06722b37ece1c03d3e94beb30d73","name":"r\u00e9daction","image":{"@type":"ImageObject","inLanguage":"fr-FR","@id":"https:\/\/secure.gravatar.com\/avatar\/37d968a2e67a6fd04c169c4bdef102d0bc5d31b2546345219e348575eb80e9a0?s=96&d=mm&r=g","url":"https:\/\/secure.gravatar.com\/avatar\/37d968a2e67a6fd04c169c4bdef102d0bc5d31b2546345219e348575eb80e9a0?s=96&d=mm&r=g","contentUrl":"https:\/\/secure.gravatar.com\/avatar\/37d968a2e67a6fd04c169c4bdef102d0bc5d31b2546345219e348575eb80e9a0?s=96&d=mm&r=g","caption":"redazione"},"sameAs":["http:\/\/www.bellunopress.it","https:\/\/x.com\/bellunopress"],"url":"https:\/\/www.bellunopress.it\/fr\/author\/redazione\/"}]}},"_links":{"self":[{"href":"https:\/\/www.bellunopress.it\/fr\/wp-json\/wp\/v2\/posts\/162968","targetHints":{"allow":["GET"]}}],"collection":[{"href":"https:\/\/www.bellunopress.it\/fr\/wp-json\/wp\/v2\/posts"}],"about":[{"href":"https:\/\/www.bellunopress.it\/fr\/wp-json\/wp\/v2\/types\/post"}],"author":[{"embeddable":true,"href":"https:\/\/www.bellunopress.it\/fr\/wp-json\/wp\/v2\/users\/2"}],"replies":[{"embeddable":true,"href":"https:\/\/www.bellunopress.it\/fr\/wp-json\/wp\/v2\/comments?post=162968"}],"version-history":[{"count":1,"href":"https:\/\/www.bellunopress.it\/fr\/wp-json\/wp\/v2\/posts\/162968\/revisions"}],"predecessor-version":[{"id":162969,"href":"https:\/\/www.bellunopress.it\/fr\/wp-json\/wp\/v2\/posts\/162968\/revisions\/162969"}],"wp:featuredmedia":[{"embeddable":true,"href":"https:\/\/www.bellunopress.it\/fr\/wp-json\/wp\/v2\/media\/155410"}],"wp:attachment":[{"href":"https:\/\/www.bellunopress.it\/fr\/wp-json\/wp\/v2\/media?parent=162968"}],"wp:term":[{"taxonomy":"category","embeddable":true,"href":"https:\/\/www.bellunopress.it\/fr\/wp-json\/wp\/v2\/categories?post=162968"},{"taxonomy":"post_tag","embeddable":true,"href":"https:\/\/www.bellunopress.it\/fr\/wp-json\/wp\/v2\/tags?post=162968"}],"curies":[{"name":"wp","href":"https:\/\/api.w.org\/{rel}","templated":true}]}}