{"id":162965,"date":"2025-09-02T15:15:00","date_gmt":"2025-09-02T13:15:00","guid":{"rendered":"https:\/\/www.bellunopress.it\/?p=162965"},"modified":"2025-09-02T15:15:00","modified_gmt":"2025-09-02T13:15:00","slug":"dalla-palestra-alla-vita-davide-minuzzo-una-storia-di-riscatto-e-successo","status":"publish","type":"post","link":"https:\/\/www.bellunopress.it\/fr\/2025\/09\/02\/dalla-palestra-alla-vita-davide-minuzzo-una-storia-di-riscatto-e-successo\/","title":{"rendered":"Dalla palestra alla vita: Davide Minuzzo, una storia di riscatto e successo"},"content":{"rendered":"<figure id=\"attachment_162966\" aria-describedby=\"caption-attachment-162966\" style=\"width: 534px\" class=\"wp-caption aligncenter\"><img loading=\"lazy\" decoding=\"async\" class=\"size-full wp-image-162966\" src=\"https:\/\/www.bellunopress.it\/wp-content\/uploads\/2025\/09\/Davide-Minuzzo-Olympia-2022-.jpg\" alt=\"\" width=\"534\" height=\"800\" srcset=\"https:\/\/www.bellunopress.it\/wp-content\/uploads\/2025\/09\/Davide-Minuzzo-Olympia-2022-.jpg 534w, https:\/\/www.bellunopress.it\/wp-content\/uploads\/2025\/09\/Davide-Minuzzo-Olympia-2022--334x500.jpg 334w, https:\/\/www.bellunopress.it\/wp-content\/uploads\/2025\/09\/Davide-Minuzzo-Olympia-2022--280x420.jpg 280w\" sizes=\"auto, (max-width: 534px) 100vw, 534px\" \/><figcaption id=\"caption-attachment-162966\" class=\"wp-caption-text\">Davide Minuzzo<\/figcaption><\/figure>\n<p>Belluno, 2 settembre 2025 &#8211; &#8220;Ricominciare non \u00e8 uno scatto, \u00e8 un allenamento costante&#8221;. Non sono solo le parole di un campione, ma il filo conduttore di un\u2019esistenza che ha saputo trasformare le difficolt\u00e0 in un trampolino di lancio. Questa \u00e8 la filosofia di Davide Minuzzo, manager internazionale e atleta di bodybuilding naturale, originario di Pieve di Cadore. La sua storia, fatta di disciplina e tenacia, dimostra come lo sport possa diventare lo strumento pi\u00f9 potente per riscrivere il proprio destino.<\/p>\n<p>La palestra \u00e8 stata fin da bambino un punto fermo per Minuzzo, cresciuto in un contesto familiare difficile e con poche risorse. In quel luogo, ha imparato che ogni risultato si ottiene con pazienza, impegno e costanza, qualit\u00e0 che si sono rivelate fondamentali non solo per il suo fisico, ma anche per la sua vita professionale.<\/p>\n<p>&#8220;Allenarsi con costanza insegna a tollerare la frustrazione, a darsi un metodo, con disciplina e rispetto per s\u00e9 stessi e per gli altri&#8221;, spiega Minuzzo, &#8220;le stesse competenze che servono nel lavoro, nei rapporti e nella gestione dello stress&#8221;.<\/p>\n<p>Un&#8217;affermazione che trova riscontro anche nella scienza. Uno studio del British Medical Journal del 2024, basato su oltre 140.000 partecipanti, ha dimostrato che l&#8217;esercizio fisico, in particolare l&#8217;allenamento con i pesi, pu\u00f2 ridurre in modo significativo i sintomi depressivi, con effetti simili a quelli di terapie farmacologiche e psicologiche. Lo sport, dunque, non \u00e8 solo un toccasana per il corpo, ma anche un potente alleato per la mente, capace di migliorare resilienza, gestione del tempo e capacit\u00e0 di affrontare situazioni complesse.<\/p>\n<p>La passione di Minuzzo per il fitness si \u00e8 tradotta anche in una carriera sportiva di altissimo livello. Oggi \u00e8 uno degli atleti di bodybuilding naturale pi\u00f9 premiati al mondo, una disciplina che promuove lo sviluppo muscolare senza l&#8217;uso di sostanze dopanti.<\/p>\n<p>A coronamento di anni di dedizione, a 51 anni, ha conquistato il titolo di Campione del Mondo INBA\/PNBA 2025 a Barcellona, portando a casa 4 medaglie d&#8217;oro e 2 d&#8217;argento. Un successo ancora pi\u00f9 significativo se si pensa che ha gareggiato contro atleti di 20 o 30 anni pi\u00f9 giovani di lui.<\/p>\n<p>Il soprannome di \u201cThe Dolomites Master\u201d, con cui \u00e8 conosciuto a livello internazionale, celebra la sua origine e la sua tenacia. Le sue vittorie, che includono 8 ori al Natural Olympia e il titolo all&#8217;Arnold Classic Amateur, lo hanno reso un punto di riferimento per chi cerca nello sport non solo un obiettivo estetico, ma un percorso di crescita personale.<\/p>\n<p>&#8220;Vorrei che la mia storia fosse utile a far capire che cambiare \u00e8 possibile, ma non succede per caso&#8221;, afferma Minuzzo. &#8220;Ci vuole metodo, consapevolezza e la disponibilit\u00e0 a impegnarsi ogni giorno, anche quando i risultati sembrano lontani&#8221;.<\/p>\n<p>La sua vita \u00e8 un esempio tangibile di come la disciplina appresa in palestra possa trasformarsi in uno strumento concreto per affrontare le sfide della vita, dimostrando che non \u00e8 mai troppo tardi per ricominciare e costruire il proprio futuro, un allenamento alla volta.<\/p>\n<p>&nbsp;<\/p>\n<p>&nbsp;<\/p>\n<p>&nbsp;<\/p>\n<p>&nbsp;<\/p>","protected":false},"excerpt":{"rendered":"<p>Belluno, 2 settembre 2025 &#8211; &#8220;Ricominciare non \u00e8 uno scatto, \u00e8 un allenamento costante&#8221;. Non sono solo le parole di un campione, ma il filo conduttore di un\u2019esistenza che ha saputo trasformare le difficolt\u00e0 in un trampolino di lancio. Questa \u00e8 la filosofia di Davide Minuzzo, manager internazionale e atleta di bodybuilding naturale, originario di [&hellip;]<\/p>\n","protected":false},"author":2,"featured_media":162966,"comment_status":"closed","ping_status":"open","sticky":false,"template":"","format":"standard","meta":{"footnotes":""},"categories":[3394,26,4],"tags":[],"class_list":["post-162965","post","type-post","status-publish","format-standard","has-post-thumbnail","category-cultura-e-spettacoli-fuori-provincia","category-prima-pagina","category-sport"],"yoast_head":"<!-- This site is optimized with the Yoast SEO plugin v28.4 - https:\/\/yoast.com\/product\/yoast-seo-wordpress\/ -->\n<title>Dalla palestra alla vita: Davide Minuzzo, una storia di riscatto e successo - Bellunopress - Dolomiti<\/title>\n<meta name=\"robots\" content=\"index, follow, max-snippet:-1, max-image-preview:large, max-video-preview:-1\" \/>\n<link rel=\"canonical\" href=\"https:\/\/www.bellunopress.it\/fr\/2025\/09\/02\/dalla-palestra-alla-vita-davide-minuzzo-una-storia-di-riscatto-e-successo\/\" \/>\n<meta property=\"og:locale\" content=\"fr_FR\" \/>\n<meta property=\"og:type\" content=\"article\" \/>\n<meta property=\"og:title\" content=\"Dalla palestra alla vita: Davide Minuzzo, una storia di riscatto e successo - Bellunopress - Dolomiti\" \/>\n<meta property=\"og:description\" content=\"Belluno, 2 settembre 2025 &#8211; &#8220;Ricominciare non \u00e8 uno scatto, \u00e8 un allenamento costante&#8221;. Non sono solo le parole di un campione, ma il filo conduttore di un\u2019esistenza che ha saputo trasformare le difficolt\u00e0 in un trampolino di lancio. Questa \u00e8 la filosofia di Davide Minuzzo, manager internazionale e atleta di bodybuilding naturale, originario di [&hellip;]\" \/>\n<meta property=\"og:url\" content=\"https:\/\/www.bellunopress.it\/fr\/2025\/09\/02\/dalla-palestra-alla-vita-davide-minuzzo-una-storia-di-riscatto-e-successo\/\" \/>\n<meta property=\"og:site_name\" content=\"Bellunopress - Dolomiti\" \/>\n<meta property=\"article:publisher\" content=\"https:\/\/www.facebook.com\/profile.php?id=100008943462799\" \/>\n<meta property=\"article:published_time\" content=\"2025-09-02T13:15:00+00:00\" \/>\n<meta property=\"og:image\" content=\"https:\/\/www.bellunopress.it\/wp-content\/uploads\/2025\/09\/Davide-Minuzzo-Olympia-2022-.jpg\" \/>\n\t<meta property=\"og:image:width\" content=\"534\" \/>\n\t<meta property=\"og:image:height\" content=\"800\" \/>\n\t<meta property=\"og:image:type\" content=\"image\/jpeg\" \/>\n<meta name=\"author\" content=\"redazione\" \/>\n<meta name=\"twitter:card\" content=\"summary_large_image\" \/>\n<meta name=\"twitter:creator\" content=\"@bellunopress\" \/>\n<meta name=\"twitter:site\" content=\"@bellunopress\" \/>\n<meta name=\"twitter:label1\" content=\"\u00c9crit par\" \/>\n\t<meta name=\"twitter:data1\" content=\"redazione\" \/>\n\t<meta name=\"twitter:label2\" content=\"Dur\u00e9e de lecture estim\u00e9e\" \/>\n\t<meta name=\"twitter:data2\" content=\"2 minutes\" \/>\n<script type=\"application\/ld+json\" class=\"yoast-schema-graph\">{\"@context\":\"https:\\\/\\\/schema.org\",\"@graph\":[{\"@type\":\"Article\",\"@id\":\"https:\\\/\\\/www.bellunopress.it\\\/2025\\\/09\\\/02\\\/dalla-palestra-alla-vita-davide-minuzzo-una-storia-di-riscatto-e-successo\\\/#article\",\"isPartOf\":{\"@id\":\"https:\\\/\\\/www.bellunopress.it\\\/2025\\\/09\\\/02\\\/dalla-palestra-alla-vita-davide-minuzzo-una-storia-di-riscatto-e-successo\\\/\"},\"author\":{\"name\":\"redazione\",\"@id\":\"https:\\\/\\\/www.bellunopress.it\\\/#\\\/schema\\\/person\\\/79bb06722b37ece1c03d3e94beb30d73\"},\"headline\":\"Dalla palestra alla vita: Davide Minuzzo, una storia di riscatto e successo\",\"datePublished\":\"2025-09-02T13:15:00+00:00\",\"mainEntityOfPage\":{\"@id\":\"https:\\\/\\\/www.bellunopress.it\\\/2025\\\/09\\\/02\\\/dalla-palestra-alla-vita-davide-minuzzo-una-storia-di-riscatto-e-successo\\\/\"},\"wordCount\":505,\"publisher\":{\"@id\":\"https:\\\/\\\/www.bellunopress.it\\\/#organization\"},\"image\":{\"@id\":\"https:\\\/\\\/www.bellunopress.it\\\/2025\\\/09\\\/02\\\/dalla-palestra-alla-vita-davide-minuzzo-una-storia-di-riscatto-e-successo\\\/#primaryimage\"},\"thumbnailUrl\":\"https:\\\/\\\/www.bellunopress.it\\\/wp-content\\\/uploads\\\/2025\\\/09\\\/Davide-Minuzzo-Olympia-2022-.jpg\",\"articleSection\":[\"Cultura e spettacoli, tempo libero, benessere, fuori provincia\",\"Prima Pagina\",\"Sport, tempo libero\"],\"inLanguage\":\"fr-FR\"},{\"@type\":\"WebPage\",\"@id\":\"https:\\\/\\\/www.bellunopress.it\\\/2025\\\/09\\\/02\\\/dalla-palestra-alla-vita-davide-minuzzo-una-storia-di-riscatto-e-successo\\\/\",\"url\":\"https:\\\/\\\/www.bellunopress.it\\\/2025\\\/09\\\/02\\\/dalla-palestra-alla-vita-davide-minuzzo-una-storia-di-riscatto-e-successo\\\/\",\"name\":\"Dalla palestra alla vita: Davide Minuzzo, una storia di riscatto e successo - Bellunopress - Dolomiti\",\"isPartOf\":{\"@id\":\"https:\\\/\\\/www.bellunopress.it\\\/#website\"},\"primaryImageOfPage\":{\"@id\":\"https:\\\/\\\/www.bellunopress.it\\\/2025\\\/09\\\/02\\\/dalla-palestra-alla-vita-davide-minuzzo-una-storia-di-riscatto-e-successo\\\/#primaryimage\"},\"image\":{\"@id\":\"https:\\\/\\\/www.bellunopress.it\\\/2025\\\/09\\\/02\\\/dalla-palestra-alla-vita-davide-minuzzo-una-storia-di-riscatto-e-successo\\\/#primaryimage\"},\"thumbnailUrl\":\"https:\\\/\\\/www.bellunopress.it\\\/wp-content\\\/uploads\\\/2025\\\/09\\\/Davide-Minuzzo-Olympia-2022-.jpg\",\"datePublished\":\"2025-09-02T13:15:00+00:00\",\"breadcrumb\":{\"@id\":\"https:\\\/\\\/www.bellunopress.it\\\/2025\\\/09\\\/02\\\/dalla-palestra-alla-vita-davide-minuzzo-una-storia-di-riscatto-e-successo\\\/#breadcrumb\"},\"inLanguage\":\"fr-FR\",\"potentialAction\":[{\"@type\":\"ReadAction\",\"target\":[\"https:\\\/\\\/www.bellunopress.it\\\/2025\\\/09\\\/02\\\/dalla-palestra-alla-vita-davide-minuzzo-una-storia-di-riscatto-e-successo\\\/\"]}]},{\"@type\":\"ImageObject\",\"inLanguage\":\"fr-FR\",\"@id\":\"https:\\\/\\\/www.bellunopress.it\\\/2025\\\/09\\\/02\\\/dalla-palestra-alla-vita-davide-minuzzo-una-storia-di-riscatto-e-successo\\\/#primaryimage\",\"url\":\"https:\\\/\\\/www.bellunopress.it\\\/wp-content\\\/uploads\\\/2025\\\/09\\\/Davide-Minuzzo-Olympia-2022-.jpg\",\"contentUrl\":\"https:\\\/\\\/www.bellunopress.it\\\/wp-content\\\/uploads\\\/2025\\\/09\\\/Davide-Minuzzo-Olympia-2022-.jpg\",\"width\":534,\"height\":800,\"caption\":\"Davide Minuzzo\"},{\"@type\":\"BreadcrumbList\",\"@id\":\"https:\\\/\\\/www.bellunopress.it\\\/2025\\\/09\\\/02\\\/dalla-palestra-alla-vita-davide-minuzzo-una-storia-di-riscatto-e-successo\\\/#breadcrumb\",\"itemListElement\":[{\"@type\":\"ListItem\",\"position\":1,\"name\":\"Home\",\"item\":\"https:\\\/\\\/www.bellunopress.it\\\/\"},{\"@type\":\"ListItem\",\"position\":2,\"name\":\"Dalla palestra alla vita: Davide Minuzzo, una storia di riscatto e successo\"}]},{\"@type\":\"WebSite\",\"@id\":\"https:\\\/\\\/www.bellunopress.it\\\/#website\",\"url\":\"https:\\\/\\\/www.bellunopress.it\\\/\",\"name\":\"Bellunopress - Dolomiti\",\"description\":\"e-mail: redazione@bellunopress.it\",\"publisher\":{\"@id\":\"https:\\\/\\\/www.bellunopress.it\\\/#organization\"},\"potentialAction\":[{\"@type\":\"SearchAction\",\"target\":{\"@type\":\"EntryPoint\",\"urlTemplate\":\"https:\\\/\\\/www.bellunopress.it\\\/?s={search_term_string}\"},\"query-input\":{\"@type\":\"PropertyValueSpecification\",\"valueRequired\":true,\"valueName\":\"search_term_string\"}}],\"inLanguage\":\"fr-FR\"},{\"@type\":\"Organization\",\"@id\":\"https:\\\/\\\/www.bellunopress.it\\\/#organization\",\"name\":\"Bellunopress\",\"url\":\"https:\\\/\\\/www.bellunopress.it\\\/\",\"logo\":{\"@type\":\"ImageObject\",\"inLanguage\":\"fr-FR\",\"@id\":\"https:\\\/\\\/www.bellunopress.it\\\/#\\\/schema\\\/logo\\\/image\\\/\",\"url\":\"https:\\\/\\\/www.bellunopress.it\\\/wp-content\\\/uploads\\\/2011\\\/05\\\/cropped-logo-bellunopress-.jpg\",\"contentUrl\":\"https:\\\/\\\/www.bellunopress.it\\\/wp-content\\\/uploads\\\/2011\\\/05\\\/cropped-logo-bellunopress-.jpg\",\"width\":512,\"height\":512,\"caption\":\"Bellunopress\"},\"image\":{\"@id\":\"https:\\\/\\\/www.bellunopress.it\\\/#\\\/schema\\\/logo\\\/image\\\/\"},\"sameAs\":[\"https:\\\/\\\/www.facebook.com\\\/profile.php?id=100008943462799\",\"https:\\\/\\\/x.com\\\/bellunopress\",\"https:\\\/\\\/www.linkedin.com\\\/hp\\\/?dnr=JBzUWaJfMUw8vbXJJ2tVW5-I3jZKvC4wsoxE&amp;amp;amp;amp;amp;amp;trk=nav_responsive_tab_home\",\"https:\\\/\\\/www.youtube.com\\\/channel\\\/UCxL0wu1uN0_3_7hGG0306cw\"]},{\"@type\":\"Person\",\"@id\":\"https:\\\/\\\/www.bellunopress.it\\\/#\\\/schema\\\/person\\\/79bb06722b37ece1c03d3e94beb30d73\",\"name\":\"redazione\",\"image\":{\"@type\":\"ImageObject\",\"inLanguage\":\"fr-FR\",\"@id\":\"https:\\\/\\\/secure.gravatar.com\\\/avatar\\\/37d968a2e67a6fd04c169c4bdef102d0bc5d31b2546345219e348575eb80e9a0?s=96&d=mm&r=g\",\"url\":\"https:\\\/\\\/secure.gravatar.com\\\/avatar\\\/37d968a2e67a6fd04c169c4bdef102d0bc5d31b2546345219e348575eb80e9a0?s=96&d=mm&r=g\",\"contentUrl\":\"https:\\\/\\\/secure.gravatar.com\\\/avatar\\\/37d968a2e67a6fd04c169c4bdef102d0bc5d31b2546345219e348575eb80e9a0?s=96&d=mm&r=g\",\"caption\":\"redazione\"},\"sameAs\":[\"http:\\\/\\\/www.bellunopress.it\",\"https:\\\/\\\/x.com\\\/bellunopress\"],\"url\":\"https:\\\/\\\/www.bellunopress.it\\\/fr\\\/author\\\/redazione\\\/\"}]}<\/script>\n<!-- \/ Yoast SEO plugin. -->","yoast_head_json":{"title":"Dalla palestra alla vita: Davide Minuzzo, una storia di riscatto e successo - Bellunopress - Dolomiti","robots":{"index":"index","follow":"follow","max-snippet":"max-snippet:-1","max-image-preview":"max-image-preview:large","max-video-preview":"max-video-preview:-1"},"canonical":"https:\/\/www.bellunopress.it\/fr\/2025\/09\/02\/dalla-palestra-alla-vita-davide-minuzzo-una-storia-di-riscatto-e-successo\/","og_locale":"fr_FR","og_type":"article","og_title":"Dalla palestra alla vita: Davide Minuzzo, una storia di riscatto e successo - Bellunopress - Dolomiti","og_description":"Belluno, 2 settembre 2025 &#8211; &#8220;Ricominciare non \u00e8 uno scatto, \u00e8 un allenamento costante&#8221;. Non sono solo le parole di un campione, ma il filo conduttore di un\u2019esistenza che ha saputo trasformare le difficolt\u00e0 in un trampolino di lancio. Questa \u00e8 la filosofia di Davide Minuzzo, manager internazionale e atleta di bodybuilding naturale, originario di [&hellip;]","og_url":"https:\/\/www.bellunopress.it\/fr\/2025\/09\/02\/dalla-palestra-alla-vita-davide-minuzzo-una-storia-di-riscatto-e-successo\/","og_site_name":"Bellunopress - Dolomiti","article_publisher":"https:\/\/www.facebook.com\/profile.php?id=100008943462799","article_published_time":"2025-09-02T13:15:00+00:00","og_image":[{"width":534,"height":800,"url":"https:\/\/www.bellunopress.it\/wp-content\/uploads\/2025\/09\/Davide-Minuzzo-Olympia-2022-.jpg","type":"image\/jpeg"}],"author":"redazione","twitter_card":"summary_large_image","twitter_creator":"@bellunopress","twitter_site":"@bellunopress","twitter_misc":{"\u00c9crit par":"redazione","Dur\u00e9e de lecture estim\u00e9e":"2 minutes"},"schema":{"@context":"https:\/\/schema.org","@graph":[{"@type":"Article","@id":"https:\/\/www.bellunopress.it\/2025\/09\/02\/dalla-palestra-alla-vita-davide-minuzzo-una-storia-di-riscatto-e-successo\/#article","isPartOf":{"@id":"https:\/\/www.bellunopress.it\/2025\/09\/02\/dalla-palestra-alla-vita-davide-minuzzo-una-storia-di-riscatto-e-successo\/"},"author":{"name":"redazione","@id":"https:\/\/www.bellunopress.it\/#\/schema\/person\/79bb06722b37ece1c03d3e94beb30d73"},"headline":"Dalla palestra alla vita: Davide Minuzzo, una storia di riscatto e successo","datePublished":"2025-09-02T13:15:00+00:00","mainEntityOfPage":{"@id":"https:\/\/www.bellunopress.it\/2025\/09\/02\/dalla-palestra-alla-vita-davide-minuzzo-una-storia-di-riscatto-e-successo\/"},"wordCount":505,"publisher":{"@id":"https:\/\/www.bellunopress.it\/#organization"},"image":{"@id":"https:\/\/www.bellunopress.it\/2025\/09\/02\/dalla-palestra-alla-vita-davide-minuzzo-una-storia-di-riscatto-e-successo\/#primaryimage"},"thumbnailUrl":"https:\/\/www.bellunopress.it\/wp-content\/uploads\/2025\/09\/Davide-Minuzzo-Olympia-2022-.jpg","articleSection":["Cultura e spettacoli, tempo libero, benessere, fuori provincia","Prima Pagina","Sport, tempo libero"],"inLanguage":"fr-FR"},{"@type":"WebPage","@id":"https:\/\/www.bellunopress.it\/2025\/09\/02\/dalla-palestra-alla-vita-davide-minuzzo-una-storia-di-riscatto-e-successo\/","url":"https:\/\/www.bellunopress.it\/2025\/09\/02\/dalla-palestra-alla-vita-davide-minuzzo-una-storia-di-riscatto-e-successo\/","name":"Dalla palestra alla vita: Davide Minuzzo, una storia di riscatto e successo - Bellunopress - Dolomiti","isPartOf":{"@id":"https:\/\/www.bellunopress.it\/#website"},"primaryImageOfPage":{"@id":"https:\/\/www.bellunopress.it\/2025\/09\/02\/dalla-palestra-alla-vita-davide-minuzzo-una-storia-di-riscatto-e-successo\/#primaryimage"},"image":{"@id":"https:\/\/www.bellunopress.it\/2025\/09\/02\/dalla-palestra-alla-vita-davide-minuzzo-una-storia-di-riscatto-e-successo\/#primaryimage"},"thumbnailUrl":"https:\/\/www.bellunopress.it\/wp-content\/uploads\/2025\/09\/Davide-Minuzzo-Olympia-2022-.jpg","datePublished":"2025-09-02T13:15:00+00:00","breadcrumb":{"@id":"https:\/\/www.bellunopress.it\/2025\/09\/02\/dalla-palestra-alla-vita-davide-minuzzo-una-storia-di-riscatto-e-successo\/#breadcrumb"},"inLanguage":"fr-FR","potentialAction":[{"@type":"ReadAction","target":["https:\/\/www.bellunopress.it\/2025\/09\/02\/dalla-palestra-alla-vita-davide-minuzzo-una-storia-di-riscatto-e-successo\/"]}]},{"@type":"ImageObject","inLanguage":"fr-FR","@id":"https:\/\/www.bellunopress.it\/2025\/09\/02\/dalla-palestra-alla-vita-davide-minuzzo-una-storia-di-riscatto-e-successo\/#primaryimage","url":"https:\/\/www.bellunopress.it\/wp-content\/uploads\/2025\/09\/Davide-Minuzzo-Olympia-2022-.jpg","contentUrl":"https:\/\/www.bellunopress.it\/wp-content\/uploads\/2025\/09\/Davide-Minuzzo-Olympia-2022-.jpg","width":534,"height":800,"caption":"Davide Minuzzo"},{"@type":"BreadcrumbList","@id":"https:\/\/www.bellunopress.it\/2025\/09\/02\/dalla-palestra-alla-vita-davide-minuzzo-una-storia-di-riscatto-e-successo\/#breadcrumb","itemListElement":[{"@type":"ListItem","position":1,"name":"Home","item":"https:\/\/www.bellunopress.it\/"},{"@type":"ListItem","position":2,"name":"Dalla palestra alla vita: Davide Minuzzo, una storia di riscatto e successo"}]},{"@type":"WebSite","@id":"https:\/\/www.bellunopress.it\/#website","url":"https:\/\/www.bellunopress.it\/","name":"Bellunopress - Dolomiti","description":"e-mail: redazione@bellunopress.it","publisher":{"@id":"https:\/\/www.bellunopress.it\/#organization"},"potentialAction":[{"@type":"SearchAction","target":{"@type":"EntryPoint","urlTemplate":"https:\/\/www.bellunopress.it\/?s={search_term_string}"},"query-input":{"@type":"PropertyValueSpecification","valueRequired":true,"valueName":"search_term_string"}}],"inLanguage":"fr-FR"},{"@type":"Organization","@id":"https:\/\/www.bellunopress.it\/#organization","name":"Bellunopress","url":"https:\/\/www.bellunopress.it\/","logo":{"@type":"ImageObject","inLanguage":"fr-FR","@id":"https:\/\/www.bellunopress.it\/#\/schema\/logo\/image\/","url":"https:\/\/www.bellunopress.it\/wp-content\/uploads\/2011\/05\/cropped-logo-bellunopress-.jpg","contentUrl":"https:\/\/www.bellunopress.it\/wp-content\/uploads\/2011\/05\/cropped-logo-bellunopress-.jpg","width":512,"height":512,"caption":"Bellunopress"},"image":{"@id":"https:\/\/www.bellunopress.it\/#\/schema\/logo\/image\/"},"sameAs":["https:\/\/www.facebook.com\/profile.php?id=100008943462799","https:\/\/x.com\/bellunopress","https:\/\/www.linkedin.com\/hp\/?dnr=JBzUWaJfMUw8vbXJJ2tVW5-I3jZKvC4wsoxE&amp;amp;amp;amp;amp;amp;trk=nav_responsive_tab_home","https:\/\/www.youtube.com\/channel\/UCxL0wu1uN0_3_7hGG0306cw"]},{"@type":"Person","@id":"https:\/\/www.bellunopress.it\/#\/schema\/person\/79bb06722b37ece1c03d3e94beb30d73","name":"r\u00e9daction","image":{"@type":"ImageObject","inLanguage":"fr-FR","@id":"https:\/\/secure.gravatar.com\/avatar\/37d968a2e67a6fd04c169c4bdef102d0bc5d31b2546345219e348575eb80e9a0?s=96&d=mm&r=g","url":"https:\/\/secure.gravatar.com\/avatar\/37d968a2e67a6fd04c169c4bdef102d0bc5d31b2546345219e348575eb80e9a0?s=96&d=mm&r=g","contentUrl":"https:\/\/secure.gravatar.com\/avatar\/37d968a2e67a6fd04c169c4bdef102d0bc5d31b2546345219e348575eb80e9a0?s=96&d=mm&r=g","caption":"redazione"},"sameAs":["http:\/\/www.bellunopress.it","https:\/\/x.com\/bellunopress"],"url":"https:\/\/www.bellunopress.it\/fr\/author\/redazione\/"}]}},"_links":{"self":[{"href":"https:\/\/www.bellunopress.it\/fr\/wp-json\/wp\/v2\/posts\/162965","targetHints":{"allow":["GET"]}}],"collection":[{"href":"https:\/\/www.bellunopress.it\/fr\/wp-json\/wp\/v2\/posts"}],"about":[{"href":"https:\/\/www.bellunopress.it\/fr\/wp-json\/wp\/v2\/types\/post"}],"author":[{"embeddable":true,"href":"https:\/\/www.bellunopress.it\/fr\/wp-json\/wp\/v2\/users\/2"}],"replies":[{"embeddable":true,"href":"https:\/\/www.bellunopress.it\/fr\/wp-json\/wp\/v2\/comments?post=162965"}],"version-history":[{"count":1,"href":"https:\/\/www.bellunopress.it\/fr\/wp-json\/wp\/v2\/posts\/162965\/revisions"}],"predecessor-version":[{"id":162967,"href":"https:\/\/www.bellunopress.it\/fr\/wp-json\/wp\/v2\/posts\/162965\/revisions\/162967"}],"wp:featuredmedia":[{"embeddable":true,"href":"https:\/\/www.bellunopress.it\/fr\/wp-json\/wp\/v2\/media\/162966"}],"wp:attachment":[{"href":"https:\/\/www.bellunopress.it\/fr\/wp-json\/wp\/v2\/media?parent=162965"}],"wp:term":[{"taxonomy":"category","embeddable":true,"href":"https:\/\/www.bellunopress.it\/fr\/wp-json\/wp\/v2\/categories?post=162965"},{"taxonomy":"post_tag","embeddable":true,"href":"https:\/\/www.bellunopress.it\/fr\/wp-json\/wp\/v2\/tags?post=162965"}],"curies":[{"name":"wp","href":"https:\/\/api.w.org\/{rel}","templated":true}]}}