{"id":162962,"date":"2025-09-02T14:11:05","date_gmt":"2025-09-02T12:11:05","guid":{"rendered":"https:\/\/www.bellunopress.it\/?p=162962"},"modified":"2025-09-02T14:11:05","modified_gmt":"2025-09-02T12:11:05","slug":"crisi-nella-moda-veneta-gli-algoritmi-anti-crisi-conquistano-la-riviera-del-brenta","status":"publish","type":"post","link":"https:\/\/www.bellunopress.it\/fr\/2025\/09\/02\/crisi-nella-moda-veneta-gli-algoritmi-anti-crisi-conquistano-la-riviera-del-brenta\/","title":{"rendered":"Crisi nella moda veneta? Gli algoritmi anti.crisi conquistano la Riviera del Brenta"},"content":{"rendered":"<p><img loading=\"lazy\" decoding=\"async\" class=\"aligncenter size-full wp-image-162963\" src=\"https:\/\/www.bellunopress.it\/wp-content\/uploads\/2025\/09\/linea-pelle-trame-intelligenti-convegno_edited.jpg\" alt=\"\" width=\"800\" height=\"559\" srcset=\"https:\/\/www.bellunopress.it\/wp-content\/uploads\/2025\/09\/linea-pelle-trame-intelligenti-convegno_edited.jpg 800w, https:\/\/www.bellunopress.it\/wp-content\/uploads\/2025\/09\/linea-pelle-trame-intelligenti-convegno_edited-500x349.jpg 500w, https:\/\/www.bellunopress.it\/wp-content\/uploads\/2025\/09\/linea-pelle-trame-intelligenti-convegno_edited-601x420.jpg 601w, https:\/\/www.bellunopress.it\/wp-content\/uploads\/2025\/09\/linea-pelle-trame-intelligenti-convegno_edited-696x486.jpg 696w\" sizes=\"auto, (max-width: 800px) 100vw, 800px\" \/>Stra (VE), 2 settembre 2025 &#8211; La moda del Veneto, colpita da un calo significativo nelle esportazioni, guarda all&#8217;innovazione tecnologica per superare la crisi. In un periodo in cui il settore calzaturiero regionale ha visto un calo del 13% nelle esportazioni nei primi nove mesi del 2024, gli occhi sono puntati sull&#8217;Intelligenza Artificiale (AI) come possibile via di riscatto. L&#8217;urgenza di un&#8217;innovazione profonda e di una maggiore specializzazione dei lavoratori si fa sempre pi\u00f9 sentire, soprattutto in distretti storici come la Riviera del Brenta, che ha registrato una flessione del 15,6% nell&#8217;export.<\/p>\n<p>Di fronte a questi dati preoccupanti, l\u2019evento &#8220;Trame Intelligenti: l\u2019intreccio tra moda ed intelligenza artificiale&#8221; si presenta come una risposta concreta. L&#8217;iniziativa, parte del tour &#8220;Lineapelle on the Road&#8221; promosso dall&#8217;omonima mostra internazionale, far\u00e0 tappa l&#8217;11 settembre al Museo della Calzatura di Villa Foscarini Rossi a Stra (VE). L&#8217;obiettivo \u00e8 analizzare come l&#8217;AI possa essere applicata all&#8217;industria per migliorare la competitivit\u00e0 e recuperare i volumi produttivi.<\/p>\n<p>&#8220;L\u2019idea&#8221;, spiega Fulvia Bacchi, CEO di Lineapelle, &#8220;\u00e8 provare a ricomporre, con percorsi innovativi e dal basso, le criticit\u00e0 del settore. Abbiamo avviato un percorso che prevede di esaminare alcuni strumenti innovativi che possono essere di aiuto per le aziende del settore. L\u2019intelligenza artificiale \u00e8 tra questi&#8221;.<\/p>\n<p>Il dibattito si concentrer\u00e0 sul crescente fabbisogno tecnologico che il settore della moda deve affrontare. Secondo uno studio di Altagamma-Unioncamere, entro il 2028 saranno necessarie 75.000 unit\u00e0 specializzate nel campo della moda. Tra le nuove figure professionali pi\u00f9 richieste spiccano i fashion Data scientist, in grado di analizzare grandi quantit\u00e0 di dati per prevedere le tendenze e ottimizzare le strategie di marketing, e gli sviluppatori di sistemi basati su AI, come chatbot e assistenti virtuali per migliorare l&#8217;esperienza del cliente.<\/p>\n<p>Questi esperti, insieme ai produttori, avranno l&#8217;occasione di discutere come gli algoritmi possano generare soluzioni inedite, dalla fase di progettazione alla personalizzazione dei prodotti, fondendo l&#8217;artigianato locale con le tendenze globali.<\/p>\n<p><strong>Partecipanti all&#8217;evento:<\/strong><\/p>\n<p>L&#8217;evento vedr\u00e0 la partecipazione di diverse figure istituzionali e accademiche, tra cui:<\/p>\n<p>Andrea Salmaso, Sindaco di Stra.<\/p>\n<p>Nicoletta Allibardi, membro della Giunta della Camera di Commercio di Padova.<\/p>\n<p>Emanuele Frontoni, co-director del VRAI Vision Robotics &amp; Artificial Intelligence Lab e professore di informatica presso l&#8217;Universit\u00e0 degli Studi di Macerata.<\/p>\n<p>Valter Fraccaro, Presidente della Fondazione SAIHUB.<\/p>\n<p>Paolo Ghezzi, Direttore Generale InfoCamere.<\/p>\n<p>Oliviero Casale, Innovation Manager UniProfessioni.<\/p>\n<p>Alberto Masenadore, CEO di Peron Shoes.<\/p>\n<p>L&#8217;evento a Villa Foscarini Rossi non sar\u00e0 solo un convegno, ma un vero e proprio laboratorio di idee per un settore che deve reinventarsi, dimostrando che la tradizione del Made in Italy pu\u00f2 convivere e prosperare grazie all&#8217;innovazione tecnologica.<\/p>","protected":false},"excerpt":{"rendered":"<p>Stra (VE), 2 settembre 2025 &#8211; La moda del Veneto, colpita da un calo significativo nelle esportazioni, guarda all&#8217;innovazione tecnologica per superare la crisi. In un periodo in cui il settore calzaturiero regionale ha visto un calo del 13% nelle esportazioni nei primi nove mesi del 2024, gli occhi sono puntati sull&#8217;Intelligenza Artificiale (AI) come [&hellip;]<\/p>\n","protected":false},"author":2,"featured_media":134590,"comment_status":"closed","ping_status":"open","sticky":false,"template":"","format":"standard","meta":{"footnotes":""},"categories":[36,26],"tags":[],"class_list":["post-162962","post","type-post","status-publish","format-standard","has-post-thumbnail","category-lavoro-economia","category-prima-pagina"],"yoast_head":"<!-- This site is optimized with the Yoast SEO plugin v28.4 - https:\/\/yoast.com\/product\/yoast-seo-wordpress\/ -->\n<title>Crisi nella moda veneta? Gli algoritmi anti.crisi conquistano la Riviera del Brenta - Bellunopress - Dolomiti<\/title>\n<meta name=\"robots\" content=\"index, follow, max-snippet:-1, max-image-preview:large, max-video-preview:-1\" \/>\n<link rel=\"canonical\" href=\"https:\/\/www.bellunopress.it\/fr\/2025\/09\/02\/crisi-nella-moda-veneta-gli-algoritmi-anti-crisi-conquistano-la-riviera-del-brenta\/\" \/>\n<meta property=\"og:locale\" content=\"fr_FR\" \/>\n<meta property=\"og:type\" content=\"article\" \/>\n<meta property=\"og:title\" content=\"Crisi nella moda veneta? Gli algoritmi anti.crisi conquistano la Riviera del Brenta - Bellunopress - Dolomiti\" \/>\n<meta property=\"og:description\" content=\"Stra (VE), 2 settembre 2025 &#8211; La moda del Veneto, colpita da un calo significativo nelle esportazioni, guarda all&#8217;innovazione tecnologica per superare la crisi. In un periodo in cui il settore calzaturiero regionale ha visto un calo del 13% nelle esportazioni nei primi nove mesi del 2024, gli occhi sono puntati sull&#8217;Intelligenza Artificiale (AI) come [&hellip;]\" \/>\n<meta property=\"og:url\" content=\"https:\/\/www.bellunopress.it\/fr\/2025\/09\/02\/crisi-nella-moda-veneta-gli-algoritmi-anti-crisi-conquistano-la-riviera-del-brenta\/\" \/>\n<meta property=\"og:site_name\" content=\"Bellunopress - Dolomiti\" \/>\n<meta property=\"article:publisher\" content=\"https:\/\/www.facebook.com\/profile.php?id=100008943462799\" \/>\n<meta property=\"article:published_time\" content=\"2025-09-02T12:11:05+00:00\" \/>\n<meta property=\"og:image\" content=\"https:\/\/www.bellunopress.it\/wp-content\/uploads\/2022\/06\/villa-Foscarini-Rossi-Assemblea-Anfao_edited.jpg\" \/>\n\t<meta property=\"og:image:width\" content=\"1000\" \/>\n\t<meta property=\"og:image:height\" content=\"750\" \/>\n\t<meta property=\"og:image:type\" content=\"image\/jpeg\" \/>\n<meta name=\"author\" content=\"redazione\" \/>\n<meta name=\"twitter:card\" content=\"summary_large_image\" \/>\n<meta name=\"twitter:creator\" content=\"@bellunopress\" \/>\n<meta name=\"twitter:site\" content=\"@bellunopress\" \/>\n<meta name=\"twitter:label1\" content=\"\u00c9crit par\" \/>\n\t<meta name=\"twitter:data1\" content=\"redazione\" \/>\n\t<meta name=\"twitter:label2\" content=\"Dur\u00e9e de lecture estim\u00e9e\" \/>\n\t<meta name=\"twitter:data2\" content=\"2 minutes\" \/>\n<script type=\"application\/ld+json\" class=\"yoast-schema-graph\">{\"@context\":\"https:\\\/\\\/schema.org\",\"@graph\":[{\"@type\":\"Article\",\"@id\":\"https:\\\/\\\/www.bellunopress.it\\\/2025\\\/09\\\/02\\\/crisi-nella-moda-veneta-gli-algoritmi-anti-crisi-conquistano-la-riviera-del-brenta\\\/#article\",\"isPartOf\":{\"@id\":\"https:\\\/\\\/www.bellunopress.it\\\/2025\\\/09\\\/02\\\/crisi-nella-moda-veneta-gli-algoritmi-anti-crisi-conquistano-la-riviera-del-brenta\\\/\"},\"author\":{\"name\":\"redazione\",\"@id\":\"https:\\\/\\\/www.bellunopress.it\\\/#\\\/schema\\\/person\\\/79bb06722b37ece1c03d3e94beb30d73\"},\"headline\":\"Crisi nella moda veneta? Gli algoritmi anti.crisi conquistano la Riviera del Brenta\",\"datePublished\":\"2025-09-02T12:11:05+00:00\",\"mainEntityOfPage\":{\"@id\":\"https:\\\/\\\/www.bellunopress.it\\\/2025\\\/09\\\/02\\\/crisi-nella-moda-veneta-gli-algoritmi-anti-crisi-conquistano-la-riviera-del-brenta\\\/\"},\"wordCount\":453,\"publisher\":{\"@id\":\"https:\\\/\\\/www.bellunopress.it\\\/#organization\"},\"image\":{\"@id\":\"https:\\\/\\\/www.bellunopress.it\\\/2025\\\/09\\\/02\\\/crisi-nella-moda-veneta-gli-algoritmi-anti-crisi-conquistano-la-riviera-del-brenta\\\/#primaryimage\"},\"thumbnailUrl\":\"https:\\\/\\\/www.bellunopress.it\\\/wp-content\\\/uploads\\\/2022\\\/06\\\/villa-Foscarini-Rossi-Assemblea-Anfao_edited.jpg\",\"articleSection\":[\"Lavoro, Economia, Turismo\",\"Prima Pagina\"],\"inLanguage\":\"fr-FR\"},{\"@type\":\"WebPage\",\"@id\":\"https:\\\/\\\/www.bellunopress.it\\\/2025\\\/09\\\/02\\\/crisi-nella-moda-veneta-gli-algoritmi-anti-crisi-conquistano-la-riviera-del-brenta\\\/\",\"url\":\"https:\\\/\\\/www.bellunopress.it\\\/2025\\\/09\\\/02\\\/crisi-nella-moda-veneta-gli-algoritmi-anti-crisi-conquistano-la-riviera-del-brenta\\\/\",\"name\":\"Crisi nella moda veneta? Gli algoritmi anti.crisi conquistano la Riviera del Brenta - Bellunopress - Dolomiti\",\"isPartOf\":{\"@id\":\"https:\\\/\\\/www.bellunopress.it\\\/#website\"},\"primaryImageOfPage\":{\"@id\":\"https:\\\/\\\/www.bellunopress.it\\\/2025\\\/09\\\/02\\\/crisi-nella-moda-veneta-gli-algoritmi-anti-crisi-conquistano-la-riviera-del-brenta\\\/#primaryimage\"},\"image\":{\"@id\":\"https:\\\/\\\/www.bellunopress.it\\\/2025\\\/09\\\/02\\\/crisi-nella-moda-veneta-gli-algoritmi-anti-crisi-conquistano-la-riviera-del-brenta\\\/#primaryimage\"},\"thumbnailUrl\":\"https:\\\/\\\/www.bellunopress.it\\\/wp-content\\\/uploads\\\/2022\\\/06\\\/villa-Foscarini-Rossi-Assemblea-Anfao_edited.jpg\",\"datePublished\":\"2025-09-02T12:11:05+00:00\",\"breadcrumb\":{\"@id\":\"https:\\\/\\\/www.bellunopress.it\\\/2025\\\/09\\\/02\\\/crisi-nella-moda-veneta-gli-algoritmi-anti-crisi-conquistano-la-riviera-del-brenta\\\/#breadcrumb\"},\"inLanguage\":\"fr-FR\",\"potentialAction\":[{\"@type\":\"ReadAction\",\"target\":[\"https:\\\/\\\/www.bellunopress.it\\\/2025\\\/09\\\/02\\\/crisi-nella-moda-veneta-gli-algoritmi-anti-crisi-conquistano-la-riviera-del-brenta\\\/\"]}]},{\"@type\":\"ImageObject\",\"inLanguage\":\"fr-FR\",\"@id\":\"https:\\\/\\\/www.bellunopress.it\\\/2025\\\/09\\\/02\\\/crisi-nella-moda-veneta-gli-algoritmi-anti-crisi-conquistano-la-riviera-del-brenta\\\/#primaryimage\",\"url\":\"https:\\\/\\\/www.bellunopress.it\\\/wp-content\\\/uploads\\\/2022\\\/06\\\/villa-Foscarini-Rossi-Assemblea-Anfao_edited.jpg\",\"contentUrl\":\"https:\\\/\\\/www.bellunopress.it\\\/wp-content\\\/uploads\\\/2022\\\/06\\\/villa-Foscarini-Rossi-Assemblea-Anfao_edited.jpg\",\"width\":1000,\"height\":750},{\"@type\":\"BreadcrumbList\",\"@id\":\"https:\\\/\\\/www.bellunopress.it\\\/2025\\\/09\\\/02\\\/crisi-nella-moda-veneta-gli-algoritmi-anti-crisi-conquistano-la-riviera-del-brenta\\\/#breadcrumb\",\"itemListElement\":[{\"@type\":\"ListItem\",\"position\":1,\"name\":\"Home\",\"item\":\"https:\\\/\\\/www.bellunopress.it\\\/\"},{\"@type\":\"ListItem\",\"position\":2,\"name\":\"Crisi nella moda veneta? Gli algoritmi anti.crisi conquistano la Riviera del Brenta\"}]},{\"@type\":\"WebSite\",\"@id\":\"https:\\\/\\\/www.bellunopress.it\\\/#website\",\"url\":\"https:\\\/\\\/www.bellunopress.it\\\/\",\"name\":\"Bellunopress - Dolomiti\",\"description\":\"e-mail: redazione@bellunopress.it\",\"publisher\":{\"@id\":\"https:\\\/\\\/www.bellunopress.it\\\/#organization\"},\"potentialAction\":[{\"@type\":\"SearchAction\",\"target\":{\"@type\":\"EntryPoint\",\"urlTemplate\":\"https:\\\/\\\/www.bellunopress.it\\\/?s={search_term_string}\"},\"query-input\":{\"@type\":\"PropertyValueSpecification\",\"valueRequired\":true,\"valueName\":\"search_term_string\"}}],\"inLanguage\":\"fr-FR\"},{\"@type\":\"Organization\",\"@id\":\"https:\\\/\\\/www.bellunopress.it\\\/#organization\",\"name\":\"Bellunopress\",\"url\":\"https:\\\/\\\/www.bellunopress.it\\\/\",\"logo\":{\"@type\":\"ImageObject\",\"inLanguage\":\"fr-FR\",\"@id\":\"https:\\\/\\\/www.bellunopress.it\\\/#\\\/schema\\\/logo\\\/image\\\/\",\"url\":\"https:\\\/\\\/www.bellunopress.it\\\/wp-content\\\/uploads\\\/2011\\\/05\\\/cropped-logo-bellunopress-.jpg\",\"contentUrl\":\"https:\\\/\\\/www.bellunopress.it\\\/wp-content\\\/uploads\\\/2011\\\/05\\\/cropped-logo-bellunopress-.jpg\",\"width\":512,\"height\":512,\"caption\":\"Bellunopress\"},\"image\":{\"@id\":\"https:\\\/\\\/www.bellunopress.it\\\/#\\\/schema\\\/logo\\\/image\\\/\"},\"sameAs\":[\"https:\\\/\\\/www.facebook.com\\\/profile.php?id=100008943462799\",\"https:\\\/\\\/x.com\\\/bellunopress\",\"https:\\\/\\\/www.linkedin.com\\\/hp\\\/?dnr=JBzUWaJfMUw8vbXJJ2tVW5-I3jZKvC4wsoxE&amp;amp;amp;amp;amp;amp;trk=nav_responsive_tab_home\",\"https:\\\/\\\/www.youtube.com\\\/channel\\\/UCxL0wu1uN0_3_7hGG0306cw\"]},{\"@type\":\"Person\",\"@id\":\"https:\\\/\\\/www.bellunopress.it\\\/#\\\/schema\\\/person\\\/79bb06722b37ece1c03d3e94beb30d73\",\"name\":\"redazione\",\"image\":{\"@type\":\"ImageObject\",\"inLanguage\":\"fr-FR\",\"@id\":\"https:\\\/\\\/secure.gravatar.com\\\/avatar\\\/37d968a2e67a6fd04c169c4bdef102d0bc5d31b2546345219e348575eb80e9a0?s=96&d=mm&r=g\",\"url\":\"https:\\\/\\\/secure.gravatar.com\\\/avatar\\\/37d968a2e67a6fd04c169c4bdef102d0bc5d31b2546345219e348575eb80e9a0?s=96&d=mm&r=g\",\"contentUrl\":\"https:\\\/\\\/secure.gravatar.com\\\/avatar\\\/37d968a2e67a6fd04c169c4bdef102d0bc5d31b2546345219e348575eb80e9a0?s=96&d=mm&r=g\",\"caption\":\"redazione\"},\"sameAs\":[\"http:\\\/\\\/www.bellunopress.it\",\"https:\\\/\\\/x.com\\\/bellunopress\"],\"url\":\"https:\\\/\\\/www.bellunopress.it\\\/fr\\\/author\\\/redazione\\\/\"}]}<\/script>\n<!-- \/ Yoast SEO plugin. -->","yoast_head_json":{"title":"Crisi nella moda veneta? Gli algoritmi anti.crisi conquistano la Riviera del Brenta - Bellunopress - Dolomiti","robots":{"index":"index","follow":"follow","max-snippet":"max-snippet:-1","max-image-preview":"max-image-preview:large","max-video-preview":"max-video-preview:-1"},"canonical":"https:\/\/www.bellunopress.it\/fr\/2025\/09\/02\/crisi-nella-moda-veneta-gli-algoritmi-anti-crisi-conquistano-la-riviera-del-brenta\/","og_locale":"fr_FR","og_type":"article","og_title":"Crisi nella moda veneta? Gli algoritmi anti.crisi conquistano la Riviera del Brenta - Bellunopress - Dolomiti","og_description":"Stra (VE), 2 settembre 2025 &#8211; La moda del Veneto, colpita da un calo significativo nelle esportazioni, guarda all&#8217;innovazione tecnologica per superare la crisi. In un periodo in cui il settore calzaturiero regionale ha visto un calo del 13% nelle esportazioni nei primi nove mesi del 2024, gli occhi sono puntati sull&#8217;Intelligenza Artificiale (AI) come [&hellip;]","og_url":"https:\/\/www.bellunopress.it\/fr\/2025\/09\/02\/crisi-nella-moda-veneta-gli-algoritmi-anti-crisi-conquistano-la-riviera-del-brenta\/","og_site_name":"Bellunopress - Dolomiti","article_publisher":"https:\/\/www.facebook.com\/profile.php?id=100008943462799","article_published_time":"2025-09-02T12:11:05+00:00","og_image":[{"width":1000,"height":750,"url":"https:\/\/www.bellunopress.it\/wp-content\/uploads\/2022\/06\/villa-Foscarini-Rossi-Assemblea-Anfao_edited.jpg","type":"image\/jpeg"}],"author":"redazione","twitter_card":"summary_large_image","twitter_creator":"@bellunopress","twitter_site":"@bellunopress","twitter_misc":{"\u00c9crit par":"redazione","Dur\u00e9e de lecture estim\u00e9e":"2 minutes"},"schema":{"@context":"https:\/\/schema.org","@graph":[{"@type":"Article","@id":"https:\/\/www.bellunopress.it\/2025\/09\/02\/crisi-nella-moda-veneta-gli-algoritmi-anti-crisi-conquistano-la-riviera-del-brenta\/#article","isPartOf":{"@id":"https:\/\/www.bellunopress.it\/2025\/09\/02\/crisi-nella-moda-veneta-gli-algoritmi-anti-crisi-conquistano-la-riviera-del-brenta\/"},"author":{"name":"redazione","@id":"https:\/\/www.bellunopress.it\/#\/schema\/person\/79bb06722b37ece1c03d3e94beb30d73"},"headline":"Crisi nella moda veneta? Gli algoritmi anti.crisi conquistano la Riviera del Brenta","datePublished":"2025-09-02T12:11:05+00:00","mainEntityOfPage":{"@id":"https:\/\/www.bellunopress.it\/2025\/09\/02\/crisi-nella-moda-veneta-gli-algoritmi-anti-crisi-conquistano-la-riviera-del-brenta\/"},"wordCount":453,"publisher":{"@id":"https:\/\/www.bellunopress.it\/#organization"},"image":{"@id":"https:\/\/www.bellunopress.it\/2025\/09\/02\/crisi-nella-moda-veneta-gli-algoritmi-anti-crisi-conquistano-la-riviera-del-brenta\/#primaryimage"},"thumbnailUrl":"https:\/\/www.bellunopress.it\/wp-content\/uploads\/2022\/06\/villa-Foscarini-Rossi-Assemblea-Anfao_edited.jpg","articleSection":["Lavoro, Economia, Turismo","Prima Pagina"],"inLanguage":"fr-FR"},{"@type":"WebPage","@id":"https:\/\/www.bellunopress.it\/2025\/09\/02\/crisi-nella-moda-veneta-gli-algoritmi-anti-crisi-conquistano-la-riviera-del-brenta\/","url":"https:\/\/www.bellunopress.it\/2025\/09\/02\/crisi-nella-moda-veneta-gli-algoritmi-anti-crisi-conquistano-la-riviera-del-brenta\/","name":"Crisi nella moda veneta? Gli algoritmi anti.crisi conquistano la Riviera del Brenta - Bellunopress - Dolomiti","isPartOf":{"@id":"https:\/\/www.bellunopress.it\/#website"},"primaryImageOfPage":{"@id":"https:\/\/www.bellunopress.it\/2025\/09\/02\/crisi-nella-moda-veneta-gli-algoritmi-anti-crisi-conquistano-la-riviera-del-brenta\/#primaryimage"},"image":{"@id":"https:\/\/www.bellunopress.it\/2025\/09\/02\/crisi-nella-moda-veneta-gli-algoritmi-anti-crisi-conquistano-la-riviera-del-brenta\/#primaryimage"},"thumbnailUrl":"https:\/\/www.bellunopress.it\/wp-content\/uploads\/2022\/06\/villa-Foscarini-Rossi-Assemblea-Anfao_edited.jpg","datePublished":"2025-09-02T12:11:05+00:00","breadcrumb":{"@id":"https:\/\/www.bellunopress.it\/2025\/09\/02\/crisi-nella-moda-veneta-gli-algoritmi-anti-crisi-conquistano-la-riviera-del-brenta\/#breadcrumb"},"inLanguage":"fr-FR","potentialAction":[{"@type":"ReadAction","target":["https:\/\/www.bellunopress.it\/2025\/09\/02\/crisi-nella-moda-veneta-gli-algoritmi-anti-crisi-conquistano-la-riviera-del-brenta\/"]}]},{"@type":"ImageObject","inLanguage":"fr-FR","@id":"https:\/\/www.bellunopress.it\/2025\/09\/02\/crisi-nella-moda-veneta-gli-algoritmi-anti-crisi-conquistano-la-riviera-del-brenta\/#primaryimage","url":"https:\/\/www.bellunopress.it\/wp-content\/uploads\/2022\/06\/villa-Foscarini-Rossi-Assemblea-Anfao_edited.jpg","contentUrl":"https:\/\/www.bellunopress.it\/wp-content\/uploads\/2022\/06\/villa-Foscarini-Rossi-Assemblea-Anfao_edited.jpg","width":1000,"height":750},{"@type":"BreadcrumbList","@id":"https:\/\/www.bellunopress.it\/2025\/09\/02\/crisi-nella-moda-veneta-gli-algoritmi-anti-crisi-conquistano-la-riviera-del-brenta\/#breadcrumb","itemListElement":[{"@type":"ListItem","position":1,"name":"Home","item":"https:\/\/www.bellunopress.it\/"},{"@type":"ListItem","position":2,"name":"Crisi nella moda veneta? Gli algoritmi anti.crisi conquistano la Riviera del Brenta"}]},{"@type":"WebSite","@id":"https:\/\/www.bellunopress.it\/#website","url":"https:\/\/www.bellunopress.it\/","name":"Bellunopress - Dolomiti","description":"e-mail: redazione@bellunopress.it","publisher":{"@id":"https:\/\/www.bellunopress.it\/#organization"},"potentialAction":[{"@type":"SearchAction","target":{"@type":"EntryPoint","urlTemplate":"https:\/\/www.bellunopress.it\/?s={search_term_string}"},"query-input":{"@type":"PropertyValueSpecification","valueRequired":true,"valueName":"search_term_string"}}],"inLanguage":"fr-FR"},{"@type":"Organization","@id":"https:\/\/www.bellunopress.it\/#organization","name":"Bellunopress","url":"https:\/\/www.bellunopress.it\/","logo":{"@type":"ImageObject","inLanguage":"fr-FR","@id":"https:\/\/www.bellunopress.it\/#\/schema\/logo\/image\/","url":"https:\/\/www.bellunopress.it\/wp-content\/uploads\/2011\/05\/cropped-logo-bellunopress-.jpg","contentUrl":"https:\/\/www.bellunopress.it\/wp-content\/uploads\/2011\/05\/cropped-logo-bellunopress-.jpg","width":512,"height":512,"caption":"Bellunopress"},"image":{"@id":"https:\/\/www.bellunopress.it\/#\/schema\/logo\/image\/"},"sameAs":["https:\/\/www.facebook.com\/profile.php?id=100008943462799","https:\/\/x.com\/bellunopress","https:\/\/www.linkedin.com\/hp\/?dnr=JBzUWaJfMUw8vbXJJ2tVW5-I3jZKvC4wsoxE&amp;amp;amp;amp;amp;amp;trk=nav_responsive_tab_home","https:\/\/www.youtube.com\/channel\/UCxL0wu1uN0_3_7hGG0306cw"]},{"@type":"Person","@id":"https:\/\/www.bellunopress.it\/#\/schema\/person\/79bb06722b37ece1c03d3e94beb30d73","name":"r\u00e9daction","image":{"@type":"ImageObject","inLanguage":"fr-FR","@id":"https:\/\/secure.gravatar.com\/avatar\/37d968a2e67a6fd04c169c4bdef102d0bc5d31b2546345219e348575eb80e9a0?s=96&d=mm&r=g","url":"https:\/\/secure.gravatar.com\/avatar\/37d968a2e67a6fd04c169c4bdef102d0bc5d31b2546345219e348575eb80e9a0?s=96&d=mm&r=g","contentUrl":"https:\/\/secure.gravatar.com\/avatar\/37d968a2e67a6fd04c169c4bdef102d0bc5d31b2546345219e348575eb80e9a0?s=96&d=mm&r=g","caption":"redazione"},"sameAs":["http:\/\/www.bellunopress.it","https:\/\/x.com\/bellunopress"],"url":"https:\/\/www.bellunopress.it\/fr\/author\/redazione\/"}]}},"_links":{"self":[{"href":"https:\/\/www.bellunopress.it\/fr\/wp-json\/wp\/v2\/posts\/162962","targetHints":{"allow":["GET"]}}],"collection":[{"href":"https:\/\/www.bellunopress.it\/fr\/wp-json\/wp\/v2\/posts"}],"about":[{"href":"https:\/\/www.bellunopress.it\/fr\/wp-json\/wp\/v2\/types\/post"}],"author":[{"embeddable":true,"href":"https:\/\/www.bellunopress.it\/fr\/wp-json\/wp\/v2\/users\/2"}],"replies":[{"embeddable":true,"href":"https:\/\/www.bellunopress.it\/fr\/wp-json\/wp\/v2\/comments?post=162962"}],"version-history":[{"count":1,"href":"https:\/\/www.bellunopress.it\/fr\/wp-json\/wp\/v2\/posts\/162962\/revisions"}],"predecessor-version":[{"id":162964,"href":"https:\/\/www.bellunopress.it\/fr\/wp-json\/wp\/v2\/posts\/162962\/revisions\/162964"}],"wp:featuredmedia":[{"embeddable":true,"href":"https:\/\/www.bellunopress.it\/fr\/wp-json\/wp\/v2\/media\/134590"}],"wp:attachment":[{"href":"https:\/\/www.bellunopress.it\/fr\/wp-json\/wp\/v2\/media?parent=162962"}],"wp:term":[{"taxonomy":"category","embeddable":true,"href":"https:\/\/www.bellunopress.it\/fr\/wp-json\/wp\/v2\/categories?post=162962"},{"taxonomy":"post_tag","embeddable":true,"href":"https:\/\/www.bellunopress.it\/fr\/wp-json\/wp\/v2\/tags?post=162962"}],"curies":[{"name":"wp","href":"https:\/\/api.w.org\/{rel}","templated":true}]}}