{"id":162934,"date":"2025-09-01T13:34:13","date_gmt":"2025-09-01T11:34:13","guid":{"rendered":"https:\/\/www.bellunopress.it\/?p=162934"},"modified":"2025-09-01T13:34:13","modified_gmt":"2025-09-01T11:34:13","slug":"confartigianato-imprese-belluno-ricorda-roberto-bonan","status":"publish","type":"post","link":"https:\/\/www.bellunopress.it\/fr\/2025\/09\/01\/confartigianato-imprese-belluno-ricorda-roberto-bonan\/","title":{"rendered":"Confartigianato Imprese Belluno ricorda Roberto Bonan"},"content":{"rendered":"<figure id=\"attachment_162935\" aria-describedby=\"caption-attachment-162935\" style=\"width: 800px\" class=\"wp-caption aligncenter\"><img loading=\"lazy\" decoding=\"async\" class=\"size-full wp-image-162935\" src=\"https:\/\/www.bellunopress.it\/wp-content\/uploads\/2025\/09\/Teatro-Comunale-di-Belluno-29-marzo-2025-Roberto-Bonan-con-il-fratello-Renzo-la-presidente-di-Confartigianato-Belluno-Claudia-Scarzanella-il-vicepresidente-Gino-dInca-e-il-direttore-Michele-Basso.jpg\" alt=\"\" width=\"800\" height=\"601\" srcset=\"https:\/\/www.bellunopress.it\/wp-content\/uploads\/2025\/09\/Teatro-Comunale-di-Belluno-29-marzo-2025-Roberto-Bonan-con-il-fratello-Renzo-la-presidente-di-Confartigianato-Belluno-Claudia-Scarzanella-il-vicepresidente-Gino-dInca-e-il-direttore-Michele-Basso.jpg 800w, https:\/\/www.bellunopress.it\/wp-content\/uploads\/2025\/09\/Teatro-Comunale-di-Belluno-29-marzo-2025-Roberto-Bonan-con-il-fratello-Renzo-la-presidente-di-Confartigianato-Belluno-Claudia-Scarzanella-il-vicepresidente-Gino-dInca-e-il-direttore-Michele-Basso-500x376.jpg 500w, https:\/\/www.bellunopress.it\/wp-content\/uploads\/2025\/09\/Teatro-Comunale-di-Belluno-29-marzo-2025-Roberto-Bonan-con-il-fratello-Renzo-la-presidente-di-Confartigianato-Belluno-Claudia-Scarzanella-il-vicepresidente-Gino-dInca-e-il-direttore-Michele-Basso-559x420.jpg 559w, https:\/\/www.bellunopress.it\/wp-content\/uploads\/2025\/09\/Teatro-Comunale-di-Belluno-29-marzo-2025-Roberto-Bonan-con-il-fratello-Renzo-la-presidente-di-Confartigianato-Belluno-Claudia-Scarzanella-il-vicepresidente-Gino-dInca-e-il-direttore-Michele-Basso-80x60.jpg 80w, https:\/\/www.bellunopress.it\/wp-content\/uploads\/2025\/09\/Teatro-Comunale-di-Belluno-29-marzo-2025-Roberto-Bonan-con-il-fratello-Renzo-la-presidente-di-Confartigianato-Belluno-Claudia-Scarzanella-il-vicepresidente-Gino-dInca-e-il-direttore-Michele-Basso-696x523.jpg 696w\" sizes=\"auto, (max-width: 800px) 100vw, 800px\" \/><figcaption id=\"caption-attachment-162935\" class=\"wp-caption-text\">Teatro Comunale di Belluno, 29 marzo 2025: Roberto Bonan con il fratello Renzo, la presidente di Confartigianato Belluno Claudia Scarzanella, il vicepresidente Gino d&#8217;Inc\u00e0 e il direttore Michele Basso<\/figcaption><\/figure>\n<p>&#8220;Abbiamo ancora negli occhi la sua emozione e la soddisfazione alla cerimonia per il 70\u00b0 della nostra associazione, quando il 29 marzo scorso sal\u00ec sul palco del teatro Buzzati di Belluno a ricevere il nostro attestato&#8221;.<br \/>\nLa presidente di Confartigianato Imprese Belluno Claudia Scarzanella e il vicepresidente Gino D&#8217;Inc\u00e0 ricordano con commozione Roberto Bonan, titolare con il fratello Renzo della &#8220;Autotrasporti Bonan&#8221; di Pedavena, impresa artigiana attiva da 70 anni, prematuramente scomparso sabato scorso.<\/p>\n<p>&#8220;Un uomo appassionato del proprio lavoro, che si dedicava comunque alla vita della comunit\u00e0 anche attraverso la partecipazione alla vita sportiva. La dimostrazione di come noi artigiani viviamo il territorio ben oltre la nostra sola attivit\u00e0 imprenditoriale. Ci uniamo al dolore dei suoi familiari, confidando che il suo esempio non cada nel vuoto&#8221;.<\/p>\n<p>&nbsp;<\/p>\n<p>&nbsp;<\/p>","protected":false},"excerpt":{"rendered":"<p>&#8220;Abbiamo ancora negli occhi la sua emozione e la soddisfazione alla cerimonia per il 70\u00b0 della nostra associazione, quando il 29 marzo scorso sal\u00ec sul palco del teatro Buzzati di Belluno a ricevere il nostro attestato&#8221;. La presidente di Confartigianato Imprese Belluno Claudia Scarzanella e il vicepresidente Gino D&#8217;Inc\u00e0 ricordano con commozione Roberto Bonan, titolare [&hellip;]<\/p>\n","protected":false},"author":2,"featured_media":162935,"comment_status":"closed","ping_status":"open","sticky":false,"template":"","format":"standard","meta":{"footnotes":""},"categories":[36],"tags":[],"class_list":["post-162934","post","type-post","status-publish","format-standard","has-post-thumbnail","category-lavoro-economia"],"yoast_head":"<!-- This site is optimized with the Yoast SEO plugin v28.4 - https:\/\/yoast.com\/product\/yoast-seo-wordpress\/ -->\n<title>Confartigianato Imprese Belluno ricorda Roberto Bonan - Bellunopress - Dolomiti<\/title>\n<meta name=\"robots\" content=\"index, follow, max-snippet:-1, max-image-preview:large, max-video-preview:-1\" \/>\n<link rel=\"canonical\" href=\"https:\/\/www.bellunopress.it\/fr\/2025\/09\/01\/confartigianato-imprese-belluno-ricorda-roberto-bonan\/\" \/>\n<meta property=\"og:locale\" content=\"fr_FR\" \/>\n<meta property=\"og:type\" content=\"article\" \/>\n<meta property=\"og:title\" content=\"Confartigianato Imprese Belluno ricorda Roberto Bonan - Bellunopress - Dolomiti\" \/>\n<meta property=\"og:description\" content=\"&#8220;Abbiamo ancora negli occhi la sua emozione e la soddisfazione alla cerimonia per il 70\u00b0 della nostra associazione, quando il 29 marzo scorso sal\u00ec sul palco del teatro Buzzati di Belluno a ricevere il nostro attestato&#8221;. La presidente di Confartigianato Imprese Belluno Claudia Scarzanella e il vicepresidente Gino D&#8217;Inc\u00e0 ricordano con commozione Roberto Bonan, titolare [&hellip;]\" \/>\n<meta property=\"og:url\" content=\"https:\/\/www.bellunopress.it\/fr\/2025\/09\/01\/confartigianato-imprese-belluno-ricorda-roberto-bonan\/\" \/>\n<meta property=\"og:site_name\" content=\"Bellunopress - Dolomiti\" \/>\n<meta property=\"article:publisher\" content=\"https:\/\/www.facebook.com\/profile.php?id=100008943462799\" \/>\n<meta property=\"article:published_time\" content=\"2025-09-01T11:34:13+00:00\" \/>\n<meta property=\"og:image\" content=\"https:\/\/www.bellunopress.it\/wp-content\/uploads\/2025\/09\/Teatro-Comunale-di-Belluno-29-marzo-2025-Roberto-Bonan-con-il-fratello-Renzo-la-presidente-di-Confartigianato-Belluno-Claudia-Scarzanella-il-vicepresidente-Gino-dInca-e-il-direttore-Michele-Basso.jpg\" \/>\n\t<meta property=\"og:image:width\" content=\"800\" \/>\n\t<meta property=\"og:image:height\" content=\"601\" \/>\n\t<meta property=\"og:image:type\" content=\"image\/jpeg\" \/>\n<meta name=\"author\" content=\"redazione\" \/>\n<meta name=\"twitter:card\" content=\"summary_large_image\" \/>\n<meta name=\"twitter:creator\" content=\"@bellunopress\" \/>\n<meta name=\"twitter:site\" content=\"@bellunopress\" \/>\n<meta name=\"twitter:label1\" content=\"\u00c9crit par\" \/>\n\t<meta name=\"twitter:data1\" content=\"redazione\" \/>\n\t<meta name=\"twitter:label2\" content=\"Dur\u00e9e de lecture estim\u00e9e\" \/>\n\t<meta name=\"twitter:data2\" content=\"1 minute\" \/>\n<script type=\"application\/ld+json\" class=\"yoast-schema-graph\">{\"@context\":\"https:\\\/\\\/schema.org\",\"@graph\":[{\"@type\":\"Article\",\"@id\":\"https:\\\/\\\/www.bellunopress.it\\\/2025\\\/09\\\/01\\\/confartigianato-imprese-belluno-ricorda-roberto-bonan\\\/#article\",\"isPartOf\":{\"@id\":\"https:\\\/\\\/www.bellunopress.it\\\/2025\\\/09\\\/01\\\/confartigianato-imprese-belluno-ricorda-roberto-bonan\\\/\"},\"author\":{\"name\":\"redazione\",\"@id\":\"https:\\\/\\\/www.bellunopress.it\\\/#\\\/schema\\\/person\\\/79bb06722b37ece1c03d3e94beb30d73\"},\"headline\":\"Confartigianato Imprese Belluno ricorda Roberto Bonan\",\"datePublished\":\"2025-09-01T11:34:13+00:00\",\"mainEntityOfPage\":{\"@id\":\"https:\\\/\\\/www.bellunopress.it\\\/2025\\\/09\\\/01\\\/confartigianato-imprese-belluno-ricorda-roberto-bonan\\\/\"},\"wordCount\":168,\"publisher\":{\"@id\":\"https:\\\/\\\/www.bellunopress.it\\\/#organization\"},\"image\":{\"@id\":\"https:\\\/\\\/www.bellunopress.it\\\/2025\\\/09\\\/01\\\/confartigianato-imprese-belluno-ricorda-roberto-bonan\\\/#primaryimage\"},\"thumbnailUrl\":\"https:\\\/\\\/www.bellunopress.it\\\/wp-content\\\/uploads\\\/2025\\\/09\\\/Teatro-Comunale-di-Belluno-29-marzo-2025-Roberto-Bonan-con-il-fratello-Renzo-la-presidente-di-Confartigianato-Belluno-Claudia-Scarzanella-il-vicepresidente-Gino-dInca-e-il-direttore-Michele-Basso.jpg\",\"articleSection\":[\"Lavoro, Economia, Turismo\"],\"inLanguage\":\"fr-FR\"},{\"@type\":\"WebPage\",\"@id\":\"https:\\\/\\\/www.bellunopress.it\\\/2025\\\/09\\\/01\\\/confartigianato-imprese-belluno-ricorda-roberto-bonan\\\/\",\"url\":\"https:\\\/\\\/www.bellunopress.it\\\/2025\\\/09\\\/01\\\/confartigianato-imprese-belluno-ricorda-roberto-bonan\\\/\",\"name\":\"Confartigianato Imprese Belluno ricorda Roberto Bonan - Bellunopress - Dolomiti\",\"isPartOf\":{\"@id\":\"https:\\\/\\\/www.bellunopress.it\\\/#website\"},\"primaryImageOfPage\":{\"@id\":\"https:\\\/\\\/www.bellunopress.it\\\/2025\\\/09\\\/01\\\/confartigianato-imprese-belluno-ricorda-roberto-bonan\\\/#primaryimage\"},\"image\":{\"@id\":\"https:\\\/\\\/www.bellunopress.it\\\/2025\\\/09\\\/01\\\/confartigianato-imprese-belluno-ricorda-roberto-bonan\\\/#primaryimage\"},\"thumbnailUrl\":\"https:\\\/\\\/www.bellunopress.it\\\/wp-content\\\/uploads\\\/2025\\\/09\\\/Teatro-Comunale-di-Belluno-29-marzo-2025-Roberto-Bonan-con-il-fratello-Renzo-la-presidente-di-Confartigianato-Belluno-Claudia-Scarzanella-il-vicepresidente-Gino-dInca-e-il-direttore-Michele-Basso.jpg\",\"datePublished\":\"2025-09-01T11:34:13+00:00\",\"breadcrumb\":{\"@id\":\"https:\\\/\\\/www.bellunopress.it\\\/2025\\\/09\\\/01\\\/confartigianato-imprese-belluno-ricorda-roberto-bonan\\\/#breadcrumb\"},\"inLanguage\":\"fr-FR\",\"potentialAction\":[{\"@type\":\"ReadAction\",\"target\":[\"https:\\\/\\\/www.bellunopress.it\\\/2025\\\/09\\\/01\\\/confartigianato-imprese-belluno-ricorda-roberto-bonan\\\/\"]}]},{\"@type\":\"ImageObject\",\"inLanguage\":\"fr-FR\",\"@id\":\"https:\\\/\\\/www.bellunopress.it\\\/2025\\\/09\\\/01\\\/confartigianato-imprese-belluno-ricorda-roberto-bonan\\\/#primaryimage\",\"url\":\"https:\\\/\\\/www.bellunopress.it\\\/wp-content\\\/uploads\\\/2025\\\/09\\\/Teatro-Comunale-di-Belluno-29-marzo-2025-Roberto-Bonan-con-il-fratello-Renzo-la-presidente-di-Confartigianato-Belluno-Claudia-Scarzanella-il-vicepresidente-Gino-dInca-e-il-direttore-Michele-Basso.jpg\",\"contentUrl\":\"https:\\\/\\\/www.bellunopress.it\\\/wp-content\\\/uploads\\\/2025\\\/09\\\/Teatro-Comunale-di-Belluno-29-marzo-2025-Roberto-Bonan-con-il-fratello-Renzo-la-presidente-di-Confartigianato-Belluno-Claudia-Scarzanella-il-vicepresidente-Gino-dInca-e-il-direttore-Michele-Basso.jpg\",\"width\":800,\"height\":601,\"caption\":\"Teatro Comunale di Belluno, 29 marzo 2025: Roberto Bonan con il fratello Renzo, la presidente di Confartigianato Belluno Claudia Scarzanella, il vicepresidente Gino d'Inc\u00e0 e il direttore Michele Basso\"},{\"@type\":\"BreadcrumbList\",\"@id\":\"https:\\\/\\\/www.bellunopress.it\\\/2025\\\/09\\\/01\\\/confartigianato-imprese-belluno-ricorda-roberto-bonan\\\/#breadcrumb\",\"itemListElement\":[{\"@type\":\"ListItem\",\"position\":1,\"name\":\"Home\",\"item\":\"https:\\\/\\\/www.bellunopress.it\\\/\"},{\"@type\":\"ListItem\",\"position\":2,\"name\":\"Confartigianato Imprese Belluno ricorda Roberto Bonan\"}]},{\"@type\":\"WebSite\",\"@id\":\"https:\\\/\\\/www.bellunopress.it\\\/#website\",\"url\":\"https:\\\/\\\/www.bellunopress.it\\\/\",\"name\":\"Bellunopress - Dolomiti\",\"description\":\"e-mail: redazione@bellunopress.it\",\"publisher\":{\"@id\":\"https:\\\/\\\/www.bellunopress.it\\\/#organization\"},\"potentialAction\":[{\"@type\":\"SearchAction\",\"target\":{\"@type\":\"EntryPoint\",\"urlTemplate\":\"https:\\\/\\\/www.bellunopress.it\\\/?s={search_term_string}\"},\"query-input\":{\"@type\":\"PropertyValueSpecification\",\"valueRequired\":true,\"valueName\":\"search_term_string\"}}],\"inLanguage\":\"fr-FR\"},{\"@type\":\"Organization\",\"@id\":\"https:\\\/\\\/www.bellunopress.it\\\/#organization\",\"name\":\"Bellunopress\",\"url\":\"https:\\\/\\\/www.bellunopress.it\\\/\",\"logo\":{\"@type\":\"ImageObject\",\"inLanguage\":\"fr-FR\",\"@id\":\"https:\\\/\\\/www.bellunopress.it\\\/#\\\/schema\\\/logo\\\/image\\\/\",\"url\":\"https:\\\/\\\/www.bellunopress.it\\\/wp-content\\\/uploads\\\/2011\\\/05\\\/cropped-logo-bellunopress-.jpg\",\"contentUrl\":\"https:\\\/\\\/www.bellunopress.it\\\/wp-content\\\/uploads\\\/2011\\\/05\\\/cropped-logo-bellunopress-.jpg\",\"width\":512,\"height\":512,\"caption\":\"Bellunopress\"},\"image\":{\"@id\":\"https:\\\/\\\/www.bellunopress.it\\\/#\\\/schema\\\/logo\\\/image\\\/\"},\"sameAs\":[\"https:\\\/\\\/www.facebook.com\\\/profile.php?id=100008943462799\",\"https:\\\/\\\/x.com\\\/bellunopress\",\"https:\\\/\\\/www.linkedin.com\\\/hp\\\/?dnr=JBzUWaJfMUw8vbXJJ2tVW5-I3jZKvC4wsoxE&amp;amp;amp;amp;amp;amp;trk=nav_responsive_tab_home\",\"https:\\\/\\\/www.youtube.com\\\/channel\\\/UCxL0wu1uN0_3_7hGG0306cw\"]},{\"@type\":\"Person\",\"@id\":\"https:\\\/\\\/www.bellunopress.it\\\/#\\\/schema\\\/person\\\/79bb06722b37ece1c03d3e94beb30d73\",\"name\":\"redazione\",\"image\":{\"@type\":\"ImageObject\",\"inLanguage\":\"fr-FR\",\"@id\":\"https:\\\/\\\/secure.gravatar.com\\\/avatar\\\/37d968a2e67a6fd04c169c4bdef102d0bc5d31b2546345219e348575eb80e9a0?s=96&d=mm&r=g\",\"url\":\"https:\\\/\\\/secure.gravatar.com\\\/avatar\\\/37d968a2e67a6fd04c169c4bdef102d0bc5d31b2546345219e348575eb80e9a0?s=96&d=mm&r=g\",\"contentUrl\":\"https:\\\/\\\/secure.gravatar.com\\\/avatar\\\/37d968a2e67a6fd04c169c4bdef102d0bc5d31b2546345219e348575eb80e9a0?s=96&d=mm&r=g\",\"caption\":\"redazione\"},\"sameAs\":[\"http:\\\/\\\/www.bellunopress.it\",\"https:\\\/\\\/x.com\\\/bellunopress\"],\"url\":\"https:\\\/\\\/www.bellunopress.it\\\/fr\\\/author\\\/redazione\\\/\"}]}<\/script>\n<!-- \/ Yoast SEO plugin. -->","yoast_head_json":{"title":"Confartigianato Imprese Belluno ricorda Roberto Bonan - Bellunopress - Dolomiti","robots":{"index":"index","follow":"follow","max-snippet":"max-snippet:-1","max-image-preview":"max-image-preview:large","max-video-preview":"max-video-preview:-1"},"canonical":"https:\/\/www.bellunopress.it\/fr\/2025\/09\/01\/confartigianato-imprese-belluno-ricorda-roberto-bonan\/","og_locale":"fr_FR","og_type":"article","og_title":"Confartigianato Imprese Belluno ricorda Roberto Bonan - Bellunopress - Dolomiti","og_description":"&#8220;Abbiamo ancora negli occhi la sua emozione e la soddisfazione alla cerimonia per il 70\u00b0 della nostra associazione, quando il 29 marzo scorso sal\u00ec sul palco del teatro Buzzati di Belluno a ricevere il nostro attestato&#8221;. La presidente di Confartigianato Imprese Belluno Claudia Scarzanella e il vicepresidente Gino D&#8217;Inc\u00e0 ricordano con commozione Roberto Bonan, titolare [&hellip;]","og_url":"https:\/\/www.bellunopress.it\/fr\/2025\/09\/01\/confartigianato-imprese-belluno-ricorda-roberto-bonan\/","og_site_name":"Bellunopress - Dolomiti","article_publisher":"https:\/\/www.facebook.com\/profile.php?id=100008943462799","article_published_time":"2025-09-01T11:34:13+00:00","og_image":[{"width":800,"height":601,"url":"https:\/\/www.bellunopress.it\/wp-content\/uploads\/2025\/09\/Teatro-Comunale-di-Belluno-29-marzo-2025-Roberto-Bonan-con-il-fratello-Renzo-la-presidente-di-Confartigianato-Belluno-Claudia-Scarzanella-il-vicepresidente-Gino-dInca-e-il-direttore-Michele-Basso.jpg","type":"image\/jpeg"}],"author":"redazione","twitter_card":"summary_large_image","twitter_creator":"@bellunopress","twitter_site":"@bellunopress","twitter_misc":{"\u00c9crit par":"redazione","Dur\u00e9e de lecture estim\u00e9e":"1 minute"},"schema":{"@context":"https:\/\/schema.org","@graph":[{"@type":"Article","@id":"https:\/\/www.bellunopress.it\/2025\/09\/01\/confartigianato-imprese-belluno-ricorda-roberto-bonan\/#article","isPartOf":{"@id":"https:\/\/www.bellunopress.it\/2025\/09\/01\/confartigianato-imprese-belluno-ricorda-roberto-bonan\/"},"author":{"name":"redazione","@id":"https:\/\/www.bellunopress.it\/#\/schema\/person\/79bb06722b37ece1c03d3e94beb30d73"},"headline":"Confartigianato Imprese Belluno ricorda Roberto Bonan","datePublished":"2025-09-01T11:34:13+00:00","mainEntityOfPage":{"@id":"https:\/\/www.bellunopress.it\/2025\/09\/01\/confartigianato-imprese-belluno-ricorda-roberto-bonan\/"},"wordCount":168,"publisher":{"@id":"https:\/\/www.bellunopress.it\/#organization"},"image":{"@id":"https:\/\/www.bellunopress.it\/2025\/09\/01\/confartigianato-imprese-belluno-ricorda-roberto-bonan\/#primaryimage"},"thumbnailUrl":"https:\/\/www.bellunopress.it\/wp-content\/uploads\/2025\/09\/Teatro-Comunale-di-Belluno-29-marzo-2025-Roberto-Bonan-con-il-fratello-Renzo-la-presidente-di-Confartigianato-Belluno-Claudia-Scarzanella-il-vicepresidente-Gino-dInca-e-il-direttore-Michele-Basso.jpg","articleSection":["Lavoro, Economia, Turismo"],"inLanguage":"fr-FR"},{"@type":"WebPage","@id":"https:\/\/www.bellunopress.it\/2025\/09\/01\/confartigianato-imprese-belluno-ricorda-roberto-bonan\/","url":"https:\/\/www.bellunopress.it\/2025\/09\/01\/confartigianato-imprese-belluno-ricorda-roberto-bonan\/","name":"Confartigianato Imprese Belluno ricorda Roberto Bonan - Bellunopress - Dolomiti","isPartOf":{"@id":"https:\/\/www.bellunopress.it\/#website"},"primaryImageOfPage":{"@id":"https:\/\/www.bellunopress.it\/2025\/09\/01\/confartigianato-imprese-belluno-ricorda-roberto-bonan\/#primaryimage"},"image":{"@id":"https:\/\/www.bellunopress.it\/2025\/09\/01\/confartigianato-imprese-belluno-ricorda-roberto-bonan\/#primaryimage"},"thumbnailUrl":"https:\/\/www.bellunopress.it\/wp-content\/uploads\/2025\/09\/Teatro-Comunale-di-Belluno-29-marzo-2025-Roberto-Bonan-con-il-fratello-Renzo-la-presidente-di-Confartigianato-Belluno-Claudia-Scarzanella-il-vicepresidente-Gino-dInca-e-il-direttore-Michele-Basso.jpg","datePublished":"2025-09-01T11:34:13+00:00","breadcrumb":{"@id":"https:\/\/www.bellunopress.it\/2025\/09\/01\/confartigianato-imprese-belluno-ricorda-roberto-bonan\/#breadcrumb"},"inLanguage":"fr-FR","potentialAction":[{"@type":"ReadAction","target":["https:\/\/www.bellunopress.it\/2025\/09\/01\/confartigianato-imprese-belluno-ricorda-roberto-bonan\/"]}]},{"@type":"ImageObject","inLanguage":"fr-FR","@id":"https:\/\/www.bellunopress.it\/2025\/09\/01\/confartigianato-imprese-belluno-ricorda-roberto-bonan\/#primaryimage","url":"https:\/\/www.bellunopress.it\/wp-content\/uploads\/2025\/09\/Teatro-Comunale-di-Belluno-29-marzo-2025-Roberto-Bonan-con-il-fratello-Renzo-la-presidente-di-Confartigianato-Belluno-Claudia-Scarzanella-il-vicepresidente-Gino-dInca-e-il-direttore-Michele-Basso.jpg","contentUrl":"https:\/\/www.bellunopress.it\/wp-content\/uploads\/2025\/09\/Teatro-Comunale-di-Belluno-29-marzo-2025-Roberto-Bonan-con-il-fratello-Renzo-la-presidente-di-Confartigianato-Belluno-Claudia-Scarzanella-il-vicepresidente-Gino-dInca-e-il-direttore-Michele-Basso.jpg","width":800,"height":601,"caption":"Teatro Comunale di Belluno, 29 marzo 2025: Roberto Bonan con il fratello Renzo, la presidente di Confartigianato Belluno Claudia Scarzanella, il vicepresidente Gino d'Inc\u00e0 e il direttore Michele Basso"},{"@type":"BreadcrumbList","@id":"https:\/\/www.bellunopress.it\/2025\/09\/01\/confartigianato-imprese-belluno-ricorda-roberto-bonan\/#breadcrumb","itemListElement":[{"@type":"ListItem","position":1,"name":"Home","item":"https:\/\/www.bellunopress.it\/"},{"@type":"ListItem","position":2,"name":"Confartigianato Imprese Belluno ricorda Roberto Bonan"}]},{"@type":"WebSite","@id":"https:\/\/www.bellunopress.it\/#website","url":"https:\/\/www.bellunopress.it\/","name":"Bellunopress - Dolomiti","description":"e-mail: redazione@bellunopress.it","publisher":{"@id":"https:\/\/www.bellunopress.it\/#organization"},"potentialAction":[{"@type":"SearchAction","target":{"@type":"EntryPoint","urlTemplate":"https:\/\/www.bellunopress.it\/?s={search_term_string}"},"query-input":{"@type":"PropertyValueSpecification","valueRequired":true,"valueName":"search_term_string"}}],"inLanguage":"fr-FR"},{"@type":"Organization","@id":"https:\/\/www.bellunopress.it\/#organization","name":"Bellunopress","url":"https:\/\/www.bellunopress.it\/","logo":{"@type":"ImageObject","inLanguage":"fr-FR","@id":"https:\/\/www.bellunopress.it\/#\/schema\/logo\/image\/","url":"https:\/\/www.bellunopress.it\/wp-content\/uploads\/2011\/05\/cropped-logo-bellunopress-.jpg","contentUrl":"https:\/\/www.bellunopress.it\/wp-content\/uploads\/2011\/05\/cropped-logo-bellunopress-.jpg","width":512,"height":512,"caption":"Bellunopress"},"image":{"@id":"https:\/\/www.bellunopress.it\/#\/schema\/logo\/image\/"},"sameAs":["https:\/\/www.facebook.com\/profile.php?id=100008943462799","https:\/\/x.com\/bellunopress","https:\/\/www.linkedin.com\/hp\/?dnr=JBzUWaJfMUw8vbXJJ2tVW5-I3jZKvC4wsoxE&amp;amp;amp;amp;amp;amp;trk=nav_responsive_tab_home","https:\/\/www.youtube.com\/channel\/UCxL0wu1uN0_3_7hGG0306cw"]},{"@type":"Person","@id":"https:\/\/www.bellunopress.it\/#\/schema\/person\/79bb06722b37ece1c03d3e94beb30d73","name":"r\u00e9daction","image":{"@type":"ImageObject","inLanguage":"fr-FR","@id":"https:\/\/secure.gravatar.com\/avatar\/37d968a2e67a6fd04c169c4bdef102d0bc5d31b2546345219e348575eb80e9a0?s=96&d=mm&r=g","url":"https:\/\/secure.gravatar.com\/avatar\/37d968a2e67a6fd04c169c4bdef102d0bc5d31b2546345219e348575eb80e9a0?s=96&d=mm&r=g","contentUrl":"https:\/\/secure.gravatar.com\/avatar\/37d968a2e67a6fd04c169c4bdef102d0bc5d31b2546345219e348575eb80e9a0?s=96&d=mm&r=g","caption":"redazione"},"sameAs":["http:\/\/www.bellunopress.it","https:\/\/x.com\/bellunopress"],"url":"https:\/\/www.bellunopress.it\/fr\/author\/redazione\/"}]}},"_links":{"self":[{"href":"https:\/\/www.bellunopress.it\/fr\/wp-json\/wp\/v2\/posts\/162934","targetHints":{"allow":["GET"]}}],"collection":[{"href":"https:\/\/www.bellunopress.it\/fr\/wp-json\/wp\/v2\/posts"}],"about":[{"href":"https:\/\/www.bellunopress.it\/fr\/wp-json\/wp\/v2\/types\/post"}],"author":[{"embeddable":true,"href":"https:\/\/www.bellunopress.it\/fr\/wp-json\/wp\/v2\/users\/2"}],"replies":[{"embeddable":true,"href":"https:\/\/www.bellunopress.it\/fr\/wp-json\/wp\/v2\/comments?post=162934"}],"version-history":[{"count":1,"href":"https:\/\/www.bellunopress.it\/fr\/wp-json\/wp\/v2\/posts\/162934\/revisions"}],"predecessor-version":[{"id":162936,"href":"https:\/\/www.bellunopress.it\/fr\/wp-json\/wp\/v2\/posts\/162934\/revisions\/162936"}],"wp:featuredmedia":[{"embeddable":true,"href":"https:\/\/www.bellunopress.it\/fr\/wp-json\/wp\/v2\/media\/162935"}],"wp:attachment":[{"href":"https:\/\/www.bellunopress.it\/fr\/wp-json\/wp\/v2\/media?parent=162934"}],"wp:term":[{"taxonomy":"category","embeddable":true,"href":"https:\/\/www.bellunopress.it\/fr\/wp-json\/wp\/v2\/categories?post=162934"},{"taxonomy":"post_tag","embeddable":true,"href":"https:\/\/www.bellunopress.it\/fr\/wp-json\/wp\/v2\/tags?post=162934"}],"curies":[{"name":"wp","href":"https:\/\/api.w.org\/{rel}","templated":true}]}}