{"id":162926,"date":"2025-08-31T13:24:54","date_gmt":"2025-08-31T11:24:54","guid":{"rendered":"https:\/\/www.bellunopress.it\/?p=162926"},"modified":"2025-08-31T13:24:54","modified_gmt":"2025-08-31T11:24:54","slug":"prossimi-appuntamenti-con-i-mercoledi-della-salute-a-feltre","status":"publish","type":"post","link":"https:\/\/www.bellunopress.it\/fr\/2025\/08\/31\/prossimi-appuntamenti-con-i-mercoledi-della-salute-a-feltre\/","title":{"rendered":"Prossimi appuntamenti con \u201cI Mercoled\u00ec della Salute\u201d a Feltre"},"content":{"rendered":"<p><img loading=\"lazy\" decoding=\"async\" class=\"aligncenter size-full wp-image-84065\" src=\"https:\/\/www.bellunopress.it\/wp-content\/uploads\/2017\/02\/ulss-1-dolomiti.jpg\" alt=\"\" width=\"214\" height=\"110\" \/>Prosegue il ciclo di incontri informativi \u201cI Mercoled\u00ec della Salute\u201d, organizzati dall\u2019Ulss Dolomiti e aperti a tutta la cittadinanza, per approfondire con i professionisti alcune tematiche legate alla promozione della salute e alla prevenzione.<\/p>\n<p><strong>I prossimi due appuntamenti:<\/strong><\/p>\n<p>\u2022 Mercoled\u00ec 3 settembre 2025 alle 17.30 nella sala convegni dell\u2019ospedale di Feltre si terr\u00e0 l\u2019incontro dal titolo \u201cObesit\u00e0, alimentazione e chirurgia: un percorso integrato per la salute\u201d. Durante l\u2019incontro si parler\u00e0 di:<\/p>\n<p>\u2022 Una presa in carico integrata<br \/>\nValentia Pastega, Medicina Generale Feltre<\/p>\n<p>\u2022 Mangiare bene per vivere meglio: prevenzione e gestione dell\u2019obesit\u00e0<br \/>\nSilvia Spada, Servizio Dietetica Feltre e Simona D&#8217;Ippolito, Psicologia Ospedaliera<\/p>\n<p>\u2022 Quando la chirurgia \u00e8 una cura: indicazioni, percorso e risultati<br \/>\nFederico Coppa, Direttore Chirurgia Generale Feltre<\/p>\n<p>Dopo un\u2019introduzione dedicata alle cause, alle patologie correlate all\u2019obesit\u00e0 e ai percorsi di presa in carico, seguir\u00e0 una parte dedicata al ruolo dell\u2019alimentazione nel controllo del peso e delle patologie associate, parlando dell\u2019importanza di un\u2019alimentazione sana, attraverso semplici accorgimenti nutrizionali. Si parler\u00e0, infine, di chirurgia bariatrica evidenziando indicazioni e benefici del trattamento chirurgico per la cura dell&#8217;obesit\u00e0 grave e illustrando le tipologie di interventi chirurgici ed il percorso postoperatorio.<\/p>\n<p>\u2022 Mercoled\u00ec 17 settembre 2025 alle 17.30 nella sala convegni dell\u2019ospedale di Feltre si terr\u00e0 un incontro dal titolo: \u201cRicordarsi di chi si dimentica: un focus sulle demenze\u201d.<\/p>\n<p>L\u2019incontro vuole essere un\u2019occasione per avvicinare la cittadinanza al tema dei disturbi neurocognitivi. Con Roberta Padoan &#8211; medico neurologo della Neurologia di Feltre, Francesca De Biasi &#8211; responsabile della Psicologia Ospedaliera e Daniela Dal Zotto &#8211; infermiera case manager del Centro per i Disturbi Cognitivi e le Demenze di Feltre, si parler\u00e0 di prevenzione e diagnosi, dei percorsi cura e presa in carico dei pazienti fragili e delle loro famiglie.<\/p>\n<p>Sar\u00e0 possibile seguire gli incontri anche da remoto collegandosi al link:<br \/>\nmeet.google.com\/mua-kqoi-wfc<\/p>\n<p>Per informazioni \u00e8 possibile scrivere alla mail: guadagnare.salute@aulss1.veneto.it<\/p>\n<p>&nbsp;<\/p>","protected":false},"excerpt":{"rendered":"<p>Prosegue il ciclo di incontri informativi \u201cI Mercoled\u00ec della Salute\u201d, organizzati dall\u2019Ulss Dolomiti e aperti a tutta la cittadinanza, per approfondire con i professionisti alcune tematiche legate alla promozione della salute e alla prevenzione. I prossimi due appuntamenti: \u2022 Mercoled\u00ec 3 settembre 2025 alle 17.30 nella sala convegni dell\u2019ospedale di Feltre si terr\u00e0 l\u2019incontro dal [&hellip;]<\/p>\n","protected":false},"author":2,"featured_media":122834,"comment_status":"closed","ping_status":"open","sticky":false,"template":"","format":"standard","meta":{"footnotes":""},"categories":[17],"tags":[],"class_list":["post-162926","post","type-post","status-publish","format-standard","has-post-thumbnail","category-sanita"],"yoast_head":"<!-- This site is optimized with the Yoast SEO plugin v28.4 - https:\/\/yoast.com\/product\/yoast-seo-wordpress\/ -->\n<title>Prossimi appuntamenti con \u201cI Mercoled\u00ec della Salute\u201d a Feltre - Bellunopress - Dolomiti<\/title>\n<meta name=\"robots\" content=\"index, follow, max-snippet:-1, max-image-preview:large, max-video-preview:-1\" \/>\n<link rel=\"canonical\" href=\"https:\/\/www.bellunopress.it\/fr\/2025\/08\/31\/prossimi-appuntamenti-con-i-mercoledi-della-salute-a-feltre\/\" \/>\n<meta property=\"og:locale\" content=\"fr_FR\" \/>\n<meta property=\"og:type\" content=\"article\" \/>\n<meta property=\"og:title\" content=\"Prossimi appuntamenti con \u201cI Mercoled\u00ec della Salute\u201d a Feltre - Bellunopress - Dolomiti\" \/>\n<meta property=\"og:description\" content=\"Prosegue il ciclo di incontri informativi \u201cI Mercoled\u00ec della Salute\u201d, organizzati dall\u2019Ulss Dolomiti e aperti a tutta la cittadinanza, per approfondire con i professionisti alcune tematiche legate alla promozione della salute e alla prevenzione. I prossimi due appuntamenti: \u2022 Mercoled\u00ec 3 settembre 2025 alle 17.30 nella sala convegni dell\u2019ospedale di Feltre si terr\u00e0 l\u2019incontro dal [&hellip;]\" \/>\n<meta property=\"og:url\" content=\"https:\/\/www.bellunopress.it\/fr\/2025\/08\/31\/prossimi-appuntamenti-con-i-mercoledi-della-salute-a-feltre\/\" \/>\n<meta property=\"og:site_name\" content=\"Bellunopress - Dolomiti\" \/>\n<meta property=\"article:publisher\" content=\"https:\/\/www.facebook.com\/profile.php?id=100008943462799\" \/>\n<meta property=\"article:published_time\" content=\"2025-08-31T11:24:54+00:00\" \/>\n<meta property=\"og:image\" content=\"https:\/\/www.bellunopress.it\/wp-content\/uploads\/2021\/03\/Ulss-Dolomiti_edited.jpg\" \/>\n\t<meta property=\"og:image:width\" content=\"900\" \/>\n\t<meta property=\"og:image:height\" content=\"900\" \/>\n\t<meta property=\"og:image:type\" content=\"image\/jpeg\" \/>\n<meta name=\"author\" content=\"redazione\" \/>\n<meta name=\"twitter:card\" content=\"summary_large_image\" \/>\n<meta name=\"twitter:creator\" content=\"@bellunopress\" \/>\n<meta name=\"twitter:site\" content=\"@bellunopress\" \/>\n<meta name=\"twitter:label1\" content=\"\u00c9crit par\" \/>\n\t<meta name=\"twitter:data1\" content=\"redazione\" \/>\n\t<meta name=\"twitter:label2\" content=\"Dur\u00e9e de lecture estim\u00e9e\" \/>\n\t<meta name=\"twitter:data2\" content=\"2 minutes\" \/>\n<script type=\"application\/ld+json\" class=\"yoast-schema-graph\">{\"@context\":\"https:\\\/\\\/schema.org\",\"@graph\":[{\"@type\":\"Article\",\"@id\":\"https:\\\/\\\/www.bellunopress.it\\\/2025\\\/08\\\/31\\\/prossimi-appuntamenti-con-i-mercoledi-della-salute-a-feltre\\\/#article\",\"isPartOf\":{\"@id\":\"https:\\\/\\\/www.bellunopress.it\\\/2025\\\/08\\\/31\\\/prossimi-appuntamenti-con-i-mercoledi-della-salute-a-feltre\\\/\"},\"author\":{\"name\":\"redazione\",\"@id\":\"https:\\\/\\\/www.bellunopress.it\\\/#\\\/schema\\\/person\\\/79bb06722b37ece1c03d3e94beb30d73\"},\"headline\":\"Prossimi appuntamenti con \u201cI Mercoled\u00ec della Salute\u201d a Feltre\",\"datePublished\":\"2025-08-31T11:24:54+00:00\",\"mainEntityOfPage\":{\"@id\":\"https:\\\/\\\/www.bellunopress.it\\\/2025\\\/08\\\/31\\\/prossimi-appuntamenti-con-i-mercoledi-della-salute-a-feltre\\\/\"},\"wordCount\":325,\"publisher\":{\"@id\":\"https:\\\/\\\/www.bellunopress.it\\\/#organization\"},\"image\":{\"@id\":\"https:\\\/\\\/www.bellunopress.it\\\/2025\\\/08\\\/31\\\/prossimi-appuntamenti-con-i-mercoledi-della-salute-a-feltre\\\/#primaryimage\"},\"thumbnailUrl\":\"https:\\\/\\\/www.bellunopress.it\\\/wp-content\\\/uploads\\\/2021\\\/03\\\/Ulss-Dolomiti_edited.jpg\",\"articleSection\":[\"Sanit\u00e0 Medicina\"],\"inLanguage\":\"fr-FR\"},{\"@type\":\"WebPage\",\"@id\":\"https:\\\/\\\/www.bellunopress.it\\\/2025\\\/08\\\/31\\\/prossimi-appuntamenti-con-i-mercoledi-della-salute-a-feltre\\\/\",\"url\":\"https:\\\/\\\/www.bellunopress.it\\\/2025\\\/08\\\/31\\\/prossimi-appuntamenti-con-i-mercoledi-della-salute-a-feltre\\\/\",\"name\":\"Prossimi appuntamenti con \u201cI Mercoled\u00ec della Salute\u201d a Feltre - Bellunopress - Dolomiti\",\"isPartOf\":{\"@id\":\"https:\\\/\\\/www.bellunopress.it\\\/#website\"},\"primaryImageOfPage\":{\"@id\":\"https:\\\/\\\/www.bellunopress.it\\\/2025\\\/08\\\/31\\\/prossimi-appuntamenti-con-i-mercoledi-della-salute-a-feltre\\\/#primaryimage\"},\"image\":{\"@id\":\"https:\\\/\\\/www.bellunopress.it\\\/2025\\\/08\\\/31\\\/prossimi-appuntamenti-con-i-mercoledi-della-salute-a-feltre\\\/#primaryimage\"},\"thumbnailUrl\":\"https:\\\/\\\/www.bellunopress.it\\\/wp-content\\\/uploads\\\/2021\\\/03\\\/Ulss-Dolomiti_edited.jpg\",\"datePublished\":\"2025-08-31T11:24:54+00:00\",\"breadcrumb\":{\"@id\":\"https:\\\/\\\/www.bellunopress.it\\\/2025\\\/08\\\/31\\\/prossimi-appuntamenti-con-i-mercoledi-della-salute-a-feltre\\\/#breadcrumb\"},\"inLanguage\":\"fr-FR\",\"potentialAction\":[{\"@type\":\"ReadAction\",\"target\":[\"https:\\\/\\\/www.bellunopress.it\\\/2025\\\/08\\\/31\\\/prossimi-appuntamenti-con-i-mercoledi-della-salute-a-feltre\\\/\"]}]},{\"@type\":\"ImageObject\",\"inLanguage\":\"fr-FR\",\"@id\":\"https:\\\/\\\/www.bellunopress.it\\\/2025\\\/08\\\/31\\\/prossimi-appuntamenti-con-i-mercoledi-della-salute-a-feltre\\\/#primaryimage\",\"url\":\"https:\\\/\\\/www.bellunopress.it\\\/wp-content\\\/uploads\\\/2021\\\/03\\\/Ulss-Dolomiti_edited.jpg\",\"contentUrl\":\"https:\\\/\\\/www.bellunopress.it\\\/wp-content\\\/uploads\\\/2021\\\/03\\\/Ulss-Dolomiti_edited.jpg\",\"width\":900,\"height\":900},{\"@type\":\"BreadcrumbList\",\"@id\":\"https:\\\/\\\/www.bellunopress.it\\\/2025\\\/08\\\/31\\\/prossimi-appuntamenti-con-i-mercoledi-della-salute-a-feltre\\\/#breadcrumb\",\"itemListElement\":[{\"@type\":\"ListItem\",\"position\":1,\"name\":\"Home\",\"item\":\"https:\\\/\\\/www.bellunopress.it\\\/\"},{\"@type\":\"ListItem\",\"position\":2,\"name\":\"Prossimi appuntamenti con \u201cI Mercoled\u00ec della Salute\u201d a Feltre\"}]},{\"@type\":\"WebSite\",\"@id\":\"https:\\\/\\\/www.bellunopress.it\\\/#website\",\"url\":\"https:\\\/\\\/www.bellunopress.it\\\/\",\"name\":\"Bellunopress - Dolomiti\",\"description\":\"e-mail: redazione@bellunopress.it\",\"publisher\":{\"@id\":\"https:\\\/\\\/www.bellunopress.it\\\/#organization\"},\"potentialAction\":[{\"@type\":\"SearchAction\",\"target\":{\"@type\":\"EntryPoint\",\"urlTemplate\":\"https:\\\/\\\/www.bellunopress.it\\\/?s={search_term_string}\"},\"query-input\":{\"@type\":\"PropertyValueSpecification\",\"valueRequired\":true,\"valueName\":\"search_term_string\"}}],\"inLanguage\":\"fr-FR\"},{\"@type\":\"Organization\",\"@id\":\"https:\\\/\\\/www.bellunopress.it\\\/#organization\",\"name\":\"Bellunopress\",\"url\":\"https:\\\/\\\/www.bellunopress.it\\\/\",\"logo\":{\"@type\":\"ImageObject\",\"inLanguage\":\"fr-FR\",\"@id\":\"https:\\\/\\\/www.bellunopress.it\\\/#\\\/schema\\\/logo\\\/image\\\/\",\"url\":\"https:\\\/\\\/www.bellunopress.it\\\/wp-content\\\/uploads\\\/2011\\\/05\\\/cropped-logo-bellunopress-.jpg\",\"contentUrl\":\"https:\\\/\\\/www.bellunopress.it\\\/wp-content\\\/uploads\\\/2011\\\/05\\\/cropped-logo-bellunopress-.jpg\",\"width\":512,\"height\":512,\"caption\":\"Bellunopress\"},\"image\":{\"@id\":\"https:\\\/\\\/www.bellunopress.it\\\/#\\\/schema\\\/logo\\\/image\\\/\"},\"sameAs\":[\"https:\\\/\\\/www.facebook.com\\\/profile.php?id=100008943462799\",\"https:\\\/\\\/x.com\\\/bellunopress\",\"https:\\\/\\\/www.linkedin.com\\\/hp\\\/?dnr=JBzUWaJfMUw8vbXJJ2tVW5-I3jZKvC4wsoxE&amp;amp;amp;amp;amp;amp;trk=nav_responsive_tab_home\",\"https:\\\/\\\/www.youtube.com\\\/channel\\\/UCxL0wu1uN0_3_7hGG0306cw\"]},{\"@type\":\"Person\",\"@id\":\"https:\\\/\\\/www.bellunopress.it\\\/#\\\/schema\\\/person\\\/79bb06722b37ece1c03d3e94beb30d73\",\"name\":\"redazione\",\"image\":{\"@type\":\"ImageObject\",\"inLanguage\":\"fr-FR\",\"@id\":\"https:\\\/\\\/secure.gravatar.com\\\/avatar\\\/37d968a2e67a6fd04c169c4bdef102d0bc5d31b2546345219e348575eb80e9a0?s=96&d=mm&r=g\",\"url\":\"https:\\\/\\\/secure.gravatar.com\\\/avatar\\\/37d968a2e67a6fd04c169c4bdef102d0bc5d31b2546345219e348575eb80e9a0?s=96&d=mm&r=g\",\"contentUrl\":\"https:\\\/\\\/secure.gravatar.com\\\/avatar\\\/37d968a2e67a6fd04c169c4bdef102d0bc5d31b2546345219e348575eb80e9a0?s=96&d=mm&r=g\",\"caption\":\"redazione\"},\"sameAs\":[\"http:\\\/\\\/www.bellunopress.it\",\"https:\\\/\\\/x.com\\\/bellunopress\"],\"url\":\"https:\\\/\\\/www.bellunopress.it\\\/fr\\\/author\\\/redazione\\\/\"}]}<\/script>\n<!-- \/ Yoast SEO plugin. -->","yoast_head_json":{"title":"Prossimi appuntamenti con \u201cI Mercoled\u00ec della Salute\u201d a Feltre - Bellunopress - Dolomiti","robots":{"index":"index","follow":"follow","max-snippet":"max-snippet:-1","max-image-preview":"max-image-preview:large","max-video-preview":"max-video-preview:-1"},"canonical":"https:\/\/www.bellunopress.it\/fr\/2025\/08\/31\/prossimi-appuntamenti-con-i-mercoledi-della-salute-a-feltre\/","og_locale":"fr_FR","og_type":"article","og_title":"Prossimi appuntamenti con \u201cI Mercoled\u00ec della Salute\u201d a Feltre - Bellunopress - Dolomiti","og_description":"Prosegue il ciclo di incontri informativi \u201cI Mercoled\u00ec della Salute\u201d, organizzati dall\u2019Ulss Dolomiti e aperti a tutta la cittadinanza, per approfondire con i professionisti alcune tematiche legate alla promozione della salute e alla prevenzione. I prossimi due appuntamenti: \u2022 Mercoled\u00ec 3 settembre 2025 alle 17.30 nella sala convegni dell\u2019ospedale di Feltre si terr\u00e0 l\u2019incontro dal [&hellip;]","og_url":"https:\/\/www.bellunopress.it\/fr\/2025\/08\/31\/prossimi-appuntamenti-con-i-mercoledi-della-salute-a-feltre\/","og_site_name":"Bellunopress - Dolomiti","article_publisher":"https:\/\/www.facebook.com\/profile.php?id=100008943462799","article_published_time":"2025-08-31T11:24:54+00:00","og_image":[{"width":900,"height":900,"url":"https:\/\/www.bellunopress.it\/wp-content\/uploads\/2021\/03\/Ulss-Dolomiti_edited.jpg","type":"image\/jpeg"}],"author":"redazione","twitter_card":"summary_large_image","twitter_creator":"@bellunopress","twitter_site":"@bellunopress","twitter_misc":{"\u00c9crit par":"redazione","Dur\u00e9e de lecture estim\u00e9e":"2 minutes"},"schema":{"@context":"https:\/\/schema.org","@graph":[{"@type":"Article","@id":"https:\/\/www.bellunopress.it\/2025\/08\/31\/prossimi-appuntamenti-con-i-mercoledi-della-salute-a-feltre\/#article","isPartOf":{"@id":"https:\/\/www.bellunopress.it\/2025\/08\/31\/prossimi-appuntamenti-con-i-mercoledi-della-salute-a-feltre\/"},"author":{"name":"redazione","@id":"https:\/\/www.bellunopress.it\/#\/schema\/person\/79bb06722b37ece1c03d3e94beb30d73"},"headline":"Prossimi appuntamenti con \u201cI Mercoled\u00ec della Salute\u201d a Feltre","datePublished":"2025-08-31T11:24:54+00:00","mainEntityOfPage":{"@id":"https:\/\/www.bellunopress.it\/2025\/08\/31\/prossimi-appuntamenti-con-i-mercoledi-della-salute-a-feltre\/"},"wordCount":325,"publisher":{"@id":"https:\/\/www.bellunopress.it\/#organization"},"image":{"@id":"https:\/\/www.bellunopress.it\/2025\/08\/31\/prossimi-appuntamenti-con-i-mercoledi-della-salute-a-feltre\/#primaryimage"},"thumbnailUrl":"https:\/\/www.bellunopress.it\/wp-content\/uploads\/2021\/03\/Ulss-Dolomiti_edited.jpg","articleSection":["Sanit\u00e0 Medicina"],"inLanguage":"fr-FR"},{"@type":"WebPage","@id":"https:\/\/www.bellunopress.it\/2025\/08\/31\/prossimi-appuntamenti-con-i-mercoledi-della-salute-a-feltre\/","url":"https:\/\/www.bellunopress.it\/2025\/08\/31\/prossimi-appuntamenti-con-i-mercoledi-della-salute-a-feltre\/","name":"Prossimi appuntamenti con \u201cI Mercoled\u00ec della Salute\u201d a Feltre - Bellunopress - Dolomiti","isPartOf":{"@id":"https:\/\/www.bellunopress.it\/#website"},"primaryImageOfPage":{"@id":"https:\/\/www.bellunopress.it\/2025\/08\/31\/prossimi-appuntamenti-con-i-mercoledi-della-salute-a-feltre\/#primaryimage"},"image":{"@id":"https:\/\/www.bellunopress.it\/2025\/08\/31\/prossimi-appuntamenti-con-i-mercoledi-della-salute-a-feltre\/#primaryimage"},"thumbnailUrl":"https:\/\/www.bellunopress.it\/wp-content\/uploads\/2021\/03\/Ulss-Dolomiti_edited.jpg","datePublished":"2025-08-31T11:24:54+00:00","breadcrumb":{"@id":"https:\/\/www.bellunopress.it\/2025\/08\/31\/prossimi-appuntamenti-con-i-mercoledi-della-salute-a-feltre\/#breadcrumb"},"inLanguage":"fr-FR","potentialAction":[{"@type":"ReadAction","target":["https:\/\/www.bellunopress.it\/2025\/08\/31\/prossimi-appuntamenti-con-i-mercoledi-della-salute-a-feltre\/"]}]},{"@type":"ImageObject","inLanguage":"fr-FR","@id":"https:\/\/www.bellunopress.it\/2025\/08\/31\/prossimi-appuntamenti-con-i-mercoledi-della-salute-a-feltre\/#primaryimage","url":"https:\/\/www.bellunopress.it\/wp-content\/uploads\/2021\/03\/Ulss-Dolomiti_edited.jpg","contentUrl":"https:\/\/www.bellunopress.it\/wp-content\/uploads\/2021\/03\/Ulss-Dolomiti_edited.jpg","width":900,"height":900},{"@type":"BreadcrumbList","@id":"https:\/\/www.bellunopress.it\/2025\/08\/31\/prossimi-appuntamenti-con-i-mercoledi-della-salute-a-feltre\/#breadcrumb","itemListElement":[{"@type":"ListItem","position":1,"name":"Home","item":"https:\/\/www.bellunopress.it\/"},{"@type":"ListItem","position":2,"name":"Prossimi appuntamenti con \u201cI Mercoled\u00ec della Salute\u201d a Feltre"}]},{"@type":"WebSite","@id":"https:\/\/www.bellunopress.it\/#website","url":"https:\/\/www.bellunopress.it\/","name":"Bellunopress - Dolomiti","description":"e-mail: redazione@bellunopress.it","publisher":{"@id":"https:\/\/www.bellunopress.it\/#organization"},"potentialAction":[{"@type":"SearchAction","target":{"@type":"EntryPoint","urlTemplate":"https:\/\/www.bellunopress.it\/?s={search_term_string}"},"query-input":{"@type":"PropertyValueSpecification","valueRequired":true,"valueName":"search_term_string"}}],"inLanguage":"fr-FR"},{"@type":"Organization","@id":"https:\/\/www.bellunopress.it\/#organization","name":"Bellunopress","url":"https:\/\/www.bellunopress.it\/","logo":{"@type":"ImageObject","inLanguage":"fr-FR","@id":"https:\/\/www.bellunopress.it\/#\/schema\/logo\/image\/","url":"https:\/\/www.bellunopress.it\/wp-content\/uploads\/2011\/05\/cropped-logo-bellunopress-.jpg","contentUrl":"https:\/\/www.bellunopress.it\/wp-content\/uploads\/2011\/05\/cropped-logo-bellunopress-.jpg","width":512,"height":512,"caption":"Bellunopress"},"image":{"@id":"https:\/\/www.bellunopress.it\/#\/schema\/logo\/image\/"},"sameAs":["https:\/\/www.facebook.com\/profile.php?id=100008943462799","https:\/\/x.com\/bellunopress","https:\/\/www.linkedin.com\/hp\/?dnr=JBzUWaJfMUw8vbXJJ2tVW5-I3jZKvC4wsoxE&amp;amp;amp;amp;amp;amp;trk=nav_responsive_tab_home","https:\/\/www.youtube.com\/channel\/UCxL0wu1uN0_3_7hGG0306cw"]},{"@type":"Person","@id":"https:\/\/www.bellunopress.it\/#\/schema\/person\/79bb06722b37ece1c03d3e94beb30d73","name":"r\u00e9daction","image":{"@type":"ImageObject","inLanguage":"fr-FR","@id":"https:\/\/secure.gravatar.com\/avatar\/37d968a2e67a6fd04c169c4bdef102d0bc5d31b2546345219e348575eb80e9a0?s=96&d=mm&r=g","url":"https:\/\/secure.gravatar.com\/avatar\/37d968a2e67a6fd04c169c4bdef102d0bc5d31b2546345219e348575eb80e9a0?s=96&d=mm&r=g","contentUrl":"https:\/\/secure.gravatar.com\/avatar\/37d968a2e67a6fd04c169c4bdef102d0bc5d31b2546345219e348575eb80e9a0?s=96&d=mm&r=g","caption":"redazione"},"sameAs":["http:\/\/www.bellunopress.it","https:\/\/x.com\/bellunopress"],"url":"https:\/\/www.bellunopress.it\/fr\/author\/redazione\/"}]}},"_links":{"self":[{"href":"https:\/\/www.bellunopress.it\/fr\/wp-json\/wp\/v2\/posts\/162926","targetHints":{"allow":["GET"]}}],"collection":[{"href":"https:\/\/www.bellunopress.it\/fr\/wp-json\/wp\/v2\/posts"}],"about":[{"href":"https:\/\/www.bellunopress.it\/fr\/wp-json\/wp\/v2\/types\/post"}],"author":[{"embeddable":true,"href":"https:\/\/www.bellunopress.it\/fr\/wp-json\/wp\/v2\/users\/2"}],"replies":[{"embeddable":true,"href":"https:\/\/www.bellunopress.it\/fr\/wp-json\/wp\/v2\/comments?post=162926"}],"version-history":[{"count":1,"href":"https:\/\/www.bellunopress.it\/fr\/wp-json\/wp\/v2\/posts\/162926\/revisions"}],"predecessor-version":[{"id":162927,"href":"https:\/\/www.bellunopress.it\/fr\/wp-json\/wp\/v2\/posts\/162926\/revisions\/162927"}],"wp:featuredmedia":[{"embeddable":true,"href":"https:\/\/www.bellunopress.it\/fr\/wp-json\/wp\/v2\/media\/122834"}],"wp:attachment":[{"href":"https:\/\/www.bellunopress.it\/fr\/wp-json\/wp\/v2\/media?parent=162926"}],"wp:term":[{"taxonomy":"category","embeddable":true,"href":"https:\/\/www.bellunopress.it\/fr\/wp-json\/wp\/v2\/categories?post=162926"},{"taxonomy":"post_tag","embeddable":true,"href":"https:\/\/www.bellunopress.it\/fr\/wp-json\/wp\/v2\/tags?post=162926"}],"curies":[{"name":"wp","href":"https:\/\/api.w.org\/{rel}","templated":true}]}}