{"id":162921,"date":"2025-08-31T13:37:47","date_gmt":"2025-08-31T11:37:47","guid":{"rendered":"https:\/\/www.bellunopress.it\/?p=162921"},"modified":"2025-08-31T20:26:57","modified_gmt":"2025-08-31T18:26:57","slug":"grave-alpinista-caduto-sulla-normale-alla-cima-grande-di-lavaredo","status":"publish","type":"post","link":"https:\/\/www.bellunopress.it\/fr\/2025\/08\/31\/grave-alpinista-caduto-sulla-normale-alla-cima-grande-di-lavaredo\/","title":{"rendered":"Grave alpinista caduto sulla normale alla Cima Grande di Lavaredo. Numerosi interventi domenica 31 agosto"},"content":{"rendered":"<figure id=\"attachment_144528\" aria-describedby=\"caption-attachment-144528\" style=\"width: 1000px\" class=\"wp-caption aligncenter\"><img loading=\"lazy\" decoding=\"async\" class=\"size-full wp-image-144528\" src=\"https:\/\/www.bellunopress.it\/wp-content\/uploads\/2023\/09\/Tre-Cime-di-Lavaredo_edited.jpg\" alt=\"\" width=\"1000\" height=\"613\" srcset=\"https:\/\/www.bellunopress.it\/wp-content\/uploads\/2023\/09\/Tre-Cime-di-Lavaredo_edited.jpg 1000w, https:\/\/www.bellunopress.it\/wp-content\/uploads\/2023\/09\/Tre-Cime-di-Lavaredo_edited-500x307.jpg 500w, https:\/\/www.bellunopress.it\/wp-content\/uploads\/2023\/09\/Tre-Cime-di-Lavaredo_edited-696x427.jpg 696w\" sizes=\"auto, (max-width: 1000px) 100vw, 1000px\" \/><figcaption id=\"caption-attachment-144528\" class=\"wp-caption-text\">Tre Cime di Lavaredo<\/figcaption><\/figure>\n<p>Belluno, 31 &#8211; 08 &#8211; 2025\u00a0 Sono numerosi gli interventi registrati in questa ultima domenica di agosto. A seguito della chiamata del compagno di una escursionista che si era fatta male, Falco 2 \u00e8 intervenuta sul sentiero 472, tra Forcella Staulanza e il Rifugio Venezia. La 32enne di Alpago, che aveva riportato la sospetta frattura della tibia dopo aver messo male un piede, \u00e8 stata raggiunta all&#8217;altezza del Pelmetto dal tecnico di elisoccorso, dal medico e dall&#8217;infermiera, calati con 30 metri di verricello. Caricata in barella, la donna \u00e8 stata recuperata a trasportata all&#8217;ospedale di Belluno.<\/p>\n<p>Falco 2 \u00e8 poi stato inviato in Marmolada, dove sotto il tunnel di Serauta, nel tratto intermedio della funivia, un uomo di Merano di 37 anni, che stava scendendo con le catenelle agli scarponi, era scivolato sul pendio ghiacciato, ruzzolando per 250 metri. Scesi in hovering nelle vicinanze, i soccorritori gli hanno prestato le prime cure per un probabile politrauma. Caricato in barella, l&#8217;infortunato, che era da solo, \u00e8 stato caricato a bordo e portato a Belluno. Falco \u00e8 invece intervenuto 100 metri sotto il Rifugio Dal Piaz, per un ciclista di 56 anni Venezia di caduto con la mountain bike. L&#8217;uomo stava salendo, ha perso l&#8217;equilibrio ed \u00e8 finito nella scarpata laterale, alcuni metri pi\u00f9 sotto. Sbarcati con il verricello, equipe medica e tecnico di elisoccorso ne hanno valutato le condizioni: aveva un taglio sul gomito e varie escoriazioni. L&#8217;infortunato \u00e8 stato accompagnato all&#8217;ospedale di Feltre.<\/p>\n<p>Cortina d&#8217;Ampezzo (BL), 31 &#8211; 08 &#8211; 2025\u00a0 \u00a0Un&#8217;escursionista \u00e8 stata colta da malore durante il giro della Tofana di Rozes, che stava ultimando con un gruppo di sei persone. A lanciare l&#8217;allarme al 118 verso le 18.20 una dei componenti. Dalla descrizione del luogo delle informazioni iniziali, prima che la comitiva risultasse irraggiungibile, si ipotizzava il gruppo si trovasse all&#8217;uscita della Scaletta del Meneghel. Invece quando la Centrale \u00e8 riuscita a geolocalizzare la posizione, si \u00e8 appurato che stavano percorrendo il sentiero numero 403. Falco \u00e8 quindi decollato in quella direzione, per recuperare la 23enne di Piove di Sacco (PD) e trasportarla all&#8217;ospedale di Pieve di Cadore per gli accertamenti del caso. I compagni hanno proseguito verso il Rifugio Giussani.<\/p>\n<p>Belluno, 31 &#8211; 08 &#8211; 2025\u00a0 \u00a0Passate le 13 Falco 2 \u00e8 stato inviato a Cortina d&#8217;Ampezzo, per un escursionista colpito a un piede da un sasso, mentre si trovava sotto la Forcella, nei pressi del laghetto di fusione, tra le due Tofane maggiori. Il 45enne di Foss\u00f2 \u00e8 stato recuperato dal tecnico di elisoccorso, sbarcato con un verricello di 20 metri, e trasportato in ospedale.<\/p>\n<p>Il Soccorso alpino della Val Biois, impegnato nell&#8217;assistenza alla gara Vertical 107, \u00e8 intervenuto per un uomo che si era sentito poco bene alle Buse di Falcade. Le condizioni del 79enne sono state verificate dall&#8217;infermiera della Stazione. L&#8217;anziano \u00e8 stato poi accompagnato al rendez vous con l&#8217;ambulanza della Croce Verde.<\/p>\n<p>Attorno alle 15.30 la Centrale del 118 \u00e8 stata attivata su richiesta dei Vigili del fuoco, per un uomo che, diretto alla propria Baita in localit\u00e0 Pra Alto a Vodo di Cadore, non aveva pi\u00f9 dato notizie di s\u00e9 da mezzogiorno. Attivato il Soccorso alpino di San Vito di Cadore, \u00e8 poi arrivata la notizia che la moglie aveva rinvenuto il 74enne di Borca di Cadore nei dintorni della Baita, seduto a terra con segni di malessere. Poich\u00e9 il luogo non era raggiungibile con i mezzi, una squadra di 7 tecnici si \u00e8 portata sul posto in supporto ai Vigili del fuoco, ha trasferito l&#8217;uomo sulla barella e lo ha trasportato per circa 800 metri fino all&#8217;ambulanza.<\/p>\n<p>Il Soccorso alpino di Cortina \u00e8 stato allertato per una signora caduta dalla carrozzina nella zona di Malga Ra Stua. Una squadra della Guardia di finanza si \u00e8 quindi diretta sul posto. La 63enne di Messina, che era in compagnia, \u00e8 stata quindi portata all&#8217;ambulanza per le verifiche del caso.<\/p>\n<p>Auronzo di Cadore (BL), 31 &#8211; 08 &#8211; 2025\u00a0 \u00a0Sono gravi le condizioni di un alpinista caduto nella parte iniziale della via normale alla Cima Grande di Lavaredo. A lanciare l&#8217;allarme, verso le 8.10, altre persone che avevano assistito all&#8217;incidente. Il 53enne di Velturno, che si trovava con un&#8217;altra persona, \u00e8 ruzzolato una quindicina di metri, sbattendo la testa e riportando un poitrauma. Sul posto in due rotazioni, tra la Piramide e la Grande, sono stati calati tecnico di elisoccorso ed equipe medica che hanno prestato le prime cure urgenti all&#8217;infortunato. L&#8217;uomo, che era cosciente, \u00e8 stato imbarellato, recuperato con un verricello di 75 metri e trasportato all&#8217;ospedale di Treviso. Ad aiutare l&#8217;equipaggio un soccorritore casualmente sul posto. La persona che era assieme al ferito \u00e8 stata riaccompagnata indietro da un alpinista presente.<\/p>","protected":false},"excerpt":{"rendered":"<p>Belluno, 31 &#8211; 08 &#8211; 2025\u00a0 Sono numerosi gli interventi registrati in questa ultima domenica di agosto. A seguito della chiamata del compagno di una escursionista che si era fatta male, Falco 2 \u00e8 intervenuta sul sentiero 472, tra Forcella Staulanza e il Rifugio Venezia. La 32enne di Alpago, che aveva riportato la sospetta frattura [&hellip;]<\/p>\n","protected":false},"author":2,"featured_media":144528,"comment_status":"closed","ping_status":"open","sticky":false,"template":"","format":"standard","meta":{"footnotes":""},"categories":[5,26],"tags":[],"class_list":["post-162921","post","type-post","status-publish","format-standard","has-post-thumbnail","category-cronaca","category-prima-pagina"],"yoast_head":"<!-- This site is optimized with the Yoast SEO plugin v28.4 - https:\/\/yoast.com\/product\/yoast-seo-wordpress\/ -->\n<title>Grave alpinista caduto sulla normale alla Cima Grande di Lavaredo. Numerosi interventi domenica 31 agosto - Bellunopress - Dolomiti<\/title>\n<meta name=\"robots\" content=\"index, follow, max-snippet:-1, max-image-preview:large, max-video-preview:-1\" \/>\n<link rel=\"canonical\" href=\"https:\/\/www.bellunopress.it\/fr\/2025\/08\/31\/grave-alpinista-caduto-sulla-normale-alla-cima-grande-di-lavaredo\/\" \/>\n<meta property=\"og:locale\" content=\"fr_FR\" \/>\n<meta property=\"og:type\" content=\"article\" \/>\n<meta property=\"og:title\" content=\"Grave alpinista caduto sulla normale alla Cima Grande di Lavaredo. Numerosi interventi domenica 31 agosto - Bellunopress - Dolomiti\" \/>\n<meta property=\"og:description\" content=\"Belluno, 31 &#8211; 08 &#8211; 2025\u00a0 Sono numerosi gli interventi registrati in questa ultima domenica di agosto. A seguito della chiamata del compagno di una escursionista che si era fatta male, Falco 2 \u00e8 intervenuta sul sentiero 472, tra Forcella Staulanza e il Rifugio Venezia. La 32enne di Alpago, che aveva riportato la sospetta frattura [&hellip;]\" \/>\n<meta property=\"og:url\" content=\"https:\/\/www.bellunopress.it\/fr\/2025\/08\/31\/grave-alpinista-caduto-sulla-normale-alla-cima-grande-di-lavaredo\/\" \/>\n<meta property=\"og:site_name\" content=\"Bellunopress - Dolomiti\" \/>\n<meta property=\"article:publisher\" content=\"https:\/\/www.facebook.com\/profile.php?id=100008943462799\" \/>\n<meta property=\"article:published_time\" content=\"2025-08-31T11:37:47+00:00\" \/>\n<meta property=\"article:modified_time\" content=\"2025-08-31T18:26:57+00:00\" \/>\n<meta property=\"og:image\" content=\"https:\/\/www.bellunopress.it\/wp-content\/uploads\/2023\/09\/Tre-Cime-di-Lavaredo_edited.jpg\" \/>\n\t<meta property=\"og:image:width\" content=\"1000\" \/>\n\t<meta property=\"og:image:height\" content=\"613\" \/>\n\t<meta property=\"og:image:type\" content=\"image\/jpeg\" \/>\n<meta name=\"author\" content=\"redazione\" \/>\n<meta name=\"twitter:card\" content=\"summary_large_image\" \/>\n<meta name=\"twitter:creator\" content=\"@bellunopress\" \/>\n<meta name=\"twitter:site\" content=\"@bellunopress\" \/>\n<meta name=\"twitter:label1\" content=\"\u00c9crit par\" \/>\n\t<meta name=\"twitter:data1\" content=\"redazione\" \/>\n\t<meta name=\"twitter:label2\" content=\"Dur\u00e9e de lecture estim\u00e9e\" \/>\n\t<meta name=\"twitter:data2\" content=\"4 minutes\" \/>\n<script type=\"application\/ld+json\" class=\"yoast-schema-graph\">{\"@context\":\"https:\\\/\\\/schema.org\",\"@graph\":[{\"@type\":\"Article\",\"@id\":\"https:\\\/\\\/www.bellunopress.it\\\/2025\\\/08\\\/31\\\/grave-alpinista-caduto-sulla-normale-alla-cima-grande-di-lavaredo\\\/#article\",\"isPartOf\":{\"@id\":\"https:\\\/\\\/www.bellunopress.it\\\/2025\\\/08\\\/31\\\/grave-alpinista-caduto-sulla-normale-alla-cima-grande-di-lavaredo\\\/\"},\"author\":{\"name\":\"redazione\",\"@id\":\"https:\\\/\\\/www.bellunopress.it\\\/#\\\/schema\\\/person\\\/79bb06722b37ece1c03d3e94beb30d73\"},\"headline\":\"Grave alpinista caduto sulla normale alla Cima Grande di Lavaredo. Numerosi interventi domenica 31 agosto\",\"datePublished\":\"2025-08-31T11:37:47+00:00\",\"dateModified\":\"2025-08-31T18:26:57+00:00\",\"mainEntityOfPage\":{\"@id\":\"https:\\\/\\\/www.bellunopress.it\\\/2025\\\/08\\\/31\\\/grave-alpinista-caduto-sulla-normale-alla-cima-grande-di-lavaredo\\\/\"},\"wordCount\":775,\"publisher\":{\"@id\":\"https:\\\/\\\/www.bellunopress.it\\\/#organization\"},\"image\":{\"@id\":\"https:\\\/\\\/www.bellunopress.it\\\/2025\\\/08\\\/31\\\/grave-alpinista-caduto-sulla-normale-alla-cima-grande-di-lavaredo\\\/#primaryimage\"},\"thumbnailUrl\":\"https:\\\/\\\/www.bellunopress.it\\\/wp-content\\\/uploads\\\/2023\\\/09\\\/Tre-Cime-di-Lavaredo_edited.jpg\",\"articleSection\":[\"Cronaca\\\/Politica\",\"Prima Pagina\"],\"inLanguage\":\"fr-FR\"},{\"@type\":\"WebPage\",\"@id\":\"https:\\\/\\\/www.bellunopress.it\\\/2025\\\/08\\\/31\\\/grave-alpinista-caduto-sulla-normale-alla-cima-grande-di-lavaredo\\\/\",\"url\":\"https:\\\/\\\/www.bellunopress.it\\\/2025\\\/08\\\/31\\\/grave-alpinista-caduto-sulla-normale-alla-cima-grande-di-lavaredo\\\/\",\"name\":\"Grave alpinista caduto sulla normale alla Cima Grande di Lavaredo. Numerosi interventi domenica 31 agosto - Bellunopress - Dolomiti\",\"isPartOf\":{\"@id\":\"https:\\\/\\\/www.bellunopress.it\\\/#website\"},\"primaryImageOfPage\":{\"@id\":\"https:\\\/\\\/www.bellunopress.it\\\/2025\\\/08\\\/31\\\/grave-alpinista-caduto-sulla-normale-alla-cima-grande-di-lavaredo\\\/#primaryimage\"},\"image\":{\"@id\":\"https:\\\/\\\/www.bellunopress.it\\\/2025\\\/08\\\/31\\\/grave-alpinista-caduto-sulla-normale-alla-cima-grande-di-lavaredo\\\/#primaryimage\"},\"thumbnailUrl\":\"https:\\\/\\\/www.bellunopress.it\\\/wp-content\\\/uploads\\\/2023\\\/09\\\/Tre-Cime-di-Lavaredo_edited.jpg\",\"datePublished\":\"2025-08-31T11:37:47+00:00\",\"dateModified\":\"2025-08-31T18:26:57+00:00\",\"breadcrumb\":{\"@id\":\"https:\\\/\\\/www.bellunopress.it\\\/2025\\\/08\\\/31\\\/grave-alpinista-caduto-sulla-normale-alla-cima-grande-di-lavaredo\\\/#breadcrumb\"},\"inLanguage\":\"fr-FR\",\"potentialAction\":[{\"@type\":\"ReadAction\",\"target\":[\"https:\\\/\\\/www.bellunopress.it\\\/2025\\\/08\\\/31\\\/grave-alpinista-caduto-sulla-normale-alla-cima-grande-di-lavaredo\\\/\"]}]},{\"@type\":\"ImageObject\",\"inLanguage\":\"fr-FR\",\"@id\":\"https:\\\/\\\/www.bellunopress.it\\\/2025\\\/08\\\/31\\\/grave-alpinista-caduto-sulla-normale-alla-cima-grande-di-lavaredo\\\/#primaryimage\",\"url\":\"https:\\\/\\\/www.bellunopress.it\\\/wp-content\\\/uploads\\\/2023\\\/09\\\/Tre-Cime-di-Lavaredo_edited.jpg\",\"contentUrl\":\"https:\\\/\\\/www.bellunopress.it\\\/wp-content\\\/uploads\\\/2023\\\/09\\\/Tre-Cime-di-Lavaredo_edited.jpg\",\"width\":1000,\"height\":613,\"caption\":\"Tre Cime di Lavaredo\"},{\"@type\":\"BreadcrumbList\",\"@id\":\"https:\\\/\\\/www.bellunopress.it\\\/2025\\\/08\\\/31\\\/grave-alpinista-caduto-sulla-normale-alla-cima-grande-di-lavaredo\\\/#breadcrumb\",\"itemListElement\":[{\"@type\":\"ListItem\",\"position\":1,\"name\":\"Home\",\"item\":\"https:\\\/\\\/www.bellunopress.it\\\/\"},{\"@type\":\"ListItem\",\"position\":2,\"name\":\"Grave alpinista caduto sulla normale alla Cima Grande di Lavaredo. Numerosi interventi domenica 31 agosto\"}]},{\"@type\":\"WebSite\",\"@id\":\"https:\\\/\\\/www.bellunopress.it\\\/#website\",\"url\":\"https:\\\/\\\/www.bellunopress.it\\\/\",\"name\":\"Bellunopress - Dolomiti\",\"description\":\"e-mail: redazione@bellunopress.it\",\"publisher\":{\"@id\":\"https:\\\/\\\/www.bellunopress.it\\\/#organization\"},\"potentialAction\":[{\"@type\":\"SearchAction\",\"target\":{\"@type\":\"EntryPoint\",\"urlTemplate\":\"https:\\\/\\\/www.bellunopress.it\\\/?s={search_term_string}\"},\"query-input\":{\"@type\":\"PropertyValueSpecification\",\"valueRequired\":true,\"valueName\":\"search_term_string\"}}],\"inLanguage\":\"fr-FR\"},{\"@type\":\"Organization\",\"@id\":\"https:\\\/\\\/www.bellunopress.it\\\/#organization\",\"name\":\"Bellunopress\",\"url\":\"https:\\\/\\\/www.bellunopress.it\\\/\",\"logo\":{\"@type\":\"ImageObject\",\"inLanguage\":\"fr-FR\",\"@id\":\"https:\\\/\\\/www.bellunopress.it\\\/#\\\/schema\\\/logo\\\/image\\\/\",\"url\":\"https:\\\/\\\/www.bellunopress.it\\\/wp-content\\\/uploads\\\/2011\\\/05\\\/cropped-logo-bellunopress-.jpg\",\"contentUrl\":\"https:\\\/\\\/www.bellunopress.it\\\/wp-content\\\/uploads\\\/2011\\\/05\\\/cropped-logo-bellunopress-.jpg\",\"width\":512,\"height\":512,\"caption\":\"Bellunopress\"},\"image\":{\"@id\":\"https:\\\/\\\/www.bellunopress.it\\\/#\\\/schema\\\/logo\\\/image\\\/\"},\"sameAs\":[\"https:\\\/\\\/www.facebook.com\\\/profile.php?id=100008943462799\",\"https:\\\/\\\/x.com\\\/bellunopress\",\"https:\\\/\\\/www.linkedin.com\\\/hp\\\/?dnr=JBzUWaJfMUw8vbXJJ2tVW5-I3jZKvC4wsoxE&amp;amp;amp;amp;amp;amp;trk=nav_responsive_tab_home\",\"https:\\\/\\\/www.youtube.com\\\/channel\\\/UCxL0wu1uN0_3_7hGG0306cw\"]},{\"@type\":\"Person\",\"@id\":\"https:\\\/\\\/www.bellunopress.it\\\/#\\\/schema\\\/person\\\/79bb06722b37ece1c03d3e94beb30d73\",\"name\":\"redazione\",\"image\":{\"@type\":\"ImageObject\",\"inLanguage\":\"fr-FR\",\"@id\":\"https:\\\/\\\/secure.gravatar.com\\\/avatar\\\/37d968a2e67a6fd04c169c4bdef102d0bc5d31b2546345219e348575eb80e9a0?s=96&d=mm&r=g\",\"url\":\"https:\\\/\\\/secure.gravatar.com\\\/avatar\\\/37d968a2e67a6fd04c169c4bdef102d0bc5d31b2546345219e348575eb80e9a0?s=96&d=mm&r=g\",\"contentUrl\":\"https:\\\/\\\/secure.gravatar.com\\\/avatar\\\/37d968a2e67a6fd04c169c4bdef102d0bc5d31b2546345219e348575eb80e9a0?s=96&d=mm&r=g\",\"caption\":\"redazione\"},\"sameAs\":[\"http:\\\/\\\/www.bellunopress.it\",\"https:\\\/\\\/x.com\\\/bellunopress\"],\"url\":\"https:\\\/\\\/www.bellunopress.it\\\/fr\\\/author\\\/redazione\\\/\"}]}<\/script>\n<!-- \/ Yoast SEO plugin. -->","yoast_head_json":{"title":"Grave alpinista caduto sulla normale alla Cima Grande di Lavaredo. Numerosi interventi domenica 31 agosto - Bellunopress - Dolomiti","robots":{"index":"index","follow":"follow","max-snippet":"max-snippet:-1","max-image-preview":"max-image-preview:large","max-video-preview":"max-video-preview:-1"},"canonical":"https:\/\/www.bellunopress.it\/fr\/2025\/08\/31\/grave-alpinista-caduto-sulla-normale-alla-cima-grande-di-lavaredo\/","og_locale":"fr_FR","og_type":"article","og_title":"Grave alpinista caduto sulla normale alla Cima Grande di Lavaredo. Numerosi interventi domenica 31 agosto - Bellunopress - Dolomiti","og_description":"Belluno, 31 &#8211; 08 &#8211; 2025\u00a0 Sono numerosi gli interventi registrati in questa ultima domenica di agosto. A seguito della chiamata del compagno di una escursionista che si era fatta male, Falco 2 \u00e8 intervenuta sul sentiero 472, tra Forcella Staulanza e il Rifugio Venezia. La 32enne di Alpago, che aveva riportato la sospetta frattura [&hellip;]","og_url":"https:\/\/www.bellunopress.it\/fr\/2025\/08\/31\/grave-alpinista-caduto-sulla-normale-alla-cima-grande-di-lavaredo\/","og_site_name":"Bellunopress - Dolomiti","article_publisher":"https:\/\/www.facebook.com\/profile.php?id=100008943462799","article_published_time":"2025-08-31T11:37:47+00:00","article_modified_time":"2025-08-31T18:26:57+00:00","og_image":[{"width":1000,"height":613,"url":"https:\/\/www.bellunopress.it\/wp-content\/uploads\/2023\/09\/Tre-Cime-di-Lavaredo_edited.jpg","type":"image\/jpeg"}],"author":"redazione","twitter_card":"summary_large_image","twitter_creator":"@bellunopress","twitter_site":"@bellunopress","twitter_misc":{"\u00c9crit par":"redazione","Dur\u00e9e de lecture estim\u00e9e":"4 minutes"},"schema":{"@context":"https:\/\/schema.org","@graph":[{"@type":"Article","@id":"https:\/\/www.bellunopress.it\/2025\/08\/31\/grave-alpinista-caduto-sulla-normale-alla-cima-grande-di-lavaredo\/#article","isPartOf":{"@id":"https:\/\/www.bellunopress.it\/2025\/08\/31\/grave-alpinista-caduto-sulla-normale-alla-cima-grande-di-lavaredo\/"},"author":{"name":"redazione","@id":"https:\/\/www.bellunopress.it\/#\/schema\/person\/79bb06722b37ece1c03d3e94beb30d73"},"headline":"Grave alpinista caduto sulla normale alla Cima Grande di Lavaredo. Numerosi interventi domenica 31 agosto","datePublished":"2025-08-31T11:37:47+00:00","dateModified":"2025-08-31T18:26:57+00:00","mainEntityOfPage":{"@id":"https:\/\/www.bellunopress.it\/2025\/08\/31\/grave-alpinista-caduto-sulla-normale-alla-cima-grande-di-lavaredo\/"},"wordCount":775,"publisher":{"@id":"https:\/\/www.bellunopress.it\/#organization"},"image":{"@id":"https:\/\/www.bellunopress.it\/2025\/08\/31\/grave-alpinista-caduto-sulla-normale-alla-cima-grande-di-lavaredo\/#primaryimage"},"thumbnailUrl":"https:\/\/www.bellunopress.it\/wp-content\/uploads\/2023\/09\/Tre-Cime-di-Lavaredo_edited.jpg","articleSection":["Cronaca\/Politica","Prima Pagina"],"inLanguage":"fr-FR"},{"@type":"WebPage","@id":"https:\/\/www.bellunopress.it\/2025\/08\/31\/grave-alpinista-caduto-sulla-normale-alla-cima-grande-di-lavaredo\/","url":"https:\/\/www.bellunopress.it\/2025\/08\/31\/grave-alpinista-caduto-sulla-normale-alla-cima-grande-di-lavaredo\/","name":"Grave alpinista caduto sulla normale alla Cima Grande di Lavaredo. Numerosi interventi domenica 31 agosto - Bellunopress - Dolomiti","isPartOf":{"@id":"https:\/\/www.bellunopress.it\/#website"},"primaryImageOfPage":{"@id":"https:\/\/www.bellunopress.it\/2025\/08\/31\/grave-alpinista-caduto-sulla-normale-alla-cima-grande-di-lavaredo\/#primaryimage"},"image":{"@id":"https:\/\/www.bellunopress.it\/2025\/08\/31\/grave-alpinista-caduto-sulla-normale-alla-cima-grande-di-lavaredo\/#primaryimage"},"thumbnailUrl":"https:\/\/www.bellunopress.it\/wp-content\/uploads\/2023\/09\/Tre-Cime-di-Lavaredo_edited.jpg","datePublished":"2025-08-31T11:37:47+00:00","dateModified":"2025-08-31T18:26:57+00:00","breadcrumb":{"@id":"https:\/\/www.bellunopress.it\/2025\/08\/31\/grave-alpinista-caduto-sulla-normale-alla-cima-grande-di-lavaredo\/#breadcrumb"},"inLanguage":"fr-FR","potentialAction":[{"@type":"ReadAction","target":["https:\/\/www.bellunopress.it\/2025\/08\/31\/grave-alpinista-caduto-sulla-normale-alla-cima-grande-di-lavaredo\/"]}]},{"@type":"ImageObject","inLanguage":"fr-FR","@id":"https:\/\/www.bellunopress.it\/2025\/08\/31\/grave-alpinista-caduto-sulla-normale-alla-cima-grande-di-lavaredo\/#primaryimage","url":"https:\/\/www.bellunopress.it\/wp-content\/uploads\/2023\/09\/Tre-Cime-di-Lavaredo_edited.jpg","contentUrl":"https:\/\/www.bellunopress.it\/wp-content\/uploads\/2023\/09\/Tre-Cime-di-Lavaredo_edited.jpg","width":1000,"height":613,"caption":"Tre Cime di Lavaredo"},{"@type":"BreadcrumbList","@id":"https:\/\/www.bellunopress.it\/2025\/08\/31\/grave-alpinista-caduto-sulla-normale-alla-cima-grande-di-lavaredo\/#breadcrumb","itemListElement":[{"@type":"ListItem","position":1,"name":"Home","item":"https:\/\/www.bellunopress.it\/"},{"@type":"ListItem","position":2,"name":"Grave alpinista caduto sulla normale alla Cima Grande di Lavaredo. Numerosi interventi domenica 31 agosto"}]},{"@type":"WebSite","@id":"https:\/\/www.bellunopress.it\/#website","url":"https:\/\/www.bellunopress.it\/","name":"Bellunopress - Dolomiti","description":"e-mail: redazione@bellunopress.it","publisher":{"@id":"https:\/\/www.bellunopress.it\/#organization"},"potentialAction":[{"@type":"SearchAction","target":{"@type":"EntryPoint","urlTemplate":"https:\/\/www.bellunopress.it\/?s={search_term_string}"},"query-input":{"@type":"PropertyValueSpecification","valueRequired":true,"valueName":"search_term_string"}}],"inLanguage":"fr-FR"},{"@type":"Organization","@id":"https:\/\/www.bellunopress.it\/#organization","name":"Bellunopress","url":"https:\/\/www.bellunopress.it\/","logo":{"@type":"ImageObject","inLanguage":"fr-FR","@id":"https:\/\/www.bellunopress.it\/#\/schema\/logo\/image\/","url":"https:\/\/www.bellunopress.it\/wp-content\/uploads\/2011\/05\/cropped-logo-bellunopress-.jpg","contentUrl":"https:\/\/www.bellunopress.it\/wp-content\/uploads\/2011\/05\/cropped-logo-bellunopress-.jpg","width":512,"height":512,"caption":"Bellunopress"},"image":{"@id":"https:\/\/www.bellunopress.it\/#\/schema\/logo\/image\/"},"sameAs":["https:\/\/www.facebook.com\/profile.php?id=100008943462799","https:\/\/x.com\/bellunopress","https:\/\/www.linkedin.com\/hp\/?dnr=JBzUWaJfMUw8vbXJJ2tVW5-I3jZKvC4wsoxE&amp;amp;amp;amp;amp;amp;trk=nav_responsive_tab_home","https:\/\/www.youtube.com\/channel\/UCxL0wu1uN0_3_7hGG0306cw"]},{"@type":"Person","@id":"https:\/\/www.bellunopress.it\/#\/schema\/person\/79bb06722b37ece1c03d3e94beb30d73","name":"r\u00e9daction","image":{"@type":"ImageObject","inLanguage":"fr-FR","@id":"https:\/\/secure.gravatar.com\/avatar\/37d968a2e67a6fd04c169c4bdef102d0bc5d31b2546345219e348575eb80e9a0?s=96&d=mm&r=g","url":"https:\/\/secure.gravatar.com\/avatar\/37d968a2e67a6fd04c169c4bdef102d0bc5d31b2546345219e348575eb80e9a0?s=96&d=mm&r=g","contentUrl":"https:\/\/secure.gravatar.com\/avatar\/37d968a2e67a6fd04c169c4bdef102d0bc5d31b2546345219e348575eb80e9a0?s=96&d=mm&r=g","caption":"redazione"},"sameAs":["http:\/\/www.bellunopress.it","https:\/\/x.com\/bellunopress"],"url":"https:\/\/www.bellunopress.it\/fr\/author\/redazione\/"}]}},"_links":{"self":[{"href":"https:\/\/www.bellunopress.it\/fr\/wp-json\/wp\/v2\/posts\/162921","targetHints":{"allow":["GET"]}}],"collection":[{"href":"https:\/\/www.bellunopress.it\/fr\/wp-json\/wp\/v2\/posts"}],"about":[{"href":"https:\/\/www.bellunopress.it\/fr\/wp-json\/wp\/v2\/types\/post"}],"author":[{"embeddable":true,"href":"https:\/\/www.bellunopress.it\/fr\/wp-json\/wp\/v2\/users\/2"}],"replies":[{"embeddable":true,"href":"https:\/\/www.bellunopress.it\/fr\/wp-json\/wp\/v2\/comments?post=162921"}],"version-history":[{"count":5,"href":"https:\/\/www.bellunopress.it\/fr\/wp-json\/wp\/v2\/posts\/162921\/revisions"}],"predecessor-version":[{"id":162931,"href":"https:\/\/www.bellunopress.it\/fr\/wp-json\/wp\/v2\/posts\/162921\/revisions\/162931"}],"wp:featuredmedia":[{"embeddable":true,"href":"https:\/\/www.bellunopress.it\/fr\/wp-json\/wp\/v2\/media\/144528"}],"wp:attachment":[{"href":"https:\/\/www.bellunopress.it\/fr\/wp-json\/wp\/v2\/media?parent=162921"}],"wp:term":[{"taxonomy":"category","embeddable":true,"href":"https:\/\/www.bellunopress.it\/fr\/wp-json\/wp\/v2\/categories?post=162921"},{"taxonomy":"post_tag","embeddable":true,"href":"https:\/\/www.bellunopress.it\/fr\/wp-json\/wp\/v2\/tags?post=162921"}],"curies":[{"name":"wp","href":"https:\/\/api.w.org\/{rel}","templated":true}]}}