{"id":162661,"date":"2025-08-19T17:14:18","date_gmt":"2025-08-19T15:14:18","guid":{"rendered":"https:\/\/www.bellunopress.it\/?p=162661"},"modified":"2025-08-19T19:09:51","modified_gmt":"2025-08-19T17:09:51","slug":"interventi-in-montagna-20","status":"publish","type":"post","link":"https:\/\/www.bellunopress.it\/fr\/2025\/08\/19\/interventi-in-montagna-20\/","title":{"rendered":"Interventi in montagna. Ciclista muore colto da malore"},"content":{"rendered":"<p><img loading=\"lazy\" decoding=\"async\" class=\"aligncenter size-full wp-image-143586\" src=\"https:\/\/www.bellunopress.it\/wp-content\/uploads\/2023\/08\/Falco-1-elicottero-118_edited.jpg\" alt=\"\" width=\"946\" height=\"604\" srcset=\"https:\/\/www.bellunopress.it\/wp-content\/uploads\/2023\/08\/Falco-1-elicottero-118_edited.jpg 946w, https:\/\/www.bellunopress.it\/wp-content\/uploads\/2023\/08\/Falco-1-elicottero-118_edited-500x319.jpg 500w, https:\/\/www.bellunopress.it\/wp-content\/uploads\/2023\/08\/Falco-1-elicottero-118_edited-696x444.jpg 696w, https:\/\/www.bellunopress.it\/wp-content\/uploads\/2023\/08\/Falco-1-elicottero-118_edited-658x420.jpg 658w\" sizes=\"auto, (max-width: 946px) 100vw, 946px\" \/><\/p>\n<p>Cortina d&#8217;Ampezzo (BL), 19 &#8211; 08 &#8211; 2025\u00a0 Attorno alle 15.45 la Centrale del 118 \u00e8 stata contattata da alcuni escursionisti, che avevano visto accasciarsi davanti a loro un uomo, che stava salendo con la mountain bike dal Rifugio Palmieri verso Forcella Ambrizzola. I presenti hanno subito iniziato a praticare le manovre di rianimazione, fino all&#8217;arrivo dell&#8217;equipe medica dell&#8217;elicottero del Suem di Pieve di Cadore, che \u00e8 subentrata nel tentativo di far riprendere coscienza al 66enne di Pasian di Prato, purtroppo invano. Constatato il decesso e effettuati i dovuti rilievi da parte del Soccorso alpino della Guardia di finanza, la salma \u00e8 stata recuperata con il verricello e trasportata in localit\u00e0 Campo, per essere affidata al carro funebre. Sul posto era nel frattempo sopraggiunto anche il figlio dell&#8217;uomo assieme a un&#8217;altra persona.<\/p>\n<p>Il Soccorso alpino di Auronzo \u00e8 stato attivato dal gestore del Rifugio Lavaredo per una 60enne della Repubblica Ceca che aveva riportato un trauma alla caviglia nelle vicinanze di Forcella Lavaredo. L&#8217;infortunata \u00e8 stata recuperata da una squadra della Guardia di finanza \u00e8 portata a valle. Il Soccorso alpino di Agordo \u00e8 stato invece inviato non distante dal Rifugio Scarpa, dove, rientrando da un&#8217;escursione in comitiva nella zona dell&#8217;Agner, un 28enne di Corciano (PG) era caduto e aveva sbattuto la testa. Il ferito \u00e8 stato accompagnato all&#8217;ospedale di Agordo. Una squadra del Soccorso alpino di Cortina \u00e8 salita fino alle serpentine del sentiero che conduce al Giussani, per tre turisti in difficolt\u00e0 nella fase di discesa.<\/p>\n<p>Belluno, 19 &#8211; 08 &#8211; 2025\u00a0 \u00a0Si \u00e8 trasformato in un vero recupero un falso allarme partito questa mattina verso le 10.45, a seguito della segnalazione di un escursionista che, salendo sul Monte Venal in Alpago assieme a un amico, lo aveva perso di vista e, poich\u00e9 non rispondeva ai suoi richiami, temeva fosse precipitato o potesse essersi fatto male. Durante la ricognizione di Falco 2 si era poi appurato che l&#8217;uomo, solo attardato, era pi\u00f9 in basso, stava bene e non aveva bisogno di alcun aiuto. Informato il chiamante e verificato che il compagno non aveva problemi, Falco 2 \u00e8 rientrato. Verso le 14.30 per\u00f2 \u00e8 stato proprio l&#8217;uomo che aveva chiamato preoccupato ad avere bisogno: rimasto nello stesso posto, sull&#8217;anticima del Venal, ad attendere a lungo l&#8217;amico, che poi era invece tornato indietro senza pi\u00f9 raggiungerlo, Il 75enne di Alpago (BL), non era pi\u00f9 in grado di rientrare per la stanchezza. Il tecnico di elisoccorso, sceso in hovering, lo ha quindi aiutato nell&#8217;imbarco. L&#8217;uono \u00e8 stato quindi trasportato a valle, dove nel frattempo il Soccorso alpino dell&#8217;Alpago aveva rintracciato anche il compagno.<\/p>\n<p>Verso le 10.40 il Soccorso alpino di Cortina era stato invece attivato per un ciclista caduto sulla pista del Bikepark. Il 23enne di Treviso, che aveva riportato un trauma alla spalla, \u00e8 stato recuperato da una squadra della Guardia di finanza \u00e8 trasportato al Codivilla.<\/p>\n<p>Canale d&#8217;Agordo (BL), 19 &#8211; 08 &#8211; 2025\u00a0 \u00a0Attorno alle 14.50 il Soccorso alpino della Val Biois \u00e8 stato allertato per una escursionista che, messo male un piede su un sasso, aveva riportato un sospetto trauma alla caviglia, in rientro da Malga Stia. La 36enne di Zero Branco (TV), che, assieme a un&#8217;altra persona, si trovava sulla strada forestale, \u00e8 stata raggiunta in jeep da una squadra, che le ha prestato le prime cure, per poi accompagnarla al rendez vous con l&#8217;ambulanza, partita in direzione dell&#8217;ospedale di Agordo.<\/p>","protected":false},"excerpt":{"rendered":"<p>Cortina d&#8217;Ampezzo (BL), 19 &#8211; 08 &#8211; 2025\u00a0 Attorno alle 15.45 la Centrale del 118 \u00e8 stata contattata da alcuni escursionisti, che avevano visto accasciarsi davanti a loro un uomo, che stava salendo con la mountain bike dal Rifugio Palmieri verso Forcella Ambrizzola. I presenti hanno subito iniziato a praticare le manovre di rianimazione, fino [&hellip;]<\/p>\n","protected":false},"author":2,"featured_media":143586,"comment_status":"closed","ping_status":"open","sticky":false,"template":"","format":"standard","meta":{"footnotes":""},"categories":[5],"tags":[],"class_list":["post-162661","post","type-post","status-publish","format-standard","has-post-thumbnail","category-cronaca"],"yoast_head":"<!-- This site is optimized with the Yoast SEO plugin v28.4 - https:\/\/yoast.com\/product\/yoast-seo-wordpress\/ -->\n<title>Interventi in montagna. Ciclista muore colto da malore - Bellunopress - Dolomiti<\/title>\n<meta name=\"robots\" content=\"index, follow, max-snippet:-1, max-image-preview:large, max-video-preview:-1\" \/>\n<link rel=\"canonical\" href=\"https:\/\/www.bellunopress.it\/fr\/2025\/08\/19\/interventi-in-montagna-20\/\" \/>\n<meta property=\"og:locale\" content=\"fr_FR\" \/>\n<meta property=\"og:type\" content=\"article\" \/>\n<meta property=\"og:title\" content=\"Interventi in montagna. Ciclista muore colto da malore - Bellunopress - Dolomiti\" \/>\n<meta property=\"og:description\" content=\"Cortina d&#8217;Ampezzo (BL), 19 &#8211; 08 &#8211; 2025\u00a0 Attorno alle 15.45 la Centrale del 118 \u00e8 stata contattata da alcuni escursionisti, che avevano visto accasciarsi davanti a loro un uomo, che stava salendo con la mountain bike dal Rifugio Palmieri verso Forcella Ambrizzola. I presenti hanno subito iniziato a praticare le manovre di rianimazione, fino [&hellip;]\" \/>\n<meta property=\"og:url\" content=\"https:\/\/www.bellunopress.it\/fr\/2025\/08\/19\/interventi-in-montagna-20\/\" \/>\n<meta property=\"og:site_name\" content=\"Bellunopress - Dolomiti\" \/>\n<meta property=\"article:publisher\" content=\"https:\/\/www.facebook.com\/profile.php?id=100008943462799\" \/>\n<meta property=\"article:published_time\" content=\"2025-08-19T15:14:18+00:00\" \/>\n<meta property=\"article:modified_time\" content=\"2025-08-19T17:09:51+00:00\" \/>\n<meta property=\"og:image\" content=\"https:\/\/www.bellunopress.it\/wp-content\/uploads\/2023\/08\/Falco-1-elicottero-118_edited.jpg\" \/>\n\t<meta property=\"og:image:width\" content=\"946\" \/>\n\t<meta property=\"og:image:height\" content=\"604\" \/>\n\t<meta property=\"og:image:type\" content=\"image\/jpeg\" \/>\n<meta name=\"author\" content=\"redazione\" \/>\n<meta name=\"twitter:card\" content=\"summary_large_image\" \/>\n<meta name=\"twitter:creator\" content=\"@bellunopress\" \/>\n<meta name=\"twitter:site\" content=\"@bellunopress\" \/>\n<meta name=\"twitter:label1\" content=\"\u00c9crit par\" \/>\n\t<meta name=\"twitter:data1\" content=\"redazione\" \/>\n\t<meta name=\"twitter:label2\" content=\"Dur\u00e9e de lecture estim\u00e9e\" \/>\n\t<meta name=\"twitter:data2\" content=\"3 minutes\" \/>\n<script type=\"application\/ld+json\" class=\"yoast-schema-graph\">{\"@context\":\"https:\\\/\\\/schema.org\",\"@graph\":[{\"@type\":\"Article\",\"@id\":\"https:\\\/\\\/www.bellunopress.it\\\/2025\\\/08\\\/19\\\/interventi-in-montagna-20\\\/#article\",\"isPartOf\":{\"@id\":\"https:\\\/\\\/www.bellunopress.it\\\/2025\\\/08\\\/19\\\/interventi-in-montagna-20\\\/\"},\"author\":{\"name\":\"redazione\",\"@id\":\"https:\\\/\\\/www.bellunopress.it\\\/#\\\/schema\\\/person\\\/79bb06722b37ece1c03d3e94beb30d73\"},\"headline\":\"Interventi in montagna. Ciclista muore colto da malore\",\"datePublished\":\"2025-08-19T15:14:18+00:00\",\"dateModified\":\"2025-08-19T17:09:51+00:00\",\"mainEntityOfPage\":{\"@id\":\"https:\\\/\\\/www.bellunopress.it\\\/2025\\\/08\\\/19\\\/interventi-in-montagna-20\\\/\"},\"wordCount\":560,\"publisher\":{\"@id\":\"https:\\\/\\\/www.bellunopress.it\\\/#organization\"},\"image\":{\"@id\":\"https:\\\/\\\/www.bellunopress.it\\\/2025\\\/08\\\/19\\\/interventi-in-montagna-20\\\/#primaryimage\"},\"thumbnailUrl\":\"https:\\\/\\\/www.bellunopress.it\\\/wp-content\\\/uploads\\\/2023\\\/08\\\/Falco-1-elicottero-118_edited.jpg\",\"articleSection\":[\"Cronaca\\\/Politica\"],\"inLanguage\":\"fr-FR\"},{\"@type\":\"WebPage\",\"@id\":\"https:\\\/\\\/www.bellunopress.it\\\/2025\\\/08\\\/19\\\/interventi-in-montagna-20\\\/\",\"url\":\"https:\\\/\\\/www.bellunopress.it\\\/2025\\\/08\\\/19\\\/interventi-in-montagna-20\\\/\",\"name\":\"Interventi in montagna. Ciclista muore colto da malore - Bellunopress - Dolomiti\",\"isPartOf\":{\"@id\":\"https:\\\/\\\/www.bellunopress.it\\\/#website\"},\"primaryImageOfPage\":{\"@id\":\"https:\\\/\\\/www.bellunopress.it\\\/2025\\\/08\\\/19\\\/interventi-in-montagna-20\\\/#primaryimage\"},\"image\":{\"@id\":\"https:\\\/\\\/www.bellunopress.it\\\/2025\\\/08\\\/19\\\/interventi-in-montagna-20\\\/#primaryimage\"},\"thumbnailUrl\":\"https:\\\/\\\/www.bellunopress.it\\\/wp-content\\\/uploads\\\/2023\\\/08\\\/Falco-1-elicottero-118_edited.jpg\",\"datePublished\":\"2025-08-19T15:14:18+00:00\",\"dateModified\":\"2025-08-19T17:09:51+00:00\",\"breadcrumb\":{\"@id\":\"https:\\\/\\\/www.bellunopress.it\\\/2025\\\/08\\\/19\\\/interventi-in-montagna-20\\\/#breadcrumb\"},\"inLanguage\":\"fr-FR\",\"potentialAction\":[{\"@type\":\"ReadAction\",\"target\":[\"https:\\\/\\\/www.bellunopress.it\\\/2025\\\/08\\\/19\\\/interventi-in-montagna-20\\\/\"]}]},{\"@type\":\"ImageObject\",\"inLanguage\":\"fr-FR\",\"@id\":\"https:\\\/\\\/www.bellunopress.it\\\/2025\\\/08\\\/19\\\/interventi-in-montagna-20\\\/#primaryimage\",\"url\":\"https:\\\/\\\/www.bellunopress.it\\\/wp-content\\\/uploads\\\/2023\\\/08\\\/Falco-1-elicottero-118_edited.jpg\",\"contentUrl\":\"https:\\\/\\\/www.bellunopress.it\\\/wp-content\\\/uploads\\\/2023\\\/08\\\/Falco-1-elicottero-118_edited.jpg\",\"width\":946,\"height\":604},{\"@type\":\"BreadcrumbList\",\"@id\":\"https:\\\/\\\/www.bellunopress.it\\\/2025\\\/08\\\/19\\\/interventi-in-montagna-20\\\/#breadcrumb\",\"itemListElement\":[{\"@type\":\"ListItem\",\"position\":1,\"name\":\"Home\",\"item\":\"https:\\\/\\\/www.bellunopress.it\\\/\"},{\"@type\":\"ListItem\",\"position\":2,\"name\":\"Interventi in montagna. Ciclista muore colto da malore\"}]},{\"@type\":\"WebSite\",\"@id\":\"https:\\\/\\\/www.bellunopress.it\\\/#website\",\"url\":\"https:\\\/\\\/www.bellunopress.it\\\/\",\"name\":\"Bellunopress - Dolomiti\",\"description\":\"e-mail: redazione@bellunopress.it\",\"publisher\":{\"@id\":\"https:\\\/\\\/www.bellunopress.it\\\/#organization\"},\"potentialAction\":[{\"@type\":\"SearchAction\",\"target\":{\"@type\":\"EntryPoint\",\"urlTemplate\":\"https:\\\/\\\/www.bellunopress.it\\\/?s={search_term_string}\"},\"query-input\":{\"@type\":\"PropertyValueSpecification\",\"valueRequired\":true,\"valueName\":\"search_term_string\"}}],\"inLanguage\":\"fr-FR\"},{\"@type\":\"Organization\",\"@id\":\"https:\\\/\\\/www.bellunopress.it\\\/#organization\",\"name\":\"Bellunopress\",\"url\":\"https:\\\/\\\/www.bellunopress.it\\\/\",\"logo\":{\"@type\":\"ImageObject\",\"inLanguage\":\"fr-FR\",\"@id\":\"https:\\\/\\\/www.bellunopress.it\\\/#\\\/schema\\\/logo\\\/image\\\/\",\"url\":\"https:\\\/\\\/www.bellunopress.it\\\/wp-content\\\/uploads\\\/2011\\\/05\\\/cropped-logo-bellunopress-.jpg\",\"contentUrl\":\"https:\\\/\\\/www.bellunopress.it\\\/wp-content\\\/uploads\\\/2011\\\/05\\\/cropped-logo-bellunopress-.jpg\",\"width\":512,\"height\":512,\"caption\":\"Bellunopress\"},\"image\":{\"@id\":\"https:\\\/\\\/www.bellunopress.it\\\/#\\\/schema\\\/logo\\\/image\\\/\"},\"sameAs\":[\"https:\\\/\\\/www.facebook.com\\\/profile.php?id=100008943462799\",\"https:\\\/\\\/x.com\\\/bellunopress\",\"https:\\\/\\\/www.linkedin.com\\\/hp\\\/?dnr=JBzUWaJfMUw8vbXJJ2tVW5-I3jZKvC4wsoxE&amp;amp;amp;amp;amp;amp;trk=nav_responsive_tab_home\",\"https:\\\/\\\/www.youtube.com\\\/channel\\\/UCxL0wu1uN0_3_7hGG0306cw\"]},{\"@type\":\"Person\",\"@id\":\"https:\\\/\\\/www.bellunopress.it\\\/#\\\/schema\\\/person\\\/79bb06722b37ece1c03d3e94beb30d73\",\"name\":\"redazione\",\"image\":{\"@type\":\"ImageObject\",\"inLanguage\":\"fr-FR\",\"@id\":\"https:\\\/\\\/secure.gravatar.com\\\/avatar\\\/37d968a2e67a6fd04c169c4bdef102d0bc5d31b2546345219e348575eb80e9a0?s=96&d=mm&r=g\",\"url\":\"https:\\\/\\\/secure.gravatar.com\\\/avatar\\\/37d968a2e67a6fd04c169c4bdef102d0bc5d31b2546345219e348575eb80e9a0?s=96&d=mm&r=g\",\"contentUrl\":\"https:\\\/\\\/secure.gravatar.com\\\/avatar\\\/37d968a2e67a6fd04c169c4bdef102d0bc5d31b2546345219e348575eb80e9a0?s=96&d=mm&r=g\",\"caption\":\"redazione\"},\"sameAs\":[\"http:\\\/\\\/www.bellunopress.it\",\"https:\\\/\\\/x.com\\\/bellunopress\"],\"url\":\"https:\\\/\\\/www.bellunopress.it\\\/fr\\\/author\\\/redazione\\\/\"}]}<\/script>\n<!-- \/ Yoast SEO plugin. -->","yoast_head_json":{"title":"Interventi in montagna. Ciclista muore colto da malore - Bellunopress - Dolomiti","robots":{"index":"index","follow":"follow","max-snippet":"max-snippet:-1","max-image-preview":"max-image-preview:large","max-video-preview":"max-video-preview:-1"},"canonical":"https:\/\/www.bellunopress.it\/fr\/2025\/08\/19\/interventi-in-montagna-20\/","og_locale":"fr_FR","og_type":"article","og_title":"Interventi in montagna. Ciclista muore colto da malore - Bellunopress - Dolomiti","og_description":"Cortina d&#8217;Ampezzo (BL), 19 &#8211; 08 &#8211; 2025\u00a0 Attorno alle 15.45 la Centrale del 118 \u00e8 stata contattata da alcuni escursionisti, che avevano visto accasciarsi davanti a loro un uomo, che stava salendo con la mountain bike dal Rifugio Palmieri verso Forcella Ambrizzola. I presenti hanno subito iniziato a praticare le manovre di rianimazione, fino [&hellip;]","og_url":"https:\/\/www.bellunopress.it\/fr\/2025\/08\/19\/interventi-in-montagna-20\/","og_site_name":"Bellunopress - Dolomiti","article_publisher":"https:\/\/www.facebook.com\/profile.php?id=100008943462799","article_published_time":"2025-08-19T15:14:18+00:00","article_modified_time":"2025-08-19T17:09:51+00:00","og_image":[{"width":946,"height":604,"url":"https:\/\/www.bellunopress.it\/wp-content\/uploads\/2023\/08\/Falco-1-elicottero-118_edited.jpg","type":"image\/jpeg"}],"author":"redazione","twitter_card":"summary_large_image","twitter_creator":"@bellunopress","twitter_site":"@bellunopress","twitter_misc":{"\u00c9crit par":"redazione","Dur\u00e9e de lecture estim\u00e9e":"3 minutes"},"schema":{"@context":"https:\/\/schema.org","@graph":[{"@type":"Article","@id":"https:\/\/www.bellunopress.it\/2025\/08\/19\/interventi-in-montagna-20\/#article","isPartOf":{"@id":"https:\/\/www.bellunopress.it\/2025\/08\/19\/interventi-in-montagna-20\/"},"author":{"name":"redazione","@id":"https:\/\/www.bellunopress.it\/#\/schema\/person\/79bb06722b37ece1c03d3e94beb30d73"},"headline":"Interventi in montagna. Ciclista muore colto da malore","datePublished":"2025-08-19T15:14:18+00:00","dateModified":"2025-08-19T17:09:51+00:00","mainEntityOfPage":{"@id":"https:\/\/www.bellunopress.it\/2025\/08\/19\/interventi-in-montagna-20\/"},"wordCount":560,"publisher":{"@id":"https:\/\/www.bellunopress.it\/#organization"},"image":{"@id":"https:\/\/www.bellunopress.it\/2025\/08\/19\/interventi-in-montagna-20\/#primaryimage"},"thumbnailUrl":"https:\/\/www.bellunopress.it\/wp-content\/uploads\/2023\/08\/Falco-1-elicottero-118_edited.jpg","articleSection":["Cronaca\/Politica"],"inLanguage":"fr-FR"},{"@type":"WebPage","@id":"https:\/\/www.bellunopress.it\/2025\/08\/19\/interventi-in-montagna-20\/","url":"https:\/\/www.bellunopress.it\/2025\/08\/19\/interventi-in-montagna-20\/","name":"Interventi in montagna. Ciclista muore colto da malore - Bellunopress - Dolomiti","isPartOf":{"@id":"https:\/\/www.bellunopress.it\/#website"},"primaryImageOfPage":{"@id":"https:\/\/www.bellunopress.it\/2025\/08\/19\/interventi-in-montagna-20\/#primaryimage"},"image":{"@id":"https:\/\/www.bellunopress.it\/2025\/08\/19\/interventi-in-montagna-20\/#primaryimage"},"thumbnailUrl":"https:\/\/www.bellunopress.it\/wp-content\/uploads\/2023\/08\/Falco-1-elicottero-118_edited.jpg","datePublished":"2025-08-19T15:14:18+00:00","dateModified":"2025-08-19T17:09:51+00:00","breadcrumb":{"@id":"https:\/\/www.bellunopress.it\/2025\/08\/19\/interventi-in-montagna-20\/#breadcrumb"},"inLanguage":"fr-FR","potentialAction":[{"@type":"ReadAction","target":["https:\/\/www.bellunopress.it\/2025\/08\/19\/interventi-in-montagna-20\/"]}]},{"@type":"ImageObject","inLanguage":"fr-FR","@id":"https:\/\/www.bellunopress.it\/2025\/08\/19\/interventi-in-montagna-20\/#primaryimage","url":"https:\/\/www.bellunopress.it\/wp-content\/uploads\/2023\/08\/Falco-1-elicottero-118_edited.jpg","contentUrl":"https:\/\/www.bellunopress.it\/wp-content\/uploads\/2023\/08\/Falco-1-elicottero-118_edited.jpg","width":946,"height":604},{"@type":"BreadcrumbList","@id":"https:\/\/www.bellunopress.it\/2025\/08\/19\/interventi-in-montagna-20\/#breadcrumb","itemListElement":[{"@type":"ListItem","position":1,"name":"Home","item":"https:\/\/www.bellunopress.it\/"},{"@type":"ListItem","position":2,"name":"Interventi in montagna. Ciclista muore colto da malore"}]},{"@type":"WebSite","@id":"https:\/\/www.bellunopress.it\/#website","url":"https:\/\/www.bellunopress.it\/","name":"Bellunopress - Dolomiti","description":"e-mail: redazione@bellunopress.it","publisher":{"@id":"https:\/\/www.bellunopress.it\/#organization"},"potentialAction":[{"@type":"SearchAction","target":{"@type":"EntryPoint","urlTemplate":"https:\/\/www.bellunopress.it\/?s={search_term_string}"},"query-input":{"@type":"PropertyValueSpecification","valueRequired":true,"valueName":"search_term_string"}}],"inLanguage":"fr-FR"},{"@type":"Organization","@id":"https:\/\/www.bellunopress.it\/#organization","name":"Bellunopress","url":"https:\/\/www.bellunopress.it\/","logo":{"@type":"ImageObject","inLanguage":"fr-FR","@id":"https:\/\/www.bellunopress.it\/#\/schema\/logo\/image\/","url":"https:\/\/www.bellunopress.it\/wp-content\/uploads\/2011\/05\/cropped-logo-bellunopress-.jpg","contentUrl":"https:\/\/www.bellunopress.it\/wp-content\/uploads\/2011\/05\/cropped-logo-bellunopress-.jpg","width":512,"height":512,"caption":"Bellunopress"},"image":{"@id":"https:\/\/www.bellunopress.it\/#\/schema\/logo\/image\/"},"sameAs":["https:\/\/www.facebook.com\/profile.php?id=100008943462799","https:\/\/x.com\/bellunopress","https:\/\/www.linkedin.com\/hp\/?dnr=JBzUWaJfMUw8vbXJJ2tVW5-I3jZKvC4wsoxE&amp;amp;amp;amp;amp;amp;trk=nav_responsive_tab_home","https:\/\/www.youtube.com\/channel\/UCxL0wu1uN0_3_7hGG0306cw"]},{"@type":"Person","@id":"https:\/\/www.bellunopress.it\/#\/schema\/person\/79bb06722b37ece1c03d3e94beb30d73","name":"r\u00e9daction","image":{"@type":"ImageObject","inLanguage":"fr-FR","@id":"https:\/\/secure.gravatar.com\/avatar\/37d968a2e67a6fd04c169c4bdef102d0bc5d31b2546345219e348575eb80e9a0?s=96&d=mm&r=g","url":"https:\/\/secure.gravatar.com\/avatar\/37d968a2e67a6fd04c169c4bdef102d0bc5d31b2546345219e348575eb80e9a0?s=96&d=mm&r=g","contentUrl":"https:\/\/secure.gravatar.com\/avatar\/37d968a2e67a6fd04c169c4bdef102d0bc5d31b2546345219e348575eb80e9a0?s=96&d=mm&r=g","caption":"redazione"},"sameAs":["http:\/\/www.bellunopress.it","https:\/\/x.com\/bellunopress"],"url":"https:\/\/www.bellunopress.it\/fr\/author\/redazione\/"}]}},"_links":{"self":[{"href":"https:\/\/www.bellunopress.it\/fr\/wp-json\/wp\/v2\/posts\/162661","targetHints":{"allow":["GET"]}}],"collection":[{"href":"https:\/\/www.bellunopress.it\/fr\/wp-json\/wp\/v2\/posts"}],"about":[{"href":"https:\/\/www.bellunopress.it\/fr\/wp-json\/wp\/v2\/types\/post"}],"author":[{"embeddable":true,"href":"https:\/\/www.bellunopress.it\/fr\/wp-json\/wp\/v2\/users\/2"}],"replies":[{"embeddable":true,"href":"https:\/\/www.bellunopress.it\/fr\/wp-json\/wp\/v2\/comments?post=162661"}],"version-history":[{"count":4,"href":"https:\/\/www.bellunopress.it\/fr\/wp-json\/wp\/v2\/posts\/162661\/revisions"}],"predecessor-version":[{"id":162667,"href":"https:\/\/www.bellunopress.it\/fr\/wp-json\/wp\/v2\/posts\/162661\/revisions\/162667"}],"wp:featuredmedia":[{"embeddable":true,"href":"https:\/\/www.bellunopress.it\/fr\/wp-json\/wp\/v2\/media\/143586"}],"wp:attachment":[{"href":"https:\/\/www.bellunopress.it\/fr\/wp-json\/wp\/v2\/media?parent=162661"}],"wp:term":[{"taxonomy":"category","embeddable":true,"href":"https:\/\/www.bellunopress.it\/fr\/wp-json\/wp\/v2\/categories?post=162661"},{"taxonomy":"post_tag","embeddable":true,"href":"https:\/\/www.bellunopress.it\/fr\/wp-json\/wp\/v2\/tags?post=162661"}],"curies":[{"name":"wp","href":"https:\/\/api.w.org\/{rel}","templated":true}]}}