{"id":162622,"date":"2025-08-17T16:47:07","date_gmt":"2025-08-17T14:47:07","guid":{"rendered":"https:\/\/www.bellunopress.it\/?p=162622"},"modified":"2025-08-17T16:47:07","modified_gmt":"2025-08-17T14:47:07","slug":"sempre-piu-traballante-la-poltrona-dellassessore-al-nevegal","status":"publish","type":"post","link":"https:\/\/www.bellunopress.it\/fr\/2025\/08\/17\/sempre-piu-traballante-la-poltrona-dellassessore-al-nevegal\/","title":{"rendered":"Sempre pi\u00f9 traballante la poltrona dell\u2019assessore al Nevegal"},"content":{"rendered":"<figure id=\"attachment_146403\" aria-describedby=\"caption-attachment-146403\" style=\"width: 1000px\" class=\"wp-caption aligncenter\"><img loading=\"lazy\" decoding=\"async\" class=\"size-full wp-image-146403\" src=\"https:\/\/www.bellunopress.it\/wp-content\/uploads\/2023\/12\/firma-progetto-Nevegal_edited.jpg\" alt=\"\" width=\"1000\" height=\"619\" srcset=\"https:\/\/www.bellunopress.it\/wp-content\/uploads\/2023\/12\/firma-progetto-Nevegal_edited.jpg 1000w, https:\/\/www.bellunopress.it\/wp-content\/uploads\/2023\/12\/firma-progetto-Nevegal_edited-500x310.jpg 500w, https:\/\/www.bellunopress.it\/wp-content\/uploads\/2023\/12\/firma-progetto-Nevegal_edited-696x431.jpg 696w\" sizes=\"auto, (max-width: 1000px) 100vw, 1000px\" \/><figcaption id=\"caption-attachment-146403\" class=\"wp-caption-text\">Il momento della firma del protocollo di intenti. Ivano Viel (socio Nevegal365), Kamel Layachi (amministratore Nevegal 365), Franco Roccon (assessore), Oscar De Pellegrin (sindaco di Belluno)<\/figcaption><\/figure>\n<p><strong>A pesare come macigni il progetto farlocco dei 100 milioni della cordata algerina per il rilancio del Colle e lo scivolone degli stalli blu dei parcheggi a pagamento, anzi gratis<\/strong><\/p>\n<p>Belluno, 17 agosto 2025 &#8211;\u00a0 All\u2019interno della maggioranza in Comune di Belluno sono sempre pi\u00f9 insistenti le richieste di un avvicendamento all\u2019assessorato dei Lavori Pubblici retto da Franco Roccon. \u201cL\u2019assessore al Nevegal\u201d come \u00e8 stato talvolta soprannominato per il suo impegno nel Colle, infatti, \u00e8 nuovamente al centro delle polemiche per l\u2019ultimo episodio accaduto del parcheggio sul piazzale del Nevegal, allestito con le strisce blu a pagamento, salvo poi ritrattare dicendo che tutto il piazzale \u00e8 gratuito.<\/p>\n<p>Uno scivolone dilettantistico, che ha fatto ricordare la precedente performance surreale, quando l\u2019assessore ha portato a Palazzo Rosso, presenti i rappresentanti di Provincia e Regione, la cordata algerina facente capo alla societ\u00e0 Nevegal 365 che prometteva investimenti per il rilancio del Colle pari a 100 milioni di euro.<\/p>\n<p>E a quel giornalista che fin dall\u2019inizio dell\u2019operazione chiedeva precisazioni circa i fondi internazionali di investimento a cui attingeva quella montagna di soldi, <em>l\u2019assessore al Nevegal<\/em> disse pubblicamente a conferenza finita: \u201cFai domande del cazzo\u201d, con il suo stile inconfondibile.<\/p>\n<p>Ora a fare le domande \u00e8 il Gruppo civico in consiglio comunale che sostiene la maggioranza del sindaco e che pretende la testa dell\u2019assessore.<\/p>\n<p>Game over mister Gsp?<\/p>\n<p>Roberto De Nart<\/p>\n<p>Link ai principali articoli sul &#8220;Caso Nevegal&#8221;<\/p>\n<p><a href=\"https:\/\/www.bellunopress.it\/fr\/2025\/08\/16\/dietrofront-della-giunta-tutti-i-parcheggi-del-nevegal-sono-gratuiti-compresi-quelli-blu\/\">https:\/\/www.bellunopress.it\/2025\/08\/16\/dietrofront-della-giunta-tutti-i-parcheggi-del-nevegal-sono-gratuiti-compresi-quelli-blu\/<\/a><\/p>\n<p><a href=\"https:\/\/www.bellunopress.it\/fr\/2025\/05\/18\/il-caso-nevegal-retroscena-e-verita-scomode-svelate-da-ivano-viel\/\">https:\/\/www.bellunopress.it\/2025\/05\/18\/il-caso-nevegal-retroscena-e-verita-scomode-svelate-da-ivano-viel\/<\/a><\/p>\n<p><a href=\"https:\/\/www.bellunopress.it\/fr\/2023\/08\/03\/nevegal-presentato-il-grande-progetto-di-rilancio-del-colle-un-piano-di-60-milioni-di-investimenti\/\">https:\/\/www.bellunopress.it\/2023\/08\/03\/nevegal-presentato-il-grande-progetto-di-rilancio-del-colle-un-piano-di-60-milioni-di-investimenti\/<\/a><\/p>","protected":false},"excerpt":{"rendered":"<p>A pesare come macigni il progetto farlocco dei 100 milioni della cordata algerina per il rilancio del Colle e lo scivolone degli stalli blu dei parcheggi a pagamento, anzi gratis Belluno, 17 agosto 2025 &#8211;\u00a0 All\u2019interno della maggioranza in Comune di Belluno sono sempre pi\u00f9 insistenti le richieste di un avvicendamento all\u2019assessorato dei Lavori Pubblici [&hellip;]<\/p>\n","protected":false},"author":2,"featured_media":146403,"comment_status":"closed","ping_status":"open","sticky":false,"template":"","format":"standard","meta":{"footnotes":""},"categories":[5,3446,26],"tags":[],"class_list":["post-162622","post","type-post","status-publish","format-standard","has-post-thumbnail","category-cronaca","category-featured","category-prima-pagina"],"yoast_head":"<!-- This site is optimized with the Yoast SEO plugin v28.4 - https:\/\/yoast.com\/product\/yoast-seo-wordpress\/ -->\n<title>Sempre pi\u00f9 traballante la poltrona dell\u2019assessore al Nevegal - Bellunopress - Dolomiti<\/title>\n<meta name=\"robots\" content=\"index, follow, max-snippet:-1, max-image-preview:large, max-video-preview:-1\" \/>\n<link rel=\"canonical\" href=\"https:\/\/www.bellunopress.it\/fr\/2025\/08\/17\/sempre-piu-traballante-la-poltrona-dellassessore-al-nevegal\/\" \/>\n<meta property=\"og:locale\" content=\"fr_FR\" \/>\n<meta property=\"og:type\" content=\"article\" \/>\n<meta property=\"og:title\" content=\"Sempre pi\u00f9 traballante la poltrona dell\u2019assessore al Nevegal - Bellunopress - Dolomiti\" \/>\n<meta property=\"og:description\" content=\"A pesare come macigni il progetto farlocco dei 100 milioni della cordata algerina per il rilancio del Colle e lo scivolone degli stalli blu dei parcheggi a pagamento, anzi gratis Belluno, 17 agosto 2025 &#8211;\u00a0 All\u2019interno della maggioranza in Comune di Belluno sono sempre pi\u00f9 insistenti le richieste di un avvicendamento all\u2019assessorato dei Lavori Pubblici [&hellip;]\" \/>\n<meta property=\"og:url\" content=\"https:\/\/www.bellunopress.it\/fr\/2025\/08\/17\/sempre-piu-traballante-la-poltrona-dellassessore-al-nevegal\/\" \/>\n<meta property=\"og:site_name\" content=\"Bellunopress - Dolomiti\" \/>\n<meta property=\"article:publisher\" content=\"https:\/\/www.facebook.com\/profile.php?id=100008943462799\" \/>\n<meta property=\"article:published_time\" content=\"2025-08-17T14:47:07+00:00\" \/>\n<meta property=\"og:image\" content=\"https:\/\/www.bellunopress.it\/wp-content\/uploads\/2023\/12\/firma-progetto-Nevegal_edited.jpg\" \/>\n\t<meta property=\"og:image:width\" content=\"1000\" \/>\n\t<meta property=\"og:image:height\" content=\"619\" \/>\n\t<meta property=\"og:image:type\" content=\"image\/jpeg\" \/>\n<meta name=\"author\" content=\"redazione\" \/>\n<meta name=\"twitter:card\" content=\"summary_large_image\" \/>\n<meta name=\"twitter:creator\" content=\"@bellunopress\" \/>\n<meta name=\"twitter:site\" content=\"@bellunopress\" \/>\n<meta name=\"twitter:label1\" content=\"\u00c9crit par\" \/>\n\t<meta name=\"twitter:data1\" content=\"redazione\" \/>\n\t<meta name=\"twitter:label2\" content=\"Dur\u00e9e de lecture estim\u00e9e\" \/>\n\t<meta name=\"twitter:data2\" content=\"1 minute\" \/>\n<script type=\"application\/ld+json\" class=\"yoast-schema-graph\">{\"@context\":\"https:\\\/\\\/schema.org\",\"@graph\":[{\"@type\":\"Article\",\"@id\":\"https:\\\/\\\/www.bellunopress.it\\\/2025\\\/08\\\/17\\\/sempre-piu-traballante-la-poltrona-dellassessore-al-nevegal\\\/#article\",\"isPartOf\":{\"@id\":\"https:\\\/\\\/www.bellunopress.it\\\/2025\\\/08\\\/17\\\/sempre-piu-traballante-la-poltrona-dellassessore-al-nevegal\\\/\"},\"author\":{\"name\":\"redazione\",\"@id\":\"https:\\\/\\\/www.bellunopress.it\\\/#\\\/schema\\\/person\\\/79bb06722b37ece1c03d3e94beb30d73\"},\"headline\":\"Sempre pi\u00f9 traballante la poltrona dell\u2019assessore al Nevegal\",\"datePublished\":\"2025-08-17T14:47:07+00:00\",\"mainEntityOfPage\":{\"@id\":\"https:\\\/\\\/www.bellunopress.it\\\/2025\\\/08\\\/17\\\/sempre-piu-traballante-la-poltrona-dellassessore-al-nevegal\\\/\"},\"wordCount\":290,\"publisher\":{\"@id\":\"https:\\\/\\\/www.bellunopress.it\\\/#organization\"},\"image\":{\"@id\":\"https:\\\/\\\/www.bellunopress.it\\\/2025\\\/08\\\/17\\\/sempre-piu-traballante-la-poltrona-dellassessore-al-nevegal\\\/#primaryimage\"},\"thumbnailUrl\":\"https:\\\/\\\/www.bellunopress.it\\\/wp-content\\\/uploads\\\/2023\\\/12\\\/firma-progetto-Nevegal_edited.jpg\",\"articleSection\":[\"Cronaca\\\/Politica\",\"Featured\",\"Prima Pagina\"],\"inLanguage\":\"fr-FR\"},{\"@type\":\"WebPage\",\"@id\":\"https:\\\/\\\/www.bellunopress.it\\\/2025\\\/08\\\/17\\\/sempre-piu-traballante-la-poltrona-dellassessore-al-nevegal\\\/\",\"url\":\"https:\\\/\\\/www.bellunopress.it\\\/2025\\\/08\\\/17\\\/sempre-piu-traballante-la-poltrona-dellassessore-al-nevegal\\\/\",\"name\":\"Sempre pi\u00f9 traballante la poltrona dell\u2019assessore al Nevegal - Bellunopress - Dolomiti\",\"isPartOf\":{\"@id\":\"https:\\\/\\\/www.bellunopress.it\\\/#website\"},\"primaryImageOfPage\":{\"@id\":\"https:\\\/\\\/www.bellunopress.it\\\/2025\\\/08\\\/17\\\/sempre-piu-traballante-la-poltrona-dellassessore-al-nevegal\\\/#primaryimage\"},\"image\":{\"@id\":\"https:\\\/\\\/www.bellunopress.it\\\/2025\\\/08\\\/17\\\/sempre-piu-traballante-la-poltrona-dellassessore-al-nevegal\\\/#primaryimage\"},\"thumbnailUrl\":\"https:\\\/\\\/www.bellunopress.it\\\/wp-content\\\/uploads\\\/2023\\\/12\\\/firma-progetto-Nevegal_edited.jpg\",\"datePublished\":\"2025-08-17T14:47:07+00:00\",\"breadcrumb\":{\"@id\":\"https:\\\/\\\/www.bellunopress.it\\\/2025\\\/08\\\/17\\\/sempre-piu-traballante-la-poltrona-dellassessore-al-nevegal\\\/#breadcrumb\"},\"inLanguage\":\"fr-FR\",\"potentialAction\":[{\"@type\":\"ReadAction\",\"target\":[\"https:\\\/\\\/www.bellunopress.it\\\/2025\\\/08\\\/17\\\/sempre-piu-traballante-la-poltrona-dellassessore-al-nevegal\\\/\"]}]},{\"@type\":\"ImageObject\",\"inLanguage\":\"fr-FR\",\"@id\":\"https:\\\/\\\/www.bellunopress.it\\\/2025\\\/08\\\/17\\\/sempre-piu-traballante-la-poltrona-dellassessore-al-nevegal\\\/#primaryimage\",\"url\":\"https:\\\/\\\/www.bellunopress.it\\\/wp-content\\\/uploads\\\/2023\\\/12\\\/firma-progetto-Nevegal_edited.jpg\",\"contentUrl\":\"https:\\\/\\\/www.bellunopress.it\\\/wp-content\\\/uploads\\\/2023\\\/12\\\/firma-progetto-Nevegal_edited.jpg\",\"width\":1000,\"height\":619,\"caption\":\"Il momento della firma del protocollo di intenti. Ivano Viel (socio Nevegal365), Kamel Layachi (amministratore Nevegal 365), Franco Roccon (assessore), Oscar De Pellegrin (sindaco di Belluno)\"},{\"@type\":\"BreadcrumbList\",\"@id\":\"https:\\\/\\\/www.bellunopress.it\\\/2025\\\/08\\\/17\\\/sempre-piu-traballante-la-poltrona-dellassessore-al-nevegal\\\/#breadcrumb\",\"itemListElement\":[{\"@type\":\"ListItem\",\"position\":1,\"name\":\"Home\",\"item\":\"https:\\\/\\\/www.bellunopress.it\\\/\"},{\"@type\":\"ListItem\",\"position\":2,\"name\":\"Sempre pi\u00f9 traballante la poltrona dell\u2019assessore al Nevegal\"}]},{\"@type\":\"WebSite\",\"@id\":\"https:\\\/\\\/www.bellunopress.it\\\/#website\",\"url\":\"https:\\\/\\\/www.bellunopress.it\\\/\",\"name\":\"Bellunopress - Dolomiti\",\"description\":\"e-mail: redazione@bellunopress.it\",\"publisher\":{\"@id\":\"https:\\\/\\\/www.bellunopress.it\\\/#organization\"},\"potentialAction\":[{\"@type\":\"SearchAction\",\"target\":{\"@type\":\"EntryPoint\",\"urlTemplate\":\"https:\\\/\\\/www.bellunopress.it\\\/?s={search_term_string}\"},\"query-input\":{\"@type\":\"PropertyValueSpecification\",\"valueRequired\":true,\"valueName\":\"search_term_string\"}}],\"inLanguage\":\"fr-FR\"},{\"@type\":\"Organization\",\"@id\":\"https:\\\/\\\/www.bellunopress.it\\\/#organization\",\"name\":\"Bellunopress\",\"url\":\"https:\\\/\\\/www.bellunopress.it\\\/\",\"logo\":{\"@type\":\"ImageObject\",\"inLanguage\":\"fr-FR\",\"@id\":\"https:\\\/\\\/www.bellunopress.it\\\/#\\\/schema\\\/logo\\\/image\\\/\",\"url\":\"https:\\\/\\\/www.bellunopress.it\\\/wp-content\\\/uploads\\\/2011\\\/05\\\/cropped-logo-bellunopress-.jpg\",\"contentUrl\":\"https:\\\/\\\/www.bellunopress.it\\\/wp-content\\\/uploads\\\/2011\\\/05\\\/cropped-logo-bellunopress-.jpg\",\"width\":512,\"height\":512,\"caption\":\"Bellunopress\"},\"image\":{\"@id\":\"https:\\\/\\\/www.bellunopress.it\\\/#\\\/schema\\\/logo\\\/image\\\/\"},\"sameAs\":[\"https:\\\/\\\/www.facebook.com\\\/profile.php?id=100008943462799\",\"https:\\\/\\\/x.com\\\/bellunopress\",\"https:\\\/\\\/www.linkedin.com\\\/hp\\\/?dnr=JBzUWaJfMUw8vbXJJ2tVW5-I3jZKvC4wsoxE&amp;amp;amp;amp;amp;amp;trk=nav_responsive_tab_home\",\"https:\\\/\\\/www.youtube.com\\\/channel\\\/UCxL0wu1uN0_3_7hGG0306cw\"]},{\"@type\":\"Person\",\"@id\":\"https:\\\/\\\/www.bellunopress.it\\\/#\\\/schema\\\/person\\\/79bb06722b37ece1c03d3e94beb30d73\",\"name\":\"redazione\",\"image\":{\"@type\":\"ImageObject\",\"inLanguage\":\"fr-FR\",\"@id\":\"https:\\\/\\\/secure.gravatar.com\\\/avatar\\\/37d968a2e67a6fd04c169c4bdef102d0bc5d31b2546345219e348575eb80e9a0?s=96&d=mm&r=g\",\"url\":\"https:\\\/\\\/secure.gravatar.com\\\/avatar\\\/37d968a2e67a6fd04c169c4bdef102d0bc5d31b2546345219e348575eb80e9a0?s=96&d=mm&r=g\",\"contentUrl\":\"https:\\\/\\\/secure.gravatar.com\\\/avatar\\\/37d968a2e67a6fd04c169c4bdef102d0bc5d31b2546345219e348575eb80e9a0?s=96&d=mm&r=g\",\"caption\":\"redazione\"},\"sameAs\":[\"http:\\\/\\\/www.bellunopress.it\",\"https:\\\/\\\/x.com\\\/bellunopress\"],\"url\":\"https:\\\/\\\/www.bellunopress.it\\\/fr\\\/author\\\/redazione\\\/\"}]}<\/script>\n<!-- \/ Yoast SEO plugin. -->","yoast_head_json":{"title":"Sempre pi\u00f9 traballante la poltrona dell\u2019assessore al Nevegal - Bellunopress - Dolomiti","robots":{"index":"index","follow":"follow","max-snippet":"max-snippet:-1","max-image-preview":"max-image-preview:large","max-video-preview":"max-video-preview:-1"},"canonical":"https:\/\/www.bellunopress.it\/fr\/2025\/08\/17\/sempre-piu-traballante-la-poltrona-dellassessore-al-nevegal\/","og_locale":"fr_FR","og_type":"article","og_title":"Sempre pi\u00f9 traballante la poltrona dell\u2019assessore al Nevegal - Bellunopress - Dolomiti","og_description":"A pesare come macigni il progetto farlocco dei 100 milioni della cordata algerina per il rilancio del Colle e lo scivolone degli stalli blu dei parcheggi a pagamento, anzi gratis Belluno, 17 agosto 2025 &#8211;\u00a0 All\u2019interno della maggioranza in Comune di Belluno sono sempre pi\u00f9 insistenti le richieste di un avvicendamento all\u2019assessorato dei Lavori Pubblici [&hellip;]","og_url":"https:\/\/www.bellunopress.it\/fr\/2025\/08\/17\/sempre-piu-traballante-la-poltrona-dellassessore-al-nevegal\/","og_site_name":"Bellunopress - Dolomiti","article_publisher":"https:\/\/www.facebook.com\/profile.php?id=100008943462799","article_published_time":"2025-08-17T14:47:07+00:00","og_image":[{"width":1000,"height":619,"url":"https:\/\/www.bellunopress.it\/wp-content\/uploads\/2023\/12\/firma-progetto-Nevegal_edited.jpg","type":"image\/jpeg"}],"author":"redazione","twitter_card":"summary_large_image","twitter_creator":"@bellunopress","twitter_site":"@bellunopress","twitter_misc":{"\u00c9crit par":"redazione","Dur\u00e9e de lecture estim\u00e9e":"1 minute"},"schema":{"@context":"https:\/\/schema.org","@graph":[{"@type":"Article","@id":"https:\/\/www.bellunopress.it\/2025\/08\/17\/sempre-piu-traballante-la-poltrona-dellassessore-al-nevegal\/#article","isPartOf":{"@id":"https:\/\/www.bellunopress.it\/2025\/08\/17\/sempre-piu-traballante-la-poltrona-dellassessore-al-nevegal\/"},"author":{"name":"redazione","@id":"https:\/\/www.bellunopress.it\/#\/schema\/person\/79bb06722b37ece1c03d3e94beb30d73"},"headline":"Sempre pi\u00f9 traballante la poltrona dell\u2019assessore al Nevegal","datePublished":"2025-08-17T14:47:07+00:00","mainEntityOfPage":{"@id":"https:\/\/www.bellunopress.it\/2025\/08\/17\/sempre-piu-traballante-la-poltrona-dellassessore-al-nevegal\/"},"wordCount":290,"publisher":{"@id":"https:\/\/www.bellunopress.it\/#organization"},"image":{"@id":"https:\/\/www.bellunopress.it\/2025\/08\/17\/sempre-piu-traballante-la-poltrona-dellassessore-al-nevegal\/#primaryimage"},"thumbnailUrl":"https:\/\/www.bellunopress.it\/wp-content\/uploads\/2023\/12\/firma-progetto-Nevegal_edited.jpg","articleSection":["Cronaca\/Politica","Featured","Prima Pagina"],"inLanguage":"fr-FR"},{"@type":"WebPage","@id":"https:\/\/www.bellunopress.it\/2025\/08\/17\/sempre-piu-traballante-la-poltrona-dellassessore-al-nevegal\/","url":"https:\/\/www.bellunopress.it\/2025\/08\/17\/sempre-piu-traballante-la-poltrona-dellassessore-al-nevegal\/","name":"Sempre pi\u00f9 traballante la poltrona dell\u2019assessore al Nevegal - Bellunopress - Dolomiti","isPartOf":{"@id":"https:\/\/www.bellunopress.it\/#website"},"primaryImageOfPage":{"@id":"https:\/\/www.bellunopress.it\/2025\/08\/17\/sempre-piu-traballante-la-poltrona-dellassessore-al-nevegal\/#primaryimage"},"image":{"@id":"https:\/\/www.bellunopress.it\/2025\/08\/17\/sempre-piu-traballante-la-poltrona-dellassessore-al-nevegal\/#primaryimage"},"thumbnailUrl":"https:\/\/www.bellunopress.it\/wp-content\/uploads\/2023\/12\/firma-progetto-Nevegal_edited.jpg","datePublished":"2025-08-17T14:47:07+00:00","breadcrumb":{"@id":"https:\/\/www.bellunopress.it\/2025\/08\/17\/sempre-piu-traballante-la-poltrona-dellassessore-al-nevegal\/#breadcrumb"},"inLanguage":"fr-FR","potentialAction":[{"@type":"ReadAction","target":["https:\/\/www.bellunopress.it\/2025\/08\/17\/sempre-piu-traballante-la-poltrona-dellassessore-al-nevegal\/"]}]},{"@type":"ImageObject","inLanguage":"fr-FR","@id":"https:\/\/www.bellunopress.it\/2025\/08\/17\/sempre-piu-traballante-la-poltrona-dellassessore-al-nevegal\/#primaryimage","url":"https:\/\/www.bellunopress.it\/wp-content\/uploads\/2023\/12\/firma-progetto-Nevegal_edited.jpg","contentUrl":"https:\/\/www.bellunopress.it\/wp-content\/uploads\/2023\/12\/firma-progetto-Nevegal_edited.jpg","width":1000,"height":619,"caption":"Il momento della firma del protocollo di intenti. Ivano Viel (socio Nevegal365), Kamel Layachi (amministratore Nevegal 365), Franco Roccon (assessore), Oscar De Pellegrin (sindaco di Belluno)"},{"@type":"BreadcrumbList","@id":"https:\/\/www.bellunopress.it\/2025\/08\/17\/sempre-piu-traballante-la-poltrona-dellassessore-al-nevegal\/#breadcrumb","itemListElement":[{"@type":"ListItem","position":1,"name":"Home","item":"https:\/\/www.bellunopress.it\/"},{"@type":"ListItem","position":2,"name":"Sempre pi\u00f9 traballante la poltrona dell\u2019assessore al Nevegal"}]},{"@type":"WebSite","@id":"https:\/\/www.bellunopress.it\/#website","url":"https:\/\/www.bellunopress.it\/","name":"Bellunopress - Dolomiti","description":"e-mail: redazione@bellunopress.it","publisher":{"@id":"https:\/\/www.bellunopress.it\/#organization"},"potentialAction":[{"@type":"SearchAction","target":{"@type":"EntryPoint","urlTemplate":"https:\/\/www.bellunopress.it\/?s={search_term_string}"},"query-input":{"@type":"PropertyValueSpecification","valueRequired":true,"valueName":"search_term_string"}}],"inLanguage":"fr-FR"},{"@type":"Organization","@id":"https:\/\/www.bellunopress.it\/#organization","name":"Bellunopress","url":"https:\/\/www.bellunopress.it\/","logo":{"@type":"ImageObject","inLanguage":"fr-FR","@id":"https:\/\/www.bellunopress.it\/#\/schema\/logo\/image\/","url":"https:\/\/www.bellunopress.it\/wp-content\/uploads\/2011\/05\/cropped-logo-bellunopress-.jpg","contentUrl":"https:\/\/www.bellunopress.it\/wp-content\/uploads\/2011\/05\/cropped-logo-bellunopress-.jpg","width":512,"height":512,"caption":"Bellunopress"},"image":{"@id":"https:\/\/www.bellunopress.it\/#\/schema\/logo\/image\/"},"sameAs":["https:\/\/www.facebook.com\/profile.php?id=100008943462799","https:\/\/x.com\/bellunopress","https:\/\/www.linkedin.com\/hp\/?dnr=JBzUWaJfMUw8vbXJJ2tVW5-I3jZKvC4wsoxE&amp;amp;amp;amp;amp;amp;trk=nav_responsive_tab_home","https:\/\/www.youtube.com\/channel\/UCxL0wu1uN0_3_7hGG0306cw"]},{"@type":"Person","@id":"https:\/\/www.bellunopress.it\/#\/schema\/person\/79bb06722b37ece1c03d3e94beb30d73","name":"r\u00e9daction","image":{"@type":"ImageObject","inLanguage":"fr-FR","@id":"https:\/\/secure.gravatar.com\/avatar\/37d968a2e67a6fd04c169c4bdef102d0bc5d31b2546345219e348575eb80e9a0?s=96&d=mm&r=g","url":"https:\/\/secure.gravatar.com\/avatar\/37d968a2e67a6fd04c169c4bdef102d0bc5d31b2546345219e348575eb80e9a0?s=96&d=mm&r=g","contentUrl":"https:\/\/secure.gravatar.com\/avatar\/37d968a2e67a6fd04c169c4bdef102d0bc5d31b2546345219e348575eb80e9a0?s=96&d=mm&r=g","caption":"redazione"},"sameAs":["http:\/\/www.bellunopress.it","https:\/\/x.com\/bellunopress"],"url":"https:\/\/www.bellunopress.it\/fr\/author\/redazione\/"}]}},"_links":{"self":[{"href":"https:\/\/www.bellunopress.it\/fr\/wp-json\/wp\/v2\/posts\/162622","targetHints":{"allow":["GET"]}}],"collection":[{"href":"https:\/\/www.bellunopress.it\/fr\/wp-json\/wp\/v2\/posts"}],"about":[{"href":"https:\/\/www.bellunopress.it\/fr\/wp-json\/wp\/v2\/types\/post"}],"author":[{"embeddable":true,"href":"https:\/\/www.bellunopress.it\/fr\/wp-json\/wp\/v2\/users\/2"}],"replies":[{"embeddable":true,"href":"https:\/\/www.bellunopress.it\/fr\/wp-json\/wp\/v2\/comments?post=162622"}],"version-history":[{"count":1,"href":"https:\/\/www.bellunopress.it\/fr\/wp-json\/wp\/v2\/posts\/162622\/revisions"}],"predecessor-version":[{"id":162623,"href":"https:\/\/www.bellunopress.it\/fr\/wp-json\/wp\/v2\/posts\/162622\/revisions\/162623"}],"wp:featuredmedia":[{"embeddable":true,"href":"https:\/\/www.bellunopress.it\/fr\/wp-json\/wp\/v2\/media\/146403"}],"wp:attachment":[{"href":"https:\/\/www.bellunopress.it\/fr\/wp-json\/wp\/v2\/media?parent=162622"}],"wp:term":[{"taxonomy":"category","embeddable":true,"href":"https:\/\/www.bellunopress.it\/fr\/wp-json\/wp\/v2\/categories?post=162622"},{"taxonomy":"post_tag","embeddable":true,"href":"https:\/\/www.bellunopress.it\/fr\/wp-json\/wp\/v2\/tags?post=162622"}],"curies":[{"name":"wp","href":"https:\/\/api.w.org\/{rel}","templated":true}]}}