{"id":162613,"date":"2025-08-16T19:38:19","date_gmt":"2025-08-16T17:38:19","guid":{"rendered":"https:\/\/www.bellunopress.it\/?p=162613"},"modified":"2025-08-16T19:38:19","modified_gmt":"2025-08-16T17:38:19","slug":"elogio-del-politicamente-corretto-sorridente-felicemente","status":"publish","type":"post","link":"https:\/\/www.bellunopress.it\/fr\/2025\/08\/16\/elogio-del-politicamente-corretto-sorridente-felicemente\/","title":{"rendered":"Elogio del politicamente corretto, sorridente felicemente"},"content":{"rendered":"<p><img loading=\"lazy\" decoding=\"async\" class=\"aligncenter size-full wp-image-128801\" src=\"https:\/\/www.bellunopress.it\/wp-content\/uploads\/2021\/10\/lettera_edited.jpg\" alt=\"\" width=\"477\" height=\"224\" \/>Alla fine il pensiero unico politicamente corretto ed eticamente corrotto \u00e8 riuscito ancora una volta a trionfare nel tempo della miseria di cui siamo, nostro malgrado, abitatori: \u00e8 stato annullato il concerto del russo Gergiev a Caserta, dopo l&#8217;ondata di polemiche e dopo la deplorevole iniziativa di raccolta firme contro di lui. La direzione della reggia di Caserta ha infatti deciso di annullare la sua esibizione. La colpa di Gergiev \u00e8 quella di essere russo e, di pi\u00f9, non allineato alla narrazione dell&#8217;Occidente, anzi dell&#8217;uccidente liberal-atlantista; narrazione in accordo con la quale la Russia di Putin figura come uno stato totalitario che deve essere reso democratico grazie all&#8217;imperialismo etico e alle bombe democratiche della civilt\u00e0 a stelle e strisce.<\/p>\n<p>Non \u00e8 peraltro un caso isolato.<\/p>\n<p>&#8220;Dopo Gergiev annullato anche il concerto del filo-russo Alexander Romanovsky a Bologna&#8221;, leggiamo su &#8220;Adnkronos&#8221;. Giubila il coro virtuoso dei russofobici che ha promosso questa ignobile iniziativa di censura democratica e di bavaglio progressista. Non sanno, o fingono di non sapere, che censurare la cultura risulta sempre e comunque un gesto ignobile e barbaro, degno non di un governo democratico, ma di un regime repressivo, quale a tutti gli effetti \u00e8 ormai divenuto il nostro ordine occidentale, una plutocrazia neoliberale finanziaria a base imperialistica, sempre pronta a reprimere ogni voce dissenziente con il pretesto della censura democratica e della fantomatica lotta contro la disinformazione; dove naturalmente per disinformazione si intende ogni voce che si discosti dall&#8217;ordine discorsivo dominante, che santifica i rapporti di forza della globalizzazione americanocentrica e turbocapitalistica.<\/p>\n<p>Deve essere chiaro a tutti: non ha vinto la democrazia, ha vinto il pensiero unico con tanto di ostracizzazione deplorevole di ogni voce disallineata. Si fa presto a dire che quella di Putin \u00e8 una dittatura, ma sarebbe bene che l&#8217;Europa e l&#8217;occidente principiassero a considerare seriamente la propria natura.<\/p>\n<p>E adesso apprendiamo che il pensiero unico, oltre che politicamente corretto, \u00e8 anche numericamente corretto. Si sta molto discutendo infatti in questi giorni della surreale decisione di ritirare il numero 88, rendendo impossibile il suo utilizzo sulle magliette calcistiche. Qual \u00e8 il motivo di questa improvvisa damnatio di quello che a tutta prima sembrerebbe essere un numero come gli altri, scevro di colpe e di responsabilit\u00e0? Ebbene, la polizia del pensiero e gli armigeri della forma mentis egemonica hanno scoperto che l&#8217;88 pu\u00f2 essere inteso come un obliquo rinvio al nazismo, che quel numero aveva valorizzato per ragioni ideologiche. Dunque la soluzione proposta dalla polizia del pensiero \u00e8 di ritirare completamente dalla circolazione il numero stesso, come se esso dovesse necessariamente essere abbinato alla follia nazista. A proposito di follia, il pensiero unico politicamente e numericamente corretto sembra anch&#8217;esso non esserne sprovvisto. A furia di cancellare il passato e di rimuovere a discrezione tutto ci\u00f2 che appaia disorganico rispetto alle logiche del presente, presto non sar\u00e0 pi\u00f9 possibile letteralmente dire e pensare nulla, giacch\u00e9 tutto sar\u00e0 stato vietato e additato come psicoreato. E cos\u00ec apparir\u00e0 chiaro come il pensiero unico in realt\u00e0 sia un non pensiero, dacch\u00e9 si fonda sulla neutralizzazione di ogni pensiero possibile affinch\u00e9 prevalga l&#8217;unico modo di pensare legittimo, che dunque non \u00e8 pi\u00f9 un modo di pensare ma \u00e8 un&#8217;imposizione voluta dall&#8217;ordine dominante. Insomma, l&#8217;epoca che si celebra e si autorappresenta come il trionfo della libert\u00e0 finisce per essere quella che ha demolito la libert\u00e0 stessa di pensare. Il tutto naturalmente in nome della libert\u00e0 e della lotta contro la discriminazione.<\/p>\n<p>Il pensiero unico politicamente corretto \u00e8 ovunque dominante: esso silenzia, diffama e delegittima chiunque osi pensare diversamente. In politica, diffama come fascista chiunque non sia allineato. Nell&#8217;ambito dei costumi, demonizza come omofobo chiunque osi deviare dal percorso prestabilito dal pensiero unico ma sempre sorridendo felicemente con garbo educato.<\/p>\n<p>lettera firmata<\/p>","protected":false},"excerpt":{"rendered":"<p>Alla fine il pensiero unico politicamente corretto ed eticamente corrotto \u00e8 riuscito ancora una volta a trionfare nel tempo della miseria di cui siamo, nostro malgrado, abitatori: \u00e8 stato annullato il concerto del russo Gergiev a Caserta, dopo l&#8217;ondata di polemiche e dopo la deplorevole iniziativa di raccolta firme contro di lui. La direzione della [&hellip;]<\/p>\n","protected":false},"author":2,"featured_media":123649,"comment_status":"closed","ping_status":"open","sticky":false,"template":"","format":"standard","meta":{"footnotes":""},"categories":[1],"tags":[],"class_list":["post-162613","post","type-post","status-publish","format-standard","has-post-thumbnail","category-leo"],"yoast_head":"<!-- This site is optimized with the Yoast SEO plugin v28.4 - https:\/\/yoast.com\/product\/yoast-seo-wordpress\/ -->\n<title>Elogio del politicamente corretto, sorridente felicemente - Bellunopress - Dolomiti<\/title>\n<meta name=\"robots\" content=\"index, follow, max-snippet:-1, max-image-preview:large, max-video-preview:-1\" \/>\n<link rel=\"canonical\" href=\"https:\/\/www.bellunopress.it\/fr\/2025\/08\/16\/elogio-del-politicamente-corretto-sorridente-felicemente\/\" \/>\n<meta property=\"og:locale\" content=\"fr_FR\" \/>\n<meta property=\"og:type\" content=\"article\" \/>\n<meta property=\"og:title\" content=\"Elogio del politicamente corretto, sorridente felicemente - Bellunopress - Dolomiti\" \/>\n<meta property=\"og:description\" content=\"Alla fine il pensiero unico politicamente corretto ed eticamente corrotto \u00e8 riuscito ancora una volta a trionfare nel tempo della miseria di cui siamo, nostro malgrado, abitatori: \u00e8 stato annullato il concerto del russo Gergiev a Caserta, dopo l&#8217;ondata di polemiche e dopo la deplorevole iniziativa di raccolta firme contro di lui. La direzione della [&hellip;]\" \/>\n<meta property=\"og:url\" content=\"https:\/\/www.bellunopress.it\/fr\/2025\/08\/16\/elogio-del-politicamente-corretto-sorridente-felicemente\/\" \/>\n<meta property=\"og:site_name\" content=\"Bellunopress - Dolomiti\" \/>\n<meta property=\"article:publisher\" content=\"https:\/\/www.facebook.com\/profile.php?id=100008943462799\" \/>\n<meta property=\"article:published_time\" content=\"2025-08-16T17:38:19+00:00\" \/>\n<meta property=\"og:image\" content=\"https:\/\/www.bellunopress.it\/wp-content\/uploads\/2021\/04\/lettera-mail_edited.jpg\" \/>\n\t<meta property=\"og:image:width\" content=\"962\" \/>\n\t<meta property=\"og:image:height\" content=\"1000\" \/>\n\t<meta property=\"og:image:type\" content=\"image\/jpeg\" \/>\n<meta name=\"author\" content=\"redazione\" \/>\n<meta name=\"twitter:card\" content=\"summary_large_image\" \/>\n<meta name=\"twitter:creator\" content=\"@bellunopress\" \/>\n<meta name=\"twitter:site\" content=\"@bellunopress\" \/>\n<meta name=\"twitter:label1\" content=\"\u00c9crit par\" \/>\n\t<meta name=\"twitter:data1\" content=\"redazione\" \/>\n\t<meta name=\"twitter:label2\" content=\"Dur\u00e9e de lecture estim\u00e9e\" \/>\n\t<meta name=\"twitter:data2\" content=\"3 minutes\" \/>\n<script type=\"application\/ld+json\" class=\"yoast-schema-graph\">{\"@context\":\"https:\\\/\\\/schema.org\",\"@graph\":[{\"@type\":\"Article\",\"@id\":\"https:\\\/\\\/www.bellunopress.it\\\/2025\\\/08\\\/16\\\/elogio-del-politicamente-corretto-sorridente-felicemente\\\/#article\",\"isPartOf\":{\"@id\":\"https:\\\/\\\/www.bellunopress.it\\\/2025\\\/08\\\/16\\\/elogio-del-politicamente-corretto-sorridente-felicemente\\\/\"},\"author\":{\"name\":\"redazione\",\"@id\":\"https:\\\/\\\/www.bellunopress.it\\\/#\\\/schema\\\/person\\\/79bb06722b37ece1c03d3e94beb30d73\"},\"headline\":\"Elogio del politicamente corretto, sorridente felicemente\",\"datePublished\":\"2025-08-16T17:38:19+00:00\",\"mainEntityOfPage\":{\"@id\":\"https:\\\/\\\/www.bellunopress.it\\\/2025\\\/08\\\/16\\\/elogio-del-politicamente-corretto-sorridente-felicemente\\\/\"},\"wordCount\":625,\"publisher\":{\"@id\":\"https:\\\/\\\/www.bellunopress.it\\\/#organization\"},\"image\":{\"@id\":\"https:\\\/\\\/www.bellunopress.it\\\/2025\\\/08\\\/16\\\/elogio-del-politicamente-corretto-sorridente-felicemente\\\/#primaryimage\"},\"thumbnailUrl\":\"https:\\\/\\\/www.bellunopress.it\\\/wp-content\\\/uploads\\\/2021\\\/04\\\/lettera-mail_edited.jpg\",\"articleSection\":[\"Lettere Opinioni\"],\"inLanguage\":\"fr-FR\"},{\"@type\":\"WebPage\",\"@id\":\"https:\\\/\\\/www.bellunopress.it\\\/2025\\\/08\\\/16\\\/elogio-del-politicamente-corretto-sorridente-felicemente\\\/\",\"url\":\"https:\\\/\\\/www.bellunopress.it\\\/2025\\\/08\\\/16\\\/elogio-del-politicamente-corretto-sorridente-felicemente\\\/\",\"name\":\"Elogio del politicamente corretto, sorridente felicemente - Bellunopress - Dolomiti\",\"isPartOf\":{\"@id\":\"https:\\\/\\\/www.bellunopress.it\\\/#website\"},\"primaryImageOfPage\":{\"@id\":\"https:\\\/\\\/www.bellunopress.it\\\/2025\\\/08\\\/16\\\/elogio-del-politicamente-corretto-sorridente-felicemente\\\/#primaryimage\"},\"image\":{\"@id\":\"https:\\\/\\\/www.bellunopress.it\\\/2025\\\/08\\\/16\\\/elogio-del-politicamente-corretto-sorridente-felicemente\\\/#primaryimage\"},\"thumbnailUrl\":\"https:\\\/\\\/www.bellunopress.it\\\/wp-content\\\/uploads\\\/2021\\\/04\\\/lettera-mail_edited.jpg\",\"datePublished\":\"2025-08-16T17:38:19+00:00\",\"breadcrumb\":{\"@id\":\"https:\\\/\\\/www.bellunopress.it\\\/2025\\\/08\\\/16\\\/elogio-del-politicamente-corretto-sorridente-felicemente\\\/#breadcrumb\"},\"inLanguage\":\"fr-FR\",\"potentialAction\":[{\"@type\":\"ReadAction\",\"target\":[\"https:\\\/\\\/www.bellunopress.it\\\/2025\\\/08\\\/16\\\/elogio-del-politicamente-corretto-sorridente-felicemente\\\/\"]}]},{\"@type\":\"ImageObject\",\"inLanguage\":\"fr-FR\",\"@id\":\"https:\\\/\\\/www.bellunopress.it\\\/2025\\\/08\\\/16\\\/elogio-del-politicamente-corretto-sorridente-felicemente\\\/#primaryimage\",\"url\":\"https:\\\/\\\/www.bellunopress.it\\\/wp-content\\\/uploads\\\/2021\\\/04\\\/lettera-mail_edited.jpg\",\"contentUrl\":\"https:\\\/\\\/www.bellunopress.it\\\/wp-content\\\/uploads\\\/2021\\\/04\\\/lettera-mail_edited.jpg\",\"width\":962,\"height\":1000},{\"@type\":\"BreadcrumbList\",\"@id\":\"https:\\\/\\\/www.bellunopress.it\\\/2025\\\/08\\\/16\\\/elogio-del-politicamente-corretto-sorridente-felicemente\\\/#breadcrumb\",\"itemListElement\":[{\"@type\":\"ListItem\",\"position\":1,\"name\":\"Home\",\"item\":\"https:\\\/\\\/www.bellunopress.it\\\/\"},{\"@type\":\"ListItem\",\"position\":2,\"name\":\"Elogio del politicamente corretto, sorridente felicemente\"}]},{\"@type\":\"WebSite\",\"@id\":\"https:\\\/\\\/www.bellunopress.it\\\/#website\",\"url\":\"https:\\\/\\\/www.bellunopress.it\\\/\",\"name\":\"Bellunopress - Dolomiti\",\"description\":\"e-mail: redazione@bellunopress.it\",\"publisher\":{\"@id\":\"https:\\\/\\\/www.bellunopress.it\\\/#organization\"},\"potentialAction\":[{\"@type\":\"SearchAction\",\"target\":{\"@type\":\"EntryPoint\",\"urlTemplate\":\"https:\\\/\\\/www.bellunopress.it\\\/?s={search_term_string}\"},\"query-input\":{\"@type\":\"PropertyValueSpecification\",\"valueRequired\":true,\"valueName\":\"search_term_string\"}}],\"inLanguage\":\"fr-FR\"},{\"@type\":\"Organization\",\"@id\":\"https:\\\/\\\/www.bellunopress.it\\\/#organization\",\"name\":\"Bellunopress\",\"url\":\"https:\\\/\\\/www.bellunopress.it\\\/\",\"logo\":{\"@type\":\"ImageObject\",\"inLanguage\":\"fr-FR\",\"@id\":\"https:\\\/\\\/www.bellunopress.it\\\/#\\\/schema\\\/logo\\\/image\\\/\",\"url\":\"https:\\\/\\\/www.bellunopress.it\\\/wp-content\\\/uploads\\\/2011\\\/05\\\/cropped-logo-bellunopress-.jpg\",\"contentUrl\":\"https:\\\/\\\/www.bellunopress.it\\\/wp-content\\\/uploads\\\/2011\\\/05\\\/cropped-logo-bellunopress-.jpg\",\"width\":512,\"height\":512,\"caption\":\"Bellunopress\"},\"image\":{\"@id\":\"https:\\\/\\\/www.bellunopress.it\\\/#\\\/schema\\\/logo\\\/image\\\/\"},\"sameAs\":[\"https:\\\/\\\/www.facebook.com\\\/profile.php?id=100008943462799\",\"https:\\\/\\\/x.com\\\/bellunopress\",\"https:\\\/\\\/www.linkedin.com\\\/hp\\\/?dnr=JBzUWaJfMUw8vbXJJ2tVW5-I3jZKvC4wsoxE&amp;amp;amp;amp;amp;amp;trk=nav_responsive_tab_home\",\"https:\\\/\\\/www.youtube.com\\\/channel\\\/UCxL0wu1uN0_3_7hGG0306cw\"]},{\"@type\":\"Person\",\"@id\":\"https:\\\/\\\/www.bellunopress.it\\\/#\\\/schema\\\/person\\\/79bb06722b37ece1c03d3e94beb30d73\",\"name\":\"redazione\",\"image\":{\"@type\":\"ImageObject\",\"inLanguage\":\"fr-FR\",\"@id\":\"https:\\\/\\\/secure.gravatar.com\\\/avatar\\\/37d968a2e67a6fd04c169c4bdef102d0bc5d31b2546345219e348575eb80e9a0?s=96&d=mm&r=g\",\"url\":\"https:\\\/\\\/secure.gravatar.com\\\/avatar\\\/37d968a2e67a6fd04c169c4bdef102d0bc5d31b2546345219e348575eb80e9a0?s=96&d=mm&r=g\",\"contentUrl\":\"https:\\\/\\\/secure.gravatar.com\\\/avatar\\\/37d968a2e67a6fd04c169c4bdef102d0bc5d31b2546345219e348575eb80e9a0?s=96&d=mm&r=g\",\"caption\":\"redazione\"},\"sameAs\":[\"http:\\\/\\\/www.bellunopress.it\",\"https:\\\/\\\/x.com\\\/bellunopress\"],\"url\":\"https:\\\/\\\/www.bellunopress.it\\\/fr\\\/author\\\/redazione\\\/\"}]}<\/script>\n<!-- \/ Yoast SEO plugin. -->","yoast_head_json":{"title":"Elogio del politicamente corretto, sorridente felicemente - Bellunopress - Dolomiti","robots":{"index":"index","follow":"follow","max-snippet":"max-snippet:-1","max-image-preview":"max-image-preview:large","max-video-preview":"max-video-preview:-1"},"canonical":"https:\/\/www.bellunopress.it\/fr\/2025\/08\/16\/elogio-del-politicamente-corretto-sorridente-felicemente\/","og_locale":"fr_FR","og_type":"article","og_title":"Elogio del politicamente corretto, sorridente felicemente - Bellunopress - Dolomiti","og_description":"Alla fine il pensiero unico politicamente corretto ed eticamente corrotto \u00e8 riuscito ancora una volta a trionfare nel tempo della miseria di cui siamo, nostro malgrado, abitatori: \u00e8 stato annullato il concerto del russo Gergiev a Caserta, dopo l&#8217;ondata di polemiche e dopo la deplorevole iniziativa di raccolta firme contro di lui. La direzione della [&hellip;]","og_url":"https:\/\/www.bellunopress.it\/fr\/2025\/08\/16\/elogio-del-politicamente-corretto-sorridente-felicemente\/","og_site_name":"Bellunopress - Dolomiti","article_publisher":"https:\/\/www.facebook.com\/profile.php?id=100008943462799","article_published_time":"2025-08-16T17:38:19+00:00","og_image":[{"width":962,"height":1000,"url":"https:\/\/www.bellunopress.it\/wp-content\/uploads\/2021\/04\/lettera-mail_edited.jpg","type":"image\/jpeg"}],"author":"redazione","twitter_card":"summary_large_image","twitter_creator":"@bellunopress","twitter_site":"@bellunopress","twitter_misc":{"\u00c9crit par":"redazione","Dur\u00e9e de lecture estim\u00e9e":"3 minutes"},"schema":{"@context":"https:\/\/schema.org","@graph":[{"@type":"Article","@id":"https:\/\/www.bellunopress.it\/2025\/08\/16\/elogio-del-politicamente-corretto-sorridente-felicemente\/#article","isPartOf":{"@id":"https:\/\/www.bellunopress.it\/2025\/08\/16\/elogio-del-politicamente-corretto-sorridente-felicemente\/"},"author":{"name":"redazione","@id":"https:\/\/www.bellunopress.it\/#\/schema\/person\/79bb06722b37ece1c03d3e94beb30d73"},"headline":"Elogio del politicamente corretto, sorridente felicemente","datePublished":"2025-08-16T17:38:19+00:00","mainEntityOfPage":{"@id":"https:\/\/www.bellunopress.it\/2025\/08\/16\/elogio-del-politicamente-corretto-sorridente-felicemente\/"},"wordCount":625,"publisher":{"@id":"https:\/\/www.bellunopress.it\/#organization"},"image":{"@id":"https:\/\/www.bellunopress.it\/2025\/08\/16\/elogio-del-politicamente-corretto-sorridente-felicemente\/#primaryimage"},"thumbnailUrl":"https:\/\/www.bellunopress.it\/wp-content\/uploads\/2021\/04\/lettera-mail_edited.jpg","articleSection":["Lettere Opinioni"],"inLanguage":"fr-FR"},{"@type":"WebPage","@id":"https:\/\/www.bellunopress.it\/2025\/08\/16\/elogio-del-politicamente-corretto-sorridente-felicemente\/","url":"https:\/\/www.bellunopress.it\/2025\/08\/16\/elogio-del-politicamente-corretto-sorridente-felicemente\/","name":"Elogio del politicamente corretto, sorridente felicemente - Bellunopress - Dolomiti","isPartOf":{"@id":"https:\/\/www.bellunopress.it\/#website"},"primaryImageOfPage":{"@id":"https:\/\/www.bellunopress.it\/2025\/08\/16\/elogio-del-politicamente-corretto-sorridente-felicemente\/#primaryimage"},"image":{"@id":"https:\/\/www.bellunopress.it\/2025\/08\/16\/elogio-del-politicamente-corretto-sorridente-felicemente\/#primaryimage"},"thumbnailUrl":"https:\/\/www.bellunopress.it\/wp-content\/uploads\/2021\/04\/lettera-mail_edited.jpg","datePublished":"2025-08-16T17:38:19+00:00","breadcrumb":{"@id":"https:\/\/www.bellunopress.it\/2025\/08\/16\/elogio-del-politicamente-corretto-sorridente-felicemente\/#breadcrumb"},"inLanguage":"fr-FR","potentialAction":[{"@type":"ReadAction","target":["https:\/\/www.bellunopress.it\/2025\/08\/16\/elogio-del-politicamente-corretto-sorridente-felicemente\/"]}]},{"@type":"ImageObject","inLanguage":"fr-FR","@id":"https:\/\/www.bellunopress.it\/2025\/08\/16\/elogio-del-politicamente-corretto-sorridente-felicemente\/#primaryimage","url":"https:\/\/www.bellunopress.it\/wp-content\/uploads\/2021\/04\/lettera-mail_edited.jpg","contentUrl":"https:\/\/www.bellunopress.it\/wp-content\/uploads\/2021\/04\/lettera-mail_edited.jpg","width":962,"height":1000},{"@type":"BreadcrumbList","@id":"https:\/\/www.bellunopress.it\/2025\/08\/16\/elogio-del-politicamente-corretto-sorridente-felicemente\/#breadcrumb","itemListElement":[{"@type":"ListItem","position":1,"name":"Home","item":"https:\/\/www.bellunopress.it\/"},{"@type":"ListItem","position":2,"name":"Elogio del politicamente corretto, sorridente felicemente"}]},{"@type":"WebSite","@id":"https:\/\/www.bellunopress.it\/#website","url":"https:\/\/www.bellunopress.it\/","name":"Bellunopress - Dolomiti","description":"e-mail: redazione@bellunopress.it","publisher":{"@id":"https:\/\/www.bellunopress.it\/#organization"},"potentialAction":[{"@type":"SearchAction","target":{"@type":"EntryPoint","urlTemplate":"https:\/\/www.bellunopress.it\/?s={search_term_string}"},"query-input":{"@type":"PropertyValueSpecification","valueRequired":true,"valueName":"search_term_string"}}],"inLanguage":"fr-FR"},{"@type":"Organization","@id":"https:\/\/www.bellunopress.it\/#organization","name":"Bellunopress","url":"https:\/\/www.bellunopress.it\/","logo":{"@type":"ImageObject","inLanguage":"fr-FR","@id":"https:\/\/www.bellunopress.it\/#\/schema\/logo\/image\/","url":"https:\/\/www.bellunopress.it\/wp-content\/uploads\/2011\/05\/cropped-logo-bellunopress-.jpg","contentUrl":"https:\/\/www.bellunopress.it\/wp-content\/uploads\/2011\/05\/cropped-logo-bellunopress-.jpg","width":512,"height":512,"caption":"Bellunopress"},"image":{"@id":"https:\/\/www.bellunopress.it\/#\/schema\/logo\/image\/"},"sameAs":["https:\/\/www.facebook.com\/profile.php?id=100008943462799","https:\/\/x.com\/bellunopress","https:\/\/www.linkedin.com\/hp\/?dnr=JBzUWaJfMUw8vbXJJ2tVW5-I3jZKvC4wsoxE&amp;amp;amp;amp;amp;amp;trk=nav_responsive_tab_home","https:\/\/www.youtube.com\/channel\/UCxL0wu1uN0_3_7hGG0306cw"]},{"@type":"Person","@id":"https:\/\/www.bellunopress.it\/#\/schema\/person\/79bb06722b37ece1c03d3e94beb30d73","name":"r\u00e9daction","image":{"@type":"ImageObject","inLanguage":"fr-FR","@id":"https:\/\/secure.gravatar.com\/avatar\/37d968a2e67a6fd04c169c4bdef102d0bc5d31b2546345219e348575eb80e9a0?s=96&d=mm&r=g","url":"https:\/\/secure.gravatar.com\/avatar\/37d968a2e67a6fd04c169c4bdef102d0bc5d31b2546345219e348575eb80e9a0?s=96&d=mm&r=g","contentUrl":"https:\/\/secure.gravatar.com\/avatar\/37d968a2e67a6fd04c169c4bdef102d0bc5d31b2546345219e348575eb80e9a0?s=96&d=mm&r=g","caption":"redazione"},"sameAs":["http:\/\/www.bellunopress.it","https:\/\/x.com\/bellunopress"],"url":"https:\/\/www.bellunopress.it\/fr\/author\/redazione\/"}]}},"_links":{"self":[{"href":"https:\/\/www.bellunopress.it\/fr\/wp-json\/wp\/v2\/posts\/162613","targetHints":{"allow":["GET"]}}],"collection":[{"href":"https:\/\/www.bellunopress.it\/fr\/wp-json\/wp\/v2\/posts"}],"about":[{"href":"https:\/\/www.bellunopress.it\/fr\/wp-json\/wp\/v2\/types\/post"}],"author":[{"embeddable":true,"href":"https:\/\/www.bellunopress.it\/fr\/wp-json\/wp\/v2\/users\/2"}],"replies":[{"embeddable":true,"href":"https:\/\/www.bellunopress.it\/fr\/wp-json\/wp\/v2\/comments?post=162613"}],"version-history":[{"count":1,"href":"https:\/\/www.bellunopress.it\/fr\/wp-json\/wp\/v2\/posts\/162613\/revisions"}],"predecessor-version":[{"id":162614,"href":"https:\/\/www.bellunopress.it\/fr\/wp-json\/wp\/v2\/posts\/162613\/revisions\/162614"}],"wp:featuredmedia":[{"embeddable":true,"href":"https:\/\/www.bellunopress.it\/fr\/wp-json\/wp\/v2\/media\/123649"}],"wp:attachment":[{"href":"https:\/\/www.bellunopress.it\/fr\/wp-json\/wp\/v2\/media?parent=162613"}],"wp:term":[{"taxonomy":"category","embeddable":true,"href":"https:\/\/www.bellunopress.it\/fr\/wp-json\/wp\/v2\/categories?post=162613"},{"taxonomy":"post_tag","embeddable":true,"href":"https:\/\/www.bellunopress.it\/fr\/wp-json\/wp\/v2\/tags?post=162613"}],"curies":[{"name":"wp","href":"https:\/\/api.w.org\/{rel}","templated":true}]}}