{"id":162608,"date":"2025-08-16T14:18:43","date_gmt":"2025-08-16T12:18:43","guid":{"rendered":"https:\/\/www.bellunopress.it\/?p=162608"},"modified":"2025-08-16T17:14:58","modified_gmt":"2025-08-16T15:14:58","slug":"dietrofront-della-giunta-tutti-i-parcheggi-del-nevegal-sono-gratuiti-compresi-quelli-blu","status":"publish","type":"post","link":"https:\/\/www.bellunopress.it\/fr\/2025\/08\/16\/dietrofront-della-giunta-tutti-i-parcheggi-del-nevegal-sono-gratuiti-compresi-quelli-blu\/","title":{"rendered":"Dietrofront della giunta. Tutti i parcheggi del Nevegal sono gratuiti compresi quelli blu"},"content":{"rendered":"<figure id=\"attachment_162242\" aria-describedby=\"caption-attachment-162242\" style=\"width: 524px\" class=\"wp-caption aligncenter\"><img loading=\"lazy\" decoding=\"async\" class=\"size-full wp-image-162242\" src=\"https:\/\/www.bellunopress.it\/wp-content\/uploads\/2025\/07\/parcheggi-blu-in-Nevegal_edited.jpg\" alt=\"strisce blu\" width=\"524\" height=\"348\" srcset=\"https:\/\/www.bellunopress.it\/wp-content\/uploads\/2025\/07\/parcheggi-blu-in-Nevegal_edited.jpg 524w, https:\/\/www.bellunopress.it\/wp-content\/uploads\/2025\/07\/parcheggi-blu-in-Nevegal_edited-500x332.jpg 500w\" sizes=\"auto, (max-width: 524px) 100vw, 524px\" \/><figcaption id=\"caption-attachment-162242\" class=\"wp-caption-text\">Piazzale del Nevegal . Belluno<\/figcaption><\/figure>\n<p>Belluno, 16 agosto 2025 &#8211; Completati i lavori di riqualificazione del piazzale del Nevegal e disegnati i parcheggi: non ci saranno stalli a pagamento.<\/p>\n<p>\u201cOggi il nostro Nevegal si presenta al meglio e sta vivendo una stagione estiva di grande afflusso \u2013 commenta il sindaco Oscar De Pellegrin \u2013. I parcheggi sono gratuiti e, anche se la segnaletica orizzontale presenta in parte strisce blu, queste non saranno soggette a pagamento. \u00c8 un impegno chiaro, che abbiamo assunto e che intendiamo mantenere: il piazzale potr\u00e0 essere utilizzato liberamente, senza alcuna limitazione di tempo o tariffa\u201d.<\/p>\n<p>Il progetto di riqualificazione non ha modificato in modo sostanziale il numero complessivo di stalli, che \u00e8 rimasto grosso modo lo stesso di prima, ma ha portato a una distribuzione pi\u00f9 razionale degli spazi e all\u2019introduzione di aree dedicate: alcuni posti sono stati infatti riservati alle mamme con bambini, per rendere pi\u00f9 agevole la sosta e la ripartenza e sono state predisposte postazioni per la ricarica delle auto elettriche, in risposta alle nuove esigenze di mobilit\u00e0 sostenibile. Sono stati garantiti, naturalmente, anche gli stalli per persone con disabilit\u00e0, quelli per i motocicli e per i pulmini.<\/p>\n<p>\u201cIl piazzale, completamente rinnovato, \u00e8 oggi uno spazio ordinato, accogliente e funzionale \u2013 sottolinea il Sindaco \u2013. Grazie alla nuova organizzazione degli spazi, abbiamo garantito ordine, sicurezza per i pedoni e un\u2019immagine curata che accoglie chi arriva nel nostro amato Nevegal.\u201d<\/p>","protected":false},"excerpt":{"rendered":"<p>Belluno, 16 agosto 2025 &#8211; Completati i lavori di riqualificazione del piazzale del Nevegal e disegnati i parcheggi: non ci saranno stalli a pagamento. \u201cOggi il nostro Nevegal si presenta al meglio e sta vivendo una stagione estiva di grande afflusso \u2013 commenta il sindaco Oscar De Pellegrin \u2013. I parcheggi sono gratuiti e, anche [&hellip;]<\/p>\n","protected":false},"author":2,"featured_media":162242,"comment_status":"closed","ping_status":"open","sticky":false,"template":"","format":"standard","meta":{"footnotes":""},"categories":[5,3446,26],"tags":[],"class_list":["post-162608","post","type-post","status-publish","format-standard","has-post-thumbnail","category-cronaca","category-featured","category-prima-pagina"],"yoast_head":"<!-- This site is optimized with the Yoast SEO plugin v28.4 - https:\/\/yoast.com\/product\/yoast-seo-wordpress\/ -->\n<title>Dietrofront della giunta. Tutti i parcheggi del Nevegal sono gratuiti compresi quelli blu - Bellunopress - Dolomiti<\/title>\n<meta name=\"robots\" content=\"index, follow, max-snippet:-1, max-image-preview:large, max-video-preview:-1\" \/>\n<link rel=\"canonical\" href=\"https:\/\/www.bellunopress.it\/fr\/2025\/08\/16\/dietrofront-della-giunta-tutti-i-parcheggi-del-nevegal-sono-gratuiti-compresi-quelli-blu\/\" \/>\n<meta property=\"og:locale\" content=\"fr_FR\" \/>\n<meta property=\"og:type\" content=\"article\" \/>\n<meta property=\"og:title\" content=\"Dietrofront della giunta. Tutti i parcheggi del Nevegal sono gratuiti compresi quelli blu - Bellunopress - Dolomiti\" \/>\n<meta property=\"og:description\" content=\"Belluno, 16 agosto 2025 &#8211; Completati i lavori di riqualificazione del piazzale del Nevegal e disegnati i parcheggi: non ci saranno stalli a pagamento. \u201cOggi il nostro Nevegal si presenta al meglio e sta vivendo una stagione estiva di grande afflusso \u2013 commenta il sindaco Oscar De Pellegrin \u2013. I parcheggi sono gratuiti e, anche [&hellip;]\" \/>\n<meta property=\"og:url\" content=\"https:\/\/www.bellunopress.it\/fr\/2025\/08\/16\/dietrofront-della-giunta-tutti-i-parcheggi-del-nevegal-sono-gratuiti-compresi-quelli-blu\/\" \/>\n<meta property=\"og:site_name\" content=\"Bellunopress - Dolomiti\" \/>\n<meta property=\"article:publisher\" content=\"https:\/\/www.facebook.com\/profile.php?id=100008943462799\" \/>\n<meta property=\"article:published_time\" content=\"2025-08-16T12:18:43+00:00\" \/>\n<meta property=\"article:modified_time\" content=\"2025-08-16T15:14:58+00:00\" \/>\n<meta property=\"og:image\" content=\"https:\/\/www.bellunopress.it\/wp-content\/uploads\/2025\/07\/parcheggi-blu-in-Nevegal_edited.jpg\" \/>\n\t<meta property=\"og:image:width\" content=\"524\" \/>\n\t<meta property=\"og:image:height\" content=\"348\" \/>\n\t<meta property=\"og:image:type\" content=\"image\/jpeg\" \/>\n<meta name=\"author\" content=\"redazione\" \/>\n<meta name=\"twitter:card\" content=\"summary_large_image\" \/>\n<meta name=\"twitter:creator\" content=\"@bellunopress\" \/>\n<meta name=\"twitter:site\" content=\"@bellunopress\" \/>\n<meta name=\"twitter:label1\" content=\"\u00c9crit par\" \/>\n\t<meta name=\"twitter:data1\" content=\"redazione\" \/>\n\t<meta name=\"twitter:label2\" content=\"Dur\u00e9e de lecture estim\u00e9e\" \/>\n\t<meta name=\"twitter:data2\" content=\"1 minute\" \/>\n<script type=\"application\/ld+json\" class=\"yoast-schema-graph\">{\"@context\":\"https:\\\/\\\/schema.org\",\"@graph\":[{\"@type\":\"Article\",\"@id\":\"https:\\\/\\\/www.bellunopress.it\\\/2025\\\/08\\\/16\\\/dietrofront-della-giunta-tutti-i-parcheggi-del-nevegal-sono-gratuiti-compresi-quelli-blu\\\/#article\",\"isPartOf\":{\"@id\":\"https:\\\/\\\/www.bellunopress.it\\\/2025\\\/08\\\/16\\\/dietrofront-della-giunta-tutti-i-parcheggi-del-nevegal-sono-gratuiti-compresi-quelli-blu\\\/\"},\"author\":{\"name\":\"redazione\",\"@id\":\"https:\\\/\\\/www.bellunopress.it\\\/#\\\/schema\\\/person\\\/79bb06722b37ece1c03d3e94beb30d73\"},\"headline\":\"Dietrofront della giunta. Tutti i parcheggi del Nevegal sono gratuiti compresi quelli blu\",\"datePublished\":\"2025-08-16T12:18:43+00:00\",\"dateModified\":\"2025-08-16T15:14:58+00:00\",\"mainEntityOfPage\":{\"@id\":\"https:\\\/\\\/www.bellunopress.it\\\/2025\\\/08\\\/16\\\/dietrofront-della-giunta-tutti-i-parcheggi-del-nevegal-sono-gratuiti-compresi-quelli-blu\\\/\"},\"wordCount\":248,\"publisher\":{\"@id\":\"https:\\\/\\\/www.bellunopress.it\\\/#organization\"},\"image\":{\"@id\":\"https:\\\/\\\/www.bellunopress.it\\\/2025\\\/08\\\/16\\\/dietrofront-della-giunta-tutti-i-parcheggi-del-nevegal-sono-gratuiti-compresi-quelli-blu\\\/#primaryimage\"},\"thumbnailUrl\":\"https:\\\/\\\/www.bellunopress.it\\\/wp-content\\\/uploads\\\/2025\\\/07\\\/parcheggi-blu-in-Nevegal_edited.jpg\",\"articleSection\":[\"Cronaca\\\/Politica\",\"Featured\",\"Prima Pagina\"],\"inLanguage\":\"fr-FR\"},{\"@type\":\"WebPage\",\"@id\":\"https:\\\/\\\/www.bellunopress.it\\\/2025\\\/08\\\/16\\\/dietrofront-della-giunta-tutti-i-parcheggi-del-nevegal-sono-gratuiti-compresi-quelli-blu\\\/\",\"url\":\"https:\\\/\\\/www.bellunopress.it\\\/2025\\\/08\\\/16\\\/dietrofront-della-giunta-tutti-i-parcheggi-del-nevegal-sono-gratuiti-compresi-quelli-blu\\\/\",\"name\":\"Dietrofront della giunta. Tutti i parcheggi del Nevegal sono gratuiti compresi quelli blu - Bellunopress - Dolomiti\",\"isPartOf\":{\"@id\":\"https:\\\/\\\/www.bellunopress.it\\\/#website\"},\"primaryImageOfPage\":{\"@id\":\"https:\\\/\\\/www.bellunopress.it\\\/2025\\\/08\\\/16\\\/dietrofront-della-giunta-tutti-i-parcheggi-del-nevegal-sono-gratuiti-compresi-quelli-blu\\\/#primaryimage\"},\"image\":{\"@id\":\"https:\\\/\\\/www.bellunopress.it\\\/2025\\\/08\\\/16\\\/dietrofront-della-giunta-tutti-i-parcheggi-del-nevegal-sono-gratuiti-compresi-quelli-blu\\\/#primaryimage\"},\"thumbnailUrl\":\"https:\\\/\\\/www.bellunopress.it\\\/wp-content\\\/uploads\\\/2025\\\/07\\\/parcheggi-blu-in-Nevegal_edited.jpg\",\"datePublished\":\"2025-08-16T12:18:43+00:00\",\"dateModified\":\"2025-08-16T15:14:58+00:00\",\"breadcrumb\":{\"@id\":\"https:\\\/\\\/www.bellunopress.it\\\/2025\\\/08\\\/16\\\/dietrofront-della-giunta-tutti-i-parcheggi-del-nevegal-sono-gratuiti-compresi-quelli-blu\\\/#breadcrumb\"},\"inLanguage\":\"fr-FR\",\"potentialAction\":[{\"@type\":\"ReadAction\",\"target\":[\"https:\\\/\\\/www.bellunopress.it\\\/2025\\\/08\\\/16\\\/dietrofront-della-giunta-tutti-i-parcheggi-del-nevegal-sono-gratuiti-compresi-quelli-blu\\\/\"]}]},{\"@type\":\"ImageObject\",\"inLanguage\":\"fr-FR\",\"@id\":\"https:\\\/\\\/www.bellunopress.it\\\/2025\\\/08\\\/16\\\/dietrofront-della-giunta-tutti-i-parcheggi-del-nevegal-sono-gratuiti-compresi-quelli-blu\\\/#primaryimage\",\"url\":\"https:\\\/\\\/www.bellunopress.it\\\/wp-content\\\/uploads\\\/2025\\\/07\\\/parcheggi-blu-in-Nevegal_edited.jpg\",\"contentUrl\":\"https:\\\/\\\/www.bellunopress.it\\\/wp-content\\\/uploads\\\/2025\\\/07\\\/parcheggi-blu-in-Nevegal_edited.jpg\",\"width\":524,\"height\":348,\"caption\":\"Piazzale del Nevegal . Belluno\"},{\"@type\":\"BreadcrumbList\",\"@id\":\"https:\\\/\\\/www.bellunopress.it\\\/2025\\\/08\\\/16\\\/dietrofront-della-giunta-tutti-i-parcheggi-del-nevegal-sono-gratuiti-compresi-quelli-blu\\\/#breadcrumb\",\"itemListElement\":[{\"@type\":\"ListItem\",\"position\":1,\"name\":\"Home\",\"item\":\"https:\\\/\\\/www.bellunopress.it\\\/\"},{\"@type\":\"ListItem\",\"position\":2,\"name\":\"Dietrofront della giunta. Tutti i parcheggi del Nevegal sono gratuiti compresi quelli blu\"}]},{\"@type\":\"WebSite\",\"@id\":\"https:\\\/\\\/www.bellunopress.it\\\/#website\",\"url\":\"https:\\\/\\\/www.bellunopress.it\\\/\",\"name\":\"Bellunopress - Dolomiti\",\"description\":\"e-mail: redazione@bellunopress.it\",\"publisher\":{\"@id\":\"https:\\\/\\\/www.bellunopress.it\\\/#organization\"},\"potentialAction\":[{\"@type\":\"SearchAction\",\"target\":{\"@type\":\"EntryPoint\",\"urlTemplate\":\"https:\\\/\\\/www.bellunopress.it\\\/?s={search_term_string}\"},\"query-input\":{\"@type\":\"PropertyValueSpecification\",\"valueRequired\":true,\"valueName\":\"search_term_string\"}}],\"inLanguage\":\"fr-FR\"},{\"@type\":\"Organization\",\"@id\":\"https:\\\/\\\/www.bellunopress.it\\\/#organization\",\"name\":\"Bellunopress\",\"url\":\"https:\\\/\\\/www.bellunopress.it\\\/\",\"logo\":{\"@type\":\"ImageObject\",\"inLanguage\":\"fr-FR\",\"@id\":\"https:\\\/\\\/www.bellunopress.it\\\/#\\\/schema\\\/logo\\\/image\\\/\",\"url\":\"https:\\\/\\\/www.bellunopress.it\\\/wp-content\\\/uploads\\\/2011\\\/05\\\/cropped-logo-bellunopress-.jpg\",\"contentUrl\":\"https:\\\/\\\/www.bellunopress.it\\\/wp-content\\\/uploads\\\/2011\\\/05\\\/cropped-logo-bellunopress-.jpg\",\"width\":512,\"height\":512,\"caption\":\"Bellunopress\"},\"image\":{\"@id\":\"https:\\\/\\\/www.bellunopress.it\\\/#\\\/schema\\\/logo\\\/image\\\/\"},\"sameAs\":[\"https:\\\/\\\/www.facebook.com\\\/profile.php?id=100008943462799\",\"https:\\\/\\\/x.com\\\/bellunopress\",\"https:\\\/\\\/www.linkedin.com\\\/hp\\\/?dnr=JBzUWaJfMUw8vbXJJ2tVW5-I3jZKvC4wsoxE&amp;amp;amp;amp;amp;amp;trk=nav_responsive_tab_home\",\"https:\\\/\\\/www.youtube.com\\\/channel\\\/UCxL0wu1uN0_3_7hGG0306cw\"]},{\"@type\":\"Person\",\"@id\":\"https:\\\/\\\/www.bellunopress.it\\\/#\\\/schema\\\/person\\\/79bb06722b37ece1c03d3e94beb30d73\",\"name\":\"redazione\",\"image\":{\"@type\":\"ImageObject\",\"inLanguage\":\"fr-FR\",\"@id\":\"https:\\\/\\\/secure.gravatar.com\\\/avatar\\\/37d968a2e67a6fd04c169c4bdef102d0bc5d31b2546345219e348575eb80e9a0?s=96&d=mm&r=g\",\"url\":\"https:\\\/\\\/secure.gravatar.com\\\/avatar\\\/37d968a2e67a6fd04c169c4bdef102d0bc5d31b2546345219e348575eb80e9a0?s=96&d=mm&r=g\",\"contentUrl\":\"https:\\\/\\\/secure.gravatar.com\\\/avatar\\\/37d968a2e67a6fd04c169c4bdef102d0bc5d31b2546345219e348575eb80e9a0?s=96&d=mm&r=g\",\"caption\":\"redazione\"},\"sameAs\":[\"http:\\\/\\\/www.bellunopress.it\",\"https:\\\/\\\/x.com\\\/bellunopress\"],\"url\":\"https:\\\/\\\/www.bellunopress.it\\\/fr\\\/author\\\/redazione\\\/\"}]}<\/script>\n<!-- \/ Yoast SEO plugin. -->","yoast_head_json":{"title":"Dietrofront della giunta. Tutti i parcheggi del Nevegal sono gratuiti compresi quelli blu - Bellunopress - Dolomiti","robots":{"index":"index","follow":"follow","max-snippet":"max-snippet:-1","max-image-preview":"max-image-preview:large","max-video-preview":"max-video-preview:-1"},"canonical":"https:\/\/www.bellunopress.it\/fr\/2025\/08\/16\/dietrofront-della-giunta-tutti-i-parcheggi-del-nevegal-sono-gratuiti-compresi-quelli-blu\/","og_locale":"fr_FR","og_type":"article","og_title":"Dietrofront della giunta. Tutti i parcheggi del Nevegal sono gratuiti compresi quelli blu - Bellunopress - Dolomiti","og_description":"Belluno, 16 agosto 2025 &#8211; Completati i lavori di riqualificazione del piazzale del Nevegal e disegnati i parcheggi: non ci saranno stalli a pagamento. \u201cOggi il nostro Nevegal si presenta al meglio e sta vivendo una stagione estiva di grande afflusso \u2013 commenta il sindaco Oscar De Pellegrin \u2013. I parcheggi sono gratuiti e, anche [&hellip;]","og_url":"https:\/\/www.bellunopress.it\/fr\/2025\/08\/16\/dietrofront-della-giunta-tutti-i-parcheggi-del-nevegal-sono-gratuiti-compresi-quelli-blu\/","og_site_name":"Bellunopress - Dolomiti","article_publisher":"https:\/\/www.facebook.com\/profile.php?id=100008943462799","article_published_time":"2025-08-16T12:18:43+00:00","article_modified_time":"2025-08-16T15:14:58+00:00","og_image":[{"width":524,"height":348,"url":"https:\/\/www.bellunopress.it\/wp-content\/uploads\/2025\/07\/parcheggi-blu-in-Nevegal_edited.jpg","type":"image\/jpeg"}],"author":"redazione","twitter_card":"summary_large_image","twitter_creator":"@bellunopress","twitter_site":"@bellunopress","twitter_misc":{"\u00c9crit par":"redazione","Dur\u00e9e de lecture estim\u00e9e":"1 minute"},"schema":{"@context":"https:\/\/schema.org","@graph":[{"@type":"Article","@id":"https:\/\/www.bellunopress.it\/2025\/08\/16\/dietrofront-della-giunta-tutti-i-parcheggi-del-nevegal-sono-gratuiti-compresi-quelli-blu\/#article","isPartOf":{"@id":"https:\/\/www.bellunopress.it\/2025\/08\/16\/dietrofront-della-giunta-tutti-i-parcheggi-del-nevegal-sono-gratuiti-compresi-quelli-blu\/"},"author":{"name":"redazione","@id":"https:\/\/www.bellunopress.it\/#\/schema\/person\/79bb06722b37ece1c03d3e94beb30d73"},"headline":"Dietrofront della giunta. Tutti i parcheggi del Nevegal sono gratuiti compresi quelli blu","datePublished":"2025-08-16T12:18:43+00:00","dateModified":"2025-08-16T15:14:58+00:00","mainEntityOfPage":{"@id":"https:\/\/www.bellunopress.it\/2025\/08\/16\/dietrofront-della-giunta-tutti-i-parcheggi-del-nevegal-sono-gratuiti-compresi-quelli-blu\/"},"wordCount":248,"publisher":{"@id":"https:\/\/www.bellunopress.it\/#organization"},"image":{"@id":"https:\/\/www.bellunopress.it\/2025\/08\/16\/dietrofront-della-giunta-tutti-i-parcheggi-del-nevegal-sono-gratuiti-compresi-quelli-blu\/#primaryimage"},"thumbnailUrl":"https:\/\/www.bellunopress.it\/wp-content\/uploads\/2025\/07\/parcheggi-blu-in-Nevegal_edited.jpg","articleSection":["Cronaca\/Politica","Featured","Prima Pagina"],"inLanguage":"fr-FR"},{"@type":"WebPage","@id":"https:\/\/www.bellunopress.it\/2025\/08\/16\/dietrofront-della-giunta-tutti-i-parcheggi-del-nevegal-sono-gratuiti-compresi-quelli-blu\/","url":"https:\/\/www.bellunopress.it\/2025\/08\/16\/dietrofront-della-giunta-tutti-i-parcheggi-del-nevegal-sono-gratuiti-compresi-quelli-blu\/","name":"Dietrofront della giunta. Tutti i parcheggi del Nevegal sono gratuiti compresi quelli blu - Bellunopress - Dolomiti","isPartOf":{"@id":"https:\/\/www.bellunopress.it\/#website"},"primaryImageOfPage":{"@id":"https:\/\/www.bellunopress.it\/2025\/08\/16\/dietrofront-della-giunta-tutti-i-parcheggi-del-nevegal-sono-gratuiti-compresi-quelli-blu\/#primaryimage"},"image":{"@id":"https:\/\/www.bellunopress.it\/2025\/08\/16\/dietrofront-della-giunta-tutti-i-parcheggi-del-nevegal-sono-gratuiti-compresi-quelli-blu\/#primaryimage"},"thumbnailUrl":"https:\/\/www.bellunopress.it\/wp-content\/uploads\/2025\/07\/parcheggi-blu-in-Nevegal_edited.jpg","datePublished":"2025-08-16T12:18:43+00:00","dateModified":"2025-08-16T15:14:58+00:00","breadcrumb":{"@id":"https:\/\/www.bellunopress.it\/2025\/08\/16\/dietrofront-della-giunta-tutti-i-parcheggi-del-nevegal-sono-gratuiti-compresi-quelli-blu\/#breadcrumb"},"inLanguage":"fr-FR","potentialAction":[{"@type":"ReadAction","target":["https:\/\/www.bellunopress.it\/2025\/08\/16\/dietrofront-della-giunta-tutti-i-parcheggi-del-nevegal-sono-gratuiti-compresi-quelli-blu\/"]}]},{"@type":"ImageObject","inLanguage":"fr-FR","@id":"https:\/\/www.bellunopress.it\/2025\/08\/16\/dietrofront-della-giunta-tutti-i-parcheggi-del-nevegal-sono-gratuiti-compresi-quelli-blu\/#primaryimage","url":"https:\/\/www.bellunopress.it\/wp-content\/uploads\/2025\/07\/parcheggi-blu-in-Nevegal_edited.jpg","contentUrl":"https:\/\/www.bellunopress.it\/wp-content\/uploads\/2025\/07\/parcheggi-blu-in-Nevegal_edited.jpg","width":524,"height":348,"caption":"Piazzale del Nevegal . Belluno"},{"@type":"BreadcrumbList","@id":"https:\/\/www.bellunopress.it\/2025\/08\/16\/dietrofront-della-giunta-tutti-i-parcheggi-del-nevegal-sono-gratuiti-compresi-quelli-blu\/#breadcrumb","itemListElement":[{"@type":"ListItem","position":1,"name":"Home","item":"https:\/\/www.bellunopress.it\/"},{"@type":"ListItem","position":2,"name":"Dietrofront della giunta. Tutti i parcheggi del Nevegal sono gratuiti compresi quelli blu"}]},{"@type":"WebSite","@id":"https:\/\/www.bellunopress.it\/#website","url":"https:\/\/www.bellunopress.it\/","name":"Bellunopress - Dolomiti","description":"e-mail: redazione@bellunopress.it","publisher":{"@id":"https:\/\/www.bellunopress.it\/#organization"},"potentialAction":[{"@type":"SearchAction","target":{"@type":"EntryPoint","urlTemplate":"https:\/\/www.bellunopress.it\/?s={search_term_string}"},"query-input":{"@type":"PropertyValueSpecification","valueRequired":true,"valueName":"search_term_string"}}],"inLanguage":"fr-FR"},{"@type":"Organization","@id":"https:\/\/www.bellunopress.it\/#organization","name":"Bellunopress","url":"https:\/\/www.bellunopress.it\/","logo":{"@type":"ImageObject","inLanguage":"fr-FR","@id":"https:\/\/www.bellunopress.it\/#\/schema\/logo\/image\/","url":"https:\/\/www.bellunopress.it\/wp-content\/uploads\/2011\/05\/cropped-logo-bellunopress-.jpg","contentUrl":"https:\/\/www.bellunopress.it\/wp-content\/uploads\/2011\/05\/cropped-logo-bellunopress-.jpg","width":512,"height":512,"caption":"Bellunopress"},"image":{"@id":"https:\/\/www.bellunopress.it\/#\/schema\/logo\/image\/"},"sameAs":["https:\/\/www.facebook.com\/profile.php?id=100008943462799","https:\/\/x.com\/bellunopress","https:\/\/www.linkedin.com\/hp\/?dnr=JBzUWaJfMUw8vbXJJ2tVW5-I3jZKvC4wsoxE&amp;amp;amp;amp;amp;amp;trk=nav_responsive_tab_home","https:\/\/www.youtube.com\/channel\/UCxL0wu1uN0_3_7hGG0306cw"]},{"@type":"Person","@id":"https:\/\/www.bellunopress.it\/#\/schema\/person\/79bb06722b37ece1c03d3e94beb30d73","name":"r\u00e9daction","image":{"@type":"ImageObject","inLanguage":"fr-FR","@id":"https:\/\/secure.gravatar.com\/avatar\/37d968a2e67a6fd04c169c4bdef102d0bc5d31b2546345219e348575eb80e9a0?s=96&d=mm&r=g","url":"https:\/\/secure.gravatar.com\/avatar\/37d968a2e67a6fd04c169c4bdef102d0bc5d31b2546345219e348575eb80e9a0?s=96&d=mm&r=g","contentUrl":"https:\/\/secure.gravatar.com\/avatar\/37d968a2e67a6fd04c169c4bdef102d0bc5d31b2546345219e348575eb80e9a0?s=96&d=mm&r=g","caption":"redazione"},"sameAs":["http:\/\/www.bellunopress.it","https:\/\/x.com\/bellunopress"],"url":"https:\/\/www.bellunopress.it\/fr\/author\/redazione\/"}]}},"_links":{"self":[{"href":"https:\/\/www.bellunopress.it\/fr\/wp-json\/wp\/v2\/posts\/162608","targetHints":{"allow":["GET"]}}],"collection":[{"href":"https:\/\/www.bellunopress.it\/fr\/wp-json\/wp\/v2\/posts"}],"about":[{"href":"https:\/\/www.bellunopress.it\/fr\/wp-json\/wp\/v2\/types\/post"}],"author":[{"embeddable":true,"href":"https:\/\/www.bellunopress.it\/fr\/wp-json\/wp\/v2\/users\/2"}],"replies":[{"embeddable":true,"href":"https:\/\/www.bellunopress.it\/fr\/wp-json\/wp\/v2\/comments?post=162608"}],"version-history":[{"count":1,"href":"https:\/\/www.bellunopress.it\/fr\/wp-json\/wp\/v2\/posts\/162608\/revisions"}],"predecessor-version":[{"id":162609,"href":"https:\/\/www.bellunopress.it\/fr\/wp-json\/wp\/v2\/posts\/162608\/revisions\/162609"}],"wp:featuredmedia":[{"embeddable":true,"href":"https:\/\/www.bellunopress.it\/fr\/wp-json\/wp\/v2\/media\/162242"}],"wp:attachment":[{"href":"https:\/\/www.bellunopress.it\/fr\/wp-json\/wp\/v2\/media?parent=162608"}],"wp:term":[{"taxonomy":"category","embeddable":true,"href":"https:\/\/www.bellunopress.it\/fr\/wp-json\/wp\/v2\/categories?post=162608"},{"taxonomy":"post_tag","embeddable":true,"href":"https:\/\/www.bellunopress.it\/fr\/wp-json\/wp\/v2\/tags?post=162608"}],"curies":[{"name":"wp","href":"https:\/\/api.w.org\/{rel}","templated":true}]}}