{"id":162605,"date":"2025-08-16T10:02:51","date_gmt":"2025-08-16T08:02:51","guid":{"rendered":"https:\/\/www.bellunopress.it\/?p=162605"},"modified":"2025-08-16T22:09:40","modified_gmt":"2025-08-16T20:09:40","slug":"il-bimotore-turboelica-fairchild-swearingen-metroliner-stoccarda-napoli-sulla-valbelluna","status":"publish","type":"post","link":"https:\/\/www.bellunopress.it\/fr\/2025\/08\/16\/il-bimotore-turboelica-fairchild-swearingen-metroliner-stoccarda-napoli-sulla-valbelluna\/","title":{"rendered":"Il bimotore turboelica Fairchild Swearingen Metroliner Stoccarda-Napoli sulla Valbelluna"},"content":{"rendered":"<p><img loading=\"lazy\" decoding=\"async\" class=\"aligncenter size-full wp-image-162606\" src=\"https:\/\/www.bellunopress.it\/wp-content\/uploads\/2025\/08\/fairchild-metroliner.jpg\" alt=\"\" width=\"640\" height=\"352\" srcset=\"https:\/\/www.bellunopress.it\/wp-content\/uploads\/2025\/08\/fairchild-metroliner.jpg 640w, https:\/\/www.bellunopress.it\/wp-content\/uploads\/2025\/08\/fairchild-metroliner-500x275.jpg 500w\" sizes=\"auto, (max-width: 640px) 100vw, 640px\" \/>Belluno, 16 agosto 2025 &#8211; Stamattina in sorvolo sulla Valbelluna alle ore 9:00 \u00a0circa, il bimotore turboelica Fairchild Swearingen Metroliner sulla rotta Stoccarda-Napoli. Decollato dall\u2019aeroporto di Stoccarda ha aggirato lo spazio aereo di Monaco di Baviera per dirigersi lungo la linea Belluno, Venezia, San Marino Napoli<\/p>\n<p><strong>L&#8217;aereo che ha segnato un&#8217;epoca<\/strong><\/p>\n<p>Il Fairchild Metro, un nome che evoca decenni di storia dell&#8217;aviazione regionale, continua a solcare i cieli di tutto il mondo. Nato come Swearingen Metroliner alla fine degli anni &#8217;60, questo bimotore turboelica ad ala bassa ha saputo ritagliarsi un ruolo di primo piano nel trasporto aereo, rimanendo in servizio attivo ancora oggi, a distanza di oltre mezzo secolo dal suo primo volo. Pu\u00f2 ospitare fino a 19 passeggeri in una disposizione 1:1, con un piccolo corridoio che separa la cabina passeggeri dal cockpit, permettendo ai passeggeri di avere contatto visivo con i piloti.<\/p>\n<p>Sviluppato dalla Sino Swearingen Aircraft Corporation (SSAC), l&#8217;aereo era in realt\u00e0 una versione ingrandita e potenziata del precedente business jet Swearingen Merlin. Il suo successo non pass\u00f2 inosservato e, a seguito dell&#8217;acquisizione della SSAC da parte della Fairchild Aircraft, la produzione continu\u00f2 sotto il nuovo nome, rendendo il Metro una colonna portante delle flotte regionali.<\/p>\n<p>La sua lunga vita produttiva, terminata solo nel 2001, ha visto nascere numerose versioni, tra cui il Fairchild C-26 Metroliner, una variante specificamente progettata per uso militare. Questa versione ha trovato impiego in diverse forze armate globali, principalmente per il trasporto di personalit\u00e0 di spicco.<\/p>\n<p>Con la sua configurazione robusta e la sua comprovata affidabilit\u00e0, il Fairchild Metro \u00e8 stato il cavallo di battaglia di innumerevoli compagnie aeree regionali e ha svolto un ruolo cruciale anche in ambito militare. La sua longevit\u00e0 dimostra non solo la solidit\u00e0 del progetto originale, ma anche la capacit\u00e0 di adattamento di un velivolo che, pur non essendo l&#8217;ultimo grido della tecnologia, continua a essere un punto di riferimento per la sua efficienza e versatilit\u00e0. Un vero e proprio classico dell&#8217;aviazione che non smette di volare.<\/p>\n<p>&nbsp;<\/p>\n<p><strong>Aeroporto di Stoccarda: una storia di crescita da B\u00f6blingen al sesto posto in Germania<\/strong><\/p>\n<p>L&#8217;aeroporto di Stoccarda, oggi uno dei principali scali aerei della Germania, ha una storia che affonda le radici nel 1939, quando fu costruito per sostituire il vecchio aeroporto di B\u00f6blingen. La sua evoluzione riflette un percorso di costante espansione e modernizzazione, che lo ha reso un punto di riferimento per i viaggiatori di tutta Europa.<\/p>\n<p>Dopo la sua inaugurazione, l&#8217;aeroporto pass\u00f2 attraverso un periodo di transizione significativo. Nel 1945, a seguito della fine della Seconda Guerra Mondiale, la gestione fu affidata all&#8217;aeronautica statunitense, la US Air Force, che mantenne anche una base per i propri elicotteri militari. Tre anni pi\u00f9 tardi, nel 1948, lo scalo torn\u00f2 sotto il controllo delle autorit\u00e0 tedesche, segnando l&#8217;inizio di una<\/p>\n<p>Una delle tappe fondamentali della crescita dell&#8217;aeroporto fu l&#8217;allungamento progressivo della sua pista. Gi\u00e0 nel 1948, la lunghezza fu portata a 1.800 metri, per poi essere nuovamente estesa a 2.250 metri nel 1961 e, infine, a ben 3.345 metri nel 1996. Questi interventi infrastrutturali permisero di accogliere un numero sempre maggiore di aerei e passeggeri.<\/p>\n<p>Il salto di qualit\u00e0 definitivo avvenne nel 2004 con la costruzione dei nuovi terminal, che portarono la capacit\u00e0 massima dello scalo a 12 milioni di passeggeri. Questa modernizzazione ha consolidato la sua posizione, trasformandolo in un importante hub per le compagnie aeree low cost e un nodo cruciale per i collegamenti europei.<\/p>\n<p>Con i suoi 10.526.920 passeggeri registrati nel 2015, l&#8217;aeroporto di Stoccarda si \u00e8 affermato come il sesto scalo pi\u00f9 importante della Germania e il maggiore dell&#8217;intera regione del Baden-W\u00fcrttemberg. Una storia di successo, fatta di espansione e investimenti, che continua a far decollare la regione verso il resto del mondo.<\/p>\n<p><strong>Aeroporto di Napoli, da &#8220;Caput Clivii&#8221; a hub internazionale<\/strong><\/p>\n<p>L&#8217;aeroporto di Napoli-Capodichino, uno dei principali scali aerei del Sud Italia, ha una storia affascinante che lo lega indissolubilmente al passato della citt\u00e0. Il suo nome, come suggerisce la tradizione, deriva dalla contrazione del latino &#8220;Caput Clivii&#8221;, che significa &#8220;sommit\u00e0 della salita&#8221;, un riferimento all&#8217;antica strada che conduceva verso l&#8217;entroterra.<\/p>\n<p>Inizialmente, l&#8217;area era conosciuta come Campo di Marte e veniva utilizzata per esercitazioni militari. Successivamente, fu intitolata a Ugo Niutta, un ufficiale pluridecorato, a testimonianza del suo legame profondo con l&#8217;ambito militare. La svolta decisiva arriv\u00f2 dopo la Seconda Guerra Mondiale. Nel 1950, l&#8217;aeroporto fu ufficialmente aperto al traffico civile e commerciale, segnando l&#8217;inizio della sua trasformazione in uno scalo per i passeggeri.<\/p>\n<p>Un&#8217;altra tappa fondamentale nella sua storia si ebbe nel 1997, quando l&#8217;aeroporto fu privatizzato con l&#8217;ingresso di BAA plc, prima che la gestione passasse a Gesac. Questa fase ha coinciso con una crescita notevole, sia nel numero di passeggeri che di voli. La sua importanza \u00e8 stata riconosciuta a livello internazionale, con il prestigioso ACI Europe Award che lo ha premiato come miglior aeroporto europeo nella sua categoria.<\/p>","protected":false},"excerpt":{"rendered":"<p>Belluno, 16 agosto 2025 &#8211; Stamattina in sorvolo sulla Valbelluna alle ore 9:00 \u00a0circa, il bimotore turboelica Fairchild Swearingen Metroliner sulla rotta Stoccarda-Napoli. Decollato dall\u2019aeroporto di Stoccarda ha aggirato lo spazio aereo di Monaco di Baviera per dirigersi lungo la linea Belluno, Venezia, San Marino Napoli L&#8217;aereo che ha segnato un&#8217;epoca Il Fairchild Metro, un [&hellip;]<\/p>\n","protected":false},"author":2,"featured_media":162606,"comment_status":"closed","ping_status":"open","sticky":false,"template":"","format":"standard","meta":{"footnotes":""},"categories":[5,3446,26],"tags":[],"class_list":["post-162605","post","type-post","status-publish","format-standard","has-post-thumbnail","category-cronaca","category-featured","category-prima-pagina"],"yoast_head":"<!-- This site is optimized with the Yoast SEO plugin v28.4 - https:\/\/yoast.com\/product\/yoast-seo-wordpress\/ -->\n<title>Il bimotore turboelica Fairchild Swearingen Metroliner Stoccarda-Napoli sulla Valbelluna - Bellunopress - Dolomiti<\/title>\n<meta name=\"robots\" content=\"index, follow, max-snippet:-1, max-image-preview:large, max-video-preview:-1\" \/>\n<link rel=\"canonical\" href=\"https:\/\/www.bellunopress.it\/fr\/2025\/08\/16\/il-bimotore-turboelica-fairchild-swearingen-metroliner-stoccarda-napoli-sulla-valbelluna\/\" \/>\n<meta property=\"og:locale\" content=\"fr_FR\" \/>\n<meta property=\"og:type\" content=\"article\" \/>\n<meta property=\"og:title\" content=\"Il bimotore turboelica Fairchild Swearingen Metroliner Stoccarda-Napoli sulla Valbelluna - Bellunopress - Dolomiti\" \/>\n<meta property=\"og:description\" content=\"Belluno, 16 agosto 2025 &#8211; Stamattina in sorvolo sulla Valbelluna alle ore 9:00 \u00a0circa, il bimotore turboelica Fairchild Swearingen Metroliner sulla rotta Stoccarda-Napoli. Decollato dall\u2019aeroporto di Stoccarda ha aggirato lo spazio aereo di Monaco di Baviera per dirigersi lungo la linea Belluno, Venezia, San Marino Napoli L&#8217;aereo che ha segnato un&#8217;epoca Il Fairchild Metro, un [&hellip;]\" \/>\n<meta property=\"og:url\" content=\"https:\/\/www.bellunopress.it\/fr\/2025\/08\/16\/il-bimotore-turboelica-fairchild-swearingen-metroliner-stoccarda-napoli-sulla-valbelluna\/\" \/>\n<meta property=\"og:site_name\" content=\"Bellunopress - Dolomiti\" \/>\n<meta property=\"article:publisher\" content=\"https:\/\/www.facebook.com\/profile.php?id=100008943462799\" \/>\n<meta property=\"article:published_time\" content=\"2025-08-16T08:02:51+00:00\" \/>\n<meta property=\"article:modified_time\" content=\"2025-08-16T20:09:40+00:00\" \/>\n<meta property=\"og:image\" content=\"https:\/\/www.bellunopress.it\/wp-content\/uploads\/2025\/08\/fairchild-metroliner.jpg\" \/>\n\t<meta property=\"og:image:width\" content=\"640\" \/>\n\t<meta property=\"og:image:height\" content=\"352\" \/>\n\t<meta property=\"og:image:type\" content=\"image\/jpeg\" \/>\n<meta name=\"author\" content=\"redazione\" \/>\n<meta name=\"twitter:card\" content=\"summary_large_image\" \/>\n<meta name=\"twitter:creator\" content=\"@bellunopress\" \/>\n<meta name=\"twitter:site\" content=\"@bellunopress\" \/>\n<meta name=\"twitter:label1\" content=\"\u00c9crit par\" \/>\n\t<meta name=\"twitter:data1\" content=\"redazione\" \/>\n\t<meta name=\"twitter:label2\" content=\"Dur\u00e9e de lecture estim\u00e9e\" \/>\n\t<meta name=\"twitter:data2\" content=\"4 minutes\" \/>\n<script type=\"application\/ld+json\" class=\"yoast-schema-graph\">{\"@context\":\"https:\\\/\\\/schema.org\",\"@graph\":[{\"@type\":\"Article\",\"@id\":\"https:\\\/\\\/www.bellunopress.it\\\/2025\\\/08\\\/16\\\/il-bimotore-turboelica-fairchild-swearingen-metroliner-stoccarda-napoli-sulla-valbelluna\\\/#article\",\"isPartOf\":{\"@id\":\"https:\\\/\\\/www.bellunopress.it\\\/2025\\\/08\\\/16\\\/il-bimotore-turboelica-fairchild-swearingen-metroliner-stoccarda-napoli-sulla-valbelluna\\\/\"},\"author\":{\"name\":\"redazione\",\"@id\":\"https:\\\/\\\/www.bellunopress.it\\\/#\\\/schema\\\/person\\\/79bb06722b37ece1c03d3e94beb30d73\"},\"headline\":\"Il bimotore turboelica Fairchild Swearingen Metroliner Stoccarda-Napoli sulla Valbelluna\",\"datePublished\":\"2025-08-16T08:02:51+00:00\",\"dateModified\":\"2025-08-16T20:09:40+00:00\",\"mainEntityOfPage\":{\"@id\":\"https:\\\/\\\/www.bellunopress.it\\\/2025\\\/08\\\/16\\\/il-bimotore-turboelica-fairchild-swearingen-metroliner-stoccarda-napoli-sulla-valbelluna\\\/\"},\"wordCount\":822,\"publisher\":{\"@id\":\"https:\\\/\\\/www.bellunopress.it\\\/#organization\"},\"image\":{\"@id\":\"https:\\\/\\\/www.bellunopress.it\\\/2025\\\/08\\\/16\\\/il-bimotore-turboelica-fairchild-swearingen-metroliner-stoccarda-napoli-sulla-valbelluna\\\/#primaryimage\"},\"thumbnailUrl\":\"https:\\\/\\\/www.bellunopress.it\\\/wp-content\\\/uploads\\\/2025\\\/08\\\/fairchild-metroliner.jpg\",\"articleSection\":[\"Cronaca\\\/Politica\",\"Featured\",\"Prima Pagina\"],\"inLanguage\":\"fr-FR\"},{\"@type\":\"WebPage\",\"@id\":\"https:\\\/\\\/www.bellunopress.it\\\/2025\\\/08\\\/16\\\/il-bimotore-turboelica-fairchild-swearingen-metroliner-stoccarda-napoli-sulla-valbelluna\\\/\",\"url\":\"https:\\\/\\\/www.bellunopress.it\\\/2025\\\/08\\\/16\\\/il-bimotore-turboelica-fairchild-swearingen-metroliner-stoccarda-napoli-sulla-valbelluna\\\/\",\"name\":\"Il bimotore turboelica Fairchild Swearingen Metroliner Stoccarda-Napoli sulla Valbelluna - Bellunopress - Dolomiti\",\"isPartOf\":{\"@id\":\"https:\\\/\\\/www.bellunopress.it\\\/#website\"},\"primaryImageOfPage\":{\"@id\":\"https:\\\/\\\/www.bellunopress.it\\\/2025\\\/08\\\/16\\\/il-bimotore-turboelica-fairchild-swearingen-metroliner-stoccarda-napoli-sulla-valbelluna\\\/#primaryimage\"},\"image\":{\"@id\":\"https:\\\/\\\/www.bellunopress.it\\\/2025\\\/08\\\/16\\\/il-bimotore-turboelica-fairchild-swearingen-metroliner-stoccarda-napoli-sulla-valbelluna\\\/#primaryimage\"},\"thumbnailUrl\":\"https:\\\/\\\/www.bellunopress.it\\\/wp-content\\\/uploads\\\/2025\\\/08\\\/fairchild-metroliner.jpg\",\"datePublished\":\"2025-08-16T08:02:51+00:00\",\"dateModified\":\"2025-08-16T20:09:40+00:00\",\"breadcrumb\":{\"@id\":\"https:\\\/\\\/www.bellunopress.it\\\/2025\\\/08\\\/16\\\/il-bimotore-turboelica-fairchild-swearingen-metroliner-stoccarda-napoli-sulla-valbelluna\\\/#breadcrumb\"},\"inLanguage\":\"fr-FR\",\"potentialAction\":[{\"@type\":\"ReadAction\",\"target\":[\"https:\\\/\\\/www.bellunopress.it\\\/2025\\\/08\\\/16\\\/il-bimotore-turboelica-fairchild-swearingen-metroliner-stoccarda-napoli-sulla-valbelluna\\\/\"]}]},{\"@type\":\"ImageObject\",\"inLanguage\":\"fr-FR\",\"@id\":\"https:\\\/\\\/www.bellunopress.it\\\/2025\\\/08\\\/16\\\/il-bimotore-turboelica-fairchild-swearingen-metroliner-stoccarda-napoli-sulla-valbelluna\\\/#primaryimage\",\"url\":\"https:\\\/\\\/www.bellunopress.it\\\/wp-content\\\/uploads\\\/2025\\\/08\\\/fairchild-metroliner.jpg\",\"contentUrl\":\"https:\\\/\\\/www.bellunopress.it\\\/wp-content\\\/uploads\\\/2025\\\/08\\\/fairchild-metroliner.jpg\",\"width\":640,\"height\":352},{\"@type\":\"BreadcrumbList\",\"@id\":\"https:\\\/\\\/www.bellunopress.it\\\/2025\\\/08\\\/16\\\/il-bimotore-turboelica-fairchild-swearingen-metroliner-stoccarda-napoli-sulla-valbelluna\\\/#breadcrumb\",\"itemListElement\":[{\"@type\":\"ListItem\",\"position\":1,\"name\":\"Home\",\"item\":\"https:\\\/\\\/www.bellunopress.it\\\/\"},{\"@type\":\"ListItem\",\"position\":2,\"name\":\"Il bimotore turboelica Fairchild Swearingen Metroliner Stoccarda-Napoli sulla Valbelluna\"}]},{\"@type\":\"WebSite\",\"@id\":\"https:\\\/\\\/www.bellunopress.it\\\/#website\",\"url\":\"https:\\\/\\\/www.bellunopress.it\\\/\",\"name\":\"Bellunopress - Dolomiti\",\"description\":\"e-mail: redazione@bellunopress.it\",\"publisher\":{\"@id\":\"https:\\\/\\\/www.bellunopress.it\\\/#organization\"},\"potentialAction\":[{\"@type\":\"SearchAction\",\"target\":{\"@type\":\"EntryPoint\",\"urlTemplate\":\"https:\\\/\\\/www.bellunopress.it\\\/?s={search_term_string}\"},\"query-input\":{\"@type\":\"PropertyValueSpecification\",\"valueRequired\":true,\"valueName\":\"search_term_string\"}}],\"inLanguage\":\"fr-FR\"},{\"@type\":\"Organization\",\"@id\":\"https:\\\/\\\/www.bellunopress.it\\\/#organization\",\"name\":\"Bellunopress\",\"url\":\"https:\\\/\\\/www.bellunopress.it\\\/\",\"logo\":{\"@type\":\"ImageObject\",\"inLanguage\":\"fr-FR\",\"@id\":\"https:\\\/\\\/www.bellunopress.it\\\/#\\\/schema\\\/logo\\\/image\\\/\",\"url\":\"https:\\\/\\\/www.bellunopress.it\\\/wp-content\\\/uploads\\\/2011\\\/05\\\/cropped-logo-bellunopress-.jpg\",\"contentUrl\":\"https:\\\/\\\/www.bellunopress.it\\\/wp-content\\\/uploads\\\/2011\\\/05\\\/cropped-logo-bellunopress-.jpg\",\"width\":512,\"height\":512,\"caption\":\"Bellunopress\"},\"image\":{\"@id\":\"https:\\\/\\\/www.bellunopress.it\\\/#\\\/schema\\\/logo\\\/image\\\/\"},\"sameAs\":[\"https:\\\/\\\/www.facebook.com\\\/profile.php?id=100008943462799\",\"https:\\\/\\\/x.com\\\/bellunopress\",\"https:\\\/\\\/www.linkedin.com\\\/hp\\\/?dnr=JBzUWaJfMUw8vbXJJ2tVW5-I3jZKvC4wsoxE&amp;amp;amp;amp;amp;amp;trk=nav_responsive_tab_home\",\"https:\\\/\\\/www.youtube.com\\\/channel\\\/UCxL0wu1uN0_3_7hGG0306cw\"]},{\"@type\":\"Person\",\"@id\":\"https:\\\/\\\/www.bellunopress.it\\\/#\\\/schema\\\/person\\\/79bb06722b37ece1c03d3e94beb30d73\",\"name\":\"redazione\",\"image\":{\"@type\":\"ImageObject\",\"inLanguage\":\"fr-FR\",\"@id\":\"https:\\\/\\\/secure.gravatar.com\\\/avatar\\\/37d968a2e67a6fd04c169c4bdef102d0bc5d31b2546345219e348575eb80e9a0?s=96&d=mm&r=g\",\"url\":\"https:\\\/\\\/secure.gravatar.com\\\/avatar\\\/37d968a2e67a6fd04c169c4bdef102d0bc5d31b2546345219e348575eb80e9a0?s=96&d=mm&r=g\",\"contentUrl\":\"https:\\\/\\\/secure.gravatar.com\\\/avatar\\\/37d968a2e67a6fd04c169c4bdef102d0bc5d31b2546345219e348575eb80e9a0?s=96&d=mm&r=g\",\"caption\":\"redazione\"},\"sameAs\":[\"http:\\\/\\\/www.bellunopress.it\",\"https:\\\/\\\/x.com\\\/bellunopress\"],\"url\":\"https:\\\/\\\/www.bellunopress.it\\\/fr\\\/author\\\/redazione\\\/\"}]}<\/script>\n<!-- \/ Yoast SEO plugin. -->","yoast_head_json":{"title":"Il bimotore turboelica Fairchild Swearingen Metroliner Stoccarda-Napoli sulla Valbelluna - Bellunopress - Dolomiti","robots":{"index":"index","follow":"follow","max-snippet":"max-snippet:-1","max-image-preview":"max-image-preview:large","max-video-preview":"max-video-preview:-1"},"canonical":"https:\/\/www.bellunopress.it\/fr\/2025\/08\/16\/il-bimotore-turboelica-fairchild-swearingen-metroliner-stoccarda-napoli-sulla-valbelluna\/","og_locale":"fr_FR","og_type":"article","og_title":"Il bimotore turboelica Fairchild Swearingen Metroliner Stoccarda-Napoli sulla Valbelluna - Bellunopress - Dolomiti","og_description":"Belluno, 16 agosto 2025 &#8211; Stamattina in sorvolo sulla Valbelluna alle ore 9:00 \u00a0circa, il bimotore turboelica Fairchild Swearingen Metroliner sulla rotta Stoccarda-Napoli. Decollato dall\u2019aeroporto di Stoccarda ha aggirato lo spazio aereo di Monaco di Baviera per dirigersi lungo la linea Belluno, Venezia, San Marino Napoli L&#8217;aereo che ha segnato un&#8217;epoca Il Fairchild Metro, un [&hellip;]","og_url":"https:\/\/www.bellunopress.it\/fr\/2025\/08\/16\/il-bimotore-turboelica-fairchild-swearingen-metroliner-stoccarda-napoli-sulla-valbelluna\/","og_site_name":"Bellunopress - Dolomiti","article_publisher":"https:\/\/www.facebook.com\/profile.php?id=100008943462799","article_published_time":"2025-08-16T08:02:51+00:00","article_modified_time":"2025-08-16T20:09:40+00:00","og_image":[{"width":640,"height":352,"url":"https:\/\/www.bellunopress.it\/wp-content\/uploads\/2025\/08\/fairchild-metroliner.jpg","type":"image\/jpeg"}],"author":"redazione","twitter_card":"summary_large_image","twitter_creator":"@bellunopress","twitter_site":"@bellunopress","twitter_misc":{"\u00c9crit par":"redazione","Dur\u00e9e de lecture estim\u00e9e":"4 minutes"},"schema":{"@context":"https:\/\/schema.org","@graph":[{"@type":"Article","@id":"https:\/\/www.bellunopress.it\/2025\/08\/16\/il-bimotore-turboelica-fairchild-swearingen-metroliner-stoccarda-napoli-sulla-valbelluna\/#article","isPartOf":{"@id":"https:\/\/www.bellunopress.it\/2025\/08\/16\/il-bimotore-turboelica-fairchild-swearingen-metroliner-stoccarda-napoli-sulla-valbelluna\/"},"author":{"name":"redazione","@id":"https:\/\/www.bellunopress.it\/#\/schema\/person\/79bb06722b37ece1c03d3e94beb30d73"},"headline":"Il bimotore turboelica Fairchild Swearingen Metroliner Stoccarda-Napoli sulla Valbelluna","datePublished":"2025-08-16T08:02:51+00:00","dateModified":"2025-08-16T20:09:40+00:00","mainEntityOfPage":{"@id":"https:\/\/www.bellunopress.it\/2025\/08\/16\/il-bimotore-turboelica-fairchild-swearingen-metroliner-stoccarda-napoli-sulla-valbelluna\/"},"wordCount":822,"publisher":{"@id":"https:\/\/www.bellunopress.it\/#organization"},"image":{"@id":"https:\/\/www.bellunopress.it\/2025\/08\/16\/il-bimotore-turboelica-fairchild-swearingen-metroliner-stoccarda-napoli-sulla-valbelluna\/#primaryimage"},"thumbnailUrl":"https:\/\/www.bellunopress.it\/wp-content\/uploads\/2025\/08\/fairchild-metroliner.jpg","articleSection":["Cronaca\/Politica","Featured","Prima Pagina"],"inLanguage":"fr-FR"},{"@type":"WebPage","@id":"https:\/\/www.bellunopress.it\/2025\/08\/16\/il-bimotore-turboelica-fairchild-swearingen-metroliner-stoccarda-napoli-sulla-valbelluna\/","url":"https:\/\/www.bellunopress.it\/2025\/08\/16\/il-bimotore-turboelica-fairchild-swearingen-metroliner-stoccarda-napoli-sulla-valbelluna\/","name":"Il bimotore turboelica Fairchild Swearingen Metroliner Stoccarda-Napoli sulla Valbelluna - Bellunopress - Dolomiti","isPartOf":{"@id":"https:\/\/www.bellunopress.it\/#website"},"primaryImageOfPage":{"@id":"https:\/\/www.bellunopress.it\/2025\/08\/16\/il-bimotore-turboelica-fairchild-swearingen-metroliner-stoccarda-napoli-sulla-valbelluna\/#primaryimage"},"image":{"@id":"https:\/\/www.bellunopress.it\/2025\/08\/16\/il-bimotore-turboelica-fairchild-swearingen-metroliner-stoccarda-napoli-sulla-valbelluna\/#primaryimage"},"thumbnailUrl":"https:\/\/www.bellunopress.it\/wp-content\/uploads\/2025\/08\/fairchild-metroliner.jpg","datePublished":"2025-08-16T08:02:51+00:00","dateModified":"2025-08-16T20:09:40+00:00","breadcrumb":{"@id":"https:\/\/www.bellunopress.it\/2025\/08\/16\/il-bimotore-turboelica-fairchild-swearingen-metroliner-stoccarda-napoli-sulla-valbelluna\/#breadcrumb"},"inLanguage":"fr-FR","potentialAction":[{"@type":"ReadAction","target":["https:\/\/www.bellunopress.it\/2025\/08\/16\/il-bimotore-turboelica-fairchild-swearingen-metroliner-stoccarda-napoli-sulla-valbelluna\/"]}]},{"@type":"ImageObject","inLanguage":"fr-FR","@id":"https:\/\/www.bellunopress.it\/2025\/08\/16\/il-bimotore-turboelica-fairchild-swearingen-metroliner-stoccarda-napoli-sulla-valbelluna\/#primaryimage","url":"https:\/\/www.bellunopress.it\/wp-content\/uploads\/2025\/08\/fairchild-metroliner.jpg","contentUrl":"https:\/\/www.bellunopress.it\/wp-content\/uploads\/2025\/08\/fairchild-metroliner.jpg","width":640,"height":352},{"@type":"BreadcrumbList","@id":"https:\/\/www.bellunopress.it\/2025\/08\/16\/il-bimotore-turboelica-fairchild-swearingen-metroliner-stoccarda-napoli-sulla-valbelluna\/#breadcrumb","itemListElement":[{"@type":"ListItem","position":1,"name":"Home","item":"https:\/\/www.bellunopress.it\/"},{"@type":"ListItem","position":2,"name":"Il bimotore turboelica Fairchild Swearingen Metroliner Stoccarda-Napoli sulla Valbelluna"}]},{"@type":"WebSite","@id":"https:\/\/www.bellunopress.it\/#website","url":"https:\/\/www.bellunopress.it\/","name":"Bellunopress - Dolomiti","description":"e-mail: redazione@bellunopress.it","publisher":{"@id":"https:\/\/www.bellunopress.it\/#organization"},"potentialAction":[{"@type":"SearchAction","target":{"@type":"EntryPoint","urlTemplate":"https:\/\/www.bellunopress.it\/?s={search_term_string}"},"query-input":{"@type":"PropertyValueSpecification","valueRequired":true,"valueName":"search_term_string"}}],"inLanguage":"fr-FR"},{"@type":"Organization","@id":"https:\/\/www.bellunopress.it\/#organization","name":"Bellunopress","url":"https:\/\/www.bellunopress.it\/","logo":{"@type":"ImageObject","inLanguage":"fr-FR","@id":"https:\/\/www.bellunopress.it\/#\/schema\/logo\/image\/","url":"https:\/\/www.bellunopress.it\/wp-content\/uploads\/2011\/05\/cropped-logo-bellunopress-.jpg","contentUrl":"https:\/\/www.bellunopress.it\/wp-content\/uploads\/2011\/05\/cropped-logo-bellunopress-.jpg","width":512,"height":512,"caption":"Bellunopress"},"image":{"@id":"https:\/\/www.bellunopress.it\/#\/schema\/logo\/image\/"},"sameAs":["https:\/\/www.facebook.com\/profile.php?id=100008943462799","https:\/\/x.com\/bellunopress","https:\/\/www.linkedin.com\/hp\/?dnr=JBzUWaJfMUw8vbXJJ2tVW5-I3jZKvC4wsoxE&amp;amp;amp;amp;amp;amp;trk=nav_responsive_tab_home","https:\/\/www.youtube.com\/channel\/UCxL0wu1uN0_3_7hGG0306cw"]},{"@type":"Person","@id":"https:\/\/www.bellunopress.it\/#\/schema\/person\/79bb06722b37ece1c03d3e94beb30d73","name":"r\u00e9daction","image":{"@type":"ImageObject","inLanguage":"fr-FR","@id":"https:\/\/secure.gravatar.com\/avatar\/37d968a2e67a6fd04c169c4bdef102d0bc5d31b2546345219e348575eb80e9a0?s=96&d=mm&r=g","url":"https:\/\/secure.gravatar.com\/avatar\/37d968a2e67a6fd04c169c4bdef102d0bc5d31b2546345219e348575eb80e9a0?s=96&d=mm&r=g","contentUrl":"https:\/\/secure.gravatar.com\/avatar\/37d968a2e67a6fd04c169c4bdef102d0bc5d31b2546345219e348575eb80e9a0?s=96&d=mm&r=g","caption":"redazione"},"sameAs":["http:\/\/www.bellunopress.it","https:\/\/x.com\/bellunopress"],"url":"https:\/\/www.bellunopress.it\/fr\/author\/redazione\/"}]}},"_links":{"self":[{"href":"https:\/\/www.bellunopress.it\/fr\/wp-json\/wp\/v2\/posts\/162605","targetHints":{"allow":["GET"]}}],"collection":[{"href":"https:\/\/www.bellunopress.it\/fr\/wp-json\/wp\/v2\/posts"}],"about":[{"href":"https:\/\/www.bellunopress.it\/fr\/wp-json\/wp\/v2\/types\/post"}],"author":[{"embeddable":true,"href":"https:\/\/www.bellunopress.it\/fr\/wp-json\/wp\/v2\/users\/2"}],"replies":[{"embeddable":true,"href":"https:\/\/www.bellunopress.it\/fr\/wp-json\/wp\/v2\/comments?post=162605"}],"version-history":[{"count":1,"href":"https:\/\/www.bellunopress.it\/fr\/wp-json\/wp\/v2\/posts\/162605\/revisions"}],"predecessor-version":[{"id":162607,"href":"https:\/\/www.bellunopress.it\/fr\/wp-json\/wp\/v2\/posts\/162605\/revisions\/162607"}],"wp:featuredmedia":[{"embeddable":true,"href":"https:\/\/www.bellunopress.it\/fr\/wp-json\/wp\/v2\/media\/162606"}],"wp:attachment":[{"href":"https:\/\/www.bellunopress.it\/fr\/wp-json\/wp\/v2\/media?parent=162605"}],"wp:term":[{"taxonomy":"category","embeddable":true,"href":"https:\/\/www.bellunopress.it\/fr\/wp-json\/wp\/v2\/categories?post=162605"},{"taxonomy":"post_tag","embeddable":true,"href":"https:\/\/www.bellunopress.it\/fr\/wp-json\/wp\/v2\/tags?post=162605"}],"curies":[{"name":"wp","href":"https:\/\/api.w.org\/{rel}","templated":true}]}}