{"id":162591,"date":"2025-08-17T15:30:12","date_gmt":"2025-08-17T13:30:12","guid":{"rendered":"https:\/\/www.bellunopress.it\/?p=162591"},"modified":"2025-08-15T15:37:48","modified_gmt":"2025-08-15T13:37:48","slug":"festa-irlandese-in-piazza-martiri-a-belluno-dal-22-al-24-agosto","status":"publish","type":"post","link":"https:\/\/www.bellunopress.it\/fr\/2025\/08\/17\/festa-irlandese-in-piazza-martiri-a-belluno-dal-22-al-24-agosto\/","title":{"rendered":"Festa irlandese in piazza Martiri a Belluno dal 22 al 24 agosto"},"content":{"rendered":"<p><strong><img loading=\"lazy\" decoding=\"async\" class=\"aligncenter size-full wp-image-162592\" src=\"https:\/\/www.bellunopress.it\/wp-content\/uploads\/2025\/08\/festa-irlandese.jpg\" alt=\"\" width=\"800\" height=\"799\" srcset=\"https:\/\/www.bellunopress.it\/wp-content\/uploads\/2025\/08\/festa-irlandese.jpg 800w, https:\/\/www.bellunopress.it\/wp-content\/uploads\/2025\/08\/festa-irlandese-500x500.jpg 500w, https:\/\/www.bellunopress.it\/wp-content\/uploads\/2025\/08\/festa-irlandese-300x300.jpg 300w, https:\/\/www.bellunopress.it\/wp-content\/uploads\/2025\/08\/festa-irlandese-421x420.jpg 421w, https:\/\/www.bellunopress.it\/wp-content\/uploads\/2025\/08\/festa-irlandese-696x695.jpg 696w\" sizes=\"auto, (max-width: 800px) 100vw, 800px\" \/>Musica, market, street food per un\u2019esperienza indimenticabile<\/strong><\/p>\n<p>Belluno si tinge di verde! dal 22 al 24 Agosto 2025, la centralissima Piazza dei Martiri<br \/>\nospiter\u00e0 uno degli eventi pi\u00f9 amati dal pubblico italiano: la Festa Irlandese, un\u2019esplosione di<br \/>\nenergia, cultura e folklore in puro stile dell\u2019isola di smeraldo.<br \/>\nL\u2019evento \u00e8 organizzato da Gioxa Eventi Milano e dall\u2019Associazione Cuochi Master.<br \/>\nUn evento unico nel suo genere che trasformer\u00e0 la citt\u00e0 in un angolo d\u2019Irlanda con:<br \/>\n\u2022 Concerti dal vivo di band folk<br \/>\n\u2022 Street food tematico, con birra Guinness e piatti tipici<br \/>\n\u2022 Un\u2019atmosfera festosa e inclusiva, pensata per giovani, famiglie e appassionati<\/p>\n<p><strong>Tradizione, musica e divertimento<\/strong><br \/>\nProtagonisti assoluti saranno la musica dal vivo, con performance ogni giorno a<br \/>\npartire dal pomeriggio fino a tarda sera. Sul palco si alterneranno gruppi famosi noti per la loro energia travolgente.<\/p>\n<p><strong>Street food &amp; guinness experience<\/strong><br \/>\nUn\u2019area interamente dedicata al cibo di strada d\u2019ispirazione irlandese far\u00e0 felici tutti i palati.<br \/>\nImmancabile la Guinness, la birra scura pi\u00f9 amata al mondo, spillata come da tradizione.<\/p>\n<p><strong>Market tematico<\/strong><br \/>\nAccanto all\u2019intrattenimento, sar\u00e0 presente un vero e proprio market a tema irlandese:<br \/>\n\u2022 Accessori in stile Irish<br \/>\n\u2022 Merchandising legato alla cultura irlandese<\/p>\n<p>Un evento per tutti. Un\u2019occasione straordinaria per scoprire, conoscere e vivere il volto pi\u00f9 gioioso e conviviale dell\u2019Irlanda, a due passi da casa.<br \/>\nL\u2019ingresso sar\u00e0 gratuito, e l\u2019evento sar\u00e0 pensato anche per le famiglie con bambini, con momenti di intrattenimento per tutte le et\u00e0.<br \/>\nIngresso gratuito<\/p>","protected":false},"excerpt":{"rendered":"<p>Musica, market, street food per un\u2019esperienza indimenticabile Belluno si tinge di verde! dal 22 al 24 Agosto 2025, la centralissima Piazza dei Martiri ospiter\u00e0 uno degli eventi pi\u00f9 amati dal pubblico italiano: la Festa Irlandese, un\u2019esplosione di energia, cultura e folklore in puro stile dell\u2019isola di smeraldo. L\u2019evento \u00e8 organizzato da Gioxa Eventi Milano e [&hellip;]<\/p>\n","protected":false},"author":2,"featured_media":162592,"comment_status":"closed","ping_status":"open","sticky":false,"template":"","format":"standard","meta":{"footnotes":""},"categories":[25,4],"tags":[],"class_list":["post-162591","post","type-post","status-publish","format-standard","has-post-thumbnail","category-pausa-caffe","category-sport"],"yoast_head":"<!-- This site is optimized with the Yoast SEO plugin v28.4 - https:\/\/yoast.com\/product\/yoast-seo-wordpress\/ -->\n<title>Festa irlandese in piazza Martiri a Belluno dal 22 al 24 agosto - Bellunopress - Dolomiti<\/title>\n<meta name=\"robots\" content=\"index, follow, max-snippet:-1, max-image-preview:large, max-video-preview:-1\" \/>\n<link rel=\"canonical\" href=\"https:\/\/www.bellunopress.it\/fr\/2025\/08\/17\/festa-irlandese-in-piazza-martiri-a-belluno-dal-22-al-24-agosto\/\" \/>\n<meta property=\"og:locale\" content=\"fr_FR\" \/>\n<meta property=\"og:type\" content=\"article\" \/>\n<meta property=\"og:title\" content=\"Festa irlandese in piazza Martiri a Belluno dal 22 al 24 agosto - Bellunopress - Dolomiti\" \/>\n<meta property=\"og:description\" content=\"Musica, market, street food per un\u2019esperienza indimenticabile Belluno si tinge di verde! dal 22 al 24 Agosto 2025, la centralissima Piazza dei Martiri ospiter\u00e0 uno degli eventi pi\u00f9 amati dal pubblico italiano: la Festa Irlandese, un\u2019esplosione di energia, cultura e folklore in puro stile dell\u2019isola di smeraldo. L\u2019evento \u00e8 organizzato da Gioxa Eventi Milano e [&hellip;]\" \/>\n<meta property=\"og:url\" content=\"https:\/\/www.bellunopress.it\/fr\/2025\/08\/17\/festa-irlandese-in-piazza-martiri-a-belluno-dal-22-al-24-agosto\/\" \/>\n<meta property=\"og:site_name\" content=\"Bellunopress - Dolomiti\" \/>\n<meta property=\"article:publisher\" content=\"https:\/\/www.facebook.com\/profile.php?id=100008943462799\" \/>\n<meta property=\"article:published_time\" content=\"2025-08-17T13:30:12+00:00\" \/>\n<meta property=\"og:image\" content=\"https:\/\/www.bellunopress.it\/wp-content\/uploads\/2025\/08\/festa-irlandese.jpg\" \/>\n\t<meta property=\"og:image:width\" content=\"800\" \/>\n\t<meta property=\"og:image:height\" content=\"799\" \/>\n\t<meta property=\"og:image:type\" content=\"image\/jpeg\" \/>\n<meta name=\"author\" content=\"redazione\" \/>\n<meta name=\"twitter:card\" content=\"summary_large_image\" \/>\n<meta name=\"twitter:creator\" content=\"@bellunopress\" \/>\n<meta name=\"twitter:site\" content=\"@bellunopress\" \/>\n<meta name=\"twitter:label1\" content=\"\u00c9crit par\" \/>\n\t<meta name=\"twitter:data1\" content=\"redazione\" \/>\n\t<meta name=\"twitter:label2\" content=\"Dur\u00e9e de lecture estim\u00e9e\" \/>\n\t<meta name=\"twitter:data2\" content=\"1 minute\" \/>\n<script type=\"application\/ld+json\" class=\"yoast-schema-graph\">{\"@context\":\"https:\\\/\\\/schema.org\",\"@graph\":[{\"@type\":\"Article\",\"@id\":\"https:\\\/\\\/www.bellunopress.it\\\/2025\\\/08\\\/17\\\/festa-irlandese-in-piazza-martiri-a-belluno-dal-22-al-24-agosto\\\/#article\",\"isPartOf\":{\"@id\":\"https:\\\/\\\/www.bellunopress.it\\\/2025\\\/08\\\/17\\\/festa-irlandese-in-piazza-martiri-a-belluno-dal-22-al-24-agosto\\\/\"},\"author\":{\"name\":\"redazione\",\"@id\":\"https:\\\/\\\/www.bellunopress.it\\\/#\\\/schema\\\/person\\\/79bb06722b37ece1c03d3e94beb30d73\"},\"headline\":\"Festa irlandese in piazza Martiri a Belluno dal 22 al 24 agosto\",\"datePublished\":\"2025-08-17T13:30:12+00:00\",\"mainEntityOfPage\":{\"@id\":\"https:\\\/\\\/www.bellunopress.it\\\/2025\\\/08\\\/17\\\/festa-irlandese-in-piazza-martiri-a-belluno-dal-22-al-24-agosto\\\/\"},\"wordCount\":255,\"publisher\":{\"@id\":\"https:\\\/\\\/www.bellunopress.it\\\/#organization\"},\"image\":{\"@id\":\"https:\\\/\\\/www.bellunopress.it\\\/2025\\\/08\\\/17\\\/festa-irlandese-in-piazza-martiri-a-belluno-dal-22-al-24-agosto\\\/#primaryimage\"},\"thumbnailUrl\":\"https:\\\/\\\/www.bellunopress.it\\\/wp-content\\\/uploads\\\/2025\\\/08\\\/festa-irlandese.jpg\",\"articleSection\":[\"Pausa Caff\u00e8\",\"Sport, tempo libero\"],\"inLanguage\":\"fr-FR\"},{\"@type\":\"WebPage\",\"@id\":\"https:\\\/\\\/www.bellunopress.it\\\/2025\\\/08\\\/17\\\/festa-irlandese-in-piazza-martiri-a-belluno-dal-22-al-24-agosto\\\/\",\"url\":\"https:\\\/\\\/www.bellunopress.it\\\/2025\\\/08\\\/17\\\/festa-irlandese-in-piazza-martiri-a-belluno-dal-22-al-24-agosto\\\/\",\"name\":\"Festa irlandese in piazza Martiri a Belluno dal 22 al 24 agosto - Bellunopress - Dolomiti\",\"isPartOf\":{\"@id\":\"https:\\\/\\\/www.bellunopress.it\\\/#website\"},\"primaryImageOfPage\":{\"@id\":\"https:\\\/\\\/www.bellunopress.it\\\/2025\\\/08\\\/17\\\/festa-irlandese-in-piazza-martiri-a-belluno-dal-22-al-24-agosto\\\/#primaryimage\"},\"image\":{\"@id\":\"https:\\\/\\\/www.bellunopress.it\\\/2025\\\/08\\\/17\\\/festa-irlandese-in-piazza-martiri-a-belluno-dal-22-al-24-agosto\\\/#primaryimage\"},\"thumbnailUrl\":\"https:\\\/\\\/www.bellunopress.it\\\/wp-content\\\/uploads\\\/2025\\\/08\\\/festa-irlandese.jpg\",\"datePublished\":\"2025-08-17T13:30:12+00:00\",\"breadcrumb\":{\"@id\":\"https:\\\/\\\/www.bellunopress.it\\\/2025\\\/08\\\/17\\\/festa-irlandese-in-piazza-martiri-a-belluno-dal-22-al-24-agosto\\\/#breadcrumb\"},\"inLanguage\":\"fr-FR\",\"potentialAction\":[{\"@type\":\"ReadAction\",\"target\":[\"https:\\\/\\\/www.bellunopress.it\\\/2025\\\/08\\\/17\\\/festa-irlandese-in-piazza-martiri-a-belluno-dal-22-al-24-agosto\\\/\"]}]},{\"@type\":\"ImageObject\",\"inLanguage\":\"fr-FR\",\"@id\":\"https:\\\/\\\/www.bellunopress.it\\\/2025\\\/08\\\/17\\\/festa-irlandese-in-piazza-martiri-a-belluno-dal-22-al-24-agosto\\\/#primaryimage\",\"url\":\"https:\\\/\\\/www.bellunopress.it\\\/wp-content\\\/uploads\\\/2025\\\/08\\\/festa-irlandese.jpg\",\"contentUrl\":\"https:\\\/\\\/www.bellunopress.it\\\/wp-content\\\/uploads\\\/2025\\\/08\\\/festa-irlandese.jpg\",\"width\":800,\"height\":799},{\"@type\":\"BreadcrumbList\",\"@id\":\"https:\\\/\\\/www.bellunopress.it\\\/2025\\\/08\\\/17\\\/festa-irlandese-in-piazza-martiri-a-belluno-dal-22-al-24-agosto\\\/#breadcrumb\",\"itemListElement\":[{\"@type\":\"ListItem\",\"position\":1,\"name\":\"Home\",\"item\":\"https:\\\/\\\/www.bellunopress.it\\\/\"},{\"@type\":\"ListItem\",\"position\":2,\"name\":\"Festa irlandese in piazza Martiri a Belluno dal 22 al 24 agosto\"}]},{\"@type\":\"WebSite\",\"@id\":\"https:\\\/\\\/www.bellunopress.it\\\/#website\",\"url\":\"https:\\\/\\\/www.bellunopress.it\\\/\",\"name\":\"Bellunopress - Dolomiti\",\"description\":\"e-mail: redazione@bellunopress.it\",\"publisher\":{\"@id\":\"https:\\\/\\\/www.bellunopress.it\\\/#organization\"},\"potentialAction\":[{\"@type\":\"SearchAction\",\"target\":{\"@type\":\"EntryPoint\",\"urlTemplate\":\"https:\\\/\\\/www.bellunopress.it\\\/?s={search_term_string}\"},\"query-input\":{\"@type\":\"PropertyValueSpecification\",\"valueRequired\":true,\"valueName\":\"search_term_string\"}}],\"inLanguage\":\"fr-FR\"},{\"@type\":\"Organization\",\"@id\":\"https:\\\/\\\/www.bellunopress.it\\\/#organization\",\"name\":\"Bellunopress\",\"url\":\"https:\\\/\\\/www.bellunopress.it\\\/\",\"logo\":{\"@type\":\"ImageObject\",\"inLanguage\":\"fr-FR\",\"@id\":\"https:\\\/\\\/www.bellunopress.it\\\/#\\\/schema\\\/logo\\\/image\\\/\",\"url\":\"https:\\\/\\\/www.bellunopress.it\\\/wp-content\\\/uploads\\\/2011\\\/05\\\/cropped-logo-bellunopress-.jpg\",\"contentUrl\":\"https:\\\/\\\/www.bellunopress.it\\\/wp-content\\\/uploads\\\/2011\\\/05\\\/cropped-logo-bellunopress-.jpg\",\"width\":512,\"height\":512,\"caption\":\"Bellunopress\"},\"image\":{\"@id\":\"https:\\\/\\\/www.bellunopress.it\\\/#\\\/schema\\\/logo\\\/image\\\/\"},\"sameAs\":[\"https:\\\/\\\/www.facebook.com\\\/profile.php?id=100008943462799\",\"https:\\\/\\\/x.com\\\/bellunopress\",\"https:\\\/\\\/www.linkedin.com\\\/hp\\\/?dnr=JBzUWaJfMUw8vbXJJ2tVW5-I3jZKvC4wsoxE&amp;amp;amp;amp;amp;amp;trk=nav_responsive_tab_home\",\"https:\\\/\\\/www.youtube.com\\\/channel\\\/UCxL0wu1uN0_3_7hGG0306cw\"]},{\"@type\":\"Person\",\"@id\":\"https:\\\/\\\/www.bellunopress.it\\\/#\\\/schema\\\/person\\\/79bb06722b37ece1c03d3e94beb30d73\",\"name\":\"redazione\",\"image\":{\"@type\":\"ImageObject\",\"inLanguage\":\"fr-FR\",\"@id\":\"https:\\\/\\\/secure.gravatar.com\\\/avatar\\\/37d968a2e67a6fd04c169c4bdef102d0bc5d31b2546345219e348575eb80e9a0?s=96&d=mm&r=g\",\"url\":\"https:\\\/\\\/secure.gravatar.com\\\/avatar\\\/37d968a2e67a6fd04c169c4bdef102d0bc5d31b2546345219e348575eb80e9a0?s=96&d=mm&r=g\",\"contentUrl\":\"https:\\\/\\\/secure.gravatar.com\\\/avatar\\\/37d968a2e67a6fd04c169c4bdef102d0bc5d31b2546345219e348575eb80e9a0?s=96&d=mm&r=g\",\"caption\":\"redazione\"},\"sameAs\":[\"http:\\\/\\\/www.bellunopress.it\",\"https:\\\/\\\/x.com\\\/bellunopress\"],\"url\":\"https:\\\/\\\/www.bellunopress.it\\\/fr\\\/author\\\/redazione\\\/\"}]}<\/script>\n<!-- \/ Yoast SEO plugin. -->","yoast_head_json":{"title":"Festa irlandese in piazza Martiri a Belluno dal 22 al 24 agosto - Bellunopress - Dolomiti","robots":{"index":"index","follow":"follow","max-snippet":"max-snippet:-1","max-image-preview":"max-image-preview:large","max-video-preview":"max-video-preview:-1"},"canonical":"https:\/\/www.bellunopress.it\/fr\/2025\/08\/17\/festa-irlandese-in-piazza-martiri-a-belluno-dal-22-al-24-agosto\/","og_locale":"fr_FR","og_type":"article","og_title":"Festa irlandese in piazza Martiri a Belluno dal 22 al 24 agosto - Bellunopress - Dolomiti","og_description":"Musica, market, street food per un\u2019esperienza indimenticabile Belluno si tinge di verde! dal 22 al 24 Agosto 2025, la centralissima Piazza dei Martiri ospiter\u00e0 uno degli eventi pi\u00f9 amati dal pubblico italiano: la Festa Irlandese, un\u2019esplosione di energia, cultura e folklore in puro stile dell\u2019isola di smeraldo. L\u2019evento \u00e8 organizzato da Gioxa Eventi Milano e [&hellip;]","og_url":"https:\/\/www.bellunopress.it\/fr\/2025\/08\/17\/festa-irlandese-in-piazza-martiri-a-belluno-dal-22-al-24-agosto\/","og_site_name":"Bellunopress - Dolomiti","article_publisher":"https:\/\/www.facebook.com\/profile.php?id=100008943462799","article_published_time":"2025-08-17T13:30:12+00:00","og_image":[{"width":800,"height":799,"url":"https:\/\/www.bellunopress.it\/wp-content\/uploads\/2025\/08\/festa-irlandese.jpg","type":"image\/jpeg"}],"author":"redazione","twitter_card":"summary_large_image","twitter_creator":"@bellunopress","twitter_site":"@bellunopress","twitter_misc":{"\u00c9crit par":"redazione","Dur\u00e9e de lecture estim\u00e9e":"1 minute"},"schema":{"@context":"https:\/\/schema.org","@graph":[{"@type":"Article","@id":"https:\/\/www.bellunopress.it\/2025\/08\/17\/festa-irlandese-in-piazza-martiri-a-belluno-dal-22-al-24-agosto\/#article","isPartOf":{"@id":"https:\/\/www.bellunopress.it\/2025\/08\/17\/festa-irlandese-in-piazza-martiri-a-belluno-dal-22-al-24-agosto\/"},"author":{"name":"redazione","@id":"https:\/\/www.bellunopress.it\/#\/schema\/person\/79bb06722b37ece1c03d3e94beb30d73"},"headline":"Festa irlandese in piazza Martiri a Belluno dal 22 al 24 agosto","datePublished":"2025-08-17T13:30:12+00:00","mainEntityOfPage":{"@id":"https:\/\/www.bellunopress.it\/2025\/08\/17\/festa-irlandese-in-piazza-martiri-a-belluno-dal-22-al-24-agosto\/"},"wordCount":255,"publisher":{"@id":"https:\/\/www.bellunopress.it\/#organization"},"image":{"@id":"https:\/\/www.bellunopress.it\/2025\/08\/17\/festa-irlandese-in-piazza-martiri-a-belluno-dal-22-al-24-agosto\/#primaryimage"},"thumbnailUrl":"https:\/\/www.bellunopress.it\/wp-content\/uploads\/2025\/08\/festa-irlandese.jpg","articleSection":["Pausa Caff\u00e8","Sport, tempo libero"],"inLanguage":"fr-FR"},{"@type":"WebPage","@id":"https:\/\/www.bellunopress.it\/2025\/08\/17\/festa-irlandese-in-piazza-martiri-a-belluno-dal-22-al-24-agosto\/","url":"https:\/\/www.bellunopress.it\/2025\/08\/17\/festa-irlandese-in-piazza-martiri-a-belluno-dal-22-al-24-agosto\/","name":"Festa irlandese in piazza Martiri a Belluno dal 22 al 24 agosto - Bellunopress - Dolomiti","isPartOf":{"@id":"https:\/\/www.bellunopress.it\/#website"},"primaryImageOfPage":{"@id":"https:\/\/www.bellunopress.it\/2025\/08\/17\/festa-irlandese-in-piazza-martiri-a-belluno-dal-22-al-24-agosto\/#primaryimage"},"image":{"@id":"https:\/\/www.bellunopress.it\/2025\/08\/17\/festa-irlandese-in-piazza-martiri-a-belluno-dal-22-al-24-agosto\/#primaryimage"},"thumbnailUrl":"https:\/\/www.bellunopress.it\/wp-content\/uploads\/2025\/08\/festa-irlandese.jpg","datePublished":"2025-08-17T13:30:12+00:00","breadcrumb":{"@id":"https:\/\/www.bellunopress.it\/2025\/08\/17\/festa-irlandese-in-piazza-martiri-a-belluno-dal-22-al-24-agosto\/#breadcrumb"},"inLanguage":"fr-FR","potentialAction":[{"@type":"ReadAction","target":["https:\/\/www.bellunopress.it\/2025\/08\/17\/festa-irlandese-in-piazza-martiri-a-belluno-dal-22-al-24-agosto\/"]}]},{"@type":"ImageObject","inLanguage":"fr-FR","@id":"https:\/\/www.bellunopress.it\/2025\/08\/17\/festa-irlandese-in-piazza-martiri-a-belluno-dal-22-al-24-agosto\/#primaryimage","url":"https:\/\/www.bellunopress.it\/wp-content\/uploads\/2025\/08\/festa-irlandese.jpg","contentUrl":"https:\/\/www.bellunopress.it\/wp-content\/uploads\/2025\/08\/festa-irlandese.jpg","width":800,"height":799},{"@type":"BreadcrumbList","@id":"https:\/\/www.bellunopress.it\/2025\/08\/17\/festa-irlandese-in-piazza-martiri-a-belluno-dal-22-al-24-agosto\/#breadcrumb","itemListElement":[{"@type":"ListItem","position":1,"name":"Home","item":"https:\/\/www.bellunopress.it\/"},{"@type":"ListItem","position":2,"name":"Festa irlandese in piazza Martiri a Belluno dal 22 al 24 agosto"}]},{"@type":"WebSite","@id":"https:\/\/www.bellunopress.it\/#website","url":"https:\/\/www.bellunopress.it\/","name":"Bellunopress - Dolomiti","description":"e-mail: redazione@bellunopress.it","publisher":{"@id":"https:\/\/www.bellunopress.it\/#organization"},"potentialAction":[{"@type":"SearchAction","target":{"@type":"EntryPoint","urlTemplate":"https:\/\/www.bellunopress.it\/?s={search_term_string}"},"query-input":{"@type":"PropertyValueSpecification","valueRequired":true,"valueName":"search_term_string"}}],"inLanguage":"fr-FR"},{"@type":"Organization","@id":"https:\/\/www.bellunopress.it\/#organization","name":"Bellunopress","url":"https:\/\/www.bellunopress.it\/","logo":{"@type":"ImageObject","inLanguage":"fr-FR","@id":"https:\/\/www.bellunopress.it\/#\/schema\/logo\/image\/","url":"https:\/\/www.bellunopress.it\/wp-content\/uploads\/2011\/05\/cropped-logo-bellunopress-.jpg","contentUrl":"https:\/\/www.bellunopress.it\/wp-content\/uploads\/2011\/05\/cropped-logo-bellunopress-.jpg","width":512,"height":512,"caption":"Bellunopress"},"image":{"@id":"https:\/\/www.bellunopress.it\/#\/schema\/logo\/image\/"},"sameAs":["https:\/\/www.facebook.com\/profile.php?id=100008943462799","https:\/\/x.com\/bellunopress","https:\/\/www.linkedin.com\/hp\/?dnr=JBzUWaJfMUw8vbXJJ2tVW5-I3jZKvC4wsoxE&amp;amp;amp;amp;amp;amp;trk=nav_responsive_tab_home","https:\/\/www.youtube.com\/channel\/UCxL0wu1uN0_3_7hGG0306cw"]},{"@type":"Person","@id":"https:\/\/www.bellunopress.it\/#\/schema\/person\/79bb06722b37ece1c03d3e94beb30d73","name":"r\u00e9daction","image":{"@type":"ImageObject","inLanguage":"fr-FR","@id":"https:\/\/secure.gravatar.com\/avatar\/37d968a2e67a6fd04c169c4bdef102d0bc5d31b2546345219e348575eb80e9a0?s=96&d=mm&r=g","url":"https:\/\/secure.gravatar.com\/avatar\/37d968a2e67a6fd04c169c4bdef102d0bc5d31b2546345219e348575eb80e9a0?s=96&d=mm&r=g","contentUrl":"https:\/\/secure.gravatar.com\/avatar\/37d968a2e67a6fd04c169c4bdef102d0bc5d31b2546345219e348575eb80e9a0?s=96&d=mm&r=g","caption":"redazione"},"sameAs":["http:\/\/www.bellunopress.it","https:\/\/x.com\/bellunopress"],"url":"https:\/\/www.bellunopress.it\/fr\/author\/redazione\/"}]}},"_links":{"self":[{"href":"https:\/\/www.bellunopress.it\/fr\/wp-json\/wp\/v2\/posts\/162591","targetHints":{"allow":["GET"]}}],"collection":[{"href":"https:\/\/www.bellunopress.it\/fr\/wp-json\/wp\/v2\/posts"}],"about":[{"href":"https:\/\/www.bellunopress.it\/fr\/wp-json\/wp\/v2\/types\/post"}],"author":[{"embeddable":true,"href":"https:\/\/www.bellunopress.it\/fr\/wp-json\/wp\/v2\/users\/2"}],"replies":[{"embeddable":true,"href":"https:\/\/www.bellunopress.it\/fr\/wp-json\/wp\/v2\/comments?post=162591"}],"version-history":[{"count":1,"href":"https:\/\/www.bellunopress.it\/fr\/wp-json\/wp\/v2\/posts\/162591\/revisions"}],"predecessor-version":[{"id":162593,"href":"https:\/\/www.bellunopress.it\/fr\/wp-json\/wp\/v2\/posts\/162591\/revisions\/162593"}],"wp:featuredmedia":[{"embeddable":true,"href":"https:\/\/www.bellunopress.it\/fr\/wp-json\/wp\/v2\/media\/162592"}],"wp:attachment":[{"href":"https:\/\/www.bellunopress.it\/fr\/wp-json\/wp\/v2\/media?parent=162591"}],"wp:term":[{"taxonomy":"category","embeddable":true,"href":"https:\/\/www.bellunopress.it\/fr\/wp-json\/wp\/v2\/categories?post=162591"},{"taxonomy":"post_tag","embeddable":true,"href":"https:\/\/www.bellunopress.it\/fr\/wp-json\/wp\/v2\/tags?post=162591"}],"curies":[{"name":"wp","href":"https:\/\/api.w.org\/{rel}","templated":true}]}}