{"id":162561,"date":"2025-08-13T14:19:33","date_gmt":"2025-08-13T12:19:33","guid":{"rendered":"https:\/\/www.bellunopress.it\/?p=162561"},"modified":"2025-08-13T14:19:33","modified_gmt":"2025-08-13T12:19:33","slug":"longarone-cambiano-gli-orari-di-apertura-al-pubblico-degli-uffici","status":"publish","type":"post","link":"https:\/\/www.bellunopress.it\/fr\/2025\/08\/13\/longarone-cambiano-gli-orari-di-apertura-al-pubblico-degli-uffici\/","title":{"rendered":"Longarone, cambiano gli orari di apertura al pubblico degli uffici"},"content":{"rendered":"<figure id=\"attachment_113957\" aria-describedby=\"caption-attachment-113957\" style=\"width: 378px\" class=\"wp-caption aligncenter\"><img loading=\"lazy\" decoding=\"async\" class=\"size-full wp-image-113957\" src=\"https:\/\/www.bellunopress.it\/wp-content\/uploads\/2020\/04\/Municipio-Longarone.jpg\" alt=\"\" width=\"378\" height=\"236\" \/><figcaption id=\"caption-attachment-113957\" class=\"wp-caption-text\">Municipio di Longarone<\/figcaption><\/figure>\n<p><strong>Il sindaco: \u201cPi\u00f9 vicini alle esigenze dei cittadini\u201d<\/strong><\/p>\n<p>L\u2019amministrazione comunale di Longarone amplia le fasce orarie di apertura al pubblico degli uffici municipali. Con il decreto 8 dell\u201911 agosto, il sindaco Roberto Padrin ha stabilito la modifica dell\u2019erogazione dei servizi ai cittadini. In particolare, sono stati modificati gli orari in cui sono attivi per il ricevimento al pubblico gli uffici di Palazzo Mazzol\u00e0, rendendoli maggiormente omogenei e ampliandoli a fasce orarie e a modalit\u00e0 di accesso che siano pi\u00f9 agevoli per i cittadini stessi e per gli utenti dei servizi comunali in generale. \u201cIn questo modo, saremo pi\u00f9 vicini alle esigenze dei cittadini. Il tema era emerso gi\u00e0 durante gli incontri della campagna elettorale e abbiamo recepito le esigenze dei cittadini, anche con l\u2019obiettivo di dare omogeneit\u00e0 agli orari dei diversi servizi\u201d afferma il sindaco, Roberto Padrin.<br \/>\nI nuovi orari entreranno in vigore dal 1\u00b0 settembre. In particolare gli uffici comunali saranno aperti le mattine del luned\u00ec, del mercoled\u00ec e del venerd\u00ec dalle 9.30 alle 12.30, e i pomeriggi di luned\u00ec (dalle 15 alle 19) e del gioved\u00ec (dalle 15 alle 18). Luned\u00ec, mercoled\u00ec e gioved\u00ec solo su appuntamento; venerd\u00ec con accesso libero. In particolari periodi, come ad esempio nelle settimane a ridosso delle scadenze Imu o Tari, l\u2019Ufficio Tributi potr\u00e0 essere aperto sempre senza appuntamento.<br \/>\nCambia anche l\u2019orario della biblioteca, che per un pomeriggio alla settimana &#8211; il luned\u00ec &#8211; rester\u00e0 aperta fino alle 19 (per il resto, mercoled\u00ec e gioved\u00ec dalle 15 alle 18, venerd\u00ec dalle 9.30 alle 12.30).<br \/>\n\u201cAbbiamo effettuato una ricognizione generale dell\u2019accesso dell\u2019utenza agli uffici comunali con un gruppo di lavoro presieduto dall\u2019assessore Croce e di cui facevano parte le consigliere Liliana De Bona e Piera Del Vesco, che ringrazio per l\u2019ottimo lavoro svolto. E di conseguenza abbiamo valutato l\u2019opportunit\u00e0 di riorganizzare gli orari dei servizi al fine di assicurare la migliore funzionalit\u00e0 all\u2019ente e garantire al contempo un\u2019efficiente risposta alle necessit\u00e0 dei cittadini\u201d continua il sindaco. \u201cQuella che partir\u00e0 dal 1\u00b0 settembre sar\u00e0 una sperimentazione. Nel caso in cui dovessero emergere necessit\u00e0 di tipo diverso, siamo pronti a modificare nuovamente gli orari, raccogliendo le esigenze che dovessero presentarsi\u201d.<\/p>","protected":false},"excerpt":{"rendered":"<p>Il sindaco: \u201cPi\u00f9 vicini alle esigenze dei cittadini\u201d L\u2019amministrazione comunale di Longarone amplia le fasce orarie di apertura al pubblico degli uffici municipali. Con il decreto 8 dell\u201911 agosto, il sindaco Roberto Padrin ha stabilito la modifica dell\u2019erogazione dei servizi ai cittadini. In particolare, sono stati modificati gli orari in cui sono attivi per il [&hellip;]<\/p>\n","protected":false},"author":2,"featured_media":113957,"comment_status":"closed","ping_status":"open","sticky":false,"template":"","format":"standard","meta":{"footnotes":""},"categories":[26,8],"tags":[],"class_list":["post-162561","post","type-post","status-publish","format-standard","has-post-thumbnail","category-prima-pagina","category-societa-istituzioni"],"yoast_head":"<!-- This site is optimized with the Yoast SEO plugin v28.4 - https:\/\/yoast.com\/product\/yoast-seo-wordpress\/ -->\n<title>Longarone, cambiano gli orari di apertura al pubblico degli uffici - Bellunopress - Dolomiti<\/title>\n<meta name=\"robots\" content=\"index, follow, max-snippet:-1, max-image-preview:large, max-video-preview:-1\" \/>\n<link rel=\"canonical\" href=\"https:\/\/www.bellunopress.it\/fr\/2025\/08\/13\/longarone-cambiano-gli-orari-di-apertura-al-pubblico-degli-uffici\/\" \/>\n<meta property=\"og:locale\" content=\"fr_FR\" \/>\n<meta property=\"og:type\" content=\"article\" \/>\n<meta property=\"og:title\" content=\"Longarone, cambiano gli orari di apertura al pubblico degli uffici - Bellunopress - Dolomiti\" \/>\n<meta property=\"og:description\" content=\"Il sindaco: \u201cPi\u00f9 vicini alle esigenze dei cittadini\u201d L\u2019amministrazione comunale di Longarone amplia le fasce orarie di apertura al pubblico degli uffici municipali. Con il decreto 8 dell\u201911 agosto, il sindaco Roberto Padrin ha stabilito la modifica dell\u2019erogazione dei servizi ai cittadini. In particolare, sono stati modificati gli orari in cui sono attivi per il [&hellip;]\" \/>\n<meta property=\"og:url\" content=\"https:\/\/www.bellunopress.it\/fr\/2025\/08\/13\/longarone-cambiano-gli-orari-di-apertura-al-pubblico-degli-uffici\/\" \/>\n<meta property=\"og:site_name\" content=\"Bellunopress - Dolomiti\" \/>\n<meta property=\"article:publisher\" content=\"https:\/\/www.facebook.com\/profile.php?id=100008943462799\" \/>\n<meta property=\"article:published_time\" content=\"2025-08-13T12:19:33+00:00\" \/>\n<meta property=\"og:image\" content=\"https:\/\/www.bellunopress.it\/wp-content\/uploads\/2020\/04\/Municipio-Longarone.jpg\" \/>\n\t<meta property=\"og:image:width\" content=\"378\" \/>\n\t<meta property=\"og:image:height\" content=\"236\" \/>\n\t<meta property=\"og:image:type\" content=\"image\/jpeg\" \/>\n<meta name=\"author\" content=\"redazione\" \/>\n<meta name=\"twitter:card\" content=\"summary_large_image\" \/>\n<meta name=\"twitter:creator\" content=\"@bellunopress\" \/>\n<meta name=\"twitter:site\" content=\"@bellunopress\" \/>\n<meta name=\"twitter:label1\" content=\"\u00c9crit par\" \/>\n\t<meta name=\"twitter:data1\" content=\"redazione\" \/>\n\t<meta name=\"twitter:label2\" content=\"Dur\u00e9e de lecture estim\u00e9e\" \/>\n\t<meta name=\"twitter:data2\" content=\"2 minutes\" \/>\n<script type=\"application\/ld+json\" class=\"yoast-schema-graph\">{\"@context\":\"https:\\\/\\\/schema.org\",\"@graph\":[{\"@type\":\"Article\",\"@id\":\"https:\\\/\\\/www.bellunopress.it\\\/2025\\\/08\\\/13\\\/longarone-cambiano-gli-orari-di-apertura-al-pubblico-degli-uffici\\\/#article\",\"isPartOf\":{\"@id\":\"https:\\\/\\\/www.bellunopress.it\\\/2025\\\/08\\\/13\\\/longarone-cambiano-gli-orari-di-apertura-al-pubblico-degli-uffici\\\/\"},\"author\":{\"name\":\"redazione\",\"@id\":\"https:\\\/\\\/www.bellunopress.it\\\/#\\\/schema\\\/person\\\/79bb06722b37ece1c03d3e94beb30d73\"},\"headline\":\"Longarone, cambiano gli orari di apertura al pubblico degli uffici\",\"datePublished\":\"2025-08-13T12:19:33+00:00\",\"mainEntityOfPage\":{\"@id\":\"https:\\\/\\\/www.bellunopress.it\\\/2025\\\/08\\\/13\\\/longarone-cambiano-gli-orari-di-apertura-al-pubblico-degli-uffici\\\/\"},\"wordCount\":372,\"publisher\":{\"@id\":\"https:\\\/\\\/www.bellunopress.it\\\/#organization\"},\"image\":{\"@id\":\"https:\\\/\\\/www.bellunopress.it\\\/2025\\\/08\\\/13\\\/longarone-cambiano-gli-orari-di-apertura-al-pubblico-degli-uffici\\\/#primaryimage\"},\"thumbnailUrl\":\"https:\\\/\\\/www.bellunopress.it\\\/wp-content\\\/uploads\\\/2020\\\/04\\\/Municipio-Longarone.jpg\",\"articleSection\":[\"Prima Pagina\",\"Societ\u00e0, Associazioni, Istituzioni\"],\"inLanguage\":\"fr-FR\"},{\"@type\":\"WebPage\",\"@id\":\"https:\\\/\\\/www.bellunopress.it\\\/2025\\\/08\\\/13\\\/longarone-cambiano-gli-orari-di-apertura-al-pubblico-degli-uffici\\\/\",\"url\":\"https:\\\/\\\/www.bellunopress.it\\\/2025\\\/08\\\/13\\\/longarone-cambiano-gli-orari-di-apertura-al-pubblico-degli-uffici\\\/\",\"name\":\"Longarone, cambiano gli orari di apertura al pubblico degli uffici - Bellunopress - Dolomiti\",\"isPartOf\":{\"@id\":\"https:\\\/\\\/www.bellunopress.it\\\/#website\"},\"primaryImageOfPage\":{\"@id\":\"https:\\\/\\\/www.bellunopress.it\\\/2025\\\/08\\\/13\\\/longarone-cambiano-gli-orari-di-apertura-al-pubblico-degli-uffici\\\/#primaryimage\"},\"image\":{\"@id\":\"https:\\\/\\\/www.bellunopress.it\\\/2025\\\/08\\\/13\\\/longarone-cambiano-gli-orari-di-apertura-al-pubblico-degli-uffici\\\/#primaryimage\"},\"thumbnailUrl\":\"https:\\\/\\\/www.bellunopress.it\\\/wp-content\\\/uploads\\\/2020\\\/04\\\/Municipio-Longarone.jpg\",\"datePublished\":\"2025-08-13T12:19:33+00:00\",\"breadcrumb\":{\"@id\":\"https:\\\/\\\/www.bellunopress.it\\\/2025\\\/08\\\/13\\\/longarone-cambiano-gli-orari-di-apertura-al-pubblico-degli-uffici\\\/#breadcrumb\"},\"inLanguage\":\"fr-FR\",\"potentialAction\":[{\"@type\":\"ReadAction\",\"target\":[\"https:\\\/\\\/www.bellunopress.it\\\/2025\\\/08\\\/13\\\/longarone-cambiano-gli-orari-di-apertura-al-pubblico-degli-uffici\\\/\"]}]},{\"@type\":\"ImageObject\",\"inLanguage\":\"fr-FR\",\"@id\":\"https:\\\/\\\/www.bellunopress.it\\\/2025\\\/08\\\/13\\\/longarone-cambiano-gli-orari-di-apertura-al-pubblico-degli-uffici\\\/#primaryimage\",\"url\":\"https:\\\/\\\/www.bellunopress.it\\\/wp-content\\\/uploads\\\/2020\\\/04\\\/Municipio-Longarone.jpg\",\"contentUrl\":\"https:\\\/\\\/www.bellunopress.it\\\/wp-content\\\/uploads\\\/2020\\\/04\\\/Municipio-Longarone.jpg\",\"width\":378,\"height\":236,\"caption\":\"Municipio di Longarone\"},{\"@type\":\"BreadcrumbList\",\"@id\":\"https:\\\/\\\/www.bellunopress.it\\\/2025\\\/08\\\/13\\\/longarone-cambiano-gli-orari-di-apertura-al-pubblico-degli-uffici\\\/#breadcrumb\",\"itemListElement\":[{\"@type\":\"ListItem\",\"position\":1,\"name\":\"Home\",\"item\":\"https:\\\/\\\/www.bellunopress.it\\\/\"},{\"@type\":\"ListItem\",\"position\":2,\"name\":\"Longarone, cambiano gli orari di apertura al pubblico degli uffici\"}]},{\"@type\":\"WebSite\",\"@id\":\"https:\\\/\\\/www.bellunopress.it\\\/#website\",\"url\":\"https:\\\/\\\/www.bellunopress.it\\\/\",\"name\":\"Bellunopress - Dolomiti\",\"description\":\"e-mail: redazione@bellunopress.it\",\"publisher\":{\"@id\":\"https:\\\/\\\/www.bellunopress.it\\\/#organization\"},\"potentialAction\":[{\"@type\":\"SearchAction\",\"target\":{\"@type\":\"EntryPoint\",\"urlTemplate\":\"https:\\\/\\\/www.bellunopress.it\\\/?s={search_term_string}\"},\"query-input\":{\"@type\":\"PropertyValueSpecification\",\"valueRequired\":true,\"valueName\":\"search_term_string\"}}],\"inLanguage\":\"fr-FR\"},{\"@type\":\"Organization\",\"@id\":\"https:\\\/\\\/www.bellunopress.it\\\/#organization\",\"name\":\"Bellunopress\",\"url\":\"https:\\\/\\\/www.bellunopress.it\\\/\",\"logo\":{\"@type\":\"ImageObject\",\"inLanguage\":\"fr-FR\",\"@id\":\"https:\\\/\\\/www.bellunopress.it\\\/#\\\/schema\\\/logo\\\/image\\\/\",\"url\":\"https:\\\/\\\/www.bellunopress.it\\\/wp-content\\\/uploads\\\/2011\\\/05\\\/cropped-logo-bellunopress-.jpg\",\"contentUrl\":\"https:\\\/\\\/www.bellunopress.it\\\/wp-content\\\/uploads\\\/2011\\\/05\\\/cropped-logo-bellunopress-.jpg\",\"width\":512,\"height\":512,\"caption\":\"Bellunopress\"},\"image\":{\"@id\":\"https:\\\/\\\/www.bellunopress.it\\\/#\\\/schema\\\/logo\\\/image\\\/\"},\"sameAs\":[\"https:\\\/\\\/www.facebook.com\\\/profile.php?id=100008943462799\",\"https:\\\/\\\/x.com\\\/bellunopress\",\"https:\\\/\\\/www.linkedin.com\\\/hp\\\/?dnr=JBzUWaJfMUw8vbXJJ2tVW5-I3jZKvC4wsoxE&amp;amp;amp;amp;amp;amp;trk=nav_responsive_tab_home\",\"https:\\\/\\\/www.youtube.com\\\/channel\\\/UCxL0wu1uN0_3_7hGG0306cw\"]},{\"@type\":\"Person\",\"@id\":\"https:\\\/\\\/www.bellunopress.it\\\/#\\\/schema\\\/person\\\/79bb06722b37ece1c03d3e94beb30d73\",\"name\":\"redazione\",\"image\":{\"@type\":\"ImageObject\",\"inLanguage\":\"fr-FR\",\"@id\":\"https:\\\/\\\/secure.gravatar.com\\\/avatar\\\/37d968a2e67a6fd04c169c4bdef102d0bc5d31b2546345219e348575eb80e9a0?s=96&d=mm&r=g\",\"url\":\"https:\\\/\\\/secure.gravatar.com\\\/avatar\\\/37d968a2e67a6fd04c169c4bdef102d0bc5d31b2546345219e348575eb80e9a0?s=96&d=mm&r=g\",\"contentUrl\":\"https:\\\/\\\/secure.gravatar.com\\\/avatar\\\/37d968a2e67a6fd04c169c4bdef102d0bc5d31b2546345219e348575eb80e9a0?s=96&d=mm&r=g\",\"caption\":\"redazione\"},\"sameAs\":[\"http:\\\/\\\/www.bellunopress.it\",\"https:\\\/\\\/x.com\\\/bellunopress\"],\"url\":\"https:\\\/\\\/www.bellunopress.it\\\/fr\\\/author\\\/redazione\\\/\"}]}<\/script>\n<!-- \/ Yoast SEO plugin. -->","yoast_head_json":{"title":"Longarone, cambiano gli orari di apertura al pubblico degli uffici - Bellunopress - Dolomiti","robots":{"index":"index","follow":"follow","max-snippet":"max-snippet:-1","max-image-preview":"max-image-preview:large","max-video-preview":"max-video-preview:-1"},"canonical":"https:\/\/www.bellunopress.it\/fr\/2025\/08\/13\/longarone-cambiano-gli-orari-di-apertura-al-pubblico-degli-uffici\/","og_locale":"fr_FR","og_type":"article","og_title":"Longarone, cambiano gli orari di apertura al pubblico degli uffici - Bellunopress - Dolomiti","og_description":"Il sindaco: \u201cPi\u00f9 vicini alle esigenze dei cittadini\u201d L\u2019amministrazione comunale di Longarone amplia le fasce orarie di apertura al pubblico degli uffici municipali. Con il decreto 8 dell\u201911 agosto, il sindaco Roberto Padrin ha stabilito la modifica dell\u2019erogazione dei servizi ai cittadini. In particolare, sono stati modificati gli orari in cui sono attivi per il [&hellip;]","og_url":"https:\/\/www.bellunopress.it\/fr\/2025\/08\/13\/longarone-cambiano-gli-orari-di-apertura-al-pubblico-degli-uffici\/","og_site_name":"Bellunopress - Dolomiti","article_publisher":"https:\/\/www.facebook.com\/profile.php?id=100008943462799","article_published_time":"2025-08-13T12:19:33+00:00","og_image":[{"width":378,"height":236,"url":"https:\/\/www.bellunopress.it\/wp-content\/uploads\/2020\/04\/Municipio-Longarone.jpg","type":"image\/jpeg"}],"author":"redazione","twitter_card":"summary_large_image","twitter_creator":"@bellunopress","twitter_site":"@bellunopress","twitter_misc":{"\u00c9crit par":"redazione","Dur\u00e9e de lecture estim\u00e9e":"2 minutes"},"schema":{"@context":"https:\/\/schema.org","@graph":[{"@type":"Article","@id":"https:\/\/www.bellunopress.it\/2025\/08\/13\/longarone-cambiano-gli-orari-di-apertura-al-pubblico-degli-uffici\/#article","isPartOf":{"@id":"https:\/\/www.bellunopress.it\/2025\/08\/13\/longarone-cambiano-gli-orari-di-apertura-al-pubblico-degli-uffici\/"},"author":{"name":"redazione","@id":"https:\/\/www.bellunopress.it\/#\/schema\/person\/79bb06722b37ece1c03d3e94beb30d73"},"headline":"Longarone, cambiano gli orari di apertura al pubblico degli uffici","datePublished":"2025-08-13T12:19:33+00:00","mainEntityOfPage":{"@id":"https:\/\/www.bellunopress.it\/2025\/08\/13\/longarone-cambiano-gli-orari-di-apertura-al-pubblico-degli-uffici\/"},"wordCount":372,"publisher":{"@id":"https:\/\/www.bellunopress.it\/#organization"},"image":{"@id":"https:\/\/www.bellunopress.it\/2025\/08\/13\/longarone-cambiano-gli-orari-di-apertura-al-pubblico-degli-uffici\/#primaryimage"},"thumbnailUrl":"https:\/\/www.bellunopress.it\/wp-content\/uploads\/2020\/04\/Municipio-Longarone.jpg","articleSection":["Prima Pagina","Societ\u00e0, Associazioni, Istituzioni"],"inLanguage":"fr-FR"},{"@type":"WebPage","@id":"https:\/\/www.bellunopress.it\/2025\/08\/13\/longarone-cambiano-gli-orari-di-apertura-al-pubblico-degli-uffici\/","url":"https:\/\/www.bellunopress.it\/2025\/08\/13\/longarone-cambiano-gli-orari-di-apertura-al-pubblico-degli-uffici\/","name":"Longarone, cambiano gli orari di apertura al pubblico degli uffici - Bellunopress - Dolomiti","isPartOf":{"@id":"https:\/\/www.bellunopress.it\/#website"},"primaryImageOfPage":{"@id":"https:\/\/www.bellunopress.it\/2025\/08\/13\/longarone-cambiano-gli-orari-di-apertura-al-pubblico-degli-uffici\/#primaryimage"},"image":{"@id":"https:\/\/www.bellunopress.it\/2025\/08\/13\/longarone-cambiano-gli-orari-di-apertura-al-pubblico-degli-uffici\/#primaryimage"},"thumbnailUrl":"https:\/\/www.bellunopress.it\/wp-content\/uploads\/2020\/04\/Municipio-Longarone.jpg","datePublished":"2025-08-13T12:19:33+00:00","breadcrumb":{"@id":"https:\/\/www.bellunopress.it\/2025\/08\/13\/longarone-cambiano-gli-orari-di-apertura-al-pubblico-degli-uffici\/#breadcrumb"},"inLanguage":"fr-FR","potentialAction":[{"@type":"ReadAction","target":["https:\/\/www.bellunopress.it\/2025\/08\/13\/longarone-cambiano-gli-orari-di-apertura-al-pubblico-degli-uffici\/"]}]},{"@type":"ImageObject","inLanguage":"fr-FR","@id":"https:\/\/www.bellunopress.it\/2025\/08\/13\/longarone-cambiano-gli-orari-di-apertura-al-pubblico-degli-uffici\/#primaryimage","url":"https:\/\/www.bellunopress.it\/wp-content\/uploads\/2020\/04\/Municipio-Longarone.jpg","contentUrl":"https:\/\/www.bellunopress.it\/wp-content\/uploads\/2020\/04\/Municipio-Longarone.jpg","width":378,"height":236,"caption":"Municipio di Longarone"},{"@type":"BreadcrumbList","@id":"https:\/\/www.bellunopress.it\/2025\/08\/13\/longarone-cambiano-gli-orari-di-apertura-al-pubblico-degli-uffici\/#breadcrumb","itemListElement":[{"@type":"ListItem","position":1,"name":"Home","item":"https:\/\/www.bellunopress.it\/"},{"@type":"ListItem","position":2,"name":"Longarone, cambiano gli orari di apertura al pubblico degli uffici"}]},{"@type":"WebSite","@id":"https:\/\/www.bellunopress.it\/#website","url":"https:\/\/www.bellunopress.it\/","name":"Bellunopress - Dolomiti","description":"e-mail: redazione@bellunopress.it","publisher":{"@id":"https:\/\/www.bellunopress.it\/#organization"},"potentialAction":[{"@type":"SearchAction","target":{"@type":"EntryPoint","urlTemplate":"https:\/\/www.bellunopress.it\/?s={search_term_string}"},"query-input":{"@type":"PropertyValueSpecification","valueRequired":true,"valueName":"search_term_string"}}],"inLanguage":"fr-FR"},{"@type":"Organization","@id":"https:\/\/www.bellunopress.it\/#organization","name":"Bellunopress","url":"https:\/\/www.bellunopress.it\/","logo":{"@type":"ImageObject","inLanguage":"fr-FR","@id":"https:\/\/www.bellunopress.it\/#\/schema\/logo\/image\/","url":"https:\/\/www.bellunopress.it\/wp-content\/uploads\/2011\/05\/cropped-logo-bellunopress-.jpg","contentUrl":"https:\/\/www.bellunopress.it\/wp-content\/uploads\/2011\/05\/cropped-logo-bellunopress-.jpg","width":512,"height":512,"caption":"Bellunopress"},"image":{"@id":"https:\/\/www.bellunopress.it\/#\/schema\/logo\/image\/"},"sameAs":["https:\/\/www.facebook.com\/profile.php?id=100008943462799","https:\/\/x.com\/bellunopress","https:\/\/www.linkedin.com\/hp\/?dnr=JBzUWaJfMUw8vbXJJ2tVW5-I3jZKvC4wsoxE&amp;amp;amp;amp;amp;amp;trk=nav_responsive_tab_home","https:\/\/www.youtube.com\/channel\/UCxL0wu1uN0_3_7hGG0306cw"]},{"@type":"Person","@id":"https:\/\/www.bellunopress.it\/#\/schema\/person\/79bb06722b37ece1c03d3e94beb30d73","name":"r\u00e9daction","image":{"@type":"ImageObject","inLanguage":"fr-FR","@id":"https:\/\/secure.gravatar.com\/avatar\/37d968a2e67a6fd04c169c4bdef102d0bc5d31b2546345219e348575eb80e9a0?s=96&d=mm&r=g","url":"https:\/\/secure.gravatar.com\/avatar\/37d968a2e67a6fd04c169c4bdef102d0bc5d31b2546345219e348575eb80e9a0?s=96&d=mm&r=g","contentUrl":"https:\/\/secure.gravatar.com\/avatar\/37d968a2e67a6fd04c169c4bdef102d0bc5d31b2546345219e348575eb80e9a0?s=96&d=mm&r=g","caption":"redazione"},"sameAs":["http:\/\/www.bellunopress.it","https:\/\/x.com\/bellunopress"],"url":"https:\/\/www.bellunopress.it\/fr\/author\/redazione\/"}]}},"_links":{"self":[{"href":"https:\/\/www.bellunopress.it\/fr\/wp-json\/wp\/v2\/posts\/162561","targetHints":{"allow":["GET"]}}],"collection":[{"href":"https:\/\/www.bellunopress.it\/fr\/wp-json\/wp\/v2\/posts"}],"about":[{"href":"https:\/\/www.bellunopress.it\/fr\/wp-json\/wp\/v2\/types\/post"}],"author":[{"embeddable":true,"href":"https:\/\/www.bellunopress.it\/fr\/wp-json\/wp\/v2\/users\/2"}],"replies":[{"embeddable":true,"href":"https:\/\/www.bellunopress.it\/fr\/wp-json\/wp\/v2\/comments?post=162561"}],"version-history":[{"count":1,"href":"https:\/\/www.bellunopress.it\/fr\/wp-json\/wp\/v2\/posts\/162561\/revisions"}],"predecessor-version":[{"id":162562,"href":"https:\/\/www.bellunopress.it\/fr\/wp-json\/wp\/v2\/posts\/162561\/revisions\/162562"}],"wp:featuredmedia":[{"embeddable":true,"href":"https:\/\/www.bellunopress.it\/fr\/wp-json\/wp\/v2\/media\/113957"}],"wp:attachment":[{"href":"https:\/\/www.bellunopress.it\/fr\/wp-json\/wp\/v2\/media?parent=162561"}],"wp:term":[{"taxonomy":"category","embeddable":true,"href":"https:\/\/www.bellunopress.it\/fr\/wp-json\/wp\/v2\/categories?post=162561"},{"taxonomy":"post_tag","embeddable":true,"href":"https:\/\/www.bellunopress.it\/fr\/wp-json\/wp\/v2\/tags?post=162561"}],"curies":[{"name":"wp","href":"https:\/\/api.w.org\/{rel}","templated":true}]}}