{"id":162559,"date":"2025-08-13T14:12:05","date_gmt":"2025-08-13T12:12:05","guid":{"rendered":"https:\/\/www.bellunopress.it\/?p=162559"},"modified":"2025-08-13T14:12:05","modified_gmt":"2025-08-13T12:12:05","slug":"linea-ponte-nelle-alpi-calalzo-del-bianco-una-linea-che-apre-e-chiude-a-intermittenza-perde-passeggeri","status":"publish","type":"post","link":"https:\/\/www.bellunopress.it\/fr\/2025\/08\/13\/linea-ponte-nelle-alpi-calalzo-del-bianco-una-linea-che-apre-e-chiude-a-intermittenza-perde-passeggeri\/","title":{"rendered":"Linea Ponte nelle Alpi &#8211; Calalzo. Del Bianco: &#8220;Una linea che apre e chiude a intermittenza perde passeggeri&#8221;"},"content":{"rendered":"<figure id=\"attachment_140309\" aria-describedby=\"caption-attachment-140309\" style=\"width: 1000px\" class=\"wp-caption aligncenter\"><img loading=\"lazy\" decoding=\"async\" class=\"size-full wp-image-140309\" src=\"https:\/\/www.bellunopress.it\/wp-content\/uploads\/2023\/03\/Stazione-Polpet-Ponte-nelle-Alpi_edited.jpg\" alt=\"\" width=\"1000\" height=\"750\" srcset=\"https:\/\/www.bellunopress.it\/wp-content\/uploads\/2023\/03\/Stazione-Polpet-Ponte-nelle-Alpi_edited.jpg 1000w, https:\/\/www.bellunopress.it\/wp-content\/uploads\/2023\/03\/Stazione-Polpet-Ponte-nelle-Alpi_edited-500x375.jpg 500w, https:\/\/www.bellunopress.it\/wp-content\/uploads\/2023\/03\/Stazione-Polpet-Ponte-nelle-Alpi_edited-696x522.jpg 696w, https:\/\/www.bellunopress.it\/wp-content\/uploads\/2023\/03\/Stazione-Polpet-Ponte-nelle-Alpi_edited-560x420.jpg 560w, https:\/\/www.bellunopress.it\/wp-content\/uploads\/2023\/03\/Stazione-Polpet-Ponte-nelle-Alpi_edited-80x60.jpg 80w, https:\/\/www.bellunopress.it\/wp-content\/uploads\/2023\/03\/Stazione-Polpet-Ponte-nelle-Alpi_edited-265x198.jpg 265w\" sizes=\"auto, (max-width: 1000px) 100vw, 1000px\" \/><figcaption id=\"caption-attachment-140309\" class=\"wp-caption-text\">Stazione ferroviaria Polpet &#8211; Ponte nelle Alpi<\/figcaption><\/figure>\n<p><strong>La linea ferroviaria sar\u00e0 interrotta da met\u00e0 settembre a met\u00e0 dicembre e poi di nuovo da met\u00e0 marzo a inizio giugno<\/strong><\/p>\n<p>La linea ferroviaria Ponte nelle Alpi\u2013Calalzo sar\u00e0 chiusa per sei mesi l\u2019anno anche nel 2026 e nel 2027. Non si tratta di una supposizione, ma di un\u2019informazione ufficiale contenuta negli allegati tecnici del Prospetto Informativo della Rete (PIR), pubblicato da RFI e accessibile a chiunque sul sito dell\u2019azienda.<\/p>\n<p>\u201cI dati sulle chiusure sono pubblici \u2013 spiega Alessandro Del Bianco, segretario provinciale del PD Belluno Dolomiti \u2013. Certo, si tratta di allegati tecnici e non sempre semplici da interpretare, ma chi ha responsabilit\u00e0 istituzionali dovrebbe conoscerli bene. Invece, a oggi, nessuno ha ancora informato i cittadini del Cadore in modo chiaro e trasparente: n\u00e9 il senatore, n\u00e9 la vicepresidente della Provincia con delega alla mobilit\u00e0.\u201d<\/p>\n<p>Secondo quanto riportato da RFI, nel 2026 e nel 2027 la linea sar\u00e0 interrotta da met\u00e0 settembre a met\u00e0 dicembre e poi di nuovo da met\u00e0 marzo a inizio giugno: proprio nei periodi in cui serve a studenti, lavoratori e pendolari.<\/p>\n<figure id=\"attachment_140442\" aria-describedby=\"caption-attachment-140442\" style=\"width: 683px\" class=\"wp-caption aligncenter\"><img loading=\"lazy\" decoding=\"async\" class=\"size-full wp-image-140442\" src=\"https:\/\/www.bellunopress.it\/wp-content\/uploads\/2023\/03\/Alessandro-Del-Bianco-segr-prov-PD.jpg\" alt=\"\" width=\"683\" height=\"553\" srcset=\"https:\/\/www.bellunopress.it\/wp-content\/uploads\/2023\/03\/Alessandro-Del-Bianco-segr-prov-PD.jpg 683w, https:\/\/www.bellunopress.it\/wp-content\/uploads\/2023\/03\/Alessandro-Del-Bianco-segr-prov-PD-500x405.jpg 500w, https:\/\/www.bellunopress.it\/wp-content\/uploads\/2023\/03\/Alessandro-Del-Bianco-segr-prov-PD-519x420.jpg 519w\" sizes=\"auto, (max-width: 683px) 100vw, 683px\" \/><figcaption id=\"caption-attachment-140442\" class=\"wp-caption-text\">Alessandro Del Bianco, segretario provinciale PD<\/figcaption><\/figure>\n<p>\u201cFa un certo effetto leggere sulla stampa che l\u2019unico parlamentare bellunese, invece di affrontare la questione, si limiti ad accusare il PD di \u2018spargere fango con il ventilatore\u2019 \u2013 aggiunge Del Bianco \u2013.\u00a0 De Carlo poi confonde volutamente le carte ricordando gli interventi realizzati sulle stazioni, che per\u00f2 non c\u2019entrano nulla, ma proprio nulla, con il futuro della linea ferroviaria. Sono due questioni completamente distinte. Sistemare una stazione non significa garantire un servizio attivo e continuo.\u201d<\/p>\n<p>Il PD Belluno Dolomiti denuncia la gestione a singhiozzo della tratta e i potenziali effetti a lungo termine:<br \/>\n\u201cUna linea ferroviaria che apre e chiude a intermittenza non \u00e8 attrattiva \u2013 prosegue Del Bianco \u2013. Cos\u00ec gestita, \u00e8 destinata a perdere passeggeri. E quando i passeggeri saranno troppo pochi, cosa succeder\u00e0?\u201d<\/p>\n<p>Il punto vero, sottolinea il Partito Democratico, \u00e8 che non si pu\u00f2 considerare la linea ferroviaria del Cadore come un servizio stagionale, buono solo nei mesi estivi o per i flussi turistici.<br \/>\n\u201cE tutti quelli che in Cadore ci vivono? \u2013 domanda il segretario del PD \u2013. Il territorio ha bisogno di collegamenti seri e costanti tutto l\u2019anno. Non possiamo permetterci il lusso di pensare a una ferrovia utile solo nei mesi di punta. Sarebbe un errore grave e un abbandono delle aree interne, gi\u00e0 provate da carenze strutturali.\u201d<br \/>\n\u201cNon possiamo permetterci ingenuit\u00e0 in una partita del genere. E di certo non bastano le rassicurazioni di chi, con atteggiamento maestrino, si limita a mostrarci qualche fotina in stazione senza dire nulla di concreto.<\/p>\n<p>Del resto, immagini simili le avevamo viste anche all\u2019inaugurazione del Cadore Express, tra fanfare, Santanch\u00e8 e Lino Banfi. Abbiamo visto tutti com\u2019\u00e8 finita.\u201d<br \/>\n\u201cNo: servono prese di posizione nette, impegni concreti.<\/p>\n<p>\u00c8 necessario chiedere atti chiari e formali alla Regione, al Governo e a RFI: la linea deve restare attiva anche dopo le Olimpiadi.<\/p>\n<p>E soprattutto, il servizio deve essere garantito in modo serio e continuativo.\u201d<br \/>\n\u201cFrancamente \u2013 conclude Del Bianco \u2013 \u00e8 il minimo indispensabile. Ci stupiremmo se qualcuno non fosse d\u2019accordo.\u201d<\/p>","protected":false},"excerpt":{"rendered":"<p>La linea ferroviaria sar\u00e0 interrotta da met\u00e0 settembre a met\u00e0 dicembre e poi di nuovo da met\u00e0 marzo a inizio giugno La linea ferroviaria Ponte nelle Alpi\u2013Calalzo sar\u00e0 chiusa per sei mesi l\u2019anno anche nel 2026 e nel 2027. Non si tratta di una supposizione, ma di un\u2019informazione ufficiale contenuta negli allegati tecnici del Prospetto [&hellip;]<\/p>\n","protected":false},"author":2,"featured_media":140442,"comment_status":"closed","ping_status":"open","sticky":false,"template":"","format":"standard","meta":{"footnotes":""},"categories":[5,26],"tags":[],"class_list":["post-162559","post","type-post","status-publish","format-standard","has-post-thumbnail","category-cronaca","category-prima-pagina"],"yoast_head":"<!-- This site is optimized with the Yoast SEO plugin v28.4 - https:\/\/yoast.com\/product\/yoast-seo-wordpress\/ -->\n<title>Linea Ponte nelle Alpi - Calalzo. Del Bianco: &quot;Una linea che apre e chiude a intermittenza perde passeggeri&quot; - Bellunopress - Dolomiti<\/title>\n<meta name=\"robots\" content=\"index, follow, max-snippet:-1, max-image-preview:large, max-video-preview:-1\" \/>\n<link rel=\"canonical\" href=\"https:\/\/www.bellunopress.it\/fr\/2025\/08\/13\/linea-ponte-nelle-alpi-calalzo-del-bianco-una-linea-che-apre-e-chiude-a-intermittenza-perde-passeggeri\/\" \/>\n<meta property=\"og:locale\" content=\"fr_FR\" \/>\n<meta property=\"og:type\" content=\"article\" \/>\n<meta property=\"og:title\" content=\"Linea Ponte nelle Alpi - Calalzo. Del Bianco: &quot;Una linea che apre e chiude a intermittenza perde passeggeri&quot; - Bellunopress - Dolomiti\" \/>\n<meta property=\"og:description\" content=\"La linea ferroviaria sar\u00e0 interrotta da met\u00e0 settembre a met\u00e0 dicembre e poi di nuovo da met\u00e0 marzo a inizio giugno La linea ferroviaria Ponte nelle Alpi\u2013Calalzo sar\u00e0 chiusa per sei mesi l\u2019anno anche nel 2026 e nel 2027. Non si tratta di una supposizione, ma di un\u2019informazione ufficiale contenuta negli allegati tecnici del Prospetto [&hellip;]\" \/>\n<meta property=\"og:url\" content=\"https:\/\/www.bellunopress.it\/fr\/2025\/08\/13\/linea-ponte-nelle-alpi-calalzo-del-bianco-una-linea-che-apre-e-chiude-a-intermittenza-perde-passeggeri\/\" \/>\n<meta property=\"og:site_name\" content=\"Bellunopress - Dolomiti\" \/>\n<meta property=\"article:publisher\" content=\"https:\/\/www.facebook.com\/profile.php?id=100008943462799\" \/>\n<meta property=\"article:published_time\" content=\"2025-08-13T12:12:05+00:00\" \/>\n<meta property=\"og:image\" content=\"https:\/\/www.bellunopress.it\/wp-content\/uploads\/2023\/03\/Alessandro-Del-Bianco-segr-prov-PD.jpg\" \/>\n\t<meta property=\"og:image:width\" content=\"683\" \/>\n\t<meta property=\"og:image:height\" content=\"553\" \/>\n\t<meta property=\"og:image:type\" content=\"image\/jpeg\" \/>\n<meta name=\"author\" content=\"redazione\" \/>\n<meta name=\"twitter:card\" content=\"summary_large_image\" \/>\n<meta name=\"twitter:creator\" content=\"@bellunopress\" \/>\n<meta name=\"twitter:site\" content=\"@bellunopress\" \/>\n<meta name=\"twitter:label1\" content=\"\u00c9crit par\" \/>\n\t<meta name=\"twitter:data1\" content=\"redazione\" \/>\n\t<meta name=\"twitter:label2\" content=\"Dur\u00e9e de lecture estim\u00e9e\" \/>\n\t<meta name=\"twitter:data2\" content=\"3 minutes\" \/>\n<script type=\"application\/ld+json\" class=\"yoast-schema-graph\">{\"@context\":\"https:\\\/\\\/schema.org\",\"@graph\":[{\"@type\":\"Article\",\"@id\":\"https:\\\/\\\/www.bellunopress.it\\\/2025\\\/08\\\/13\\\/linea-ponte-nelle-alpi-calalzo-del-bianco-una-linea-che-apre-e-chiude-a-intermittenza-perde-passeggeri\\\/#article\",\"isPartOf\":{\"@id\":\"https:\\\/\\\/www.bellunopress.it\\\/2025\\\/08\\\/13\\\/linea-ponte-nelle-alpi-calalzo-del-bianco-una-linea-che-apre-e-chiude-a-intermittenza-perde-passeggeri\\\/\"},\"author\":{\"name\":\"redazione\",\"@id\":\"https:\\\/\\\/www.bellunopress.it\\\/#\\\/schema\\\/person\\\/79bb06722b37ece1c03d3e94beb30d73\"},\"headline\":\"Linea Ponte nelle Alpi &#8211; Calalzo. Del Bianco: &#8220;Una linea che apre e chiude a intermittenza perde passeggeri&#8221;\",\"datePublished\":\"2025-08-13T12:12:05+00:00\",\"mainEntityOfPage\":{\"@id\":\"https:\\\/\\\/www.bellunopress.it\\\/2025\\\/08\\\/13\\\/linea-ponte-nelle-alpi-calalzo-del-bianco-una-linea-che-apre-e-chiude-a-intermittenza-perde-passeggeri\\\/\"},\"wordCount\":544,\"publisher\":{\"@id\":\"https:\\\/\\\/www.bellunopress.it\\\/#organization\"},\"image\":{\"@id\":\"https:\\\/\\\/www.bellunopress.it\\\/2025\\\/08\\\/13\\\/linea-ponte-nelle-alpi-calalzo-del-bianco-una-linea-che-apre-e-chiude-a-intermittenza-perde-passeggeri\\\/#primaryimage\"},\"thumbnailUrl\":\"https:\\\/\\\/www.bellunopress.it\\\/wp-content\\\/uploads\\\/2023\\\/03\\\/Alessandro-Del-Bianco-segr-prov-PD.jpg\",\"articleSection\":[\"Cronaca\\\/Politica\",\"Prima Pagina\"],\"inLanguage\":\"fr-FR\"},{\"@type\":\"WebPage\",\"@id\":\"https:\\\/\\\/www.bellunopress.it\\\/2025\\\/08\\\/13\\\/linea-ponte-nelle-alpi-calalzo-del-bianco-una-linea-che-apre-e-chiude-a-intermittenza-perde-passeggeri\\\/\",\"url\":\"https:\\\/\\\/www.bellunopress.it\\\/2025\\\/08\\\/13\\\/linea-ponte-nelle-alpi-calalzo-del-bianco-una-linea-che-apre-e-chiude-a-intermittenza-perde-passeggeri\\\/\",\"name\":\"Linea Ponte nelle Alpi - Calalzo. Del Bianco: \\\"Una linea che apre e chiude a intermittenza perde passeggeri\\\" - Bellunopress - Dolomiti\",\"isPartOf\":{\"@id\":\"https:\\\/\\\/www.bellunopress.it\\\/#website\"},\"primaryImageOfPage\":{\"@id\":\"https:\\\/\\\/www.bellunopress.it\\\/2025\\\/08\\\/13\\\/linea-ponte-nelle-alpi-calalzo-del-bianco-una-linea-che-apre-e-chiude-a-intermittenza-perde-passeggeri\\\/#primaryimage\"},\"image\":{\"@id\":\"https:\\\/\\\/www.bellunopress.it\\\/2025\\\/08\\\/13\\\/linea-ponte-nelle-alpi-calalzo-del-bianco-una-linea-che-apre-e-chiude-a-intermittenza-perde-passeggeri\\\/#primaryimage\"},\"thumbnailUrl\":\"https:\\\/\\\/www.bellunopress.it\\\/wp-content\\\/uploads\\\/2023\\\/03\\\/Alessandro-Del-Bianco-segr-prov-PD.jpg\",\"datePublished\":\"2025-08-13T12:12:05+00:00\",\"breadcrumb\":{\"@id\":\"https:\\\/\\\/www.bellunopress.it\\\/2025\\\/08\\\/13\\\/linea-ponte-nelle-alpi-calalzo-del-bianco-una-linea-che-apre-e-chiude-a-intermittenza-perde-passeggeri\\\/#breadcrumb\"},\"inLanguage\":\"fr-FR\",\"potentialAction\":[{\"@type\":\"ReadAction\",\"target\":[\"https:\\\/\\\/www.bellunopress.it\\\/2025\\\/08\\\/13\\\/linea-ponte-nelle-alpi-calalzo-del-bianco-una-linea-che-apre-e-chiude-a-intermittenza-perde-passeggeri\\\/\"]}]},{\"@type\":\"ImageObject\",\"inLanguage\":\"fr-FR\",\"@id\":\"https:\\\/\\\/www.bellunopress.it\\\/2025\\\/08\\\/13\\\/linea-ponte-nelle-alpi-calalzo-del-bianco-una-linea-che-apre-e-chiude-a-intermittenza-perde-passeggeri\\\/#primaryimage\",\"url\":\"https:\\\/\\\/www.bellunopress.it\\\/wp-content\\\/uploads\\\/2023\\\/03\\\/Alessandro-Del-Bianco-segr-prov-PD.jpg\",\"contentUrl\":\"https:\\\/\\\/www.bellunopress.it\\\/wp-content\\\/uploads\\\/2023\\\/03\\\/Alessandro-Del-Bianco-segr-prov-PD.jpg\",\"width\":683,\"height\":553,\"caption\":\"Alessandro Del Bianco, segretario provinciale PD\"},{\"@type\":\"BreadcrumbList\",\"@id\":\"https:\\\/\\\/www.bellunopress.it\\\/2025\\\/08\\\/13\\\/linea-ponte-nelle-alpi-calalzo-del-bianco-una-linea-che-apre-e-chiude-a-intermittenza-perde-passeggeri\\\/#breadcrumb\",\"itemListElement\":[{\"@type\":\"ListItem\",\"position\":1,\"name\":\"Home\",\"item\":\"https:\\\/\\\/www.bellunopress.it\\\/\"},{\"@type\":\"ListItem\",\"position\":2,\"name\":\"Linea Ponte nelle Alpi &#8211; Calalzo. Del Bianco: &#8220;Una linea che apre e chiude a intermittenza perde passeggeri&#8221;\"}]},{\"@type\":\"WebSite\",\"@id\":\"https:\\\/\\\/www.bellunopress.it\\\/#website\",\"url\":\"https:\\\/\\\/www.bellunopress.it\\\/\",\"name\":\"Bellunopress - Dolomiti\",\"description\":\"e-mail: redazione@bellunopress.it\",\"publisher\":{\"@id\":\"https:\\\/\\\/www.bellunopress.it\\\/#organization\"},\"potentialAction\":[{\"@type\":\"SearchAction\",\"target\":{\"@type\":\"EntryPoint\",\"urlTemplate\":\"https:\\\/\\\/www.bellunopress.it\\\/?s={search_term_string}\"},\"query-input\":{\"@type\":\"PropertyValueSpecification\",\"valueRequired\":true,\"valueName\":\"search_term_string\"}}],\"inLanguage\":\"fr-FR\"},{\"@type\":\"Organization\",\"@id\":\"https:\\\/\\\/www.bellunopress.it\\\/#organization\",\"name\":\"Bellunopress\",\"url\":\"https:\\\/\\\/www.bellunopress.it\\\/\",\"logo\":{\"@type\":\"ImageObject\",\"inLanguage\":\"fr-FR\",\"@id\":\"https:\\\/\\\/www.bellunopress.it\\\/#\\\/schema\\\/logo\\\/image\\\/\",\"url\":\"https:\\\/\\\/www.bellunopress.it\\\/wp-content\\\/uploads\\\/2011\\\/05\\\/cropped-logo-bellunopress-.jpg\",\"contentUrl\":\"https:\\\/\\\/www.bellunopress.it\\\/wp-content\\\/uploads\\\/2011\\\/05\\\/cropped-logo-bellunopress-.jpg\",\"width\":512,\"height\":512,\"caption\":\"Bellunopress\"},\"image\":{\"@id\":\"https:\\\/\\\/www.bellunopress.it\\\/#\\\/schema\\\/logo\\\/image\\\/\"},\"sameAs\":[\"https:\\\/\\\/www.facebook.com\\\/profile.php?id=100008943462799\",\"https:\\\/\\\/x.com\\\/bellunopress\",\"https:\\\/\\\/www.linkedin.com\\\/hp\\\/?dnr=JBzUWaJfMUw8vbXJJ2tVW5-I3jZKvC4wsoxE&amp;amp;amp;amp;amp;amp;trk=nav_responsive_tab_home\",\"https:\\\/\\\/www.youtube.com\\\/channel\\\/UCxL0wu1uN0_3_7hGG0306cw\"]},{\"@type\":\"Person\",\"@id\":\"https:\\\/\\\/www.bellunopress.it\\\/#\\\/schema\\\/person\\\/79bb06722b37ece1c03d3e94beb30d73\",\"name\":\"redazione\",\"image\":{\"@type\":\"ImageObject\",\"inLanguage\":\"fr-FR\",\"@id\":\"https:\\\/\\\/secure.gravatar.com\\\/avatar\\\/37d968a2e67a6fd04c169c4bdef102d0bc5d31b2546345219e348575eb80e9a0?s=96&d=mm&r=g\",\"url\":\"https:\\\/\\\/secure.gravatar.com\\\/avatar\\\/37d968a2e67a6fd04c169c4bdef102d0bc5d31b2546345219e348575eb80e9a0?s=96&d=mm&r=g\",\"contentUrl\":\"https:\\\/\\\/secure.gravatar.com\\\/avatar\\\/37d968a2e67a6fd04c169c4bdef102d0bc5d31b2546345219e348575eb80e9a0?s=96&d=mm&r=g\",\"caption\":\"redazione\"},\"sameAs\":[\"http:\\\/\\\/www.bellunopress.it\",\"https:\\\/\\\/x.com\\\/bellunopress\"],\"url\":\"https:\\\/\\\/www.bellunopress.it\\\/fr\\\/author\\\/redazione\\\/\"}]}<\/script>\n<!-- \/ Yoast SEO plugin. -->","yoast_head_json":{"title":"Linea Ponte nelle Alpi - Calalzo. Del Bianco: \"Una linea che apre e chiude a intermittenza perde passeggeri\" - Bellunopress - Dolomiti","robots":{"index":"index","follow":"follow","max-snippet":"max-snippet:-1","max-image-preview":"max-image-preview:large","max-video-preview":"max-video-preview:-1"},"canonical":"https:\/\/www.bellunopress.it\/fr\/2025\/08\/13\/linea-ponte-nelle-alpi-calalzo-del-bianco-una-linea-che-apre-e-chiude-a-intermittenza-perde-passeggeri\/","og_locale":"fr_FR","og_type":"article","og_title":"Linea Ponte nelle Alpi - Calalzo. Del Bianco: \"Una linea che apre e chiude a intermittenza perde passeggeri\" - Bellunopress - Dolomiti","og_description":"La linea ferroviaria sar\u00e0 interrotta da met\u00e0 settembre a met\u00e0 dicembre e poi di nuovo da met\u00e0 marzo a inizio giugno La linea ferroviaria Ponte nelle Alpi\u2013Calalzo sar\u00e0 chiusa per sei mesi l\u2019anno anche nel 2026 e nel 2027. Non si tratta di una supposizione, ma di un\u2019informazione ufficiale contenuta negli allegati tecnici del Prospetto [&hellip;]","og_url":"https:\/\/www.bellunopress.it\/fr\/2025\/08\/13\/linea-ponte-nelle-alpi-calalzo-del-bianco-una-linea-che-apre-e-chiude-a-intermittenza-perde-passeggeri\/","og_site_name":"Bellunopress - Dolomiti","article_publisher":"https:\/\/www.facebook.com\/profile.php?id=100008943462799","article_published_time":"2025-08-13T12:12:05+00:00","og_image":[{"width":683,"height":553,"url":"https:\/\/www.bellunopress.it\/wp-content\/uploads\/2023\/03\/Alessandro-Del-Bianco-segr-prov-PD.jpg","type":"image\/jpeg"}],"author":"redazione","twitter_card":"summary_large_image","twitter_creator":"@bellunopress","twitter_site":"@bellunopress","twitter_misc":{"\u00c9crit par":"redazione","Dur\u00e9e de lecture estim\u00e9e":"3 minutes"},"schema":{"@context":"https:\/\/schema.org","@graph":[{"@type":"Article","@id":"https:\/\/www.bellunopress.it\/2025\/08\/13\/linea-ponte-nelle-alpi-calalzo-del-bianco-una-linea-che-apre-e-chiude-a-intermittenza-perde-passeggeri\/#article","isPartOf":{"@id":"https:\/\/www.bellunopress.it\/2025\/08\/13\/linea-ponte-nelle-alpi-calalzo-del-bianco-una-linea-che-apre-e-chiude-a-intermittenza-perde-passeggeri\/"},"author":{"name":"redazione","@id":"https:\/\/www.bellunopress.it\/#\/schema\/person\/79bb06722b37ece1c03d3e94beb30d73"},"headline":"Linea Ponte nelle Alpi &#8211; Calalzo. Del Bianco: &#8220;Una linea che apre e chiude a intermittenza perde passeggeri&#8221;","datePublished":"2025-08-13T12:12:05+00:00","mainEntityOfPage":{"@id":"https:\/\/www.bellunopress.it\/2025\/08\/13\/linea-ponte-nelle-alpi-calalzo-del-bianco-una-linea-che-apre-e-chiude-a-intermittenza-perde-passeggeri\/"},"wordCount":544,"publisher":{"@id":"https:\/\/www.bellunopress.it\/#organization"},"image":{"@id":"https:\/\/www.bellunopress.it\/2025\/08\/13\/linea-ponte-nelle-alpi-calalzo-del-bianco-una-linea-che-apre-e-chiude-a-intermittenza-perde-passeggeri\/#primaryimage"},"thumbnailUrl":"https:\/\/www.bellunopress.it\/wp-content\/uploads\/2023\/03\/Alessandro-Del-Bianco-segr-prov-PD.jpg","articleSection":["Cronaca\/Politica","Prima Pagina"],"inLanguage":"fr-FR"},{"@type":"WebPage","@id":"https:\/\/www.bellunopress.it\/2025\/08\/13\/linea-ponte-nelle-alpi-calalzo-del-bianco-una-linea-che-apre-e-chiude-a-intermittenza-perde-passeggeri\/","url":"https:\/\/www.bellunopress.it\/2025\/08\/13\/linea-ponte-nelle-alpi-calalzo-del-bianco-una-linea-che-apre-e-chiude-a-intermittenza-perde-passeggeri\/","name":"Linea Ponte nelle Alpi - Calalzo. Del Bianco: \"Una linea che apre e chiude a intermittenza perde passeggeri\" - Bellunopress - Dolomiti","isPartOf":{"@id":"https:\/\/www.bellunopress.it\/#website"},"primaryImageOfPage":{"@id":"https:\/\/www.bellunopress.it\/2025\/08\/13\/linea-ponte-nelle-alpi-calalzo-del-bianco-una-linea-che-apre-e-chiude-a-intermittenza-perde-passeggeri\/#primaryimage"},"image":{"@id":"https:\/\/www.bellunopress.it\/2025\/08\/13\/linea-ponte-nelle-alpi-calalzo-del-bianco-una-linea-che-apre-e-chiude-a-intermittenza-perde-passeggeri\/#primaryimage"},"thumbnailUrl":"https:\/\/www.bellunopress.it\/wp-content\/uploads\/2023\/03\/Alessandro-Del-Bianco-segr-prov-PD.jpg","datePublished":"2025-08-13T12:12:05+00:00","breadcrumb":{"@id":"https:\/\/www.bellunopress.it\/2025\/08\/13\/linea-ponte-nelle-alpi-calalzo-del-bianco-una-linea-che-apre-e-chiude-a-intermittenza-perde-passeggeri\/#breadcrumb"},"inLanguage":"fr-FR","potentialAction":[{"@type":"ReadAction","target":["https:\/\/www.bellunopress.it\/2025\/08\/13\/linea-ponte-nelle-alpi-calalzo-del-bianco-una-linea-che-apre-e-chiude-a-intermittenza-perde-passeggeri\/"]}]},{"@type":"ImageObject","inLanguage":"fr-FR","@id":"https:\/\/www.bellunopress.it\/2025\/08\/13\/linea-ponte-nelle-alpi-calalzo-del-bianco-una-linea-che-apre-e-chiude-a-intermittenza-perde-passeggeri\/#primaryimage","url":"https:\/\/www.bellunopress.it\/wp-content\/uploads\/2023\/03\/Alessandro-Del-Bianco-segr-prov-PD.jpg","contentUrl":"https:\/\/www.bellunopress.it\/wp-content\/uploads\/2023\/03\/Alessandro-Del-Bianco-segr-prov-PD.jpg","width":683,"height":553,"caption":"Alessandro Del Bianco, segretario provinciale PD"},{"@type":"BreadcrumbList","@id":"https:\/\/www.bellunopress.it\/2025\/08\/13\/linea-ponte-nelle-alpi-calalzo-del-bianco-una-linea-che-apre-e-chiude-a-intermittenza-perde-passeggeri\/#breadcrumb","itemListElement":[{"@type":"ListItem","position":1,"name":"Home","item":"https:\/\/www.bellunopress.it\/"},{"@type":"ListItem","position":2,"name":"Linea Ponte nelle Alpi &#8211; Calalzo. Del Bianco: &#8220;Una linea che apre e chiude a intermittenza perde passeggeri&#8221;"}]},{"@type":"WebSite","@id":"https:\/\/www.bellunopress.it\/#website","url":"https:\/\/www.bellunopress.it\/","name":"Bellunopress - Dolomiti","description":"e-mail: redazione@bellunopress.it","publisher":{"@id":"https:\/\/www.bellunopress.it\/#organization"},"potentialAction":[{"@type":"SearchAction","target":{"@type":"EntryPoint","urlTemplate":"https:\/\/www.bellunopress.it\/?s={search_term_string}"},"query-input":{"@type":"PropertyValueSpecification","valueRequired":true,"valueName":"search_term_string"}}],"inLanguage":"fr-FR"},{"@type":"Organization","@id":"https:\/\/www.bellunopress.it\/#organization","name":"Bellunopress","url":"https:\/\/www.bellunopress.it\/","logo":{"@type":"ImageObject","inLanguage":"fr-FR","@id":"https:\/\/www.bellunopress.it\/#\/schema\/logo\/image\/","url":"https:\/\/www.bellunopress.it\/wp-content\/uploads\/2011\/05\/cropped-logo-bellunopress-.jpg","contentUrl":"https:\/\/www.bellunopress.it\/wp-content\/uploads\/2011\/05\/cropped-logo-bellunopress-.jpg","width":512,"height":512,"caption":"Bellunopress"},"image":{"@id":"https:\/\/www.bellunopress.it\/#\/schema\/logo\/image\/"},"sameAs":["https:\/\/www.facebook.com\/profile.php?id=100008943462799","https:\/\/x.com\/bellunopress","https:\/\/www.linkedin.com\/hp\/?dnr=JBzUWaJfMUw8vbXJJ2tVW5-I3jZKvC4wsoxE&amp;amp;amp;amp;amp;amp;trk=nav_responsive_tab_home","https:\/\/www.youtube.com\/channel\/UCxL0wu1uN0_3_7hGG0306cw"]},{"@type":"Person","@id":"https:\/\/www.bellunopress.it\/#\/schema\/person\/79bb06722b37ece1c03d3e94beb30d73","name":"r\u00e9daction","image":{"@type":"ImageObject","inLanguage":"fr-FR","@id":"https:\/\/secure.gravatar.com\/avatar\/37d968a2e67a6fd04c169c4bdef102d0bc5d31b2546345219e348575eb80e9a0?s=96&d=mm&r=g","url":"https:\/\/secure.gravatar.com\/avatar\/37d968a2e67a6fd04c169c4bdef102d0bc5d31b2546345219e348575eb80e9a0?s=96&d=mm&r=g","contentUrl":"https:\/\/secure.gravatar.com\/avatar\/37d968a2e67a6fd04c169c4bdef102d0bc5d31b2546345219e348575eb80e9a0?s=96&d=mm&r=g","caption":"redazione"},"sameAs":["http:\/\/www.bellunopress.it","https:\/\/x.com\/bellunopress"],"url":"https:\/\/www.bellunopress.it\/fr\/author\/redazione\/"}]}},"_links":{"self":[{"href":"https:\/\/www.bellunopress.it\/fr\/wp-json\/wp\/v2\/posts\/162559","targetHints":{"allow":["GET"]}}],"collection":[{"href":"https:\/\/www.bellunopress.it\/fr\/wp-json\/wp\/v2\/posts"}],"about":[{"href":"https:\/\/www.bellunopress.it\/fr\/wp-json\/wp\/v2\/types\/post"}],"author":[{"embeddable":true,"href":"https:\/\/www.bellunopress.it\/fr\/wp-json\/wp\/v2\/users\/2"}],"replies":[{"embeddable":true,"href":"https:\/\/www.bellunopress.it\/fr\/wp-json\/wp\/v2\/comments?post=162559"}],"version-history":[{"count":1,"href":"https:\/\/www.bellunopress.it\/fr\/wp-json\/wp\/v2\/posts\/162559\/revisions"}],"predecessor-version":[{"id":162560,"href":"https:\/\/www.bellunopress.it\/fr\/wp-json\/wp\/v2\/posts\/162559\/revisions\/162560"}],"wp:featuredmedia":[{"embeddable":true,"href":"https:\/\/www.bellunopress.it\/fr\/wp-json\/wp\/v2\/media\/140442"}],"wp:attachment":[{"href":"https:\/\/www.bellunopress.it\/fr\/wp-json\/wp\/v2\/media?parent=162559"}],"wp:term":[{"taxonomy":"category","embeddable":true,"href":"https:\/\/www.bellunopress.it\/fr\/wp-json\/wp\/v2\/categories?post=162559"},{"taxonomy":"post_tag","embeddable":true,"href":"https:\/\/www.bellunopress.it\/fr\/wp-json\/wp\/v2\/tags?post=162559"}],"curies":[{"name":"wp","href":"https:\/\/api.w.org\/{rel}","templated":true}]}}