{"id":162552,"date":"2025-08-13T08:45:32","date_gmt":"2025-08-13T06:45:32","guid":{"rendered":"https:\/\/www.bellunopress.it\/?p=162552"},"modified":"2025-08-13T08:47:43","modified_gmt":"2025-08-13T06:47:43","slug":"luca-zaia-il-presidente-che-per-ben-due-volte-ha-perso-il-treno-che-passa-una-volta-sola-nella-storia","status":"publish","type":"post","link":"https:\/\/www.bellunopress.it\/fr\/2025\/08\/13\/luca-zaia-il-presidente-che-per-ben-due-volte-ha-perso-il-treno-che-passa-una-volta-sola-nella-storia\/","title":{"rendered":"Luca Zaia, il Presidente che per ben due volte ha perso \u201cil treno che passa una volta sola nella storia\u201d"},"content":{"rendered":"<figure id=\"attachment_114469\" aria-describedby=\"caption-attachment-114469\" style=\"width: 780px\" class=\"wp-caption aligncenter\"><img loading=\"lazy\" decoding=\"async\" class=\"size-full wp-image-114469\" src=\"https:\/\/www.bellunopress.it\/wp-content\/uploads\/2020\/05\/Regione-Veneto-Palazzo-Ferro-Fini-sede-del-Consiglio-regionale_edited.jpg\" alt=\"\" width=\"780\" height=\"405\" srcset=\"https:\/\/www.bellunopress.it\/wp-content\/uploads\/2020\/05\/Regione-Veneto-Palazzo-Ferro-Fini-sede-del-Consiglio-regionale_edited.jpg 780w, https:\/\/www.bellunopress.it\/wp-content\/uploads\/2020\/05\/Regione-Veneto-Palazzo-Ferro-Fini-sede-del-Consiglio-regionale_edited-500x260.jpg 500w, https:\/\/www.bellunopress.it\/wp-content\/uploads\/2020\/05\/Regione-Veneto-Palazzo-Ferro-Fini-sede-del-Consiglio-regionale_edited-696x361.jpg 696w\" sizes=\"auto, (max-width: 780px) 100vw, 780px\" \/><figcaption id=\"caption-attachment-114469\" class=\"wp-caption-text\">Palazzo Ferro Fini, sede del Consiglio regionale del Veneto<\/figcaption><\/figure>\n<p><strong>Il Veneto dimenticato e abbandonato nel 2008 e \u00a0nel 2017\u00a0 <\/strong><\/p>\n<p><strong>La novit\u00e0 ferragostana<\/strong> <strong>\u00a02025 di Zaia (Lega ) \u00a0e \u00a0Martella, PD, entrambi per \u201cVenezia-Citt\u00e0 Stato\u201d, tuttavia dal 1948 la Repubblica \u00e8 unitaria, non \u00e8 una Federazione , lo sanno ? <\/strong><\/p>\n<p>Ogni stagione elettorale somiglia ad una gara automobilistica di Formula 1: il sabato prima della sfida i piloti gareggiano per conquistare la qualificazione pi\u00f9 favorevole alla partenza. Chi far\u00e0 il tempo pi\u00f9 veloce in pre-gara, partir\u00e0 in pole position, davanti a tutti gli altri. Nelle elezioni, sono i partiti a scegliere chi correr\u00e0 per i posti in palio. La selezione avviene in incontri per lo pi\u00f9 opachi tra i dirigenti del club-partito. In sostanza le candidature sono scelte da e tra pochi intimi, dopo un\u2019estenuante trattativa tra capipartito e correnti interne.<\/p>\n<p>Gli italiani che hanno compreso fino in fondo la Costituzione del 1948, sanno che per le candidature il decisore di prima ed ultima istanza \u00e8 (sarebbe) il cittadino, ma oggi non \u00e8 esattamente cos\u00ec: tutti i partiti badano a non coinvolgere troppo la loro stessa base fin dalla fase di setaccio nella valutazione di chi aspira a candidarsi. Una volta sfornata la candidatura, gli elettori han facolt\u00e0 di sceglierla recandosi alle urne oppure di esimersi. Gli uffici del Viminale registrano da decenni il calare dell\u2019appeal di quanto preconfezionato dai partiti ma questi non se ne curano perch\u00e9 la legge non fissa una percentuale minima di partecipazione al voto. Basta una quota qualsiasi di cittadini in cabina elettorale ed ecco eletti parlamentari europei, nazionali, consiglieri regionali e comunali, presidenti e sindaci.<\/p>\n<p>Solamente <strong>per i referendum<\/strong> esiste un quorum di partecipazione, indispensabile per la validit\u00e0 del voto: <strong>il 50%<\/strong> degli iscritti alle liste elettorali pi\u00f9 uno.<\/p>\n<p>Di recente in alcune elezioni regionali, la partecipazione \u00e8 stata al di sotto di questa cifra! Peggio ancora in alcuni collegi elettorali deputati e senatori sono risultati eletti con meno del <strong>20 %<\/strong> di elettori recatisi ai seggi<strong>. Partiti preoccupati? <\/strong>Forse, ma certamente non abbastanza perch\u00e9 l\u2019attribuzione dei posti in ballo \u00e8 comunque garantita, a prescindere dal tasso d\u2019affluenza. Per memoria: nelle elezioni regionali venete del 1990, il tasso d\u2019affluenza \u00e8 stato <strong>del 91%,<\/strong> sceso nel 2020 <strong>al 61%.<\/strong> Tra pochi mesi l\u2019adesione a questo passo fondamentale per la scelta del governo del Paese sar\u00e0, probabilmente ancora, in calo.<\/p>\n<p>L\u2019unico a preoccuparsene \u00e8 il Presidente della Repubblica che nella ricorrenza del 25 Aprile, Festa della Liberazione dal nazi-fascismo, ha avvertito che senza partecipazione popolare siamo in una <strong>\u201cdemocrazia a bassa intensit\u00e0\u201d.<\/strong> Ammonimento di scarsa presa sui professionisti della politica, almeno a vedere come si prepara il Veneto per le prossime elezioni regionali: esemplari in questo senso un paio di posizioni.<\/p>\n<p><strong>Il treno che passa una o pi\u00f9 volte nella storia, l\u2019agosto 2025 di Zaia e \u00a0Martella<\/strong><\/p>\n<p>Prima, doverosamente, quella di Luca Zaia, governatore regionale fra i pi\u00f9 apprezzati dagli italiani. La sua permanenza in carica \u00e8 di lunga durata: il quinquennio da vicepresidente e i quindici anni da presidente, tranne un interludio ministeriale nel Governo Berlusconi quater tra 2008 e 2010. Egli, \u00e8 stato un testimonial consolidato tra il brand, <strong>\u201cVeneto una magia tra cielo, terra e mare<\/strong>\u201d e il pubblico dei media, dei network in rete e dei cittadini votanti. Quest\u2019ultima tipologia di utenti dal 2010 al 2025 lo ha sempre sostenuto e premiato nelle tornate elettorali, attribuendogli quasi un milione di preferenza personali. In questo prolungato periodo, Luca Zaia ha dimostrato un\u2019abilit\u00e0 di informare, comunicare, veicolare s\u00e9 stesso e il suo team, davvero eccezionale ed esemplare &#8230;sebbene secondo l\u2019ultimo referto dei magistrati contabili sull\u2019amministrazione regionale egli lasci in eredit\u00e0 pesanti fardelli: conti in rosso per la Pedemontana e per le Olimpiadi Cortina-Milano2026, liste d\u2019attesa in sanit\u00e0, polveri sottili che fanno male alla salute in diverse aree urbane e pesante consumo di suolo. Tranne queste \u201cminuzie\u201d, tutto il resto \u00e8 andato alla grande, una messe di successi. Tuttavia, in questo rigoglioso panorama fiorito resta ostinatamente una <strong>pianta seccata e pungente. <\/strong><\/p>\n<p>La ragione dell\u2019arrivo a Palazzo Balbi del quarant\u2019enne presidente della Provincia di Treviso e dello sbarco in forze della Lega in giunta, erano stati motivati da una bandiera da issare su tutti i campanili veneti, si andava all\u2019assalto di <strong>\u201cRoma ladrona\u201d;<\/strong> per diventare <strong>\u201cparoni a casa<\/strong> <strong>nostra<\/strong>\u201d. In realt\u00e0, trascorsi cinque lustri, i leghisti si sono acquietati e \u201cdivanati\u201d; e i proclami degli inizi sono diventati brochure da distribuire ai gazebo per distrarre dalla sconfitta clamorosa sul fronte dell\u2019 <strong>\u201cAutonomia\u201d<\/strong>. Da qui la furbata, l\u2019ennesima. Cosa fare per riempire il vuoto del <strong>niente portato a casa?<\/strong> Il creativo Luca Zaia, davanti all\u2019orizzonte ferragostano, lancia dunque un appello al Governo per estendere lo stesso riconoscimento di <strong>Roma Capitale<\/strong>, (gi\u00e0 c.d. <strong>ladrona) <\/strong>a Venezia quale citt\u00e0-stato con poteri specialissimi. Lui l\u2019ha pure definita \u201cmuseo a cielo aperto\u201d e \u201cunicum mondiale\u201d. Chiss\u00e0 se i residuali e resistenti abitanti del centro storico, oramai poco pi\u00f9 di 48mila anime, saranno contenti di essere stati qualificati custodi\/uscieri\/interpreti dei musei \u201chonoris causa\u201d e al tempo stesso investiti di tanta responsabilit\u00e0 e potere, ma possiamo tranquillizzarli: nulla di quanto richiesto da Zaia sar\u00e0 dato, l\u2019accorato invito <strong>sar\u00e0 archiviato<\/strong>, come del resto anche <strong>i precedenti.<\/strong><\/p>\n<p>Del resto, lo stesso Governatore in uscita assieme al \u201csuo\u201d Consiglio Regionale aveva ben titolo ad approvare una proposta di legge su misura per Venezia-Citt\u00e0 Stato. A dir il vero, il Governatore, persona diligente e seria, \u00e8 stato assicurato dal Consiglio di Stato che la data ultima del voto per il rinnovo del Consiglio Regionale e della Presidenza del Veneto \u00e8 domenica 23 novembre, di conseguenza l\u2019Assemblea di Palazzo Ferro Fini pu\u00f2 ancora ben legiferare una proposta di legge per la ventilata <strong>\u201cCitt\u00e0-Stato di Venezia\u201d.<\/strong> Anzi, questo Consiglio Regionale pu\u00f2 ancora farlo dal 20 agosto al 23 settembre. Troppo comodo pensare che basti esternare questo auspicio sul Corriere della Sera e sul Sole 24 ore, come si \u00e8 limitato a fare Zaia, perch\u00e9 sia poi Giorgia Meloni a sbrogliare la matassa pur essendo il Presidente del Consiglio certamente consapevole che in Europa, il concetto di citt\u00e0-stato riguarda entit\u00e0 urbane che godono di un alto grado di autonomia politica, spesso con status costituzionale speciale o sovranit\u00e0 statale. Alcune sono veri e propri stati sovrani, altre hanno uno statuto speciale all\u2019interno di uno stato pi\u00f9 ampio.<\/p>\n<p><strong>La prima categoria<\/strong>. Le citt\u00e0-stato <strong>indipendenti e sovrane<\/strong> che coincidono con una citt\u00e0 sono solo un paio di principati, quello di <strong>Monaco<\/strong>, monarchie costituzionali e paradisi fiscali, <strong>San Marino<\/strong>, la repubblica pi\u00f9 antica (che nel 1944 dichiar\u00f2 Guerra alla Germania e Hitler se ne ebbe certamente a male) e il Vaticano, monarchia assoluta teocratica con il Papa Capo di Stato.<\/p>\n<p><strong>La seconda tipologia<\/strong> di \u201cCitt\u00e0-Stato\u201d comprende quelle che hanno uno statuto speciale all\u2019interno di uno stato pi\u00f9 ampio: <strong>Amburgo, Berlino e Brema<\/strong> in Germania, <strong>San Pietroburgo<\/strong>, in Russia , in Austria <strong>Vienna<\/strong> capitale e infine, <strong>Bruxelles<\/strong> capitale del Belgio quale , regione autonoma e bilingue. Tutte queste sono <strong>citt\u00e0-stato federate all\u2019interno di una federazione<\/strong>. Per capirci. La federazione (o <strong>stato federale<\/strong>) \u00e8 un\u2019unione <strong>di stati o regioni<\/strong> che mantengono una forte autonomia. \u00c8, quindi, la costituzione federale che stabilisce la divisione dei poteri tra: governo centrale (federale) e governi locali (stati o regioni federati).<\/p>\n<p>Ecco noi siamo davvero contenti che il Presidente prima di andarsene, abbia riscoperto le sue origini per un \u201c<strong>Veneto indipendente e sovrano<\/strong>\u201d e dal mese di agosto perfino <strong>\u201cVenezia Citt\u00e0-Stato\u201c ! V<\/strong>a da s\u00e9 che la Repubblica Italiana-Stato Unitario \u00a0va trasformata, in tempi brevi in quanto tanto tempo \u00e8 stato perso, da quando <strong>164 anni si smarriva<\/strong> la buona via del <strong>federalismo<\/strong> indicata da Carlo Cattaneo. Gli consiglieremmo innanzitutto di chiedere al Governo l\u2019abrogazione della Legge Calderoli. A settembre saranno demandate in sede periferica le prime tre materie<strong> no-LEP<\/strong>. In realt\u00e0 tale devoluzione regredisce l\u2019autonomia regionale agli anni <strong>Settanta del secolo scorso<\/strong>, quando le funzioni erano trasferite: senza <strong>soldi,<\/strong> senza <strong>personale<\/strong>, senza <strong>prestazioni minime<\/strong> da garantire al cittadino. Per la proposta di legge da spedire a Roma entro il 23 settembre l\u2019ufficio legislativo di Palazzo Ferro-Fini \u00e8 certamente ben attrezzato per l\u2019incarico da svolgere.<\/p>\n<p>Tuttavia, non possiamo esimerci da ricordare tutto il tempo e le opportunit\u00e0 lasciate da chi ha comandato il Veneto negli ultimi vent\u2019anni, Luca Zaia, con Lega, Fratelli d\u2019Italia (gi\u00e0 A.N.) e Forza Italia. Al Governatore in uscita che parla di \u201cun treno che passa una sola volta nella vita\u201d vogliamo ricordare che quel treno lui lo ha mancato un paio di volte. <strong>La prima<\/strong>, quando era ministro nel Governo Berlusconi quater (<strong>2008\/2011<\/strong>),<strong> la seconda<\/strong> quando gli era stato offerta dal Governo Gentiloni nel <strong>2017<\/strong> qualcuna delle 13 materie dell\u2019Autonomia Differenziata e non ne ha portato a casa alcuna.<\/p>\n<p>Nel campo degli assedianti, fuori delle mura zaiane, abbiamo letto la proposta del senatore <strong>Andrea Martella<\/strong> del Partito Democratico e non ci pare che si tratti di un gran Cavallo di Troia. La novit\u00e0 \u00e8 che si tratta di un disegno di legge costituzionale. Si sa, ogni parlamentare ha facolt\u00e0 e titolo per una proposta e tuttavia la possibilit\u00e0 che quella scritta si trasformi in ci\u00f2 che afferma \u00e8 pari <strong>allo zero virgola<\/strong>. Ci sembra che manchino i presupposti e le percorribilit\u00e0 politiche di contesto.<\/p>\n<p>In particolare, stupisce che si intenda attribuire al Comune di Venezia (realt\u00e0 assi pi\u00f9 vasta la cui corrispondenza con le necessit\u00e0 della citt\u00e0 storica \u00e8 stata assai messa in discussione) ben <strong>11 delle 23 materie<\/strong>, da assegnare secondo l\u2019Autonomia Differenziata alle regioni ordinarie. Una previsione normativa contradditoria in radice con il vigente palinsesto costituzionale, Titolo V. \u00c8 questo un particolare non trascurabile per tutta la coalizione che- contemporaneamente- candidava Giovanni Manildo alla presidenza di una regione <strong>integra e<\/strong> <strong>non priva<\/strong>, in ipotesi, del capoluogo, citt\u00e0, <strong>unicum<\/strong>, irripetibile, senza pari <strong>nel mondo!<\/strong><\/p>\n<p>In terraferma, un quotidiano online, Vicenza Pi\u00f9, \u00a0ha semplicemente titolato la notizia \u00a0\u201cAndrea Martella (PD) fa i primi passi <strong>da candidato sindaco<\/strong>: in Senato suo disegno di legge per uno statuto speciale per <strong>Venezia<\/strong> .<\/p>\n<p>Stiamo <strong>pure tranquilli tutti<\/strong>, i politici veneti sono persone simpatiche e ci lasciano i loro pensieri anche per l\u2019estate. Alla ripresa autunnale, tutto sar\u00e0 dimenticato e insabbiato. Da parte nostra prossimamente una proposta per <strong>Venezia-Unicum<\/strong> nel frattempo buone ferie!<\/p>\n<p>12 agosto 2025\u00a0 \u00a0 \u00a0 \u00a0 \u00a0 \u00a0 \u00a0 \u00a0 \u00a0 \u00a0 \u00a0 \u00a0 \u00a0 \u00a0 \u00a0 \u00a0 \u00a0 \u00a0 \u00a0 \u00a0 \u00a0 \u00a0 \u00a0 \u00a0 \u00a0 \u00a0 \u00a0 \u00a0 \u00a0 \u00a0 \u00a0 \u00a0 \u00a0 \u00a0 \u00a0 \u00a0 \u00a0 \u00a0 \u00a0 \u00a0 \u00a0 \u00a0 \u00a0 \u00a0 \u00a0 \u00a0 \u00a0 \u00a0 \u00a0 \u00a0 \u00a0 \u00a0 \u00a0 \u00a0 \u00a0 Enzo De Biasi\u00a0 \u00a0\u00a0 \u00a0 \u00a0 \u00a0 \u00a0 \u00a0 \u00a0 \u00a0 \u00a0 \u00a0 \u00a0 \u00a0 \u00a0 \u00a0 \u00a0 \u00a0 \u00a0 \u00a0 \u00a0 \u00a0 \u00a0 \u00a0 \u00a0 \u00a0 \u00a0 \u00a0 \u00a0 \u00a0 \u00a0 \u00a0 \u00a0 \u00a0 \u00a0 \u00a0 \u00a0 \u00a0 \u00a0 \u00a0 \u00a0 \u00a0 \u00a0 \u00a0 \u00a0 \u00a0 \u00a0 \u00a0 \u00a0 \u00a0 \u00a0 \u00a0 \u00a0 \u00a0 \u00a0 \u00a0 Marco Zanetti<\/p>\n<p><strong>Fonti:<\/strong><\/p>\n<blockquote class=\"wp-embedded-content\" data-secret=\"TZOTImtOW2\"><p><a href=\"https:\/\/www.bellunopress.it\/fr\/2025\/08\/01\/autonomia-differenziata-affossata-dal-governo-berlusconi-nel-2008-2011-idem-con-il-governo-conte-salvini-2018-2019-di-enzo-de-biasi\/\">Autonomia differenziata? Affossata dal Governo Berlusconi nel 2008-2011. Idem con il Governo Conte-Salvini, 2018-2019    * di Enzo De Biasi<\/a><\/p><\/blockquote>\n<p><iframe loading=\"lazy\" class=\"wp-embedded-content\" sandbox=\"allow-scripts\" security=\"restricted\" style=\"position: absolute; visibility: hidden;\" title=\"&#8220;Autonomia differenziata? Affossata dal Governo Berlusconi nel 2008-2011. Idem con il Governo Conte-Salvini, 2018-2019    * di Enzo De Biasi&#8221; &#8212; Bellunopress - Dolomiti\" src=\"https:\/\/www.bellunopress.it\/2025\/08\/01\/autonomia-differenziata-affossata-dal-governo-berlusconi-nel-2008-2011-idem-con-il-governo-conte-salvini-2018-2019-di-enzo-de-biasi\/embed\/#?secret=VKjuaM6xM5#?secret=TZOTImtOW2\" data-secret=\"TZOTImtOW2\" width=\"600\" height=\"338\" frameborder=\"0\" marginwidth=\"0\" marginheight=\"0\" scrolling=\"no\"><\/iframe><\/p>\n<p><strong>Autonomia Differenziata<\/strong> <strong>affossata<\/strong> dai <strong>Governi <\/strong>a partecipazione<strong> Lega, FdI (AN)\u00a0 e FI. <\/strong><\/p>\n<p><a href=\"https:\/\/www.corriere.it\/politica\/25_agosto_03\/zaia-anche-venezia-e-milano-diventino-citta-stato-ma-nessuno-scambio-con-l-autonomia-3d58f1d0-5693-432a-9a64-\">https:\/\/www.corriere.it\/politica\/25_agosto_03\/zaia-anche-venezia-e-milano-diventino-citta-stato-ma-nessuno-scambio-con-l-autonomia-3d58f1d0-5693-432a-9a64-<\/a> d8cfdfd9xlk.shtml <strong>Luca Zaia, Corriere della Sera<\/strong><\/p>\n<p><strong><a href=\"https:\/\/www.lapiazzaweb.it\/news\/attualita\/514469\/zaia-risponde-allo-statuto-speciale-chiesto-per-roma-anche-venezia-citta-stato-con-poteri-speciali-per-affrontare-le-sfide-del-futuro.html\">https:\/\/www.lapiazzaweb.it\/news\/attualita\/514469\/zaia-risponde-allo-statuto-speciale-chiesto-per-roma-anche-venezia-citta-stato-con-poteri-speciali-per-affrontare-le-sfide-del-futuro.html<\/a>\u00a0 Luca Zaia, Piazza Web<\/strong><\/p>\n<p><a href=\"https:\/\/www.ilsole24ore.com\/art\/zaia-venezia-citta-stato-non-un-utopia-ma-necessita-AH9P3j7B\">https:\/\/www.ilsole24ore.com\/art\/zaia-venezia-citta-stato-non-un-utopia-ma-necessita-AH9P3j7B<\/a> <strong>Luca Zaia, Sole 24 ore<\/strong><\/p>\n<p>https:\/\/www.regione.veneto.it\/article-detail?articleId=14207819 <a href=\"https:\/\/www.giustizia-amministrativa.it\/-\/105486-968\">https:\/\/www.giustizia-amministrativa.it\/-\/105486-968<\/a> \u00a0il Consiglio Regionale pu\u00f2 <strong>legiferare fino al 23 settembre<\/strong><\/p>\n<p>https:\/\/www.vipiu.it\/leggi\/andrea-martella-pd-fa-i-primi-passi-da-candidato-sindaco-in-senato-suo-disegno-di-legge-per-uno-statuto-speciale-per-venezia\/\u00a0 <strong>A. Martella Sindaco di Venezia, primi passi.\u00a0 <\/strong><\/p>\n<p>Il disegno di legge costituzionale di \u00a0Andrea Martella, PD, agli atti della redazione<\/p>","protected":false},"excerpt":{"rendered":"<p>Il Veneto dimenticato e abbandonato nel 2008 e \u00a0nel 2017\u00a0 La novit\u00e0 ferragostana \u00a02025 di Zaia (Lega ) \u00a0e \u00a0Martella, PD, entrambi per \u201cVenezia-Citt\u00e0 Stato\u201d, tuttavia dal 1948 la Repubblica \u00e8 unitaria, non \u00e8 una Federazione , lo sanno ? Ogni stagione elettorale somiglia ad una gara automobilistica di Formula 1: il sabato prima della [&hellip;]<\/p>\n","protected":false},"author":2,"featured_media":114469,"comment_status":"closed","ping_status":"open","sticky":false,"template":"","format":"standard","meta":{"footnotes":""},"categories":[5,26],"tags":[],"class_list":["post-162552","post","type-post","status-publish","format-standard","has-post-thumbnail","category-cronaca","category-prima-pagina"],"yoast_head":"<!-- This site is optimized with the Yoast SEO plugin v28.4 - https:\/\/yoast.com\/product\/yoast-seo-wordpress\/ -->\n<title>Luca Zaia, il Presidente che per ben due volte ha perso \u201cil treno che passa una volta sola nella storia\u201d - Bellunopress - Dolomiti<\/title>\n<meta name=\"robots\" content=\"index, follow, max-snippet:-1, max-image-preview:large, max-video-preview:-1\" \/>\n<link rel=\"canonical\" href=\"https:\/\/www.bellunopress.it\/fr\/2025\/08\/13\/luca-zaia-il-presidente-che-per-ben-due-volte-ha-perso-il-treno-che-passa-una-volta-sola-nella-storia\/\" \/>\n<meta property=\"og:locale\" content=\"fr_FR\" \/>\n<meta property=\"og:type\" content=\"article\" \/>\n<meta property=\"og:title\" content=\"Luca Zaia, il Presidente che per ben due volte ha perso \u201cil treno che passa una volta sola nella storia\u201d - Bellunopress - Dolomiti\" \/>\n<meta property=\"og:description\" content=\"Il Veneto dimenticato e abbandonato nel 2008 e \u00a0nel 2017\u00a0 La novit\u00e0 ferragostana \u00a02025 di Zaia (Lega ) \u00a0e \u00a0Martella, PD, entrambi per \u201cVenezia-Citt\u00e0 Stato\u201d, tuttavia dal 1948 la Repubblica \u00e8 unitaria, non \u00e8 una Federazione , lo sanno ? Ogni stagione elettorale somiglia ad una gara automobilistica di Formula 1: il sabato prima della [&hellip;]\" \/>\n<meta property=\"og:url\" content=\"https:\/\/www.bellunopress.it\/fr\/2025\/08\/13\/luca-zaia-il-presidente-che-per-ben-due-volte-ha-perso-il-treno-che-passa-una-volta-sola-nella-storia\/\" \/>\n<meta property=\"og:site_name\" content=\"Bellunopress - Dolomiti\" \/>\n<meta property=\"article:publisher\" content=\"https:\/\/www.facebook.com\/profile.php?id=100008943462799\" \/>\n<meta property=\"article:published_time\" content=\"2025-08-13T06:45:32+00:00\" \/>\n<meta property=\"article:modified_time\" content=\"2025-08-13T06:47:43+00:00\" \/>\n<meta property=\"og:image\" content=\"https:\/\/www.bellunopress.it\/wp-content\/uploads\/2020\/05\/Regione-Veneto-Palazzo-Ferro-Fini-sede-del-Consiglio-regionale_edited.jpg\" \/>\n\t<meta property=\"og:image:width\" content=\"780\" \/>\n\t<meta property=\"og:image:height\" content=\"405\" \/>\n\t<meta property=\"og:image:type\" content=\"image\/jpeg\" \/>\n<meta name=\"author\" content=\"redazione\" \/>\n<meta name=\"twitter:card\" content=\"summary_large_image\" \/>\n<meta name=\"twitter:creator\" content=\"@bellunopress\" \/>\n<meta name=\"twitter:site\" content=\"@bellunopress\" \/>\n<meta name=\"twitter:label1\" content=\"Written by\" \/>\n\t<meta name=\"twitter:data1\" content=\"redazione\" \/>\n\t<meta name=\"twitter:label2\" content=\"Est. reading time\" \/>\n\t<meta name=\"twitter:data2\" content=\"9 minutes\" \/>\n<script type=\"application\/ld+json\" class=\"yoast-schema-graph\">{\"@context\":\"https:\\\/\\\/schema.org\",\"@graph\":[{\"@type\":\"Article\",\"@id\":\"https:\\\/\\\/www.bellunopress.it\\\/2025\\\/08\\\/13\\\/luca-zaia-il-presidente-che-per-ben-due-volte-ha-perso-il-treno-che-passa-una-volta-sola-nella-storia\\\/#article\",\"isPartOf\":{\"@id\":\"https:\\\/\\\/www.bellunopress.it\\\/2025\\\/08\\\/13\\\/luca-zaia-il-presidente-che-per-ben-due-volte-ha-perso-il-treno-che-passa-una-volta-sola-nella-storia\\\/\"},\"author\":{\"name\":\"redazione\",\"@id\":\"https:\\\/\\\/www.bellunopress.it\\\/#\\\/schema\\\/person\\\/79bb06722b37ece1c03d3e94beb30d73\"},\"headline\":\"Luca Zaia, il Presidente che per ben due volte ha perso \u201cil treno che passa una volta sola nella storia\u201d\",\"datePublished\":\"2025-08-13T06:45:32+00:00\",\"dateModified\":\"2025-08-13T06:47:43+00:00\",\"mainEntityOfPage\":{\"@id\":\"https:\\\/\\\/www.bellunopress.it\\\/2025\\\/08\\\/13\\\/luca-zaia-il-presidente-che-per-ben-due-volte-ha-perso-il-treno-che-passa-una-volta-sola-nella-storia\\\/\"},\"wordCount\":1828,\"publisher\":{\"@id\":\"https:\\\/\\\/www.bellunopress.it\\\/#organization\"},\"image\":{\"@id\":\"https:\\\/\\\/www.bellunopress.it\\\/2025\\\/08\\\/13\\\/luca-zaia-il-presidente-che-per-ben-due-volte-ha-perso-il-treno-che-passa-una-volta-sola-nella-storia\\\/#primaryimage\"},\"thumbnailUrl\":\"https:\\\/\\\/www.bellunopress.it\\\/wp-content\\\/uploads\\\/2020\\\/05\\\/Regione-Veneto-Palazzo-Ferro-Fini-sede-del-Consiglio-regionale_edited.jpg\",\"articleSection\":[\"Cronaca\\\/Politica\",\"Prima Pagina\"],\"inLanguage\":\"fr-FR\"},{\"@type\":\"WebPage\",\"@id\":\"https:\\\/\\\/www.bellunopress.it\\\/2025\\\/08\\\/13\\\/luca-zaia-il-presidente-che-per-ben-due-volte-ha-perso-il-treno-che-passa-una-volta-sola-nella-storia\\\/\",\"url\":\"https:\\\/\\\/www.bellunopress.it\\\/2025\\\/08\\\/13\\\/luca-zaia-il-presidente-che-per-ben-due-volte-ha-perso-il-treno-che-passa-una-volta-sola-nella-storia\\\/\",\"name\":\"Luca Zaia, il Presidente che per ben due volte ha perso \u201cil treno che passa una volta sola nella storia\u201d - Bellunopress - Dolomiti\",\"isPartOf\":{\"@id\":\"https:\\\/\\\/www.bellunopress.it\\\/#website\"},\"primaryImageOfPage\":{\"@id\":\"https:\\\/\\\/www.bellunopress.it\\\/2025\\\/08\\\/13\\\/luca-zaia-il-presidente-che-per-ben-due-volte-ha-perso-il-treno-che-passa-una-volta-sola-nella-storia\\\/#primaryimage\"},\"image\":{\"@id\":\"https:\\\/\\\/www.bellunopress.it\\\/2025\\\/08\\\/13\\\/luca-zaia-il-presidente-che-per-ben-due-volte-ha-perso-il-treno-che-passa-una-volta-sola-nella-storia\\\/#primaryimage\"},\"thumbnailUrl\":\"https:\\\/\\\/www.bellunopress.it\\\/wp-content\\\/uploads\\\/2020\\\/05\\\/Regione-Veneto-Palazzo-Ferro-Fini-sede-del-Consiglio-regionale_edited.jpg\",\"datePublished\":\"2025-08-13T06:45:32+00:00\",\"dateModified\":\"2025-08-13T06:47:43+00:00\",\"breadcrumb\":{\"@id\":\"https:\\\/\\\/www.bellunopress.it\\\/2025\\\/08\\\/13\\\/luca-zaia-il-presidente-che-per-ben-due-volte-ha-perso-il-treno-che-passa-una-volta-sola-nella-storia\\\/#breadcrumb\"},\"inLanguage\":\"fr-FR\",\"potentialAction\":[{\"@type\":\"ReadAction\",\"target\":[\"https:\\\/\\\/www.bellunopress.it\\\/2025\\\/08\\\/13\\\/luca-zaia-il-presidente-che-per-ben-due-volte-ha-perso-il-treno-che-passa-una-volta-sola-nella-storia\\\/\"]}]},{\"@type\":\"ImageObject\",\"inLanguage\":\"fr-FR\",\"@id\":\"https:\\\/\\\/www.bellunopress.it\\\/2025\\\/08\\\/13\\\/luca-zaia-il-presidente-che-per-ben-due-volte-ha-perso-il-treno-che-passa-una-volta-sola-nella-storia\\\/#primaryimage\",\"url\":\"https:\\\/\\\/www.bellunopress.it\\\/wp-content\\\/uploads\\\/2020\\\/05\\\/Regione-Veneto-Palazzo-Ferro-Fini-sede-del-Consiglio-regionale_edited.jpg\",\"contentUrl\":\"https:\\\/\\\/www.bellunopress.it\\\/wp-content\\\/uploads\\\/2020\\\/05\\\/Regione-Veneto-Palazzo-Ferro-Fini-sede-del-Consiglio-regionale_edited.jpg\",\"width\":780,\"height\":405,\"caption\":\"Palazzo Ferro Fini, sede del Consiglio regionale del Veneto\"},{\"@type\":\"BreadcrumbList\",\"@id\":\"https:\\\/\\\/www.bellunopress.it\\\/2025\\\/08\\\/13\\\/luca-zaia-il-presidente-che-per-ben-due-volte-ha-perso-il-treno-che-passa-una-volta-sola-nella-storia\\\/#breadcrumb\",\"itemListElement\":[{\"@type\":\"ListItem\",\"position\":1,\"name\":\"Home\",\"item\":\"https:\\\/\\\/www.bellunopress.it\\\/\"},{\"@type\":\"ListItem\",\"position\":2,\"name\":\"Luca Zaia, il Presidente che per ben due volte ha perso \u201cil treno che passa una volta sola nella storia\u201d\"}]},{\"@type\":\"WebSite\",\"@id\":\"https:\\\/\\\/www.bellunopress.it\\\/#website\",\"url\":\"https:\\\/\\\/www.bellunopress.it\\\/\",\"name\":\"Bellunopress - Dolomiti\",\"description\":\"e-mail: redazione@bellunopress.it\",\"publisher\":{\"@id\":\"https:\\\/\\\/www.bellunopress.it\\\/#organization\"},\"potentialAction\":[{\"@type\":\"SearchAction\",\"target\":{\"@type\":\"EntryPoint\",\"urlTemplate\":\"https:\\\/\\\/www.bellunopress.it\\\/?s={search_term_string}\"},\"query-input\":{\"@type\":\"PropertyValueSpecification\",\"valueRequired\":true,\"valueName\":\"search_term_string\"}}],\"inLanguage\":\"fr-FR\"},{\"@type\":\"Organization\",\"@id\":\"https:\\\/\\\/www.bellunopress.it\\\/#organization\",\"name\":\"Bellunopress\",\"url\":\"https:\\\/\\\/www.bellunopress.it\\\/\",\"logo\":{\"@type\":\"ImageObject\",\"inLanguage\":\"fr-FR\",\"@id\":\"https:\\\/\\\/www.bellunopress.it\\\/#\\\/schema\\\/logo\\\/image\\\/\",\"url\":\"https:\\\/\\\/www.bellunopress.it\\\/wp-content\\\/uploads\\\/2011\\\/05\\\/cropped-logo-bellunopress-.jpg\",\"contentUrl\":\"https:\\\/\\\/www.bellunopress.it\\\/wp-content\\\/uploads\\\/2011\\\/05\\\/cropped-logo-bellunopress-.jpg\",\"width\":512,\"height\":512,\"caption\":\"Bellunopress\"},\"image\":{\"@id\":\"https:\\\/\\\/www.bellunopress.it\\\/#\\\/schema\\\/logo\\\/image\\\/\"},\"sameAs\":[\"https:\\\/\\\/www.facebook.com\\\/profile.php?id=100008943462799\",\"https:\\\/\\\/x.com\\\/bellunopress\",\"https:\\\/\\\/www.linkedin.com\\\/hp\\\/?dnr=JBzUWaJfMUw8vbXJJ2tVW5-I3jZKvC4wsoxE&amp;amp;amp;amp;amp;amp;trk=nav_responsive_tab_home\",\"https:\\\/\\\/www.youtube.com\\\/channel\\\/UCxL0wu1uN0_3_7hGG0306cw\"]},{\"@type\":\"Person\",\"@id\":\"https:\\\/\\\/www.bellunopress.it\\\/#\\\/schema\\\/person\\\/79bb06722b37ece1c03d3e94beb30d73\",\"name\":\"redazione\",\"image\":{\"@type\":\"ImageObject\",\"inLanguage\":\"fr-FR\",\"@id\":\"https:\\\/\\\/secure.gravatar.com\\\/avatar\\\/37d968a2e67a6fd04c169c4bdef102d0bc5d31b2546345219e348575eb80e9a0?s=96&d=mm&r=g\",\"url\":\"https:\\\/\\\/secure.gravatar.com\\\/avatar\\\/37d968a2e67a6fd04c169c4bdef102d0bc5d31b2546345219e348575eb80e9a0?s=96&d=mm&r=g\",\"contentUrl\":\"https:\\\/\\\/secure.gravatar.com\\\/avatar\\\/37d968a2e67a6fd04c169c4bdef102d0bc5d31b2546345219e348575eb80e9a0?s=96&d=mm&r=g\",\"caption\":\"redazione\"},\"sameAs\":[\"http:\\\/\\\/www.bellunopress.it\",\"https:\\\/\\\/x.com\\\/bellunopress\"],\"url\":\"https:\\\/\\\/www.bellunopress.it\\\/fr\\\/author\\\/redazione\\\/\"}]}<\/script>\n<!-- \/ Yoast SEO plugin. -->","yoast_head_json":{"title":"Luca Zaia, il Presidente che per ben due volte ha perso \u201cil treno che passa una volta sola nella storia\u201d - Bellunopress - Dolomiti","robots":{"index":"index","follow":"follow","max-snippet":"max-snippet:-1","max-image-preview":"max-image-preview:large","max-video-preview":"max-video-preview:-1"},"canonical":"https:\/\/www.bellunopress.it\/fr\/2025\/08\/13\/luca-zaia-il-presidente-che-per-ben-due-volte-ha-perso-il-treno-che-passa-una-volta-sola-nella-storia\/","og_locale":"fr_FR","og_type":"article","og_title":"Luca Zaia, il Presidente che per ben due volte ha perso \u201cil treno che passa una volta sola nella storia\u201d - Bellunopress - Dolomiti","og_description":"Il Veneto dimenticato e abbandonato nel 2008 e \u00a0nel 2017\u00a0 La novit\u00e0 ferragostana \u00a02025 di Zaia (Lega ) \u00a0e \u00a0Martella, PD, entrambi per \u201cVenezia-Citt\u00e0 Stato\u201d, tuttavia dal 1948 la Repubblica \u00e8 unitaria, non \u00e8 una Federazione , lo sanno ? Ogni stagione elettorale somiglia ad una gara automobilistica di Formula 1: il sabato prima della [&hellip;]","og_url":"https:\/\/www.bellunopress.it\/fr\/2025\/08\/13\/luca-zaia-il-presidente-che-per-ben-due-volte-ha-perso-il-treno-che-passa-una-volta-sola-nella-storia\/","og_site_name":"Bellunopress - Dolomiti","article_publisher":"https:\/\/www.facebook.com\/profile.php?id=100008943462799","article_published_time":"2025-08-13T06:45:32+00:00","article_modified_time":"2025-08-13T06:47:43+00:00","og_image":[{"width":780,"height":405,"url":"https:\/\/www.bellunopress.it\/wp-content\/uploads\/2020\/05\/Regione-Veneto-Palazzo-Ferro-Fini-sede-del-Consiglio-regionale_edited.jpg","type":"image\/jpeg"}],"author":"redazione","twitter_card":"summary_large_image","twitter_creator":"@bellunopress","twitter_site":"@bellunopress","twitter_misc":{"Written by":"redazione","Est. reading time":"9 minutes"},"schema":{"@context":"https:\/\/schema.org","@graph":[{"@type":"Article","@id":"https:\/\/www.bellunopress.it\/2025\/08\/13\/luca-zaia-il-presidente-che-per-ben-due-volte-ha-perso-il-treno-che-passa-una-volta-sola-nella-storia\/#article","isPartOf":{"@id":"https:\/\/www.bellunopress.it\/2025\/08\/13\/luca-zaia-il-presidente-che-per-ben-due-volte-ha-perso-il-treno-che-passa-una-volta-sola-nella-storia\/"},"author":{"name":"redazione","@id":"https:\/\/www.bellunopress.it\/#\/schema\/person\/79bb06722b37ece1c03d3e94beb30d73"},"headline":"Luca Zaia, il Presidente che per ben due volte ha perso \u201cil treno che passa una volta sola nella storia\u201d","datePublished":"2025-08-13T06:45:32+00:00","dateModified":"2025-08-13T06:47:43+00:00","mainEntityOfPage":{"@id":"https:\/\/www.bellunopress.it\/2025\/08\/13\/luca-zaia-il-presidente-che-per-ben-due-volte-ha-perso-il-treno-che-passa-una-volta-sola-nella-storia\/"},"wordCount":1828,"publisher":{"@id":"https:\/\/www.bellunopress.it\/#organization"},"image":{"@id":"https:\/\/www.bellunopress.it\/2025\/08\/13\/luca-zaia-il-presidente-che-per-ben-due-volte-ha-perso-il-treno-che-passa-una-volta-sola-nella-storia\/#primaryimage"},"thumbnailUrl":"https:\/\/www.bellunopress.it\/wp-content\/uploads\/2020\/05\/Regione-Veneto-Palazzo-Ferro-Fini-sede-del-Consiglio-regionale_edited.jpg","articleSection":["Cronaca\/Politica","Prima Pagina"],"inLanguage":"fr-FR"},{"@type":"WebPage","@id":"https:\/\/www.bellunopress.it\/2025\/08\/13\/luca-zaia-il-presidente-che-per-ben-due-volte-ha-perso-il-treno-che-passa-una-volta-sola-nella-storia\/","url":"https:\/\/www.bellunopress.it\/2025\/08\/13\/luca-zaia-il-presidente-che-per-ben-due-volte-ha-perso-il-treno-che-passa-una-volta-sola-nella-storia\/","name":"Luca Zaia, il Presidente che per ben due volte ha perso \u201cil treno che passa una volta sola nella storia\u201d - Bellunopress - Dolomiti","isPartOf":{"@id":"https:\/\/www.bellunopress.it\/#website"},"primaryImageOfPage":{"@id":"https:\/\/www.bellunopress.it\/2025\/08\/13\/luca-zaia-il-presidente-che-per-ben-due-volte-ha-perso-il-treno-che-passa-una-volta-sola-nella-storia\/#primaryimage"},"image":{"@id":"https:\/\/www.bellunopress.it\/2025\/08\/13\/luca-zaia-il-presidente-che-per-ben-due-volte-ha-perso-il-treno-che-passa-una-volta-sola-nella-storia\/#primaryimage"},"thumbnailUrl":"https:\/\/www.bellunopress.it\/wp-content\/uploads\/2020\/05\/Regione-Veneto-Palazzo-Ferro-Fini-sede-del-Consiglio-regionale_edited.jpg","datePublished":"2025-08-13T06:45:32+00:00","dateModified":"2025-08-13T06:47:43+00:00","breadcrumb":{"@id":"https:\/\/www.bellunopress.it\/2025\/08\/13\/luca-zaia-il-presidente-che-per-ben-due-volte-ha-perso-il-treno-che-passa-una-volta-sola-nella-storia\/#breadcrumb"},"inLanguage":"fr-FR","potentialAction":[{"@type":"ReadAction","target":["https:\/\/www.bellunopress.it\/2025\/08\/13\/luca-zaia-il-presidente-che-per-ben-due-volte-ha-perso-il-treno-che-passa-una-volta-sola-nella-storia\/"]}]},{"@type":"ImageObject","inLanguage":"fr-FR","@id":"https:\/\/www.bellunopress.it\/2025\/08\/13\/luca-zaia-il-presidente-che-per-ben-due-volte-ha-perso-il-treno-che-passa-una-volta-sola-nella-storia\/#primaryimage","url":"https:\/\/www.bellunopress.it\/wp-content\/uploads\/2020\/05\/Regione-Veneto-Palazzo-Ferro-Fini-sede-del-Consiglio-regionale_edited.jpg","contentUrl":"https:\/\/www.bellunopress.it\/wp-content\/uploads\/2020\/05\/Regione-Veneto-Palazzo-Ferro-Fini-sede-del-Consiglio-regionale_edited.jpg","width":780,"height":405,"caption":"Palazzo Ferro Fini, sede del Consiglio regionale del Veneto"},{"@type":"BreadcrumbList","@id":"https:\/\/www.bellunopress.it\/2025\/08\/13\/luca-zaia-il-presidente-che-per-ben-due-volte-ha-perso-il-treno-che-passa-una-volta-sola-nella-storia\/#breadcrumb","itemListElement":[{"@type":"ListItem","position":1,"name":"Home","item":"https:\/\/www.bellunopress.it\/"},{"@type":"ListItem","position":2,"name":"Luca Zaia, il Presidente che per ben due volte ha perso \u201cil treno che passa una volta sola nella storia\u201d"}]},{"@type":"WebSite","@id":"https:\/\/www.bellunopress.it\/#website","url":"https:\/\/www.bellunopress.it\/","name":"Bellunopress - Dolomiti","description":"e-mail: redazione@bellunopress.it","publisher":{"@id":"https:\/\/www.bellunopress.it\/#organization"},"potentialAction":[{"@type":"SearchAction","target":{"@type":"EntryPoint","urlTemplate":"https:\/\/www.bellunopress.it\/?s={search_term_string}"},"query-input":{"@type":"PropertyValueSpecification","valueRequired":true,"valueName":"search_term_string"}}],"inLanguage":"fr-FR"},{"@type":"Organization","@id":"https:\/\/www.bellunopress.it\/#organization","name":"Bellunopress","url":"https:\/\/www.bellunopress.it\/","logo":{"@type":"ImageObject","inLanguage":"fr-FR","@id":"https:\/\/www.bellunopress.it\/#\/schema\/logo\/image\/","url":"https:\/\/www.bellunopress.it\/wp-content\/uploads\/2011\/05\/cropped-logo-bellunopress-.jpg","contentUrl":"https:\/\/www.bellunopress.it\/wp-content\/uploads\/2011\/05\/cropped-logo-bellunopress-.jpg","width":512,"height":512,"caption":"Bellunopress"},"image":{"@id":"https:\/\/www.bellunopress.it\/#\/schema\/logo\/image\/"},"sameAs":["https:\/\/www.facebook.com\/profile.php?id=100008943462799","https:\/\/x.com\/bellunopress","https:\/\/www.linkedin.com\/hp\/?dnr=JBzUWaJfMUw8vbXJJ2tVW5-I3jZKvC4wsoxE&amp;amp;amp;amp;amp;amp;trk=nav_responsive_tab_home","https:\/\/www.youtube.com\/channel\/UCxL0wu1uN0_3_7hGG0306cw"]},{"@type":"Person","@id":"https:\/\/www.bellunopress.it\/#\/schema\/person\/79bb06722b37ece1c03d3e94beb30d73","name":"r\u00e9daction","image":{"@type":"ImageObject","inLanguage":"fr-FR","@id":"https:\/\/secure.gravatar.com\/avatar\/37d968a2e67a6fd04c169c4bdef102d0bc5d31b2546345219e348575eb80e9a0?s=96&d=mm&r=g","url":"https:\/\/secure.gravatar.com\/avatar\/37d968a2e67a6fd04c169c4bdef102d0bc5d31b2546345219e348575eb80e9a0?s=96&d=mm&r=g","contentUrl":"https:\/\/secure.gravatar.com\/avatar\/37d968a2e67a6fd04c169c4bdef102d0bc5d31b2546345219e348575eb80e9a0?s=96&d=mm&r=g","caption":"redazione"},"sameAs":["http:\/\/www.bellunopress.it","https:\/\/x.com\/bellunopress"],"url":"https:\/\/www.bellunopress.it\/fr\/author\/redazione\/"}]}},"_links":{"self":[{"href":"https:\/\/www.bellunopress.it\/fr\/wp-json\/wp\/v2\/posts\/162552","targetHints":{"allow":["GET"]}}],"collection":[{"href":"https:\/\/www.bellunopress.it\/fr\/wp-json\/wp\/v2\/posts"}],"about":[{"href":"https:\/\/www.bellunopress.it\/fr\/wp-json\/wp\/v2\/types\/post"}],"author":[{"embeddable":true,"href":"https:\/\/www.bellunopress.it\/fr\/wp-json\/wp\/v2\/users\/2"}],"replies":[{"embeddable":true,"href":"https:\/\/www.bellunopress.it\/fr\/wp-json\/wp\/v2\/comments?post=162552"}],"version-history":[{"count":3,"href":"https:\/\/www.bellunopress.it\/fr\/wp-json\/wp\/v2\/posts\/162552\/revisions"}],"predecessor-version":[{"id":162555,"href":"https:\/\/www.bellunopress.it\/fr\/wp-json\/wp\/v2\/posts\/162552\/revisions\/162555"}],"wp:featuredmedia":[{"embeddable":true,"href":"https:\/\/www.bellunopress.it\/fr\/wp-json\/wp\/v2\/media\/114469"}],"wp:attachment":[{"href":"https:\/\/www.bellunopress.it\/fr\/wp-json\/wp\/v2\/media?parent=162552"}],"wp:term":[{"taxonomy":"category","embeddable":true,"href":"https:\/\/www.bellunopress.it\/fr\/wp-json\/wp\/v2\/categories?post=162552"},{"taxonomy":"post_tag","embeddable":true,"href":"https:\/\/www.bellunopress.it\/fr\/wp-json\/wp\/v2\/tags?post=162552"}],"curies":[{"name":"wp","href":"https:\/\/api.w.org\/{rel}","templated":true}]}}