{"id":162550,"date":"2025-08-13T06:55:42","date_gmt":"2025-08-13T04:55:42","guid":{"rendered":"https:\/\/www.bellunopress.it\/?p=162550"},"modified":"2025-08-13T06:55:42","modified_gmt":"2025-08-13T04:55:42","slug":"ferrovia-ponte-nelle-alpi-calalzo-allarme-chiusura-dopo-il-2026-colpo-mortale-per-il-bellunese","status":"publish","type":"post","link":"https:\/\/www.bellunopress.it\/fr\/2025\/08\/13\/ferrovia-ponte-nelle-alpi-calalzo-allarme-chiusura-dopo-il-2026-colpo-mortale-per-il-bellunese\/","title":{"rendered":"Ferrovia Ponte nelle Alpi\u2013Calalzo, allarme chiusura dopo il 2026: \u201cColpo mortale per il Bellunese\u201d"},"content":{"rendered":"<p><img loading=\"lazy\" decoding=\"async\" class=\"aligncenter size-full wp-image-157221\" src=\"https:\/\/www.bellunopress.it\/wp-content\/uploads\/2025\/01\/Generazione-Europa_edited.jpg\" alt=\"Luigi Filippo Daniele, GEL\" width=\"719\" height=\"718\" srcset=\"https:\/\/www.bellunopress.it\/wp-content\/uploads\/2025\/01\/Generazione-Europa_edited.jpg 719w, https:\/\/www.bellunopress.it\/wp-content\/uploads\/2025\/01\/Generazione-Europa_edited-500x500.jpg 500w, https:\/\/www.bellunopress.it\/wp-content\/uploads\/2025\/01\/Generazione-Europa_edited-300x300.jpg 300w, https:\/\/www.bellunopress.it\/wp-content\/uploads\/2025\/01\/Generazione-Europa_edited-421x420.jpg 421w, https:\/\/www.bellunopress.it\/wp-content\/uploads\/2025\/01\/Generazione-Europa_edited-696x695.jpg 696w\" sizes=\"auto, (max-width: 719px) 100vw, 719px\" \/>Belluno \u2013 La notizia emersa nei giorni scorsi sulle colonne dei quotidiani locali ha riacceso il dibattito sul futuro della mobilit\u00e0 in provincia. Dopo le Olimpiadi Milano\u2013Cortina 2026, la tratta ferroviaria Ponte nelle Alpi\u2013Calalzo potrebbe essere sospesa e sostituita da autobus. Un&#8217;ipotesi che, secondo Generazione Europa Liberali e Democratici Bellunesi (GEL), rappresenterebbe &#8220;un colpo mortale per il Cadore e per l&#8217;intero Bellunese&#8221;.<\/p>\n<p>Il movimento politico sottolinea come la linea, pur con criticit\u00e0 e limiti strutturali, sia &#8220;l&#8217;ultimo legame su rotaia tra il Cadore e il resto del Veneto&#8221; e che la sua chiusura andrebbe a colpire non solo pendolari e turisti, ma l&#8217;intera visione di sviluppo della montagna.<\/p>\n<p>&#8220;Per anni \u2013 si legge nella nota di GEL \u2013 si \u00e8 parlato di rilancio della montagna, di sviluppo sostenibile e di infrastrutture moderne. Oggi il messaggio che arriva ai cittadini \u00e8 opposto: investiamo per due settimane di Giochi, poi torniamo a isolarvi&#8221;.<\/p>\n<p>Il gruppo politico individua responsabilit\u00e0 condivise tra RFI e Trenitalia, accusate di aver gestito la tratta come &#8220;un ramo secco&#8221;, e le istituzioni regionali e nazionali, ritenute incapaci di garantire un piano strategico per il post-2026.<\/p>\n<p>Il timore \u00e8 che la sostituzione con autobus comporti un aumento del traffico e dell&#8217;inquinamento lungo la statale 51 Alemagna , gi\u00e0 satura nei periodi di alta stagione, con ripercussioni negative anche sul turismo sostenibile. &#8220;Mentre in Alto Adige e Trentino \u2013 affermano \u2013 si investe nel ferro, qui si torna alla gomma&#8221;.<\/p>\n<p>&#8220;Chi pensa di spegnere questa linea subito dopo le Olimpiadi \u2013 conclude la nota \u2013 dovr\u00e0 assumersi la responsabilit\u00e0 davanti ai cittadini del Cadore e dell&#8217;intera provincia. La montagna bellunese non \u00e8 una solo il palcoscenico per le Olimpiadi, ma una comunit\u00e0 viva che merita collegamenti efficienti 365 giorni l&#8217;anno&#8221;.<\/p>\n<p>&nbsp;<\/p>\n<p>&nbsp;<\/p>","protected":false},"excerpt":{"rendered":"<p>Belluno \u2013 La notizia emersa nei giorni scorsi sulle colonne dei quotidiani locali ha riacceso il dibattito sul futuro della mobilit\u00e0 in provincia. Dopo le Olimpiadi Milano\u2013Cortina 2026, la tratta ferroviaria Ponte nelle Alpi\u2013Calalzo potrebbe essere sospesa e sostituita da autobus. Un&#8217;ipotesi che, secondo Generazione Europa Liberali e Democratici Bellunesi (GEL), rappresenterebbe &#8220;un colpo mortale [&hellip;]<\/p>\n","protected":false},"author":2,"featured_media":157221,"comment_status":"closed","ping_status":"open","sticky":false,"template":"","format":"standard","meta":{"footnotes":""},"categories":[5,26],"tags":[],"class_list":["post-162550","post","type-post","status-publish","format-standard","has-post-thumbnail","category-cronaca","category-prima-pagina"],"yoast_head":"<!-- This site is optimized with the Yoast SEO plugin v28.4 - https:\/\/yoast.com\/product\/yoast-seo-wordpress\/ -->\n<title>Ferrovia Ponte nelle Alpi\u2013Calalzo, allarme chiusura dopo il 2026: \u201cColpo mortale per il Bellunese\u201d - Bellunopress - Dolomiti<\/title>\n<meta name=\"robots\" content=\"index, follow, max-snippet:-1, max-image-preview:large, max-video-preview:-1\" \/>\n<link rel=\"canonical\" href=\"https:\/\/www.bellunopress.it\/fr\/2025\/08\/13\/ferrovia-ponte-nelle-alpi-calalzo-allarme-chiusura-dopo-il-2026-colpo-mortale-per-il-bellunese\/\" \/>\n<meta property=\"og:locale\" content=\"fr_FR\" \/>\n<meta property=\"og:type\" content=\"article\" \/>\n<meta property=\"og:title\" content=\"Ferrovia Ponte nelle Alpi\u2013Calalzo, allarme chiusura dopo il 2026: \u201cColpo mortale per il Bellunese\u201d - Bellunopress - Dolomiti\" \/>\n<meta property=\"og:description\" content=\"Belluno \u2013 La notizia emersa nei giorni scorsi sulle colonne dei quotidiani locali ha riacceso il dibattito sul futuro della mobilit\u00e0 in provincia. Dopo le Olimpiadi Milano\u2013Cortina 2026, la tratta ferroviaria Ponte nelle Alpi\u2013Calalzo potrebbe essere sospesa e sostituita da autobus. Un&#8217;ipotesi che, secondo Generazione Europa Liberali e Democratici Bellunesi (GEL), rappresenterebbe &#8220;un colpo mortale [&hellip;]\" \/>\n<meta property=\"og:url\" content=\"https:\/\/www.bellunopress.it\/fr\/2025\/08\/13\/ferrovia-ponte-nelle-alpi-calalzo-allarme-chiusura-dopo-il-2026-colpo-mortale-per-il-bellunese\/\" \/>\n<meta property=\"og:site_name\" content=\"Bellunopress - Dolomiti\" \/>\n<meta property=\"article:publisher\" content=\"https:\/\/www.facebook.com\/profile.php?id=100008943462799\" \/>\n<meta property=\"article:published_time\" content=\"2025-08-13T04:55:42+00:00\" \/>\n<meta property=\"og:image\" content=\"https:\/\/www.bellunopress.it\/wp-content\/uploads\/2025\/01\/Generazione-Europa_edited.jpg\" \/>\n\t<meta property=\"og:image:width\" content=\"719\" \/>\n\t<meta property=\"og:image:height\" content=\"718\" \/>\n\t<meta property=\"og:image:type\" content=\"image\/jpeg\" \/>\n<meta name=\"author\" content=\"redazione\" \/>\n<meta name=\"twitter:card\" content=\"summary_large_image\" \/>\n<meta name=\"twitter:creator\" content=\"@bellunopress\" \/>\n<meta name=\"twitter:site\" content=\"@bellunopress\" \/>\n<meta name=\"twitter:label1\" content=\"\u00c9crit par\" \/>\n\t<meta name=\"twitter:data1\" content=\"redazione\" \/>\n\t<meta name=\"twitter:label2\" content=\"Dur\u00e9e de lecture estim\u00e9e\" \/>\n\t<meta name=\"twitter:data2\" content=\"1 minute\" \/>\n<script type=\"application\/ld+json\" class=\"yoast-schema-graph\">{\"@context\":\"https:\\\/\\\/schema.org\",\"@graph\":[{\"@type\":\"Article\",\"@id\":\"https:\\\/\\\/www.bellunopress.it\\\/2025\\\/08\\\/13\\\/ferrovia-ponte-nelle-alpi-calalzo-allarme-chiusura-dopo-il-2026-colpo-mortale-per-il-bellunese\\\/#article\",\"isPartOf\":{\"@id\":\"https:\\\/\\\/www.bellunopress.it\\\/2025\\\/08\\\/13\\\/ferrovia-ponte-nelle-alpi-calalzo-allarme-chiusura-dopo-il-2026-colpo-mortale-per-il-bellunese\\\/\"},\"author\":{\"name\":\"redazione\",\"@id\":\"https:\\\/\\\/www.bellunopress.it\\\/#\\\/schema\\\/person\\\/79bb06722b37ece1c03d3e94beb30d73\"},\"headline\":\"Ferrovia Ponte nelle Alpi\u2013Calalzo, allarme chiusura dopo il 2026: \u201cColpo mortale per il Bellunese\u201d\",\"datePublished\":\"2025-08-13T04:55:42+00:00\",\"mainEntityOfPage\":{\"@id\":\"https:\\\/\\\/www.bellunopress.it\\\/2025\\\/08\\\/13\\\/ferrovia-ponte-nelle-alpi-calalzo-allarme-chiusura-dopo-il-2026-colpo-mortale-per-il-bellunese\\\/\"},\"wordCount\":300,\"publisher\":{\"@id\":\"https:\\\/\\\/www.bellunopress.it\\\/#organization\"},\"image\":{\"@id\":\"https:\\\/\\\/www.bellunopress.it\\\/2025\\\/08\\\/13\\\/ferrovia-ponte-nelle-alpi-calalzo-allarme-chiusura-dopo-il-2026-colpo-mortale-per-il-bellunese\\\/#primaryimage\"},\"thumbnailUrl\":\"https:\\\/\\\/www.bellunopress.it\\\/wp-content\\\/uploads\\\/2025\\\/01\\\/Generazione-Europa_edited.jpg\",\"articleSection\":[\"Cronaca\\\/Politica\",\"Prima Pagina\"],\"inLanguage\":\"fr-FR\"},{\"@type\":\"WebPage\",\"@id\":\"https:\\\/\\\/www.bellunopress.it\\\/2025\\\/08\\\/13\\\/ferrovia-ponte-nelle-alpi-calalzo-allarme-chiusura-dopo-il-2026-colpo-mortale-per-il-bellunese\\\/\",\"url\":\"https:\\\/\\\/www.bellunopress.it\\\/2025\\\/08\\\/13\\\/ferrovia-ponte-nelle-alpi-calalzo-allarme-chiusura-dopo-il-2026-colpo-mortale-per-il-bellunese\\\/\",\"name\":\"Ferrovia Ponte nelle Alpi\u2013Calalzo, allarme chiusura dopo il 2026: \u201cColpo mortale per il Bellunese\u201d - Bellunopress - Dolomiti\",\"isPartOf\":{\"@id\":\"https:\\\/\\\/www.bellunopress.it\\\/#website\"},\"primaryImageOfPage\":{\"@id\":\"https:\\\/\\\/www.bellunopress.it\\\/2025\\\/08\\\/13\\\/ferrovia-ponte-nelle-alpi-calalzo-allarme-chiusura-dopo-il-2026-colpo-mortale-per-il-bellunese\\\/#primaryimage\"},\"image\":{\"@id\":\"https:\\\/\\\/www.bellunopress.it\\\/2025\\\/08\\\/13\\\/ferrovia-ponte-nelle-alpi-calalzo-allarme-chiusura-dopo-il-2026-colpo-mortale-per-il-bellunese\\\/#primaryimage\"},\"thumbnailUrl\":\"https:\\\/\\\/www.bellunopress.it\\\/wp-content\\\/uploads\\\/2025\\\/01\\\/Generazione-Europa_edited.jpg\",\"datePublished\":\"2025-08-13T04:55:42+00:00\",\"breadcrumb\":{\"@id\":\"https:\\\/\\\/www.bellunopress.it\\\/2025\\\/08\\\/13\\\/ferrovia-ponte-nelle-alpi-calalzo-allarme-chiusura-dopo-il-2026-colpo-mortale-per-il-bellunese\\\/#breadcrumb\"},\"inLanguage\":\"fr-FR\",\"potentialAction\":[{\"@type\":\"ReadAction\",\"target\":[\"https:\\\/\\\/www.bellunopress.it\\\/2025\\\/08\\\/13\\\/ferrovia-ponte-nelle-alpi-calalzo-allarme-chiusura-dopo-il-2026-colpo-mortale-per-il-bellunese\\\/\"]}]},{\"@type\":\"ImageObject\",\"inLanguage\":\"fr-FR\",\"@id\":\"https:\\\/\\\/www.bellunopress.it\\\/2025\\\/08\\\/13\\\/ferrovia-ponte-nelle-alpi-calalzo-allarme-chiusura-dopo-il-2026-colpo-mortale-per-il-bellunese\\\/#primaryimage\",\"url\":\"https:\\\/\\\/www.bellunopress.it\\\/wp-content\\\/uploads\\\/2025\\\/01\\\/Generazione-Europa_edited.jpg\",\"contentUrl\":\"https:\\\/\\\/www.bellunopress.it\\\/wp-content\\\/uploads\\\/2025\\\/01\\\/Generazione-Europa_edited.jpg\",\"width\":719,\"height\":718,\"caption\":\"Luigi Filippo Daniele, GEL\"},{\"@type\":\"BreadcrumbList\",\"@id\":\"https:\\\/\\\/www.bellunopress.it\\\/2025\\\/08\\\/13\\\/ferrovia-ponte-nelle-alpi-calalzo-allarme-chiusura-dopo-il-2026-colpo-mortale-per-il-bellunese\\\/#breadcrumb\",\"itemListElement\":[{\"@type\":\"ListItem\",\"position\":1,\"name\":\"Home\",\"item\":\"https:\\\/\\\/www.bellunopress.it\\\/\"},{\"@type\":\"ListItem\",\"position\":2,\"name\":\"Ferrovia Ponte nelle Alpi\u2013Calalzo, allarme chiusura dopo il 2026: \u201cColpo mortale per il Bellunese\u201d\"}]},{\"@type\":\"WebSite\",\"@id\":\"https:\\\/\\\/www.bellunopress.it\\\/#website\",\"url\":\"https:\\\/\\\/www.bellunopress.it\\\/\",\"name\":\"Bellunopress - Dolomiti\",\"description\":\"e-mail: redazione@bellunopress.it\",\"publisher\":{\"@id\":\"https:\\\/\\\/www.bellunopress.it\\\/#organization\"},\"potentialAction\":[{\"@type\":\"SearchAction\",\"target\":{\"@type\":\"EntryPoint\",\"urlTemplate\":\"https:\\\/\\\/www.bellunopress.it\\\/?s={search_term_string}\"},\"query-input\":{\"@type\":\"PropertyValueSpecification\",\"valueRequired\":true,\"valueName\":\"search_term_string\"}}],\"inLanguage\":\"fr-FR\"},{\"@type\":\"Organization\",\"@id\":\"https:\\\/\\\/www.bellunopress.it\\\/#organization\",\"name\":\"Bellunopress\",\"url\":\"https:\\\/\\\/www.bellunopress.it\\\/\",\"logo\":{\"@type\":\"ImageObject\",\"inLanguage\":\"fr-FR\",\"@id\":\"https:\\\/\\\/www.bellunopress.it\\\/#\\\/schema\\\/logo\\\/image\\\/\",\"url\":\"https:\\\/\\\/www.bellunopress.it\\\/wp-content\\\/uploads\\\/2011\\\/05\\\/cropped-logo-bellunopress-.jpg\",\"contentUrl\":\"https:\\\/\\\/www.bellunopress.it\\\/wp-content\\\/uploads\\\/2011\\\/05\\\/cropped-logo-bellunopress-.jpg\",\"width\":512,\"height\":512,\"caption\":\"Bellunopress\"},\"image\":{\"@id\":\"https:\\\/\\\/www.bellunopress.it\\\/#\\\/schema\\\/logo\\\/image\\\/\"},\"sameAs\":[\"https:\\\/\\\/www.facebook.com\\\/profile.php?id=100008943462799\",\"https:\\\/\\\/x.com\\\/bellunopress\",\"https:\\\/\\\/www.linkedin.com\\\/hp\\\/?dnr=JBzUWaJfMUw8vbXJJ2tVW5-I3jZKvC4wsoxE&amp;amp;amp;amp;amp;amp;trk=nav_responsive_tab_home\",\"https:\\\/\\\/www.youtube.com\\\/channel\\\/UCxL0wu1uN0_3_7hGG0306cw\"]},{\"@type\":\"Person\",\"@id\":\"https:\\\/\\\/www.bellunopress.it\\\/#\\\/schema\\\/person\\\/79bb06722b37ece1c03d3e94beb30d73\",\"name\":\"redazione\",\"image\":{\"@type\":\"ImageObject\",\"inLanguage\":\"fr-FR\",\"@id\":\"https:\\\/\\\/secure.gravatar.com\\\/avatar\\\/37d968a2e67a6fd04c169c4bdef102d0bc5d31b2546345219e348575eb80e9a0?s=96&d=mm&r=g\",\"url\":\"https:\\\/\\\/secure.gravatar.com\\\/avatar\\\/37d968a2e67a6fd04c169c4bdef102d0bc5d31b2546345219e348575eb80e9a0?s=96&d=mm&r=g\",\"contentUrl\":\"https:\\\/\\\/secure.gravatar.com\\\/avatar\\\/37d968a2e67a6fd04c169c4bdef102d0bc5d31b2546345219e348575eb80e9a0?s=96&d=mm&r=g\",\"caption\":\"redazione\"},\"sameAs\":[\"http:\\\/\\\/www.bellunopress.it\",\"https:\\\/\\\/x.com\\\/bellunopress\"],\"url\":\"https:\\\/\\\/www.bellunopress.it\\\/fr\\\/author\\\/redazione\\\/\"}]}<\/script>\n<!-- \/ Yoast SEO plugin. -->","yoast_head_json":{"title":"Ferrovia Ponte nelle Alpi\u2013Calalzo, allarme chiusura dopo il 2026: \u201cColpo mortale per il Bellunese\u201d - Bellunopress - Dolomiti","robots":{"index":"index","follow":"follow","max-snippet":"max-snippet:-1","max-image-preview":"max-image-preview:large","max-video-preview":"max-video-preview:-1"},"canonical":"https:\/\/www.bellunopress.it\/fr\/2025\/08\/13\/ferrovia-ponte-nelle-alpi-calalzo-allarme-chiusura-dopo-il-2026-colpo-mortale-per-il-bellunese\/","og_locale":"fr_FR","og_type":"article","og_title":"Ferrovia Ponte nelle Alpi\u2013Calalzo, allarme chiusura dopo il 2026: \u201cColpo mortale per il Bellunese\u201d - Bellunopress - Dolomiti","og_description":"Belluno \u2013 La notizia emersa nei giorni scorsi sulle colonne dei quotidiani locali ha riacceso il dibattito sul futuro della mobilit\u00e0 in provincia. Dopo le Olimpiadi Milano\u2013Cortina 2026, la tratta ferroviaria Ponte nelle Alpi\u2013Calalzo potrebbe essere sospesa e sostituita da autobus. Un&#8217;ipotesi che, secondo Generazione Europa Liberali e Democratici Bellunesi (GEL), rappresenterebbe &#8220;un colpo mortale [&hellip;]","og_url":"https:\/\/www.bellunopress.it\/fr\/2025\/08\/13\/ferrovia-ponte-nelle-alpi-calalzo-allarme-chiusura-dopo-il-2026-colpo-mortale-per-il-bellunese\/","og_site_name":"Bellunopress - Dolomiti","article_publisher":"https:\/\/www.facebook.com\/profile.php?id=100008943462799","article_published_time":"2025-08-13T04:55:42+00:00","og_image":[{"width":719,"height":718,"url":"https:\/\/www.bellunopress.it\/wp-content\/uploads\/2025\/01\/Generazione-Europa_edited.jpg","type":"image\/jpeg"}],"author":"redazione","twitter_card":"summary_large_image","twitter_creator":"@bellunopress","twitter_site":"@bellunopress","twitter_misc":{"\u00c9crit par":"redazione","Dur\u00e9e de lecture estim\u00e9e":"1 minute"},"schema":{"@context":"https:\/\/schema.org","@graph":[{"@type":"Article","@id":"https:\/\/www.bellunopress.it\/2025\/08\/13\/ferrovia-ponte-nelle-alpi-calalzo-allarme-chiusura-dopo-il-2026-colpo-mortale-per-il-bellunese\/#article","isPartOf":{"@id":"https:\/\/www.bellunopress.it\/2025\/08\/13\/ferrovia-ponte-nelle-alpi-calalzo-allarme-chiusura-dopo-il-2026-colpo-mortale-per-il-bellunese\/"},"author":{"name":"redazione","@id":"https:\/\/www.bellunopress.it\/#\/schema\/person\/79bb06722b37ece1c03d3e94beb30d73"},"headline":"Ferrovia Ponte nelle Alpi\u2013Calalzo, allarme chiusura dopo il 2026: \u201cColpo mortale per il Bellunese\u201d","datePublished":"2025-08-13T04:55:42+00:00","mainEntityOfPage":{"@id":"https:\/\/www.bellunopress.it\/2025\/08\/13\/ferrovia-ponte-nelle-alpi-calalzo-allarme-chiusura-dopo-il-2026-colpo-mortale-per-il-bellunese\/"},"wordCount":300,"publisher":{"@id":"https:\/\/www.bellunopress.it\/#organization"},"image":{"@id":"https:\/\/www.bellunopress.it\/2025\/08\/13\/ferrovia-ponte-nelle-alpi-calalzo-allarme-chiusura-dopo-il-2026-colpo-mortale-per-il-bellunese\/#primaryimage"},"thumbnailUrl":"https:\/\/www.bellunopress.it\/wp-content\/uploads\/2025\/01\/Generazione-Europa_edited.jpg","articleSection":["Cronaca\/Politica","Prima Pagina"],"inLanguage":"fr-FR"},{"@type":"WebPage","@id":"https:\/\/www.bellunopress.it\/2025\/08\/13\/ferrovia-ponte-nelle-alpi-calalzo-allarme-chiusura-dopo-il-2026-colpo-mortale-per-il-bellunese\/","url":"https:\/\/www.bellunopress.it\/2025\/08\/13\/ferrovia-ponte-nelle-alpi-calalzo-allarme-chiusura-dopo-il-2026-colpo-mortale-per-il-bellunese\/","name":"Ferrovia Ponte nelle Alpi\u2013Calalzo, allarme chiusura dopo il 2026: \u201cColpo mortale per il Bellunese\u201d - Bellunopress - Dolomiti","isPartOf":{"@id":"https:\/\/www.bellunopress.it\/#website"},"primaryImageOfPage":{"@id":"https:\/\/www.bellunopress.it\/2025\/08\/13\/ferrovia-ponte-nelle-alpi-calalzo-allarme-chiusura-dopo-il-2026-colpo-mortale-per-il-bellunese\/#primaryimage"},"image":{"@id":"https:\/\/www.bellunopress.it\/2025\/08\/13\/ferrovia-ponte-nelle-alpi-calalzo-allarme-chiusura-dopo-il-2026-colpo-mortale-per-il-bellunese\/#primaryimage"},"thumbnailUrl":"https:\/\/www.bellunopress.it\/wp-content\/uploads\/2025\/01\/Generazione-Europa_edited.jpg","datePublished":"2025-08-13T04:55:42+00:00","breadcrumb":{"@id":"https:\/\/www.bellunopress.it\/2025\/08\/13\/ferrovia-ponte-nelle-alpi-calalzo-allarme-chiusura-dopo-il-2026-colpo-mortale-per-il-bellunese\/#breadcrumb"},"inLanguage":"fr-FR","potentialAction":[{"@type":"ReadAction","target":["https:\/\/www.bellunopress.it\/2025\/08\/13\/ferrovia-ponte-nelle-alpi-calalzo-allarme-chiusura-dopo-il-2026-colpo-mortale-per-il-bellunese\/"]}]},{"@type":"ImageObject","inLanguage":"fr-FR","@id":"https:\/\/www.bellunopress.it\/2025\/08\/13\/ferrovia-ponte-nelle-alpi-calalzo-allarme-chiusura-dopo-il-2026-colpo-mortale-per-il-bellunese\/#primaryimage","url":"https:\/\/www.bellunopress.it\/wp-content\/uploads\/2025\/01\/Generazione-Europa_edited.jpg","contentUrl":"https:\/\/www.bellunopress.it\/wp-content\/uploads\/2025\/01\/Generazione-Europa_edited.jpg","width":719,"height":718,"caption":"Luigi Filippo Daniele, GEL"},{"@type":"BreadcrumbList","@id":"https:\/\/www.bellunopress.it\/2025\/08\/13\/ferrovia-ponte-nelle-alpi-calalzo-allarme-chiusura-dopo-il-2026-colpo-mortale-per-il-bellunese\/#breadcrumb","itemListElement":[{"@type":"ListItem","position":1,"name":"Home","item":"https:\/\/www.bellunopress.it\/"},{"@type":"ListItem","position":2,"name":"Ferrovia Ponte nelle Alpi\u2013Calalzo, allarme chiusura dopo il 2026: \u201cColpo mortale per il Bellunese\u201d"}]},{"@type":"WebSite","@id":"https:\/\/www.bellunopress.it\/#website","url":"https:\/\/www.bellunopress.it\/","name":"Bellunopress - Dolomiti","description":"e-mail: redazione@bellunopress.it","publisher":{"@id":"https:\/\/www.bellunopress.it\/#organization"},"potentialAction":[{"@type":"SearchAction","target":{"@type":"EntryPoint","urlTemplate":"https:\/\/www.bellunopress.it\/?s={search_term_string}"},"query-input":{"@type":"PropertyValueSpecification","valueRequired":true,"valueName":"search_term_string"}}],"inLanguage":"fr-FR"},{"@type":"Organization","@id":"https:\/\/www.bellunopress.it\/#organization","name":"Bellunopress","url":"https:\/\/www.bellunopress.it\/","logo":{"@type":"ImageObject","inLanguage":"fr-FR","@id":"https:\/\/www.bellunopress.it\/#\/schema\/logo\/image\/","url":"https:\/\/www.bellunopress.it\/wp-content\/uploads\/2011\/05\/cropped-logo-bellunopress-.jpg","contentUrl":"https:\/\/www.bellunopress.it\/wp-content\/uploads\/2011\/05\/cropped-logo-bellunopress-.jpg","width":512,"height":512,"caption":"Bellunopress"},"image":{"@id":"https:\/\/www.bellunopress.it\/#\/schema\/logo\/image\/"},"sameAs":["https:\/\/www.facebook.com\/profile.php?id=100008943462799","https:\/\/x.com\/bellunopress","https:\/\/www.linkedin.com\/hp\/?dnr=JBzUWaJfMUw8vbXJJ2tVW5-I3jZKvC4wsoxE&amp;amp;amp;amp;amp;amp;trk=nav_responsive_tab_home","https:\/\/www.youtube.com\/channel\/UCxL0wu1uN0_3_7hGG0306cw"]},{"@type":"Person","@id":"https:\/\/www.bellunopress.it\/#\/schema\/person\/79bb06722b37ece1c03d3e94beb30d73","name":"r\u00e9daction","image":{"@type":"ImageObject","inLanguage":"fr-FR","@id":"https:\/\/secure.gravatar.com\/avatar\/37d968a2e67a6fd04c169c4bdef102d0bc5d31b2546345219e348575eb80e9a0?s=96&d=mm&r=g","url":"https:\/\/secure.gravatar.com\/avatar\/37d968a2e67a6fd04c169c4bdef102d0bc5d31b2546345219e348575eb80e9a0?s=96&d=mm&r=g","contentUrl":"https:\/\/secure.gravatar.com\/avatar\/37d968a2e67a6fd04c169c4bdef102d0bc5d31b2546345219e348575eb80e9a0?s=96&d=mm&r=g","caption":"redazione"},"sameAs":["http:\/\/www.bellunopress.it","https:\/\/x.com\/bellunopress"],"url":"https:\/\/www.bellunopress.it\/fr\/author\/redazione\/"}]}},"_links":{"self":[{"href":"https:\/\/www.bellunopress.it\/fr\/wp-json\/wp\/v2\/posts\/162550","targetHints":{"allow":["GET"]}}],"collection":[{"href":"https:\/\/www.bellunopress.it\/fr\/wp-json\/wp\/v2\/posts"}],"about":[{"href":"https:\/\/www.bellunopress.it\/fr\/wp-json\/wp\/v2\/types\/post"}],"author":[{"embeddable":true,"href":"https:\/\/www.bellunopress.it\/fr\/wp-json\/wp\/v2\/users\/2"}],"replies":[{"embeddable":true,"href":"https:\/\/www.bellunopress.it\/fr\/wp-json\/wp\/v2\/comments?post=162550"}],"version-history":[{"count":1,"href":"https:\/\/www.bellunopress.it\/fr\/wp-json\/wp\/v2\/posts\/162550\/revisions"}],"predecessor-version":[{"id":162551,"href":"https:\/\/www.bellunopress.it\/fr\/wp-json\/wp\/v2\/posts\/162550\/revisions\/162551"}],"wp:featuredmedia":[{"embeddable":true,"href":"https:\/\/www.bellunopress.it\/fr\/wp-json\/wp\/v2\/media\/157221"}],"wp:attachment":[{"href":"https:\/\/www.bellunopress.it\/fr\/wp-json\/wp\/v2\/media?parent=162550"}],"wp:term":[{"taxonomy":"category","embeddable":true,"href":"https:\/\/www.bellunopress.it\/fr\/wp-json\/wp\/v2\/categories?post=162550"},{"taxonomy":"post_tag","embeddable":true,"href":"https:\/\/www.bellunopress.it\/fr\/wp-json\/wp\/v2\/tags?post=162550"}],"curies":[{"name":"wp","href":"https:\/\/api.w.org\/{rel}","templated":true}]}}