{"id":162545,"date":"2025-08-12T14:12:49","date_gmt":"2025-08-12T12:12:49","guid":{"rendered":"https:\/\/www.bellunopress.it\/?p=162545"},"modified":"2025-08-12T14:12:49","modified_gmt":"2025-08-12T12:12:49","slug":"a-sappada-la-decima-edizione-della-plodar-fest-appuntamento-dal-13-al-17-agosto","status":"publish","type":"post","link":"https:\/\/www.bellunopress.it\/fr\/2025\/08\/12\/a-sappada-la-decima-edizione-della-plodar-fest-appuntamento-dal-13-al-17-agosto\/","title":{"rendered":"A Sappada la decima edizione della Plodar Fest. Appuntamento dal 13 al 17 agosto"},"content":{"rendered":"<figure id=\"attachment_162546\" aria-describedby=\"caption-attachment-162546\" style=\"width: 800px\" class=\"wp-caption aligncenter\"><img loading=\"lazy\" decoding=\"async\" class=\"size-full wp-image-162546\" src=\"https:\/\/www.bellunopress.it\/wp-content\/uploads\/2025\/08\/Plodar-Fest-PhotoSolero.jpg\" alt=\"\" width=\"800\" height=\"495\" srcset=\"https:\/\/www.bellunopress.it\/wp-content\/uploads\/2025\/08\/Plodar-Fest-PhotoSolero.jpg 800w, https:\/\/www.bellunopress.it\/wp-content\/uploads\/2025\/08\/Plodar-Fest-PhotoSolero-500x309.jpg 500w, https:\/\/www.bellunopress.it\/wp-content\/uploads\/2025\/08\/Plodar-Fest-PhotoSolero-679x420.jpg 679w, https:\/\/www.bellunopress.it\/wp-content\/uploads\/2025\/08\/Plodar-Fest-PhotoSolero-696x431.jpg 696w\" sizes=\"auto, (max-width: 800px) 100vw, 800px\" \/><figcaption id=\"caption-attachment-162546\" class=\"wp-caption-text\">Sfilata di inaugurazione della Plodar Fest a Sappada, 12 agosto 2023. Photo \u00a9 ANDREA SOLERO \/ PHOTOSOLERO<\/figcaption><\/figure>\n<p><strong>Organizzazione a cura del Gruppo folkloristico Holzhockar. Gioved\u00ec 15 la passeggiata &#8220;Plodar Run&#8221;, sabato 16 l&#8217; &#8220;Epic Plodar Freestyle Show&#8221;, con l&#8217;esibizione dei piloti di freestyle motocross Jason Cesco, Vanni Oddera e Massimo Bianconcini<\/strong><\/p>\n<p>Spegne 10 candeline la &#8220;Plodar Fest&#8221;, la grande festa in stile Oktoberfest proposta a Sappada -Plodn dal Gruppo folkloristico Holzhockar, sodalizio che quest&#8217;anno festeggia i 50 anni di attivit\u00e0. Quella che i &#8220;taglialegna&#8221; allestiranno dal pomeriggio di mercoled\u00ec 13 a domenica 17 agosto sar\u00e0 infatti la decima edizione di un evento che \u00e8 ormai diventato un momento fisso e importante del calendario estivo sappadino.<\/p>\n<p>Si comincer\u00e0 mercoled\u00ec 13 con la tradizionale sfilata di apertura (partenza alle 17 dal ponte di Rio Muhlbach) lungo il centro del paese, sfilata che vedr\u00e0 protagonisti il carro della grande botte con il mastro birraio, i Rollatn di Sappada, tanti bambini in costume tipico, la Plodar Plecmusich e il gruppo folkloristico dei piccoli &#8220;Holzhockar&#8221;.<\/p>\n<p>Seguir\u00e0, presso l&#8217;ampio tendone dedicato (1000 metri quadri) in localit\u00e0 Eibn, l&#8217;apertura ufficiale dello stand gastronomico con la spinatura della prima Birra Paulaner e il primo &#8220;Ein Prosit&#8221;. Alle 21.30 l&#8217; &#8220;Opening Night&#8221; con la Muppets Cover Band e alle 23.30 &#8220;Su le mani!&#8221; con Donadello Dj e la voce di Andrea Brugnero.<\/p>\n<p>Gioved\u00ec 14 (Berr Party Day&#8221;) il tendone e lo stand gastronomico apriranno alle 11.30 per chiudere a tardissima serata. Alle 12 musica con la &#8220;Big River Band&#8221; mentre alle 21.30 si esibiranno gli &#8220;Exes&#8221; e alle 23.30 si chiuder\u00e0 con &#8220;Satisfaction 2000&#8221;, le pi\u00f9 grandi hit degli anni 2000.<\/p>\n<p>Venerd\u00ec 15 (Giornata Folk &amp; Fun) il tendone aprir\u00e0 alle 9. La mattinata sar\u00e0 caratterizzata dalla &#8220;Plodar Run&#8221;, passeggiata goliardica (su nuovi tracciati) aperta a tutti.<\/p>\n<p>Alle 12 si esibir\u00e0 il gruppo folk pusterese &#8220;Die Kemitna&#8221; mentre alle 16 ci sar\u00e0 la pesca di beneficenza &#8220;La Scia di Pera&#8221;. Dalle 21, spazio agli &#8220;Apenecho&#8221; di Paularo e al loro folk in stile Oberkrainer.<\/p>\n<p>Musica e gastronomia saranno protagonisti anche nella giornata di sabato 16 (&#8220;Moto &amp; Rock&#8221;), giornata che vedr\u00e0, come momento centrale, l&#8217; &#8220;Epic Plodar Freestyle Show&#8221;, con l&#8217;esibizione dei piloti di freestyle motocross Jason Cesco, Vanni Oddera e Massimo Bianconcini.<\/p>\n<p>Il finale, nella giornata di domenica 17 agosto (&#8220;Gran finale a tutto volume&#8221;) che proporr\u00e0, dalle 9, i giri in elicottero (prenotazione presso il tendone) e alle 21.30 lo spettacolo pi\u00f9 divertente dell&#8217;estate, &#8220;Voglio tornare negli anni Novanta&#8221;.<\/p>\n<p>&nbsp;<\/p>","protected":false},"excerpt":{"rendered":"<p>Organizzazione a cura del Gruppo folkloristico Holzhockar. Gioved\u00ec 15 la passeggiata &#8220;Plodar Run&#8221;, sabato 16 l&#8217; &#8220;Epic Plodar Freestyle Show&#8221;, con l&#8217;esibizione dei piloti di freestyle motocross Jason Cesco, Vanni Oddera e Massimo Bianconcini Spegne 10 candeline la &#8220;Plodar Fest&#8221;, la grande festa in stile Oktoberfest proposta a Sappada -Plodn dal Gruppo folkloristico Holzhockar, sodalizio [&hellip;]<\/p>\n","protected":false},"author":2,"featured_media":162546,"comment_status":"closed","ping_status":"open","sticky":false,"template":"","format":"standard","meta":{"footnotes":""},"categories":[27,25],"tags":[],"class_list":["post-162545","post","type-post","status-publish","format-standard","has-post-thumbnail","category-appuntamenti","category-pausa-caffe"],"yoast_head":"<!-- This site is optimized with the Yoast SEO plugin v28.4 - https:\/\/yoast.com\/product\/yoast-seo-wordpress\/ -->\n<title>A Sappada la decima edizione della Plodar Fest. Appuntamento dal 13 al 17 agosto - Bellunopress - Dolomiti<\/title>\n<meta name=\"robots\" content=\"index, follow, max-snippet:-1, max-image-preview:large, max-video-preview:-1\" \/>\n<link rel=\"canonical\" href=\"https:\/\/www.bellunopress.it\/fr\/2025\/08\/12\/a-sappada-la-decima-edizione-della-plodar-fest-appuntamento-dal-13-al-17-agosto\/\" \/>\n<meta property=\"og:locale\" content=\"fr_FR\" \/>\n<meta property=\"og:type\" content=\"article\" \/>\n<meta property=\"og:title\" content=\"A Sappada la decima edizione della Plodar Fest. Appuntamento dal 13 al 17 agosto - Bellunopress - Dolomiti\" \/>\n<meta property=\"og:description\" content=\"Organizzazione a cura del Gruppo folkloristico Holzhockar. Gioved\u00ec 15 la passeggiata &#8220;Plodar Run&#8221;, sabato 16 l&#8217; &#8220;Epic Plodar Freestyle Show&#8221;, con l&#8217;esibizione dei piloti di freestyle motocross Jason Cesco, Vanni Oddera e Massimo Bianconcini Spegne 10 candeline la &#8220;Plodar Fest&#8221;, la grande festa in stile Oktoberfest proposta a Sappada -Plodn dal Gruppo folkloristico Holzhockar, sodalizio [&hellip;]\" \/>\n<meta property=\"og:url\" content=\"https:\/\/www.bellunopress.it\/fr\/2025\/08\/12\/a-sappada-la-decima-edizione-della-plodar-fest-appuntamento-dal-13-al-17-agosto\/\" \/>\n<meta property=\"og:site_name\" content=\"Bellunopress - Dolomiti\" \/>\n<meta property=\"article:publisher\" content=\"https:\/\/www.facebook.com\/profile.php?id=100008943462799\" \/>\n<meta property=\"article:published_time\" content=\"2025-08-12T12:12:49+00:00\" \/>\n<meta property=\"og:image\" content=\"https:\/\/www.bellunopress.it\/wp-content\/uploads\/2025\/08\/Plodar-Fest-PhotoSolero.jpg\" \/>\n\t<meta property=\"og:image:width\" content=\"800\" \/>\n\t<meta property=\"og:image:height\" content=\"495\" \/>\n\t<meta property=\"og:image:type\" content=\"image\/jpeg\" \/>\n<meta name=\"author\" content=\"redazione\" \/>\n<meta name=\"twitter:card\" content=\"summary_large_image\" \/>\n<meta name=\"twitter:creator\" content=\"@bellunopress\" \/>\n<meta name=\"twitter:site\" content=\"@bellunopress\" \/>\n<meta name=\"twitter:label1\" content=\"\u00c9crit par\" \/>\n\t<meta name=\"twitter:data1\" content=\"redazione\" \/>\n\t<meta name=\"twitter:label2\" content=\"Dur\u00e9e de lecture estim\u00e9e\" \/>\n\t<meta name=\"twitter:data2\" content=\"2 minutes\" \/>\n<script type=\"application\/ld+json\" class=\"yoast-schema-graph\">{\"@context\":\"https:\\\/\\\/schema.org\",\"@graph\":[{\"@type\":\"Article\",\"@id\":\"https:\\\/\\\/www.bellunopress.it\\\/2025\\\/08\\\/12\\\/a-sappada-la-decima-edizione-della-plodar-fest-appuntamento-dal-13-al-17-agosto\\\/#article\",\"isPartOf\":{\"@id\":\"https:\\\/\\\/www.bellunopress.it\\\/2025\\\/08\\\/12\\\/a-sappada-la-decima-edizione-della-plodar-fest-appuntamento-dal-13-al-17-agosto\\\/\"},\"author\":{\"name\":\"redazione\",\"@id\":\"https:\\\/\\\/www.bellunopress.it\\\/#\\\/schema\\\/person\\\/79bb06722b37ece1c03d3e94beb30d73\"},\"headline\":\"A Sappada la decima edizione della Plodar Fest. Appuntamento dal 13 al 17 agosto\",\"datePublished\":\"2025-08-12T12:12:49+00:00\",\"mainEntityOfPage\":{\"@id\":\"https:\\\/\\\/www.bellunopress.it\\\/2025\\\/08\\\/12\\\/a-sappada-la-decima-edizione-della-plodar-fest-appuntamento-dal-13-al-17-agosto\\\/\"},\"wordCount\":406,\"publisher\":{\"@id\":\"https:\\\/\\\/www.bellunopress.it\\\/#organization\"},\"image\":{\"@id\":\"https:\\\/\\\/www.bellunopress.it\\\/2025\\\/08\\\/12\\\/a-sappada-la-decima-edizione-della-plodar-fest-appuntamento-dal-13-al-17-agosto\\\/#primaryimage\"},\"thumbnailUrl\":\"https:\\\/\\\/www.bellunopress.it\\\/wp-content\\\/uploads\\\/2025\\\/08\\\/Plodar-Fest-PhotoSolero.jpg\",\"articleSection\":[\"Appuntamenti, Eventi\",\"Pausa Caff\u00e8\"],\"inLanguage\":\"fr-FR\"},{\"@type\":\"WebPage\",\"@id\":\"https:\\\/\\\/www.bellunopress.it\\\/2025\\\/08\\\/12\\\/a-sappada-la-decima-edizione-della-plodar-fest-appuntamento-dal-13-al-17-agosto\\\/\",\"url\":\"https:\\\/\\\/www.bellunopress.it\\\/2025\\\/08\\\/12\\\/a-sappada-la-decima-edizione-della-plodar-fest-appuntamento-dal-13-al-17-agosto\\\/\",\"name\":\"A Sappada la decima edizione della Plodar Fest. Appuntamento dal 13 al 17 agosto - Bellunopress - Dolomiti\",\"isPartOf\":{\"@id\":\"https:\\\/\\\/www.bellunopress.it\\\/#website\"},\"primaryImageOfPage\":{\"@id\":\"https:\\\/\\\/www.bellunopress.it\\\/2025\\\/08\\\/12\\\/a-sappada-la-decima-edizione-della-plodar-fest-appuntamento-dal-13-al-17-agosto\\\/#primaryimage\"},\"image\":{\"@id\":\"https:\\\/\\\/www.bellunopress.it\\\/2025\\\/08\\\/12\\\/a-sappada-la-decima-edizione-della-plodar-fest-appuntamento-dal-13-al-17-agosto\\\/#primaryimage\"},\"thumbnailUrl\":\"https:\\\/\\\/www.bellunopress.it\\\/wp-content\\\/uploads\\\/2025\\\/08\\\/Plodar-Fest-PhotoSolero.jpg\",\"datePublished\":\"2025-08-12T12:12:49+00:00\",\"breadcrumb\":{\"@id\":\"https:\\\/\\\/www.bellunopress.it\\\/2025\\\/08\\\/12\\\/a-sappada-la-decima-edizione-della-plodar-fest-appuntamento-dal-13-al-17-agosto\\\/#breadcrumb\"},\"inLanguage\":\"fr-FR\",\"potentialAction\":[{\"@type\":\"ReadAction\",\"target\":[\"https:\\\/\\\/www.bellunopress.it\\\/2025\\\/08\\\/12\\\/a-sappada-la-decima-edizione-della-plodar-fest-appuntamento-dal-13-al-17-agosto\\\/\"]}]},{\"@type\":\"ImageObject\",\"inLanguage\":\"fr-FR\",\"@id\":\"https:\\\/\\\/www.bellunopress.it\\\/2025\\\/08\\\/12\\\/a-sappada-la-decima-edizione-della-plodar-fest-appuntamento-dal-13-al-17-agosto\\\/#primaryimage\",\"url\":\"https:\\\/\\\/www.bellunopress.it\\\/wp-content\\\/uploads\\\/2025\\\/08\\\/Plodar-Fest-PhotoSolero.jpg\",\"contentUrl\":\"https:\\\/\\\/www.bellunopress.it\\\/wp-content\\\/uploads\\\/2025\\\/08\\\/Plodar-Fest-PhotoSolero.jpg\",\"width\":800,\"height\":495,\"caption\":\"Sfilata di inaugurazione della Plodar Fest a Sappada, 12 agosto 2023. Photo \u00a9 ANDREA SOLERO \\\/ PHOTOSOLERO\"},{\"@type\":\"BreadcrumbList\",\"@id\":\"https:\\\/\\\/www.bellunopress.it\\\/2025\\\/08\\\/12\\\/a-sappada-la-decima-edizione-della-plodar-fest-appuntamento-dal-13-al-17-agosto\\\/#breadcrumb\",\"itemListElement\":[{\"@type\":\"ListItem\",\"position\":1,\"name\":\"Home\",\"item\":\"https:\\\/\\\/www.bellunopress.it\\\/\"},{\"@type\":\"ListItem\",\"position\":2,\"name\":\"A Sappada la decima edizione della Plodar Fest. Appuntamento dal 13 al 17 agosto\"}]},{\"@type\":\"WebSite\",\"@id\":\"https:\\\/\\\/www.bellunopress.it\\\/#website\",\"url\":\"https:\\\/\\\/www.bellunopress.it\\\/\",\"name\":\"Bellunopress - Dolomiti\",\"description\":\"e-mail: redazione@bellunopress.it\",\"publisher\":{\"@id\":\"https:\\\/\\\/www.bellunopress.it\\\/#organization\"},\"potentialAction\":[{\"@type\":\"SearchAction\",\"target\":{\"@type\":\"EntryPoint\",\"urlTemplate\":\"https:\\\/\\\/www.bellunopress.it\\\/?s={search_term_string}\"},\"query-input\":{\"@type\":\"PropertyValueSpecification\",\"valueRequired\":true,\"valueName\":\"search_term_string\"}}],\"inLanguage\":\"fr-FR\"},{\"@type\":\"Organization\",\"@id\":\"https:\\\/\\\/www.bellunopress.it\\\/#organization\",\"name\":\"Bellunopress\",\"url\":\"https:\\\/\\\/www.bellunopress.it\\\/\",\"logo\":{\"@type\":\"ImageObject\",\"inLanguage\":\"fr-FR\",\"@id\":\"https:\\\/\\\/www.bellunopress.it\\\/#\\\/schema\\\/logo\\\/image\\\/\",\"url\":\"https:\\\/\\\/www.bellunopress.it\\\/wp-content\\\/uploads\\\/2011\\\/05\\\/cropped-logo-bellunopress-.jpg\",\"contentUrl\":\"https:\\\/\\\/www.bellunopress.it\\\/wp-content\\\/uploads\\\/2011\\\/05\\\/cropped-logo-bellunopress-.jpg\",\"width\":512,\"height\":512,\"caption\":\"Bellunopress\"},\"image\":{\"@id\":\"https:\\\/\\\/www.bellunopress.it\\\/#\\\/schema\\\/logo\\\/image\\\/\"},\"sameAs\":[\"https:\\\/\\\/www.facebook.com\\\/profile.php?id=100008943462799\",\"https:\\\/\\\/x.com\\\/bellunopress\",\"https:\\\/\\\/www.linkedin.com\\\/hp\\\/?dnr=JBzUWaJfMUw8vbXJJ2tVW5-I3jZKvC4wsoxE&amp;amp;amp;amp;amp;amp;trk=nav_responsive_tab_home\",\"https:\\\/\\\/www.youtube.com\\\/channel\\\/UCxL0wu1uN0_3_7hGG0306cw\"]},{\"@type\":\"Person\",\"@id\":\"https:\\\/\\\/www.bellunopress.it\\\/#\\\/schema\\\/person\\\/79bb06722b37ece1c03d3e94beb30d73\",\"name\":\"redazione\",\"image\":{\"@type\":\"ImageObject\",\"inLanguage\":\"fr-FR\",\"@id\":\"https:\\\/\\\/secure.gravatar.com\\\/avatar\\\/37d968a2e67a6fd04c169c4bdef102d0bc5d31b2546345219e348575eb80e9a0?s=96&d=mm&r=g\",\"url\":\"https:\\\/\\\/secure.gravatar.com\\\/avatar\\\/37d968a2e67a6fd04c169c4bdef102d0bc5d31b2546345219e348575eb80e9a0?s=96&d=mm&r=g\",\"contentUrl\":\"https:\\\/\\\/secure.gravatar.com\\\/avatar\\\/37d968a2e67a6fd04c169c4bdef102d0bc5d31b2546345219e348575eb80e9a0?s=96&d=mm&r=g\",\"caption\":\"redazione\"},\"sameAs\":[\"http:\\\/\\\/www.bellunopress.it\",\"https:\\\/\\\/x.com\\\/bellunopress\"],\"url\":\"https:\\\/\\\/www.bellunopress.it\\\/fr\\\/author\\\/redazione\\\/\"}]}<\/script>\n<!-- \/ Yoast SEO plugin. -->","yoast_head_json":{"title":"A Sappada la decima edizione della Plodar Fest. Appuntamento dal 13 al 17 agosto - Bellunopress - Dolomiti","robots":{"index":"index","follow":"follow","max-snippet":"max-snippet:-1","max-image-preview":"max-image-preview:large","max-video-preview":"max-video-preview:-1"},"canonical":"https:\/\/www.bellunopress.it\/fr\/2025\/08\/12\/a-sappada-la-decima-edizione-della-plodar-fest-appuntamento-dal-13-al-17-agosto\/","og_locale":"fr_FR","og_type":"article","og_title":"A Sappada la decima edizione della Plodar Fest. Appuntamento dal 13 al 17 agosto - Bellunopress - Dolomiti","og_description":"Organizzazione a cura del Gruppo folkloristico Holzhockar. Gioved\u00ec 15 la passeggiata &#8220;Plodar Run&#8221;, sabato 16 l&#8217; &#8220;Epic Plodar Freestyle Show&#8221;, con l&#8217;esibizione dei piloti di freestyle motocross Jason Cesco, Vanni Oddera e Massimo Bianconcini Spegne 10 candeline la &#8220;Plodar Fest&#8221;, la grande festa in stile Oktoberfest proposta a Sappada -Plodn dal Gruppo folkloristico Holzhockar, sodalizio [&hellip;]","og_url":"https:\/\/www.bellunopress.it\/fr\/2025\/08\/12\/a-sappada-la-decima-edizione-della-plodar-fest-appuntamento-dal-13-al-17-agosto\/","og_site_name":"Bellunopress - Dolomiti","article_publisher":"https:\/\/www.facebook.com\/profile.php?id=100008943462799","article_published_time":"2025-08-12T12:12:49+00:00","og_image":[{"width":800,"height":495,"url":"https:\/\/www.bellunopress.it\/wp-content\/uploads\/2025\/08\/Plodar-Fest-PhotoSolero.jpg","type":"image\/jpeg"}],"author":"redazione","twitter_card":"summary_large_image","twitter_creator":"@bellunopress","twitter_site":"@bellunopress","twitter_misc":{"\u00c9crit par":"redazione","Dur\u00e9e de lecture estim\u00e9e":"2 minutes"},"schema":{"@context":"https:\/\/schema.org","@graph":[{"@type":"Article","@id":"https:\/\/www.bellunopress.it\/2025\/08\/12\/a-sappada-la-decima-edizione-della-plodar-fest-appuntamento-dal-13-al-17-agosto\/#article","isPartOf":{"@id":"https:\/\/www.bellunopress.it\/2025\/08\/12\/a-sappada-la-decima-edizione-della-plodar-fest-appuntamento-dal-13-al-17-agosto\/"},"author":{"name":"redazione","@id":"https:\/\/www.bellunopress.it\/#\/schema\/person\/79bb06722b37ece1c03d3e94beb30d73"},"headline":"A Sappada la decima edizione della Plodar Fest. Appuntamento dal 13 al 17 agosto","datePublished":"2025-08-12T12:12:49+00:00","mainEntityOfPage":{"@id":"https:\/\/www.bellunopress.it\/2025\/08\/12\/a-sappada-la-decima-edizione-della-plodar-fest-appuntamento-dal-13-al-17-agosto\/"},"wordCount":406,"publisher":{"@id":"https:\/\/www.bellunopress.it\/#organization"},"image":{"@id":"https:\/\/www.bellunopress.it\/2025\/08\/12\/a-sappada-la-decima-edizione-della-plodar-fest-appuntamento-dal-13-al-17-agosto\/#primaryimage"},"thumbnailUrl":"https:\/\/www.bellunopress.it\/wp-content\/uploads\/2025\/08\/Plodar-Fest-PhotoSolero.jpg","articleSection":["Appuntamenti, Eventi","Pausa Caff\u00e8"],"inLanguage":"fr-FR"},{"@type":"WebPage","@id":"https:\/\/www.bellunopress.it\/2025\/08\/12\/a-sappada-la-decima-edizione-della-plodar-fest-appuntamento-dal-13-al-17-agosto\/","url":"https:\/\/www.bellunopress.it\/2025\/08\/12\/a-sappada-la-decima-edizione-della-plodar-fest-appuntamento-dal-13-al-17-agosto\/","name":"A Sappada la decima edizione della Plodar Fest. Appuntamento dal 13 al 17 agosto - Bellunopress - Dolomiti","isPartOf":{"@id":"https:\/\/www.bellunopress.it\/#website"},"primaryImageOfPage":{"@id":"https:\/\/www.bellunopress.it\/2025\/08\/12\/a-sappada-la-decima-edizione-della-plodar-fest-appuntamento-dal-13-al-17-agosto\/#primaryimage"},"image":{"@id":"https:\/\/www.bellunopress.it\/2025\/08\/12\/a-sappada-la-decima-edizione-della-plodar-fest-appuntamento-dal-13-al-17-agosto\/#primaryimage"},"thumbnailUrl":"https:\/\/www.bellunopress.it\/wp-content\/uploads\/2025\/08\/Plodar-Fest-PhotoSolero.jpg","datePublished":"2025-08-12T12:12:49+00:00","breadcrumb":{"@id":"https:\/\/www.bellunopress.it\/2025\/08\/12\/a-sappada-la-decima-edizione-della-plodar-fest-appuntamento-dal-13-al-17-agosto\/#breadcrumb"},"inLanguage":"fr-FR","potentialAction":[{"@type":"ReadAction","target":["https:\/\/www.bellunopress.it\/2025\/08\/12\/a-sappada-la-decima-edizione-della-plodar-fest-appuntamento-dal-13-al-17-agosto\/"]}]},{"@type":"ImageObject","inLanguage":"fr-FR","@id":"https:\/\/www.bellunopress.it\/2025\/08\/12\/a-sappada-la-decima-edizione-della-plodar-fest-appuntamento-dal-13-al-17-agosto\/#primaryimage","url":"https:\/\/www.bellunopress.it\/wp-content\/uploads\/2025\/08\/Plodar-Fest-PhotoSolero.jpg","contentUrl":"https:\/\/www.bellunopress.it\/wp-content\/uploads\/2025\/08\/Plodar-Fest-PhotoSolero.jpg","width":800,"height":495,"caption":"Sfilata di inaugurazione della Plodar Fest a Sappada, 12 agosto 2023. Photo \u00a9 ANDREA SOLERO \/ PHOTOSOLERO"},{"@type":"BreadcrumbList","@id":"https:\/\/www.bellunopress.it\/2025\/08\/12\/a-sappada-la-decima-edizione-della-plodar-fest-appuntamento-dal-13-al-17-agosto\/#breadcrumb","itemListElement":[{"@type":"ListItem","position":1,"name":"Home","item":"https:\/\/www.bellunopress.it\/"},{"@type":"ListItem","position":2,"name":"A Sappada la decima edizione della Plodar Fest. Appuntamento dal 13 al 17 agosto"}]},{"@type":"WebSite","@id":"https:\/\/www.bellunopress.it\/#website","url":"https:\/\/www.bellunopress.it\/","name":"Bellunopress - Dolomiti","description":"e-mail: redazione@bellunopress.it","publisher":{"@id":"https:\/\/www.bellunopress.it\/#organization"},"potentialAction":[{"@type":"SearchAction","target":{"@type":"EntryPoint","urlTemplate":"https:\/\/www.bellunopress.it\/?s={search_term_string}"},"query-input":{"@type":"PropertyValueSpecification","valueRequired":true,"valueName":"search_term_string"}}],"inLanguage":"fr-FR"},{"@type":"Organization","@id":"https:\/\/www.bellunopress.it\/#organization","name":"Bellunopress","url":"https:\/\/www.bellunopress.it\/","logo":{"@type":"ImageObject","inLanguage":"fr-FR","@id":"https:\/\/www.bellunopress.it\/#\/schema\/logo\/image\/","url":"https:\/\/www.bellunopress.it\/wp-content\/uploads\/2011\/05\/cropped-logo-bellunopress-.jpg","contentUrl":"https:\/\/www.bellunopress.it\/wp-content\/uploads\/2011\/05\/cropped-logo-bellunopress-.jpg","width":512,"height":512,"caption":"Bellunopress"},"image":{"@id":"https:\/\/www.bellunopress.it\/#\/schema\/logo\/image\/"},"sameAs":["https:\/\/www.facebook.com\/profile.php?id=100008943462799","https:\/\/x.com\/bellunopress","https:\/\/www.linkedin.com\/hp\/?dnr=JBzUWaJfMUw8vbXJJ2tVW5-I3jZKvC4wsoxE&amp;amp;amp;amp;amp;amp;trk=nav_responsive_tab_home","https:\/\/www.youtube.com\/channel\/UCxL0wu1uN0_3_7hGG0306cw"]},{"@type":"Person","@id":"https:\/\/www.bellunopress.it\/#\/schema\/person\/79bb06722b37ece1c03d3e94beb30d73","name":"r\u00e9daction","image":{"@type":"ImageObject","inLanguage":"fr-FR","@id":"https:\/\/secure.gravatar.com\/avatar\/37d968a2e67a6fd04c169c4bdef102d0bc5d31b2546345219e348575eb80e9a0?s=96&d=mm&r=g","url":"https:\/\/secure.gravatar.com\/avatar\/37d968a2e67a6fd04c169c4bdef102d0bc5d31b2546345219e348575eb80e9a0?s=96&d=mm&r=g","contentUrl":"https:\/\/secure.gravatar.com\/avatar\/37d968a2e67a6fd04c169c4bdef102d0bc5d31b2546345219e348575eb80e9a0?s=96&d=mm&r=g","caption":"redazione"},"sameAs":["http:\/\/www.bellunopress.it","https:\/\/x.com\/bellunopress"],"url":"https:\/\/www.bellunopress.it\/fr\/author\/redazione\/"}]}},"_links":{"self":[{"href":"https:\/\/www.bellunopress.it\/fr\/wp-json\/wp\/v2\/posts\/162545","targetHints":{"allow":["GET"]}}],"collection":[{"href":"https:\/\/www.bellunopress.it\/fr\/wp-json\/wp\/v2\/posts"}],"about":[{"href":"https:\/\/www.bellunopress.it\/fr\/wp-json\/wp\/v2\/types\/post"}],"author":[{"embeddable":true,"href":"https:\/\/www.bellunopress.it\/fr\/wp-json\/wp\/v2\/users\/2"}],"replies":[{"embeddable":true,"href":"https:\/\/www.bellunopress.it\/fr\/wp-json\/wp\/v2\/comments?post=162545"}],"version-history":[{"count":1,"href":"https:\/\/www.bellunopress.it\/fr\/wp-json\/wp\/v2\/posts\/162545\/revisions"}],"predecessor-version":[{"id":162547,"href":"https:\/\/www.bellunopress.it\/fr\/wp-json\/wp\/v2\/posts\/162545\/revisions\/162547"}],"wp:featuredmedia":[{"embeddable":true,"href":"https:\/\/www.bellunopress.it\/fr\/wp-json\/wp\/v2\/media\/162546"}],"wp:attachment":[{"href":"https:\/\/www.bellunopress.it\/fr\/wp-json\/wp\/v2\/media?parent=162545"}],"wp:term":[{"taxonomy":"category","embeddable":true,"href":"https:\/\/www.bellunopress.it\/fr\/wp-json\/wp\/v2\/categories?post=162545"},{"taxonomy":"post_tag","embeddable":true,"href":"https:\/\/www.bellunopress.it\/fr\/wp-json\/wp\/v2\/tags?post=162545"}],"curies":[{"name":"wp","href":"https:\/\/api.w.org\/{rel}","templated":true}]}}