{"id":162539,"date":"2025-08-17T12:58:52","date_gmt":"2025-08-17T10:58:52","guid":{"rendered":"https:\/\/www.bellunopress.it\/?p=162539"},"modified":"2025-08-12T13:16:27","modified_gmt":"2025-08-12T11:16:27","slug":"partire-da-zero-la-storia-imprenditoriale-di-alessandro-necchio-con-linfluencer-filippo-poletti-alla-cooperativa-di-cortina","status":"publish","type":"post","link":"https:\/\/www.bellunopress.it\/fr\/2025\/08\/17\/partire-da-zero-la-storia-imprenditoriale-di-alessandro-necchio-con-linfluencer-filippo-poletti-alla-cooperativa-di-cortina\/","title":{"rendered":"Partire da zero. La storia imprenditoriale di Alessandro Necchio con l&#8217;influencer Filippo Poletti alla Cooperativa di Cortina"},"content":{"rendered":"<figure id=\"attachment_162540\" aria-describedby=\"caption-attachment-162540\" style=\"width: 800px\" class=\"wp-caption aligncenter\"><img loading=\"lazy\" decoding=\"async\" class=\"size-full wp-image-162540\" src=\"https:\/\/www.bellunopress.it\/wp-content\/uploads\/2025\/08\/Alessandro-Necchio-Filppo-Poletti-.png\" alt=\"\" width=\"800\" height=\"534\" srcset=\"https:\/\/www.bellunopress.it\/wp-content\/uploads\/2025\/08\/Alessandro-Necchio-Filppo-Poletti-.png 800w, https:\/\/www.bellunopress.it\/wp-content\/uploads\/2025\/08\/Alessandro-Necchio-Filppo-Poletti--500x334.png 500w, https:\/\/www.bellunopress.it\/wp-content\/uploads\/2025\/08\/Alessandro-Necchio-Filppo-Poletti--629x420.png 629w, https:\/\/www.bellunopress.it\/wp-content\/uploads\/2025\/08\/Alessandro-Necchio-Filppo-Poletti--696x465.png 696w\" sizes=\"auto, (max-width: 800px) 100vw, 800px\" \/><figcaption id=\"caption-attachment-162540\" class=\"wp-caption-text\">Alessandro Necchio e Filppo Poletti<\/figcaption><\/figure>\n<p><strong>Marted\u00ec 19 agosto alle 17 la presentazione del libro edito dalla casa editrice della Bocconi<\/strong><\/p>\n<p>Cortina d&#8217;Ampezzo &#8211; Come nasce uno studio professionale? E come lo si trasforma da piccola realt\u00e0 della provincia di Padova a impresa riconosciuta nel panorama nazionale? In 10 capitoli densi di vita vissuta, Alessandro Necchio racconta il suo percorso a colloquio con l\u2019influencer Filippo Poletti, il giornalista pi\u00f9 seguito su LinkedIn in Italia: dalla visione ambiziosa che lo ha spinto a sognare in grande, fino alla realizzazione di un modello innovativo di studio professionale calibrato per le sfide del ventunesimo secolo. Marted\u00ec 19 agosto alle ore 17, il libro edito dalla casa editrice dell\u2019Universit\u00e0 Bocconi di Milano sar\u00e0 presentato da Necchio e Poletti in anteprima nazionale a The Roof Cortina, al 4\u00b0 piano della Cooperativa di Cortina in corso Italia 40.<br \/>\nIl cuore della filosofia di Necchio \u00e8 un principio semplice ma potente: \u00abNon puoi consigliare agli altri ci\u00f2 che non hai prima sperimentato e validato nel tuo studio\u00bb, dice il consulente del lavoro nato il 1\u00b0 gennaio 1981 a due passi da Rovigo. Da questa convinzione nasce un approccio innovativo al lavoro in team, che fonde le migliori pratiche insegnate nelle business school con un\u2019attenzione particolare all\u2019equilibrio tra competenze tecniche e capacit\u00e0 relazionali. \u00abIl segreto del successo dello Studio Necchio emerge pagina dopo pagina \u2013 commenta Poletti \u2013. L\u2019eccellenza non \u00e8 un traguardo da raggiungere, ma un\u2019abitudine da coltivare giorno dopo giorno, un insieme di pratiche positive che, consolidate nel tempo, creano una cultura distintiva\u00bb.<br \/>\nIl libro, fresco di stampa, si sviluppa come un viaggio in due atti: nel primo, Necchio condivide la sua storia personale, il racconto sincero di un giovane che si \u00e8 trovato ad affrontare sfide pi\u00f9 grandi di lui e che ha costruito il proprio successo partendo da zero, senza scorciatoie. Nel secondo, ci apre le porte della sua visione professionale, arricchita dalle testimonianze di altri protagonisti del mondo del lavoro che hanno condiviso il suo percorso.<br \/>\nLa forza del volume risiede nella sua autenticit\u00e0: \u00abAlessandro Necchio fa quello dice e dice quello che fa \u2013 nota Poletti \u2013. Non si limita a teorizzare, ma condivide apertamente strategie, successi e anche difficolt\u00e0, tracciando una mappa preziosa per tutti quegli studi professionali e imprenditori che, passo dopo passo, sono pronti a costruire il proprio futuro con determinazione e visione\u00bb.<br \/>\n\u00abSono nato e cresciuto nel cuore del Polesine, convinto che solo chi partiva gi\u00e0 forte potesse davvero vincere. Col tempo ho capito che la vera forza viene da dentro, e che ogni caduta \u00e8 un trampolino per rialzarsi. Quello che ho imparato \u00e8 che, quando il perch\u00e9 \u00e8 chiaro e forte, il come smette di essere un problema\u00bb, tira le somme Necchio.<\/p>\n<p><strong>L\u2019INCONTRO A CORTINA D\u2019AMPEZZO<\/strong><br \/>\n\u201cPartire da zero\u201d, libro di Alessandro Necchio con Filippo Poletti<br \/>\nPresentazione in anteprima nazionale: 19 agosto 2025 alle ore 17<br \/>\nThe Roof Cortina, 4\u00b0 piano della Cooperativa di Cortina, corso Italia 40<br \/>\nIngresso libero<\/p>\n<p><strong>IL PROTAGONISTA DEL LIBRO ALESANDRO NECCHIO<\/strong><br \/>\nAlessandro Necchio (1981) \u00e8 il fondatore dello Studio Necchio, una realt\u00e0 che ha ridefinito il concetto di consulenza del lavoro e fiscale in Italia. Dopo la laurea in scienze dei servizi giuridici, ha continuato a investire nella sua formazione attraverso master di specializzazione presso due delle pi\u00f9 prestigiose business school italiane: la SDA Bocconi School of Management e la Fondazione CUOA. Consulente del lavoro iscritto all&#8217;Albo di Padova dal 2006.<br \/>\nAlla guida dello Studio Necchio ha sviluppato una profonda esperienza in diversi settori, distinguendosi particolarmente nel food &amp; beverage, che oggi rappresenta una delle specializzazioni della struttura. La collaborazione con il Gruppo Sole 24 Ore quale autore, docente e promotore di svariate iniziative condivise con la sede di Via Sarca e Milano, testimonia il riconoscimento della sua expertise a livello nazionale. Oltre alle sue qualifiche e ai numerosi riconoscimenti che si sono susseguiti negli ultimi 10 anni, la sua visione innovativa della consulenza del lavoro \u2013 basata su competenza, empatia e attenzione alla persona \u2013 gli ha permesso di fare dello Studio Necchio un modello di riferimento nell\u2019ambito della consulenza del lavoro.<\/p>\n<p><strong>L\u2019AUTORE DEL LIBRO FILIPPO POLETTI<\/strong><br \/>\nTop voice di LinkedIn Italia (il giornalista pi\u00f9 seguito su LinkedIn in Italia), milanese con executive MBA alla POLIMI Graduate School of Management e TEDx speaker, dal 2017 cura su LinkedIn una rubrica giornaliera dedicata ai cambiamenti delle professioni. Il suo profilo \u00e8 stato inserito da WikiMilano tra i protagonisti della metropoli italiana. Formatore, consulente, speaker e giornalista professionista ha collaborato con oltre 30 testate come il Corriere della Sera, il Sole 24 Ore e Messaggero. Tra i suoi i libri \u201cTempo di IoP: Intranet of People\u201d, \u201cMBA Power: innovare alla ricerca del proprio purpose\u201d e \u201cSmart Leadership Canvas: come guidare la rivoluzione dell\u2019intelligenza artificiale\u201d e \u201cL\u2019arte dell\u2019ascolto: musica al lavoro\u201d, \u201cIl lavoro da offrire, la proposta da accettare\u201d e \u201cPartire da zero\u201d.<\/p>","protected":false},"excerpt":{"rendered":"<p>Marted\u00ec 19 agosto alle 17 la presentazione del libro edito dalla casa editrice della Bocconi Cortina d&#8217;Ampezzo &#8211; Come nasce uno studio professionale? E come lo si trasforma da piccola realt\u00e0 della provincia di Padova a impresa riconosciuta nel panorama nazionale? In 10 capitoli densi di vita vissuta, Alessandro Necchio racconta il suo percorso a [&hellip;]<\/p>\n","protected":false},"author":2,"featured_media":162540,"comment_status":"closed","ping_status":"open","sticky":false,"template":"","format":"standard","meta":{"footnotes":""},"categories":[27,25],"tags":[],"class_list":["post-162539","post","type-post","status-publish","format-standard","has-post-thumbnail","category-appuntamenti","category-pausa-caffe"],"yoast_head":"<!-- This site is optimized with the Yoast SEO plugin v28.4 - https:\/\/yoast.com\/product\/yoast-seo-wordpress\/ -->\n<title>Partire da zero. La storia imprenditoriale di Alessandro Necchio con l&#039;influencer Filippo Poletti alla Cooperativa di Cortina - Bellunopress - Dolomiti<\/title>\n<meta name=\"robots\" content=\"index, follow, max-snippet:-1, max-image-preview:large, max-video-preview:-1\" \/>\n<link rel=\"canonical\" href=\"https:\/\/www.bellunopress.it\/fr\/2025\/08\/17\/partire-da-zero-la-storia-imprenditoriale-di-alessandro-necchio-con-linfluencer-filippo-poletti-alla-cooperativa-di-cortina\/\" \/>\n<meta property=\"og:locale\" content=\"fr_FR\" \/>\n<meta property=\"og:type\" content=\"article\" \/>\n<meta property=\"og:title\" content=\"Partire da zero. La storia imprenditoriale di Alessandro Necchio con l&#039;influencer Filippo Poletti alla Cooperativa di Cortina - Bellunopress - Dolomiti\" \/>\n<meta property=\"og:description\" content=\"Marted\u00ec 19 agosto alle 17 la presentazione del libro edito dalla casa editrice della Bocconi Cortina d&#8217;Ampezzo &#8211; Come nasce uno studio professionale? E come lo si trasforma da piccola realt\u00e0 della provincia di Padova a impresa riconosciuta nel panorama nazionale? In 10 capitoli densi di vita vissuta, Alessandro Necchio racconta il suo percorso a [&hellip;]\" \/>\n<meta property=\"og:url\" content=\"https:\/\/www.bellunopress.it\/fr\/2025\/08\/17\/partire-da-zero-la-storia-imprenditoriale-di-alessandro-necchio-con-linfluencer-filippo-poletti-alla-cooperativa-di-cortina\/\" \/>\n<meta property=\"og:site_name\" content=\"Bellunopress - Dolomiti\" \/>\n<meta property=\"article:publisher\" content=\"https:\/\/www.facebook.com\/profile.php?id=100008943462799\" \/>\n<meta property=\"article:published_time\" content=\"2025-08-17T10:58:52+00:00\" \/>\n<meta property=\"og:image\" content=\"https:\/\/www.bellunopress.it\/wp-content\/uploads\/2025\/08\/Alessandro-Necchio-Filppo-Poletti-.png\" \/>\n\t<meta property=\"og:image:width\" content=\"800\" \/>\n\t<meta property=\"og:image:height\" content=\"534\" \/>\n\t<meta property=\"og:image:type\" content=\"image\/png\" \/>\n<meta name=\"author\" content=\"redazione\" \/>\n<meta name=\"twitter:card\" content=\"summary_large_image\" \/>\n<meta name=\"twitter:creator\" content=\"@bellunopress\" \/>\n<meta name=\"twitter:site\" content=\"@bellunopress\" \/>\n<meta name=\"twitter:label1\" content=\"\u00c9crit par\" \/>\n\t<meta name=\"twitter:data1\" content=\"redazione\" \/>\n\t<meta name=\"twitter:label2\" content=\"Dur\u00e9e de lecture estim\u00e9e\" \/>\n\t<meta name=\"twitter:data2\" content=\"4 minutes\" \/>\n<script type=\"application\/ld+json\" class=\"yoast-schema-graph\">{\"@context\":\"https:\\\/\\\/schema.org\",\"@graph\":[{\"@type\":\"Article\",\"@id\":\"https:\\\/\\\/www.bellunopress.it\\\/2025\\\/08\\\/17\\\/partire-da-zero-la-storia-imprenditoriale-di-alessandro-necchio-con-linfluencer-filippo-poletti-alla-cooperativa-di-cortina\\\/#article\",\"isPartOf\":{\"@id\":\"https:\\\/\\\/www.bellunopress.it\\\/2025\\\/08\\\/17\\\/partire-da-zero-la-storia-imprenditoriale-di-alessandro-necchio-con-linfluencer-filippo-poletti-alla-cooperativa-di-cortina\\\/\"},\"author\":{\"name\":\"redazione\",\"@id\":\"https:\\\/\\\/www.bellunopress.it\\\/#\\\/schema\\\/person\\\/79bb06722b37ece1c03d3e94beb30d73\"},\"headline\":\"Partire da zero. La storia imprenditoriale di Alessandro Necchio con l&#8217;influencer Filippo Poletti alla Cooperativa di Cortina\",\"datePublished\":\"2025-08-17T10:58:52+00:00\",\"mainEntityOfPage\":{\"@id\":\"https:\\\/\\\/www.bellunopress.it\\\/2025\\\/08\\\/17\\\/partire-da-zero-la-storia-imprenditoriale-di-alessandro-necchio-con-linfluencer-filippo-poletti-alla-cooperativa-di-cortina\\\/\"},\"wordCount\":814,\"publisher\":{\"@id\":\"https:\\\/\\\/www.bellunopress.it\\\/#organization\"},\"image\":{\"@id\":\"https:\\\/\\\/www.bellunopress.it\\\/2025\\\/08\\\/17\\\/partire-da-zero-la-storia-imprenditoriale-di-alessandro-necchio-con-linfluencer-filippo-poletti-alla-cooperativa-di-cortina\\\/#primaryimage\"},\"thumbnailUrl\":\"https:\\\/\\\/www.bellunopress.it\\\/wp-content\\\/uploads\\\/2025\\\/08\\\/Alessandro-Necchio-Filppo-Poletti-.png\",\"articleSection\":[\"Appuntamenti, Eventi\",\"Pausa Caff\u00e8\"],\"inLanguage\":\"fr-FR\"},{\"@type\":\"WebPage\",\"@id\":\"https:\\\/\\\/www.bellunopress.it\\\/2025\\\/08\\\/17\\\/partire-da-zero-la-storia-imprenditoriale-di-alessandro-necchio-con-linfluencer-filippo-poletti-alla-cooperativa-di-cortina\\\/\",\"url\":\"https:\\\/\\\/www.bellunopress.it\\\/2025\\\/08\\\/17\\\/partire-da-zero-la-storia-imprenditoriale-di-alessandro-necchio-con-linfluencer-filippo-poletti-alla-cooperativa-di-cortina\\\/\",\"name\":\"Partire da zero. La storia imprenditoriale di Alessandro Necchio con l'influencer Filippo Poletti alla Cooperativa di Cortina - Bellunopress - Dolomiti\",\"isPartOf\":{\"@id\":\"https:\\\/\\\/www.bellunopress.it\\\/#website\"},\"primaryImageOfPage\":{\"@id\":\"https:\\\/\\\/www.bellunopress.it\\\/2025\\\/08\\\/17\\\/partire-da-zero-la-storia-imprenditoriale-di-alessandro-necchio-con-linfluencer-filippo-poletti-alla-cooperativa-di-cortina\\\/#primaryimage\"},\"image\":{\"@id\":\"https:\\\/\\\/www.bellunopress.it\\\/2025\\\/08\\\/17\\\/partire-da-zero-la-storia-imprenditoriale-di-alessandro-necchio-con-linfluencer-filippo-poletti-alla-cooperativa-di-cortina\\\/#primaryimage\"},\"thumbnailUrl\":\"https:\\\/\\\/www.bellunopress.it\\\/wp-content\\\/uploads\\\/2025\\\/08\\\/Alessandro-Necchio-Filppo-Poletti-.png\",\"datePublished\":\"2025-08-17T10:58:52+00:00\",\"breadcrumb\":{\"@id\":\"https:\\\/\\\/www.bellunopress.it\\\/2025\\\/08\\\/17\\\/partire-da-zero-la-storia-imprenditoriale-di-alessandro-necchio-con-linfluencer-filippo-poletti-alla-cooperativa-di-cortina\\\/#breadcrumb\"},\"inLanguage\":\"fr-FR\",\"potentialAction\":[{\"@type\":\"ReadAction\",\"target\":[\"https:\\\/\\\/www.bellunopress.it\\\/2025\\\/08\\\/17\\\/partire-da-zero-la-storia-imprenditoriale-di-alessandro-necchio-con-linfluencer-filippo-poletti-alla-cooperativa-di-cortina\\\/\"]}]},{\"@type\":\"ImageObject\",\"inLanguage\":\"fr-FR\",\"@id\":\"https:\\\/\\\/www.bellunopress.it\\\/2025\\\/08\\\/17\\\/partire-da-zero-la-storia-imprenditoriale-di-alessandro-necchio-con-linfluencer-filippo-poletti-alla-cooperativa-di-cortina\\\/#primaryimage\",\"url\":\"https:\\\/\\\/www.bellunopress.it\\\/wp-content\\\/uploads\\\/2025\\\/08\\\/Alessandro-Necchio-Filppo-Poletti-.png\",\"contentUrl\":\"https:\\\/\\\/www.bellunopress.it\\\/wp-content\\\/uploads\\\/2025\\\/08\\\/Alessandro-Necchio-Filppo-Poletti-.png\",\"width\":800,\"height\":534,\"caption\":\"Alessandro Necchio e Filppo Poletti\"},{\"@type\":\"BreadcrumbList\",\"@id\":\"https:\\\/\\\/www.bellunopress.it\\\/2025\\\/08\\\/17\\\/partire-da-zero-la-storia-imprenditoriale-di-alessandro-necchio-con-linfluencer-filippo-poletti-alla-cooperativa-di-cortina\\\/#breadcrumb\",\"itemListElement\":[{\"@type\":\"ListItem\",\"position\":1,\"name\":\"Home\",\"item\":\"https:\\\/\\\/www.bellunopress.it\\\/\"},{\"@type\":\"ListItem\",\"position\":2,\"name\":\"Partire da zero. La storia imprenditoriale di Alessandro Necchio con l&#8217;influencer Filippo Poletti alla Cooperativa di Cortina\"}]},{\"@type\":\"WebSite\",\"@id\":\"https:\\\/\\\/www.bellunopress.it\\\/#website\",\"url\":\"https:\\\/\\\/www.bellunopress.it\\\/\",\"name\":\"Bellunopress - Dolomiti\",\"description\":\"e-mail: redazione@bellunopress.it\",\"publisher\":{\"@id\":\"https:\\\/\\\/www.bellunopress.it\\\/#organization\"},\"potentialAction\":[{\"@type\":\"SearchAction\",\"target\":{\"@type\":\"EntryPoint\",\"urlTemplate\":\"https:\\\/\\\/www.bellunopress.it\\\/?s={search_term_string}\"},\"query-input\":{\"@type\":\"PropertyValueSpecification\",\"valueRequired\":true,\"valueName\":\"search_term_string\"}}],\"inLanguage\":\"fr-FR\"},{\"@type\":\"Organization\",\"@id\":\"https:\\\/\\\/www.bellunopress.it\\\/#organization\",\"name\":\"Bellunopress\",\"url\":\"https:\\\/\\\/www.bellunopress.it\\\/\",\"logo\":{\"@type\":\"ImageObject\",\"inLanguage\":\"fr-FR\",\"@id\":\"https:\\\/\\\/www.bellunopress.it\\\/#\\\/schema\\\/logo\\\/image\\\/\",\"url\":\"https:\\\/\\\/www.bellunopress.it\\\/wp-content\\\/uploads\\\/2011\\\/05\\\/cropped-logo-bellunopress-.jpg\",\"contentUrl\":\"https:\\\/\\\/www.bellunopress.it\\\/wp-content\\\/uploads\\\/2011\\\/05\\\/cropped-logo-bellunopress-.jpg\",\"width\":512,\"height\":512,\"caption\":\"Bellunopress\"},\"image\":{\"@id\":\"https:\\\/\\\/www.bellunopress.it\\\/#\\\/schema\\\/logo\\\/image\\\/\"},\"sameAs\":[\"https:\\\/\\\/www.facebook.com\\\/profile.php?id=100008943462799\",\"https:\\\/\\\/x.com\\\/bellunopress\",\"https:\\\/\\\/www.linkedin.com\\\/hp\\\/?dnr=JBzUWaJfMUw8vbXJJ2tVW5-I3jZKvC4wsoxE&amp;amp;amp;amp;amp;amp;trk=nav_responsive_tab_home\",\"https:\\\/\\\/www.youtube.com\\\/channel\\\/UCxL0wu1uN0_3_7hGG0306cw\"]},{\"@type\":\"Person\",\"@id\":\"https:\\\/\\\/www.bellunopress.it\\\/#\\\/schema\\\/person\\\/79bb06722b37ece1c03d3e94beb30d73\",\"name\":\"redazione\",\"image\":{\"@type\":\"ImageObject\",\"inLanguage\":\"fr-FR\",\"@id\":\"https:\\\/\\\/secure.gravatar.com\\\/avatar\\\/37d968a2e67a6fd04c169c4bdef102d0bc5d31b2546345219e348575eb80e9a0?s=96&d=mm&r=g\",\"url\":\"https:\\\/\\\/secure.gravatar.com\\\/avatar\\\/37d968a2e67a6fd04c169c4bdef102d0bc5d31b2546345219e348575eb80e9a0?s=96&d=mm&r=g\",\"contentUrl\":\"https:\\\/\\\/secure.gravatar.com\\\/avatar\\\/37d968a2e67a6fd04c169c4bdef102d0bc5d31b2546345219e348575eb80e9a0?s=96&d=mm&r=g\",\"caption\":\"redazione\"},\"sameAs\":[\"http:\\\/\\\/www.bellunopress.it\",\"https:\\\/\\\/x.com\\\/bellunopress\"],\"url\":\"https:\\\/\\\/www.bellunopress.it\\\/fr\\\/author\\\/redazione\\\/\"}]}<\/script>\n<!-- \/ Yoast SEO plugin. -->","yoast_head_json":{"title":"Partire da zero. La storia imprenditoriale di Alessandro Necchio con l'influencer Filippo Poletti alla Cooperativa di Cortina - Bellunopress - Dolomiti","robots":{"index":"index","follow":"follow","max-snippet":"max-snippet:-1","max-image-preview":"max-image-preview:large","max-video-preview":"max-video-preview:-1"},"canonical":"https:\/\/www.bellunopress.it\/fr\/2025\/08\/17\/partire-da-zero-la-storia-imprenditoriale-di-alessandro-necchio-con-linfluencer-filippo-poletti-alla-cooperativa-di-cortina\/","og_locale":"fr_FR","og_type":"article","og_title":"Partire da zero. La storia imprenditoriale di Alessandro Necchio con l'influencer Filippo Poletti alla Cooperativa di Cortina - Bellunopress - Dolomiti","og_description":"Marted\u00ec 19 agosto alle 17 la presentazione del libro edito dalla casa editrice della Bocconi Cortina d&#8217;Ampezzo &#8211; Come nasce uno studio professionale? E come lo si trasforma da piccola realt\u00e0 della provincia di Padova a impresa riconosciuta nel panorama nazionale? In 10 capitoli densi di vita vissuta, Alessandro Necchio racconta il suo percorso a [&hellip;]","og_url":"https:\/\/www.bellunopress.it\/fr\/2025\/08\/17\/partire-da-zero-la-storia-imprenditoriale-di-alessandro-necchio-con-linfluencer-filippo-poletti-alla-cooperativa-di-cortina\/","og_site_name":"Bellunopress - Dolomiti","article_publisher":"https:\/\/www.facebook.com\/profile.php?id=100008943462799","article_published_time":"2025-08-17T10:58:52+00:00","og_image":[{"width":800,"height":534,"url":"https:\/\/www.bellunopress.it\/wp-content\/uploads\/2025\/08\/Alessandro-Necchio-Filppo-Poletti-.png","type":"image\/png"}],"author":"redazione","twitter_card":"summary_large_image","twitter_creator":"@bellunopress","twitter_site":"@bellunopress","twitter_misc":{"\u00c9crit par":"redazione","Dur\u00e9e de lecture estim\u00e9e":"4 minutes"},"schema":{"@context":"https:\/\/schema.org","@graph":[{"@type":"Article","@id":"https:\/\/www.bellunopress.it\/2025\/08\/17\/partire-da-zero-la-storia-imprenditoriale-di-alessandro-necchio-con-linfluencer-filippo-poletti-alla-cooperativa-di-cortina\/#article","isPartOf":{"@id":"https:\/\/www.bellunopress.it\/2025\/08\/17\/partire-da-zero-la-storia-imprenditoriale-di-alessandro-necchio-con-linfluencer-filippo-poletti-alla-cooperativa-di-cortina\/"},"author":{"name":"redazione","@id":"https:\/\/www.bellunopress.it\/#\/schema\/person\/79bb06722b37ece1c03d3e94beb30d73"},"headline":"Partire da zero. La storia imprenditoriale di Alessandro Necchio con l&#8217;influencer Filippo Poletti alla Cooperativa di Cortina","datePublished":"2025-08-17T10:58:52+00:00","mainEntityOfPage":{"@id":"https:\/\/www.bellunopress.it\/2025\/08\/17\/partire-da-zero-la-storia-imprenditoriale-di-alessandro-necchio-con-linfluencer-filippo-poletti-alla-cooperativa-di-cortina\/"},"wordCount":814,"publisher":{"@id":"https:\/\/www.bellunopress.it\/#organization"},"image":{"@id":"https:\/\/www.bellunopress.it\/2025\/08\/17\/partire-da-zero-la-storia-imprenditoriale-di-alessandro-necchio-con-linfluencer-filippo-poletti-alla-cooperativa-di-cortina\/#primaryimage"},"thumbnailUrl":"https:\/\/www.bellunopress.it\/wp-content\/uploads\/2025\/08\/Alessandro-Necchio-Filppo-Poletti-.png","articleSection":["Appuntamenti, Eventi","Pausa Caff\u00e8"],"inLanguage":"fr-FR"},{"@type":"WebPage","@id":"https:\/\/www.bellunopress.it\/2025\/08\/17\/partire-da-zero-la-storia-imprenditoriale-di-alessandro-necchio-con-linfluencer-filippo-poletti-alla-cooperativa-di-cortina\/","url":"https:\/\/www.bellunopress.it\/2025\/08\/17\/partire-da-zero-la-storia-imprenditoriale-di-alessandro-necchio-con-linfluencer-filippo-poletti-alla-cooperativa-di-cortina\/","name":"Partire da zero. La storia imprenditoriale di Alessandro Necchio con l'influencer Filippo Poletti alla Cooperativa di Cortina - Bellunopress - Dolomiti","isPartOf":{"@id":"https:\/\/www.bellunopress.it\/#website"},"primaryImageOfPage":{"@id":"https:\/\/www.bellunopress.it\/2025\/08\/17\/partire-da-zero-la-storia-imprenditoriale-di-alessandro-necchio-con-linfluencer-filippo-poletti-alla-cooperativa-di-cortina\/#primaryimage"},"image":{"@id":"https:\/\/www.bellunopress.it\/2025\/08\/17\/partire-da-zero-la-storia-imprenditoriale-di-alessandro-necchio-con-linfluencer-filippo-poletti-alla-cooperativa-di-cortina\/#primaryimage"},"thumbnailUrl":"https:\/\/www.bellunopress.it\/wp-content\/uploads\/2025\/08\/Alessandro-Necchio-Filppo-Poletti-.png","datePublished":"2025-08-17T10:58:52+00:00","breadcrumb":{"@id":"https:\/\/www.bellunopress.it\/2025\/08\/17\/partire-da-zero-la-storia-imprenditoriale-di-alessandro-necchio-con-linfluencer-filippo-poletti-alla-cooperativa-di-cortina\/#breadcrumb"},"inLanguage":"fr-FR","potentialAction":[{"@type":"ReadAction","target":["https:\/\/www.bellunopress.it\/2025\/08\/17\/partire-da-zero-la-storia-imprenditoriale-di-alessandro-necchio-con-linfluencer-filippo-poletti-alla-cooperativa-di-cortina\/"]}]},{"@type":"ImageObject","inLanguage":"fr-FR","@id":"https:\/\/www.bellunopress.it\/2025\/08\/17\/partire-da-zero-la-storia-imprenditoriale-di-alessandro-necchio-con-linfluencer-filippo-poletti-alla-cooperativa-di-cortina\/#primaryimage","url":"https:\/\/www.bellunopress.it\/wp-content\/uploads\/2025\/08\/Alessandro-Necchio-Filppo-Poletti-.png","contentUrl":"https:\/\/www.bellunopress.it\/wp-content\/uploads\/2025\/08\/Alessandro-Necchio-Filppo-Poletti-.png","width":800,"height":534,"caption":"Alessandro Necchio e Filppo Poletti"},{"@type":"BreadcrumbList","@id":"https:\/\/www.bellunopress.it\/2025\/08\/17\/partire-da-zero-la-storia-imprenditoriale-di-alessandro-necchio-con-linfluencer-filippo-poletti-alla-cooperativa-di-cortina\/#breadcrumb","itemListElement":[{"@type":"ListItem","position":1,"name":"Home","item":"https:\/\/www.bellunopress.it\/"},{"@type":"ListItem","position":2,"name":"Partire da zero. La storia imprenditoriale di Alessandro Necchio con l&#8217;influencer Filippo Poletti alla Cooperativa di Cortina"}]},{"@type":"WebSite","@id":"https:\/\/www.bellunopress.it\/#website","url":"https:\/\/www.bellunopress.it\/","name":"Bellunopress - Dolomiti","description":"e-mail: redazione@bellunopress.it","publisher":{"@id":"https:\/\/www.bellunopress.it\/#organization"},"potentialAction":[{"@type":"SearchAction","target":{"@type":"EntryPoint","urlTemplate":"https:\/\/www.bellunopress.it\/?s={search_term_string}"},"query-input":{"@type":"PropertyValueSpecification","valueRequired":true,"valueName":"search_term_string"}}],"inLanguage":"fr-FR"},{"@type":"Organization","@id":"https:\/\/www.bellunopress.it\/#organization","name":"Bellunopress","url":"https:\/\/www.bellunopress.it\/","logo":{"@type":"ImageObject","inLanguage":"fr-FR","@id":"https:\/\/www.bellunopress.it\/#\/schema\/logo\/image\/","url":"https:\/\/www.bellunopress.it\/wp-content\/uploads\/2011\/05\/cropped-logo-bellunopress-.jpg","contentUrl":"https:\/\/www.bellunopress.it\/wp-content\/uploads\/2011\/05\/cropped-logo-bellunopress-.jpg","width":512,"height":512,"caption":"Bellunopress"},"image":{"@id":"https:\/\/www.bellunopress.it\/#\/schema\/logo\/image\/"},"sameAs":["https:\/\/www.facebook.com\/profile.php?id=100008943462799","https:\/\/x.com\/bellunopress","https:\/\/www.linkedin.com\/hp\/?dnr=JBzUWaJfMUw8vbXJJ2tVW5-I3jZKvC4wsoxE&amp;amp;amp;amp;amp;amp;trk=nav_responsive_tab_home","https:\/\/www.youtube.com\/channel\/UCxL0wu1uN0_3_7hGG0306cw"]},{"@type":"Person","@id":"https:\/\/www.bellunopress.it\/#\/schema\/person\/79bb06722b37ece1c03d3e94beb30d73","name":"r\u00e9daction","image":{"@type":"ImageObject","inLanguage":"fr-FR","@id":"https:\/\/secure.gravatar.com\/avatar\/37d968a2e67a6fd04c169c4bdef102d0bc5d31b2546345219e348575eb80e9a0?s=96&d=mm&r=g","url":"https:\/\/secure.gravatar.com\/avatar\/37d968a2e67a6fd04c169c4bdef102d0bc5d31b2546345219e348575eb80e9a0?s=96&d=mm&r=g","contentUrl":"https:\/\/secure.gravatar.com\/avatar\/37d968a2e67a6fd04c169c4bdef102d0bc5d31b2546345219e348575eb80e9a0?s=96&d=mm&r=g","caption":"redazione"},"sameAs":["http:\/\/www.bellunopress.it","https:\/\/x.com\/bellunopress"],"url":"https:\/\/www.bellunopress.it\/fr\/author\/redazione\/"}]}},"_links":{"self":[{"href":"https:\/\/www.bellunopress.it\/fr\/wp-json\/wp\/v2\/posts\/162539","targetHints":{"allow":["GET"]}}],"collection":[{"href":"https:\/\/www.bellunopress.it\/fr\/wp-json\/wp\/v2\/posts"}],"about":[{"href":"https:\/\/www.bellunopress.it\/fr\/wp-json\/wp\/v2\/types\/post"}],"author":[{"embeddable":true,"href":"https:\/\/www.bellunopress.it\/fr\/wp-json\/wp\/v2\/users\/2"}],"replies":[{"embeddable":true,"href":"https:\/\/www.bellunopress.it\/fr\/wp-json\/wp\/v2\/comments?post=162539"}],"version-history":[{"count":1,"href":"https:\/\/www.bellunopress.it\/fr\/wp-json\/wp\/v2\/posts\/162539\/revisions"}],"predecessor-version":[{"id":162541,"href":"https:\/\/www.bellunopress.it\/fr\/wp-json\/wp\/v2\/posts\/162539\/revisions\/162541"}],"wp:featuredmedia":[{"embeddable":true,"href":"https:\/\/www.bellunopress.it\/fr\/wp-json\/wp\/v2\/media\/162540"}],"wp:attachment":[{"href":"https:\/\/www.bellunopress.it\/fr\/wp-json\/wp\/v2\/media?parent=162539"}],"wp:term":[{"taxonomy":"category","embeddable":true,"href":"https:\/\/www.bellunopress.it\/fr\/wp-json\/wp\/v2\/categories?post=162539"},{"taxonomy":"post_tag","embeddable":true,"href":"https:\/\/www.bellunopress.it\/fr\/wp-json\/wp\/v2\/tags?post=162539"}],"curies":[{"name":"wp","href":"https:\/\/api.w.org\/{rel}","templated":true}]}}