{"id":162529,"date":"2025-08-17T15:36:41","date_gmt":"2025-08-17T13:36:41","guid":{"rendered":"https:\/\/www.bellunopress.it\/?p=162529"},"modified":"2025-08-11T21:47:30","modified_gmt":"2025-08-11T19:47:30","slug":"sabato-al-parco-villa-tattara-di-giamosa-musica-live-con-la-band-cantina-malvasia","status":"publish","type":"post","link":"https:\/\/www.bellunopress.it\/fr\/2025\/08\/17\/sabato-al-parco-villa-tattara-di-giamosa-musica-live-con-la-band-cantina-malvasia\/","title":{"rendered":"Sabato al parco Villa Tattara di Giamosa musica live con la band Cantina Malvasia"},"content":{"rendered":"<figure id=\"attachment_162530\" aria-describedby=\"caption-attachment-162530\" style=\"width: 800px\" class=\"wp-caption aligncenter\"><img loading=\"lazy\" decoding=\"async\" class=\"size-full wp-image-162530\" src=\"https:\/\/www.bellunopress.it\/wp-content\/uploads\/2025\/08\/villa-Tattara-Giamosa.jpg\" alt=\"\" width=\"800\" height=\"600\" srcset=\"https:\/\/www.bellunopress.it\/wp-content\/uploads\/2025\/08\/villa-Tattara-Giamosa.jpg 800w, https:\/\/www.bellunopress.it\/wp-content\/uploads\/2025\/08\/villa-Tattara-Giamosa-500x375.jpg 500w, https:\/\/www.bellunopress.it\/wp-content\/uploads\/2025\/08\/villa-Tattara-Giamosa-560x420.jpg 560w, https:\/\/www.bellunopress.it\/wp-content\/uploads\/2025\/08\/villa-Tattara-Giamosa-80x60.jpg 80w, https:\/\/www.bellunopress.it\/wp-content\/uploads\/2025\/08\/villa-Tattara-Giamosa-696x522.jpg 696w\" sizes=\"auto, (max-width: 800px) 100vw, 800px\" \/><figcaption id=\"caption-attachment-162530\" class=\"wp-caption-text\">Villa Tattara, frazione Giamosa &#8211; Belluno<\/figcaption><\/figure>\n<p>Cantina Malvasia Musica D.o.c. presenta: &#8220;Per la stessa ragione del viaggio. La musica, le parole di Fabrizio De Andr\u00e9&#8221;.<\/p>\n<p>Al parco Villa Tattara di Giamosa, sabato 23 agosto 2025 alle ore 18:00 in occasione della Sagra di San Bartolomeo. Ingresso libero.<\/p>\n<p>Parcheggio Consorzio Agrario di Salce (BL)<br \/>\nAccesso all&#8217;area concerto dal campo sportivo di Salce<br \/>\nSi consiglia una coperta \/ stuoia per sedersi sul prato<br \/>\nIn caso di maltempo l&#8217;evento verr\u00e0 annullato<\/p>\n<p>Cantina Malvasia nasce nell&#8217;estate del 2010 dalla riunione di 7 musicisti provenienti da differenti realt\u00e0 musicali. La band:\u00a0Gianluca Nicolai &#8211; voce,\u00a0Francesco Minella &#8211; chitarre, tastiere,\u00a0Gaia Savini &#8211; flauto traverso,\u00a0Alessandra Bertoni &#8211; violino,\u00a0Marino Dalpiaz &#8211; viola, chitarra,\u00a0Alma Gori &#8211; violoncello,\u00a0Stefano Caviola &#8211; basso,\u00a0Nicola Dallo &#8211; batteria, percussioni.<\/p>\n<p>L&#8217;iniziativa \u00e8 dell&#8217;associazione Sole Luna Volley Salce e Cantina Malvasia<\/p>","protected":false},"excerpt":{"rendered":"<p>Cantina Malvasia Musica D.o.c. presenta: &#8220;Per la stessa ragione del viaggio. La musica, le parole di Fabrizio De Andr\u00e9&#8221;. Al parco Villa Tattara di Giamosa, sabato 23 agosto 2025 alle ore 18:00 in occasione della Sagra di San Bartolomeo. Ingresso libero. Parcheggio Consorzio Agrario di Salce (BL) Accesso all&#8217;area concerto dal campo sportivo di Salce [&hellip;]<\/p>\n","protected":false},"author":2,"featured_media":162530,"comment_status":"closed","ping_status":"open","sticky":false,"template":"","format":"standard","meta":{"footnotes":""},"categories":[27,3,25],"tags":[],"class_list":["post-162529","post","type-post","status-publish","format-standard","has-post-thumbnail","category-appuntamenti","category-arte-cultura-spettacoli-scienza-archivi","category-pausa-caffe"],"yoast_head":"<!-- This site is optimized with the Yoast SEO plugin v28.4 - https:\/\/yoast.com\/product\/yoast-seo-wordpress\/ -->\n<title>Sabato al parco Villa Tattara di Giamosa musica live con la band Cantina Malvasia - Bellunopress - Dolomiti<\/title>\n<meta name=\"robots\" content=\"index, follow, max-snippet:-1, max-image-preview:large, max-video-preview:-1\" \/>\n<link rel=\"canonical\" href=\"https:\/\/www.bellunopress.it\/fr\/2025\/08\/17\/sabato-al-parco-villa-tattara-di-giamosa-musica-live-con-la-band-cantina-malvasia\/\" \/>\n<meta property=\"og:locale\" content=\"fr_FR\" \/>\n<meta property=\"og:type\" content=\"article\" \/>\n<meta property=\"og:title\" content=\"Sabato al parco Villa Tattara di Giamosa musica live con la band Cantina Malvasia - Bellunopress - Dolomiti\" \/>\n<meta property=\"og:description\" content=\"Cantina Malvasia Musica D.o.c. presenta: &#8220;Per la stessa ragione del viaggio. La musica, le parole di Fabrizio De Andr\u00e9&#8221;. Al parco Villa Tattara di Giamosa, sabato 23 agosto 2025 alle ore 18:00 in occasione della Sagra di San Bartolomeo. Ingresso libero. Parcheggio Consorzio Agrario di Salce (BL) Accesso all&#8217;area concerto dal campo sportivo di Salce [&hellip;]\" \/>\n<meta property=\"og:url\" content=\"https:\/\/www.bellunopress.it\/fr\/2025\/08\/17\/sabato-al-parco-villa-tattara-di-giamosa-musica-live-con-la-band-cantina-malvasia\/\" \/>\n<meta property=\"og:site_name\" content=\"Bellunopress - Dolomiti\" \/>\n<meta property=\"article:publisher\" content=\"https:\/\/www.facebook.com\/profile.php?id=100008943462799\" \/>\n<meta property=\"article:published_time\" content=\"2025-08-17T13:36:41+00:00\" \/>\n<meta property=\"og:image\" content=\"https:\/\/www.bellunopress.it\/wp-content\/uploads\/2025\/08\/villa-Tattara-Giamosa.jpg\" \/>\n\t<meta property=\"og:image:width\" content=\"800\" \/>\n\t<meta property=\"og:image:height\" content=\"600\" \/>\n\t<meta property=\"og:image:type\" content=\"image\/jpeg\" \/>\n<meta name=\"author\" content=\"redazione\" \/>\n<meta name=\"twitter:card\" content=\"summary_large_image\" \/>\n<meta name=\"twitter:creator\" content=\"@bellunopress\" \/>\n<meta name=\"twitter:site\" content=\"@bellunopress\" \/>\n<meta name=\"twitter:label1\" content=\"\u00c9crit par\" \/>\n\t<meta name=\"twitter:data1\" content=\"redazione\" \/>\n\t<meta name=\"twitter:label2\" content=\"Dur\u00e9e de lecture estim\u00e9e\" \/>\n\t<meta name=\"twitter:data2\" content=\"1 minute\" \/>\n<script type=\"application\/ld+json\" class=\"yoast-schema-graph\">{\"@context\":\"https:\\\/\\\/schema.org\",\"@graph\":[{\"@type\":\"Article\",\"@id\":\"https:\\\/\\\/www.bellunopress.it\\\/2025\\\/08\\\/17\\\/sabato-al-parco-villa-tattara-di-giamosa-musica-live-con-la-band-cantina-malvasia\\\/#article\",\"isPartOf\":{\"@id\":\"https:\\\/\\\/www.bellunopress.it\\\/2025\\\/08\\\/17\\\/sabato-al-parco-villa-tattara-di-giamosa-musica-live-con-la-band-cantina-malvasia\\\/\"},\"author\":{\"name\":\"redazione\",\"@id\":\"https:\\\/\\\/www.bellunopress.it\\\/#\\\/schema\\\/person\\\/79bb06722b37ece1c03d3e94beb30d73\"},\"headline\":\"Sabato al parco Villa Tattara di Giamosa musica live con la band Cantina Malvasia\",\"datePublished\":\"2025-08-17T13:36:41+00:00\",\"mainEntityOfPage\":{\"@id\":\"https:\\\/\\\/www.bellunopress.it\\\/2025\\\/08\\\/17\\\/sabato-al-parco-villa-tattara-di-giamosa-musica-live-con-la-band-cantina-malvasia\\\/\"},\"wordCount\":163,\"publisher\":{\"@id\":\"https:\\\/\\\/www.bellunopress.it\\\/#organization\"},\"image\":{\"@id\":\"https:\\\/\\\/www.bellunopress.it\\\/2025\\\/08\\\/17\\\/sabato-al-parco-villa-tattara-di-giamosa-musica-live-con-la-band-cantina-malvasia\\\/#primaryimage\"},\"thumbnailUrl\":\"https:\\\/\\\/www.bellunopress.it\\\/wp-content\\\/uploads\\\/2025\\\/08\\\/villa-Tattara-Giamosa.jpg\",\"articleSection\":[\"Appuntamenti, Eventi\",\"Arte, Cultura, Spettacoli, Scienza\",\"Pausa Caff\u00e8\"],\"inLanguage\":\"fr-FR\"},{\"@type\":\"WebPage\",\"@id\":\"https:\\\/\\\/www.bellunopress.it\\\/2025\\\/08\\\/17\\\/sabato-al-parco-villa-tattara-di-giamosa-musica-live-con-la-band-cantina-malvasia\\\/\",\"url\":\"https:\\\/\\\/www.bellunopress.it\\\/2025\\\/08\\\/17\\\/sabato-al-parco-villa-tattara-di-giamosa-musica-live-con-la-band-cantina-malvasia\\\/\",\"name\":\"Sabato al parco Villa Tattara di Giamosa musica live con la band Cantina Malvasia - Bellunopress - Dolomiti\",\"isPartOf\":{\"@id\":\"https:\\\/\\\/www.bellunopress.it\\\/#website\"},\"primaryImageOfPage\":{\"@id\":\"https:\\\/\\\/www.bellunopress.it\\\/2025\\\/08\\\/17\\\/sabato-al-parco-villa-tattara-di-giamosa-musica-live-con-la-band-cantina-malvasia\\\/#primaryimage\"},\"image\":{\"@id\":\"https:\\\/\\\/www.bellunopress.it\\\/2025\\\/08\\\/17\\\/sabato-al-parco-villa-tattara-di-giamosa-musica-live-con-la-band-cantina-malvasia\\\/#primaryimage\"},\"thumbnailUrl\":\"https:\\\/\\\/www.bellunopress.it\\\/wp-content\\\/uploads\\\/2025\\\/08\\\/villa-Tattara-Giamosa.jpg\",\"datePublished\":\"2025-08-17T13:36:41+00:00\",\"breadcrumb\":{\"@id\":\"https:\\\/\\\/www.bellunopress.it\\\/2025\\\/08\\\/17\\\/sabato-al-parco-villa-tattara-di-giamosa-musica-live-con-la-band-cantina-malvasia\\\/#breadcrumb\"},\"inLanguage\":\"fr-FR\",\"potentialAction\":[{\"@type\":\"ReadAction\",\"target\":[\"https:\\\/\\\/www.bellunopress.it\\\/2025\\\/08\\\/17\\\/sabato-al-parco-villa-tattara-di-giamosa-musica-live-con-la-band-cantina-malvasia\\\/\"]}]},{\"@type\":\"ImageObject\",\"inLanguage\":\"fr-FR\",\"@id\":\"https:\\\/\\\/www.bellunopress.it\\\/2025\\\/08\\\/17\\\/sabato-al-parco-villa-tattara-di-giamosa-musica-live-con-la-band-cantina-malvasia\\\/#primaryimage\",\"url\":\"https:\\\/\\\/www.bellunopress.it\\\/wp-content\\\/uploads\\\/2025\\\/08\\\/villa-Tattara-Giamosa.jpg\",\"contentUrl\":\"https:\\\/\\\/www.bellunopress.it\\\/wp-content\\\/uploads\\\/2025\\\/08\\\/villa-Tattara-Giamosa.jpg\",\"width\":800,\"height\":600,\"caption\":\"Vila Tattara, frazione Giamosa - Belluno\"},{\"@type\":\"BreadcrumbList\",\"@id\":\"https:\\\/\\\/www.bellunopress.it\\\/2025\\\/08\\\/17\\\/sabato-al-parco-villa-tattara-di-giamosa-musica-live-con-la-band-cantina-malvasia\\\/#breadcrumb\",\"itemListElement\":[{\"@type\":\"ListItem\",\"position\":1,\"name\":\"Home\",\"item\":\"https:\\\/\\\/www.bellunopress.it\\\/\"},{\"@type\":\"ListItem\",\"position\":2,\"name\":\"Sabato al parco Villa Tattara di Giamosa musica live con la band Cantina Malvasia\"}]},{\"@type\":\"WebSite\",\"@id\":\"https:\\\/\\\/www.bellunopress.it\\\/#website\",\"url\":\"https:\\\/\\\/www.bellunopress.it\\\/\",\"name\":\"Bellunopress - Dolomiti\",\"description\":\"e-mail: redazione@bellunopress.it\",\"publisher\":{\"@id\":\"https:\\\/\\\/www.bellunopress.it\\\/#organization\"},\"potentialAction\":[{\"@type\":\"SearchAction\",\"target\":{\"@type\":\"EntryPoint\",\"urlTemplate\":\"https:\\\/\\\/www.bellunopress.it\\\/?s={search_term_string}\"},\"query-input\":{\"@type\":\"PropertyValueSpecification\",\"valueRequired\":true,\"valueName\":\"search_term_string\"}}],\"inLanguage\":\"fr-FR\"},{\"@type\":\"Organization\",\"@id\":\"https:\\\/\\\/www.bellunopress.it\\\/#organization\",\"name\":\"Bellunopress\",\"url\":\"https:\\\/\\\/www.bellunopress.it\\\/\",\"logo\":{\"@type\":\"ImageObject\",\"inLanguage\":\"fr-FR\",\"@id\":\"https:\\\/\\\/www.bellunopress.it\\\/#\\\/schema\\\/logo\\\/image\\\/\",\"url\":\"https:\\\/\\\/www.bellunopress.it\\\/wp-content\\\/uploads\\\/2011\\\/05\\\/cropped-logo-bellunopress-.jpg\",\"contentUrl\":\"https:\\\/\\\/www.bellunopress.it\\\/wp-content\\\/uploads\\\/2011\\\/05\\\/cropped-logo-bellunopress-.jpg\",\"width\":512,\"height\":512,\"caption\":\"Bellunopress\"},\"image\":{\"@id\":\"https:\\\/\\\/www.bellunopress.it\\\/#\\\/schema\\\/logo\\\/image\\\/\"},\"sameAs\":[\"https:\\\/\\\/www.facebook.com\\\/profile.php?id=100008943462799\",\"https:\\\/\\\/x.com\\\/bellunopress\",\"https:\\\/\\\/www.linkedin.com\\\/hp\\\/?dnr=JBzUWaJfMUw8vbXJJ2tVW5-I3jZKvC4wsoxE&amp;amp;amp;amp;amp;amp;trk=nav_responsive_tab_home\",\"https:\\\/\\\/www.youtube.com\\\/channel\\\/UCxL0wu1uN0_3_7hGG0306cw\"]},{\"@type\":\"Person\",\"@id\":\"https:\\\/\\\/www.bellunopress.it\\\/#\\\/schema\\\/person\\\/79bb06722b37ece1c03d3e94beb30d73\",\"name\":\"redazione\",\"image\":{\"@type\":\"ImageObject\",\"inLanguage\":\"fr-FR\",\"@id\":\"https:\\\/\\\/secure.gravatar.com\\\/avatar\\\/37d968a2e67a6fd04c169c4bdef102d0bc5d31b2546345219e348575eb80e9a0?s=96&d=mm&r=g\",\"url\":\"https:\\\/\\\/secure.gravatar.com\\\/avatar\\\/37d968a2e67a6fd04c169c4bdef102d0bc5d31b2546345219e348575eb80e9a0?s=96&d=mm&r=g\",\"contentUrl\":\"https:\\\/\\\/secure.gravatar.com\\\/avatar\\\/37d968a2e67a6fd04c169c4bdef102d0bc5d31b2546345219e348575eb80e9a0?s=96&d=mm&r=g\",\"caption\":\"redazione\"},\"sameAs\":[\"http:\\\/\\\/www.bellunopress.it\",\"https:\\\/\\\/x.com\\\/bellunopress\"],\"url\":\"https:\\\/\\\/www.bellunopress.it\\\/fr\\\/author\\\/redazione\\\/\"}]}<\/script>\n<!-- \/ Yoast SEO plugin. -->","yoast_head_json":{"title":"Sabato al parco Villa Tattara di Giamosa musica live con la band Cantina Malvasia - Bellunopress - Dolomiti","robots":{"index":"index","follow":"follow","max-snippet":"max-snippet:-1","max-image-preview":"max-image-preview:large","max-video-preview":"max-video-preview:-1"},"canonical":"https:\/\/www.bellunopress.it\/fr\/2025\/08\/17\/sabato-al-parco-villa-tattara-di-giamosa-musica-live-con-la-band-cantina-malvasia\/","og_locale":"fr_FR","og_type":"article","og_title":"Sabato al parco Villa Tattara di Giamosa musica live con la band Cantina Malvasia - Bellunopress - Dolomiti","og_description":"Cantina Malvasia Musica D.o.c. presenta: &#8220;Per la stessa ragione del viaggio. La musica, le parole di Fabrizio De Andr\u00e9&#8221;. Al parco Villa Tattara di Giamosa, sabato 23 agosto 2025 alle ore 18:00 in occasione della Sagra di San Bartolomeo. Ingresso libero. Parcheggio Consorzio Agrario di Salce (BL) Accesso all&#8217;area concerto dal campo sportivo di Salce [&hellip;]","og_url":"https:\/\/www.bellunopress.it\/fr\/2025\/08\/17\/sabato-al-parco-villa-tattara-di-giamosa-musica-live-con-la-band-cantina-malvasia\/","og_site_name":"Bellunopress - Dolomiti","article_publisher":"https:\/\/www.facebook.com\/profile.php?id=100008943462799","article_published_time":"2025-08-17T13:36:41+00:00","og_image":[{"width":800,"height":600,"url":"https:\/\/www.bellunopress.it\/wp-content\/uploads\/2025\/08\/villa-Tattara-Giamosa.jpg","type":"image\/jpeg"}],"author":"redazione","twitter_card":"summary_large_image","twitter_creator":"@bellunopress","twitter_site":"@bellunopress","twitter_misc":{"\u00c9crit par":"redazione","Dur\u00e9e de lecture estim\u00e9e":"1 minute"},"schema":{"@context":"https:\/\/schema.org","@graph":[{"@type":"Article","@id":"https:\/\/www.bellunopress.it\/2025\/08\/17\/sabato-al-parco-villa-tattara-di-giamosa-musica-live-con-la-band-cantina-malvasia\/#article","isPartOf":{"@id":"https:\/\/www.bellunopress.it\/2025\/08\/17\/sabato-al-parco-villa-tattara-di-giamosa-musica-live-con-la-band-cantina-malvasia\/"},"author":{"name":"redazione","@id":"https:\/\/www.bellunopress.it\/#\/schema\/person\/79bb06722b37ece1c03d3e94beb30d73"},"headline":"Sabato al parco Villa Tattara di Giamosa musica live con la band Cantina Malvasia","datePublished":"2025-08-17T13:36:41+00:00","mainEntityOfPage":{"@id":"https:\/\/www.bellunopress.it\/2025\/08\/17\/sabato-al-parco-villa-tattara-di-giamosa-musica-live-con-la-band-cantina-malvasia\/"},"wordCount":163,"publisher":{"@id":"https:\/\/www.bellunopress.it\/#organization"},"image":{"@id":"https:\/\/www.bellunopress.it\/2025\/08\/17\/sabato-al-parco-villa-tattara-di-giamosa-musica-live-con-la-band-cantina-malvasia\/#primaryimage"},"thumbnailUrl":"https:\/\/www.bellunopress.it\/wp-content\/uploads\/2025\/08\/villa-Tattara-Giamosa.jpg","articleSection":["Appuntamenti, Eventi","Arte, Cultura, Spettacoli, Scienza","Pausa Caff\u00e8"],"inLanguage":"fr-FR"},{"@type":"WebPage","@id":"https:\/\/www.bellunopress.it\/2025\/08\/17\/sabato-al-parco-villa-tattara-di-giamosa-musica-live-con-la-band-cantina-malvasia\/","url":"https:\/\/www.bellunopress.it\/2025\/08\/17\/sabato-al-parco-villa-tattara-di-giamosa-musica-live-con-la-band-cantina-malvasia\/","name":"Sabato al parco Villa Tattara di Giamosa musica live con la band Cantina Malvasia - Bellunopress - Dolomiti","isPartOf":{"@id":"https:\/\/www.bellunopress.it\/#website"},"primaryImageOfPage":{"@id":"https:\/\/www.bellunopress.it\/2025\/08\/17\/sabato-al-parco-villa-tattara-di-giamosa-musica-live-con-la-band-cantina-malvasia\/#primaryimage"},"image":{"@id":"https:\/\/www.bellunopress.it\/2025\/08\/17\/sabato-al-parco-villa-tattara-di-giamosa-musica-live-con-la-band-cantina-malvasia\/#primaryimage"},"thumbnailUrl":"https:\/\/www.bellunopress.it\/wp-content\/uploads\/2025\/08\/villa-Tattara-Giamosa.jpg","datePublished":"2025-08-17T13:36:41+00:00","breadcrumb":{"@id":"https:\/\/www.bellunopress.it\/2025\/08\/17\/sabato-al-parco-villa-tattara-di-giamosa-musica-live-con-la-band-cantina-malvasia\/#breadcrumb"},"inLanguage":"fr-FR","potentialAction":[{"@type":"ReadAction","target":["https:\/\/www.bellunopress.it\/2025\/08\/17\/sabato-al-parco-villa-tattara-di-giamosa-musica-live-con-la-band-cantina-malvasia\/"]}]},{"@type":"ImageObject","inLanguage":"fr-FR","@id":"https:\/\/www.bellunopress.it\/2025\/08\/17\/sabato-al-parco-villa-tattara-di-giamosa-musica-live-con-la-band-cantina-malvasia\/#primaryimage","url":"https:\/\/www.bellunopress.it\/wp-content\/uploads\/2025\/08\/villa-Tattara-Giamosa.jpg","contentUrl":"https:\/\/www.bellunopress.it\/wp-content\/uploads\/2025\/08\/villa-Tattara-Giamosa.jpg","width":800,"height":600,"caption":"Vila Tattara, frazione Giamosa - Belluno"},{"@type":"BreadcrumbList","@id":"https:\/\/www.bellunopress.it\/2025\/08\/17\/sabato-al-parco-villa-tattara-di-giamosa-musica-live-con-la-band-cantina-malvasia\/#breadcrumb","itemListElement":[{"@type":"ListItem","position":1,"name":"Home","item":"https:\/\/www.bellunopress.it\/"},{"@type":"ListItem","position":2,"name":"Sabato al parco Villa Tattara di Giamosa musica live con la band Cantina Malvasia"}]},{"@type":"WebSite","@id":"https:\/\/www.bellunopress.it\/#website","url":"https:\/\/www.bellunopress.it\/","name":"Bellunopress - Dolomiti","description":"e-mail: redazione@bellunopress.it","publisher":{"@id":"https:\/\/www.bellunopress.it\/#organization"},"potentialAction":[{"@type":"SearchAction","target":{"@type":"EntryPoint","urlTemplate":"https:\/\/www.bellunopress.it\/?s={search_term_string}"},"query-input":{"@type":"PropertyValueSpecification","valueRequired":true,"valueName":"search_term_string"}}],"inLanguage":"fr-FR"},{"@type":"Organization","@id":"https:\/\/www.bellunopress.it\/#organization","name":"Bellunopress","url":"https:\/\/www.bellunopress.it\/","logo":{"@type":"ImageObject","inLanguage":"fr-FR","@id":"https:\/\/www.bellunopress.it\/#\/schema\/logo\/image\/","url":"https:\/\/www.bellunopress.it\/wp-content\/uploads\/2011\/05\/cropped-logo-bellunopress-.jpg","contentUrl":"https:\/\/www.bellunopress.it\/wp-content\/uploads\/2011\/05\/cropped-logo-bellunopress-.jpg","width":512,"height":512,"caption":"Bellunopress"},"image":{"@id":"https:\/\/www.bellunopress.it\/#\/schema\/logo\/image\/"},"sameAs":["https:\/\/www.facebook.com\/profile.php?id=100008943462799","https:\/\/x.com\/bellunopress","https:\/\/www.linkedin.com\/hp\/?dnr=JBzUWaJfMUw8vbXJJ2tVW5-I3jZKvC4wsoxE&amp;amp;amp;amp;amp;amp;trk=nav_responsive_tab_home","https:\/\/www.youtube.com\/channel\/UCxL0wu1uN0_3_7hGG0306cw"]},{"@type":"Person","@id":"https:\/\/www.bellunopress.it\/#\/schema\/person\/79bb06722b37ece1c03d3e94beb30d73","name":"r\u00e9daction","image":{"@type":"ImageObject","inLanguage":"fr-FR","@id":"https:\/\/secure.gravatar.com\/avatar\/37d968a2e67a6fd04c169c4bdef102d0bc5d31b2546345219e348575eb80e9a0?s=96&d=mm&r=g","url":"https:\/\/secure.gravatar.com\/avatar\/37d968a2e67a6fd04c169c4bdef102d0bc5d31b2546345219e348575eb80e9a0?s=96&d=mm&r=g","contentUrl":"https:\/\/secure.gravatar.com\/avatar\/37d968a2e67a6fd04c169c4bdef102d0bc5d31b2546345219e348575eb80e9a0?s=96&d=mm&r=g","caption":"redazione"},"sameAs":["http:\/\/www.bellunopress.it","https:\/\/x.com\/bellunopress"],"url":"https:\/\/www.bellunopress.it\/fr\/author\/redazione\/"}]}},"_links":{"self":[{"href":"https:\/\/www.bellunopress.it\/fr\/wp-json\/wp\/v2\/posts\/162529","targetHints":{"allow":["GET"]}}],"collection":[{"href":"https:\/\/www.bellunopress.it\/fr\/wp-json\/wp\/v2\/posts"}],"about":[{"href":"https:\/\/www.bellunopress.it\/fr\/wp-json\/wp\/v2\/types\/post"}],"author":[{"embeddable":true,"href":"https:\/\/www.bellunopress.it\/fr\/wp-json\/wp\/v2\/users\/2"}],"replies":[{"embeddable":true,"href":"https:\/\/www.bellunopress.it\/fr\/wp-json\/wp\/v2\/comments?post=162529"}],"version-history":[{"count":1,"href":"https:\/\/www.bellunopress.it\/fr\/wp-json\/wp\/v2\/posts\/162529\/revisions"}],"predecessor-version":[{"id":162531,"href":"https:\/\/www.bellunopress.it\/fr\/wp-json\/wp\/v2\/posts\/162529\/revisions\/162531"}],"wp:featuredmedia":[{"embeddable":true,"href":"https:\/\/www.bellunopress.it\/fr\/wp-json\/wp\/v2\/media\/162530"}],"wp:attachment":[{"href":"https:\/\/www.bellunopress.it\/fr\/wp-json\/wp\/v2\/media?parent=162529"}],"wp:term":[{"taxonomy":"category","embeddable":true,"href":"https:\/\/www.bellunopress.it\/fr\/wp-json\/wp\/v2\/categories?post=162529"},{"taxonomy":"post_tag","embeddable":true,"href":"https:\/\/www.bellunopress.it\/fr\/wp-json\/wp\/v2\/tags?post=162529"}],"curies":[{"name":"wp","href":"https:\/\/api.w.org\/{rel}","templated":true}]}}