{"id":162486,"date":"2025-08-09T20:46:04","date_gmt":"2025-08-09T18:46:04","guid":{"rendered":"https:\/\/www.bellunopress.it\/?p=162486"},"modified":"2025-08-09T20:46:04","modified_gmt":"2025-08-09T18:46:04","slug":"gli-ambulanti-di-forte-dei-marmi-a-pieve-di-cadore-mercoledi-13-agosto","status":"publish","type":"post","link":"https:\/\/www.bellunopress.it\/fr\/2025\/08\/09\/gli-ambulanti-di-forte-dei-marmi-a-pieve-di-cadore-mercoledi-13-agosto\/","title":{"rendered":"Gli Ambulanti di Forte dei Marmi a Pieve di Cadore mercoled\u00ec 13 agosto"},"content":{"rendered":"<figure id=\"attachment_162487\" aria-describedby=\"caption-attachment-162487\" style=\"width: 800px\" class=\"wp-caption aligncenter\"><img loading=\"lazy\" decoding=\"async\" class=\"size-full wp-image-162487\" src=\"https:\/\/www.bellunopress.it\/wp-content\/uploads\/2025\/08\/Ambulanti.jpg\" alt=\"\" width=\"800\" height=\"533\" srcset=\"https:\/\/www.bellunopress.it\/wp-content\/uploads\/2025\/08\/Ambulanti.jpg 800w, https:\/\/www.bellunopress.it\/wp-content\/uploads\/2025\/08\/Ambulanti-500x333.jpg 500w, https:\/\/www.bellunopress.it\/wp-content\/uploads\/2025\/08\/Ambulanti-630x420.jpg 630w, https:\/\/www.bellunopress.it\/wp-content\/uploads\/2025\/08\/Ambulanti-696x464.jpg 696w\" sizes=\"auto, (max-width: 800px) 100vw, 800px\" \/><figcaption id=\"caption-attachment-162487\" class=\"wp-caption-text\">Gli Ambulanti di Forte dei Marmi<\/figcaption><\/figure>\n<p><strong>Torna per l\u2019estate nel Cadore lo spettacolo del mercato di qualit\u00e0 pi\u00f9 famoso d\u2019Italia<\/strong><br \/>\n<strong>Le originali e ormai mitiche boutique a cielo aperto\u00ae sono attese in Piazza Tiziano<\/strong><\/p>\n<p>Gli Ambulanti di Forte dei Marmi\u00ae, le bancarelle del mercato di qualit\u00e0 pi\u00f9 famoso d\u2019Italia, arrivano finalmente per l\u2019estate a grandissima richiesta anche nel Cadore con il loro show itinerante all\u2019insegna del meglio del Made in Italy artigianale e delle ultime tendenze della moda. Si potranno infatti ammirare le ormai mitiche boutique a cielo aperto\u00ae dell\u2019originale Consorzio mercoled\u00ec 13 agosto a Pieve di Cadore, in Piazza Tiziano. Dunque, un\u2019occasione da non perdere assolutamente per i tanti appassionati del genere, che l\u2019hanno a lungo reclamata: una rassegna dello shopping pi\u00f9 glamour e conveniente, con orario continuato, anche in caso di maltempo, dalle 8 alle 19.<\/p>\n<p>\u201cIl nostro Consorzio &#8211; spiega il Presidente, Andrea Ceccarelli \u2013 con il suo evento-mercato di qualit\u00e0 ha letteralmente re-inventato una professione storica alla luce dei tempi moderni, dimostrando che la passione per il proprio lavoro, l&#8217;ingegno artigianale, la ricerca della qualit\u00e0 dei materiali e l&#8217;attenzione alle tendenze, possono ancora fare la differenza nel competitivo mondo del commercio attuale\u201d.<\/p>\n<p>Sar\u00e0 dunque, come al solito, un autentico spettacolo di bancarelle, colori e pubblico, che faranno rivivere le magiche atmosfere del Mercato del Forte, sinonimo di genuinit\u00e0 e qualit\u00e0 artigianale garantita. Sui grandi banchi di vendita \u00e8 infatti possibile trovare il meglio della tradizione toscana ed italiana dell&#8217;artigianato di qualit\u00e0: abbigliamento, con nuove collezioni griffate e di stock, pelletteria di altissima fattura artigianale (borse e scarpe), la migliore produzione nazionale di cashmere, pellicceria, stoffe pregiate, biancheria per la casa, porcellane, bijoux, raffinati tessuti di arte fiorentina. La qualit\u00e0 \u00e8 sempre rigorosamente declinata anche con la massima convenienza. Bandite per statuto imitazioni e &#8220;cineserie&#8221; di scarso pregio, \u00e8 sui banchi de Gli Ambulanti di Forte di Marmi\u00ae che si trovano le nuove tendenze della moda, spesso riprese anche da tanti fashion blog e magazine femminili.<br \/>\nNon a caso il Consorzio (depositario del marchio unico, originale e registrato \u201cGli Ambulanti di Forte dei Marmi\u201d), nato per primo nel 2002 dall\u2019unione di alcuni dei migliori banchi storicamente e tuttora presenti nello storico e famoso (nel mondo) mercato di Forte dei Marmi, con lo scopo di renderne itinerante lo spettacolo nelle piazze nazionali, \u00e8 stato da allora oggetto di diversi tentativi di imitazione. &#8220;Il nostro \u00e8 un invito \u2013 spiega ancora il Presidente del Consorzio, Andrea Ceccarelli &#8211; a diffidare di ogni tentativo di imitazione e valutare, invece, passando direttamente tra i nostri banchi, la qualit\u00e0 delle nostre merci e l&#8217;immagine coordinata delle nostre bancarelle. Il nostro marchio \u00e8 ormai sinonimo di shopping esclusivo e conveniente&#8221;.<\/p>\n<p>Per conoscere nel dettaglio il calendario completo delle date dei mercati del tour itinerante de Gli Ambulanti di Forte di Marmi\u00ae, \u00e8 possibile consultare l\u2019unico sito web ufficiale (attenzione ai &#8220;fake&#8221;) www.gliambulantidifortedeimarmi.it, dal quale si accede anche alla pagina Facebook da ormai 200mila fans reali e certificati, agli altri social media ed alla App del Consorzio.<\/p>\n<p>Evento-Mercato di qualit\u00e0 con Gli Ambulanti di Forte dei Marmi\u00ae<br \/>\n\u2022 Mercoled\u00ec 13 agosto 2025 \u2013 Piazza Tiziano \u2013 Pieve di Cadore<br \/>\nDalle 8.00 alle 19.00, con orario continuato anche in caso di maltempo<\/p>","protected":false},"excerpt":{"rendered":"<p>Torna per l\u2019estate nel Cadore lo spettacolo del mercato di qualit\u00e0 pi\u00f9 famoso d\u2019Italia Le originali e ormai mitiche boutique a cielo aperto\u00ae sono attese in Piazza Tiziano Gli Ambulanti di Forte dei Marmi\u00ae, le bancarelle del mercato di qualit\u00e0 pi\u00f9 famoso d\u2019Italia, arrivano finalmente per l\u2019estate a grandissima richiesta anche nel Cadore con il [&hellip;]<\/p>\n","protected":false},"author":2,"featured_media":162487,"comment_status":"closed","ping_status":"open","sticky":false,"template":"","format":"standard","meta":{"footnotes":""},"categories":[25,4],"tags":[],"class_list":["post-162486","post","type-post","status-publish","format-standard","has-post-thumbnail","category-pausa-caffe","category-sport"],"yoast_head":"<!-- This site is optimized with the Yoast SEO plugin v28.4 - https:\/\/yoast.com\/product\/yoast-seo-wordpress\/ -->\n<title>Gli Ambulanti di Forte dei Marmi a Pieve di Cadore mercoled\u00ec 13 agosto - Bellunopress - Dolomiti<\/title>\n<meta name=\"robots\" content=\"index, follow, max-snippet:-1, max-image-preview:large, max-video-preview:-1\" \/>\n<link rel=\"canonical\" href=\"https:\/\/www.bellunopress.it\/fr\/2025\/08\/09\/gli-ambulanti-di-forte-dei-marmi-a-pieve-di-cadore-mercoledi-13-agosto\/\" \/>\n<meta property=\"og:locale\" content=\"fr_FR\" \/>\n<meta property=\"og:type\" content=\"article\" \/>\n<meta property=\"og:title\" content=\"Gli Ambulanti di Forte dei Marmi a Pieve di Cadore mercoled\u00ec 13 agosto - Bellunopress - Dolomiti\" \/>\n<meta property=\"og:description\" content=\"Torna per l\u2019estate nel Cadore lo spettacolo del mercato di qualit\u00e0 pi\u00f9 famoso d\u2019Italia Le originali e ormai mitiche boutique a cielo aperto\u00ae sono attese in Piazza Tiziano Gli Ambulanti di Forte dei Marmi\u00ae, le bancarelle del mercato di qualit\u00e0 pi\u00f9 famoso d\u2019Italia, arrivano finalmente per l\u2019estate a grandissima richiesta anche nel Cadore con il [&hellip;]\" \/>\n<meta property=\"og:url\" content=\"https:\/\/www.bellunopress.it\/fr\/2025\/08\/09\/gli-ambulanti-di-forte-dei-marmi-a-pieve-di-cadore-mercoledi-13-agosto\/\" \/>\n<meta property=\"og:site_name\" content=\"Bellunopress - Dolomiti\" \/>\n<meta property=\"article:publisher\" content=\"https:\/\/www.facebook.com\/profile.php?id=100008943462799\" \/>\n<meta property=\"article:published_time\" content=\"2025-08-09T18:46:04+00:00\" \/>\n<meta property=\"og:image\" content=\"https:\/\/www.bellunopress.it\/wp-content\/uploads\/2025\/08\/Ambulanti.jpg\" \/>\n\t<meta property=\"og:image:width\" content=\"800\" \/>\n\t<meta property=\"og:image:height\" content=\"533\" \/>\n\t<meta property=\"og:image:type\" content=\"image\/jpeg\" \/>\n<meta name=\"author\" content=\"redazione\" \/>\n<meta name=\"twitter:card\" content=\"summary_large_image\" \/>\n<meta name=\"twitter:creator\" content=\"@bellunopress\" \/>\n<meta name=\"twitter:site\" content=\"@bellunopress\" \/>\n<meta name=\"twitter:label1\" content=\"\u00c9crit par\" \/>\n\t<meta name=\"twitter:data1\" content=\"redazione\" \/>\n\t<meta name=\"twitter:label2\" content=\"Dur\u00e9e de lecture estim\u00e9e\" \/>\n\t<meta name=\"twitter:data2\" content=\"3 minutes\" \/>\n<script type=\"application\/ld+json\" class=\"yoast-schema-graph\">{\"@context\":\"https:\\\/\\\/schema.org\",\"@graph\":[{\"@type\":\"Article\",\"@id\":\"https:\\\/\\\/www.bellunopress.it\\\/2025\\\/08\\\/09\\\/gli-ambulanti-di-forte-dei-marmi-a-pieve-di-cadore-mercoledi-13-agosto\\\/#article\",\"isPartOf\":{\"@id\":\"https:\\\/\\\/www.bellunopress.it\\\/2025\\\/08\\\/09\\\/gli-ambulanti-di-forte-dei-marmi-a-pieve-di-cadore-mercoledi-13-agosto\\\/\"},\"author\":{\"name\":\"redazione\",\"@id\":\"https:\\\/\\\/www.bellunopress.it\\\/#\\\/schema\\\/person\\\/79bb06722b37ece1c03d3e94beb30d73\"},\"headline\":\"Gli Ambulanti di Forte dei Marmi a Pieve di Cadore mercoled\u00ec 13 agosto\",\"datePublished\":\"2025-08-09T18:46:04+00:00\",\"mainEntityOfPage\":{\"@id\":\"https:\\\/\\\/www.bellunopress.it\\\/2025\\\/08\\\/09\\\/gli-ambulanti-di-forte-dei-marmi-a-pieve-di-cadore-mercoledi-13-agosto\\\/\"},\"wordCount\":552,\"publisher\":{\"@id\":\"https:\\\/\\\/www.bellunopress.it\\\/#organization\"},\"image\":{\"@id\":\"https:\\\/\\\/www.bellunopress.it\\\/2025\\\/08\\\/09\\\/gli-ambulanti-di-forte-dei-marmi-a-pieve-di-cadore-mercoledi-13-agosto\\\/#primaryimage\"},\"thumbnailUrl\":\"https:\\\/\\\/www.bellunopress.it\\\/wp-content\\\/uploads\\\/2025\\\/08\\\/Ambulanti.jpg\",\"articleSection\":[\"Pausa Caff\u00e8\",\"Sport, tempo libero\"],\"inLanguage\":\"fr-FR\"},{\"@type\":\"WebPage\",\"@id\":\"https:\\\/\\\/www.bellunopress.it\\\/2025\\\/08\\\/09\\\/gli-ambulanti-di-forte-dei-marmi-a-pieve-di-cadore-mercoledi-13-agosto\\\/\",\"url\":\"https:\\\/\\\/www.bellunopress.it\\\/2025\\\/08\\\/09\\\/gli-ambulanti-di-forte-dei-marmi-a-pieve-di-cadore-mercoledi-13-agosto\\\/\",\"name\":\"Gli Ambulanti di Forte dei Marmi a Pieve di Cadore mercoled\u00ec 13 agosto - Bellunopress - Dolomiti\",\"isPartOf\":{\"@id\":\"https:\\\/\\\/www.bellunopress.it\\\/#website\"},\"primaryImageOfPage\":{\"@id\":\"https:\\\/\\\/www.bellunopress.it\\\/2025\\\/08\\\/09\\\/gli-ambulanti-di-forte-dei-marmi-a-pieve-di-cadore-mercoledi-13-agosto\\\/#primaryimage\"},\"image\":{\"@id\":\"https:\\\/\\\/www.bellunopress.it\\\/2025\\\/08\\\/09\\\/gli-ambulanti-di-forte-dei-marmi-a-pieve-di-cadore-mercoledi-13-agosto\\\/#primaryimage\"},\"thumbnailUrl\":\"https:\\\/\\\/www.bellunopress.it\\\/wp-content\\\/uploads\\\/2025\\\/08\\\/Ambulanti.jpg\",\"datePublished\":\"2025-08-09T18:46:04+00:00\",\"breadcrumb\":{\"@id\":\"https:\\\/\\\/www.bellunopress.it\\\/2025\\\/08\\\/09\\\/gli-ambulanti-di-forte-dei-marmi-a-pieve-di-cadore-mercoledi-13-agosto\\\/#breadcrumb\"},\"inLanguage\":\"fr-FR\",\"potentialAction\":[{\"@type\":\"ReadAction\",\"target\":[\"https:\\\/\\\/www.bellunopress.it\\\/2025\\\/08\\\/09\\\/gli-ambulanti-di-forte-dei-marmi-a-pieve-di-cadore-mercoledi-13-agosto\\\/\"]}]},{\"@type\":\"ImageObject\",\"inLanguage\":\"fr-FR\",\"@id\":\"https:\\\/\\\/www.bellunopress.it\\\/2025\\\/08\\\/09\\\/gli-ambulanti-di-forte-dei-marmi-a-pieve-di-cadore-mercoledi-13-agosto\\\/#primaryimage\",\"url\":\"https:\\\/\\\/www.bellunopress.it\\\/wp-content\\\/uploads\\\/2025\\\/08\\\/Ambulanti.jpg\",\"contentUrl\":\"https:\\\/\\\/www.bellunopress.it\\\/wp-content\\\/uploads\\\/2025\\\/08\\\/Ambulanti.jpg\",\"width\":800,\"height\":533,\"caption\":\"Gli Ambulanti di Forte dei Marmi\"},{\"@type\":\"BreadcrumbList\",\"@id\":\"https:\\\/\\\/www.bellunopress.it\\\/2025\\\/08\\\/09\\\/gli-ambulanti-di-forte-dei-marmi-a-pieve-di-cadore-mercoledi-13-agosto\\\/#breadcrumb\",\"itemListElement\":[{\"@type\":\"ListItem\",\"position\":1,\"name\":\"Home\",\"item\":\"https:\\\/\\\/www.bellunopress.it\\\/\"},{\"@type\":\"ListItem\",\"position\":2,\"name\":\"Gli Ambulanti di Forte dei Marmi a Pieve di Cadore mercoled\u00ec 13 agosto\"}]},{\"@type\":\"WebSite\",\"@id\":\"https:\\\/\\\/www.bellunopress.it\\\/#website\",\"url\":\"https:\\\/\\\/www.bellunopress.it\\\/\",\"name\":\"Bellunopress - Dolomiti\",\"description\":\"e-mail: redazione@bellunopress.it\",\"publisher\":{\"@id\":\"https:\\\/\\\/www.bellunopress.it\\\/#organization\"},\"potentialAction\":[{\"@type\":\"SearchAction\",\"target\":{\"@type\":\"EntryPoint\",\"urlTemplate\":\"https:\\\/\\\/www.bellunopress.it\\\/?s={search_term_string}\"},\"query-input\":{\"@type\":\"PropertyValueSpecification\",\"valueRequired\":true,\"valueName\":\"search_term_string\"}}],\"inLanguage\":\"fr-FR\"},{\"@type\":\"Organization\",\"@id\":\"https:\\\/\\\/www.bellunopress.it\\\/#organization\",\"name\":\"Bellunopress\",\"url\":\"https:\\\/\\\/www.bellunopress.it\\\/\",\"logo\":{\"@type\":\"ImageObject\",\"inLanguage\":\"fr-FR\",\"@id\":\"https:\\\/\\\/www.bellunopress.it\\\/#\\\/schema\\\/logo\\\/image\\\/\",\"url\":\"https:\\\/\\\/www.bellunopress.it\\\/wp-content\\\/uploads\\\/2011\\\/05\\\/cropped-logo-bellunopress-.jpg\",\"contentUrl\":\"https:\\\/\\\/www.bellunopress.it\\\/wp-content\\\/uploads\\\/2011\\\/05\\\/cropped-logo-bellunopress-.jpg\",\"width\":512,\"height\":512,\"caption\":\"Bellunopress\"},\"image\":{\"@id\":\"https:\\\/\\\/www.bellunopress.it\\\/#\\\/schema\\\/logo\\\/image\\\/\"},\"sameAs\":[\"https:\\\/\\\/www.facebook.com\\\/profile.php?id=100008943462799\",\"https:\\\/\\\/x.com\\\/bellunopress\",\"https:\\\/\\\/www.linkedin.com\\\/hp\\\/?dnr=JBzUWaJfMUw8vbXJJ2tVW5-I3jZKvC4wsoxE&amp;amp;amp;amp;amp;amp;trk=nav_responsive_tab_home\",\"https:\\\/\\\/www.youtube.com\\\/channel\\\/UCxL0wu1uN0_3_7hGG0306cw\"]},{\"@type\":\"Person\",\"@id\":\"https:\\\/\\\/www.bellunopress.it\\\/#\\\/schema\\\/person\\\/79bb06722b37ece1c03d3e94beb30d73\",\"name\":\"redazione\",\"image\":{\"@type\":\"ImageObject\",\"inLanguage\":\"fr-FR\",\"@id\":\"https:\\\/\\\/secure.gravatar.com\\\/avatar\\\/37d968a2e67a6fd04c169c4bdef102d0bc5d31b2546345219e348575eb80e9a0?s=96&d=mm&r=g\",\"url\":\"https:\\\/\\\/secure.gravatar.com\\\/avatar\\\/37d968a2e67a6fd04c169c4bdef102d0bc5d31b2546345219e348575eb80e9a0?s=96&d=mm&r=g\",\"contentUrl\":\"https:\\\/\\\/secure.gravatar.com\\\/avatar\\\/37d968a2e67a6fd04c169c4bdef102d0bc5d31b2546345219e348575eb80e9a0?s=96&d=mm&r=g\",\"caption\":\"redazione\"},\"sameAs\":[\"http:\\\/\\\/www.bellunopress.it\",\"https:\\\/\\\/x.com\\\/bellunopress\"],\"url\":\"https:\\\/\\\/www.bellunopress.it\\\/fr\\\/author\\\/redazione\\\/\"}]}<\/script>\n<!-- \/ Yoast SEO plugin. -->","yoast_head_json":{"title":"Gli Ambulanti di Forte dei Marmi a Pieve di Cadore mercoled\u00ec 13 agosto - Bellunopress - Dolomiti","robots":{"index":"index","follow":"follow","max-snippet":"max-snippet:-1","max-image-preview":"max-image-preview:large","max-video-preview":"max-video-preview:-1"},"canonical":"https:\/\/www.bellunopress.it\/fr\/2025\/08\/09\/gli-ambulanti-di-forte-dei-marmi-a-pieve-di-cadore-mercoledi-13-agosto\/","og_locale":"fr_FR","og_type":"article","og_title":"Gli Ambulanti di Forte dei Marmi a Pieve di Cadore mercoled\u00ec 13 agosto - Bellunopress - Dolomiti","og_description":"Torna per l\u2019estate nel Cadore lo spettacolo del mercato di qualit\u00e0 pi\u00f9 famoso d\u2019Italia Le originali e ormai mitiche boutique a cielo aperto\u00ae sono attese in Piazza Tiziano Gli Ambulanti di Forte dei Marmi\u00ae, le bancarelle del mercato di qualit\u00e0 pi\u00f9 famoso d\u2019Italia, arrivano finalmente per l\u2019estate a grandissima richiesta anche nel Cadore con il [&hellip;]","og_url":"https:\/\/www.bellunopress.it\/fr\/2025\/08\/09\/gli-ambulanti-di-forte-dei-marmi-a-pieve-di-cadore-mercoledi-13-agosto\/","og_site_name":"Bellunopress - Dolomiti","article_publisher":"https:\/\/www.facebook.com\/profile.php?id=100008943462799","article_published_time":"2025-08-09T18:46:04+00:00","og_image":[{"width":800,"height":533,"url":"https:\/\/www.bellunopress.it\/wp-content\/uploads\/2025\/08\/Ambulanti.jpg","type":"image\/jpeg"}],"author":"redazione","twitter_card":"summary_large_image","twitter_creator":"@bellunopress","twitter_site":"@bellunopress","twitter_misc":{"\u00c9crit par":"redazione","Dur\u00e9e de lecture estim\u00e9e":"3 minutes"},"schema":{"@context":"https:\/\/schema.org","@graph":[{"@type":"Article","@id":"https:\/\/www.bellunopress.it\/2025\/08\/09\/gli-ambulanti-di-forte-dei-marmi-a-pieve-di-cadore-mercoledi-13-agosto\/#article","isPartOf":{"@id":"https:\/\/www.bellunopress.it\/2025\/08\/09\/gli-ambulanti-di-forte-dei-marmi-a-pieve-di-cadore-mercoledi-13-agosto\/"},"author":{"name":"redazione","@id":"https:\/\/www.bellunopress.it\/#\/schema\/person\/79bb06722b37ece1c03d3e94beb30d73"},"headline":"Gli Ambulanti di Forte dei Marmi a Pieve di Cadore mercoled\u00ec 13 agosto","datePublished":"2025-08-09T18:46:04+00:00","mainEntityOfPage":{"@id":"https:\/\/www.bellunopress.it\/2025\/08\/09\/gli-ambulanti-di-forte-dei-marmi-a-pieve-di-cadore-mercoledi-13-agosto\/"},"wordCount":552,"publisher":{"@id":"https:\/\/www.bellunopress.it\/#organization"},"image":{"@id":"https:\/\/www.bellunopress.it\/2025\/08\/09\/gli-ambulanti-di-forte-dei-marmi-a-pieve-di-cadore-mercoledi-13-agosto\/#primaryimage"},"thumbnailUrl":"https:\/\/www.bellunopress.it\/wp-content\/uploads\/2025\/08\/Ambulanti.jpg","articleSection":["Pausa Caff\u00e8","Sport, tempo libero"],"inLanguage":"fr-FR"},{"@type":"WebPage","@id":"https:\/\/www.bellunopress.it\/2025\/08\/09\/gli-ambulanti-di-forte-dei-marmi-a-pieve-di-cadore-mercoledi-13-agosto\/","url":"https:\/\/www.bellunopress.it\/2025\/08\/09\/gli-ambulanti-di-forte-dei-marmi-a-pieve-di-cadore-mercoledi-13-agosto\/","name":"Gli Ambulanti di Forte dei Marmi a Pieve di Cadore mercoled\u00ec 13 agosto - Bellunopress - Dolomiti","isPartOf":{"@id":"https:\/\/www.bellunopress.it\/#website"},"primaryImageOfPage":{"@id":"https:\/\/www.bellunopress.it\/2025\/08\/09\/gli-ambulanti-di-forte-dei-marmi-a-pieve-di-cadore-mercoledi-13-agosto\/#primaryimage"},"image":{"@id":"https:\/\/www.bellunopress.it\/2025\/08\/09\/gli-ambulanti-di-forte-dei-marmi-a-pieve-di-cadore-mercoledi-13-agosto\/#primaryimage"},"thumbnailUrl":"https:\/\/www.bellunopress.it\/wp-content\/uploads\/2025\/08\/Ambulanti.jpg","datePublished":"2025-08-09T18:46:04+00:00","breadcrumb":{"@id":"https:\/\/www.bellunopress.it\/2025\/08\/09\/gli-ambulanti-di-forte-dei-marmi-a-pieve-di-cadore-mercoledi-13-agosto\/#breadcrumb"},"inLanguage":"fr-FR","potentialAction":[{"@type":"ReadAction","target":["https:\/\/www.bellunopress.it\/2025\/08\/09\/gli-ambulanti-di-forte-dei-marmi-a-pieve-di-cadore-mercoledi-13-agosto\/"]}]},{"@type":"ImageObject","inLanguage":"fr-FR","@id":"https:\/\/www.bellunopress.it\/2025\/08\/09\/gli-ambulanti-di-forte-dei-marmi-a-pieve-di-cadore-mercoledi-13-agosto\/#primaryimage","url":"https:\/\/www.bellunopress.it\/wp-content\/uploads\/2025\/08\/Ambulanti.jpg","contentUrl":"https:\/\/www.bellunopress.it\/wp-content\/uploads\/2025\/08\/Ambulanti.jpg","width":800,"height":533,"caption":"Gli Ambulanti di Forte dei Marmi"},{"@type":"BreadcrumbList","@id":"https:\/\/www.bellunopress.it\/2025\/08\/09\/gli-ambulanti-di-forte-dei-marmi-a-pieve-di-cadore-mercoledi-13-agosto\/#breadcrumb","itemListElement":[{"@type":"ListItem","position":1,"name":"Home","item":"https:\/\/www.bellunopress.it\/"},{"@type":"ListItem","position":2,"name":"Gli Ambulanti di Forte dei Marmi a Pieve di Cadore mercoled\u00ec 13 agosto"}]},{"@type":"WebSite","@id":"https:\/\/www.bellunopress.it\/#website","url":"https:\/\/www.bellunopress.it\/","name":"Bellunopress - Dolomiti","description":"e-mail: redazione@bellunopress.it","publisher":{"@id":"https:\/\/www.bellunopress.it\/#organization"},"potentialAction":[{"@type":"SearchAction","target":{"@type":"EntryPoint","urlTemplate":"https:\/\/www.bellunopress.it\/?s={search_term_string}"},"query-input":{"@type":"PropertyValueSpecification","valueRequired":true,"valueName":"search_term_string"}}],"inLanguage":"fr-FR"},{"@type":"Organization","@id":"https:\/\/www.bellunopress.it\/#organization","name":"Bellunopress","url":"https:\/\/www.bellunopress.it\/","logo":{"@type":"ImageObject","inLanguage":"fr-FR","@id":"https:\/\/www.bellunopress.it\/#\/schema\/logo\/image\/","url":"https:\/\/www.bellunopress.it\/wp-content\/uploads\/2011\/05\/cropped-logo-bellunopress-.jpg","contentUrl":"https:\/\/www.bellunopress.it\/wp-content\/uploads\/2011\/05\/cropped-logo-bellunopress-.jpg","width":512,"height":512,"caption":"Bellunopress"},"image":{"@id":"https:\/\/www.bellunopress.it\/#\/schema\/logo\/image\/"},"sameAs":["https:\/\/www.facebook.com\/profile.php?id=100008943462799","https:\/\/x.com\/bellunopress","https:\/\/www.linkedin.com\/hp\/?dnr=JBzUWaJfMUw8vbXJJ2tVW5-I3jZKvC4wsoxE&amp;amp;amp;amp;amp;amp;trk=nav_responsive_tab_home","https:\/\/www.youtube.com\/channel\/UCxL0wu1uN0_3_7hGG0306cw"]},{"@type":"Person","@id":"https:\/\/www.bellunopress.it\/#\/schema\/person\/79bb06722b37ece1c03d3e94beb30d73","name":"r\u00e9daction","image":{"@type":"ImageObject","inLanguage":"fr-FR","@id":"https:\/\/secure.gravatar.com\/avatar\/37d968a2e67a6fd04c169c4bdef102d0bc5d31b2546345219e348575eb80e9a0?s=96&d=mm&r=g","url":"https:\/\/secure.gravatar.com\/avatar\/37d968a2e67a6fd04c169c4bdef102d0bc5d31b2546345219e348575eb80e9a0?s=96&d=mm&r=g","contentUrl":"https:\/\/secure.gravatar.com\/avatar\/37d968a2e67a6fd04c169c4bdef102d0bc5d31b2546345219e348575eb80e9a0?s=96&d=mm&r=g","caption":"redazione"},"sameAs":["http:\/\/www.bellunopress.it","https:\/\/x.com\/bellunopress"],"url":"https:\/\/www.bellunopress.it\/fr\/author\/redazione\/"}]}},"_links":{"self":[{"href":"https:\/\/www.bellunopress.it\/fr\/wp-json\/wp\/v2\/posts\/162486","targetHints":{"allow":["GET"]}}],"collection":[{"href":"https:\/\/www.bellunopress.it\/fr\/wp-json\/wp\/v2\/posts"}],"about":[{"href":"https:\/\/www.bellunopress.it\/fr\/wp-json\/wp\/v2\/types\/post"}],"author":[{"embeddable":true,"href":"https:\/\/www.bellunopress.it\/fr\/wp-json\/wp\/v2\/users\/2"}],"replies":[{"embeddable":true,"href":"https:\/\/www.bellunopress.it\/fr\/wp-json\/wp\/v2\/comments?post=162486"}],"version-history":[{"count":1,"href":"https:\/\/www.bellunopress.it\/fr\/wp-json\/wp\/v2\/posts\/162486\/revisions"}],"predecessor-version":[{"id":162488,"href":"https:\/\/www.bellunopress.it\/fr\/wp-json\/wp\/v2\/posts\/162486\/revisions\/162488"}],"wp:featuredmedia":[{"embeddable":true,"href":"https:\/\/www.bellunopress.it\/fr\/wp-json\/wp\/v2\/media\/162487"}],"wp:attachment":[{"href":"https:\/\/www.bellunopress.it\/fr\/wp-json\/wp\/v2\/media?parent=162486"}],"wp:term":[{"taxonomy":"category","embeddable":true,"href":"https:\/\/www.bellunopress.it\/fr\/wp-json\/wp\/v2\/categories?post=162486"},{"taxonomy":"post_tag","embeddable":true,"href":"https:\/\/www.bellunopress.it\/fr\/wp-json\/wp\/v2\/tags?post=162486"}],"curies":[{"name":"wp","href":"https:\/\/api.w.org\/{rel}","templated":true}]}}