{"id":162462,"date":"2025-08-08T10:08:53","date_gmt":"2025-08-08T08:08:53","guid":{"rendered":"https:\/\/www.bellunopress.it\/?p=162462"},"modified":"2025-08-08T10:08:53","modified_gmt":"2025-08-08T08:08:53","slug":"delicious-trail-dolomiti-la-galleria-del-lagazuoi-il-vertical-che-corre-dentro-la-storia","status":"publish","type":"post","link":"https:\/\/www.bellunopress.it\/fr\/2025\/08\/08\/delicious-trail-dolomiti-la-galleria-del-lagazuoi-il-vertical-che-corre-dentro-la-storia\/","title":{"rendered":"Delicious Trail Dolomiti: la galleria del Lagazuoi, il vertical che corre dentro la storia"},"content":{"rendered":"<p><em><img loading=\"lazy\" decoding=\"async\" class=\"aligncenter size-full wp-image-162463\" src=\"https:\/\/www.bellunopress.it\/wp-content\/uploads\/2025\/08\/galleria-Lagazuoi-Delicious-Trail-Dolomiti_edited.jpg\" alt=\"\" width=\"656\" height=\"483\" srcset=\"https:\/\/www.bellunopress.it\/wp-content\/uploads\/2025\/08\/galleria-Lagazuoi-Delicious-Trail-Dolomiti_edited.jpg 656w, https:\/\/www.bellunopress.it\/wp-content\/uploads\/2025\/08\/galleria-Lagazuoi-Delicious-Trail-Dolomiti_edited-500x368.jpg 500w, https:\/\/www.bellunopress.it\/wp-content\/uploads\/2025\/08\/galleria-Lagazuoi-Delicious-Trail-Dolomiti_edited-570x420.jpg 570w, https:\/\/www.bellunopress.it\/wp-content\/uploads\/2025\/08\/galleria-Lagazuoi-Delicious-Trail-Dolomiti_edited-80x60.jpg 80w\" sizes=\"auto, (max-width: 656px) 100vw, 656px\" \/>Alla scoperta della Galleria del Lagazuoi, uno dei tratti pi\u00f9 emozionanti e duri della gara Delicious Trail Dolomiti (43 km) gi\u00e0 sold out e della Medium Delicious Trail (35 km). \u00c8 l\u2019Ingegnere Stefano Illing, che ne ha promosso e seguito il restauro iniziato nel 1997 e durato circa un decennio, a spiegarci le peculiarit\u00e0 di questo luogo che i trail runners percorreranno in salita il prossimo 27 settembre.<\/em><\/p>\n<p>Cortina d\u2019Ampezzo, 8 agosto 2025 &#8211; C&#8217;\u00e8 un punto, lungo il tracciato del Delicious Trail Dolomiti, in cui il fiato si fa corto non solo per lo sforzo fisico, ma anche per l\u2019intensit\u00e0 emotiva del luogo attraversato. \u00c8 la Galleria del Lagazuoi, uno dei segmenti pi\u00f9 suggestivi e simbolici della gara di trail running in programma il prossimo 27 settembre tra le vette delle Dolomiti ampezzane.<\/p>\n<p>La galleria, interamente percorsa dai trail runners, sale lungo i versanti della montagna e conduce dentro uno dei pi\u00f9 impressionanti manufatti della Prima Guerra Mondiale. I partecipanti entrano in galleria con il caschetto che viene fornito all\u2019imbocco della stessa e la percorrono fino all\u2019Anticima del Lagazuoi, in un tratto che \u00e8, prima di tutto, un omaggio ai soldati che qui vissero e combatterono una delle guerre pi\u00f9 dure della storia.<\/p>\n<p><strong>Un vertical nel cuore della montagna<\/strong><\/p>\n<p>Proprio per valorizzare l\u2019unicit\u00e0 di questo tratto, verr\u00e0 assegnato il Gran Premio della Montagna: un riconoscimento al concorrente donna e al concorrente uomo che impiegheranno il minor tempo per percorrere il segmento in salita dal Passo Falzarego (2105 mt) al Rifugio Lagazuoi (2752 mt). Un vero vertical in galleria con una classifica dedicata, che premia potenza, resistenza e rispetto per un tratto unico al mondo: 647 metri di dislivello positivo in circa 1500 metri di storia.<\/p>\n<p><strong>Un\u2019opera recuperata con passione e rispetto<\/strong><\/p>\n<p>La Galleria del Lagazuoi \u00e8 oggi accessibile grazie a un lungo e complesso lavoro di recupero, iniziato nel 1997 e durato circa un decennio, grazie all\u2019impegno dell\u2019Associazione nazionale Alpini, dei soldati di leva della Brigata Tridentina e dei volontari. Un&#8217;impresa titanica portata avanti con dedizione e rispetto filologico.<\/p>\n<p>Spiega l\u2019Ingegner Illing: \u201cLa galleria era ostruita, dove i tratti inclinati incrociavano quelli orizzontali si erano accumulati detriti, ghiaia, fango. In pi\u00f9 di settant\u2019anni nessuno ci aveva pi\u00f9 messo piede\u201d. E mette in luce: \u201cL\u2019idea iniziale era semplicemente capire cosa ci fosse l\u00e0 dentro. All\u2019epoca non c\u2019era consapevolezza dell\u2019estensione e del valore di quell\u2019opera, perch\u00e9 nei libri di storia si parlava delle battaglie, non delle infrastrutture militari. Le opere non erano pensate per durare, ma per servire a un obiettivo: conquistare le linee nemiche\u201d.<\/p>\n<p>Il lavoro \u00e8 stato meticoloso: sono stati ricostruiti oltre mille gradini, posizionati cordini per facilitare la salita e la discesa, installata la cartellonistica e garantita la sicurezza per i visitatori con l\u2019obbligo di casco e lampada frontale. \u201cIn tutto \u2013 aggiunge \u2013 abbiamo accumulato oltre 10.000 giornate di lavoro volontario. Il legname per rinforzare le volte l\u2019abbiamo portato in quota con l\u2019elicottero, inserendolo dalle feritoie. \u00c8 stato un lavoro immane, ma necessario per rendere questo luogo un vero museo all\u2019aperto\u201d.<\/p>\n<p><strong>Un tratto unico al mondo, tra sport e memoria<\/strong><\/p>\n<p>La Galleria, lunga circa un chilometro e mezzo con un dislivello importante, \u00e8 oggi visitabile tutto l\u2019anno, anche in inverno, quando la luce radente del sole filtra dalle feritoie e il gelo crea spettacolari stalattiti di ghiaccio. Ma \u00e8 anche un percorso impegnativo: richiede attenzione, preparazione, e rispetto per la storia che custodisce. \u201c\u00c8 un tratto faticoso non solo per il fisico, ma anche per la mente\u201d, spiega Illing. \u201cC\u2019\u00e8 umidit\u00e0, ci sono tratti bui, e la consapevolezza di trovarsi in un luogo in cui si \u00e8 scritta la storia pu\u00f2 distrarre e rallentare\u201d.<\/p>\n<p>Nonostante questo, ogni anno i partecipanti del Delicious Trail Dolomiti lo attraversano, passo dopo passo, in silenzio o con il respiro un po\u2019 affannato. Per loro \u00e8 un momento di connessione profonda tra sport e memoria.<\/p>\n<p>In cima alla galleria, oggi, si trova anche uno spazio espositivo, il Lagazuoi Expo Dolomiti, con progetti curatoriali come il Lagazuoi Photo Award, che valorizzano la montagna come luogo di riflessione, oltre che di avventura.<\/p>\n<p>Il Delicious Trail Dolomiti non \u00e8 solo una gara: \u00e8 un viaggio di scoperta e di connessione tra presente e passato. E la Galleria del Lagazuoi, aspra, difficile e ricca di memoria, ne rappresenta il cuore pi\u00f9 autentico e toccante.<\/p>\n<p>Sitoweb: www.delicioustrail.it<\/p>","protected":false},"excerpt":{"rendered":"<p>Alla scoperta della Galleria del Lagazuoi, uno dei tratti pi\u00f9 emozionanti e duri della gara Delicious Trail Dolomiti (43 km) gi\u00e0 sold out e della Medium Delicious Trail (35 km). \u00c8 l\u2019Ingegnere Stefano Illing, che ne ha promosso e seguito il restauro iniziato nel 1997 e durato circa un decennio, a spiegarci le peculiarit\u00e0 di [&hellip;]<\/p>\n","protected":false},"author":2,"featured_media":162463,"comment_status":"closed","ping_status":"open","sticky":false,"template":"","format":"standard","meta":{"footnotes":""},"categories":[25,4],"tags":[],"class_list":["post-162462","post","type-post","status-publish","format-standard","has-post-thumbnail","category-pausa-caffe","category-sport"],"yoast_head":"<!-- This site is optimized with the Yoast SEO plugin v28.4 - https:\/\/yoast.com\/product\/yoast-seo-wordpress\/ -->\n<title>Delicious Trail Dolomiti: la galleria del Lagazuoi, il vertical che corre dentro la storia - Bellunopress - Dolomiti<\/title>\n<meta name=\"robots\" content=\"index, follow, max-snippet:-1, max-image-preview:large, max-video-preview:-1\" \/>\n<link rel=\"canonical\" href=\"https:\/\/www.bellunopress.it\/fr\/2025\/08\/08\/delicious-trail-dolomiti-la-galleria-del-lagazuoi-il-vertical-che-corre-dentro-la-storia\/\" \/>\n<meta property=\"og:locale\" content=\"fr_FR\" \/>\n<meta property=\"og:type\" content=\"article\" \/>\n<meta property=\"og:title\" content=\"Delicious Trail Dolomiti: la galleria del Lagazuoi, il vertical che corre dentro la storia - Bellunopress - Dolomiti\" \/>\n<meta property=\"og:description\" content=\"Alla scoperta della Galleria del Lagazuoi, uno dei tratti pi\u00f9 emozionanti e duri della gara Delicious Trail Dolomiti (43 km) gi\u00e0 sold out e della Medium Delicious Trail (35 km). \u00c8 l\u2019Ingegnere Stefano Illing, che ne ha promosso e seguito il restauro iniziato nel 1997 e durato circa un decennio, a spiegarci le peculiarit\u00e0 di [&hellip;]\" \/>\n<meta property=\"og:url\" content=\"https:\/\/www.bellunopress.it\/fr\/2025\/08\/08\/delicious-trail-dolomiti-la-galleria-del-lagazuoi-il-vertical-che-corre-dentro-la-storia\/\" \/>\n<meta property=\"og:site_name\" content=\"Bellunopress - Dolomiti\" \/>\n<meta property=\"article:publisher\" content=\"https:\/\/www.facebook.com\/profile.php?id=100008943462799\" \/>\n<meta property=\"article:published_time\" content=\"2025-08-08T08:08:53+00:00\" \/>\n<meta property=\"og:image\" content=\"https:\/\/www.bellunopress.it\/wp-content\/uploads\/2025\/08\/galleria-Lagazuoi-Delicious-Trail-Dolomiti_edited.jpg\" \/>\n\t<meta property=\"og:image:width\" content=\"656\" \/>\n\t<meta property=\"og:image:height\" content=\"483\" \/>\n\t<meta property=\"og:image:type\" content=\"image\/jpeg\" \/>\n<meta name=\"author\" content=\"redazione\" \/>\n<meta name=\"twitter:card\" content=\"summary_large_image\" \/>\n<meta name=\"twitter:creator\" content=\"@bellunopress\" \/>\n<meta name=\"twitter:site\" content=\"@bellunopress\" \/>\n<meta name=\"twitter:label1\" content=\"\u00c9crit par\" \/>\n\t<meta name=\"twitter:data1\" content=\"redazione\" \/>\n\t<meta name=\"twitter:label2\" content=\"Dur\u00e9e de lecture estim\u00e9e\" \/>\n\t<meta name=\"twitter:data2\" content=\"4 minutes\" \/>\n<script type=\"application\/ld+json\" class=\"yoast-schema-graph\">{\"@context\":\"https:\\\/\\\/schema.org\",\"@graph\":[{\"@type\":\"Article\",\"@id\":\"https:\\\/\\\/www.bellunopress.it\\\/2025\\\/08\\\/08\\\/delicious-trail-dolomiti-la-galleria-del-lagazuoi-il-vertical-che-corre-dentro-la-storia\\\/#article\",\"isPartOf\":{\"@id\":\"https:\\\/\\\/www.bellunopress.it\\\/2025\\\/08\\\/08\\\/delicious-trail-dolomiti-la-galleria-del-lagazuoi-il-vertical-che-corre-dentro-la-storia\\\/\"},\"author\":{\"name\":\"redazione\",\"@id\":\"https:\\\/\\\/www.bellunopress.it\\\/#\\\/schema\\\/person\\\/79bb06722b37ece1c03d3e94beb30d73\"},\"headline\":\"Delicious Trail Dolomiti: la galleria del Lagazuoi, il vertical che corre dentro la storia\",\"datePublished\":\"2025-08-08T08:08:53+00:00\",\"mainEntityOfPage\":{\"@id\":\"https:\\\/\\\/www.bellunopress.it\\\/2025\\\/08\\\/08\\\/delicious-trail-dolomiti-la-galleria-del-lagazuoi-il-vertical-che-corre-dentro-la-storia\\\/\"},\"wordCount\":730,\"publisher\":{\"@id\":\"https:\\\/\\\/www.bellunopress.it\\\/#organization\"},\"image\":{\"@id\":\"https:\\\/\\\/www.bellunopress.it\\\/2025\\\/08\\\/08\\\/delicious-trail-dolomiti-la-galleria-del-lagazuoi-il-vertical-che-corre-dentro-la-storia\\\/#primaryimage\"},\"thumbnailUrl\":\"https:\\\/\\\/www.bellunopress.it\\\/wp-content\\\/uploads\\\/2025\\\/08\\\/galleria-Lagazuoi-Delicious-Trail-Dolomiti_edited.jpg\",\"articleSection\":[\"Pausa Caff\u00e8\",\"Sport, tempo libero\"],\"inLanguage\":\"fr-FR\"},{\"@type\":\"WebPage\",\"@id\":\"https:\\\/\\\/www.bellunopress.it\\\/2025\\\/08\\\/08\\\/delicious-trail-dolomiti-la-galleria-del-lagazuoi-il-vertical-che-corre-dentro-la-storia\\\/\",\"url\":\"https:\\\/\\\/www.bellunopress.it\\\/2025\\\/08\\\/08\\\/delicious-trail-dolomiti-la-galleria-del-lagazuoi-il-vertical-che-corre-dentro-la-storia\\\/\",\"name\":\"Delicious Trail Dolomiti: la galleria del Lagazuoi, il vertical che corre dentro la storia - Bellunopress - Dolomiti\",\"isPartOf\":{\"@id\":\"https:\\\/\\\/www.bellunopress.it\\\/#website\"},\"primaryImageOfPage\":{\"@id\":\"https:\\\/\\\/www.bellunopress.it\\\/2025\\\/08\\\/08\\\/delicious-trail-dolomiti-la-galleria-del-lagazuoi-il-vertical-che-corre-dentro-la-storia\\\/#primaryimage\"},\"image\":{\"@id\":\"https:\\\/\\\/www.bellunopress.it\\\/2025\\\/08\\\/08\\\/delicious-trail-dolomiti-la-galleria-del-lagazuoi-il-vertical-che-corre-dentro-la-storia\\\/#primaryimage\"},\"thumbnailUrl\":\"https:\\\/\\\/www.bellunopress.it\\\/wp-content\\\/uploads\\\/2025\\\/08\\\/galleria-Lagazuoi-Delicious-Trail-Dolomiti_edited.jpg\",\"datePublished\":\"2025-08-08T08:08:53+00:00\",\"breadcrumb\":{\"@id\":\"https:\\\/\\\/www.bellunopress.it\\\/2025\\\/08\\\/08\\\/delicious-trail-dolomiti-la-galleria-del-lagazuoi-il-vertical-che-corre-dentro-la-storia\\\/#breadcrumb\"},\"inLanguage\":\"fr-FR\",\"potentialAction\":[{\"@type\":\"ReadAction\",\"target\":[\"https:\\\/\\\/www.bellunopress.it\\\/2025\\\/08\\\/08\\\/delicious-trail-dolomiti-la-galleria-del-lagazuoi-il-vertical-che-corre-dentro-la-storia\\\/\"]}]},{\"@type\":\"ImageObject\",\"inLanguage\":\"fr-FR\",\"@id\":\"https:\\\/\\\/www.bellunopress.it\\\/2025\\\/08\\\/08\\\/delicious-trail-dolomiti-la-galleria-del-lagazuoi-il-vertical-che-corre-dentro-la-storia\\\/#primaryimage\",\"url\":\"https:\\\/\\\/www.bellunopress.it\\\/wp-content\\\/uploads\\\/2025\\\/08\\\/galleria-Lagazuoi-Delicious-Trail-Dolomiti_edited.jpg\",\"contentUrl\":\"https:\\\/\\\/www.bellunopress.it\\\/wp-content\\\/uploads\\\/2025\\\/08\\\/galleria-Lagazuoi-Delicious-Trail-Dolomiti_edited.jpg\",\"width\":656,\"height\":483},{\"@type\":\"BreadcrumbList\",\"@id\":\"https:\\\/\\\/www.bellunopress.it\\\/2025\\\/08\\\/08\\\/delicious-trail-dolomiti-la-galleria-del-lagazuoi-il-vertical-che-corre-dentro-la-storia\\\/#breadcrumb\",\"itemListElement\":[{\"@type\":\"ListItem\",\"position\":1,\"name\":\"Home\",\"item\":\"https:\\\/\\\/www.bellunopress.it\\\/\"},{\"@type\":\"ListItem\",\"position\":2,\"name\":\"Delicious Trail Dolomiti: la galleria del Lagazuoi, il vertical che corre dentro la storia\"}]},{\"@type\":\"WebSite\",\"@id\":\"https:\\\/\\\/www.bellunopress.it\\\/#website\",\"url\":\"https:\\\/\\\/www.bellunopress.it\\\/\",\"name\":\"Bellunopress - Dolomiti\",\"description\":\"e-mail: redazione@bellunopress.it\",\"publisher\":{\"@id\":\"https:\\\/\\\/www.bellunopress.it\\\/#organization\"},\"potentialAction\":[{\"@type\":\"SearchAction\",\"target\":{\"@type\":\"EntryPoint\",\"urlTemplate\":\"https:\\\/\\\/www.bellunopress.it\\\/?s={search_term_string}\"},\"query-input\":{\"@type\":\"PropertyValueSpecification\",\"valueRequired\":true,\"valueName\":\"search_term_string\"}}],\"inLanguage\":\"fr-FR\"},{\"@type\":\"Organization\",\"@id\":\"https:\\\/\\\/www.bellunopress.it\\\/#organization\",\"name\":\"Bellunopress\",\"url\":\"https:\\\/\\\/www.bellunopress.it\\\/\",\"logo\":{\"@type\":\"ImageObject\",\"inLanguage\":\"fr-FR\",\"@id\":\"https:\\\/\\\/www.bellunopress.it\\\/#\\\/schema\\\/logo\\\/image\\\/\",\"url\":\"https:\\\/\\\/www.bellunopress.it\\\/wp-content\\\/uploads\\\/2011\\\/05\\\/cropped-logo-bellunopress-.jpg\",\"contentUrl\":\"https:\\\/\\\/www.bellunopress.it\\\/wp-content\\\/uploads\\\/2011\\\/05\\\/cropped-logo-bellunopress-.jpg\",\"width\":512,\"height\":512,\"caption\":\"Bellunopress\"},\"image\":{\"@id\":\"https:\\\/\\\/www.bellunopress.it\\\/#\\\/schema\\\/logo\\\/image\\\/\"},\"sameAs\":[\"https:\\\/\\\/www.facebook.com\\\/profile.php?id=100008943462799\",\"https:\\\/\\\/x.com\\\/bellunopress\",\"https:\\\/\\\/www.linkedin.com\\\/hp\\\/?dnr=JBzUWaJfMUw8vbXJJ2tVW5-I3jZKvC4wsoxE&amp;amp;amp;amp;amp;amp;trk=nav_responsive_tab_home\",\"https:\\\/\\\/www.youtube.com\\\/channel\\\/UCxL0wu1uN0_3_7hGG0306cw\"]},{\"@type\":\"Person\",\"@id\":\"https:\\\/\\\/www.bellunopress.it\\\/#\\\/schema\\\/person\\\/79bb06722b37ece1c03d3e94beb30d73\",\"name\":\"redazione\",\"image\":{\"@type\":\"ImageObject\",\"inLanguage\":\"fr-FR\",\"@id\":\"https:\\\/\\\/secure.gravatar.com\\\/avatar\\\/37d968a2e67a6fd04c169c4bdef102d0bc5d31b2546345219e348575eb80e9a0?s=96&d=mm&r=g\",\"url\":\"https:\\\/\\\/secure.gravatar.com\\\/avatar\\\/37d968a2e67a6fd04c169c4bdef102d0bc5d31b2546345219e348575eb80e9a0?s=96&d=mm&r=g\",\"contentUrl\":\"https:\\\/\\\/secure.gravatar.com\\\/avatar\\\/37d968a2e67a6fd04c169c4bdef102d0bc5d31b2546345219e348575eb80e9a0?s=96&d=mm&r=g\",\"caption\":\"redazione\"},\"sameAs\":[\"http:\\\/\\\/www.bellunopress.it\",\"https:\\\/\\\/x.com\\\/bellunopress\"],\"url\":\"https:\\\/\\\/www.bellunopress.it\\\/fr\\\/author\\\/redazione\\\/\"}]}<\/script>\n<!-- \/ Yoast SEO plugin. -->","yoast_head_json":{"title":"Delicious Trail Dolomiti: la galleria del Lagazuoi, il vertical che corre dentro la storia - Bellunopress - Dolomiti","robots":{"index":"index","follow":"follow","max-snippet":"max-snippet:-1","max-image-preview":"max-image-preview:large","max-video-preview":"max-video-preview:-1"},"canonical":"https:\/\/www.bellunopress.it\/fr\/2025\/08\/08\/delicious-trail-dolomiti-la-galleria-del-lagazuoi-il-vertical-che-corre-dentro-la-storia\/","og_locale":"fr_FR","og_type":"article","og_title":"Delicious Trail Dolomiti: la galleria del Lagazuoi, il vertical che corre dentro la storia - Bellunopress - Dolomiti","og_description":"Alla scoperta della Galleria del Lagazuoi, uno dei tratti pi\u00f9 emozionanti e duri della gara Delicious Trail Dolomiti (43 km) gi\u00e0 sold out e della Medium Delicious Trail (35 km). \u00c8 l\u2019Ingegnere Stefano Illing, che ne ha promosso e seguito il restauro iniziato nel 1997 e durato circa un decennio, a spiegarci le peculiarit\u00e0 di [&hellip;]","og_url":"https:\/\/www.bellunopress.it\/fr\/2025\/08\/08\/delicious-trail-dolomiti-la-galleria-del-lagazuoi-il-vertical-che-corre-dentro-la-storia\/","og_site_name":"Bellunopress - Dolomiti","article_publisher":"https:\/\/www.facebook.com\/profile.php?id=100008943462799","article_published_time":"2025-08-08T08:08:53+00:00","og_image":[{"width":656,"height":483,"url":"https:\/\/www.bellunopress.it\/wp-content\/uploads\/2025\/08\/galleria-Lagazuoi-Delicious-Trail-Dolomiti_edited.jpg","type":"image\/jpeg"}],"author":"redazione","twitter_card":"summary_large_image","twitter_creator":"@bellunopress","twitter_site":"@bellunopress","twitter_misc":{"\u00c9crit par":"redazione","Dur\u00e9e de lecture estim\u00e9e":"4 minutes"},"schema":{"@context":"https:\/\/schema.org","@graph":[{"@type":"Article","@id":"https:\/\/www.bellunopress.it\/2025\/08\/08\/delicious-trail-dolomiti-la-galleria-del-lagazuoi-il-vertical-che-corre-dentro-la-storia\/#article","isPartOf":{"@id":"https:\/\/www.bellunopress.it\/2025\/08\/08\/delicious-trail-dolomiti-la-galleria-del-lagazuoi-il-vertical-che-corre-dentro-la-storia\/"},"author":{"name":"redazione","@id":"https:\/\/www.bellunopress.it\/#\/schema\/person\/79bb06722b37ece1c03d3e94beb30d73"},"headline":"Delicious Trail Dolomiti: la galleria del Lagazuoi, il vertical che corre dentro la storia","datePublished":"2025-08-08T08:08:53+00:00","mainEntityOfPage":{"@id":"https:\/\/www.bellunopress.it\/2025\/08\/08\/delicious-trail-dolomiti-la-galleria-del-lagazuoi-il-vertical-che-corre-dentro-la-storia\/"},"wordCount":730,"publisher":{"@id":"https:\/\/www.bellunopress.it\/#organization"},"image":{"@id":"https:\/\/www.bellunopress.it\/2025\/08\/08\/delicious-trail-dolomiti-la-galleria-del-lagazuoi-il-vertical-che-corre-dentro-la-storia\/#primaryimage"},"thumbnailUrl":"https:\/\/www.bellunopress.it\/wp-content\/uploads\/2025\/08\/galleria-Lagazuoi-Delicious-Trail-Dolomiti_edited.jpg","articleSection":["Pausa Caff\u00e8","Sport, tempo libero"],"inLanguage":"fr-FR"},{"@type":"WebPage","@id":"https:\/\/www.bellunopress.it\/2025\/08\/08\/delicious-trail-dolomiti-la-galleria-del-lagazuoi-il-vertical-che-corre-dentro-la-storia\/","url":"https:\/\/www.bellunopress.it\/2025\/08\/08\/delicious-trail-dolomiti-la-galleria-del-lagazuoi-il-vertical-che-corre-dentro-la-storia\/","name":"Delicious Trail Dolomiti: la galleria del Lagazuoi, il vertical che corre dentro la storia - Bellunopress - Dolomiti","isPartOf":{"@id":"https:\/\/www.bellunopress.it\/#website"},"primaryImageOfPage":{"@id":"https:\/\/www.bellunopress.it\/2025\/08\/08\/delicious-trail-dolomiti-la-galleria-del-lagazuoi-il-vertical-che-corre-dentro-la-storia\/#primaryimage"},"image":{"@id":"https:\/\/www.bellunopress.it\/2025\/08\/08\/delicious-trail-dolomiti-la-galleria-del-lagazuoi-il-vertical-che-corre-dentro-la-storia\/#primaryimage"},"thumbnailUrl":"https:\/\/www.bellunopress.it\/wp-content\/uploads\/2025\/08\/galleria-Lagazuoi-Delicious-Trail-Dolomiti_edited.jpg","datePublished":"2025-08-08T08:08:53+00:00","breadcrumb":{"@id":"https:\/\/www.bellunopress.it\/2025\/08\/08\/delicious-trail-dolomiti-la-galleria-del-lagazuoi-il-vertical-che-corre-dentro-la-storia\/#breadcrumb"},"inLanguage":"fr-FR","potentialAction":[{"@type":"ReadAction","target":["https:\/\/www.bellunopress.it\/2025\/08\/08\/delicious-trail-dolomiti-la-galleria-del-lagazuoi-il-vertical-che-corre-dentro-la-storia\/"]}]},{"@type":"ImageObject","inLanguage":"fr-FR","@id":"https:\/\/www.bellunopress.it\/2025\/08\/08\/delicious-trail-dolomiti-la-galleria-del-lagazuoi-il-vertical-che-corre-dentro-la-storia\/#primaryimage","url":"https:\/\/www.bellunopress.it\/wp-content\/uploads\/2025\/08\/galleria-Lagazuoi-Delicious-Trail-Dolomiti_edited.jpg","contentUrl":"https:\/\/www.bellunopress.it\/wp-content\/uploads\/2025\/08\/galleria-Lagazuoi-Delicious-Trail-Dolomiti_edited.jpg","width":656,"height":483},{"@type":"BreadcrumbList","@id":"https:\/\/www.bellunopress.it\/2025\/08\/08\/delicious-trail-dolomiti-la-galleria-del-lagazuoi-il-vertical-che-corre-dentro-la-storia\/#breadcrumb","itemListElement":[{"@type":"ListItem","position":1,"name":"Home","item":"https:\/\/www.bellunopress.it\/"},{"@type":"ListItem","position":2,"name":"Delicious Trail Dolomiti: la galleria del Lagazuoi, il vertical che corre dentro la storia"}]},{"@type":"WebSite","@id":"https:\/\/www.bellunopress.it\/#website","url":"https:\/\/www.bellunopress.it\/","name":"Bellunopress - Dolomiti","description":"e-mail: redazione@bellunopress.it","publisher":{"@id":"https:\/\/www.bellunopress.it\/#organization"},"potentialAction":[{"@type":"SearchAction","target":{"@type":"EntryPoint","urlTemplate":"https:\/\/www.bellunopress.it\/?s={search_term_string}"},"query-input":{"@type":"PropertyValueSpecification","valueRequired":true,"valueName":"search_term_string"}}],"inLanguage":"fr-FR"},{"@type":"Organization","@id":"https:\/\/www.bellunopress.it\/#organization","name":"Bellunopress","url":"https:\/\/www.bellunopress.it\/","logo":{"@type":"ImageObject","inLanguage":"fr-FR","@id":"https:\/\/www.bellunopress.it\/#\/schema\/logo\/image\/","url":"https:\/\/www.bellunopress.it\/wp-content\/uploads\/2011\/05\/cropped-logo-bellunopress-.jpg","contentUrl":"https:\/\/www.bellunopress.it\/wp-content\/uploads\/2011\/05\/cropped-logo-bellunopress-.jpg","width":512,"height":512,"caption":"Bellunopress"},"image":{"@id":"https:\/\/www.bellunopress.it\/#\/schema\/logo\/image\/"},"sameAs":["https:\/\/www.facebook.com\/profile.php?id=100008943462799","https:\/\/x.com\/bellunopress","https:\/\/www.linkedin.com\/hp\/?dnr=JBzUWaJfMUw8vbXJJ2tVW5-I3jZKvC4wsoxE&amp;amp;amp;amp;amp;amp;trk=nav_responsive_tab_home","https:\/\/www.youtube.com\/channel\/UCxL0wu1uN0_3_7hGG0306cw"]},{"@type":"Person","@id":"https:\/\/www.bellunopress.it\/#\/schema\/person\/79bb06722b37ece1c03d3e94beb30d73","name":"r\u00e9daction","image":{"@type":"ImageObject","inLanguage":"fr-FR","@id":"https:\/\/secure.gravatar.com\/avatar\/37d968a2e67a6fd04c169c4bdef102d0bc5d31b2546345219e348575eb80e9a0?s=96&d=mm&r=g","url":"https:\/\/secure.gravatar.com\/avatar\/37d968a2e67a6fd04c169c4bdef102d0bc5d31b2546345219e348575eb80e9a0?s=96&d=mm&r=g","contentUrl":"https:\/\/secure.gravatar.com\/avatar\/37d968a2e67a6fd04c169c4bdef102d0bc5d31b2546345219e348575eb80e9a0?s=96&d=mm&r=g","caption":"redazione"},"sameAs":["http:\/\/www.bellunopress.it","https:\/\/x.com\/bellunopress"],"url":"https:\/\/www.bellunopress.it\/fr\/author\/redazione\/"}]}},"_links":{"self":[{"href":"https:\/\/www.bellunopress.it\/fr\/wp-json\/wp\/v2\/posts\/162462","targetHints":{"allow":["GET"]}}],"collection":[{"href":"https:\/\/www.bellunopress.it\/fr\/wp-json\/wp\/v2\/posts"}],"about":[{"href":"https:\/\/www.bellunopress.it\/fr\/wp-json\/wp\/v2\/types\/post"}],"author":[{"embeddable":true,"href":"https:\/\/www.bellunopress.it\/fr\/wp-json\/wp\/v2\/users\/2"}],"replies":[{"embeddable":true,"href":"https:\/\/www.bellunopress.it\/fr\/wp-json\/wp\/v2\/comments?post=162462"}],"version-history":[{"count":1,"href":"https:\/\/www.bellunopress.it\/fr\/wp-json\/wp\/v2\/posts\/162462\/revisions"}],"predecessor-version":[{"id":162464,"href":"https:\/\/www.bellunopress.it\/fr\/wp-json\/wp\/v2\/posts\/162462\/revisions\/162464"}],"wp:featuredmedia":[{"embeddable":true,"href":"https:\/\/www.bellunopress.it\/fr\/wp-json\/wp\/v2\/media\/162463"}],"wp:attachment":[{"href":"https:\/\/www.bellunopress.it\/fr\/wp-json\/wp\/v2\/media?parent=162462"}],"wp:term":[{"taxonomy":"category","embeddable":true,"href":"https:\/\/www.bellunopress.it\/fr\/wp-json\/wp\/v2\/categories?post=162462"},{"taxonomy":"post_tag","embeddable":true,"href":"https:\/\/www.bellunopress.it\/fr\/wp-json\/wp\/v2\/tags?post=162462"}],"curies":[{"name":"wp","href":"https:\/\/api.w.org\/{rel}","templated":true}]}}