{"id":162458,"date":"2025-08-08T09:17:57","date_gmt":"2025-08-08T07:17:57","guid":{"rendered":"https:\/\/www.bellunopress.it\/?p=162458"},"modified":"2025-08-08T09:17:57","modified_gmt":"2025-08-08T07:17:57","slug":"belluno-cantieri-piu-sicuri-16-di-infortuni-in-tre-anni-la-formazione-leva-strategica","status":"publish","type":"post","link":"https:\/\/www.bellunopress.it\/fr\/2025\/08\/08\/belluno-cantieri-piu-sicuri-16-di-infortuni-in-tre-anni-la-formazione-leva-strategica\/","title":{"rendered":"Belluno, cantieri pi\u00f9 sicuri: &#8211; 16% di infortuni in tre anni. La formazione leva strategica"},"content":{"rendered":"<p><img loading=\"lazy\" decoding=\"async\" class=\"aligncenter size-full wp-image-155556\" src=\"https:\/\/www.bellunopress.it\/wp-content\/uploads\/2024\/11\/Ance-Belluno-Confindustria_edited.jpg\" alt=\"\" width=\"1000\" height=\"529\" srcset=\"https:\/\/www.bellunopress.it\/wp-content\/uploads\/2024\/11\/Ance-Belluno-Confindustria_edited.jpg 1000w, https:\/\/www.bellunopress.it\/wp-content\/uploads\/2024\/11\/Ance-Belluno-Confindustria_edited-500x265.jpg 500w, https:\/\/www.bellunopress.it\/wp-content\/uploads\/2024\/11\/Ance-Belluno-Confindustria_edited-794x420.jpg 794w, https:\/\/www.bellunopress.it\/wp-content\/uploads\/2024\/11\/Ance-Belluno-Confindustria_edited-696x368.jpg 696w\" sizes=\"auto, (max-width: 1000px) 100vw, 1000px\" \/>Belluno, 8 agosto 2025 &#8211; Belluno registra una dinamica incoraggiante sul fronte della sicurezza nei cantieri: secondo l\u2019ultima elaborazione di ANCE Belluno su dati INAIL, il numero complessivo di infortuni registrati nel comparto edile provinciale \u00e8 sceso da 215 casi nel 2021 a 180 nel 2023. Una contrazione pari al 16,3%, che si discosta nettamente dalla sostanziale stabilit\u00e0 registrata a livello regionale nello stesso triennio (+0,9%). Il dato evidenzia l\u2019efficacia di un sistema di prevenzione consolidato, in cui convergono la crescente sensibilit\u00e0 delle imprese \u2013 in particolare quelle associate \u2013 e il ruolo strategico del Centro per la Formazione e Sicurezza (CFS) di Sedico, divenuto vero e proprio presidio territoriale in materia.<\/p>\n<p>Tuttavia, la tendenza positiva non esclude oscillazioni intermedie: tra il 2022 e il 2023 si \u00e8 registrato un lieve incremento degli infortuni, da 172 a 180 casi (+6,3%). Un rimbalzo che deve essere letto alla luce del sensibile aumento degli addetti nei cantieri, riconducibile alla spinta generata dagli interventi del PNRR e dalle opere connesse ai Giochi olimpici. Secondo la Cassa Edile di Belluno, la forza lavoro nel comparto \u00e8 passata da circa 3.800 unit\u00e0 (2021\/22) a oltre 4.800 (2023\/24), delineando un salto occupazionale che il territorio non sperimentava da tempo.<\/p>\n<p>\u201cL\u2019aumento del numero di lavoratori e delle ore lavorate determina inevitabilmente una maggiore esposizione al rischio. Ci\u00f2 che conta \u00e8 contenere il tasso di incidenza individuale, obiettivo su cui il nostro sistema sta operando con coerenza\u201d, afferma Paolo De Cian, presidente di ANCE Belluno.<\/p>\n<p>L\u2019associazione invita dunque a una lettura prudente delle percentuali: con 180 casi, Belluno rappresenta il 5% del totale infortunistico veneto. \u201cIn contesti numericamente ridotti, anche variazioni marginali producono effetti percentuali amplificati. \u00c8 per questo che il monitoraggio pluriennale resta la metrica pi\u00f9 affidabile per valutare la tenuta del sistema\u201d, sottolinea De Cian.<\/p>\n<p>Alla base dei risultati vi \u00e8 un impegno condiviso lungo l\u2019intera filiera delle costruzioni, dall\u2019operaio all\u2019impresa. L\u2019adesione ad ANCE rappresenta una scelta di campo precisa: \u201cEssere impresa associata significa aderire a un modello che mette al centro la sicurezza e valorizza le relazioni industriali. L\u2019ultimo rinnovo contrattuale siglato a inizio anno ne \u00e8 un chiaro esempio\u201d, prosegue il presidente.<\/p>\n<p>Un capitolo fondamentale \u00e8 quello della formazione, riconosciuta come strumento primario di prevenzione. Il Centro di Formazione sulla Sicurezza (CFS) di Sedico \u2013 ente bilaterale gestito da parti datoriali e sindacali \u2013 ha erogato nel biennio 2023\/24 oltre 2.800 ore di formazione, con una crescita del 14,5% rispetto al periodo 2021\/22.<\/p>\n<p>Nonostante le pressioni derivanti dalle scadenze del PNRR e la persistente carenza di manodopera qualificata, il comparto edile bellunese sta consolidando una cultura della sicurezza strutturata e proiettata al lungo termine. \u201cL\u2019obiettivo resta una riduzione progressiva e strutturale dell\u2019incidenza infortunistica. Solo investendo su capitale umano e cultura della prevenzione sar\u00e0 possibile garantire sostenibilit\u00e0 e competitivit\u00e0 all\u2019intero settore\u201d, conclude De Cian.<\/p>\n<p>&nbsp;<\/p>","protected":false},"excerpt":{"rendered":"<p>Belluno, 8 agosto 2025 &#8211; Belluno registra una dinamica incoraggiante sul fronte della sicurezza nei cantieri: secondo l\u2019ultima elaborazione di ANCE Belluno su dati INAIL, il numero complessivo di infortuni registrati nel comparto edile provinciale \u00e8 sceso da 215 casi nel 2021 a 180 nel 2023. Una contrazione pari al 16,3%, che si discosta nettamente [&hellip;]<\/p>\n","protected":false},"author":2,"featured_media":155556,"comment_status":"closed","ping_status":"open","sticky":false,"template":"","format":"standard","meta":{"footnotes":""},"categories":[36,26],"tags":[],"class_list":["post-162458","post","type-post","status-publish","format-standard","has-post-thumbnail","category-lavoro-economia","category-prima-pagina"],"yoast_head":"<!-- This site is optimized with the Yoast SEO plugin v28.4 - https:\/\/yoast.com\/product\/yoast-seo-wordpress\/ -->\n<title>Belluno, cantieri pi\u00f9 sicuri: - 16% di infortuni in tre anni. La formazione leva strategica - Bellunopress - Dolomiti<\/title>\n<meta name=\"robots\" content=\"index, follow, max-snippet:-1, max-image-preview:large, max-video-preview:-1\" \/>\n<link rel=\"canonical\" href=\"https:\/\/www.bellunopress.it\/fr\/2025\/08\/08\/belluno-cantieri-piu-sicuri-16-di-infortuni-in-tre-anni-la-formazione-leva-strategica\/\" \/>\n<meta property=\"og:locale\" content=\"fr_FR\" \/>\n<meta property=\"og:type\" content=\"article\" \/>\n<meta property=\"og:title\" content=\"Belluno, cantieri pi\u00f9 sicuri: - 16% di infortuni in tre anni. La formazione leva strategica - Bellunopress - Dolomiti\" \/>\n<meta property=\"og:description\" content=\"Belluno, 8 agosto 2025 &#8211; Belluno registra una dinamica incoraggiante sul fronte della sicurezza nei cantieri: secondo l\u2019ultima elaborazione di ANCE Belluno su dati INAIL, il numero complessivo di infortuni registrati nel comparto edile provinciale \u00e8 sceso da 215 casi nel 2021 a 180 nel 2023. Una contrazione pari al 16,3%, che si discosta nettamente [&hellip;]\" \/>\n<meta property=\"og:url\" content=\"https:\/\/www.bellunopress.it\/fr\/2025\/08\/08\/belluno-cantieri-piu-sicuri-16-di-infortuni-in-tre-anni-la-formazione-leva-strategica\/\" \/>\n<meta property=\"og:site_name\" content=\"Bellunopress - Dolomiti\" \/>\n<meta property=\"article:publisher\" content=\"https:\/\/www.facebook.com\/profile.php?id=100008943462799\" \/>\n<meta property=\"article:published_time\" content=\"2025-08-08T07:17:57+00:00\" \/>\n<meta property=\"og:image\" content=\"https:\/\/www.bellunopress.it\/wp-content\/uploads\/2024\/11\/Ance-Belluno-Confindustria_edited.jpg\" \/>\n\t<meta property=\"og:image:width\" content=\"1000\" \/>\n\t<meta property=\"og:image:height\" content=\"529\" \/>\n\t<meta property=\"og:image:type\" content=\"image\/jpeg\" \/>\n<meta name=\"author\" content=\"redazione\" \/>\n<meta name=\"twitter:card\" content=\"summary_large_image\" \/>\n<meta name=\"twitter:creator\" content=\"@bellunopress\" \/>\n<meta name=\"twitter:site\" content=\"@bellunopress\" \/>\n<meta name=\"twitter:label1\" content=\"\u00c9crit par\" \/>\n\t<meta name=\"twitter:data1\" content=\"redazione\" \/>\n\t<meta name=\"twitter:label2\" content=\"Dur\u00e9e de lecture estim\u00e9e\" \/>\n\t<meta name=\"twitter:data2\" content=\"2 minutes\" \/>\n<script type=\"application\/ld+json\" class=\"yoast-schema-graph\">{\"@context\":\"https:\\\/\\\/schema.org\",\"@graph\":[{\"@type\":\"Article\",\"@id\":\"https:\\\/\\\/www.bellunopress.it\\\/2025\\\/08\\\/08\\\/belluno-cantieri-piu-sicuri-16-di-infortuni-in-tre-anni-la-formazione-leva-strategica\\\/#article\",\"isPartOf\":{\"@id\":\"https:\\\/\\\/www.bellunopress.it\\\/2025\\\/08\\\/08\\\/belluno-cantieri-piu-sicuri-16-di-infortuni-in-tre-anni-la-formazione-leva-strategica\\\/\"},\"author\":{\"name\":\"redazione\",\"@id\":\"https:\\\/\\\/www.bellunopress.it\\\/#\\\/schema\\\/person\\\/79bb06722b37ece1c03d3e94beb30d73\"},\"headline\":\"Belluno, cantieri pi\u00f9 sicuri: &#8211; 16% di infortuni in tre anni. La formazione leva strategica\",\"datePublished\":\"2025-08-08T07:17:57+00:00\",\"mainEntityOfPage\":{\"@id\":\"https:\\\/\\\/www.bellunopress.it\\\/2025\\\/08\\\/08\\\/belluno-cantieri-piu-sicuri-16-di-infortuni-in-tre-anni-la-formazione-leva-strategica\\\/\"},\"wordCount\":461,\"publisher\":{\"@id\":\"https:\\\/\\\/www.bellunopress.it\\\/#organization\"},\"image\":{\"@id\":\"https:\\\/\\\/www.bellunopress.it\\\/2025\\\/08\\\/08\\\/belluno-cantieri-piu-sicuri-16-di-infortuni-in-tre-anni-la-formazione-leva-strategica\\\/#primaryimage\"},\"thumbnailUrl\":\"https:\\\/\\\/www.bellunopress.it\\\/wp-content\\\/uploads\\\/2024\\\/11\\\/Ance-Belluno-Confindustria_edited.jpg\",\"articleSection\":[\"Lavoro, Economia, Turismo\",\"Prima Pagina\"],\"inLanguage\":\"fr-FR\"},{\"@type\":\"WebPage\",\"@id\":\"https:\\\/\\\/www.bellunopress.it\\\/2025\\\/08\\\/08\\\/belluno-cantieri-piu-sicuri-16-di-infortuni-in-tre-anni-la-formazione-leva-strategica\\\/\",\"url\":\"https:\\\/\\\/www.bellunopress.it\\\/2025\\\/08\\\/08\\\/belluno-cantieri-piu-sicuri-16-di-infortuni-in-tre-anni-la-formazione-leva-strategica\\\/\",\"name\":\"Belluno, cantieri pi\u00f9 sicuri: - 16% di infortuni in tre anni. La formazione leva strategica - Bellunopress - Dolomiti\",\"isPartOf\":{\"@id\":\"https:\\\/\\\/www.bellunopress.it\\\/#website\"},\"primaryImageOfPage\":{\"@id\":\"https:\\\/\\\/www.bellunopress.it\\\/2025\\\/08\\\/08\\\/belluno-cantieri-piu-sicuri-16-di-infortuni-in-tre-anni-la-formazione-leva-strategica\\\/#primaryimage\"},\"image\":{\"@id\":\"https:\\\/\\\/www.bellunopress.it\\\/2025\\\/08\\\/08\\\/belluno-cantieri-piu-sicuri-16-di-infortuni-in-tre-anni-la-formazione-leva-strategica\\\/#primaryimage\"},\"thumbnailUrl\":\"https:\\\/\\\/www.bellunopress.it\\\/wp-content\\\/uploads\\\/2024\\\/11\\\/Ance-Belluno-Confindustria_edited.jpg\",\"datePublished\":\"2025-08-08T07:17:57+00:00\",\"breadcrumb\":{\"@id\":\"https:\\\/\\\/www.bellunopress.it\\\/2025\\\/08\\\/08\\\/belluno-cantieri-piu-sicuri-16-di-infortuni-in-tre-anni-la-formazione-leva-strategica\\\/#breadcrumb\"},\"inLanguage\":\"fr-FR\",\"potentialAction\":[{\"@type\":\"ReadAction\",\"target\":[\"https:\\\/\\\/www.bellunopress.it\\\/2025\\\/08\\\/08\\\/belluno-cantieri-piu-sicuri-16-di-infortuni-in-tre-anni-la-formazione-leva-strategica\\\/\"]}]},{\"@type\":\"ImageObject\",\"inLanguage\":\"fr-FR\",\"@id\":\"https:\\\/\\\/www.bellunopress.it\\\/2025\\\/08\\\/08\\\/belluno-cantieri-piu-sicuri-16-di-infortuni-in-tre-anni-la-formazione-leva-strategica\\\/#primaryimage\",\"url\":\"https:\\\/\\\/www.bellunopress.it\\\/wp-content\\\/uploads\\\/2024\\\/11\\\/Ance-Belluno-Confindustria_edited.jpg\",\"contentUrl\":\"https:\\\/\\\/www.bellunopress.it\\\/wp-content\\\/uploads\\\/2024\\\/11\\\/Ance-Belluno-Confindustria_edited.jpg\",\"width\":1000,\"height\":529},{\"@type\":\"BreadcrumbList\",\"@id\":\"https:\\\/\\\/www.bellunopress.it\\\/2025\\\/08\\\/08\\\/belluno-cantieri-piu-sicuri-16-di-infortuni-in-tre-anni-la-formazione-leva-strategica\\\/#breadcrumb\",\"itemListElement\":[{\"@type\":\"ListItem\",\"position\":1,\"name\":\"Home\",\"item\":\"https:\\\/\\\/www.bellunopress.it\\\/\"},{\"@type\":\"ListItem\",\"position\":2,\"name\":\"Belluno, cantieri pi\u00f9 sicuri: &#8211; 16% di infortuni in tre anni. La formazione leva strategica\"}]},{\"@type\":\"WebSite\",\"@id\":\"https:\\\/\\\/www.bellunopress.it\\\/#website\",\"url\":\"https:\\\/\\\/www.bellunopress.it\\\/\",\"name\":\"Bellunopress - Dolomiti\",\"description\":\"e-mail: redazione@bellunopress.it\",\"publisher\":{\"@id\":\"https:\\\/\\\/www.bellunopress.it\\\/#organization\"},\"potentialAction\":[{\"@type\":\"SearchAction\",\"target\":{\"@type\":\"EntryPoint\",\"urlTemplate\":\"https:\\\/\\\/www.bellunopress.it\\\/?s={search_term_string}\"},\"query-input\":{\"@type\":\"PropertyValueSpecification\",\"valueRequired\":true,\"valueName\":\"search_term_string\"}}],\"inLanguage\":\"fr-FR\"},{\"@type\":\"Organization\",\"@id\":\"https:\\\/\\\/www.bellunopress.it\\\/#organization\",\"name\":\"Bellunopress\",\"url\":\"https:\\\/\\\/www.bellunopress.it\\\/\",\"logo\":{\"@type\":\"ImageObject\",\"inLanguage\":\"fr-FR\",\"@id\":\"https:\\\/\\\/www.bellunopress.it\\\/#\\\/schema\\\/logo\\\/image\\\/\",\"url\":\"https:\\\/\\\/www.bellunopress.it\\\/wp-content\\\/uploads\\\/2011\\\/05\\\/cropped-logo-bellunopress-.jpg\",\"contentUrl\":\"https:\\\/\\\/www.bellunopress.it\\\/wp-content\\\/uploads\\\/2011\\\/05\\\/cropped-logo-bellunopress-.jpg\",\"width\":512,\"height\":512,\"caption\":\"Bellunopress\"},\"image\":{\"@id\":\"https:\\\/\\\/www.bellunopress.it\\\/#\\\/schema\\\/logo\\\/image\\\/\"},\"sameAs\":[\"https:\\\/\\\/www.facebook.com\\\/profile.php?id=100008943462799\",\"https:\\\/\\\/x.com\\\/bellunopress\",\"https:\\\/\\\/www.linkedin.com\\\/hp\\\/?dnr=JBzUWaJfMUw8vbXJJ2tVW5-I3jZKvC4wsoxE&amp;amp;amp;amp;amp;amp;trk=nav_responsive_tab_home\",\"https:\\\/\\\/www.youtube.com\\\/channel\\\/UCxL0wu1uN0_3_7hGG0306cw\"]},{\"@type\":\"Person\",\"@id\":\"https:\\\/\\\/www.bellunopress.it\\\/#\\\/schema\\\/person\\\/79bb06722b37ece1c03d3e94beb30d73\",\"name\":\"redazione\",\"image\":{\"@type\":\"ImageObject\",\"inLanguage\":\"fr-FR\",\"@id\":\"https:\\\/\\\/secure.gravatar.com\\\/avatar\\\/37d968a2e67a6fd04c169c4bdef102d0bc5d31b2546345219e348575eb80e9a0?s=96&d=mm&r=g\",\"url\":\"https:\\\/\\\/secure.gravatar.com\\\/avatar\\\/37d968a2e67a6fd04c169c4bdef102d0bc5d31b2546345219e348575eb80e9a0?s=96&d=mm&r=g\",\"contentUrl\":\"https:\\\/\\\/secure.gravatar.com\\\/avatar\\\/37d968a2e67a6fd04c169c4bdef102d0bc5d31b2546345219e348575eb80e9a0?s=96&d=mm&r=g\",\"caption\":\"redazione\"},\"sameAs\":[\"http:\\\/\\\/www.bellunopress.it\",\"https:\\\/\\\/x.com\\\/bellunopress\"],\"url\":\"https:\\\/\\\/www.bellunopress.it\\\/fr\\\/author\\\/redazione\\\/\"}]}<\/script>\n<!-- \/ Yoast SEO plugin. -->","yoast_head_json":{"title":"Belluno, cantieri pi\u00f9 sicuri: - 16% di infortuni in tre anni. La formazione leva strategica - Bellunopress - Dolomiti","robots":{"index":"index","follow":"follow","max-snippet":"max-snippet:-1","max-image-preview":"max-image-preview:large","max-video-preview":"max-video-preview:-1"},"canonical":"https:\/\/www.bellunopress.it\/fr\/2025\/08\/08\/belluno-cantieri-piu-sicuri-16-di-infortuni-in-tre-anni-la-formazione-leva-strategica\/","og_locale":"fr_FR","og_type":"article","og_title":"Belluno, cantieri pi\u00f9 sicuri: - 16% di infortuni in tre anni. La formazione leva strategica - Bellunopress - Dolomiti","og_description":"Belluno, 8 agosto 2025 &#8211; Belluno registra una dinamica incoraggiante sul fronte della sicurezza nei cantieri: secondo l\u2019ultima elaborazione di ANCE Belluno su dati INAIL, il numero complessivo di infortuni registrati nel comparto edile provinciale \u00e8 sceso da 215 casi nel 2021 a 180 nel 2023. Una contrazione pari al 16,3%, che si discosta nettamente [&hellip;]","og_url":"https:\/\/www.bellunopress.it\/fr\/2025\/08\/08\/belluno-cantieri-piu-sicuri-16-di-infortuni-in-tre-anni-la-formazione-leva-strategica\/","og_site_name":"Bellunopress - Dolomiti","article_publisher":"https:\/\/www.facebook.com\/profile.php?id=100008943462799","article_published_time":"2025-08-08T07:17:57+00:00","og_image":[{"width":1000,"height":529,"url":"https:\/\/www.bellunopress.it\/wp-content\/uploads\/2024\/11\/Ance-Belluno-Confindustria_edited.jpg","type":"image\/jpeg"}],"author":"redazione","twitter_card":"summary_large_image","twitter_creator":"@bellunopress","twitter_site":"@bellunopress","twitter_misc":{"\u00c9crit par":"redazione","Dur\u00e9e de lecture estim\u00e9e":"2 minutes"},"schema":{"@context":"https:\/\/schema.org","@graph":[{"@type":"Article","@id":"https:\/\/www.bellunopress.it\/2025\/08\/08\/belluno-cantieri-piu-sicuri-16-di-infortuni-in-tre-anni-la-formazione-leva-strategica\/#article","isPartOf":{"@id":"https:\/\/www.bellunopress.it\/2025\/08\/08\/belluno-cantieri-piu-sicuri-16-di-infortuni-in-tre-anni-la-formazione-leva-strategica\/"},"author":{"name":"redazione","@id":"https:\/\/www.bellunopress.it\/#\/schema\/person\/79bb06722b37ece1c03d3e94beb30d73"},"headline":"Belluno, cantieri pi\u00f9 sicuri: &#8211; 16% di infortuni in tre anni. La formazione leva strategica","datePublished":"2025-08-08T07:17:57+00:00","mainEntityOfPage":{"@id":"https:\/\/www.bellunopress.it\/2025\/08\/08\/belluno-cantieri-piu-sicuri-16-di-infortuni-in-tre-anni-la-formazione-leva-strategica\/"},"wordCount":461,"publisher":{"@id":"https:\/\/www.bellunopress.it\/#organization"},"image":{"@id":"https:\/\/www.bellunopress.it\/2025\/08\/08\/belluno-cantieri-piu-sicuri-16-di-infortuni-in-tre-anni-la-formazione-leva-strategica\/#primaryimage"},"thumbnailUrl":"https:\/\/www.bellunopress.it\/wp-content\/uploads\/2024\/11\/Ance-Belluno-Confindustria_edited.jpg","articleSection":["Lavoro, Economia, Turismo","Prima Pagina"],"inLanguage":"fr-FR"},{"@type":"WebPage","@id":"https:\/\/www.bellunopress.it\/2025\/08\/08\/belluno-cantieri-piu-sicuri-16-di-infortuni-in-tre-anni-la-formazione-leva-strategica\/","url":"https:\/\/www.bellunopress.it\/2025\/08\/08\/belluno-cantieri-piu-sicuri-16-di-infortuni-in-tre-anni-la-formazione-leva-strategica\/","name":"Belluno, cantieri pi\u00f9 sicuri: - 16% di infortuni in tre anni. La formazione leva strategica - Bellunopress - Dolomiti","isPartOf":{"@id":"https:\/\/www.bellunopress.it\/#website"},"primaryImageOfPage":{"@id":"https:\/\/www.bellunopress.it\/2025\/08\/08\/belluno-cantieri-piu-sicuri-16-di-infortuni-in-tre-anni-la-formazione-leva-strategica\/#primaryimage"},"image":{"@id":"https:\/\/www.bellunopress.it\/2025\/08\/08\/belluno-cantieri-piu-sicuri-16-di-infortuni-in-tre-anni-la-formazione-leva-strategica\/#primaryimage"},"thumbnailUrl":"https:\/\/www.bellunopress.it\/wp-content\/uploads\/2024\/11\/Ance-Belluno-Confindustria_edited.jpg","datePublished":"2025-08-08T07:17:57+00:00","breadcrumb":{"@id":"https:\/\/www.bellunopress.it\/2025\/08\/08\/belluno-cantieri-piu-sicuri-16-di-infortuni-in-tre-anni-la-formazione-leva-strategica\/#breadcrumb"},"inLanguage":"fr-FR","potentialAction":[{"@type":"ReadAction","target":["https:\/\/www.bellunopress.it\/2025\/08\/08\/belluno-cantieri-piu-sicuri-16-di-infortuni-in-tre-anni-la-formazione-leva-strategica\/"]}]},{"@type":"ImageObject","inLanguage":"fr-FR","@id":"https:\/\/www.bellunopress.it\/2025\/08\/08\/belluno-cantieri-piu-sicuri-16-di-infortuni-in-tre-anni-la-formazione-leva-strategica\/#primaryimage","url":"https:\/\/www.bellunopress.it\/wp-content\/uploads\/2024\/11\/Ance-Belluno-Confindustria_edited.jpg","contentUrl":"https:\/\/www.bellunopress.it\/wp-content\/uploads\/2024\/11\/Ance-Belluno-Confindustria_edited.jpg","width":1000,"height":529},{"@type":"BreadcrumbList","@id":"https:\/\/www.bellunopress.it\/2025\/08\/08\/belluno-cantieri-piu-sicuri-16-di-infortuni-in-tre-anni-la-formazione-leva-strategica\/#breadcrumb","itemListElement":[{"@type":"ListItem","position":1,"name":"Home","item":"https:\/\/www.bellunopress.it\/"},{"@type":"ListItem","position":2,"name":"Belluno, cantieri pi\u00f9 sicuri: &#8211; 16% di infortuni in tre anni. La formazione leva strategica"}]},{"@type":"WebSite","@id":"https:\/\/www.bellunopress.it\/#website","url":"https:\/\/www.bellunopress.it\/","name":"Bellunopress - Dolomiti","description":"e-mail: redazione@bellunopress.it","publisher":{"@id":"https:\/\/www.bellunopress.it\/#organization"},"potentialAction":[{"@type":"SearchAction","target":{"@type":"EntryPoint","urlTemplate":"https:\/\/www.bellunopress.it\/?s={search_term_string}"},"query-input":{"@type":"PropertyValueSpecification","valueRequired":true,"valueName":"search_term_string"}}],"inLanguage":"fr-FR"},{"@type":"Organization","@id":"https:\/\/www.bellunopress.it\/#organization","name":"Bellunopress","url":"https:\/\/www.bellunopress.it\/","logo":{"@type":"ImageObject","inLanguage":"fr-FR","@id":"https:\/\/www.bellunopress.it\/#\/schema\/logo\/image\/","url":"https:\/\/www.bellunopress.it\/wp-content\/uploads\/2011\/05\/cropped-logo-bellunopress-.jpg","contentUrl":"https:\/\/www.bellunopress.it\/wp-content\/uploads\/2011\/05\/cropped-logo-bellunopress-.jpg","width":512,"height":512,"caption":"Bellunopress"},"image":{"@id":"https:\/\/www.bellunopress.it\/#\/schema\/logo\/image\/"},"sameAs":["https:\/\/www.facebook.com\/profile.php?id=100008943462799","https:\/\/x.com\/bellunopress","https:\/\/www.linkedin.com\/hp\/?dnr=JBzUWaJfMUw8vbXJJ2tVW5-I3jZKvC4wsoxE&amp;amp;amp;amp;amp;amp;trk=nav_responsive_tab_home","https:\/\/www.youtube.com\/channel\/UCxL0wu1uN0_3_7hGG0306cw"]},{"@type":"Person","@id":"https:\/\/www.bellunopress.it\/#\/schema\/person\/79bb06722b37ece1c03d3e94beb30d73","name":"r\u00e9daction","image":{"@type":"ImageObject","inLanguage":"fr-FR","@id":"https:\/\/secure.gravatar.com\/avatar\/37d968a2e67a6fd04c169c4bdef102d0bc5d31b2546345219e348575eb80e9a0?s=96&d=mm&r=g","url":"https:\/\/secure.gravatar.com\/avatar\/37d968a2e67a6fd04c169c4bdef102d0bc5d31b2546345219e348575eb80e9a0?s=96&d=mm&r=g","contentUrl":"https:\/\/secure.gravatar.com\/avatar\/37d968a2e67a6fd04c169c4bdef102d0bc5d31b2546345219e348575eb80e9a0?s=96&d=mm&r=g","caption":"redazione"},"sameAs":["http:\/\/www.bellunopress.it","https:\/\/x.com\/bellunopress"],"url":"https:\/\/www.bellunopress.it\/fr\/author\/redazione\/"}]}},"_links":{"self":[{"href":"https:\/\/www.bellunopress.it\/fr\/wp-json\/wp\/v2\/posts\/162458","targetHints":{"allow":["GET"]}}],"collection":[{"href":"https:\/\/www.bellunopress.it\/fr\/wp-json\/wp\/v2\/posts"}],"about":[{"href":"https:\/\/www.bellunopress.it\/fr\/wp-json\/wp\/v2\/types\/post"}],"author":[{"embeddable":true,"href":"https:\/\/www.bellunopress.it\/fr\/wp-json\/wp\/v2\/users\/2"}],"replies":[{"embeddable":true,"href":"https:\/\/www.bellunopress.it\/fr\/wp-json\/wp\/v2\/comments?post=162458"}],"version-history":[{"count":1,"href":"https:\/\/www.bellunopress.it\/fr\/wp-json\/wp\/v2\/posts\/162458\/revisions"}],"predecessor-version":[{"id":162459,"href":"https:\/\/www.bellunopress.it\/fr\/wp-json\/wp\/v2\/posts\/162458\/revisions\/162459"}],"wp:featuredmedia":[{"embeddable":true,"href":"https:\/\/www.bellunopress.it\/fr\/wp-json\/wp\/v2\/media\/155556"}],"wp:attachment":[{"href":"https:\/\/www.bellunopress.it\/fr\/wp-json\/wp\/v2\/media?parent=162458"}],"wp:term":[{"taxonomy":"category","embeddable":true,"href":"https:\/\/www.bellunopress.it\/fr\/wp-json\/wp\/v2\/categories?post=162458"},{"taxonomy":"post_tag","embeddable":true,"href":"https:\/\/www.bellunopress.it\/fr\/wp-json\/wp\/v2\/tags?post=162458"}],"curies":[{"name":"wp","href":"https:\/\/api.w.org\/{rel}","templated":true}]}}