{"id":162456,"date":"2025-08-08T09:04:16","date_gmt":"2025-08-08T07:04:16","guid":{"rendered":"https:\/\/www.bellunopress.it\/?p=162456"},"modified":"2025-08-08T09:04:16","modified_gmt":"2025-08-08T07:04:16","slug":"concorso-fotografico-il-mio-giardino-biodiverso-la-natura-che-cresce-accanto-a-noi","status":"publish","type":"post","link":"https:\/\/www.bellunopress.it\/fr\/2025\/08\/08\/concorso-fotografico-il-mio-giardino-biodiverso-la-natura-che-cresce-accanto-a-noi\/","title":{"rendered":"Concorso fotografico &#8220;Il mio giardino biodiverso&#8221;, la natura che cresce accanto a noi"},"content":{"rendered":"<p><img loading=\"lazy\" decoding=\"async\" class=\"aligncenter size-full wp-image-122315\" src=\"https:\/\/www.bellunopress.it\/wp-content\/uploads\/2021\/03\/Legambiente_edited.jpg\" alt=\"\" width=\"1000\" height=\"608\" srcset=\"https:\/\/www.bellunopress.it\/wp-content\/uploads\/2021\/03\/Legambiente_edited.jpg 1000w, https:\/\/www.bellunopress.it\/wp-content\/uploads\/2021\/03\/Legambiente_edited-500x304.jpg 500w, https:\/\/www.bellunopress.it\/wp-content\/uploads\/2021\/03\/Legambiente_edited-696x423.jpg 696w, https:\/\/www.bellunopress.it\/wp-content\/uploads\/2021\/03\/Legambiente_edited-691x420.jpg 691w\" sizes=\"auto, (max-width: 1000px) 100vw, 1000px\" \/>Anche un piccolo giardino, un balcone o un terrazzo possono diventare luoghi preziosi per la biodiversit\u00e0. Da questa consapevolezza nasce &#8220;Il mio giardino biodiverso&#8221;, il concorso fotografico promosso da Legambiente Lombardia, insieme a Legambiente Veneto, Piemonte, Emilia-Romagna e Trento, nell&#8217;ambito dell&#8217;attivit\u00e0 &#8220;Custode della biodiversit\u00e0&#8221; del progetto europeo LIFE NatConnect2030.<\/p>\n<p>L&#8217;iniziativa \u00e8 aperta a tutti i maggiorenni residenti in Veneto, Lombardia, Piemonte, Emilia-Romagna e Provincia autonoma di Trento e si svolger\u00e0 dal 7 luglio al 31 agosto 2025.<\/p>\n<p>Il concorso invita a osservare e valorizzare la biodiversit\u00e0 che vive negli spazi verdi privati o condivisi &#8211; giardini, orti, balconi, terrazzi &#8211; e a raccontarla attraverso una o due fotografie. Le immagini potranno mostrare piante, animali, microhabitat, dettagli nascosti o paesaggi curati con attenzione alla natura: un&#8217;occasione per riscoprire il valore ecologico delle aree verdi, anche nei contesti pi\u00f9 urbanizzati.<\/p>\n<p>&#8220;L&#8217;obiettivo \u00e8 duplice &#8211; dice Luigi Lazzaro, presidente Legambiente Veneto &#8211; da un lato stimolare uno sguardo consapevole e attivo sulla biodiversit\u00e0 locale, dall&#8217;altro costruire una raccolta di testimonianze visive che contribuiscano a raccontare l&#8217;importanza delle connessioni ecologiche e del ruolo dei cittadini nella loro tutela.&#8221;<\/p>\n<p>Possono partecipare i cittadini e le cittadine maggiorenni delle regioni Veneto, Lombardia, Piemonte, Emilia-Romagna e della provincia autonoma di Trento. Ogni partecipante potr\u00e0 inviare fino a 2 fotografie, che verranno valutate da una giuria di esperti. Sono previsti tre premi per ogni regione\/provincia partecipante, sotto forma di kit per la biodiversit\u00e0 da giardino.<\/p>\n<p>Il concorso si inserisce nelle attivit\u00e0 di custodia della biodiversit\u00e0 promosse dal progetto LIFE NatConnect2030, che punta a rafforzare le connessioni ecologiche attraverso il coinvolgimento diretto delle comunit\u00e0 e la stipula di patti di custodia tra Comuni, privati, scuole e associazioni che vogliono impegnarsi nella tutela attiva del territorio.<\/p>\n<p>Per partecipare al concorso: <a href=\"http:\/\/photocontest.platio.it\/legambientelombardia\/contest\">http:\/\/photocontest.platio.it\/legambientelombardia\/contest<\/a><\/p>\n<p>Per saperne di pi\u00f9 sul concorso: <a href=\"https:\/\/custodialifenatconnect2030.it\/2025\/07\/03\/partecipa-al-concorso-fotografico-il-mio-giardino-biodiverso\/\">https:\/\/custodialifenatconnect2030.it\/2025\/07\/03\/partecipa-al-concorso-fotografico-il-mio-giardino-biodiverso\/<\/a><\/p>\n<p>&nbsp;<\/p>\n<p>&nbsp;<\/p>","protected":false},"excerpt":{"rendered":"<p>Anche un piccolo giardino, un balcone o un terrazzo possono diventare luoghi preziosi per la biodiversit\u00e0. Da questa consapevolezza nasce &#8220;Il mio giardino biodiverso&#8221;, il concorso fotografico promosso da Legambiente Lombardia, insieme a Legambiente Veneto, Piemonte, Emilia-Romagna e Trento, nell&#8217;ambito dell&#8217;attivit\u00e0 &#8220;Custode della biodiversit\u00e0&#8221; del progetto europeo LIFE NatConnect2030. L&#8217;iniziativa \u00e8 aperta a tutti i [&hellip;]<\/p>\n","protected":false},"author":2,"featured_media":122315,"comment_status":"closed","ping_status":"open","sticky":false,"template":"","format":"standard","meta":{"footnotes":""},"categories":[38,4],"tags":[],"class_list":["post-162456","post","type-post","status-publish","format-standard","has-post-thumbnail","category-natura-ambiente","category-sport"],"yoast_head":"<!-- This site is optimized with the Yoast SEO plugin v28.4 - https:\/\/yoast.com\/product\/yoast-seo-wordpress\/ -->\n<title>Concorso fotografico &quot;Il mio giardino biodiverso&quot;, la natura che cresce accanto a noi - Bellunopress - Dolomiti<\/title>\n<meta name=\"robots\" content=\"index, follow, max-snippet:-1, max-image-preview:large, max-video-preview:-1\" \/>\n<link rel=\"canonical\" href=\"https:\/\/www.bellunopress.it\/fr\/2025\/08\/08\/concorso-fotografico-il-mio-giardino-biodiverso-la-natura-che-cresce-accanto-a-noi\/\" \/>\n<meta property=\"og:locale\" content=\"fr_FR\" \/>\n<meta property=\"og:type\" content=\"article\" \/>\n<meta property=\"og:title\" content=\"Concorso fotografico &quot;Il mio giardino biodiverso&quot;, la natura che cresce accanto a noi - Bellunopress - Dolomiti\" \/>\n<meta property=\"og:description\" content=\"Anche un piccolo giardino, un balcone o un terrazzo possono diventare luoghi preziosi per la biodiversit\u00e0. Da questa consapevolezza nasce &#8220;Il mio giardino biodiverso&#8221;, il concorso fotografico promosso da Legambiente Lombardia, insieme a Legambiente Veneto, Piemonte, Emilia-Romagna e Trento, nell&#8217;ambito dell&#8217;attivit\u00e0 &#8220;Custode della biodiversit\u00e0&#8221; del progetto europeo LIFE NatConnect2030. L&#8217;iniziativa \u00e8 aperta a tutti i [&hellip;]\" \/>\n<meta property=\"og:url\" content=\"https:\/\/www.bellunopress.it\/fr\/2025\/08\/08\/concorso-fotografico-il-mio-giardino-biodiverso-la-natura-che-cresce-accanto-a-noi\/\" \/>\n<meta property=\"og:site_name\" content=\"Bellunopress - Dolomiti\" \/>\n<meta property=\"article:publisher\" content=\"https:\/\/www.facebook.com\/profile.php?id=100008943462799\" \/>\n<meta property=\"article:published_time\" content=\"2025-08-08T07:04:16+00:00\" \/>\n<meta property=\"og:image\" content=\"https:\/\/www.bellunopress.it\/wp-content\/uploads\/2021\/03\/Legambiente_edited.jpg\" \/>\n\t<meta property=\"og:image:width\" content=\"1000\" \/>\n\t<meta property=\"og:image:height\" content=\"608\" \/>\n\t<meta property=\"og:image:type\" content=\"image\/jpeg\" \/>\n<meta name=\"author\" content=\"redazione\" \/>\n<meta name=\"twitter:card\" content=\"summary_large_image\" \/>\n<meta name=\"twitter:creator\" content=\"@bellunopress\" \/>\n<meta name=\"twitter:site\" content=\"@bellunopress\" \/>\n<meta name=\"twitter:label1\" content=\"\u00c9crit par\" \/>\n\t<meta name=\"twitter:data1\" content=\"redazione\" \/>\n\t<meta name=\"twitter:label2\" content=\"Dur\u00e9e de lecture estim\u00e9e\" \/>\n\t<meta name=\"twitter:data2\" content=\"2 minutes\" \/>\n<script type=\"application\/ld+json\" class=\"yoast-schema-graph\">{\"@context\":\"https:\\\/\\\/schema.org\",\"@graph\":[{\"@type\":\"Article\",\"@id\":\"https:\\\/\\\/www.bellunopress.it\\\/2025\\\/08\\\/08\\\/concorso-fotografico-il-mio-giardino-biodiverso-la-natura-che-cresce-accanto-a-noi\\\/#article\",\"isPartOf\":{\"@id\":\"https:\\\/\\\/www.bellunopress.it\\\/2025\\\/08\\\/08\\\/concorso-fotografico-il-mio-giardino-biodiverso-la-natura-che-cresce-accanto-a-noi\\\/\"},\"author\":{\"name\":\"redazione\",\"@id\":\"https:\\\/\\\/www.bellunopress.it\\\/#\\\/schema\\\/person\\\/79bb06722b37ece1c03d3e94beb30d73\"},\"headline\":\"Concorso fotografico &#8220;Il mio giardino biodiverso&#8221;, la natura che cresce accanto a noi\",\"datePublished\":\"2025-08-08T07:04:16+00:00\",\"mainEntityOfPage\":{\"@id\":\"https:\\\/\\\/www.bellunopress.it\\\/2025\\\/08\\\/08\\\/concorso-fotografico-il-mio-giardino-biodiverso-la-natura-che-cresce-accanto-a-noi\\\/\"},\"wordCount\":323,\"publisher\":{\"@id\":\"https:\\\/\\\/www.bellunopress.it\\\/#organization\"},\"image\":{\"@id\":\"https:\\\/\\\/www.bellunopress.it\\\/2025\\\/08\\\/08\\\/concorso-fotografico-il-mio-giardino-biodiverso-la-natura-che-cresce-accanto-a-noi\\\/#primaryimage\"},\"thumbnailUrl\":\"https:\\\/\\\/www.bellunopress.it\\\/wp-content\\\/uploads\\\/2021\\\/03\\\/Legambiente_edited.jpg\",\"articleSection\":[\"Meteo, natura, ambiente, animali\",\"Sport, tempo libero\"],\"inLanguage\":\"fr-FR\"},{\"@type\":\"WebPage\",\"@id\":\"https:\\\/\\\/www.bellunopress.it\\\/2025\\\/08\\\/08\\\/concorso-fotografico-il-mio-giardino-biodiverso-la-natura-che-cresce-accanto-a-noi\\\/\",\"url\":\"https:\\\/\\\/www.bellunopress.it\\\/2025\\\/08\\\/08\\\/concorso-fotografico-il-mio-giardino-biodiverso-la-natura-che-cresce-accanto-a-noi\\\/\",\"name\":\"Concorso fotografico \\\"Il mio giardino biodiverso\\\", la natura che cresce accanto a noi - Bellunopress - Dolomiti\",\"isPartOf\":{\"@id\":\"https:\\\/\\\/www.bellunopress.it\\\/#website\"},\"primaryImageOfPage\":{\"@id\":\"https:\\\/\\\/www.bellunopress.it\\\/2025\\\/08\\\/08\\\/concorso-fotografico-il-mio-giardino-biodiverso-la-natura-che-cresce-accanto-a-noi\\\/#primaryimage\"},\"image\":{\"@id\":\"https:\\\/\\\/www.bellunopress.it\\\/2025\\\/08\\\/08\\\/concorso-fotografico-il-mio-giardino-biodiverso-la-natura-che-cresce-accanto-a-noi\\\/#primaryimage\"},\"thumbnailUrl\":\"https:\\\/\\\/www.bellunopress.it\\\/wp-content\\\/uploads\\\/2021\\\/03\\\/Legambiente_edited.jpg\",\"datePublished\":\"2025-08-08T07:04:16+00:00\",\"breadcrumb\":{\"@id\":\"https:\\\/\\\/www.bellunopress.it\\\/2025\\\/08\\\/08\\\/concorso-fotografico-il-mio-giardino-biodiverso-la-natura-che-cresce-accanto-a-noi\\\/#breadcrumb\"},\"inLanguage\":\"fr-FR\",\"potentialAction\":[{\"@type\":\"ReadAction\",\"target\":[\"https:\\\/\\\/www.bellunopress.it\\\/2025\\\/08\\\/08\\\/concorso-fotografico-il-mio-giardino-biodiverso-la-natura-che-cresce-accanto-a-noi\\\/\"]}]},{\"@type\":\"ImageObject\",\"inLanguage\":\"fr-FR\",\"@id\":\"https:\\\/\\\/www.bellunopress.it\\\/2025\\\/08\\\/08\\\/concorso-fotografico-il-mio-giardino-biodiverso-la-natura-che-cresce-accanto-a-noi\\\/#primaryimage\",\"url\":\"https:\\\/\\\/www.bellunopress.it\\\/wp-content\\\/uploads\\\/2021\\\/03\\\/Legambiente_edited.jpg\",\"contentUrl\":\"https:\\\/\\\/www.bellunopress.it\\\/wp-content\\\/uploads\\\/2021\\\/03\\\/Legambiente_edited.jpg\",\"width\":1000,\"height\":608},{\"@type\":\"BreadcrumbList\",\"@id\":\"https:\\\/\\\/www.bellunopress.it\\\/2025\\\/08\\\/08\\\/concorso-fotografico-il-mio-giardino-biodiverso-la-natura-che-cresce-accanto-a-noi\\\/#breadcrumb\",\"itemListElement\":[{\"@type\":\"ListItem\",\"position\":1,\"name\":\"Home\",\"item\":\"https:\\\/\\\/www.bellunopress.it\\\/\"},{\"@type\":\"ListItem\",\"position\":2,\"name\":\"Concorso fotografico &#8220;Il mio giardino biodiverso&#8221;, la natura che cresce accanto a noi\"}]},{\"@type\":\"WebSite\",\"@id\":\"https:\\\/\\\/www.bellunopress.it\\\/#website\",\"url\":\"https:\\\/\\\/www.bellunopress.it\\\/\",\"name\":\"Bellunopress - Dolomiti\",\"description\":\"e-mail: redazione@bellunopress.it\",\"publisher\":{\"@id\":\"https:\\\/\\\/www.bellunopress.it\\\/#organization\"},\"potentialAction\":[{\"@type\":\"SearchAction\",\"target\":{\"@type\":\"EntryPoint\",\"urlTemplate\":\"https:\\\/\\\/www.bellunopress.it\\\/?s={search_term_string}\"},\"query-input\":{\"@type\":\"PropertyValueSpecification\",\"valueRequired\":true,\"valueName\":\"search_term_string\"}}],\"inLanguage\":\"fr-FR\"},{\"@type\":\"Organization\",\"@id\":\"https:\\\/\\\/www.bellunopress.it\\\/#organization\",\"name\":\"Bellunopress\",\"url\":\"https:\\\/\\\/www.bellunopress.it\\\/\",\"logo\":{\"@type\":\"ImageObject\",\"inLanguage\":\"fr-FR\",\"@id\":\"https:\\\/\\\/www.bellunopress.it\\\/#\\\/schema\\\/logo\\\/image\\\/\",\"url\":\"https:\\\/\\\/www.bellunopress.it\\\/wp-content\\\/uploads\\\/2011\\\/05\\\/cropped-logo-bellunopress-.jpg\",\"contentUrl\":\"https:\\\/\\\/www.bellunopress.it\\\/wp-content\\\/uploads\\\/2011\\\/05\\\/cropped-logo-bellunopress-.jpg\",\"width\":512,\"height\":512,\"caption\":\"Bellunopress\"},\"image\":{\"@id\":\"https:\\\/\\\/www.bellunopress.it\\\/#\\\/schema\\\/logo\\\/image\\\/\"},\"sameAs\":[\"https:\\\/\\\/www.facebook.com\\\/profile.php?id=100008943462799\",\"https:\\\/\\\/x.com\\\/bellunopress\",\"https:\\\/\\\/www.linkedin.com\\\/hp\\\/?dnr=JBzUWaJfMUw8vbXJJ2tVW5-I3jZKvC4wsoxE&amp;amp;amp;amp;amp;amp;trk=nav_responsive_tab_home\",\"https:\\\/\\\/www.youtube.com\\\/channel\\\/UCxL0wu1uN0_3_7hGG0306cw\"]},{\"@type\":\"Person\",\"@id\":\"https:\\\/\\\/www.bellunopress.it\\\/#\\\/schema\\\/person\\\/79bb06722b37ece1c03d3e94beb30d73\",\"name\":\"redazione\",\"image\":{\"@type\":\"ImageObject\",\"inLanguage\":\"fr-FR\",\"@id\":\"https:\\\/\\\/secure.gravatar.com\\\/avatar\\\/37d968a2e67a6fd04c169c4bdef102d0bc5d31b2546345219e348575eb80e9a0?s=96&d=mm&r=g\",\"url\":\"https:\\\/\\\/secure.gravatar.com\\\/avatar\\\/37d968a2e67a6fd04c169c4bdef102d0bc5d31b2546345219e348575eb80e9a0?s=96&d=mm&r=g\",\"contentUrl\":\"https:\\\/\\\/secure.gravatar.com\\\/avatar\\\/37d968a2e67a6fd04c169c4bdef102d0bc5d31b2546345219e348575eb80e9a0?s=96&d=mm&r=g\",\"caption\":\"redazione\"},\"sameAs\":[\"http:\\\/\\\/www.bellunopress.it\",\"https:\\\/\\\/x.com\\\/bellunopress\"],\"url\":\"https:\\\/\\\/www.bellunopress.it\\\/fr\\\/author\\\/redazione\\\/\"}]}<\/script>\n<!-- \/ Yoast SEO plugin. -->","yoast_head_json":{"title":"Concorso fotografico \"Il mio giardino biodiverso\", la natura che cresce accanto a noi - Bellunopress - Dolomiti","robots":{"index":"index","follow":"follow","max-snippet":"max-snippet:-1","max-image-preview":"max-image-preview:large","max-video-preview":"max-video-preview:-1"},"canonical":"https:\/\/www.bellunopress.it\/fr\/2025\/08\/08\/concorso-fotografico-il-mio-giardino-biodiverso-la-natura-che-cresce-accanto-a-noi\/","og_locale":"fr_FR","og_type":"article","og_title":"Concorso fotografico \"Il mio giardino biodiverso\", la natura che cresce accanto a noi - Bellunopress - Dolomiti","og_description":"Anche un piccolo giardino, un balcone o un terrazzo possono diventare luoghi preziosi per la biodiversit\u00e0. Da questa consapevolezza nasce &#8220;Il mio giardino biodiverso&#8221;, il concorso fotografico promosso da Legambiente Lombardia, insieme a Legambiente Veneto, Piemonte, Emilia-Romagna e Trento, nell&#8217;ambito dell&#8217;attivit\u00e0 &#8220;Custode della biodiversit\u00e0&#8221; del progetto europeo LIFE NatConnect2030. L&#8217;iniziativa \u00e8 aperta a tutti i [&hellip;]","og_url":"https:\/\/www.bellunopress.it\/fr\/2025\/08\/08\/concorso-fotografico-il-mio-giardino-biodiverso-la-natura-che-cresce-accanto-a-noi\/","og_site_name":"Bellunopress - Dolomiti","article_publisher":"https:\/\/www.facebook.com\/profile.php?id=100008943462799","article_published_time":"2025-08-08T07:04:16+00:00","og_image":[{"width":1000,"height":608,"url":"https:\/\/www.bellunopress.it\/wp-content\/uploads\/2021\/03\/Legambiente_edited.jpg","type":"image\/jpeg"}],"author":"redazione","twitter_card":"summary_large_image","twitter_creator":"@bellunopress","twitter_site":"@bellunopress","twitter_misc":{"\u00c9crit par":"redazione","Dur\u00e9e de lecture estim\u00e9e":"2 minutes"},"schema":{"@context":"https:\/\/schema.org","@graph":[{"@type":"Article","@id":"https:\/\/www.bellunopress.it\/2025\/08\/08\/concorso-fotografico-il-mio-giardino-biodiverso-la-natura-che-cresce-accanto-a-noi\/#article","isPartOf":{"@id":"https:\/\/www.bellunopress.it\/2025\/08\/08\/concorso-fotografico-il-mio-giardino-biodiverso-la-natura-che-cresce-accanto-a-noi\/"},"author":{"name":"redazione","@id":"https:\/\/www.bellunopress.it\/#\/schema\/person\/79bb06722b37ece1c03d3e94beb30d73"},"headline":"Concorso fotografico &#8220;Il mio giardino biodiverso&#8221;, la natura che cresce accanto a noi","datePublished":"2025-08-08T07:04:16+00:00","mainEntityOfPage":{"@id":"https:\/\/www.bellunopress.it\/2025\/08\/08\/concorso-fotografico-il-mio-giardino-biodiverso-la-natura-che-cresce-accanto-a-noi\/"},"wordCount":323,"publisher":{"@id":"https:\/\/www.bellunopress.it\/#organization"},"image":{"@id":"https:\/\/www.bellunopress.it\/2025\/08\/08\/concorso-fotografico-il-mio-giardino-biodiverso-la-natura-che-cresce-accanto-a-noi\/#primaryimage"},"thumbnailUrl":"https:\/\/www.bellunopress.it\/wp-content\/uploads\/2021\/03\/Legambiente_edited.jpg","articleSection":["Meteo, natura, ambiente, animali","Sport, tempo libero"],"inLanguage":"fr-FR"},{"@type":"WebPage","@id":"https:\/\/www.bellunopress.it\/2025\/08\/08\/concorso-fotografico-il-mio-giardino-biodiverso-la-natura-che-cresce-accanto-a-noi\/","url":"https:\/\/www.bellunopress.it\/2025\/08\/08\/concorso-fotografico-il-mio-giardino-biodiverso-la-natura-che-cresce-accanto-a-noi\/","name":"Concorso fotografico \"Il mio giardino biodiverso\", la natura che cresce accanto a noi - Bellunopress - Dolomiti","isPartOf":{"@id":"https:\/\/www.bellunopress.it\/#website"},"primaryImageOfPage":{"@id":"https:\/\/www.bellunopress.it\/2025\/08\/08\/concorso-fotografico-il-mio-giardino-biodiverso-la-natura-che-cresce-accanto-a-noi\/#primaryimage"},"image":{"@id":"https:\/\/www.bellunopress.it\/2025\/08\/08\/concorso-fotografico-il-mio-giardino-biodiverso-la-natura-che-cresce-accanto-a-noi\/#primaryimage"},"thumbnailUrl":"https:\/\/www.bellunopress.it\/wp-content\/uploads\/2021\/03\/Legambiente_edited.jpg","datePublished":"2025-08-08T07:04:16+00:00","breadcrumb":{"@id":"https:\/\/www.bellunopress.it\/2025\/08\/08\/concorso-fotografico-il-mio-giardino-biodiverso-la-natura-che-cresce-accanto-a-noi\/#breadcrumb"},"inLanguage":"fr-FR","potentialAction":[{"@type":"ReadAction","target":["https:\/\/www.bellunopress.it\/2025\/08\/08\/concorso-fotografico-il-mio-giardino-biodiverso-la-natura-che-cresce-accanto-a-noi\/"]}]},{"@type":"ImageObject","inLanguage":"fr-FR","@id":"https:\/\/www.bellunopress.it\/2025\/08\/08\/concorso-fotografico-il-mio-giardino-biodiverso-la-natura-che-cresce-accanto-a-noi\/#primaryimage","url":"https:\/\/www.bellunopress.it\/wp-content\/uploads\/2021\/03\/Legambiente_edited.jpg","contentUrl":"https:\/\/www.bellunopress.it\/wp-content\/uploads\/2021\/03\/Legambiente_edited.jpg","width":1000,"height":608},{"@type":"BreadcrumbList","@id":"https:\/\/www.bellunopress.it\/2025\/08\/08\/concorso-fotografico-il-mio-giardino-biodiverso-la-natura-che-cresce-accanto-a-noi\/#breadcrumb","itemListElement":[{"@type":"ListItem","position":1,"name":"Home","item":"https:\/\/www.bellunopress.it\/"},{"@type":"ListItem","position":2,"name":"Concorso fotografico &#8220;Il mio giardino biodiverso&#8221;, la natura che cresce accanto a noi"}]},{"@type":"WebSite","@id":"https:\/\/www.bellunopress.it\/#website","url":"https:\/\/www.bellunopress.it\/","name":"Bellunopress - Dolomiti","description":"e-mail: redazione@bellunopress.it","publisher":{"@id":"https:\/\/www.bellunopress.it\/#organization"},"potentialAction":[{"@type":"SearchAction","target":{"@type":"EntryPoint","urlTemplate":"https:\/\/www.bellunopress.it\/?s={search_term_string}"},"query-input":{"@type":"PropertyValueSpecification","valueRequired":true,"valueName":"search_term_string"}}],"inLanguage":"fr-FR"},{"@type":"Organization","@id":"https:\/\/www.bellunopress.it\/#organization","name":"Bellunopress","url":"https:\/\/www.bellunopress.it\/","logo":{"@type":"ImageObject","inLanguage":"fr-FR","@id":"https:\/\/www.bellunopress.it\/#\/schema\/logo\/image\/","url":"https:\/\/www.bellunopress.it\/wp-content\/uploads\/2011\/05\/cropped-logo-bellunopress-.jpg","contentUrl":"https:\/\/www.bellunopress.it\/wp-content\/uploads\/2011\/05\/cropped-logo-bellunopress-.jpg","width":512,"height":512,"caption":"Bellunopress"},"image":{"@id":"https:\/\/www.bellunopress.it\/#\/schema\/logo\/image\/"},"sameAs":["https:\/\/www.facebook.com\/profile.php?id=100008943462799","https:\/\/x.com\/bellunopress","https:\/\/www.linkedin.com\/hp\/?dnr=JBzUWaJfMUw8vbXJJ2tVW5-I3jZKvC4wsoxE&amp;amp;amp;amp;amp;amp;trk=nav_responsive_tab_home","https:\/\/www.youtube.com\/channel\/UCxL0wu1uN0_3_7hGG0306cw"]},{"@type":"Person","@id":"https:\/\/www.bellunopress.it\/#\/schema\/person\/79bb06722b37ece1c03d3e94beb30d73","name":"r\u00e9daction","image":{"@type":"ImageObject","inLanguage":"fr-FR","@id":"https:\/\/secure.gravatar.com\/avatar\/37d968a2e67a6fd04c169c4bdef102d0bc5d31b2546345219e348575eb80e9a0?s=96&d=mm&r=g","url":"https:\/\/secure.gravatar.com\/avatar\/37d968a2e67a6fd04c169c4bdef102d0bc5d31b2546345219e348575eb80e9a0?s=96&d=mm&r=g","contentUrl":"https:\/\/secure.gravatar.com\/avatar\/37d968a2e67a6fd04c169c4bdef102d0bc5d31b2546345219e348575eb80e9a0?s=96&d=mm&r=g","caption":"redazione"},"sameAs":["http:\/\/www.bellunopress.it","https:\/\/x.com\/bellunopress"],"url":"https:\/\/www.bellunopress.it\/fr\/author\/redazione\/"}]}},"_links":{"self":[{"href":"https:\/\/www.bellunopress.it\/fr\/wp-json\/wp\/v2\/posts\/162456","targetHints":{"allow":["GET"]}}],"collection":[{"href":"https:\/\/www.bellunopress.it\/fr\/wp-json\/wp\/v2\/posts"}],"about":[{"href":"https:\/\/www.bellunopress.it\/fr\/wp-json\/wp\/v2\/types\/post"}],"author":[{"embeddable":true,"href":"https:\/\/www.bellunopress.it\/fr\/wp-json\/wp\/v2\/users\/2"}],"replies":[{"embeddable":true,"href":"https:\/\/www.bellunopress.it\/fr\/wp-json\/wp\/v2\/comments?post=162456"}],"version-history":[{"count":1,"href":"https:\/\/www.bellunopress.it\/fr\/wp-json\/wp\/v2\/posts\/162456\/revisions"}],"predecessor-version":[{"id":162457,"href":"https:\/\/www.bellunopress.it\/fr\/wp-json\/wp\/v2\/posts\/162456\/revisions\/162457"}],"wp:featuredmedia":[{"embeddable":true,"href":"https:\/\/www.bellunopress.it\/fr\/wp-json\/wp\/v2\/media\/122315"}],"wp:attachment":[{"href":"https:\/\/www.bellunopress.it\/fr\/wp-json\/wp\/v2\/media?parent=162456"}],"wp:term":[{"taxonomy":"category","embeddable":true,"href":"https:\/\/www.bellunopress.it\/fr\/wp-json\/wp\/v2\/categories?post=162456"},{"taxonomy":"post_tag","embeddable":true,"href":"https:\/\/www.bellunopress.it\/fr\/wp-json\/wp\/v2\/tags?post=162456"}],"curies":[{"name":"wp","href":"https:\/\/api.w.org\/{rel}","templated":true}]}}