{"id":162425,"date":"2025-08-07T05:32:13","date_gmt":"2025-08-07T03:32:13","guid":{"rendered":"https:\/\/www.bellunopress.it\/?p=162425"},"modified":"2025-08-07T05:32:13","modified_gmt":"2025-08-07T03:32:13","slug":"focolai-di-blue-tongue-nel-bellunese-incontro-con-i-sindaci-e-con-gli-allevatori-dellalpago","status":"publish","type":"post","link":"https:\/\/www.bellunopress.it\/fr\/2025\/08\/07\/focolai-di-blue-tongue-nel-bellunese-incontro-con-i-sindaci-e-con-gli-allevatori-dellalpago\/","title":{"rendered":"Focolai di Blue Tongue nel bellunese: incontro con i sindaci e con gli allevatori dell\u2019Alpago"},"content":{"rendered":"<p><img loading=\"lazy\" decoding=\"async\" class=\"aligncenter size-full wp-image-162426\" src=\"https:\/\/www.bellunopress.it\/wp-content\/uploads\/2025\/08\/servizi-veterinari-malattia-Tongue.jpg\" alt=\"\" width=\"872\" height=\"264\" srcset=\"https:\/\/www.bellunopress.it\/wp-content\/uploads\/2025\/08\/servizi-veterinari-malattia-Tongue.jpg 872w, https:\/\/www.bellunopress.it\/wp-content\/uploads\/2025\/08\/servizi-veterinari-malattia-Tongue-500x151.jpg 500w, https:\/\/www.bellunopress.it\/wp-content\/uploads\/2025\/08\/servizi-veterinari-malattia-Tongue-696x211.jpg 696w\" sizes=\"auto, (max-width: 872px) 100vw, 872px\" \/>Puos d&#8217;Alpago, 6 agosto 2025 &#8211; Questa sera alle 18.00 nella sede del Comune di Alpago a Puos si \u00e8 tenuto un partecipato incontro, organizzato dal sindaco di Alpago Alberto Peterle, tra l\u2019Ulss, rappresentata dal commissario Dal Ben e dai dirigenti dei Servizi Veterinari impegnati sul tema, i sindaci della conca dell\u2019Alpago e gli allevatori di ovini per mettere a punto una strategia condivisa di contrasto ai focolai di Blue Tongue che da fine luglio stanno interessando il territorio.<br \/>\nL\u2019Ulss Dolomiti ha assicurato il supporto nella campagna vaccinale.<\/p>\n<p><strong>Cos\u2019\u00e8 la Blue Tongue<\/strong><br \/>\nLa Blue Tongue (BT), malattia della lingua blu o febbre catarrale ovina, \u00e8 una malattia di origine virale (Orbivirus) trasmessa quasi esclusivamente dalla puntura di insetti vettori appartenenti al genere Culicoides. Non si diffonde da animale ad animale. Colpisce i ruminanti domestici e selvatici; tra quelli domestici, l\u2019animale pi\u00f9 sensibile \u00e8 la pecora.<br \/>\nNon \u00e8 trasmissibile all\u2019uomo, n\u00e9 tramite contatto con animali infetti n\u00e9 attraverso il consumo di alimenti di origine animale (latte, carne).<\/p>\n<p><strong>Sintomi<\/strong><br \/>\n\u2022 febbre alta, inappetenza e abbattimento;<br \/>\n\u2022 lesioni alla bocca e lingua tumefatta o cianotica;<br \/>\n\u2022 colorazione bluastra di musello e labbra;<br \/>\n\u2022 gonfiore a testa, collo, palpebre, lingua;<br \/>\n\u2022 zoppia, lesioni podali e difficolt\u00e0 respiratorie;<br \/>\n\u2022 scolo mucoso o sieroso da naso e bocca.<\/p>\n<p><strong>I focolai<\/strong><br \/>\nIl 29 luglio scorso \u00e8 giunta all\u2019attenzione dei servizi veterinari dell\u2019Ulss Dolomiti una prima conferma laboratoristica di 7 focolai di Blue Tongue a carico di ovini dell\u2019Alpago e, sorprendentemente, dei due allevamenti di yak presenti nel nostro territorio.<br \/>\nAd oggi i focolai sono 14, con 70 (50 pecore e 20 yak) decessi totali.<br \/>\nIl centro di riferimento di Teramo, chiamato ad identificare il sierotipo virale responsabile dell\u2019epidemia, ha evidenziato che la malattia \u00e8 provocata dal sierotipo 8, tipologia aggressiva per la quale tuttavia \u00e8 disponibile un vaccino.<br \/>\nTra le misure preventive, sono state ad oggi disposte solo restrizioni per la movimentazione dei capi a carico degli allevamenti infetti.<\/p>\n<p><strong>L\u2019ulss Dolomiti ha costituito una unit\u00e0 di crisi specifica composta dai veterinari<\/strong><br \/>\n\u2022 Gianluigi Zanola (coordinatore)<br \/>\n\u2022 Enrico Francione<br \/>\n\u2022 Stefano Sartori<br \/>\nE ha diffuso una informativa con le indicazioni per gli allevatori disponibile anche nel sito ulss www.aulss1.veneto.it.<\/p>\n<p><strong>Le indicazioni per gli allevatori<\/strong><br \/>\nGli allevatori di ovini, caprini e bovini sono tenuti a segnalare tempestivamente ai Servizi Veterinari ogni sospetto riferibile alla malattia (vedi paragrafo sulla sintomatologia)<br \/>\nNon essendo disponibile alcuna terapia, \u00e8 cruciale prevenire l\u2019esposizione agli insetti vettori con misure igienico-sanitarie e strutturali:<\/p>\n<p>\u2022 Trattamenti repellenti sugli animali, con prodotti prescritti dal veterinario;<br \/>\n\u2022 ricovero notturno degli animali in ambienti chiusi e, se possibile, protetti da zanzariere;<br \/>\n\u2022 disinfestazione regolare degli ambienti, in particolare crepe e fessure nei muri;<br \/>\n\u2022 eliminazione di acque stagnanti per evitare lo sviluppo delle larve degli insetti vettori.<br \/>\nLe limitazioni delle movimentazioni nella zona sottoposta a restrizioni consentono comunque l&#8217;invio al macello di animali SENZA sintomi clinici, previa visita clinica favorevole.<\/p>\n<p>La malattia va considerata endemica, pertanto la misura pi\u00f9 efficace per contenere la diffusione e proteggere gli animali \u00e8 la vaccinazione.<br \/>\nL\u2019Ulss Dolomiti sta acquisendo un congruo numero di dosi di vaccino per supportare la campagna vaccinale, soprattutto a favore degli allevatori che dovessero incontrare difficolt\u00e0 nell\u2019approvvigionamento.<\/p>\n<p>\u201cAssicuriamo agli allevatori il massimo supporto\u201d commenta il commissario Dal Ben \u201csia nel confermare le diagnosi di malattie e di morte, sia nell\u2019individuazione delle misure di contenimento della trasmissione virale, sia nella campagna vaccinale. Per questa importante linea di lavoro porremo particolare impegno nell\u2019affiancare gli allevatori che trovano difficolt\u00e0 nell\u2019approvvigionamento e nella somministrazione del vaccino. Ricordo che il consumo di alimenti di origine animale come carne o latte \u00e8 sicuro\u201d<\/p>\n<p>\u201cSottolineo la tempestivit\u00e0 dell\u2019Ulss che \u00e8 venuta subito in Alpago ad incontrare i nostri allevatori, siamo molto sensibili al tema perch\u00e9 abbiamo investito molto negli ultimi vent\u2019anni sulla razza ovina alpagota. Nonostante tutto abbiamo capito, da questo incontro, che le istituzioni si sono mosse con tempestivit\u00e0. Auspichiamo, quindi, che ci possa essere una soluzione di questa problematica come gi\u00e0 avvenuto nel 2016 con sierotipo 4. Siamo disponibili a farci parte attiva per proporre un aiuto da parte della Regione o degli enti preposti sia per quanto riguarda il costo delle vaccinazioni sia per il costo dello smaltimento delle carcasse animali ed in genere dei costi connessi a questa fase epidemiologica. Per qualsiasi tipo di informazioni invito a consultare le informative e ad, eventualmente, a chiamare i numeri Ulss preposti indicati anche nel nostro sito e nelle pagine Facebook del comune\u201d commenta il sindaco Alberto Peterle<br \/>\n\u201cL\u2019incontro con gli allevatori si \u00e8 svolto in un clima collaborativo\u201d sottolinea Sara Bona, sindaco di Tambre \u201c\u00e8 stato importante avere da parte della dirigenza sanitaria le informazioni sui focolai sulle misure di profilassi e avere dall\u2019azienda la disponibilit\u00e0 ad essere vicino in particolar modo ai piccoli allevatori nella somministrazione del vaccino\u201d.<\/p>\n<p><strong>I contatti<\/strong><br \/>\nGli allevatori possono fare riferimento a:<br \/>\nPer info sulla malattia:<br \/>\nServizi Veterinari 0437 516901 veterinario@aulss1.veneto.it<br \/>\nPer info sulla campagna vaccinale:<br \/>\n0437 514343 dalle 8.00 alle 15.30 dal luned\u00ec al venerd\u00ec<\/p>","protected":false},"excerpt":{"rendered":"<p>Puos d&#8217;Alpago, 6 agosto 2025 &#8211; Questa sera alle 18.00 nella sede del Comune di Alpago a Puos si \u00e8 tenuto un partecipato incontro, organizzato dal sindaco di Alpago Alberto Peterle, tra l\u2019Ulss, rappresentata dal commissario Dal Ben e dai dirigenti dei Servizi Veterinari impegnati sul tema, i sindaci della conca dell\u2019Alpago e gli allevatori [&hellip;]<\/p>\n","protected":false},"author":2,"featured_media":162426,"comment_status":"closed","ping_status":"open","sticky":false,"template":"","format":"standard","meta":{"footnotes":""},"categories":[38,17],"tags":[],"class_list":["post-162425","post","type-post","status-publish","format-standard","has-post-thumbnail","category-natura-ambiente","category-sanita"],"yoast_head":"<!-- This site is optimized with the Yoast SEO plugin v28.4 - https:\/\/yoast.com\/product\/yoast-seo-wordpress\/ -->\n<title>Focolai di Blue Tongue nel bellunese: incontro con i sindaci e con gli allevatori dell\u2019Alpago - Bellunopress - Dolomiti<\/title>\n<meta name=\"robots\" content=\"index, follow, max-snippet:-1, max-image-preview:large, max-video-preview:-1\" \/>\n<link rel=\"canonical\" href=\"https:\/\/www.bellunopress.it\/fr\/2025\/08\/07\/focolai-di-blue-tongue-nel-bellunese-incontro-con-i-sindaci-e-con-gli-allevatori-dellalpago\/\" \/>\n<meta property=\"og:locale\" content=\"fr_FR\" \/>\n<meta property=\"og:type\" content=\"article\" \/>\n<meta property=\"og:title\" content=\"Focolai di Blue Tongue nel bellunese: incontro con i sindaci e con gli allevatori dell\u2019Alpago - Bellunopress - Dolomiti\" \/>\n<meta property=\"og:description\" content=\"Puos d&#8217;Alpago, 6 agosto 2025 &#8211; Questa sera alle 18.00 nella sede del Comune di Alpago a Puos si \u00e8 tenuto un partecipato incontro, organizzato dal sindaco di Alpago Alberto Peterle, tra l\u2019Ulss, rappresentata dal commissario Dal Ben e dai dirigenti dei Servizi Veterinari impegnati sul tema, i sindaci della conca dell\u2019Alpago e gli allevatori [&hellip;]\" \/>\n<meta property=\"og:url\" content=\"https:\/\/www.bellunopress.it\/fr\/2025\/08\/07\/focolai-di-blue-tongue-nel-bellunese-incontro-con-i-sindaci-e-con-gli-allevatori-dellalpago\/\" \/>\n<meta property=\"og:site_name\" content=\"Bellunopress - Dolomiti\" \/>\n<meta property=\"article:publisher\" content=\"https:\/\/www.facebook.com\/profile.php?id=100008943462799\" \/>\n<meta property=\"article:published_time\" content=\"2025-08-07T03:32:13+00:00\" \/>\n<meta property=\"og:image\" content=\"https:\/\/www.bellunopress.it\/wp-content\/uploads\/2025\/08\/servizi-veterinari-malattia-Tongue.jpg\" \/>\n\t<meta property=\"og:image:width\" content=\"872\" \/>\n\t<meta property=\"og:image:height\" content=\"264\" \/>\n\t<meta property=\"og:image:type\" content=\"image\/jpeg\" \/>\n<meta name=\"author\" content=\"redazione\" \/>\n<meta name=\"twitter:card\" content=\"summary_large_image\" \/>\n<meta name=\"twitter:creator\" content=\"@bellunopress\" \/>\n<meta name=\"twitter:site\" content=\"@bellunopress\" \/>\n<meta name=\"twitter:label1\" content=\"\u00c9crit par\" \/>\n\t<meta name=\"twitter:data1\" content=\"redazione\" \/>\n\t<meta name=\"twitter:label2\" content=\"Dur\u00e9e de lecture estim\u00e9e\" \/>\n\t<meta name=\"twitter:data2\" content=\"4 minutes\" \/>\n<script type=\"application\/ld+json\" class=\"yoast-schema-graph\">{\"@context\":\"https:\\\/\\\/schema.org\",\"@graph\":[{\"@type\":\"Article\",\"@id\":\"https:\\\/\\\/www.bellunopress.it\\\/2025\\\/08\\\/07\\\/focolai-di-blue-tongue-nel-bellunese-incontro-con-i-sindaci-e-con-gli-allevatori-dellalpago\\\/#article\",\"isPartOf\":{\"@id\":\"https:\\\/\\\/www.bellunopress.it\\\/2025\\\/08\\\/07\\\/focolai-di-blue-tongue-nel-bellunese-incontro-con-i-sindaci-e-con-gli-allevatori-dellalpago\\\/\"},\"author\":{\"name\":\"redazione\",\"@id\":\"https:\\\/\\\/www.bellunopress.it\\\/#\\\/schema\\\/person\\\/79bb06722b37ece1c03d3e94beb30d73\"},\"headline\":\"Focolai di Blue Tongue nel bellunese: incontro con i sindaci e con gli allevatori dell\u2019Alpago\",\"datePublished\":\"2025-08-07T03:32:13+00:00\",\"mainEntityOfPage\":{\"@id\":\"https:\\\/\\\/www.bellunopress.it\\\/2025\\\/08\\\/07\\\/focolai-di-blue-tongue-nel-bellunese-incontro-con-i-sindaci-e-con-gli-allevatori-dellalpago\\\/\"},\"wordCount\":826,\"publisher\":{\"@id\":\"https:\\\/\\\/www.bellunopress.it\\\/#organization\"},\"image\":{\"@id\":\"https:\\\/\\\/www.bellunopress.it\\\/2025\\\/08\\\/07\\\/focolai-di-blue-tongue-nel-bellunese-incontro-con-i-sindaci-e-con-gli-allevatori-dellalpago\\\/#primaryimage\"},\"thumbnailUrl\":\"https:\\\/\\\/www.bellunopress.it\\\/wp-content\\\/uploads\\\/2025\\\/08\\\/servizi-veterinari-malattia-Tongue.jpg\",\"articleSection\":[\"Meteo, natura, ambiente, animali\",\"Sanit\u00e0 Medicina\"],\"inLanguage\":\"fr-FR\"},{\"@type\":\"WebPage\",\"@id\":\"https:\\\/\\\/www.bellunopress.it\\\/2025\\\/08\\\/07\\\/focolai-di-blue-tongue-nel-bellunese-incontro-con-i-sindaci-e-con-gli-allevatori-dellalpago\\\/\",\"url\":\"https:\\\/\\\/www.bellunopress.it\\\/2025\\\/08\\\/07\\\/focolai-di-blue-tongue-nel-bellunese-incontro-con-i-sindaci-e-con-gli-allevatori-dellalpago\\\/\",\"name\":\"Focolai di Blue Tongue nel bellunese: incontro con i sindaci e con gli allevatori dell\u2019Alpago - Bellunopress - Dolomiti\",\"isPartOf\":{\"@id\":\"https:\\\/\\\/www.bellunopress.it\\\/#website\"},\"primaryImageOfPage\":{\"@id\":\"https:\\\/\\\/www.bellunopress.it\\\/2025\\\/08\\\/07\\\/focolai-di-blue-tongue-nel-bellunese-incontro-con-i-sindaci-e-con-gli-allevatori-dellalpago\\\/#primaryimage\"},\"image\":{\"@id\":\"https:\\\/\\\/www.bellunopress.it\\\/2025\\\/08\\\/07\\\/focolai-di-blue-tongue-nel-bellunese-incontro-con-i-sindaci-e-con-gli-allevatori-dellalpago\\\/#primaryimage\"},\"thumbnailUrl\":\"https:\\\/\\\/www.bellunopress.it\\\/wp-content\\\/uploads\\\/2025\\\/08\\\/servizi-veterinari-malattia-Tongue.jpg\",\"datePublished\":\"2025-08-07T03:32:13+00:00\",\"breadcrumb\":{\"@id\":\"https:\\\/\\\/www.bellunopress.it\\\/2025\\\/08\\\/07\\\/focolai-di-blue-tongue-nel-bellunese-incontro-con-i-sindaci-e-con-gli-allevatori-dellalpago\\\/#breadcrumb\"},\"inLanguage\":\"fr-FR\",\"potentialAction\":[{\"@type\":\"ReadAction\",\"target\":[\"https:\\\/\\\/www.bellunopress.it\\\/2025\\\/08\\\/07\\\/focolai-di-blue-tongue-nel-bellunese-incontro-con-i-sindaci-e-con-gli-allevatori-dellalpago\\\/\"]}]},{\"@type\":\"ImageObject\",\"inLanguage\":\"fr-FR\",\"@id\":\"https:\\\/\\\/www.bellunopress.it\\\/2025\\\/08\\\/07\\\/focolai-di-blue-tongue-nel-bellunese-incontro-con-i-sindaci-e-con-gli-allevatori-dellalpago\\\/#primaryimage\",\"url\":\"https:\\\/\\\/www.bellunopress.it\\\/wp-content\\\/uploads\\\/2025\\\/08\\\/servizi-veterinari-malattia-Tongue.jpg\",\"contentUrl\":\"https:\\\/\\\/www.bellunopress.it\\\/wp-content\\\/uploads\\\/2025\\\/08\\\/servizi-veterinari-malattia-Tongue.jpg\",\"width\":872,\"height\":264},{\"@type\":\"BreadcrumbList\",\"@id\":\"https:\\\/\\\/www.bellunopress.it\\\/2025\\\/08\\\/07\\\/focolai-di-blue-tongue-nel-bellunese-incontro-con-i-sindaci-e-con-gli-allevatori-dellalpago\\\/#breadcrumb\",\"itemListElement\":[{\"@type\":\"ListItem\",\"position\":1,\"name\":\"Home\",\"item\":\"https:\\\/\\\/www.bellunopress.it\\\/\"},{\"@type\":\"ListItem\",\"position\":2,\"name\":\"Focolai di Blue Tongue nel bellunese: incontro con i sindaci e con gli allevatori dell\u2019Alpago\"}]},{\"@type\":\"WebSite\",\"@id\":\"https:\\\/\\\/www.bellunopress.it\\\/#website\",\"url\":\"https:\\\/\\\/www.bellunopress.it\\\/\",\"name\":\"Bellunopress - Dolomiti\",\"description\":\"e-mail: redazione@bellunopress.it\",\"publisher\":{\"@id\":\"https:\\\/\\\/www.bellunopress.it\\\/#organization\"},\"potentialAction\":[{\"@type\":\"SearchAction\",\"target\":{\"@type\":\"EntryPoint\",\"urlTemplate\":\"https:\\\/\\\/www.bellunopress.it\\\/?s={search_term_string}\"},\"query-input\":{\"@type\":\"PropertyValueSpecification\",\"valueRequired\":true,\"valueName\":\"search_term_string\"}}],\"inLanguage\":\"fr-FR\"},{\"@type\":\"Organization\",\"@id\":\"https:\\\/\\\/www.bellunopress.it\\\/#organization\",\"name\":\"Bellunopress\",\"url\":\"https:\\\/\\\/www.bellunopress.it\\\/\",\"logo\":{\"@type\":\"ImageObject\",\"inLanguage\":\"fr-FR\",\"@id\":\"https:\\\/\\\/www.bellunopress.it\\\/#\\\/schema\\\/logo\\\/image\\\/\",\"url\":\"https:\\\/\\\/www.bellunopress.it\\\/wp-content\\\/uploads\\\/2011\\\/05\\\/cropped-logo-bellunopress-.jpg\",\"contentUrl\":\"https:\\\/\\\/www.bellunopress.it\\\/wp-content\\\/uploads\\\/2011\\\/05\\\/cropped-logo-bellunopress-.jpg\",\"width\":512,\"height\":512,\"caption\":\"Bellunopress\"},\"image\":{\"@id\":\"https:\\\/\\\/www.bellunopress.it\\\/#\\\/schema\\\/logo\\\/image\\\/\"},\"sameAs\":[\"https:\\\/\\\/www.facebook.com\\\/profile.php?id=100008943462799\",\"https:\\\/\\\/x.com\\\/bellunopress\",\"https:\\\/\\\/www.linkedin.com\\\/hp\\\/?dnr=JBzUWaJfMUw8vbXJJ2tVW5-I3jZKvC4wsoxE&amp;amp;amp;amp;amp;amp;trk=nav_responsive_tab_home\",\"https:\\\/\\\/www.youtube.com\\\/channel\\\/UCxL0wu1uN0_3_7hGG0306cw\"]},{\"@type\":\"Person\",\"@id\":\"https:\\\/\\\/www.bellunopress.it\\\/#\\\/schema\\\/person\\\/79bb06722b37ece1c03d3e94beb30d73\",\"name\":\"redazione\",\"image\":{\"@type\":\"ImageObject\",\"inLanguage\":\"fr-FR\",\"@id\":\"https:\\\/\\\/secure.gravatar.com\\\/avatar\\\/37d968a2e67a6fd04c169c4bdef102d0bc5d31b2546345219e348575eb80e9a0?s=96&d=mm&r=g\",\"url\":\"https:\\\/\\\/secure.gravatar.com\\\/avatar\\\/37d968a2e67a6fd04c169c4bdef102d0bc5d31b2546345219e348575eb80e9a0?s=96&d=mm&r=g\",\"contentUrl\":\"https:\\\/\\\/secure.gravatar.com\\\/avatar\\\/37d968a2e67a6fd04c169c4bdef102d0bc5d31b2546345219e348575eb80e9a0?s=96&d=mm&r=g\",\"caption\":\"redazione\"},\"sameAs\":[\"http:\\\/\\\/www.bellunopress.it\",\"https:\\\/\\\/x.com\\\/bellunopress\"],\"url\":\"https:\\\/\\\/www.bellunopress.it\\\/fr\\\/author\\\/redazione\\\/\"}]}<\/script>\n<!-- \/ Yoast SEO plugin. -->","yoast_head_json":{"title":"Focolai di Blue Tongue nel bellunese: incontro con i sindaci e con gli allevatori dell\u2019Alpago - Bellunopress - Dolomiti","robots":{"index":"index","follow":"follow","max-snippet":"max-snippet:-1","max-image-preview":"max-image-preview:large","max-video-preview":"max-video-preview:-1"},"canonical":"https:\/\/www.bellunopress.it\/fr\/2025\/08\/07\/focolai-di-blue-tongue-nel-bellunese-incontro-con-i-sindaci-e-con-gli-allevatori-dellalpago\/","og_locale":"fr_FR","og_type":"article","og_title":"Focolai di Blue Tongue nel bellunese: incontro con i sindaci e con gli allevatori dell\u2019Alpago - Bellunopress - Dolomiti","og_description":"Puos d&#8217;Alpago, 6 agosto 2025 &#8211; Questa sera alle 18.00 nella sede del Comune di Alpago a Puos si \u00e8 tenuto un partecipato incontro, organizzato dal sindaco di Alpago Alberto Peterle, tra l\u2019Ulss, rappresentata dal commissario Dal Ben e dai dirigenti dei Servizi Veterinari impegnati sul tema, i sindaci della conca dell\u2019Alpago e gli allevatori [&hellip;]","og_url":"https:\/\/www.bellunopress.it\/fr\/2025\/08\/07\/focolai-di-blue-tongue-nel-bellunese-incontro-con-i-sindaci-e-con-gli-allevatori-dellalpago\/","og_site_name":"Bellunopress - Dolomiti","article_publisher":"https:\/\/www.facebook.com\/profile.php?id=100008943462799","article_published_time":"2025-08-07T03:32:13+00:00","og_image":[{"width":872,"height":264,"url":"https:\/\/www.bellunopress.it\/wp-content\/uploads\/2025\/08\/servizi-veterinari-malattia-Tongue.jpg","type":"image\/jpeg"}],"author":"redazione","twitter_card":"summary_large_image","twitter_creator":"@bellunopress","twitter_site":"@bellunopress","twitter_misc":{"\u00c9crit par":"redazione","Dur\u00e9e de lecture estim\u00e9e":"4 minutes"},"schema":{"@context":"https:\/\/schema.org","@graph":[{"@type":"Article","@id":"https:\/\/www.bellunopress.it\/2025\/08\/07\/focolai-di-blue-tongue-nel-bellunese-incontro-con-i-sindaci-e-con-gli-allevatori-dellalpago\/#article","isPartOf":{"@id":"https:\/\/www.bellunopress.it\/2025\/08\/07\/focolai-di-blue-tongue-nel-bellunese-incontro-con-i-sindaci-e-con-gli-allevatori-dellalpago\/"},"author":{"name":"redazione","@id":"https:\/\/www.bellunopress.it\/#\/schema\/person\/79bb06722b37ece1c03d3e94beb30d73"},"headline":"Focolai di Blue Tongue nel bellunese: incontro con i sindaci e con gli allevatori dell\u2019Alpago","datePublished":"2025-08-07T03:32:13+00:00","mainEntityOfPage":{"@id":"https:\/\/www.bellunopress.it\/2025\/08\/07\/focolai-di-blue-tongue-nel-bellunese-incontro-con-i-sindaci-e-con-gli-allevatori-dellalpago\/"},"wordCount":826,"publisher":{"@id":"https:\/\/www.bellunopress.it\/#organization"},"image":{"@id":"https:\/\/www.bellunopress.it\/2025\/08\/07\/focolai-di-blue-tongue-nel-bellunese-incontro-con-i-sindaci-e-con-gli-allevatori-dellalpago\/#primaryimage"},"thumbnailUrl":"https:\/\/www.bellunopress.it\/wp-content\/uploads\/2025\/08\/servizi-veterinari-malattia-Tongue.jpg","articleSection":["Meteo, natura, ambiente, animali","Sanit\u00e0 Medicina"],"inLanguage":"fr-FR"},{"@type":"WebPage","@id":"https:\/\/www.bellunopress.it\/2025\/08\/07\/focolai-di-blue-tongue-nel-bellunese-incontro-con-i-sindaci-e-con-gli-allevatori-dellalpago\/","url":"https:\/\/www.bellunopress.it\/2025\/08\/07\/focolai-di-blue-tongue-nel-bellunese-incontro-con-i-sindaci-e-con-gli-allevatori-dellalpago\/","name":"Focolai di Blue Tongue nel bellunese: incontro con i sindaci e con gli allevatori dell\u2019Alpago - Bellunopress - Dolomiti","isPartOf":{"@id":"https:\/\/www.bellunopress.it\/#website"},"primaryImageOfPage":{"@id":"https:\/\/www.bellunopress.it\/2025\/08\/07\/focolai-di-blue-tongue-nel-bellunese-incontro-con-i-sindaci-e-con-gli-allevatori-dellalpago\/#primaryimage"},"image":{"@id":"https:\/\/www.bellunopress.it\/2025\/08\/07\/focolai-di-blue-tongue-nel-bellunese-incontro-con-i-sindaci-e-con-gli-allevatori-dellalpago\/#primaryimage"},"thumbnailUrl":"https:\/\/www.bellunopress.it\/wp-content\/uploads\/2025\/08\/servizi-veterinari-malattia-Tongue.jpg","datePublished":"2025-08-07T03:32:13+00:00","breadcrumb":{"@id":"https:\/\/www.bellunopress.it\/2025\/08\/07\/focolai-di-blue-tongue-nel-bellunese-incontro-con-i-sindaci-e-con-gli-allevatori-dellalpago\/#breadcrumb"},"inLanguage":"fr-FR","potentialAction":[{"@type":"ReadAction","target":["https:\/\/www.bellunopress.it\/2025\/08\/07\/focolai-di-blue-tongue-nel-bellunese-incontro-con-i-sindaci-e-con-gli-allevatori-dellalpago\/"]}]},{"@type":"ImageObject","inLanguage":"fr-FR","@id":"https:\/\/www.bellunopress.it\/2025\/08\/07\/focolai-di-blue-tongue-nel-bellunese-incontro-con-i-sindaci-e-con-gli-allevatori-dellalpago\/#primaryimage","url":"https:\/\/www.bellunopress.it\/wp-content\/uploads\/2025\/08\/servizi-veterinari-malattia-Tongue.jpg","contentUrl":"https:\/\/www.bellunopress.it\/wp-content\/uploads\/2025\/08\/servizi-veterinari-malattia-Tongue.jpg","width":872,"height":264},{"@type":"BreadcrumbList","@id":"https:\/\/www.bellunopress.it\/2025\/08\/07\/focolai-di-blue-tongue-nel-bellunese-incontro-con-i-sindaci-e-con-gli-allevatori-dellalpago\/#breadcrumb","itemListElement":[{"@type":"ListItem","position":1,"name":"Home","item":"https:\/\/www.bellunopress.it\/"},{"@type":"ListItem","position":2,"name":"Focolai di Blue Tongue nel bellunese: incontro con i sindaci e con gli allevatori dell\u2019Alpago"}]},{"@type":"WebSite","@id":"https:\/\/www.bellunopress.it\/#website","url":"https:\/\/www.bellunopress.it\/","name":"Bellunopress - Dolomiti","description":"e-mail: redazione@bellunopress.it","publisher":{"@id":"https:\/\/www.bellunopress.it\/#organization"},"potentialAction":[{"@type":"SearchAction","target":{"@type":"EntryPoint","urlTemplate":"https:\/\/www.bellunopress.it\/?s={search_term_string}"},"query-input":{"@type":"PropertyValueSpecification","valueRequired":true,"valueName":"search_term_string"}}],"inLanguage":"fr-FR"},{"@type":"Organization","@id":"https:\/\/www.bellunopress.it\/#organization","name":"Bellunopress","url":"https:\/\/www.bellunopress.it\/","logo":{"@type":"ImageObject","inLanguage":"fr-FR","@id":"https:\/\/www.bellunopress.it\/#\/schema\/logo\/image\/","url":"https:\/\/www.bellunopress.it\/wp-content\/uploads\/2011\/05\/cropped-logo-bellunopress-.jpg","contentUrl":"https:\/\/www.bellunopress.it\/wp-content\/uploads\/2011\/05\/cropped-logo-bellunopress-.jpg","width":512,"height":512,"caption":"Bellunopress"},"image":{"@id":"https:\/\/www.bellunopress.it\/#\/schema\/logo\/image\/"},"sameAs":["https:\/\/www.facebook.com\/profile.php?id=100008943462799","https:\/\/x.com\/bellunopress","https:\/\/www.linkedin.com\/hp\/?dnr=JBzUWaJfMUw8vbXJJ2tVW5-I3jZKvC4wsoxE&amp;amp;amp;amp;amp;amp;trk=nav_responsive_tab_home","https:\/\/www.youtube.com\/channel\/UCxL0wu1uN0_3_7hGG0306cw"]},{"@type":"Person","@id":"https:\/\/www.bellunopress.it\/#\/schema\/person\/79bb06722b37ece1c03d3e94beb30d73","name":"r\u00e9daction","image":{"@type":"ImageObject","inLanguage":"fr-FR","@id":"https:\/\/secure.gravatar.com\/avatar\/37d968a2e67a6fd04c169c4bdef102d0bc5d31b2546345219e348575eb80e9a0?s=96&d=mm&r=g","url":"https:\/\/secure.gravatar.com\/avatar\/37d968a2e67a6fd04c169c4bdef102d0bc5d31b2546345219e348575eb80e9a0?s=96&d=mm&r=g","contentUrl":"https:\/\/secure.gravatar.com\/avatar\/37d968a2e67a6fd04c169c4bdef102d0bc5d31b2546345219e348575eb80e9a0?s=96&d=mm&r=g","caption":"redazione"},"sameAs":["http:\/\/www.bellunopress.it","https:\/\/x.com\/bellunopress"],"url":"https:\/\/www.bellunopress.it\/fr\/author\/redazione\/"}]}},"_links":{"self":[{"href":"https:\/\/www.bellunopress.it\/fr\/wp-json\/wp\/v2\/posts\/162425","targetHints":{"allow":["GET"]}}],"collection":[{"href":"https:\/\/www.bellunopress.it\/fr\/wp-json\/wp\/v2\/posts"}],"about":[{"href":"https:\/\/www.bellunopress.it\/fr\/wp-json\/wp\/v2\/types\/post"}],"author":[{"embeddable":true,"href":"https:\/\/www.bellunopress.it\/fr\/wp-json\/wp\/v2\/users\/2"}],"replies":[{"embeddable":true,"href":"https:\/\/www.bellunopress.it\/fr\/wp-json\/wp\/v2\/comments?post=162425"}],"version-history":[{"count":1,"href":"https:\/\/www.bellunopress.it\/fr\/wp-json\/wp\/v2\/posts\/162425\/revisions"}],"predecessor-version":[{"id":162427,"href":"https:\/\/www.bellunopress.it\/fr\/wp-json\/wp\/v2\/posts\/162425\/revisions\/162427"}],"wp:featuredmedia":[{"embeddable":true,"href":"https:\/\/www.bellunopress.it\/fr\/wp-json\/wp\/v2\/media\/162426"}],"wp:attachment":[{"href":"https:\/\/www.bellunopress.it\/fr\/wp-json\/wp\/v2\/media?parent=162425"}],"wp:term":[{"taxonomy":"category","embeddable":true,"href":"https:\/\/www.bellunopress.it\/fr\/wp-json\/wp\/v2\/categories?post=162425"},{"taxonomy":"post_tag","embeddable":true,"href":"https:\/\/www.bellunopress.it\/fr\/wp-json\/wp\/v2\/tags?post=162425"}],"curies":[{"name":"wp","href":"https:\/\/api.w.org\/{rel}","templated":true}]}}