{"id":162371,"date":"2025-08-04T11:21:18","date_gmt":"2025-08-04T09:21:18","guid":{"rendered":"https:\/\/www.bellunopress.it\/?p=162371"},"modified":"2025-08-04T11:21:18","modified_gmt":"2025-08-04T09:21:18","slug":"agenzia-fotografica-zanfron-la-storia-raccontata-dagli-occhi-degli-artigiani","status":"publish","type":"post","link":"https:\/\/www.bellunopress.it\/fr\/2025\/08\/04\/agenzia-fotografica-zanfron-la-storia-raccontata-dagli-occhi-degli-artigiani\/","title":{"rendered":"Agenzia fotografica Zanfron. La storia raccontata dagli occhi degli artigiani"},"content":{"rendered":"<figure id=\"attachment_162372\" aria-describedby=\"caption-attachment-162372\" style=\"width: 800px\" class=\"wp-caption aligncenter\"><img loading=\"lazy\" decoding=\"async\" class=\"size-full wp-image-162372\" src=\"https:\/\/www.bellunopress.it\/wp-content\/uploads\/2025\/08\/Luca-Zanfron-Agenzia-fotografica-Zanfron-_edited.jpg\" alt=\"\" width=\"800\" height=\"533\" srcset=\"https:\/\/www.bellunopress.it\/wp-content\/uploads\/2025\/08\/Luca-Zanfron-Agenzia-fotografica-Zanfron-_edited.jpg 800w, https:\/\/www.bellunopress.it\/wp-content\/uploads\/2025\/08\/Luca-Zanfron-Agenzia-fotografica-Zanfron-_edited-500x333.jpg 500w, https:\/\/www.bellunopress.it\/wp-content\/uploads\/2025\/08\/Luca-Zanfron-Agenzia-fotografica-Zanfron-_edited-630x420.jpg 630w, https:\/\/www.bellunopress.it\/wp-content\/uploads\/2025\/08\/Luca-Zanfron-Agenzia-fotografica-Zanfron-_edited-696x464.jpg 696w\" sizes=\"auto, (max-width: 800px) 100vw, 800px\" \/><figcaption id=\"caption-attachment-162372\" class=\"wp-caption-text\">Luca Zanfron &#8211; Agenzia fotografica Zanfron<\/figcaption><\/figure>\n<p><strong>L&#8217;agenzia fotografica Zanfron, azienda storica di Appia CNA Belluno, esempio di passione e cultura artigiana<\/strong><\/p>\n<p>C&#8217;\u00e8 il Vajont, c&#8217;\u00e8 l&#8217;alluvione del &#8217;66, ci sono le visite dei grandi personaggi, dai Papi ai Presidenti della Repubblica, ma ci sono anche le feste, le cerimonie istituzionali, le occasioni ufficiali; non c&#8217;\u00e8 evento che abbia segnato la provincia di Belluno che non sia passato per le loro macchine fotografiche.<br \/>\nL&#8217;agenzia fotografica Zanfron di Belluno \u00e8 una delle novanta aziende iscritte da pi\u00f9 di cinquant&#8217;anni ad Appia CNA Belluno, una storia scritta da Giuseppe e poi raccolta da Luca.<\/p>\n<p><strong>La storia<\/strong><br \/>\nGli oltre sessant&#8217;anni di storia di \u201cFoto Zanfron\u201d percorrono due strade: quella del fotogiornalismo e quella del \u201clavoro di bottega\u201d tra cerimonie private e stampe.<br \/>\n\u00c8 una storia che nasce ancora con il bianco e nero: \u00abAll&#8217;inizio degli anni Sessanta, mio pap\u00e0 apr\u00ec la sua attivit\u00e0 in Viale Fantuzzi: in quel piccolo negozietto, sviluppava e stampava le foto, ancor prima dell&#8217;avvento del colore. L\u00ec furono sviluppati gli scatti del Vajont &#8211; spiega il titolare Luca Zanfron, 54 anni &#8211; Nel 1968 poi si \u00e8 trasferito nella sede di Via Jacopo Tasso, dove ci troviamo ancora oggi\u00bb<br \/>\nNegli anni Ottanta, Luca inizia ad affiancare pap\u00e0 \u201cBepi\u201d assieme alla sorella Sara e vede da vicino l&#8217;evoluzione del settore: il passaggio al colore, la transizione dall&#8217;analogico al digitale, l&#8217;avvento degli smartphone e dei social.<br \/>\n\u00abAvevo 15-16 anni quando ho iniziato, e mi ha subito affascinato la passione di pap\u00e0: il fotogiornalismo non prevede sabati o domeniche, la frana quando deve scendere scende, la notizia non ti aspetta. Ho preso in mano la macchina fotografica a 10 anni per gioco, poi ho passato qui le estati: non c&#8217;era l&#8217;alternanza scuola-lavoro di oggi, ma \u00e8 stata subito una grande palestra perch\u00e9 gi\u00e0 da adolescente uscivo per realizzare servizi fotogiornalistici anche \u201cpesanti\u201d per un ragazzo di quell&#8217;et\u00e0\u00bb.<br \/>\nNei quasi quarant&#8217;anni di lavoro di Luca, tante le occasioni di scattare foto a personaggi di rilievo nazionale e mondiale; su tutti, due in particolare: \u00abRicordo di aver potuto conoscere Papa Giovanni Paolo II durante le sue vacanze in Cadore, e ho avuto modo di parlare anche con Francesco Cossiga ad Auronzo di Cadore, quando era Presidente della Repubblica. Di queste esperienze, pi\u00f9 che la \u201cbella foto\u201d ti resta in mente l&#8217;opportunit\u00e0 che hai avuto grazie a questo lavoro\u00bb.<\/p>\n<p><strong>Il presente e il futuro<\/strong><br \/>\nCon la possibilit\u00e0 ormai in mano a chiunque di scattare una foto con lo smartphone, \u00e8 cambiato il ruolo del fotografo e del fotogiornalista: \u00abSiamo un po&#8217; diventati \u201cinservibili\u201d: un tempo la tua foto era esclusiva, ora ognuno scatta anche senza uno scopo, lo smartphone \u00e8 diventata un&#8217;estensione del braccio e l&#8217;immagine va subito in pasto a chiunque. Ci sono per\u00f2 aree di fotogiornalismo che ancora sopravvivono, come quelle legate agli scenari di guerra\u00bb, spiega Zanfron.<br \/>\nRestando in tema di cellulari, anche i servizi di stampa si sono adeguati ai tempi moderni: \u00abSempre pi\u00f9 spesso arrivano clienti con centinaia di foto nella galleria del telefono: la scelta di quelle da stampare la lasciamo a loro, poi le immagini possono esserci inviate via WhatsApp. Un modo veloce e comodo anche per la fascia pi\u00f9 anziana della clientela\u00bb, continua Zanfron.<br \/>\nCapitolo a parte merita l&#8217;intelligenza artificiale, che per Zanfron non ha ancora raggiunto livelli adeguati di precisione per il fotoritocco: qui si usano ancora i sistemi tradizionali \u2013 seppur sempre digitali \u2013 che, anche se richiedono pi\u00f9 tempo, garantiscono maggior naturalezza dell&#8217;immagine.<br \/>\nLa creativit\u00e0 e la mano \u2013 o meglio, l&#8217;occhio \u2013 dell&#8217;artigiano in questo mestiere rivestono ancora un ruolo fondamentale: \u00abUn tempo servivano grandi investimenti per iniziare questo percorso; &#8211; ricorda Zanfron \u2013 oggi l&#8217;evoluzione tecnologica ha portato la strumentazione (almeno quella di ingresso) alla portata di tutti, e la fantasia \u00e8 il valore aggiunto dei giovani; basta guardare alcuni dei loro scatti sui social. C&#8217;\u00e8 poi comunque ancora una fascia di giovani che si cimenta nell&#8217;uso delle macchine reflex, anche con le pellicole 135\u00bb.<br \/>\n\u00abQuesto poi \u00e8 un lavoro che non ti vede chiuso in ufficio e che ti permette di conoscere molte persone, di socializzare e di costruire nuovi rapporti. &#8211; ricorda Luca &#8211; In azienda in tutti questi anni ci sono stati validi collaboratori che hanno prestato il loro impegno in maniera esemplare\u00bb.<\/p>\n<p><strong>Il rapporto con Appia CNA Belluno<\/strong><br \/>\nUn rapporto, quello tra l&#8217;agenzia fotografica Zanfron e Appia CNA Belluno, che \u2013 come detto \u2013 conta pi\u00f9 di sessant&#8217;anni di amicizia e di collaborazione: \u00abSiamo sempre stati un&#8217;azienda medio-piccola e il rapporto sia professionale che di fiducia verso l&#8217;associazione \u00e8 sempre stato saldo. &#8211; commenta Luca, che negli anni \u00e8 stato anche presidente di mestiere Fotografia e video e membro del Consiglio d&#8217;Amministrazione \u2013 Pap\u00e0 ha sempre avuto un ottimo rapporto con l&#8217;associazione, essendo anche testimone diretto della sua evoluzione e con la conoscenza diretta dei presidenti e dei direttori che si sono succeduti. Personalmente, ne ho potuto apprezzare l&#8217;importanza in termini di gestione e comunicazione: per me, Appia \u00e8 quella realt\u00e0 che so che posso contattare quando ho un problema e so che ottengo subito una risposta. Penso alla gestione dei dipendenti, tra assunzioni e buste paga, ma anche per esempio al problema del passato relativo allo smaltimento dei rifiuti speciali per lo sviluppo delle foto; in questo caso le direttive cambiavano molto spesso e Appia CNA Belluno ci ha sempre tenuti aggiornati sulle novit\u00e0 normative\u00bb.<\/p>","protected":false},"excerpt":{"rendered":"<p>L&#8217;agenzia fotografica Zanfron, azienda storica di Appia CNA Belluno, esempio di passione e cultura artigiana C&#8217;\u00e8 il Vajont, c&#8217;\u00e8 l&#8217;alluvione del &#8217;66, ci sono le visite dei grandi personaggi, dai Papi ai Presidenti della Repubblica, ma ci sono anche le feste, le cerimonie istituzionali, le occasioni ufficiali; non c&#8217;\u00e8 evento che abbia segnato la provincia [&hellip;]<\/p>\n","protected":false},"author":2,"featured_media":162372,"comment_status":"closed","ping_status":"open","sticky":false,"template":"","format":"standard","meta":{"footnotes":""},"categories":[36,26],"tags":[],"class_list":["post-162371","post","type-post","status-publish","format-standard","has-post-thumbnail","category-lavoro-economia","category-prima-pagina"],"yoast_head":"<!-- This site is optimized with the Yoast SEO plugin v28.4 - https:\/\/yoast.com\/product\/yoast-seo-wordpress\/ -->\n<title>Agenzia fotografica Zanfron. La storia raccontata dagli occhi degli artigiani - Bellunopress - Dolomiti<\/title>\n<meta name=\"robots\" content=\"index, follow, max-snippet:-1, max-image-preview:large, max-video-preview:-1\" \/>\n<link rel=\"canonical\" href=\"https:\/\/www.bellunopress.it\/fr\/2025\/08\/04\/agenzia-fotografica-zanfron-la-storia-raccontata-dagli-occhi-degli-artigiani\/\" \/>\n<meta property=\"og:locale\" content=\"fr_FR\" \/>\n<meta property=\"og:type\" content=\"article\" \/>\n<meta property=\"og:title\" content=\"Agenzia fotografica Zanfron. La storia raccontata dagli occhi degli artigiani - Bellunopress - Dolomiti\" \/>\n<meta property=\"og:description\" content=\"L&#8217;agenzia fotografica Zanfron, azienda storica di Appia CNA Belluno, esempio di passione e cultura artigiana C&#8217;\u00e8 il Vajont, c&#8217;\u00e8 l&#8217;alluvione del &#8217;66, ci sono le visite dei grandi personaggi, dai Papi ai Presidenti della Repubblica, ma ci sono anche le feste, le cerimonie istituzionali, le occasioni ufficiali; non c&#8217;\u00e8 evento che abbia segnato la provincia [&hellip;]\" \/>\n<meta property=\"og:url\" content=\"https:\/\/www.bellunopress.it\/fr\/2025\/08\/04\/agenzia-fotografica-zanfron-la-storia-raccontata-dagli-occhi-degli-artigiani\/\" \/>\n<meta property=\"og:site_name\" content=\"Bellunopress - Dolomiti\" \/>\n<meta property=\"article:publisher\" content=\"https:\/\/www.facebook.com\/profile.php?id=100008943462799\" \/>\n<meta property=\"article:published_time\" content=\"2025-08-04T09:21:18+00:00\" \/>\n<meta property=\"og:image\" content=\"https:\/\/www.bellunopress.it\/wp-content\/uploads\/2025\/08\/Luca-Zanfron-Agenzia-fotografica-Zanfron-_edited.jpg\" \/>\n\t<meta property=\"og:image:width\" content=\"800\" \/>\n\t<meta property=\"og:image:height\" content=\"533\" \/>\n\t<meta property=\"og:image:type\" content=\"image\/jpeg\" \/>\n<meta name=\"author\" content=\"redazione\" \/>\n<meta name=\"twitter:card\" content=\"summary_large_image\" \/>\n<meta name=\"twitter:creator\" content=\"@bellunopress\" \/>\n<meta name=\"twitter:site\" content=\"@bellunopress\" \/>\n<meta name=\"twitter:label1\" content=\"\u00c9crit par\" \/>\n\t<meta name=\"twitter:data1\" content=\"redazione\" \/>\n\t<meta name=\"twitter:label2\" content=\"Dur\u00e9e de lecture estim\u00e9e\" \/>\n\t<meta name=\"twitter:data2\" content=\"4 minutes\" \/>\n<script type=\"application\/ld+json\" class=\"yoast-schema-graph\">{\"@context\":\"https:\\\/\\\/schema.org\",\"@graph\":[{\"@type\":\"Article\",\"@id\":\"https:\\\/\\\/www.bellunopress.it\\\/2025\\\/08\\\/04\\\/agenzia-fotografica-zanfron-la-storia-raccontata-dagli-occhi-degli-artigiani\\\/#article\",\"isPartOf\":{\"@id\":\"https:\\\/\\\/www.bellunopress.it\\\/2025\\\/08\\\/04\\\/agenzia-fotografica-zanfron-la-storia-raccontata-dagli-occhi-degli-artigiani\\\/\"},\"author\":{\"name\":\"redazione\",\"@id\":\"https:\\\/\\\/www.bellunopress.it\\\/#\\\/schema\\\/person\\\/79bb06722b37ece1c03d3e94beb30d73\"},\"headline\":\"Agenzia fotografica Zanfron. La storia raccontata dagli occhi degli artigiani\",\"datePublished\":\"2025-08-04T09:21:18+00:00\",\"mainEntityOfPage\":{\"@id\":\"https:\\\/\\\/www.bellunopress.it\\\/2025\\\/08\\\/04\\\/agenzia-fotografica-zanfron-la-storia-raccontata-dagli-occhi-degli-artigiani\\\/\"},\"wordCount\":920,\"publisher\":{\"@id\":\"https:\\\/\\\/www.bellunopress.it\\\/#organization\"},\"image\":{\"@id\":\"https:\\\/\\\/www.bellunopress.it\\\/2025\\\/08\\\/04\\\/agenzia-fotografica-zanfron-la-storia-raccontata-dagli-occhi-degli-artigiani\\\/#primaryimage\"},\"thumbnailUrl\":\"https:\\\/\\\/www.bellunopress.it\\\/wp-content\\\/uploads\\\/2025\\\/08\\\/Luca-Zanfron-Agenzia-fotografica-Zanfron-_edited.jpg\",\"articleSection\":[\"Lavoro, Economia, Turismo\",\"Prima Pagina\"],\"inLanguage\":\"fr-FR\"},{\"@type\":\"WebPage\",\"@id\":\"https:\\\/\\\/www.bellunopress.it\\\/2025\\\/08\\\/04\\\/agenzia-fotografica-zanfron-la-storia-raccontata-dagli-occhi-degli-artigiani\\\/\",\"url\":\"https:\\\/\\\/www.bellunopress.it\\\/2025\\\/08\\\/04\\\/agenzia-fotografica-zanfron-la-storia-raccontata-dagli-occhi-degli-artigiani\\\/\",\"name\":\"Agenzia fotografica Zanfron. La storia raccontata dagli occhi degli artigiani - Bellunopress - Dolomiti\",\"isPartOf\":{\"@id\":\"https:\\\/\\\/www.bellunopress.it\\\/#website\"},\"primaryImageOfPage\":{\"@id\":\"https:\\\/\\\/www.bellunopress.it\\\/2025\\\/08\\\/04\\\/agenzia-fotografica-zanfron-la-storia-raccontata-dagli-occhi-degli-artigiani\\\/#primaryimage\"},\"image\":{\"@id\":\"https:\\\/\\\/www.bellunopress.it\\\/2025\\\/08\\\/04\\\/agenzia-fotografica-zanfron-la-storia-raccontata-dagli-occhi-degli-artigiani\\\/#primaryimage\"},\"thumbnailUrl\":\"https:\\\/\\\/www.bellunopress.it\\\/wp-content\\\/uploads\\\/2025\\\/08\\\/Luca-Zanfron-Agenzia-fotografica-Zanfron-_edited.jpg\",\"datePublished\":\"2025-08-04T09:21:18+00:00\",\"breadcrumb\":{\"@id\":\"https:\\\/\\\/www.bellunopress.it\\\/2025\\\/08\\\/04\\\/agenzia-fotografica-zanfron-la-storia-raccontata-dagli-occhi-degli-artigiani\\\/#breadcrumb\"},\"inLanguage\":\"fr-FR\",\"potentialAction\":[{\"@type\":\"ReadAction\",\"target\":[\"https:\\\/\\\/www.bellunopress.it\\\/2025\\\/08\\\/04\\\/agenzia-fotografica-zanfron-la-storia-raccontata-dagli-occhi-degli-artigiani\\\/\"]}]},{\"@type\":\"ImageObject\",\"inLanguage\":\"fr-FR\",\"@id\":\"https:\\\/\\\/www.bellunopress.it\\\/2025\\\/08\\\/04\\\/agenzia-fotografica-zanfron-la-storia-raccontata-dagli-occhi-degli-artigiani\\\/#primaryimage\",\"url\":\"https:\\\/\\\/www.bellunopress.it\\\/wp-content\\\/uploads\\\/2025\\\/08\\\/Luca-Zanfron-Agenzia-fotografica-Zanfron-_edited.jpg\",\"contentUrl\":\"https:\\\/\\\/www.bellunopress.it\\\/wp-content\\\/uploads\\\/2025\\\/08\\\/Luca-Zanfron-Agenzia-fotografica-Zanfron-_edited.jpg\",\"width\":800,\"height\":533,\"caption\":\"Luca Zanfron - Agenzia fotografica Zanfron\"},{\"@type\":\"BreadcrumbList\",\"@id\":\"https:\\\/\\\/www.bellunopress.it\\\/2025\\\/08\\\/04\\\/agenzia-fotografica-zanfron-la-storia-raccontata-dagli-occhi-degli-artigiani\\\/#breadcrumb\",\"itemListElement\":[{\"@type\":\"ListItem\",\"position\":1,\"name\":\"Home\",\"item\":\"https:\\\/\\\/www.bellunopress.it\\\/\"},{\"@type\":\"ListItem\",\"position\":2,\"name\":\"Agenzia fotografica Zanfron. La storia raccontata dagli occhi degli artigiani\"}]},{\"@type\":\"WebSite\",\"@id\":\"https:\\\/\\\/www.bellunopress.it\\\/#website\",\"url\":\"https:\\\/\\\/www.bellunopress.it\\\/\",\"name\":\"Bellunopress - Dolomiti\",\"description\":\"e-mail: redazione@bellunopress.it\",\"publisher\":{\"@id\":\"https:\\\/\\\/www.bellunopress.it\\\/#organization\"},\"potentialAction\":[{\"@type\":\"SearchAction\",\"target\":{\"@type\":\"EntryPoint\",\"urlTemplate\":\"https:\\\/\\\/www.bellunopress.it\\\/?s={search_term_string}\"},\"query-input\":{\"@type\":\"PropertyValueSpecification\",\"valueRequired\":true,\"valueName\":\"search_term_string\"}}],\"inLanguage\":\"fr-FR\"},{\"@type\":\"Organization\",\"@id\":\"https:\\\/\\\/www.bellunopress.it\\\/#organization\",\"name\":\"Bellunopress\",\"url\":\"https:\\\/\\\/www.bellunopress.it\\\/\",\"logo\":{\"@type\":\"ImageObject\",\"inLanguage\":\"fr-FR\",\"@id\":\"https:\\\/\\\/www.bellunopress.it\\\/#\\\/schema\\\/logo\\\/image\\\/\",\"url\":\"https:\\\/\\\/www.bellunopress.it\\\/wp-content\\\/uploads\\\/2011\\\/05\\\/cropped-logo-bellunopress-.jpg\",\"contentUrl\":\"https:\\\/\\\/www.bellunopress.it\\\/wp-content\\\/uploads\\\/2011\\\/05\\\/cropped-logo-bellunopress-.jpg\",\"width\":512,\"height\":512,\"caption\":\"Bellunopress\"},\"image\":{\"@id\":\"https:\\\/\\\/www.bellunopress.it\\\/#\\\/schema\\\/logo\\\/image\\\/\"},\"sameAs\":[\"https:\\\/\\\/www.facebook.com\\\/profile.php?id=100008943462799\",\"https:\\\/\\\/x.com\\\/bellunopress\",\"https:\\\/\\\/www.linkedin.com\\\/hp\\\/?dnr=JBzUWaJfMUw8vbXJJ2tVW5-I3jZKvC4wsoxE&amp;amp;amp;amp;amp;amp;trk=nav_responsive_tab_home\",\"https:\\\/\\\/www.youtube.com\\\/channel\\\/UCxL0wu1uN0_3_7hGG0306cw\"]},{\"@type\":\"Person\",\"@id\":\"https:\\\/\\\/www.bellunopress.it\\\/#\\\/schema\\\/person\\\/79bb06722b37ece1c03d3e94beb30d73\",\"name\":\"redazione\",\"image\":{\"@type\":\"ImageObject\",\"inLanguage\":\"fr-FR\",\"@id\":\"https:\\\/\\\/secure.gravatar.com\\\/avatar\\\/37d968a2e67a6fd04c169c4bdef102d0bc5d31b2546345219e348575eb80e9a0?s=96&d=mm&r=g\",\"url\":\"https:\\\/\\\/secure.gravatar.com\\\/avatar\\\/37d968a2e67a6fd04c169c4bdef102d0bc5d31b2546345219e348575eb80e9a0?s=96&d=mm&r=g\",\"contentUrl\":\"https:\\\/\\\/secure.gravatar.com\\\/avatar\\\/37d968a2e67a6fd04c169c4bdef102d0bc5d31b2546345219e348575eb80e9a0?s=96&d=mm&r=g\",\"caption\":\"redazione\"},\"sameAs\":[\"http:\\\/\\\/www.bellunopress.it\",\"https:\\\/\\\/x.com\\\/bellunopress\"],\"url\":\"https:\\\/\\\/www.bellunopress.it\\\/fr\\\/author\\\/redazione\\\/\"}]}<\/script>\n<!-- \/ Yoast SEO plugin. -->","yoast_head_json":{"title":"Agenzia fotografica Zanfron. La storia raccontata dagli occhi degli artigiani - Bellunopress - Dolomiti","robots":{"index":"index","follow":"follow","max-snippet":"max-snippet:-1","max-image-preview":"max-image-preview:large","max-video-preview":"max-video-preview:-1"},"canonical":"https:\/\/www.bellunopress.it\/fr\/2025\/08\/04\/agenzia-fotografica-zanfron-la-storia-raccontata-dagli-occhi-degli-artigiani\/","og_locale":"fr_FR","og_type":"article","og_title":"Agenzia fotografica Zanfron. La storia raccontata dagli occhi degli artigiani - Bellunopress - Dolomiti","og_description":"L&#8217;agenzia fotografica Zanfron, azienda storica di Appia CNA Belluno, esempio di passione e cultura artigiana C&#8217;\u00e8 il Vajont, c&#8217;\u00e8 l&#8217;alluvione del &#8217;66, ci sono le visite dei grandi personaggi, dai Papi ai Presidenti della Repubblica, ma ci sono anche le feste, le cerimonie istituzionali, le occasioni ufficiali; non c&#8217;\u00e8 evento che abbia segnato la provincia [&hellip;]","og_url":"https:\/\/www.bellunopress.it\/fr\/2025\/08\/04\/agenzia-fotografica-zanfron-la-storia-raccontata-dagli-occhi-degli-artigiani\/","og_site_name":"Bellunopress - Dolomiti","article_publisher":"https:\/\/www.facebook.com\/profile.php?id=100008943462799","article_published_time":"2025-08-04T09:21:18+00:00","og_image":[{"width":800,"height":533,"url":"https:\/\/www.bellunopress.it\/wp-content\/uploads\/2025\/08\/Luca-Zanfron-Agenzia-fotografica-Zanfron-_edited.jpg","type":"image\/jpeg"}],"author":"redazione","twitter_card":"summary_large_image","twitter_creator":"@bellunopress","twitter_site":"@bellunopress","twitter_misc":{"\u00c9crit par":"redazione","Dur\u00e9e de lecture estim\u00e9e":"4 minutes"},"schema":{"@context":"https:\/\/schema.org","@graph":[{"@type":"Article","@id":"https:\/\/www.bellunopress.it\/2025\/08\/04\/agenzia-fotografica-zanfron-la-storia-raccontata-dagli-occhi-degli-artigiani\/#article","isPartOf":{"@id":"https:\/\/www.bellunopress.it\/2025\/08\/04\/agenzia-fotografica-zanfron-la-storia-raccontata-dagli-occhi-degli-artigiani\/"},"author":{"name":"redazione","@id":"https:\/\/www.bellunopress.it\/#\/schema\/person\/79bb06722b37ece1c03d3e94beb30d73"},"headline":"Agenzia fotografica Zanfron. La storia raccontata dagli occhi degli artigiani","datePublished":"2025-08-04T09:21:18+00:00","mainEntityOfPage":{"@id":"https:\/\/www.bellunopress.it\/2025\/08\/04\/agenzia-fotografica-zanfron-la-storia-raccontata-dagli-occhi-degli-artigiani\/"},"wordCount":920,"publisher":{"@id":"https:\/\/www.bellunopress.it\/#organization"},"image":{"@id":"https:\/\/www.bellunopress.it\/2025\/08\/04\/agenzia-fotografica-zanfron-la-storia-raccontata-dagli-occhi-degli-artigiani\/#primaryimage"},"thumbnailUrl":"https:\/\/www.bellunopress.it\/wp-content\/uploads\/2025\/08\/Luca-Zanfron-Agenzia-fotografica-Zanfron-_edited.jpg","articleSection":["Lavoro, Economia, Turismo","Prima Pagina"],"inLanguage":"fr-FR"},{"@type":"WebPage","@id":"https:\/\/www.bellunopress.it\/2025\/08\/04\/agenzia-fotografica-zanfron-la-storia-raccontata-dagli-occhi-degli-artigiani\/","url":"https:\/\/www.bellunopress.it\/2025\/08\/04\/agenzia-fotografica-zanfron-la-storia-raccontata-dagli-occhi-degli-artigiani\/","name":"Agenzia fotografica Zanfron. La storia raccontata dagli occhi degli artigiani - Bellunopress - Dolomiti","isPartOf":{"@id":"https:\/\/www.bellunopress.it\/#website"},"primaryImageOfPage":{"@id":"https:\/\/www.bellunopress.it\/2025\/08\/04\/agenzia-fotografica-zanfron-la-storia-raccontata-dagli-occhi-degli-artigiani\/#primaryimage"},"image":{"@id":"https:\/\/www.bellunopress.it\/2025\/08\/04\/agenzia-fotografica-zanfron-la-storia-raccontata-dagli-occhi-degli-artigiani\/#primaryimage"},"thumbnailUrl":"https:\/\/www.bellunopress.it\/wp-content\/uploads\/2025\/08\/Luca-Zanfron-Agenzia-fotografica-Zanfron-_edited.jpg","datePublished":"2025-08-04T09:21:18+00:00","breadcrumb":{"@id":"https:\/\/www.bellunopress.it\/2025\/08\/04\/agenzia-fotografica-zanfron-la-storia-raccontata-dagli-occhi-degli-artigiani\/#breadcrumb"},"inLanguage":"fr-FR","potentialAction":[{"@type":"ReadAction","target":["https:\/\/www.bellunopress.it\/2025\/08\/04\/agenzia-fotografica-zanfron-la-storia-raccontata-dagli-occhi-degli-artigiani\/"]}]},{"@type":"ImageObject","inLanguage":"fr-FR","@id":"https:\/\/www.bellunopress.it\/2025\/08\/04\/agenzia-fotografica-zanfron-la-storia-raccontata-dagli-occhi-degli-artigiani\/#primaryimage","url":"https:\/\/www.bellunopress.it\/wp-content\/uploads\/2025\/08\/Luca-Zanfron-Agenzia-fotografica-Zanfron-_edited.jpg","contentUrl":"https:\/\/www.bellunopress.it\/wp-content\/uploads\/2025\/08\/Luca-Zanfron-Agenzia-fotografica-Zanfron-_edited.jpg","width":800,"height":533,"caption":"Luca Zanfron - Agenzia fotografica Zanfron"},{"@type":"BreadcrumbList","@id":"https:\/\/www.bellunopress.it\/2025\/08\/04\/agenzia-fotografica-zanfron-la-storia-raccontata-dagli-occhi-degli-artigiani\/#breadcrumb","itemListElement":[{"@type":"ListItem","position":1,"name":"Home","item":"https:\/\/www.bellunopress.it\/"},{"@type":"ListItem","position":2,"name":"Agenzia fotografica Zanfron. La storia raccontata dagli occhi degli artigiani"}]},{"@type":"WebSite","@id":"https:\/\/www.bellunopress.it\/#website","url":"https:\/\/www.bellunopress.it\/","name":"Bellunopress - Dolomiti","description":"e-mail: redazione@bellunopress.it","publisher":{"@id":"https:\/\/www.bellunopress.it\/#organization"},"potentialAction":[{"@type":"SearchAction","target":{"@type":"EntryPoint","urlTemplate":"https:\/\/www.bellunopress.it\/?s={search_term_string}"},"query-input":{"@type":"PropertyValueSpecification","valueRequired":true,"valueName":"search_term_string"}}],"inLanguage":"fr-FR"},{"@type":"Organization","@id":"https:\/\/www.bellunopress.it\/#organization","name":"Bellunopress","url":"https:\/\/www.bellunopress.it\/","logo":{"@type":"ImageObject","inLanguage":"fr-FR","@id":"https:\/\/www.bellunopress.it\/#\/schema\/logo\/image\/","url":"https:\/\/www.bellunopress.it\/wp-content\/uploads\/2011\/05\/cropped-logo-bellunopress-.jpg","contentUrl":"https:\/\/www.bellunopress.it\/wp-content\/uploads\/2011\/05\/cropped-logo-bellunopress-.jpg","width":512,"height":512,"caption":"Bellunopress"},"image":{"@id":"https:\/\/www.bellunopress.it\/#\/schema\/logo\/image\/"},"sameAs":["https:\/\/www.facebook.com\/profile.php?id=100008943462799","https:\/\/x.com\/bellunopress","https:\/\/www.linkedin.com\/hp\/?dnr=JBzUWaJfMUw8vbXJJ2tVW5-I3jZKvC4wsoxE&amp;amp;amp;amp;amp;amp;trk=nav_responsive_tab_home","https:\/\/www.youtube.com\/channel\/UCxL0wu1uN0_3_7hGG0306cw"]},{"@type":"Person","@id":"https:\/\/www.bellunopress.it\/#\/schema\/person\/79bb06722b37ece1c03d3e94beb30d73","name":"r\u00e9daction","image":{"@type":"ImageObject","inLanguage":"fr-FR","@id":"https:\/\/secure.gravatar.com\/avatar\/37d968a2e67a6fd04c169c4bdef102d0bc5d31b2546345219e348575eb80e9a0?s=96&d=mm&r=g","url":"https:\/\/secure.gravatar.com\/avatar\/37d968a2e67a6fd04c169c4bdef102d0bc5d31b2546345219e348575eb80e9a0?s=96&d=mm&r=g","contentUrl":"https:\/\/secure.gravatar.com\/avatar\/37d968a2e67a6fd04c169c4bdef102d0bc5d31b2546345219e348575eb80e9a0?s=96&d=mm&r=g","caption":"redazione"},"sameAs":["http:\/\/www.bellunopress.it","https:\/\/x.com\/bellunopress"],"url":"https:\/\/www.bellunopress.it\/fr\/author\/redazione\/"}]}},"_links":{"self":[{"href":"https:\/\/www.bellunopress.it\/fr\/wp-json\/wp\/v2\/posts\/162371","targetHints":{"allow":["GET"]}}],"collection":[{"href":"https:\/\/www.bellunopress.it\/fr\/wp-json\/wp\/v2\/posts"}],"about":[{"href":"https:\/\/www.bellunopress.it\/fr\/wp-json\/wp\/v2\/types\/post"}],"author":[{"embeddable":true,"href":"https:\/\/www.bellunopress.it\/fr\/wp-json\/wp\/v2\/users\/2"}],"replies":[{"embeddable":true,"href":"https:\/\/www.bellunopress.it\/fr\/wp-json\/wp\/v2\/comments?post=162371"}],"version-history":[{"count":1,"href":"https:\/\/www.bellunopress.it\/fr\/wp-json\/wp\/v2\/posts\/162371\/revisions"}],"predecessor-version":[{"id":162373,"href":"https:\/\/www.bellunopress.it\/fr\/wp-json\/wp\/v2\/posts\/162371\/revisions\/162373"}],"wp:featuredmedia":[{"embeddable":true,"href":"https:\/\/www.bellunopress.it\/fr\/wp-json\/wp\/v2\/media\/162372"}],"wp:attachment":[{"href":"https:\/\/www.bellunopress.it\/fr\/wp-json\/wp\/v2\/media?parent=162371"}],"wp:term":[{"taxonomy":"category","embeddable":true,"href":"https:\/\/www.bellunopress.it\/fr\/wp-json\/wp\/v2\/categories?post=162371"},{"taxonomy":"post_tag","embeddable":true,"href":"https:\/\/www.bellunopress.it\/fr\/wp-json\/wp\/v2\/tags?post=162371"}],"curies":[{"name":"wp","href":"https:\/\/api.w.org\/{rel}","templated":true}]}}